{"id":7294,"date":"2021-03-29T19:19:00","date_gmt":"2021-03-29T22:19:00","guid":{"rendered":"https:\/\/fadeu.urantiacos.cl\/?p=7294"},"modified":"2023-09-08T19:21:26","modified_gmt":"2023-09-08T22:21:26","slug":"profesor-kay-bergamini-dirigira-proyecto-fondef-sobre-informacion-publica-de-gestion-ambiental","status":"publish","type":"post","link":"https:\/\/fadeu.urantiacos.cl\/en\/2021\/03\/29\/profesor-kay-bergamini-dirigira-proyecto-fondef-sobre-informacion-publica-de-gestion-ambiental\/","title":{"rendered":"Profesor Kay Bergamini dirigir\u00e1 proyecto FONDEF sobre informaci\u00f3n p\u00fablica de gesti\u00f3n ambiental"},"content":{"rendered":"\n<figure class=\"wp-block-image size-full\"><img decoding=\"async\" width=\"350\" height=\"250\" src=\"https:\/\/fadeu.urantiacos.cl\/wp-content\/uploads\/2023\/09\/IEUT_MARZO2021.jpeg\" alt=\"\" class=\"wp-image-7296\" srcset=\"https:\/\/fadeu.urantiacos.cl\/wp-content\/uploads\/2023\/09\/IEUT_MARZO2021.jpeg 350w, https:\/\/fadeu.urantiacos.cl\/wp-content\/uploads\/2023\/09\/IEUT_MARZO2021-300x214.jpeg 300w\" sizes=\"(max-width: 350px) 100vw, 350px\" \/><\/figure>\n\n\n\n<p>El proyecto, inform\u00f3 Bergamini, consiste en \u201cel dise\u00f1o de un sistema de acceso a informaci\u00f3n p\u00fablica de gesti\u00f3n ambiental, capaz de extraer e integrar informaci\u00f3n disponible en diferentes servicios p\u00fablicos, para proporcionar indicadores, que se definir\u00e1n en el marco de la investigaci\u00f3n del proyecto, siendo capaz de llegar a distintos tipos de usuarios (sociedad civil, agentes p\u00fablicos y agentes privados), con el foco puesto en las problem\u00e1ticas relativas a la industria de la miner\u00eda en las regiones de Valpara\u00edso y Metropolitana\u201d.<\/p>\n\n\n\n<p>La zona central del pa\u00eds presenta una fuerte competencia por el territorio -se advierte en el diagn\u00f3stico inicial del equipo investigador- dado que concentra la mayor poblaci\u00f3n del pa\u00eds, desarrolla vocaciones productivas como la agricultura, la vitivinicultura y cuenta con recursos limitados de energ\u00eda y agua y, a su vez, presenta un importante potencial minero para ser desarrollado en un futuro (Valor minero, 2017). Lo anterior, sit\u00faa un escenario complejo y un importante desaf\u00edo.<\/p>\n\n\n\n<p>Por una parte, la miner\u00eda, al ser una actividad cuyos proyectos se desarrollan esencialmente en el mediano y largo plazo, necesita anticipar desde ya las oportunidades, riesgos, incertidumbres y desarrollos que podr\u00edan afectarla (Valor minero, 2017) y simult\u00e1neamente, se requiere inherentemente para su desarrollo sustentable, la construcci\u00f3n de confianza de la sociedad hacia el gobierno (responsabilidad, fiabilidad, transparencia, proceso legal, \u00e9tica y fiscalizaci\u00f3n), y la relaci\u00f3n con la industria en los procesos de toma de decisiones (Valor minero, 2017).&nbsp;<\/p>\n\n\n\n<p>\u201cLa soluci\u00f3n por desarrollar cuenta como primer elemento un servidor, que se alojar\u00e1 en la Universidad Cat\u00f3lica, programado para capturar informaci\u00f3n p\u00fablica ambiental desde p\u00e1ginas web de servicios p\u00fablicos (espec\u00edficamente del Ministerio del Medio Ambiente, Servicio de Evaluaci\u00f3n Ambiental, Superintendencia del Medio Ambiente y Tribunales Ambientales), y que se llevar\u00e1 a cabo a trav\u00e9s de web services\u201d, Sostuvo Bergamini.&nbsp;<\/p>\n\n\n\n<p><strong>Nuevas aplicaciones y sistemas de integraci\u00f3n inform\u00e1tico<\/strong><\/p>\n\n\n\n<p>Desde el equipo a cargo del proyecto informaron que se desarrollar\u00e1 una aplicaci\u00f3n que permita la consulta de informaci\u00f3n contenida en la base de datos a trav\u00e9s del acceso seg\u00fan tipos de usuarios. En este contexto, si bien la informaci\u00f3n o indicadores a entregar ser\u00e1n los mismos, la visualizaci\u00f3n y conceptualizaci\u00f3n estar\u00e1 dise\u00f1ada de forma que pueda ser comprensible por cada uno de ellos, debido a que ser\u00e1 co-creada, testada y validada con los usuarios basados en la metodolog\u00eda de dise\u00f1o de servicios p\u00fablicos.<\/p>\n\n\n\n<p>En t\u00e9rminos generales, una de las ventajas del sistema es que integra informaci\u00f3n ambiental, para luego generar indicadores y una visualizaci\u00f3n de datos seg\u00fan usuarios versus la situaci\u00f3n actual donde \u00e9sta se encuentra desagregada y compartimentada en distintas plataformas web de servicios p\u00fablicos y se entrega sin \u00e9nfasis en la comprensi\u00f3n de \u00e9sta.<\/p>\n\n\n\n<p>Las entidades asociadas vinculadas a la postulaci\u00f3n se seleccionaron desde la perspectiva de la difusi\u00f3n y los usuarios a los que se busca llegar con la soluci\u00f3n propuesta. En ese contexto se considera desde la perspectiva de usuarios ciudadanos a Fundaci\u00f3n Casa de la Paz; en relaci\u00f3n a los usuarios agentes p\u00fablicos al Ministerio del Medio Ambiente y el Ministerio de Miner\u00eda; y en el caso de los agentes privados se considera a la Fundaci\u00f3n Tecnol\u00f3gica para la Miner\u00eda de la Sociedad Nacional de Miner\u00eda F.G. (SONAMI) y se incorpora el Environmental Law Institute (ELI) como referente internacional para difusi\u00f3n de los resultados del proyecto.<\/p>\n\n\n\n<p>El proyecto tendr\u00e1 una duraci\u00f3n de 24 meses (dos a\u00f1os) a partir de abril de 2021, y considera un costo de 320 millones de pesos aproximados de los cuales FONDEF aporta 200 millones y el resto son valorizaciones de las entidades asociadas y la UC.<\/p>\n\n\n\n<p><strong>Directores y equipo de proyecto<\/strong><\/p>\n\n\n\n<p>Kay Bergamini, Director de Proyecto: El Dr. Bergamini es Ge\u00f3grafo de la PUC y Doctor en gesti\u00f3n ambiental, paisaje y geograf\u00eda de la Universidad de Barcelona. Durante m\u00e1s de quince a\u00f1os ha desarrollado actividades ligadas a la gesti\u00f3n medioambiental y social, para distintas instituciones del sector p\u00fablico, privado y acad\u00e9mico, conociendo acabadamente la problem\u00e1tica en Chile. En relaci\u00f3n con los aspectos tecnol\u00f3gicos y de innovaci\u00f3n. Lider\u00f3 la puesta en marcha de la Superintendencia del Medio Ambiente y el desarrollo de sistemas inform\u00e1ticos para la fiscalizaci\u00f3n ambiental en Chile. Adicional a lo anterior, posee aportes en el trabajo de sistemas del Estado como el Sistema de Evaluaci\u00f3n de Impacto Ambiental o el dise\u00f1o del Modelo de Capacidad de Carga Rapa Nui, vinculado la Ley de Residencia de Isla de Pascua. Adicionalmente tiene amplia experiencia en el trabajo de Indicadores Ambientales, siendo el responsable del \u00e1rea en la generaci\u00f3n de los Indicadores relacionados con Pol\u00edtica Nacional de Desarrollo Urbano.<\/p>\n\n\n\n<p><br>Katherine Mollenhauer, Directora Alterna del Proyecto: Doctora en Dise\u00f1o Estrat\u00e9gico e Innovaci\u00f3n de la Universidad de Barcelona, Profesora Asistente Adjunta de la Escuela de Dise\u00f1o de la Pontificia Universidad Cat\u00f3lica de Chile e investigadora senior del Laboratorio de Innovaci\u00f3n P\u00fablica de la misma casa de estudios (LIPUC). Durante m\u00e1s de veinte a\u00f1os se ha dedicado desarrollo de modelos y metodolog\u00edas para la incorporaci\u00f3n del dise\u00f1o como herramienta estrat\u00e9gica en los ecosistemas nacionales de innovaci\u00f3n tanto en los \u00e1mbitos p\u00fablicos como privados. Como experta en dise\u00f1o estrat\u00e9gico ha participado en numerosos proyectos de investigaci\u00f3n aplicada relacionados con el desarrollo de soluciones que, centradas en los usuarios y comunidades, han permitido acercar las pol\u00edticas p\u00fablicas a los ciudadanos.<\/p>\n\n\n\n<p><strong>Equipo<\/strong><\/p>\n\n\n\n<p>&#8211;&nbsp;&nbsp;&nbsp;&nbsp;&nbsp;&nbsp;&nbsp; Piroska \u00c1ngel, Coordinadora e Investigadora de proyecto. (Mag\u00edster en Asentamientos Humanos y Medio Ambiente de la UC).<\/p>\n\n\n\n<p>&#8211;&nbsp;&nbsp;&nbsp;&nbsp;&nbsp;&nbsp;&nbsp; Vanessa Rugiero, Investigadora del proyecto. (Doctora en Arquitectura y Estudios Urbanos de la UC).<\/p>\n\n\n\n<p>&#8211;&nbsp;&nbsp;&nbsp;&nbsp;&nbsp;&nbsp;&nbsp; Jos\u00e9 Ignacio Medina, Investigador del proyecto.<\/p>\n\n\n\n<p>&#8211;&nbsp;&nbsp;&nbsp;&nbsp;&nbsp;&nbsp;&nbsp; Marcia Barrera Brice\u00f1o, experta en tecnolog\u00edas de informaci\u00f3n.<\/p>\n\n\n\n<p>&#8211;&nbsp;&nbsp;&nbsp;&nbsp;&nbsp;&nbsp;&nbsp; Pablo N\u00fa\u00f1ez Torres, Ingeniero en Computaci\u00f3n.<\/p>\n","protected":false},"excerpt":{"rendered":"<p>\u201cObservatorio ambiental de proyectos mineros: Sistema para el an\u00e1lisis de la informaci\u00f3n p\u00fablica de gesti\u00f3n ambiental\u201d, es el nombre del proyecto adjudicado mediante el Fondo de Fomento al Desarrollo Cient\u00edfico y Tecnol\u00f3gico (FONDEF) de ANID, que dirigir\u00e1 el profesor Kay Bergamini, acad\u00e9mico e investigador del Instituto de Estudios Urbanos y Territoriales, y que tendr\u00e1 como Directora Alterna a la profesora de la escuela de Dise\u00f1o, Katherine Mollenhauer.<\/p>\n","protected":false},"author":1,"featured_media":7296,"comment_status":"open","ping_status":"open","sticky":false,"template":"","format":"standard","meta":{"_acf_changed":false,"footnotes":""},"categories":[1],"tags":[],"class_list":["post-7294","post","type-post","status-publish","format-standard","has-post-thumbnail","hentry","category-sin-categorizar"],"acf":[],"yoast_head":"<!-- This site is optimized with the Yoast SEO plugin v27.1.1 - https:\/\/yoast.com\/product\/yoast-seo-wordpress\/ -->\n<title>Profesor Kay Bergamini dirigir\u00e1 proyecto FONDEF sobre informaci\u00f3n p\u00fablica de gesti\u00f3n ambiental - Facultad de Arquitectura, Dise\u00f1o y Estudios Urbanos<\/title>\n<meta name=\"description\" content=\"\u201cObservatorio ambiental de proyectos mineros: Sistema para el an\u00e1lisis de la informaci\u00f3n p\u00fablica de gesti\u00f3n ambiental\u201d, es el nombre del proyecto adjudicado mediante el Fondo de Fomento al Desarrollo Cient\u00edfico y Tecnol\u00f3gico (FONDEF) de ANID, que dirigir\u00e1 el profesor Kay Bergamini, acad\u00e9mico e investigador del Instituto de Estudios Urbanos y Territoriales, y que tendr\u00e1 como Directora Alterna a la profesora de la escuela de Dise\u00f1o, Katherine Mollenhauer.\" \/>\n<meta name=\"robots\" content=\"index, follow, max-snippet:-1, max-image-preview:large, max-video-preview:-1\" \/>\n<link rel=\"canonical\" href=\"https:\/\/fadeu.urantiacos.cl\/en\/2021\/03\/29\/profesor-kay-bergamini-dirigira-proyecto-fondef-sobre-informacion-publica-de-gestion-ambiental\/\" \/>\n<meta property=\"og:locale\" content=\"en_US\" \/>\n<meta property=\"og:type\" content=\"article\" \/>\n<meta property=\"og:title\" content=\"Profesor Kay Bergamini dirigir\u00e1 proyecto FONDEF sobre informaci\u00f3n p\u00fablica de gesti\u00f3n ambiental - Facultad de Arquitectura, Dise\u00f1o y Estudios Urbanos\" \/>\n<meta property=\"og:description\" content=\"\u201cObservatorio ambiental de proyectos mineros: Sistema para el an\u00e1lisis de la informaci\u00f3n p\u00fablica de gesti\u00f3n ambiental\u201d, es el nombre del proyecto adjudicado mediante el Fondo de Fomento al Desarrollo Cient\u00edfico y Tecnol\u00f3gico (FONDEF) de ANID, que dirigir\u00e1 el profesor Kay Bergamini, acad\u00e9mico e investigador del Instituto de Estudios Urbanos y Territoriales, y que tendr\u00e1 como Directora Alterna a la profesora de la escuela de Dise\u00f1o, Katherine Mollenhauer.\" \/>\n<meta property=\"og:url\" content=\"https:\/\/fadeu.urantiacos.cl\/en\/2021\/03\/29\/profesor-kay-bergamini-dirigira-proyecto-fondef-sobre-informacion-publica-de-gestion-ambiental\/\" \/>\n<meta property=\"og:site_name\" content=\"Facultad de Arquitectura, Dise\u00f1o y Estudios Urbanos\" \/>\n<meta property=\"article:published_time\" content=\"2021-03-29T22:19:00+00:00\" \/>\n<meta property=\"article:modified_time\" content=\"2023-09-08T22:21:26+00:00\" \/>\n<meta property=\"og:image\" content=\"https:\/\/fadeu.urantiacos.cl\/wp-content\/uploads\/2023\/09\/IEUT_MARZO2021.jpeg\" \/>\n\t<meta property=\"og:image:width\" content=\"350\" \/>\n\t<meta property=\"og:image:height\" content=\"250\" \/>\n\t<meta property=\"og:image:type\" content=\"image\/jpeg\" \/>\n<meta name=\"author\" content=\"manadmin\" \/>\n<meta name=\"twitter:card\" content=\"summary_large_image\" \/>\n<meta name=\"twitter:label1\" content=\"Written by\" \/>\n\t<meta name=\"twitter:data1\" content=\"manadmin\" \/>\n\t<meta name=\"twitter:label2\" content=\"Est. reading time\" \/>\n\t<meta name=\"twitter:data2\" content=\"5 minutes\" \/>\n<script type=\"application\/ld+json\" class=\"yoast-schema-graph\">{\"@context\":\"https:\/\/schema.org\",\"@graph\":[{\"@type\":\"Article\",\"@id\":\"https:\/\/fadeu.urantiacos.cl\/en\/2021\/03\/29\/profesor-kay-bergamini-dirigira-proyecto-fondef-sobre-informacion-publica-de-gestion-ambiental\/#article\",\"isPartOf\":{\"@id\":\"https:\/\/fadeu.urantiacos.cl\/en\/2021\/03\/29\/profesor-kay-bergamini-dirigira-proyecto-fondef-sobre-informacion-publica-de-gestion-ambiental\/\"},\"author\":{\"name\":\"manadmin\",\"@id\":\"https:\/\/fadeu.urantiacos.cl\/en\/#\/schema\/person\/d203e2e84b1c40275eac77b3061a19a2\"},\"headline\":\"Profesor Kay Bergamini dirigir\u00e1 proyecto FONDEF sobre informaci\u00f3n p\u00fablica de gesti\u00f3n ambiental\",\"datePublished\":\"2021-03-29T22:19:00+00:00\",\"dateModified\":\"2023-09-08T22:21:26+00:00\",\"mainEntityOfPage\":{\"@id\":\"https:\/\/fadeu.urantiacos.cl\/en\/2021\/03\/29\/profesor-kay-bergamini-dirigira-proyecto-fondef-sobre-informacion-publica-de-gestion-ambiental\/\"},\"wordCount\":1081,\"commentCount\":0,\"image\":{\"@id\":\"https:\/\/fadeu.urantiacos.cl\/en\/2021\/03\/29\/profesor-kay-bergamini-dirigira-proyecto-fondef-sobre-informacion-publica-de-gestion-ambiental\/#primaryimage\"},\"thumbnailUrl\":\"https:\/\/fadeu.urantiacos.cl\/wp-content\/uploads\/2023\/09\/IEUT_MARZO2021.jpeg\",\"articleSection\":[\"Sin categorizar\"],\"inLanguage\":\"en-US\",\"potentialAction\":[{\"@type\":\"CommentAction\",\"name\":\"Comment\",\"target\":[\"https:\/\/fadeu.urantiacos.cl\/en\/2021\/03\/29\/profesor-kay-bergamini-dirigira-proyecto-fondef-sobre-informacion-publica-de-gestion-ambiental\/#respond\"]}]},{\"@type\":\"WebPage\",\"@id\":\"https:\/\/fadeu.urantiacos.cl\/en\/2021\/03\/29\/profesor-kay-bergamini-dirigira-proyecto-fondef-sobre-informacion-publica-de-gestion-ambiental\/\",\"url\":\"https:\/\/fadeu.urantiacos.cl\/en\/2021\/03\/29\/profesor-kay-bergamini-dirigira-proyecto-fondef-sobre-informacion-publica-de-gestion-ambiental\/\",\"name\":\"Profesor Kay Bergamini dirigir\u00e1 proyecto FONDEF sobre informaci\u00f3n p\u00fablica de gesti\u00f3n ambiental - Facultad de Arquitectura, Dise\u00f1o y Estudios Urbanos\",\"isPartOf\":{\"@id\":\"https:\/\/fadeu.urantiacos.cl\/en\/#website\"},\"primaryImageOfPage\":{\"@id\":\"https:\/\/fadeu.urantiacos.cl\/en\/2021\/03\/29\/profesor-kay-bergamini-dirigira-proyecto-fondef-sobre-informacion-publica-de-gestion-ambiental\/#primaryimage\"},\"image\":{\"@id\":\"https:\/\/fadeu.urantiacos.cl\/en\/2021\/03\/29\/profesor-kay-bergamini-dirigira-proyecto-fondef-sobre-informacion-publica-de-gestion-ambiental\/#primaryimage\"},\"thumbnailUrl\":\"https:\/\/fadeu.urantiacos.cl\/wp-content\/uploads\/2023\/09\/IEUT_MARZO2021.jpeg\",\"datePublished\":\"2021-03-29T22:19:00+00:00\",\"dateModified\":\"2023-09-08T22:21:26+00:00\",\"author\":{\"@id\":\"https:\/\/fadeu.urantiacos.cl\/en\/#\/schema\/person\/d203e2e84b1c40275eac77b3061a19a2\"},\"description\":\"\u201cObservatorio ambiental de proyectos mineros: Sistema para el an\u00e1lisis de la informaci\u00f3n p\u00fablica de gesti\u00f3n ambiental\u201d, es el nombre del proyecto adjudicado mediante el Fondo de Fomento al Desarrollo Cient\u00edfico y Tecnol\u00f3gico (FONDEF) de ANID, que dirigir\u00e1 el profesor Kay Bergamini, acad\u00e9mico e investigador del Instituto de Estudios Urbanos y Territoriales, y que tendr\u00e1 como Directora Alterna a la profesora de la escuela de Dise\u00f1o, Katherine Mollenhauer.\",\"breadcrumb\":{\"@id\":\"https:\/\/fadeu.urantiacos.cl\/en\/2021\/03\/29\/profesor-kay-bergamini-dirigira-proyecto-fondef-sobre-informacion-publica-de-gestion-ambiental\/#breadcrumb\"},\"inLanguage\":\"en-US\",\"potentialAction\":[{\"@type\":\"ReadAction\",\"target\":[\"https:\/\/fadeu.urantiacos.cl\/en\/2021\/03\/29\/profesor-kay-bergamini-dirigira-proyecto-fondef-sobre-informacion-publica-de-gestion-ambiental\/\"]}]},{\"@type\":\"ImageObject\",\"inLanguage\":\"en-US\",\"@id\":\"https:\/\/fadeu.urantiacos.cl\/en\/2021\/03\/29\/profesor-kay-bergamini-dirigira-proyecto-fondef-sobre-informacion-publica-de-gestion-ambiental\/#primaryimage\",\"url\":\"https:\/\/fadeu.urantiacos.cl\/wp-content\/uploads\/2023\/09\/IEUT_MARZO2021.jpeg\",\"contentUrl\":\"https:\/\/fadeu.urantiacos.cl\/wp-content\/uploads\/2023\/09\/IEUT_MARZO2021.jpeg\",\"width\":350,\"height\":250},{\"@type\":\"BreadcrumbList\",\"@id\":\"https:\/\/fadeu.urantiacos.cl\/en\/2021\/03\/29\/profesor-kay-bergamini-dirigira-proyecto-fondef-sobre-informacion-publica-de-gestion-ambiental\/#breadcrumb\",\"itemListElement\":[{\"@type\":\"ListItem\",\"position\":1,\"name\":\"Portada\",\"item\":\"https:\/\/fadeu.urantiacos.cl\/en\/\"},{\"@type\":\"ListItem\",\"position\":2,\"name\":\"Profesor Kay Bergamini dirigir\u00e1 proyecto FONDEF sobre informaci\u00f3n p\u00fablica de gesti\u00f3n ambiental\"}]},{\"@type\":\"WebSite\",\"@id\":\"https:\/\/fadeu.urantiacos.cl\/en\/#website\",\"url\":\"https:\/\/fadeu.urantiacos.cl\/en\/\",\"name\":\"Facultad de Arquitectura, Dise\u00f1o y Estudios Urbanos\",\"description\":\"Campus Lo Contador\",\"potentialAction\":[{\"@type\":\"SearchAction\",\"target\":{\"@type\":\"EntryPoint\",\"urlTemplate\":\"https:\/\/fadeu.urantiacos.cl\/en\/?s={search_term_string}\"},\"query-input\":{\"@type\":\"PropertyValueSpecification\",\"valueRequired\":true,\"valueName\":\"search_term_string\"}}],\"inLanguage\":\"en-US\"},{\"@type\":\"Person\",\"@id\":\"https:\/\/fadeu.urantiacos.cl\/en\/#\/schema\/person\/d203e2e84b1c40275eac77b3061a19a2\",\"name\":\"manadmin\",\"image\":{\"@type\":\"ImageObject\",\"inLanguage\":\"en-US\",\"@id\":\"https:\/\/fadeu.urantiacos.cl\/en\/#\/schema\/person\/image\/\",\"url\":\"https:\/\/secure.gravatar.com\/avatar\/4b1d8e3303b4a9d8968ac578947d8bc80d9aea359f388cdd4aac15cadc0e8447?s=96&d=mm&r=g\",\"contentUrl\":\"https:\/\/secure.gravatar.com\/avatar\/4b1d8e3303b4a9d8968ac578947d8bc80d9aea359f388cdd4aac15cadc0e8447?s=96&d=mm&r=g\",\"caption\":\"manadmin\"},\"sameAs\":[\"https:\/\/fadeu.urantiacos.cl\"]}]}<\/script>\n<!-- \/ Yoast SEO plugin. -->","yoast_head_json":{"title":"Profesor Kay Bergamini dirigir\u00e1 proyecto FONDEF sobre informaci\u00f3n p\u00fablica de gesti\u00f3n ambiental - Facultad de Arquitectura, Dise\u00f1o y Estudios Urbanos","description":"\u201cObservatorio ambiental de proyectos mineros: Sistema para el an\u00e1lisis de la informaci\u00f3n p\u00fablica de gesti\u00f3n ambiental\u201d, es el nombre del proyecto adjudicado mediante el Fondo de Fomento al Desarrollo Cient\u00edfico y Tecnol\u00f3gico (FONDEF) de ANID, que dirigir\u00e1 el profesor Kay Bergamini, acad\u00e9mico e investigador del Instituto de Estudios Urbanos y Territoriales, y que tendr\u00e1 como Directora Alterna a la profesora de la escuela de Dise\u00f1o, Katherine Mollenhauer.","robots":{"index":"index","follow":"follow","max-snippet":"max-snippet:-1","max-image-preview":"max-image-preview:large","max-video-preview":"max-video-preview:-1"},"canonical":"https:\/\/fadeu.urantiacos.cl\/en\/2021\/03\/29\/profesor-kay-bergamini-dirigira-proyecto-fondef-sobre-informacion-publica-de-gestion-ambiental\/","og_locale":"en_US","og_type":"article","og_title":"Profesor Kay Bergamini dirigir\u00e1 proyecto FONDEF sobre informaci\u00f3n p\u00fablica de gesti\u00f3n ambiental - Facultad de Arquitectura, Dise\u00f1o y Estudios Urbanos","og_description":"\u201cObservatorio ambiental de proyectos mineros: Sistema para el an\u00e1lisis de la informaci\u00f3n p\u00fablica de gesti\u00f3n ambiental\u201d, es el nombre del proyecto adjudicado mediante el Fondo de Fomento al Desarrollo Cient\u00edfico y Tecnol\u00f3gico (FONDEF) de ANID, que dirigir\u00e1 el profesor Kay Bergamini, acad\u00e9mico e investigador del Instituto de Estudios Urbanos y Territoriales, y que tendr\u00e1 como Directora Alterna a la profesora de la escuela de Dise\u00f1o, Katherine Mollenhauer.","og_url":"https:\/\/fadeu.urantiacos.cl\/en\/2021\/03\/29\/profesor-kay-bergamini-dirigira-proyecto-fondef-sobre-informacion-publica-de-gestion-ambiental\/","og_site_name":"Facultad de Arquitectura, Dise\u00f1o y Estudios Urbanos","article_published_time":"2021-03-29T22:19:00+00:00","article_modified_time":"2023-09-08T22:21:26+00:00","og_image":[{"width":350,"height":250,"url":"https:\/\/fadeu.urantiacos.cl\/wp-content\/uploads\/2023\/09\/IEUT_MARZO2021.jpeg","type":"image\/jpeg"}],"author":"manadmin","twitter_card":"summary_large_image","twitter_misc":{"Written by":"manadmin","Est. reading time":"5 minutes"},"schema":{"@context":"https:\/\/schema.org","@graph":[{"@type":"Article","@id":"https:\/\/fadeu.urantiacos.cl\/en\/2021\/03\/29\/profesor-kay-bergamini-dirigira-proyecto-fondef-sobre-informacion-publica-de-gestion-ambiental\/#article","isPartOf":{"@id":"https:\/\/fadeu.urantiacos.cl\/en\/2021\/03\/29\/profesor-kay-bergamini-dirigira-proyecto-fondef-sobre-informacion-publica-de-gestion-ambiental\/"},"author":{"name":"manadmin","@id":"https:\/\/fadeu.urantiacos.cl\/en\/#\/schema\/person\/d203e2e84b1c40275eac77b3061a19a2"},"headline":"Profesor Kay Bergamini dirigir\u00e1 proyecto FONDEF sobre informaci\u00f3n p\u00fablica de gesti\u00f3n ambiental","datePublished":"2021-03-29T22:19:00+00:00","dateModified":"2023-09-08T22:21:26+00:00","mainEntityOfPage":{"@id":"https:\/\/fadeu.urantiacos.cl\/en\/2021\/03\/29\/profesor-kay-bergamini-dirigira-proyecto-fondef-sobre-informacion-publica-de-gestion-ambiental\/"},"wordCount":1081,"commentCount":0,"image":{"@id":"https:\/\/fadeu.urantiacos.cl\/en\/2021\/03\/29\/profesor-kay-bergamini-dirigira-proyecto-fondef-sobre-informacion-publica-de-gestion-ambiental\/#primaryimage"},"thumbnailUrl":"https:\/\/fadeu.urantiacos.cl\/wp-content\/uploads\/2023\/09\/IEUT_MARZO2021.jpeg","articleSection":["Sin categorizar"],"inLanguage":"en-US","potentialAction":[{"@type":"CommentAction","name":"Comment","target":["https:\/\/fadeu.urantiacos.cl\/en\/2021\/03\/29\/profesor-kay-bergamini-dirigira-proyecto-fondef-sobre-informacion-publica-de-gestion-ambiental\/#respond"]}]},{"@type":"WebPage","@id":"https:\/\/fadeu.urantiacos.cl\/en\/2021\/03\/29\/profesor-kay-bergamini-dirigira-proyecto-fondef-sobre-informacion-publica-de-gestion-ambiental\/","url":"https:\/\/fadeu.urantiacos.cl\/en\/2021\/03\/29\/profesor-kay-bergamini-dirigira-proyecto-fondef-sobre-informacion-publica-de-gestion-ambiental\/","name":"Profesor Kay Bergamini dirigir\u00e1 proyecto FONDEF sobre informaci\u00f3n p\u00fablica de gesti\u00f3n ambiental - Facultad de Arquitectura, Dise\u00f1o y Estudios Urbanos","isPartOf":{"@id":"https:\/\/fadeu.urantiacos.cl\/en\/#website"},"primaryImageOfPage":{"@id":"https:\/\/fadeu.urantiacos.cl\/en\/2021\/03\/29\/profesor-kay-bergamini-dirigira-proyecto-fondef-sobre-informacion-publica-de-gestion-ambiental\/#primaryimage"},"image":{"@id":"https:\/\/fadeu.urantiacos.cl\/en\/2021\/03\/29\/profesor-kay-bergamini-dirigira-proyecto-fondef-sobre-informacion-publica-de-gestion-ambiental\/#primaryimage"},"thumbnailUrl":"https:\/\/fadeu.urantiacos.cl\/wp-content\/uploads\/2023\/09\/IEUT_MARZO2021.jpeg","datePublished":"2021-03-29T22:19:00+00:00","dateModified":"2023-09-08T22:21:26+00:00","author":{"@id":"https:\/\/fadeu.urantiacos.cl\/en\/#\/schema\/person\/d203e2e84b1c40275eac77b3061a19a2"},"description":"\u201cObservatorio ambiental de proyectos mineros: Sistema para el an\u00e1lisis de la informaci\u00f3n p\u00fablica de gesti\u00f3n ambiental\u201d, es el nombre del proyecto adjudicado mediante el Fondo de Fomento al Desarrollo Cient\u00edfico y Tecnol\u00f3gico (FONDEF) de ANID, que dirigir\u00e1 el profesor Kay Bergamini, acad\u00e9mico e investigador del Instituto de Estudios Urbanos y Territoriales, y que tendr\u00e1 como Directora Alterna a la profesora de la escuela de Dise\u00f1o, Katherine Mollenhauer.","breadcrumb":{"@id":"https:\/\/fadeu.urantiacos.cl\/en\/2021\/03\/29\/profesor-kay-bergamini-dirigira-proyecto-fondef-sobre-informacion-publica-de-gestion-ambiental\/#breadcrumb"},"inLanguage":"en-US","potentialAction":[{"@type":"ReadAction","target":["https:\/\/fadeu.urantiacos.cl\/en\/2021\/03\/29\/profesor-kay-bergamini-dirigira-proyecto-fondef-sobre-informacion-publica-de-gestion-ambiental\/"]}]},{"@type":"ImageObject","inLanguage":"en-US","@id":"https:\/\/fadeu.urantiacos.cl\/en\/2021\/03\/29\/profesor-kay-bergamini-dirigira-proyecto-fondef-sobre-informacion-publica-de-gestion-ambiental\/#primaryimage","url":"https:\/\/fadeu.urantiacos.cl\/wp-content\/uploads\/2023\/09\/IEUT_MARZO2021.jpeg","contentUrl":"https:\/\/fadeu.urantiacos.cl\/wp-content\/uploads\/2023\/09\/IEUT_MARZO2021.jpeg","width":350,"height":250},{"@type":"BreadcrumbList","@id":"https:\/\/fadeu.urantiacos.cl\/en\/2021\/03\/29\/profesor-kay-bergamini-dirigira-proyecto-fondef-sobre-informacion-publica-de-gestion-ambiental\/#breadcrumb","itemListElement":[{"@type":"ListItem","position":1,"name":"Portada","item":"https:\/\/fadeu.urantiacos.cl\/en\/"},{"@type":"ListItem","position":2,"name":"Profesor Kay Bergamini dirigir\u00e1 proyecto FONDEF sobre informaci\u00f3n p\u00fablica de gesti\u00f3n ambiental"}]},{"@type":"WebSite","@id":"https:\/\/fadeu.urantiacos.cl\/en\/#website","url":"https:\/\/fadeu.urantiacos.cl\/en\/","name":"Facultad de Arquitectura, Dise\u00f1o y Estudios Urbanos","description":"Campus Lo Contador","potentialAction":[{"@type":"SearchAction","target":{"@type":"EntryPoint","urlTemplate":"https:\/\/fadeu.urantiacos.cl\/en\/?s={search_term_string}"},"query-input":{"@type":"PropertyValueSpecification","valueRequired":true,"valueName":"search_term_string"}}],"inLanguage":"en-US"},{"@type":"Person","@id":"https:\/\/fadeu.urantiacos.cl\/en\/#\/schema\/person\/d203e2e84b1c40275eac77b3061a19a2","name":"manadmin","image":{"@type":"ImageObject","inLanguage":"en-US","@id":"https:\/\/fadeu.urantiacos.cl\/en\/#\/schema\/person\/image\/","url":"https:\/\/secure.gravatar.com\/avatar\/4b1d8e3303b4a9d8968ac578947d8bc80d9aea359f388cdd4aac15cadc0e8447?s=96&d=mm&r=g","contentUrl":"https:\/\/secure.gravatar.com\/avatar\/4b1d8e3303b4a9d8968ac578947d8bc80d9aea359f388cdd4aac15cadc0e8447?s=96&d=mm&r=g","caption":"manadmin"},"sameAs":["https:\/\/fadeu.urantiacos.cl"]}]}},"_links":{"self":[{"href":"https:\/\/fadeu.urantiacos.cl\/en\/wp-json\/wp\/v2\/posts\/7294","targetHints":{"allow":["GET"]}}],"collection":[{"href":"https:\/\/fadeu.urantiacos.cl\/en\/wp-json\/wp\/v2\/posts"}],"about":[{"href":"https:\/\/fadeu.urantiacos.cl\/en\/wp-json\/wp\/v2\/types\/post"}],"author":[{"embeddable":true,"href":"https:\/\/fadeu.urantiacos.cl\/en\/wp-json\/wp\/v2\/users\/1"}],"replies":[{"embeddable":true,"href":"https:\/\/fadeu.urantiacos.cl\/en\/wp-json\/wp\/v2\/comments?post=7294"}],"version-history":[{"count":1,"href":"https:\/\/fadeu.urantiacos.cl\/en\/wp-json\/wp\/v2\/posts\/7294\/revisions"}],"predecessor-version":[{"id":7297,"href":"https:\/\/fadeu.urantiacos.cl\/en\/wp-json\/wp\/v2\/posts\/7294\/revisions\/7297"}],"wp:featuredmedia":[{"embeddable":true,"href":"https:\/\/fadeu.urantiacos.cl\/en\/wp-json\/wp\/v2\/media\/7296"}],"wp:attachment":[{"href":"https:\/\/fadeu.urantiacos.cl\/en\/wp-json\/wp\/v2\/media?parent=7294"}],"wp:term":[{"taxonomy":"category","embeddable":true,"href":"https:\/\/fadeu.urantiacos.cl\/en\/wp-json\/wp\/v2\/categories?post=7294"},{"taxonomy":"post_tag","embeddable":true,"href":"https:\/\/fadeu.urantiacos.cl\/en\/wp-json\/wp\/v2\/tags?post=7294"}],"curies":[{"name":"wp","href":"https:\/\/api.w.org\/{rel}","templated":true}]}}