{"id":7291,"date":"2021-03-29T19:17:00","date_gmt":"2021-03-29T22:17:00","guid":{"rendered":"https:\/\/fadeu.urantiacos.cl\/?p=7291"},"modified":"2023-09-08T19:19:18","modified_gmt":"2023-09-08T22:19:18","slug":"reflexiones-de-futuro-sobre-diseno-y-arquitectura-vuelve-el-ciclo-de-las-condes-design","status":"publish","type":"post","link":"https:\/\/fadeu.urantiacos.cl\/en\/2021\/03\/29\/reflexiones-de-futuro-sobre-diseno-y-arquitectura-vuelve-el-ciclo-de-las-condes-design\/","title":{"rendered":"Reflexiones de Futuro sobre Dise\u00f1o y Arquitectura: Vuelve el ciclo de Las Condes Design"},"content":{"rendered":"\n<figure class=\"wp-block-image size-full\"><img decoding=\"async\" width=\"350\" height=\"250\" src=\"https:\/\/fadeu.urantiacos.cl\/wp-content\/uploads\/2023\/09\/LASCONDESDESIGN_MARZO2021.png\" alt=\"\" class=\"wp-image-7292\" srcset=\"https:\/\/fadeu.urantiacos.cl\/wp-content\/uploads\/2023\/09\/LASCONDESDESIGN_MARZO2021.png 350w, https:\/\/fadeu.urantiacos.cl\/wp-content\/uploads\/2023\/09\/LASCONDESDESIGN_MARZO2021-300x214.png 300w\" sizes=\"(max-width: 350px) 100vw, 350px\" \/><\/figure>\n\n\n\n<p>Se abordaron temas tan diversos como la fotograf\u00eda en arquitectura, patrimonio, accesibilidad universal; iluminaci\u00f3n y vitrinismo; branding; sustentabilidad; textiles, y otros. Con ellos, se propuso mirar hacia el futuro de las profesiones desde miradas particulares y especializadas en materias relevantes para el dise\u00f1o y la arquitectura.<\/p>\n\n\n\n<p>El ciclo tuvo una importante convocatoria y una audiencia permanente (asistieron en total a todo el ciclo casi 2.000), lo que evidencia la necesidad de actualizar los conocimientos, a trav\u00e9s de la especializaci\u00f3n en temas que profundizan aspectos relevantes de cada profesi\u00f3n. Cerr\u00f3 el ciclo el Decano Mario Ubilla con la charla titulada: \u201cInteriorismo y equipamiento. El mueble como articulador del espacio\u201d, donde present\u00f3 las Bibliotecas Escolares Futuro y Librerias de Ediciones UC, entre otros proyectos.<\/p>\n\n\n\n<p>El presente 2021 se retoma el ciclo, que ya tuvo la charla de los profesores de la escuela de Arquitectura, Rodrigo Tapia y Cristi\u00e1n Robertson, titulada \u201cDesaf\u00edos de la Regeneraci\u00f3n urbano-habitacional de barrios vulnerables\u201d (el 24 de marzo), y la charla \u201cDisrupci\u00f3n digital + sustentabilidad: Las macro fuerzas que cambiaron la moda para siempre\u201d, de las profesoras de la escuela de Dise\u00f1o, Laura Novik y Paula Delgado (el 29 de mismo mes).<\/p>\n\n\n\n<p>La siguiente charla se llevar\u00e1 a cabo el pr\u00f3ximo 7 de abril a las 18:30, a cargo de la profesora de la escuela de Arquitectura, Mar\u00eda Soledad Saborido, titulada \u201cPatrimonio Cultural hoy, M\u00e1s all\u00e1 de los monumentos&#8221;, y ser\u00e1 transmitida, como de costumbre, v\u00eda Facebook Live en las cuentas de Las Condes Design y FADEU UC.<\/p>\n\n\n\n<p>A futuro, a\u00fan en planificaci\u00f3n, se plantean las siguientes instancias:<\/p>\n\n\n\n<p><strong>ABRIL<\/strong><\/p>\n\n\n\n<p>14&nbsp;&nbsp;Vitrinismo, a cargo de la escuela de Dise\u00f1o.<\/p>\n\n\n\n<p>21&nbsp; Iluminaci\u00f3n, a cargo de la escuela de Dise\u00f1o.<\/p>\n\n\n\n<p>28 Dise\u00f1o de Paisaje, a cargo de la escuela de Arquitectura.<\/p>\n\n\n\n<p><strong>MAYO<\/strong><\/p>\n\n\n\n<p>11 Photoshop , a cargo de la escuela de Arquitectura.<\/p>\n\n\n\n<p>19&nbsp;Ilustraci\u00f3n, a cargo de la escuela de Dise\u00f1o.<\/p>\n\n\n\n<p><strong>JUNIO<\/strong><\/p>\n\n\n\n<p>9&nbsp;Infograf\u00eda, a cargo de la escuela de Dise\u00f1o.<\/p>\n\n\n\n<p>17 &nbsp;Rhino, a cargo de la escuela de Arquitectura.<\/p>\n\n\n\n<p>24&nbsp;Dise\u00f1o y Econom\u00eda Circular, a cargo de la escuela de Dise\u00f1o.<\/p>\n\n\n\n<p><strong>JULIO<\/strong><\/p>\n\n\n\n<p>14&nbsp;Museograf\u00eda, a cargo de la escuela de Dise\u00f1o.<\/p>\n\n\n\n<p>21 Vivienda y Ciudad, a cargo de la escuela de Arquitectura.<\/p>\n\n\n\n<p><strong>Organizaci\u00f3n<\/strong><\/p>\n\n\n\n<p>La instancia ha sido impulsada a trav\u00e9s de una gesti\u00f3n conjunta que ha involucrado a la Direcci\u00f3n de Extensi\u00f3n y Comunicaciones FADEU UC, y a las unidades de educaci\u00f3n continua de las escuelas de Arquitectura y Dise\u00f1o, a trav\u00e9s sus coordinadoras Carmen Freed y Constranza Almarza, generando una valiosa instancia de reflexi\u00f3n disciplinar y de adelanto de futuras tendencias para ambas profesiones.<\/p>\n\n\n\n<p>&#8220;Las charlas han sido y seguir\u00e1n siendo, sin lugar a dudas, un espacio de encuentro y reflexi\u00f3n sobre las disciplinas desde su proyecci\u00f3n futura y una visi\u00f3n adelantada. En general, hemos tenido mucho p\u00fablico, con mucha interacci\u00f3n y preguntas, lo que evidencia la necesidad de actualizar los conocimientos, a trav\u00e9s de la especializaci\u00f3n en temas que profundizan aspectos relevantes de cada profesi\u00f3n\u201d, advirti\u00f3 la Directora de Extensi\u00f3n y Comunicaciones, profesora Macarena Cort\u00e9s.<\/p>\n\n\n\n<p>En la conducci\u00f3n del espacio est\u00e1 la periodista especializada en temas de Arquitectura y Dise\u00f1o, Patricia de la Sotta, Barnd Manager de Las Condes Design.<\/p>\n\n\n\n<p>INFORMACI\u00d3N PERIOD\u00cdSTICA<br>JUAN ANDR\u00c9S INZUNZA<\/p>\n","protected":false},"excerpt":{"rendered":"<p>12 charlas se realizaron en 2020 que entregaron conocimientos de avanzada a trav\u00e9s de presentaciones realizadas por los jefes de programa y docentes de los programas de educaci\u00f3n continua de las escuelas de Arquitectura y Dise\u00f1o, en el marco de la iniciativa Las Condes Design: Reflexiones de Futuro, abarcando innovaci\u00f3n, nuevas tendencias y tecnolog\u00edas en materias relacionadas a las disciplinas proyectuales.<\/p>\n","protected":false},"author":1,"featured_media":7292,"comment_status":"open","ping_status":"open","sticky":false,"template":"","format":"standard","meta":{"_acf_changed":false,"footnotes":""},"categories":[1],"tags":[],"class_list":["post-7291","post","type-post","status-publish","format-standard","has-post-thumbnail","hentry","category-sin-categorizar"],"acf":[],"yoast_head":"<!-- This site is optimized with the Yoast SEO plugin v27.1.1 - https:\/\/yoast.com\/product\/yoast-seo-wordpress\/ -->\n<title>Reflexiones de Futuro sobre Dise\u00f1o y Arquitectura: Vuelve el ciclo de Las Condes Design - Facultad de Arquitectura, Dise\u00f1o y Estudios Urbanos<\/title>\n<meta name=\"description\" content=\"12 charlas se realizaron en 2020 que entregaron conocimientos de avanzada a trav\u00e9s de presentaciones realizadas por los jefes de programa y docentes de los programas de educaci\u00f3n continua de las escuelas de Arquitectura y Dise\u00f1o, en el marco de la iniciativa Las Condes Design: Reflexiones de Futuro, abarcando innovaci\u00f3n, nuevas tendencias y tecnolog\u00edas en materias relacionadas a las disciplinas proyectuales.\" \/>\n<meta name=\"robots\" content=\"index, follow, max-snippet:-1, max-image-preview:large, max-video-preview:-1\" \/>\n<link rel=\"canonical\" href=\"https:\/\/fadeu.urantiacos.cl\/en\/2021\/03\/29\/reflexiones-de-futuro-sobre-diseno-y-arquitectura-vuelve-el-ciclo-de-las-condes-design\/\" \/>\n<meta property=\"og:locale\" content=\"en_US\" \/>\n<meta property=\"og:type\" content=\"article\" \/>\n<meta property=\"og:title\" content=\"Reflexiones de Futuro sobre Dise\u00f1o y Arquitectura: Vuelve el ciclo de Las Condes Design - Facultad de Arquitectura, Dise\u00f1o y Estudios Urbanos\" \/>\n<meta property=\"og:description\" content=\"12 charlas se realizaron en 2020 que entregaron conocimientos de avanzada a trav\u00e9s de presentaciones realizadas por los jefes de programa y docentes de los programas de educaci\u00f3n continua de las escuelas de Arquitectura y Dise\u00f1o, en el marco de la iniciativa Las Condes Design: Reflexiones de Futuro, abarcando innovaci\u00f3n, nuevas tendencias y tecnolog\u00edas en materias relacionadas a las disciplinas proyectuales.\" \/>\n<meta property=\"og:url\" content=\"https:\/\/fadeu.urantiacos.cl\/en\/2021\/03\/29\/reflexiones-de-futuro-sobre-diseno-y-arquitectura-vuelve-el-ciclo-de-las-condes-design\/\" \/>\n<meta property=\"og:site_name\" content=\"Facultad de Arquitectura, Dise\u00f1o y Estudios Urbanos\" \/>\n<meta property=\"article:published_time\" content=\"2021-03-29T22:17:00+00:00\" \/>\n<meta property=\"article:modified_time\" content=\"2023-09-08T22:19:18+00:00\" \/>\n<meta property=\"og:image\" content=\"https:\/\/fadeu.urantiacos.cl\/wp-content\/uploads\/2023\/09\/LASCONDESDESIGN_MARZO2021.png\" \/>\n\t<meta property=\"og:image:width\" content=\"350\" \/>\n\t<meta property=\"og:image:height\" content=\"250\" \/>\n\t<meta property=\"og:image:type\" content=\"image\/png\" \/>\n<meta name=\"author\" content=\"manadmin\" \/>\n<meta name=\"twitter:card\" content=\"summary_large_image\" \/>\n<meta name=\"twitter:label1\" content=\"Written by\" \/>\n\t<meta name=\"twitter:data1\" content=\"manadmin\" \/>\n\t<meta name=\"twitter:label2\" content=\"Est. reading time\" \/>\n\t<meta name=\"twitter:data2\" content=\"3 minutes\" \/>\n<script type=\"application\/ld+json\" class=\"yoast-schema-graph\">{\"@context\":\"https:\/\/schema.org\",\"@graph\":[{\"@type\":\"Article\",\"@id\":\"https:\/\/fadeu.urantiacos.cl\/en\/2021\/03\/29\/reflexiones-de-futuro-sobre-diseno-y-arquitectura-vuelve-el-ciclo-de-las-condes-design\/#article\",\"isPartOf\":{\"@id\":\"https:\/\/fadeu.urantiacos.cl\/en\/2021\/03\/29\/reflexiones-de-futuro-sobre-diseno-y-arquitectura-vuelve-el-ciclo-de-las-condes-design\/\"},\"author\":{\"name\":\"manadmin\",\"@id\":\"https:\/\/fadeu.urantiacos.cl\/en\/#\/schema\/person\/d203e2e84b1c40275eac77b3061a19a2\"},\"headline\":\"Reflexiones de Futuro sobre Dise\u00f1o y Arquitectura: Vuelve el ciclo de Las Condes Design\",\"datePublished\":\"2021-03-29T22:17:00+00:00\",\"dateModified\":\"2023-09-08T22:19:18+00:00\",\"mainEntityOfPage\":{\"@id\":\"https:\/\/fadeu.urantiacos.cl\/en\/2021\/03\/29\/reflexiones-de-futuro-sobre-diseno-y-arquitectura-vuelve-el-ciclo-de-las-condes-design\/\"},\"wordCount\":586,\"commentCount\":0,\"image\":{\"@id\":\"https:\/\/fadeu.urantiacos.cl\/en\/2021\/03\/29\/reflexiones-de-futuro-sobre-diseno-y-arquitectura-vuelve-el-ciclo-de-las-condes-design\/#primaryimage\"},\"thumbnailUrl\":\"https:\/\/fadeu.urantiacos.cl\/wp-content\/uploads\/2023\/09\/LASCONDESDESIGN_MARZO2021.png\",\"articleSection\":[\"Sin categorizar\"],\"inLanguage\":\"en-US\",\"potentialAction\":[{\"@type\":\"CommentAction\",\"name\":\"Comment\",\"target\":[\"https:\/\/fadeu.urantiacos.cl\/en\/2021\/03\/29\/reflexiones-de-futuro-sobre-diseno-y-arquitectura-vuelve-el-ciclo-de-las-condes-design\/#respond\"]}]},{\"@type\":\"WebPage\",\"@id\":\"https:\/\/fadeu.urantiacos.cl\/en\/2021\/03\/29\/reflexiones-de-futuro-sobre-diseno-y-arquitectura-vuelve-el-ciclo-de-las-condes-design\/\",\"url\":\"https:\/\/fadeu.urantiacos.cl\/en\/2021\/03\/29\/reflexiones-de-futuro-sobre-diseno-y-arquitectura-vuelve-el-ciclo-de-las-condes-design\/\",\"name\":\"Reflexiones de Futuro sobre Dise\u00f1o y Arquitectura: Vuelve el ciclo de Las Condes Design - Facultad de Arquitectura, Dise\u00f1o y Estudios Urbanos\",\"isPartOf\":{\"@id\":\"https:\/\/fadeu.urantiacos.cl\/en\/#website\"},\"primaryImageOfPage\":{\"@id\":\"https:\/\/fadeu.urantiacos.cl\/en\/2021\/03\/29\/reflexiones-de-futuro-sobre-diseno-y-arquitectura-vuelve-el-ciclo-de-las-condes-design\/#primaryimage\"},\"image\":{\"@id\":\"https:\/\/fadeu.urantiacos.cl\/en\/2021\/03\/29\/reflexiones-de-futuro-sobre-diseno-y-arquitectura-vuelve-el-ciclo-de-las-condes-design\/#primaryimage\"},\"thumbnailUrl\":\"https:\/\/fadeu.urantiacos.cl\/wp-content\/uploads\/2023\/09\/LASCONDESDESIGN_MARZO2021.png\",\"datePublished\":\"2021-03-29T22:17:00+00:00\",\"dateModified\":\"2023-09-08T22:19:18+00:00\",\"author\":{\"@id\":\"https:\/\/fadeu.urantiacos.cl\/en\/#\/schema\/person\/d203e2e84b1c40275eac77b3061a19a2\"},\"description\":\"12 charlas se realizaron en 2020 que entregaron conocimientos de avanzada a trav\u00e9s de presentaciones realizadas por los jefes de programa y docentes de los programas de educaci\u00f3n continua de las escuelas de Arquitectura y Dise\u00f1o, en el marco de la iniciativa Las Condes Design: Reflexiones de Futuro, abarcando innovaci\u00f3n, nuevas tendencias y tecnolog\u00edas en materias relacionadas a las disciplinas proyectuales.\",\"breadcrumb\":{\"@id\":\"https:\/\/fadeu.urantiacos.cl\/en\/2021\/03\/29\/reflexiones-de-futuro-sobre-diseno-y-arquitectura-vuelve-el-ciclo-de-las-condes-design\/#breadcrumb\"},\"inLanguage\":\"en-US\",\"potentialAction\":[{\"@type\":\"ReadAction\",\"target\":[\"https:\/\/fadeu.urantiacos.cl\/en\/2021\/03\/29\/reflexiones-de-futuro-sobre-diseno-y-arquitectura-vuelve-el-ciclo-de-las-condes-design\/\"]}]},{\"@type\":\"ImageObject\",\"inLanguage\":\"en-US\",\"@id\":\"https:\/\/fadeu.urantiacos.cl\/en\/2021\/03\/29\/reflexiones-de-futuro-sobre-diseno-y-arquitectura-vuelve-el-ciclo-de-las-condes-design\/#primaryimage\",\"url\":\"https:\/\/fadeu.urantiacos.cl\/wp-content\/uploads\/2023\/09\/LASCONDESDESIGN_MARZO2021.png\",\"contentUrl\":\"https:\/\/fadeu.urantiacos.cl\/wp-content\/uploads\/2023\/09\/LASCONDESDESIGN_MARZO2021.png\",\"width\":350,\"height\":250},{\"@type\":\"BreadcrumbList\",\"@id\":\"https:\/\/fadeu.urantiacos.cl\/en\/2021\/03\/29\/reflexiones-de-futuro-sobre-diseno-y-arquitectura-vuelve-el-ciclo-de-las-condes-design\/#breadcrumb\",\"itemListElement\":[{\"@type\":\"ListItem\",\"position\":1,\"name\":\"Portada\",\"item\":\"https:\/\/fadeu.urantiacos.cl\/en\/\"},{\"@type\":\"ListItem\",\"position\":2,\"name\":\"Reflexiones de Futuro sobre Dise\u00f1o y Arquitectura: Vuelve el ciclo de Las Condes Design\"}]},{\"@type\":\"WebSite\",\"@id\":\"https:\/\/fadeu.urantiacos.cl\/en\/#website\",\"url\":\"https:\/\/fadeu.urantiacos.cl\/en\/\",\"name\":\"Facultad de Arquitectura, Dise\u00f1o y Estudios Urbanos\",\"description\":\"Campus Lo Contador\",\"potentialAction\":[{\"@type\":\"SearchAction\",\"target\":{\"@type\":\"EntryPoint\",\"urlTemplate\":\"https:\/\/fadeu.urantiacos.cl\/en\/?s={search_term_string}\"},\"query-input\":{\"@type\":\"PropertyValueSpecification\",\"valueRequired\":true,\"valueName\":\"search_term_string\"}}],\"inLanguage\":\"en-US\"},{\"@type\":\"Person\",\"@id\":\"https:\/\/fadeu.urantiacos.cl\/en\/#\/schema\/person\/d203e2e84b1c40275eac77b3061a19a2\",\"name\":\"manadmin\",\"image\":{\"@type\":\"ImageObject\",\"inLanguage\":\"en-US\",\"@id\":\"https:\/\/fadeu.urantiacos.cl\/en\/#\/schema\/person\/image\/\",\"url\":\"https:\/\/secure.gravatar.com\/avatar\/4b1d8e3303b4a9d8968ac578947d8bc80d9aea359f388cdd4aac15cadc0e8447?s=96&d=mm&r=g\",\"contentUrl\":\"https:\/\/secure.gravatar.com\/avatar\/4b1d8e3303b4a9d8968ac578947d8bc80d9aea359f388cdd4aac15cadc0e8447?s=96&d=mm&r=g\",\"caption\":\"manadmin\"},\"sameAs\":[\"https:\/\/fadeu.urantiacos.cl\"]}]}<\/script>\n<!-- \/ Yoast SEO plugin. -->","yoast_head_json":{"title":"Reflexiones de Futuro sobre Dise\u00f1o y Arquitectura: Vuelve el ciclo de Las Condes Design - Facultad de Arquitectura, Dise\u00f1o y Estudios Urbanos","description":"12 charlas se realizaron en 2020 que entregaron conocimientos de avanzada a trav\u00e9s de presentaciones realizadas por los jefes de programa y docentes de los programas de educaci\u00f3n continua de las escuelas de Arquitectura y Dise\u00f1o, en el marco de la iniciativa Las Condes Design: Reflexiones de Futuro, abarcando innovaci\u00f3n, nuevas tendencias y tecnolog\u00edas en materias relacionadas a las disciplinas proyectuales.","robots":{"index":"index","follow":"follow","max-snippet":"max-snippet:-1","max-image-preview":"max-image-preview:large","max-video-preview":"max-video-preview:-1"},"canonical":"https:\/\/fadeu.urantiacos.cl\/en\/2021\/03\/29\/reflexiones-de-futuro-sobre-diseno-y-arquitectura-vuelve-el-ciclo-de-las-condes-design\/","og_locale":"en_US","og_type":"article","og_title":"Reflexiones de Futuro sobre Dise\u00f1o y Arquitectura: Vuelve el ciclo de Las Condes Design - Facultad de Arquitectura, Dise\u00f1o y Estudios Urbanos","og_description":"12 charlas se realizaron en 2020 que entregaron conocimientos de avanzada a trav\u00e9s de presentaciones realizadas por los jefes de programa y docentes de los programas de educaci\u00f3n continua de las escuelas de Arquitectura y Dise\u00f1o, en el marco de la iniciativa Las Condes Design: Reflexiones de Futuro, abarcando innovaci\u00f3n, nuevas tendencias y tecnolog\u00edas en materias relacionadas a las disciplinas proyectuales.","og_url":"https:\/\/fadeu.urantiacos.cl\/en\/2021\/03\/29\/reflexiones-de-futuro-sobre-diseno-y-arquitectura-vuelve-el-ciclo-de-las-condes-design\/","og_site_name":"Facultad de Arquitectura, Dise\u00f1o y Estudios Urbanos","article_published_time":"2021-03-29T22:17:00+00:00","article_modified_time":"2023-09-08T22:19:18+00:00","og_image":[{"width":350,"height":250,"url":"https:\/\/fadeu.urantiacos.cl\/wp-content\/uploads\/2023\/09\/LASCONDESDESIGN_MARZO2021.png","type":"image\/png"}],"author":"manadmin","twitter_card":"summary_large_image","twitter_misc":{"Written by":"manadmin","Est. reading time":"3 minutes"},"schema":{"@context":"https:\/\/schema.org","@graph":[{"@type":"Article","@id":"https:\/\/fadeu.urantiacos.cl\/en\/2021\/03\/29\/reflexiones-de-futuro-sobre-diseno-y-arquitectura-vuelve-el-ciclo-de-las-condes-design\/#article","isPartOf":{"@id":"https:\/\/fadeu.urantiacos.cl\/en\/2021\/03\/29\/reflexiones-de-futuro-sobre-diseno-y-arquitectura-vuelve-el-ciclo-de-las-condes-design\/"},"author":{"name":"manadmin","@id":"https:\/\/fadeu.urantiacos.cl\/en\/#\/schema\/person\/d203e2e84b1c40275eac77b3061a19a2"},"headline":"Reflexiones de Futuro sobre Dise\u00f1o y Arquitectura: Vuelve el ciclo de Las Condes Design","datePublished":"2021-03-29T22:17:00+00:00","dateModified":"2023-09-08T22:19:18+00:00","mainEntityOfPage":{"@id":"https:\/\/fadeu.urantiacos.cl\/en\/2021\/03\/29\/reflexiones-de-futuro-sobre-diseno-y-arquitectura-vuelve-el-ciclo-de-las-condes-design\/"},"wordCount":586,"commentCount":0,"image":{"@id":"https:\/\/fadeu.urantiacos.cl\/en\/2021\/03\/29\/reflexiones-de-futuro-sobre-diseno-y-arquitectura-vuelve-el-ciclo-de-las-condes-design\/#primaryimage"},"thumbnailUrl":"https:\/\/fadeu.urantiacos.cl\/wp-content\/uploads\/2023\/09\/LASCONDESDESIGN_MARZO2021.png","articleSection":["Sin categorizar"],"inLanguage":"en-US","potentialAction":[{"@type":"CommentAction","name":"Comment","target":["https:\/\/fadeu.urantiacos.cl\/en\/2021\/03\/29\/reflexiones-de-futuro-sobre-diseno-y-arquitectura-vuelve-el-ciclo-de-las-condes-design\/#respond"]}]},{"@type":"WebPage","@id":"https:\/\/fadeu.urantiacos.cl\/en\/2021\/03\/29\/reflexiones-de-futuro-sobre-diseno-y-arquitectura-vuelve-el-ciclo-de-las-condes-design\/","url":"https:\/\/fadeu.urantiacos.cl\/en\/2021\/03\/29\/reflexiones-de-futuro-sobre-diseno-y-arquitectura-vuelve-el-ciclo-de-las-condes-design\/","name":"Reflexiones de Futuro sobre Dise\u00f1o y Arquitectura: Vuelve el ciclo de Las Condes Design - Facultad de Arquitectura, Dise\u00f1o y Estudios Urbanos","isPartOf":{"@id":"https:\/\/fadeu.urantiacos.cl\/en\/#website"},"primaryImageOfPage":{"@id":"https:\/\/fadeu.urantiacos.cl\/en\/2021\/03\/29\/reflexiones-de-futuro-sobre-diseno-y-arquitectura-vuelve-el-ciclo-de-las-condes-design\/#primaryimage"},"image":{"@id":"https:\/\/fadeu.urantiacos.cl\/en\/2021\/03\/29\/reflexiones-de-futuro-sobre-diseno-y-arquitectura-vuelve-el-ciclo-de-las-condes-design\/#primaryimage"},"thumbnailUrl":"https:\/\/fadeu.urantiacos.cl\/wp-content\/uploads\/2023\/09\/LASCONDESDESIGN_MARZO2021.png","datePublished":"2021-03-29T22:17:00+00:00","dateModified":"2023-09-08T22:19:18+00:00","author":{"@id":"https:\/\/fadeu.urantiacos.cl\/en\/#\/schema\/person\/d203e2e84b1c40275eac77b3061a19a2"},"description":"12 charlas se realizaron en 2020 que entregaron conocimientos de avanzada a trav\u00e9s de presentaciones realizadas por los jefes de programa y docentes de los programas de educaci\u00f3n continua de las escuelas de Arquitectura y Dise\u00f1o, en el marco de la iniciativa Las Condes Design: Reflexiones de Futuro, abarcando innovaci\u00f3n, nuevas tendencias y tecnolog\u00edas en materias relacionadas a las disciplinas proyectuales.","breadcrumb":{"@id":"https:\/\/fadeu.urantiacos.cl\/en\/2021\/03\/29\/reflexiones-de-futuro-sobre-diseno-y-arquitectura-vuelve-el-ciclo-de-las-condes-design\/#breadcrumb"},"inLanguage":"en-US","potentialAction":[{"@type":"ReadAction","target":["https:\/\/fadeu.urantiacos.cl\/en\/2021\/03\/29\/reflexiones-de-futuro-sobre-diseno-y-arquitectura-vuelve-el-ciclo-de-las-condes-design\/"]}]},{"@type":"ImageObject","inLanguage":"en-US","@id":"https:\/\/fadeu.urantiacos.cl\/en\/2021\/03\/29\/reflexiones-de-futuro-sobre-diseno-y-arquitectura-vuelve-el-ciclo-de-las-condes-design\/#primaryimage","url":"https:\/\/fadeu.urantiacos.cl\/wp-content\/uploads\/2023\/09\/LASCONDESDESIGN_MARZO2021.png","contentUrl":"https:\/\/fadeu.urantiacos.cl\/wp-content\/uploads\/2023\/09\/LASCONDESDESIGN_MARZO2021.png","width":350,"height":250},{"@type":"BreadcrumbList","@id":"https:\/\/fadeu.urantiacos.cl\/en\/2021\/03\/29\/reflexiones-de-futuro-sobre-diseno-y-arquitectura-vuelve-el-ciclo-de-las-condes-design\/#breadcrumb","itemListElement":[{"@type":"ListItem","position":1,"name":"Portada","item":"https:\/\/fadeu.urantiacos.cl\/en\/"},{"@type":"ListItem","position":2,"name":"Reflexiones de Futuro sobre Dise\u00f1o y Arquitectura: Vuelve el ciclo de Las Condes Design"}]},{"@type":"WebSite","@id":"https:\/\/fadeu.urantiacos.cl\/en\/#website","url":"https:\/\/fadeu.urantiacos.cl\/en\/","name":"Facultad de Arquitectura, Dise\u00f1o y Estudios Urbanos","description":"Campus Lo Contador","potentialAction":[{"@type":"SearchAction","target":{"@type":"EntryPoint","urlTemplate":"https:\/\/fadeu.urantiacos.cl\/en\/?s={search_term_string}"},"query-input":{"@type":"PropertyValueSpecification","valueRequired":true,"valueName":"search_term_string"}}],"inLanguage":"en-US"},{"@type":"Person","@id":"https:\/\/fadeu.urantiacos.cl\/en\/#\/schema\/person\/d203e2e84b1c40275eac77b3061a19a2","name":"manadmin","image":{"@type":"ImageObject","inLanguage":"en-US","@id":"https:\/\/fadeu.urantiacos.cl\/en\/#\/schema\/person\/image\/","url":"https:\/\/secure.gravatar.com\/avatar\/4b1d8e3303b4a9d8968ac578947d8bc80d9aea359f388cdd4aac15cadc0e8447?s=96&d=mm&r=g","contentUrl":"https:\/\/secure.gravatar.com\/avatar\/4b1d8e3303b4a9d8968ac578947d8bc80d9aea359f388cdd4aac15cadc0e8447?s=96&d=mm&r=g","caption":"manadmin"},"sameAs":["https:\/\/fadeu.urantiacos.cl"]}]}},"_links":{"self":[{"href":"https:\/\/fadeu.urantiacos.cl\/en\/wp-json\/wp\/v2\/posts\/7291","targetHints":{"allow":["GET"]}}],"collection":[{"href":"https:\/\/fadeu.urantiacos.cl\/en\/wp-json\/wp\/v2\/posts"}],"about":[{"href":"https:\/\/fadeu.urantiacos.cl\/en\/wp-json\/wp\/v2\/types\/post"}],"author":[{"embeddable":true,"href":"https:\/\/fadeu.urantiacos.cl\/en\/wp-json\/wp\/v2\/users\/1"}],"replies":[{"embeddable":true,"href":"https:\/\/fadeu.urantiacos.cl\/en\/wp-json\/wp\/v2\/comments?post=7291"}],"version-history":[{"count":1,"href":"https:\/\/fadeu.urantiacos.cl\/en\/wp-json\/wp\/v2\/posts\/7291\/revisions"}],"predecessor-version":[{"id":7293,"href":"https:\/\/fadeu.urantiacos.cl\/en\/wp-json\/wp\/v2\/posts\/7291\/revisions\/7293"}],"wp:featuredmedia":[{"embeddable":true,"href":"https:\/\/fadeu.urantiacos.cl\/en\/wp-json\/wp\/v2\/media\/7292"}],"wp:attachment":[{"href":"https:\/\/fadeu.urantiacos.cl\/en\/wp-json\/wp\/v2\/media?parent=7291"}],"wp:term":[{"taxonomy":"category","embeddable":true,"href":"https:\/\/fadeu.urantiacos.cl\/en\/wp-json\/wp\/v2\/categories?post=7291"},{"taxonomy":"post_tag","embeddable":true,"href":"https:\/\/fadeu.urantiacos.cl\/en\/wp-json\/wp\/v2\/tags?post=7291"}],"curies":[{"name":"wp","href":"https:\/\/api.w.org\/{rel}","templated":true}]}}