{"id":7288,"date":"2021-03-29T19:06:00","date_gmt":"2021-03-29T22:06:00","guid":{"rendered":"https:\/\/fadeu.urantiacos.cl\/?p=7288"},"modified":"2023-09-08T19:17:33","modified_gmt":"2023-09-08T22:17:33","slug":"destacan-a-pabellon-que-representara-a-chile-en-la-bienal-de-diseno-de-londres","status":"publish","type":"post","link":"https:\/\/fadeu.urantiacos.cl\/en\/2021\/03\/29\/destacan-a-pabellon-que-representara-a-chile-en-la-bienal-de-diseno-de-londres\/","title":{"rendered":"Destacan a pabell\u00f3n que representar\u00e1 a Chile en la Bienal de Dise\u00f1o de Londres"},"content":{"rendered":"\n<figure class=\"wp-block-image size-full\"><img decoding=\"async\" width=\"350\" height=\"250\" src=\"https:\/\/fadeu.urantiacos.cl\/wp-content\/uploads\/2023\/09\/WEBBuscando-Piedras_ATACAMA_III-Region_1.jpg\" alt=\"\" class=\"wp-image-7289\" srcset=\"https:\/\/fadeu.urantiacos.cl\/wp-content\/uploads\/2023\/09\/WEBBuscando-Piedras_ATACAMA_III-Region_1.jpg 350w, https:\/\/fadeu.urantiacos.cl\/wp-content\/uploads\/2023\/09\/WEBBuscando-Piedras_ATACAMA_III-Region_1-300x214.jpg 300w\" sizes=\"(max-width: 350px) 100vw, 350px\" \/><\/figure>\n\n\n\n<p>La propuesta, obra de los docentes y curadores de Dise\u00f1o UC, Carola Ureta, Marcos Chillet, Mart\u00edn Tironi y Pablo Hermansen, explora el concepto de resonancia a trav\u00e9s de tecnolog\u00edas l\u00edticas ancestrales, para pensar el dise\u00f1o desde una escala geol\u00f3gica. La puesta en escena ser\u00e1 en el&nbsp;<a href=\"https:\/\/www.instagram.com\/somersethouse\/\">Somerset House<\/a>, y se llevar\u00e1 a cabo a trav\u00e9s de siete monolitos sonoros de piedra que vienen de siete centros de artesan\u00eda l\u00edtica, reconocidos por la Dibam.<\/p>\n\n\n\n<p>\u201cLos visitantes, al poder tocar los lit\u00f3fonos, desplegar\u00e1n un paisaje sonoro que pone en valor a los artesanos y dise\u00f1adores. Los lit\u00f3fonos har\u00e1n resonar canteras, comunidades y tradiciones, interrogando el antropocentr\u00edsmo del dise\u00f1o contempor\u00e1neo\u201d, explican sus creadores.<\/p>\n\n\n\n<p>El evento se desarrollar\u00e1 entre el 1 y el 27 de junio de 2021.<\/p>\n\n\n\n<p>INFORMACI\u00d3N PERIOD\u00cdSTICA<br>ESCUELA DE DISE\u00d1O&nbsp;<\/p>\n","protected":false},"excerpt":{"rendered":"<p>Destacado en la p\u00e1gina web inicial de la Bienal de Dise\u00f1o de Londres est\u00e1 la propuesta chilena, \u201cTectonic Resonances\u201d, que representar\u00e1 a Chile en este importante evento el pr\u00f3ximo junio.<\/p>\n","protected":false},"author":1,"featured_media":7289,"comment_status":"open","ping_status":"open","sticky":false,"template":"","format":"standard","meta":{"_acf_changed":false,"footnotes":""},"categories":[1],"tags":[],"class_list":["post-7288","post","type-post","status-publish","format-standard","has-post-thumbnail","hentry","category-sin-categorizar"],"acf":[],"yoast_head":"<!-- This site is optimized with the Yoast SEO plugin v27.1.1 - https:\/\/yoast.com\/product\/yoast-seo-wordpress\/ -->\n<title>Destacan a pabell\u00f3n que representar\u00e1 a Chile en la Bienal de Dise\u00f1o de Londres - Facultad de Arquitectura, Dise\u00f1o y Estudios Urbanos<\/title>\n<meta name=\"description\" content=\"Destacado en la p\u00e1gina web inicial de la Bienal de Dise\u00f1o de Londres est\u00e1 la propuesta chilena, \u201cTectonic Resonances\u201d, que representar\u00e1 a Chile en este importante evento el pr\u00f3ximo junio.\" \/>\n<meta name=\"robots\" content=\"index, follow, max-snippet:-1, max-image-preview:large, max-video-preview:-1\" \/>\n<link rel=\"canonical\" href=\"https:\/\/fadeu.urantiacos.cl\/en\/2021\/03\/29\/destacan-a-pabellon-que-representara-a-chile-en-la-bienal-de-diseno-de-londres\/\" \/>\n<meta property=\"og:locale\" content=\"en_US\" \/>\n<meta property=\"og:type\" content=\"article\" \/>\n<meta property=\"og:title\" content=\"Destacan a pabell\u00f3n que representar\u00e1 a Chile en la Bienal de Dise\u00f1o de Londres - Facultad de Arquitectura, Dise\u00f1o y Estudios Urbanos\" \/>\n<meta property=\"og:description\" content=\"Destacado en la p\u00e1gina web inicial de la Bienal de Dise\u00f1o de Londres est\u00e1 la propuesta chilena, \u201cTectonic Resonances\u201d, que representar\u00e1 a Chile en este importante evento el pr\u00f3ximo junio.\" \/>\n<meta property=\"og:url\" content=\"https:\/\/fadeu.urantiacos.cl\/en\/2021\/03\/29\/destacan-a-pabellon-que-representara-a-chile-en-la-bienal-de-diseno-de-londres\/\" \/>\n<meta property=\"og:site_name\" content=\"Facultad de Arquitectura, Dise\u00f1o y Estudios Urbanos\" \/>\n<meta property=\"article:published_time\" content=\"2021-03-29T22:06:00+00:00\" \/>\n<meta property=\"article:modified_time\" content=\"2023-09-08T22:17:33+00:00\" \/>\n<meta property=\"og:image\" content=\"https:\/\/fadeu.urantiacos.cl\/wp-content\/uploads\/2023\/09\/WEBBuscando-Piedras_ATACAMA_III-Region_1.jpg\" \/>\n\t<meta property=\"og:image:width\" content=\"350\" \/>\n\t<meta property=\"og:image:height\" content=\"250\" \/>\n\t<meta property=\"og:image:type\" content=\"image\/jpeg\" \/>\n<meta name=\"author\" content=\"manadmin\" \/>\n<meta name=\"twitter:card\" content=\"summary_large_image\" \/>\n<meta name=\"twitter:label1\" content=\"Written by\" \/>\n\t<meta name=\"twitter:data1\" content=\"manadmin\" \/>\n\t<meta name=\"twitter:label2\" content=\"Est. reading time\" \/>\n\t<meta name=\"twitter:data2\" content=\"1 minute\" \/>\n<script type=\"application\/ld+json\" class=\"yoast-schema-graph\">{\"@context\":\"https:\/\/schema.org\",\"@graph\":[{\"@type\":\"Article\",\"@id\":\"https:\/\/fadeu.urantiacos.cl\/en\/2021\/03\/29\/destacan-a-pabellon-que-representara-a-chile-en-la-bienal-de-diseno-de-londres\/#article\",\"isPartOf\":{\"@id\":\"https:\/\/fadeu.urantiacos.cl\/en\/2021\/03\/29\/destacan-a-pabellon-que-representara-a-chile-en-la-bienal-de-diseno-de-londres\/\"},\"author\":{\"name\":\"manadmin\",\"@id\":\"https:\/\/fadeu.urantiacos.cl\/en\/#\/schema\/person\/d203e2e84b1c40275eac77b3061a19a2\"},\"headline\":\"Destacan a pabell\u00f3n que representar\u00e1 a Chile en la Bienal de Dise\u00f1o de Londres\",\"datePublished\":\"2021-03-29T22:06:00+00:00\",\"dateModified\":\"2023-09-08T22:17:33+00:00\",\"mainEntityOfPage\":{\"@id\":\"https:\/\/fadeu.urantiacos.cl\/en\/2021\/03\/29\/destacan-a-pabellon-que-representara-a-chile-en-la-bienal-de-diseno-de-londres\/\"},\"wordCount\":164,\"commentCount\":0,\"image\":{\"@id\":\"https:\/\/fadeu.urantiacos.cl\/en\/2021\/03\/29\/destacan-a-pabellon-que-representara-a-chile-en-la-bienal-de-diseno-de-londres\/#primaryimage\"},\"thumbnailUrl\":\"https:\/\/fadeu.urantiacos.cl\/wp-content\/uploads\/2023\/09\/WEBBuscando-Piedras_ATACAMA_III-Region_1.jpg\",\"articleSection\":[\"Sin categorizar\"],\"inLanguage\":\"en-US\",\"potentialAction\":[{\"@type\":\"CommentAction\",\"name\":\"Comment\",\"target\":[\"https:\/\/fadeu.urantiacos.cl\/en\/2021\/03\/29\/destacan-a-pabellon-que-representara-a-chile-en-la-bienal-de-diseno-de-londres\/#respond\"]}]},{\"@type\":\"WebPage\",\"@id\":\"https:\/\/fadeu.urantiacos.cl\/en\/2021\/03\/29\/destacan-a-pabellon-que-representara-a-chile-en-la-bienal-de-diseno-de-londres\/\",\"url\":\"https:\/\/fadeu.urantiacos.cl\/en\/2021\/03\/29\/destacan-a-pabellon-que-representara-a-chile-en-la-bienal-de-diseno-de-londres\/\",\"name\":\"Destacan a pabell\u00f3n que representar\u00e1 a Chile en la Bienal de Dise\u00f1o de Londres - Facultad de Arquitectura, Dise\u00f1o y Estudios Urbanos\",\"isPartOf\":{\"@id\":\"https:\/\/fadeu.urantiacos.cl\/en\/#website\"},\"primaryImageOfPage\":{\"@id\":\"https:\/\/fadeu.urantiacos.cl\/en\/2021\/03\/29\/destacan-a-pabellon-que-representara-a-chile-en-la-bienal-de-diseno-de-londres\/#primaryimage\"},\"image\":{\"@id\":\"https:\/\/fadeu.urantiacos.cl\/en\/2021\/03\/29\/destacan-a-pabellon-que-representara-a-chile-en-la-bienal-de-diseno-de-londres\/#primaryimage\"},\"thumbnailUrl\":\"https:\/\/fadeu.urantiacos.cl\/wp-content\/uploads\/2023\/09\/WEBBuscando-Piedras_ATACAMA_III-Region_1.jpg\",\"datePublished\":\"2021-03-29T22:06:00+00:00\",\"dateModified\":\"2023-09-08T22:17:33+00:00\",\"author\":{\"@id\":\"https:\/\/fadeu.urantiacos.cl\/en\/#\/schema\/person\/d203e2e84b1c40275eac77b3061a19a2\"},\"description\":\"Destacado en la p\u00e1gina web inicial de la Bienal de Dise\u00f1o de Londres est\u00e1 la propuesta chilena, \u201cTectonic Resonances\u201d, que representar\u00e1 a Chile en este importante evento el pr\u00f3ximo junio.\",\"breadcrumb\":{\"@id\":\"https:\/\/fadeu.urantiacos.cl\/en\/2021\/03\/29\/destacan-a-pabellon-que-representara-a-chile-en-la-bienal-de-diseno-de-londres\/#breadcrumb\"},\"inLanguage\":\"en-US\",\"potentialAction\":[{\"@type\":\"ReadAction\",\"target\":[\"https:\/\/fadeu.urantiacos.cl\/en\/2021\/03\/29\/destacan-a-pabellon-que-representara-a-chile-en-la-bienal-de-diseno-de-londres\/\"]}]},{\"@type\":\"ImageObject\",\"inLanguage\":\"en-US\",\"@id\":\"https:\/\/fadeu.urantiacos.cl\/en\/2021\/03\/29\/destacan-a-pabellon-que-representara-a-chile-en-la-bienal-de-diseno-de-londres\/#primaryimage\",\"url\":\"https:\/\/fadeu.urantiacos.cl\/wp-content\/uploads\/2023\/09\/WEBBuscando-Piedras_ATACAMA_III-Region_1.jpg\",\"contentUrl\":\"https:\/\/fadeu.urantiacos.cl\/wp-content\/uploads\/2023\/09\/WEBBuscando-Piedras_ATACAMA_III-Region_1.jpg\",\"width\":350,\"height\":250},{\"@type\":\"BreadcrumbList\",\"@id\":\"https:\/\/fadeu.urantiacos.cl\/en\/2021\/03\/29\/destacan-a-pabellon-que-representara-a-chile-en-la-bienal-de-diseno-de-londres\/#breadcrumb\",\"itemListElement\":[{\"@type\":\"ListItem\",\"position\":1,\"name\":\"Portada\",\"item\":\"https:\/\/fadeu.urantiacos.cl\/en\/\"},{\"@type\":\"ListItem\",\"position\":2,\"name\":\"Destacan a pabell\u00f3n que representar\u00e1 a Chile en la Bienal de Dise\u00f1o de Londres\"}]},{\"@type\":\"WebSite\",\"@id\":\"https:\/\/fadeu.urantiacos.cl\/en\/#website\",\"url\":\"https:\/\/fadeu.urantiacos.cl\/en\/\",\"name\":\"Facultad de Arquitectura, Dise\u00f1o y Estudios Urbanos\",\"description\":\"Campus Lo Contador\",\"potentialAction\":[{\"@type\":\"SearchAction\",\"target\":{\"@type\":\"EntryPoint\",\"urlTemplate\":\"https:\/\/fadeu.urantiacos.cl\/en\/?s={search_term_string}\"},\"query-input\":{\"@type\":\"PropertyValueSpecification\",\"valueRequired\":true,\"valueName\":\"search_term_string\"}}],\"inLanguage\":\"en-US\"},{\"@type\":\"Person\",\"@id\":\"https:\/\/fadeu.urantiacos.cl\/en\/#\/schema\/person\/d203e2e84b1c40275eac77b3061a19a2\",\"name\":\"manadmin\",\"image\":{\"@type\":\"ImageObject\",\"inLanguage\":\"en-US\",\"@id\":\"https:\/\/fadeu.urantiacos.cl\/en\/#\/schema\/person\/image\/\",\"url\":\"https:\/\/secure.gravatar.com\/avatar\/4b1d8e3303b4a9d8968ac578947d8bc80d9aea359f388cdd4aac15cadc0e8447?s=96&d=mm&r=g\",\"contentUrl\":\"https:\/\/secure.gravatar.com\/avatar\/4b1d8e3303b4a9d8968ac578947d8bc80d9aea359f388cdd4aac15cadc0e8447?s=96&d=mm&r=g\",\"caption\":\"manadmin\"},\"sameAs\":[\"https:\/\/fadeu.urantiacos.cl\"]}]}<\/script>\n<!-- \/ Yoast SEO plugin. -->","yoast_head_json":{"title":"Destacan a pabell\u00f3n que representar\u00e1 a Chile en la Bienal de Dise\u00f1o de Londres - Facultad de Arquitectura, Dise\u00f1o y Estudios Urbanos","description":"Destacado en la p\u00e1gina web inicial de la Bienal de Dise\u00f1o de Londres est\u00e1 la propuesta chilena, \u201cTectonic Resonances\u201d, que representar\u00e1 a Chile en este importante evento el pr\u00f3ximo junio.","robots":{"index":"index","follow":"follow","max-snippet":"max-snippet:-1","max-image-preview":"max-image-preview:large","max-video-preview":"max-video-preview:-1"},"canonical":"https:\/\/fadeu.urantiacos.cl\/en\/2021\/03\/29\/destacan-a-pabellon-que-representara-a-chile-en-la-bienal-de-diseno-de-londres\/","og_locale":"en_US","og_type":"article","og_title":"Destacan a pabell\u00f3n que representar\u00e1 a Chile en la Bienal de Dise\u00f1o de Londres - Facultad de Arquitectura, Dise\u00f1o y Estudios Urbanos","og_description":"Destacado en la p\u00e1gina web inicial de la Bienal de Dise\u00f1o de Londres est\u00e1 la propuesta chilena, \u201cTectonic Resonances\u201d, que representar\u00e1 a Chile en este importante evento el pr\u00f3ximo junio.","og_url":"https:\/\/fadeu.urantiacos.cl\/en\/2021\/03\/29\/destacan-a-pabellon-que-representara-a-chile-en-la-bienal-de-diseno-de-londres\/","og_site_name":"Facultad de Arquitectura, Dise\u00f1o y Estudios Urbanos","article_published_time":"2021-03-29T22:06:00+00:00","article_modified_time":"2023-09-08T22:17:33+00:00","og_image":[{"width":350,"height":250,"url":"https:\/\/fadeu.urantiacos.cl\/wp-content\/uploads\/2023\/09\/WEBBuscando-Piedras_ATACAMA_III-Region_1.jpg","type":"image\/jpeg"}],"author":"manadmin","twitter_card":"summary_large_image","twitter_misc":{"Written by":"manadmin","Est. reading time":"1 minute"},"schema":{"@context":"https:\/\/schema.org","@graph":[{"@type":"Article","@id":"https:\/\/fadeu.urantiacos.cl\/en\/2021\/03\/29\/destacan-a-pabellon-que-representara-a-chile-en-la-bienal-de-diseno-de-londres\/#article","isPartOf":{"@id":"https:\/\/fadeu.urantiacos.cl\/en\/2021\/03\/29\/destacan-a-pabellon-que-representara-a-chile-en-la-bienal-de-diseno-de-londres\/"},"author":{"name":"manadmin","@id":"https:\/\/fadeu.urantiacos.cl\/en\/#\/schema\/person\/d203e2e84b1c40275eac77b3061a19a2"},"headline":"Destacan a pabell\u00f3n que representar\u00e1 a Chile en la Bienal de Dise\u00f1o de Londres","datePublished":"2021-03-29T22:06:00+00:00","dateModified":"2023-09-08T22:17:33+00:00","mainEntityOfPage":{"@id":"https:\/\/fadeu.urantiacos.cl\/en\/2021\/03\/29\/destacan-a-pabellon-que-representara-a-chile-en-la-bienal-de-diseno-de-londres\/"},"wordCount":164,"commentCount":0,"image":{"@id":"https:\/\/fadeu.urantiacos.cl\/en\/2021\/03\/29\/destacan-a-pabellon-que-representara-a-chile-en-la-bienal-de-diseno-de-londres\/#primaryimage"},"thumbnailUrl":"https:\/\/fadeu.urantiacos.cl\/wp-content\/uploads\/2023\/09\/WEBBuscando-Piedras_ATACAMA_III-Region_1.jpg","articleSection":["Sin categorizar"],"inLanguage":"en-US","potentialAction":[{"@type":"CommentAction","name":"Comment","target":["https:\/\/fadeu.urantiacos.cl\/en\/2021\/03\/29\/destacan-a-pabellon-que-representara-a-chile-en-la-bienal-de-diseno-de-londres\/#respond"]}]},{"@type":"WebPage","@id":"https:\/\/fadeu.urantiacos.cl\/en\/2021\/03\/29\/destacan-a-pabellon-que-representara-a-chile-en-la-bienal-de-diseno-de-londres\/","url":"https:\/\/fadeu.urantiacos.cl\/en\/2021\/03\/29\/destacan-a-pabellon-que-representara-a-chile-en-la-bienal-de-diseno-de-londres\/","name":"Destacan a pabell\u00f3n que representar\u00e1 a Chile en la Bienal de Dise\u00f1o de Londres - Facultad de Arquitectura, Dise\u00f1o y Estudios Urbanos","isPartOf":{"@id":"https:\/\/fadeu.urantiacos.cl\/en\/#website"},"primaryImageOfPage":{"@id":"https:\/\/fadeu.urantiacos.cl\/en\/2021\/03\/29\/destacan-a-pabellon-que-representara-a-chile-en-la-bienal-de-diseno-de-londres\/#primaryimage"},"image":{"@id":"https:\/\/fadeu.urantiacos.cl\/en\/2021\/03\/29\/destacan-a-pabellon-que-representara-a-chile-en-la-bienal-de-diseno-de-londres\/#primaryimage"},"thumbnailUrl":"https:\/\/fadeu.urantiacos.cl\/wp-content\/uploads\/2023\/09\/WEBBuscando-Piedras_ATACAMA_III-Region_1.jpg","datePublished":"2021-03-29T22:06:00+00:00","dateModified":"2023-09-08T22:17:33+00:00","author":{"@id":"https:\/\/fadeu.urantiacos.cl\/en\/#\/schema\/person\/d203e2e84b1c40275eac77b3061a19a2"},"description":"Destacado en la p\u00e1gina web inicial de la Bienal de Dise\u00f1o de Londres est\u00e1 la propuesta chilena, \u201cTectonic Resonances\u201d, que representar\u00e1 a Chile en este importante evento el pr\u00f3ximo junio.","breadcrumb":{"@id":"https:\/\/fadeu.urantiacos.cl\/en\/2021\/03\/29\/destacan-a-pabellon-que-representara-a-chile-en-la-bienal-de-diseno-de-londres\/#breadcrumb"},"inLanguage":"en-US","potentialAction":[{"@type":"ReadAction","target":["https:\/\/fadeu.urantiacos.cl\/en\/2021\/03\/29\/destacan-a-pabellon-que-representara-a-chile-en-la-bienal-de-diseno-de-londres\/"]}]},{"@type":"ImageObject","inLanguage":"en-US","@id":"https:\/\/fadeu.urantiacos.cl\/en\/2021\/03\/29\/destacan-a-pabellon-que-representara-a-chile-en-la-bienal-de-diseno-de-londres\/#primaryimage","url":"https:\/\/fadeu.urantiacos.cl\/wp-content\/uploads\/2023\/09\/WEBBuscando-Piedras_ATACAMA_III-Region_1.jpg","contentUrl":"https:\/\/fadeu.urantiacos.cl\/wp-content\/uploads\/2023\/09\/WEBBuscando-Piedras_ATACAMA_III-Region_1.jpg","width":350,"height":250},{"@type":"BreadcrumbList","@id":"https:\/\/fadeu.urantiacos.cl\/en\/2021\/03\/29\/destacan-a-pabellon-que-representara-a-chile-en-la-bienal-de-diseno-de-londres\/#breadcrumb","itemListElement":[{"@type":"ListItem","position":1,"name":"Portada","item":"https:\/\/fadeu.urantiacos.cl\/en\/"},{"@type":"ListItem","position":2,"name":"Destacan a pabell\u00f3n que representar\u00e1 a Chile en la Bienal de Dise\u00f1o de Londres"}]},{"@type":"WebSite","@id":"https:\/\/fadeu.urantiacos.cl\/en\/#website","url":"https:\/\/fadeu.urantiacos.cl\/en\/","name":"Facultad de Arquitectura, Dise\u00f1o y Estudios Urbanos","description":"Campus Lo Contador","potentialAction":[{"@type":"SearchAction","target":{"@type":"EntryPoint","urlTemplate":"https:\/\/fadeu.urantiacos.cl\/en\/?s={search_term_string}"},"query-input":{"@type":"PropertyValueSpecification","valueRequired":true,"valueName":"search_term_string"}}],"inLanguage":"en-US"},{"@type":"Person","@id":"https:\/\/fadeu.urantiacos.cl\/en\/#\/schema\/person\/d203e2e84b1c40275eac77b3061a19a2","name":"manadmin","image":{"@type":"ImageObject","inLanguage":"en-US","@id":"https:\/\/fadeu.urantiacos.cl\/en\/#\/schema\/person\/image\/","url":"https:\/\/secure.gravatar.com\/avatar\/4b1d8e3303b4a9d8968ac578947d8bc80d9aea359f388cdd4aac15cadc0e8447?s=96&d=mm&r=g","contentUrl":"https:\/\/secure.gravatar.com\/avatar\/4b1d8e3303b4a9d8968ac578947d8bc80d9aea359f388cdd4aac15cadc0e8447?s=96&d=mm&r=g","caption":"manadmin"},"sameAs":["https:\/\/fadeu.urantiacos.cl"]}]}},"_links":{"self":[{"href":"https:\/\/fadeu.urantiacos.cl\/en\/wp-json\/wp\/v2\/posts\/7288","targetHints":{"allow":["GET"]}}],"collection":[{"href":"https:\/\/fadeu.urantiacos.cl\/en\/wp-json\/wp\/v2\/posts"}],"about":[{"href":"https:\/\/fadeu.urantiacos.cl\/en\/wp-json\/wp\/v2\/types\/post"}],"author":[{"embeddable":true,"href":"https:\/\/fadeu.urantiacos.cl\/en\/wp-json\/wp\/v2\/users\/1"}],"replies":[{"embeddable":true,"href":"https:\/\/fadeu.urantiacos.cl\/en\/wp-json\/wp\/v2\/comments?post=7288"}],"version-history":[{"count":1,"href":"https:\/\/fadeu.urantiacos.cl\/en\/wp-json\/wp\/v2\/posts\/7288\/revisions"}],"predecessor-version":[{"id":7290,"href":"https:\/\/fadeu.urantiacos.cl\/en\/wp-json\/wp\/v2\/posts\/7288\/revisions\/7290"}],"wp:featuredmedia":[{"embeddable":true,"href":"https:\/\/fadeu.urantiacos.cl\/en\/wp-json\/wp\/v2\/media\/7289"}],"wp:attachment":[{"href":"https:\/\/fadeu.urantiacos.cl\/en\/wp-json\/wp\/v2\/media?parent=7288"}],"wp:term":[{"taxonomy":"category","embeddable":true,"href":"https:\/\/fadeu.urantiacos.cl\/en\/wp-json\/wp\/v2\/categories?post=7288"},{"taxonomy":"post_tag","embeddable":true,"href":"https:\/\/fadeu.urantiacos.cl\/en\/wp-json\/wp\/v2\/tags?post=7288"}],"curies":[{"name":"wp","href":"https:\/\/api.w.org\/{rel}","templated":true}]}}