{"id":7281,"date":"2021-03-29T19:01:00","date_gmt":"2021-03-29T22:01:00","guid":{"rendered":"https:\/\/fadeu.urantiacos.cl\/?p=7281"},"modified":"2023-09-08T19:06:30","modified_gmt":"2023-09-08T22:06:30","slug":"proyectos-de-estudiantes-de-diseno-finalistas-de-concurso-diseno-responde","status":"publish","type":"post","link":"https:\/\/fadeu.urantiacos.cl\/en\/2021\/03\/29\/proyectos-de-estudiantes-de-diseno-finalistas-de-concurso-diseno-responde\/","title":{"rendered":"Proyectos de estudiantes de Dise\u00f1o, finalistas de Concurso &#8220;Dise\u00f1o Responde&#8221;"},"content":{"rendered":"\n<figure class=\"wp-block-image size-full\"><img decoding=\"async\" width=\"350\" height=\"250\" src=\"https:\/\/fadeu.urantiacos.cl\/wp-content\/uploads\/2023\/09\/1lugun_web.png\" alt=\"\" class=\"wp-image-7282\" srcset=\"https:\/\/fadeu.urantiacos.cl\/wp-content\/uploads\/2023\/09\/1lugun_web.png 350w, https:\/\/fadeu.urantiacos.cl\/wp-content\/uploads\/2023\/09\/1lugun_web-300x214.png 300w\" sizes=\"(max-width: 350px) 100vw, 350px\" \/><\/figure>\n\n\n\n<p>Dentro de la n\u00f3mina de finalistas,&nbsp;cuatro proyectos surgidos desde Dise\u00f1o UC. Propuestas que responden a cuestiones relacionadas con el agua, la conexi\u00f3n con la naturaleza o el cuidado de los grupos de riesgo, pensando sobre todo en problem\u00e1ticas agudizadas por el contexto Covid-19:<\/p>\n\n\n\n<p>AirHunter, Taller Crisis, Postales del Futuro.<br>Profesor gu\u00eda: Jos\u00e9 Allard.<br>Estudiante: Francisca L\u00f3pez de Heredia Loyola<\/p>\n\n\n\n<figure class=\"wp-block-image size-full\"><img decoding=\"async\" width=\"781\" height=\"344\" src=\"https:\/\/fadeu.urantiacos.cl\/wp-content\/uploads\/2023\/09\/Captura-de-pantalla-2021-03-29-a-las-16.37.31.png\" alt=\"\" class=\"wp-image-7283\" srcset=\"https:\/\/fadeu.urantiacos.cl\/wp-content\/uploads\/2023\/09\/Captura-de-pantalla-2021-03-29-a-las-16.37.31.png 781w, https:\/\/fadeu.urantiacos.cl\/wp-content\/uploads\/2023\/09\/Captura-de-pantalla-2021-03-29-a-las-16.37.31-300x132.png 300w, https:\/\/fadeu.urantiacos.cl\/wp-content\/uploads\/2023\/09\/Captura-de-pantalla-2021-03-29-a-las-16.37.31-768x338.png 768w\" sizes=\"(max-width: 781px) 100vw, 781px\" \/><\/figure>\n\n\n\n<p>Airhunter es una capa dispuesta en un avi\u00f3n, hecha a partir de textiles de microfibra que busca captar agua del aire mediante la absorci\u00f3n de humedad, proceso en el cual se transfiere a trav\u00e9s del material hidrof\u00edlico. Una vez captada el agua, esta se recolecta en la parte inferior del avi\u00f3n (dise\u00f1ada inicialmente para el equipaje de los pasajeros), d\u00f3nde hay un tanque para almacenar el agua.<\/p>\n\n\n\n<p>Water Fall, Taller Crisis, Postales de Futuro<br>Profesor gu\u00eda: Jos\u00e9 Allard<br>Estudiante: Silvio Arribas<br><br>Water Fall entrega a las personas agua limpia y potable en grandes cantidades a trav\u00e9s de de una sistema de globos aerost\u00e1ticos capaces de condesar el agua del aire y almacenarlo para luego distribuir el contenido.<\/p>\n\n\n\n<figure class=\"wp-block-image size-full\"><img decoding=\"async\" width=\"728\" height=\"349\" src=\"https:\/\/fadeu.urantiacos.cl\/wp-content\/uploads\/2023\/09\/Captura-de-pantalla-2021-03-29-a-las-16.37.48-1.png\" alt=\"\" class=\"wp-image-7284\" srcset=\"https:\/\/fadeu.urantiacos.cl\/wp-content\/uploads\/2023\/09\/Captura-de-pantalla-2021-03-29-a-las-16.37.48-1.png 728w, https:\/\/fadeu.urantiacos.cl\/wp-content\/uploads\/2023\/09\/Captura-de-pantalla-2021-03-29-a-las-16.37.48-1-300x144.png 300w\" sizes=\"(max-width: 728px) 100vw, 728px\" \/><\/figure>\n\n\n\n<p>Lug\u00fcn, Bosques Memoriales, Taller Crisis, Postales de Futuro<br>Profesor gu\u00eda: Jos\u00e9 Allard<br>Estudiante: Ignacia Gonz\u00e1lez<\/p>\n\n\n\n<figure class=\"wp-block-image size-full\"><img decoding=\"async\" width=\"624\" height=\"341\" src=\"https:\/\/fadeu.urantiacos.cl\/wp-content\/uploads\/2023\/09\/Captura-de-pantalla-2021-03-29-a-las-16.38.16.png\" alt=\"\" class=\"wp-image-7285\" srcset=\"https:\/\/fadeu.urantiacos.cl\/wp-content\/uploads\/2023\/09\/Captura-de-pantalla-2021-03-29-a-las-16.38.16.png 624w, https:\/\/fadeu.urantiacos.cl\/wp-content\/uploads\/2023\/09\/Captura-de-pantalla-2021-03-29-a-las-16.38.16-300x164.png 300w\" sizes=\"(max-width: 624px) 100vw, 624px\" \/><\/figure>\n\n\n\n<p>Lug\u00fcn es un bosque funerario ecol\u00f3gico, en donde cada cuerpo se entierra bajo un \u00e1rbol distinto (rito que proviene de la cultura mapuche: los muertos se \u201cquedan\u201d en el \u00e1rbol y los tenemos m\u00e1s cerca). Cada \u00e1rbol cuenta con un patr\u00f3n \u00fanico escaneable, que lleva a una biograf\u00eda musical personal, con una foto de perfil, el nombre y canciones previamente elegidas por el difunto o sus familiares; y un sensor que permite reproducir la m\u00fasica de manera autom\u00e1tica a medida que se camina por el bosque acerc\u00e1ndose a los distintos \u00e1rboles. As\u00ed, a trav\u00e9s de la m\u00fasica y la naturaleza, podemos conocer y conectar con los que partieron.<\/p>\n\n\n\n<p>Palpa<br>Josefa Cort\u00e9s, Dise\u00f1adora UC<\/p>\n\n\n\n<figure class=\"wp-block-image size-full\"><img decoding=\"async\" width=\"720\" height=\"358\" src=\"https:\/\/fadeu.urantiacos.cl\/wp-content\/uploads\/2023\/09\/Captura-de-pantalla-2021-03-29-a-las-16.38.47.png\" alt=\"\" class=\"wp-image-7286\" srcset=\"https:\/\/fadeu.urantiacos.cl\/wp-content\/uploads\/2023\/09\/Captura-de-pantalla-2021-03-29-a-las-16.38.47.png 720w, https:\/\/fadeu.urantiacos.cl\/wp-content\/uploads\/2023\/09\/Captura-de-pantalla-2021-03-29-a-las-16.38.47-300x149.png 300w\" sizes=\"(max-width: 720px) 100vw, 720px\" \/><\/figure>\n\n\n\n<p>Dispositivo que permite que las mujeres aprendan a conocer su mama y as\u00ed detectar posibles anomal\u00edas en el tiempo a trav\u00e9s de una mama de silicona, un tumor ficticio y un masajeador. La mama se rellena de jab\u00f3n l\u00edquido y se puede sentir el tumor al tacto, a medida que se va presionando, se libera jab\u00f3n que se ocupa para masajear la mama, lo que permite suavizar y facilitar el tacto para autoexaminarse. Cuando disminuya el jab\u00f3n, cada vez ser\u00e1 m\u00e1s evidente el n\u00f3dulo, gatillando el recuerdo de autoexaminarse, adem\u00e1s tenerlo siempre en la ducha es un recordatorio constante en un minuto que se tiene acceso directo al cuerpo.<\/p>\n\n\n\n<p>\u201cDise\u00f1o Responde. Desaf\u00edo Latinoamericano INDEX Award + UDD\u201d&nbsp;fue una convocatoria abierta a toda la regi\u00f3n impulsada por la organizaci\u00f3n danesa INDEX, su socio regional Dise\u00f1o UDD, con el patrocinio del BID y \u00c1gora. En esta edici\u00f3n, el concurso premiar\u00e1 a los creativos menores de 35 a\u00f1os capaces de enfrentar las problem\u00e1ticas desencadenadas o agravadas por la pandemia del Covid-19 en las diferentes comunidades.<\/p>\n\n\n\n<p>The Index Project<\/p>\n\n\n\n<p><br>The Index Project es una organizaci\u00f3n danesa sin fines de lucro que promueve dise\u00f1os destinados a mejorar la vida en todo el mundo. Desde 2005 y cada dos a\u00f1os, los Premios INDEX se han convertido en el mayor premio del mundo que entiende al dise\u00f1ador como agente de cambio social y valora al dise\u00f1o desde su impacto ambiental, econ\u00f3mico y comunitario.<\/p>\n\n\n\n<p>INFORMACI\u00d3N PERIOD\u00cdSTICA<br>ESCUELA DE DISE\u00d1O<\/p>\n","protected":false},"excerpt":{"rendered":"<p>La semana pasada se dio a conocer el listado de proyectos finalista del Concurso \u201cDise\u00f1o Responde. Desaf\u00edo Latinoamericano INDEX Award + UDD\u201d, iniciativa que busca incentivar la creatividad del talento joven latinoamericano, para proyectarlo como agente de cambio.<\/p>\n","protected":false},"author":1,"featured_media":7282,"comment_status":"open","ping_status":"open","sticky":false,"template":"","format":"standard","meta":{"_acf_changed":false,"footnotes":""},"categories":[1],"tags":[],"class_list":["post-7281","post","type-post","status-publish","format-standard","has-post-thumbnail","hentry","category-sin-categorizar"],"acf":[],"yoast_head":"<!-- This site is optimized with the Yoast SEO plugin v27.1.1 - https:\/\/yoast.com\/product\/yoast-seo-wordpress\/ -->\n<title>Proyectos de estudiantes de Dise\u00f1o, finalistas de Concurso &quot;Dise\u00f1o Responde&quot; - Facultad de Arquitectura, Dise\u00f1o y Estudios Urbanos<\/title>\n<meta name=\"description\" content=\"La semana pasada se dio a conocer el listado de proyectos finalista del Concurso \u201cDise\u00f1o Responde. Desaf\u00edo Latinoamericano INDEX Award + UDD\u201d, iniciativa que busca incentivar la creatividad del talento joven latinoamericano, para proyectarlo como agente de cambio.\" \/>\n<meta name=\"robots\" content=\"index, follow, max-snippet:-1, max-image-preview:large, max-video-preview:-1\" \/>\n<link rel=\"canonical\" href=\"https:\/\/fadeu.urantiacos.cl\/en\/2021\/03\/29\/proyectos-de-estudiantes-de-diseno-finalistas-de-concurso-diseno-responde\/\" \/>\n<meta property=\"og:locale\" content=\"en_US\" \/>\n<meta property=\"og:type\" content=\"article\" \/>\n<meta property=\"og:title\" content=\"Proyectos de estudiantes de Dise\u00f1o, finalistas de Concurso &quot;Dise\u00f1o Responde&quot; - Facultad de Arquitectura, Dise\u00f1o y Estudios Urbanos\" \/>\n<meta property=\"og:description\" content=\"La semana pasada se dio a conocer el listado de proyectos finalista del Concurso \u201cDise\u00f1o Responde. Desaf\u00edo Latinoamericano INDEX Award + UDD\u201d, iniciativa que busca incentivar la creatividad del talento joven latinoamericano, para proyectarlo como agente de cambio.\" \/>\n<meta property=\"og:url\" content=\"https:\/\/fadeu.urantiacos.cl\/en\/2021\/03\/29\/proyectos-de-estudiantes-de-diseno-finalistas-de-concurso-diseno-responde\/\" \/>\n<meta property=\"og:site_name\" content=\"Facultad de Arquitectura, Dise\u00f1o y Estudios Urbanos\" \/>\n<meta property=\"article:published_time\" content=\"2021-03-29T22:01:00+00:00\" \/>\n<meta property=\"article:modified_time\" content=\"2023-09-08T22:06:30+00:00\" \/>\n<meta property=\"og:image\" content=\"https:\/\/fadeu.urantiacos.cl\/wp-content\/uploads\/2023\/09\/1lugun_web.png\" \/>\n\t<meta property=\"og:image:width\" content=\"350\" \/>\n\t<meta property=\"og:image:height\" content=\"250\" \/>\n\t<meta property=\"og:image:type\" content=\"image\/png\" \/>\n<meta name=\"author\" content=\"manadmin\" \/>\n<meta name=\"twitter:card\" content=\"summary_large_image\" \/>\n<meta name=\"twitter:label1\" content=\"Written by\" \/>\n\t<meta name=\"twitter:data1\" content=\"manadmin\" \/>\n\t<meta name=\"twitter:label2\" content=\"Est. reading time\" \/>\n\t<meta name=\"twitter:data2\" content=\"3 minutes\" \/>\n<script type=\"application\/ld+json\" class=\"yoast-schema-graph\">{\"@context\":\"https:\/\/schema.org\",\"@graph\":[{\"@type\":\"Article\",\"@id\":\"https:\/\/fadeu.urantiacos.cl\/en\/2021\/03\/29\/proyectos-de-estudiantes-de-diseno-finalistas-de-concurso-diseno-responde\/#article\",\"isPartOf\":{\"@id\":\"https:\/\/fadeu.urantiacos.cl\/en\/2021\/03\/29\/proyectos-de-estudiantes-de-diseno-finalistas-de-concurso-diseno-responde\/\"},\"author\":{\"name\":\"manadmin\",\"@id\":\"https:\/\/fadeu.urantiacos.cl\/en\/#\/schema\/person\/d203e2e84b1c40275eac77b3061a19a2\"},\"headline\":\"Proyectos de estudiantes de Dise\u00f1o, finalistas de Concurso &#8220;Dise\u00f1o Responde&#8221;\",\"datePublished\":\"2021-03-29T22:01:00+00:00\",\"dateModified\":\"2023-09-08T22:06:30+00:00\",\"mainEntityOfPage\":{\"@id\":\"https:\/\/fadeu.urantiacos.cl\/en\/2021\/03\/29\/proyectos-de-estudiantes-de-diseno-finalistas-de-concurso-diseno-responde\/\"},\"wordCount\":609,\"commentCount\":0,\"image\":{\"@id\":\"https:\/\/fadeu.urantiacos.cl\/en\/2021\/03\/29\/proyectos-de-estudiantes-de-diseno-finalistas-de-concurso-diseno-responde\/#primaryimage\"},\"thumbnailUrl\":\"https:\/\/fadeu.urantiacos.cl\/wp-content\/uploads\/2023\/09\/1lugun_web.png\",\"articleSection\":[\"Sin categorizar\"],\"inLanguage\":\"en-US\",\"potentialAction\":[{\"@type\":\"CommentAction\",\"name\":\"Comment\",\"target\":[\"https:\/\/fadeu.urantiacos.cl\/en\/2021\/03\/29\/proyectos-de-estudiantes-de-diseno-finalistas-de-concurso-diseno-responde\/#respond\"]}]},{\"@type\":\"WebPage\",\"@id\":\"https:\/\/fadeu.urantiacos.cl\/en\/2021\/03\/29\/proyectos-de-estudiantes-de-diseno-finalistas-de-concurso-diseno-responde\/\",\"url\":\"https:\/\/fadeu.urantiacos.cl\/en\/2021\/03\/29\/proyectos-de-estudiantes-de-diseno-finalistas-de-concurso-diseno-responde\/\",\"name\":\"Proyectos de estudiantes de Dise\u00f1o, finalistas de Concurso \\\"Dise\u00f1o Responde\\\" - Facultad de Arquitectura, Dise\u00f1o y Estudios Urbanos\",\"isPartOf\":{\"@id\":\"https:\/\/fadeu.urantiacos.cl\/en\/#website\"},\"primaryImageOfPage\":{\"@id\":\"https:\/\/fadeu.urantiacos.cl\/en\/2021\/03\/29\/proyectos-de-estudiantes-de-diseno-finalistas-de-concurso-diseno-responde\/#primaryimage\"},\"image\":{\"@id\":\"https:\/\/fadeu.urantiacos.cl\/en\/2021\/03\/29\/proyectos-de-estudiantes-de-diseno-finalistas-de-concurso-diseno-responde\/#primaryimage\"},\"thumbnailUrl\":\"https:\/\/fadeu.urantiacos.cl\/wp-content\/uploads\/2023\/09\/1lugun_web.png\",\"datePublished\":\"2021-03-29T22:01:00+00:00\",\"dateModified\":\"2023-09-08T22:06:30+00:00\",\"author\":{\"@id\":\"https:\/\/fadeu.urantiacos.cl\/en\/#\/schema\/person\/d203e2e84b1c40275eac77b3061a19a2\"},\"description\":\"La semana pasada se dio a conocer el listado de proyectos finalista del Concurso \u201cDise\u00f1o Responde. Desaf\u00edo Latinoamericano INDEX Award + UDD\u201d, iniciativa que busca incentivar la creatividad del talento joven latinoamericano, para proyectarlo como agente de cambio.\",\"breadcrumb\":{\"@id\":\"https:\/\/fadeu.urantiacos.cl\/en\/2021\/03\/29\/proyectos-de-estudiantes-de-diseno-finalistas-de-concurso-diseno-responde\/#breadcrumb\"},\"inLanguage\":\"en-US\",\"potentialAction\":[{\"@type\":\"ReadAction\",\"target\":[\"https:\/\/fadeu.urantiacos.cl\/en\/2021\/03\/29\/proyectos-de-estudiantes-de-diseno-finalistas-de-concurso-diseno-responde\/\"]}]},{\"@type\":\"ImageObject\",\"inLanguage\":\"en-US\",\"@id\":\"https:\/\/fadeu.urantiacos.cl\/en\/2021\/03\/29\/proyectos-de-estudiantes-de-diseno-finalistas-de-concurso-diseno-responde\/#primaryimage\",\"url\":\"https:\/\/fadeu.urantiacos.cl\/wp-content\/uploads\/2023\/09\/1lugun_web.png\",\"contentUrl\":\"https:\/\/fadeu.urantiacos.cl\/wp-content\/uploads\/2023\/09\/1lugun_web.png\",\"width\":350,\"height\":250},{\"@type\":\"BreadcrumbList\",\"@id\":\"https:\/\/fadeu.urantiacos.cl\/en\/2021\/03\/29\/proyectos-de-estudiantes-de-diseno-finalistas-de-concurso-diseno-responde\/#breadcrumb\",\"itemListElement\":[{\"@type\":\"ListItem\",\"position\":1,\"name\":\"Portada\",\"item\":\"https:\/\/fadeu.urantiacos.cl\/en\/\"},{\"@type\":\"ListItem\",\"position\":2,\"name\":\"Proyectos de estudiantes de Dise\u00f1o, finalistas de Concurso &#8220;Dise\u00f1o Responde&#8221;\"}]},{\"@type\":\"WebSite\",\"@id\":\"https:\/\/fadeu.urantiacos.cl\/en\/#website\",\"url\":\"https:\/\/fadeu.urantiacos.cl\/en\/\",\"name\":\"Facultad de Arquitectura, Dise\u00f1o y Estudios Urbanos\",\"description\":\"Campus Lo Contador\",\"potentialAction\":[{\"@type\":\"SearchAction\",\"target\":{\"@type\":\"EntryPoint\",\"urlTemplate\":\"https:\/\/fadeu.urantiacos.cl\/en\/?s={search_term_string}\"},\"query-input\":{\"@type\":\"PropertyValueSpecification\",\"valueRequired\":true,\"valueName\":\"search_term_string\"}}],\"inLanguage\":\"en-US\"},{\"@type\":\"Person\",\"@id\":\"https:\/\/fadeu.urantiacos.cl\/en\/#\/schema\/person\/d203e2e84b1c40275eac77b3061a19a2\",\"name\":\"manadmin\",\"image\":{\"@type\":\"ImageObject\",\"inLanguage\":\"en-US\",\"@id\":\"https:\/\/fadeu.urantiacos.cl\/en\/#\/schema\/person\/image\/\",\"url\":\"https:\/\/secure.gravatar.com\/avatar\/4b1d8e3303b4a9d8968ac578947d8bc80d9aea359f388cdd4aac15cadc0e8447?s=96&d=mm&r=g\",\"contentUrl\":\"https:\/\/secure.gravatar.com\/avatar\/4b1d8e3303b4a9d8968ac578947d8bc80d9aea359f388cdd4aac15cadc0e8447?s=96&d=mm&r=g\",\"caption\":\"manadmin\"},\"sameAs\":[\"https:\/\/fadeu.urantiacos.cl\"]}]}<\/script>\n<!-- \/ Yoast SEO plugin. -->","yoast_head_json":{"title":"Proyectos de estudiantes de Dise\u00f1o, finalistas de Concurso \"Dise\u00f1o Responde\" - Facultad de Arquitectura, Dise\u00f1o y Estudios Urbanos","description":"La semana pasada se dio a conocer el listado de proyectos finalista del Concurso \u201cDise\u00f1o Responde. Desaf\u00edo Latinoamericano INDEX Award + UDD\u201d, iniciativa que busca incentivar la creatividad del talento joven latinoamericano, para proyectarlo como agente de cambio.","robots":{"index":"index","follow":"follow","max-snippet":"max-snippet:-1","max-image-preview":"max-image-preview:large","max-video-preview":"max-video-preview:-1"},"canonical":"https:\/\/fadeu.urantiacos.cl\/en\/2021\/03\/29\/proyectos-de-estudiantes-de-diseno-finalistas-de-concurso-diseno-responde\/","og_locale":"en_US","og_type":"article","og_title":"Proyectos de estudiantes de Dise\u00f1o, finalistas de Concurso \"Dise\u00f1o Responde\" - Facultad de Arquitectura, Dise\u00f1o y Estudios Urbanos","og_description":"La semana pasada se dio a conocer el listado de proyectos finalista del Concurso \u201cDise\u00f1o Responde. Desaf\u00edo Latinoamericano INDEX Award + UDD\u201d, iniciativa que busca incentivar la creatividad del talento joven latinoamericano, para proyectarlo como agente de cambio.","og_url":"https:\/\/fadeu.urantiacos.cl\/en\/2021\/03\/29\/proyectos-de-estudiantes-de-diseno-finalistas-de-concurso-diseno-responde\/","og_site_name":"Facultad de Arquitectura, Dise\u00f1o y Estudios Urbanos","article_published_time":"2021-03-29T22:01:00+00:00","article_modified_time":"2023-09-08T22:06:30+00:00","og_image":[{"width":350,"height":250,"url":"https:\/\/fadeu.urantiacos.cl\/wp-content\/uploads\/2023\/09\/1lugun_web.png","type":"image\/png"}],"author":"manadmin","twitter_card":"summary_large_image","twitter_misc":{"Written by":"manadmin","Est. reading time":"3 minutes"},"schema":{"@context":"https:\/\/schema.org","@graph":[{"@type":"Article","@id":"https:\/\/fadeu.urantiacos.cl\/en\/2021\/03\/29\/proyectos-de-estudiantes-de-diseno-finalistas-de-concurso-diseno-responde\/#article","isPartOf":{"@id":"https:\/\/fadeu.urantiacos.cl\/en\/2021\/03\/29\/proyectos-de-estudiantes-de-diseno-finalistas-de-concurso-diseno-responde\/"},"author":{"name":"manadmin","@id":"https:\/\/fadeu.urantiacos.cl\/en\/#\/schema\/person\/d203e2e84b1c40275eac77b3061a19a2"},"headline":"Proyectos de estudiantes de Dise\u00f1o, finalistas de Concurso &#8220;Dise\u00f1o Responde&#8221;","datePublished":"2021-03-29T22:01:00+00:00","dateModified":"2023-09-08T22:06:30+00:00","mainEntityOfPage":{"@id":"https:\/\/fadeu.urantiacos.cl\/en\/2021\/03\/29\/proyectos-de-estudiantes-de-diseno-finalistas-de-concurso-diseno-responde\/"},"wordCount":609,"commentCount":0,"image":{"@id":"https:\/\/fadeu.urantiacos.cl\/en\/2021\/03\/29\/proyectos-de-estudiantes-de-diseno-finalistas-de-concurso-diseno-responde\/#primaryimage"},"thumbnailUrl":"https:\/\/fadeu.urantiacos.cl\/wp-content\/uploads\/2023\/09\/1lugun_web.png","articleSection":["Sin categorizar"],"inLanguage":"en-US","potentialAction":[{"@type":"CommentAction","name":"Comment","target":["https:\/\/fadeu.urantiacos.cl\/en\/2021\/03\/29\/proyectos-de-estudiantes-de-diseno-finalistas-de-concurso-diseno-responde\/#respond"]}]},{"@type":"WebPage","@id":"https:\/\/fadeu.urantiacos.cl\/en\/2021\/03\/29\/proyectos-de-estudiantes-de-diseno-finalistas-de-concurso-diseno-responde\/","url":"https:\/\/fadeu.urantiacos.cl\/en\/2021\/03\/29\/proyectos-de-estudiantes-de-diseno-finalistas-de-concurso-diseno-responde\/","name":"Proyectos de estudiantes de Dise\u00f1o, finalistas de Concurso \"Dise\u00f1o Responde\" - Facultad de Arquitectura, Dise\u00f1o y Estudios Urbanos","isPartOf":{"@id":"https:\/\/fadeu.urantiacos.cl\/en\/#website"},"primaryImageOfPage":{"@id":"https:\/\/fadeu.urantiacos.cl\/en\/2021\/03\/29\/proyectos-de-estudiantes-de-diseno-finalistas-de-concurso-diseno-responde\/#primaryimage"},"image":{"@id":"https:\/\/fadeu.urantiacos.cl\/en\/2021\/03\/29\/proyectos-de-estudiantes-de-diseno-finalistas-de-concurso-diseno-responde\/#primaryimage"},"thumbnailUrl":"https:\/\/fadeu.urantiacos.cl\/wp-content\/uploads\/2023\/09\/1lugun_web.png","datePublished":"2021-03-29T22:01:00+00:00","dateModified":"2023-09-08T22:06:30+00:00","author":{"@id":"https:\/\/fadeu.urantiacos.cl\/en\/#\/schema\/person\/d203e2e84b1c40275eac77b3061a19a2"},"description":"La semana pasada se dio a conocer el listado de proyectos finalista del Concurso \u201cDise\u00f1o Responde. Desaf\u00edo Latinoamericano INDEX Award + UDD\u201d, iniciativa que busca incentivar la creatividad del talento joven latinoamericano, para proyectarlo como agente de cambio.","breadcrumb":{"@id":"https:\/\/fadeu.urantiacos.cl\/en\/2021\/03\/29\/proyectos-de-estudiantes-de-diseno-finalistas-de-concurso-diseno-responde\/#breadcrumb"},"inLanguage":"en-US","potentialAction":[{"@type":"ReadAction","target":["https:\/\/fadeu.urantiacos.cl\/en\/2021\/03\/29\/proyectos-de-estudiantes-de-diseno-finalistas-de-concurso-diseno-responde\/"]}]},{"@type":"ImageObject","inLanguage":"en-US","@id":"https:\/\/fadeu.urantiacos.cl\/en\/2021\/03\/29\/proyectos-de-estudiantes-de-diseno-finalistas-de-concurso-diseno-responde\/#primaryimage","url":"https:\/\/fadeu.urantiacos.cl\/wp-content\/uploads\/2023\/09\/1lugun_web.png","contentUrl":"https:\/\/fadeu.urantiacos.cl\/wp-content\/uploads\/2023\/09\/1lugun_web.png","width":350,"height":250},{"@type":"BreadcrumbList","@id":"https:\/\/fadeu.urantiacos.cl\/en\/2021\/03\/29\/proyectos-de-estudiantes-de-diseno-finalistas-de-concurso-diseno-responde\/#breadcrumb","itemListElement":[{"@type":"ListItem","position":1,"name":"Portada","item":"https:\/\/fadeu.urantiacos.cl\/en\/"},{"@type":"ListItem","position":2,"name":"Proyectos de estudiantes de Dise\u00f1o, finalistas de Concurso &#8220;Dise\u00f1o Responde&#8221;"}]},{"@type":"WebSite","@id":"https:\/\/fadeu.urantiacos.cl\/en\/#website","url":"https:\/\/fadeu.urantiacos.cl\/en\/","name":"Facultad de Arquitectura, Dise\u00f1o y Estudios Urbanos","description":"Campus Lo Contador","potentialAction":[{"@type":"SearchAction","target":{"@type":"EntryPoint","urlTemplate":"https:\/\/fadeu.urantiacos.cl\/en\/?s={search_term_string}"},"query-input":{"@type":"PropertyValueSpecification","valueRequired":true,"valueName":"search_term_string"}}],"inLanguage":"en-US"},{"@type":"Person","@id":"https:\/\/fadeu.urantiacos.cl\/en\/#\/schema\/person\/d203e2e84b1c40275eac77b3061a19a2","name":"manadmin","image":{"@type":"ImageObject","inLanguage":"en-US","@id":"https:\/\/fadeu.urantiacos.cl\/en\/#\/schema\/person\/image\/","url":"https:\/\/secure.gravatar.com\/avatar\/4b1d8e3303b4a9d8968ac578947d8bc80d9aea359f388cdd4aac15cadc0e8447?s=96&d=mm&r=g","contentUrl":"https:\/\/secure.gravatar.com\/avatar\/4b1d8e3303b4a9d8968ac578947d8bc80d9aea359f388cdd4aac15cadc0e8447?s=96&d=mm&r=g","caption":"manadmin"},"sameAs":["https:\/\/fadeu.urantiacos.cl"]}]}},"_links":{"self":[{"href":"https:\/\/fadeu.urantiacos.cl\/en\/wp-json\/wp\/v2\/posts\/7281","targetHints":{"allow":["GET"]}}],"collection":[{"href":"https:\/\/fadeu.urantiacos.cl\/en\/wp-json\/wp\/v2\/posts"}],"about":[{"href":"https:\/\/fadeu.urantiacos.cl\/en\/wp-json\/wp\/v2\/types\/post"}],"author":[{"embeddable":true,"href":"https:\/\/fadeu.urantiacos.cl\/en\/wp-json\/wp\/v2\/users\/1"}],"replies":[{"embeddable":true,"href":"https:\/\/fadeu.urantiacos.cl\/en\/wp-json\/wp\/v2\/comments?post=7281"}],"version-history":[{"count":1,"href":"https:\/\/fadeu.urantiacos.cl\/en\/wp-json\/wp\/v2\/posts\/7281\/revisions"}],"predecessor-version":[{"id":7287,"href":"https:\/\/fadeu.urantiacos.cl\/en\/wp-json\/wp\/v2\/posts\/7281\/revisions\/7287"}],"wp:featuredmedia":[{"embeddable":true,"href":"https:\/\/fadeu.urantiacos.cl\/en\/wp-json\/wp\/v2\/media\/7282"}],"wp:attachment":[{"href":"https:\/\/fadeu.urantiacos.cl\/en\/wp-json\/wp\/v2\/media?parent=7281"}],"wp:term":[{"taxonomy":"category","embeddable":true,"href":"https:\/\/fadeu.urantiacos.cl\/en\/wp-json\/wp\/v2\/categories?post=7281"},{"taxonomy":"post_tag","embeddable":true,"href":"https:\/\/fadeu.urantiacos.cl\/en\/wp-json\/wp\/v2\/tags?post=7281"}],"curies":[{"name":"wp","href":"https:\/\/api.w.org\/{rel}","templated":true}]}}