{"id":7277,"date":"2021-03-31T18:59:00","date_gmt":"2021-03-31T21:59:00","guid":{"rendered":"https:\/\/fadeu.urantiacos.cl\/?p=7277"},"modified":"2023-09-08T19:01:30","modified_gmt":"2023-09-08T22:01:30","slug":"marina-alberti-en-charla-con-el-ieut-la-forma-en-como-utilizamos-los-recursos-naturales-tiene-un-efecto-directo-en-las-condiciones-ambientales","status":"publish","type":"post","link":"https:\/\/fadeu.urantiacos.cl\/en\/2021\/03\/31\/marina-alberti-en-charla-con-el-ieut-la-forma-en-como-utilizamos-los-recursos-naturales-tiene-un-efecto-directo-en-las-condiciones-ambientales\/","title":{"rendered":"Marina Alberti en charla con el IEUT: \u201cLa forma en c\u00f3mo utilizamos los recursos naturales tiene un efecto directo en las condiciones ambientales\u201d"},"content":{"rendered":"\n<figure class=\"wp-block-image size-full\"><img decoding=\"async\" width=\"350\" height=\"250\" src=\"https:\/\/fadeu.urantiacos.cl\/wp-content\/uploads\/2023\/09\/MARINA_web.jpg\" alt=\"\" class=\"wp-image-7278\" srcset=\"https:\/\/fadeu.urantiacos.cl\/wp-content\/uploads\/2023\/09\/MARINA_web.jpg 350w, https:\/\/fadeu.urantiacos.cl\/wp-content\/uploads\/2023\/09\/MARINA_web-300x214.jpg 300w\" sizes=\"(max-width: 350px) 100vw, 350px\" \/><\/figure>\n\n\n\n<p>Decenas de personas (m\u00e1s de 80) se reunieron v\u00eda ZOOM para participar de la charla de Alberti, quien abord\u00f3 la relaci\u00f3n en c\u00f3mo pensamos el futuro y si somo un elemento clave para el crecimiento de las ciudades, sus entornos naturales, los impactos ambientales y el desarrollo sustentable, dejando muy claro que tenemos que \u201cpensar las ciudades como planetas\u201d debido a que son ecosistemas h\u00edbridos.<\/p>\n\n\n\n<p>Ante esta complejidad, dijo, \u201cdebemos entender la diferencia entre planificaci\u00f3n y desarrollo ecol\u00f3gico, y debemos asumir que no existe un patr\u00f3n resiliente \u00f3ptimo para la urbanizaci\u00f3n, porque no todas las regiones y escalas de ciudad son comparables. La resiliencia puede ser lograda adaptando los marcos institucionales actuales, ya que la urbanizaci\u00f3n representa una discontinuidad de los sistemas ecol\u00f3gicos, causando grandes presiones en el ecosistema\u201d.<\/p>\n\n\n\n<p>Asimismo, sostuvo que los ecosistemas est\u00e1n interconectados, por tanto, \u201cla forma en c\u00f3mo utilizamos los recursos naturales tiene un efecto directo en las condiciones ambientales y en la retroalimentaci\u00f3n de la eco-evoluci\u00f3n en estos espacios h\u00edbridos, por ello es importante fortalecer y robustecer la educaci\u00f3n temprana, en ni\u00f1os y ni\u00f1as, para crear una nueva forma de manejar y relacionarnos con el entorno, cambiando conductas individuales para impactar en conductas sociales de respeto al medioambiente, y en este sentido la conducta personal es a\u00fan m\u00e1s importante, m\u00e1s all\u00e1 de las pol\u00edticas y la institucionalidad\u201d.<\/p>\n\n\n\n<p><strong>Biograf\u00eda<\/strong><\/p>\n\n\n\n<p>Marina Alberti es un referente internacional en estudios de sustentabilidad urbana. Es profesora de Planificaci\u00f3n Urbana y Ambiental en la Universidad Marsha y Jay Glazer en el Departamento de Dise\u00f1o y Planificaci\u00f3n Urbana de la Universidad de Washington. Actualmente tambi\u00e9n dirige el Laboratorio de Investigaci\u00f3n en Ecolog\u00eda Urbana, con un equipo de investigaci\u00f3n que estudia las ciudades como ecosistemas h\u00edbridos. Los intereses de investigaci\u00f3n de Alberti son la ecolog\u00eda urbana y la din\u00e1mica eco evolutiva de las ciudades.<\/p>\n\n\n\n<p>Sus estudios se centran en las interacciones entre los patrones urbanos y la funci\u00f3n de los ecosistemas, las formas urbanas del cambio evolutivo y las ciudades para mejorar su resiliencia y capacidad de adaptaci\u00f3n y transformaci\u00f3n.<\/p>\n\n\n\n<p>Tambi\u00e9n dirige investigaciones sobre modelos ecol\u00f3gicos urbanos, planificaci\u00f3n de escenarios y m\u00e9tricas ecol\u00f3gicas urbanas para monitorear el progreso e informar la formulaci\u00f3n de pol\u00edticas y la planificaci\u00f3n. En su reciente libro \u201cCities That Think Like Planets\u201d (UW Press 2016), Alberti promueve una ciencia de ciudades que funcionan a escala planetaria y vinculan din\u00e1micas impredecibles con el potencial de innovaci\u00f3n socioecol\u00f3gica.<\/p>\n\n\n\n<p>Si quieres revisar la charla, puedes revivirla en el siguiente link de YouTube:&nbsp;<a href=\"https:\/\/www.youtube.com\/watch?v=ZRw6CxJk8SE\">https:\/\/www.youtube.com\/watch?v=ZRw6CxJk8SE<\/a><\/p>\n\n\n\n<figure class=\"wp-block-image size-large\"><img decoding=\"async\" width=\"1024\" height=\"634\" src=\"https:\/\/fadeu.urantiacos.cl\/wp-content\/uploads\/2023\/09\/MARINA-1024x634.jpg\" alt=\"\" class=\"wp-image-7279\" srcset=\"https:\/\/fadeu.urantiacos.cl\/wp-content\/uploads\/2023\/09\/MARINA-1024x634.jpg 1024w, https:\/\/fadeu.urantiacos.cl\/wp-content\/uploads\/2023\/09\/MARINA-300x186.jpg 300w, https:\/\/fadeu.urantiacos.cl\/wp-content\/uploads\/2023\/09\/MARINA-768x476.jpg 768w, https:\/\/fadeu.urantiacos.cl\/wp-content\/uploads\/2023\/09\/MARINA-1536x951.jpg 1536w, https:\/\/fadeu.urantiacos.cl\/wp-content\/uploads\/2023\/09\/MARINA-2048x1268.jpg 2048w, https:\/\/fadeu.urantiacos.cl\/wp-content\/uploads\/2023\/09\/MARINA-scaled.jpg 1600w\" sizes=\"(max-width: 1024px) 100vw, 1024px\" \/><\/figure>\n","protected":false},"excerpt":{"rendered":"<p>\u00abUrban sustainability in an eco-evolutionary perspective\u00bb, fue el t\u00edtulo de la charla que realiz\u00f3 el pasado 9 de marzo, la destacada profesora, referentes en sus estudios de sustentabilidad Marina Alberti, invitada en el marco del proyecto FONDECYT 1190251, que dirige la profesora del Instituto de Estudios Urbanos y Territoriales, Carolina Rojas.<\/p>\n","protected":false},"author":1,"featured_media":7278,"comment_status":"open","ping_status":"open","sticky":false,"template":"","format":"standard","meta":{"_acf_changed":false,"footnotes":""},"categories":[1],"tags":[],"class_list":["post-7277","post","type-post","status-publish","format-standard","has-post-thumbnail","hentry","category-sin-categorizar"],"acf":[],"yoast_head":"<!-- This site is optimized with the Yoast SEO plugin v27.1.1 - https:\/\/yoast.com\/product\/yoast-seo-wordpress\/ -->\n<title>Marina Alberti en charla con el IEUT: \u201cLa forma en c\u00f3mo utilizamos los recursos naturales tiene un efecto directo en las condiciones ambientales\u201d - Facultad de Arquitectura, Dise\u00f1o y Estudios Urbanos<\/title>\n<meta name=\"description\" content=\"\u00abUrban sustainability in an eco-evolutionary perspective\u00bb, fue el t\u00edtulo de la charla que realiz\u00f3 el pasado 9 de marzo, la destacada profesora, referentes en sus estudios de sustentabilidad Marina Alberti, invitada en el marco del proyecto FONDECYT 1190251, que dirige la profesora del Instituto de Estudios Urbanos y Territoriales, Carolina Rojas.\" \/>\n<meta name=\"robots\" content=\"index, follow, max-snippet:-1, max-image-preview:large, max-video-preview:-1\" \/>\n<link rel=\"canonical\" href=\"https:\/\/fadeu.urantiacos.cl\/en\/2021\/03\/31\/marina-alberti-en-charla-con-el-ieut-la-forma-en-como-utilizamos-los-recursos-naturales-tiene-un-efecto-directo-en-las-condiciones-ambientales\/\" \/>\n<meta property=\"og:locale\" content=\"en_US\" \/>\n<meta property=\"og:type\" content=\"article\" \/>\n<meta property=\"og:title\" content=\"Marina Alberti en charla con el IEUT: \u201cLa forma en c\u00f3mo utilizamos los recursos naturales tiene un efecto directo en las condiciones ambientales\u201d - Facultad de Arquitectura, Dise\u00f1o y Estudios Urbanos\" \/>\n<meta property=\"og:description\" content=\"\u00abUrban sustainability in an eco-evolutionary perspective\u00bb, fue el t\u00edtulo de la charla que realiz\u00f3 el pasado 9 de marzo, la destacada profesora, referentes en sus estudios de sustentabilidad Marina Alberti, invitada en el marco del proyecto FONDECYT 1190251, que dirige la profesora del Instituto de Estudios Urbanos y Territoriales, Carolina Rojas.\" \/>\n<meta property=\"og:url\" content=\"https:\/\/fadeu.urantiacos.cl\/en\/2021\/03\/31\/marina-alberti-en-charla-con-el-ieut-la-forma-en-como-utilizamos-los-recursos-naturales-tiene-un-efecto-directo-en-las-condiciones-ambientales\/\" \/>\n<meta property=\"og:site_name\" content=\"Facultad de Arquitectura, Dise\u00f1o y Estudios Urbanos\" \/>\n<meta property=\"article:published_time\" content=\"2021-03-31T21:59:00+00:00\" \/>\n<meta property=\"article:modified_time\" content=\"2023-09-08T22:01:30+00:00\" \/>\n<meta property=\"og:image\" content=\"https:\/\/fadeu.urantiacos.cl\/wp-content\/uploads\/2023\/09\/MARINA_web.jpg\" \/>\n\t<meta property=\"og:image:width\" content=\"350\" \/>\n\t<meta property=\"og:image:height\" content=\"250\" \/>\n\t<meta property=\"og:image:type\" content=\"image\/jpeg\" \/>\n<meta name=\"author\" content=\"manadmin\" \/>\n<meta name=\"twitter:card\" content=\"summary_large_image\" \/>\n<meta name=\"twitter:label1\" content=\"Written by\" \/>\n\t<meta name=\"twitter:data1\" content=\"manadmin\" \/>\n\t<meta name=\"twitter:label2\" content=\"Est. reading time\" \/>\n\t<meta name=\"twitter:data2\" content=\"2 minutes\" \/>\n<script type=\"application\/ld+json\" class=\"yoast-schema-graph\">{\"@context\":\"https:\/\/schema.org\",\"@graph\":[{\"@type\":\"Article\",\"@id\":\"https:\/\/fadeu.urantiacos.cl\/en\/2021\/03\/31\/marina-alberti-en-charla-con-el-ieut-la-forma-en-como-utilizamos-los-recursos-naturales-tiene-un-efecto-directo-en-las-condiciones-ambientales\/#article\",\"isPartOf\":{\"@id\":\"https:\/\/fadeu.urantiacos.cl\/en\/2021\/03\/31\/marina-alberti-en-charla-con-el-ieut-la-forma-en-como-utilizamos-los-recursos-naturales-tiene-un-efecto-directo-en-las-condiciones-ambientales\/\"},\"author\":{\"name\":\"manadmin\",\"@id\":\"https:\/\/fadeu.urantiacos.cl\/en\/#\/schema\/person\/d203e2e84b1c40275eac77b3061a19a2\"},\"headline\":\"Marina Alberti en charla con el IEUT: \u201cLa forma en c\u00f3mo utilizamos los recursos naturales tiene un efecto directo en las condiciones ambientales\u201d\",\"datePublished\":\"2021-03-31T21:59:00+00:00\",\"dateModified\":\"2023-09-08T22:01:30+00:00\",\"mainEntityOfPage\":{\"@id\":\"https:\/\/fadeu.urantiacos.cl\/en\/2021\/03\/31\/marina-alberti-en-charla-con-el-ieut-la-forma-en-como-utilizamos-los-recursos-naturales-tiene-un-efecto-directo-en-las-condiciones-ambientales\/\"},\"wordCount\":491,\"commentCount\":0,\"image\":{\"@id\":\"https:\/\/fadeu.urantiacos.cl\/en\/2021\/03\/31\/marina-alberti-en-charla-con-el-ieut-la-forma-en-como-utilizamos-los-recursos-naturales-tiene-un-efecto-directo-en-las-condiciones-ambientales\/#primaryimage\"},\"thumbnailUrl\":\"https:\/\/fadeu.urantiacos.cl\/wp-content\/uploads\/2023\/09\/MARINA_web.jpg\",\"articleSection\":[\"Sin categorizar\"],\"inLanguage\":\"en-US\",\"potentialAction\":[{\"@type\":\"CommentAction\",\"name\":\"Comment\",\"target\":[\"https:\/\/fadeu.urantiacos.cl\/en\/2021\/03\/31\/marina-alberti-en-charla-con-el-ieut-la-forma-en-como-utilizamos-los-recursos-naturales-tiene-un-efecto-directo-en-las-condiciones-ambientales\/#respond\"]}]},{\"@type\":\"WebPage\",\"@id\":\"https:\/\/fadeu.urantiacos.cl\/en\/2021\/03\/31\/marina-alberti-en-charla-con-el-ieut-la-forma-en-como-utilizamos-los-recursos-naturales-tiene-un-efecto-directo-en-las-condiciones-ambientales\/\",\"url\":\"https:\/\/fadeu.urantiacos.cl\/en\/2021\/03\/31\/marina-alberti-en-charla-con-el-ieut-la-forma-en-como-utilizamos-los-recursos-naturales-tiene-un-efecto-directo-en-las-condiciones-ambientales\/\",\"name\":\"Marina Alberti en charla con el IEUT: \u201cLa forma en c\u00f3mo utilizamos los recursos naturales tiene un efecto directo en las condiciones ambientales\u201d - Facultad de Arquitectura, Dise\u00f1o y Estudios Urbanos\",\"isPartOf\":{\"@id\":\"https:\/\/fadeu.urantiacos.cl\/en\/#website\"},\"primaryImageOfPage\":{\"@id\":\"https:\/\/fadeu.urantiacos.cl\/en\/2021\/03\/31\/marina-alberti-en-charla-con-el-ieut-la-forma-en-como-utilizamos-los-recursos-naturales-tiene-un-efecto-directo-en-las-condiciones-ambientales\/#primaryimage\"},\"image\":{\"@id\":\"https:\/\/fadeu.urantiacos.cl\/en\/2021\/03\/31\/marina-alberti-en-charla-con-el-ieut-la-forma-en-como-utilizamos-los-recursos-naturales-tiene-un-efecto-directo-en-las-condiciones-ambientales\/#primaryimage\"},\"thumbnailUrl\":\"https:\/\/fadeu.urantiacos.cl\/wp-content\/uploads\/2023\/09\/MARINA_web.jpg\",\"datePublished\":\"2021-03-31T21:59:00+00:00\",\"dateModified\":\"2023-09-08T22:01:30+00:00\",\"author\":{\"@id\":\"https:\/\/fadeu.urantiacos.cl\/en\/#\/schema\/person\/d203e2e84b1c40275eac77b3061a19a2\"},\"description\":\"\u00abUrban sustainability in an eco-evolutionary perspective\u00bb, fue el t\u00edtulo de la charla que realiz\u00f3 el pasado 9 de marzo, la destacada profesora, referentes en sus estudios de sustentabilidad Marina Alberti, invitada en el marco del proyecto FONDECYT 1190251, que dirige la profesora del Instituto de Estudios Urbanos y Territoriales, Carolina Rojas.\",\"breadcrumb\":{\"@id\":\"https:\/\/fadeu.urantiacos.cl\/en\/2021\/03\/31\/marina-alberti-en-charla-con-el-ieut-la-forma-en-como-utilizamos-los-recursos-naturales-tiene-un-efecto-directo-en-las-condiciones-ambientales\/#breadcrumb\"},\"inLanguage\":\"en-US\",\"potentialAction\":[{\"@type\":\"ReadAction\",\"target\":[\"https:\/\/fadeu.urantiacos.cl\/en\/2021\/03\/31\/marina-alberti-en-charla-con-el-ieut-la-forma-en-como-utilizamos-los-recursos-naturales-tiene-un-efecto-directo-en-las-condiciones-ambientales\/\"]}]},{\"@type\":\"ImageObject\",\"inLanguage\":\"en-US\",\"@id\":\"https:\/\/fadeu.urantiacos.cl\/en\/2021\/03\/31\/marina-alberti-en-charla-con-el-ieut-la-forma-en-como-utilizamos-los-recursos-naturales-tiene-un-efecto-directo-en-las-condiciones-ambientales\/#primaryimage\",\"url\":\"https:\/\/fadeu.urantiacos.cl\/wp-content\/uploads\/2023\/09\/MARINA_web.jpg\",\"contentUrl\":\"https:\/\/fadeu.urantiacos.cl\/wp-content\/uploads\/2023\/09\/MARINA_web.jpg\",\"width\":350,\"height\":250},{\"@type\":\"BreadcrumbList\",\"@id\":\"https:\/\/fadeu.urantiacos.cl\/en\/2021\/03\/31\/marina-alberti-en-charla-con-el-ieut-la-forma-en-como-utilizamos-los-recursos-naturales-tiene-un-efecto-directo-en-las-condiciones-ambientales\/#breadcrumb\",\"itemListElement\":[{\"@type\":\"ListItem\",\"position\":1,\"name\":\"Portada\",\"item\":\"https:\/\/fadeu.urantiacos.cl\/en\/\"},{\"@type\":\"ListItem\",\"position\":2,\"name\":\"Marina Alberti en charla con el IEUT: \u201cLa forma en c\u00f3mo utilizamos los recursos naturales tiene un efecto directo en las condiciones ambientales\u201d\"}]},{\"@type\":\"WebSite\",\"@id\":\"https:\/\/fadeu.urantiacos.cl\/en\/#website\",\"url\":\"https:\/\/fadeu.urantiacos.cl\/en\/\",\"name\":\"Facultad de Arquitectura, Dise\u00f1o y Estudios Urbanos\",\"description\":\"Campus Lo Contador\",\"potentialAction\":[{\"@type\":\"SearchAction\",\"target\":{\"@type\":\"EntryPoint\",\"urlTemplate\":\"https:\/\/fadeu.urantiacos.cl\/en\/?s={search_term_string}\"},\"query-input\":{\"@type\":\"PropertyValueSpecification\",\"valueRequired\":true,\"valueName\":\"search_term_string\"}}],\"inLanguage\":\"en-US\"},{\"@type\":\"Person\",\"@id\":\"https:\/\/fadeu.urantiacos.cl\/en\/#\/schema\/person\/d203e2e84b1c40275eac77b3061a19a2\",\"name\":\"manadmin\",\"image\":{\"@type\":\"ImageObject\",\"inLanguage\":\"en-US\",\"@id\":\"https:\/\/fadeu.urantiacos.cl\/en\/#\/schema\/person\/image\/\",\"url\":\"https:\/\/secure.gravatar.com\/avatar\/4b1d8e3303b4a9d8968ac578947d8bc80d9aea359f388cdd4aac15cadc0e8447?s=96&d=mm&r=g\",\"contentUrl\":\"https:\/\/secure.gravatar.com\/avatar\/4b1d8e3303b4a9d8968ac578947d8bc80d9aea359f388cdd4aac15cadc0e8447?s=96&d=mm&r=g\",\"caption\":\"manadmin\"},\"sameAs\":[\"https:\/\/fadeu.urantiacos.cl\"]}]}<\/script>\n<!-- \/ Yoast SEO plugin. -->","yoast_head_json":{"title":"Marina Alberti en charla con el IEUT: \u201cLa forma en c\u00f3mo utilizamos los recursos naturales tiene un efecto directo en las condiciones ambientales\u201d - Facultad de Arquitectura, Dise\u00f1o y Estudios Urbanos","description":"\u00abUrban sustainability in an eco-evolutionary perspective\u00bb, fue el t\u00edtulo de la charla que realiz\u00f3 el pasado 9 de marzo, la destacada profesora, referentes en sus estudios de sustentabilidad Marina Alberti, invitada en el marco del proyecto FONDECYT 1190251, que dirige la profesora del Instituto de Estudios Urbanos y Territoriales, Carolina Rojas.","robots":{"index":"index","follow":"follow","max-snippet":"max-snippet:-1","max-image-preview":"max-image-preview:large","max-video-preview":"max-video-preview:-1"},"canonical":"https:\/\/fadeu.urantiacos.cl\/en\/2021\/03\/31\/marina-alberti-en-charla-con-el-ieut-la-forma-en-como-utilizamos-los-recursos-naturales-tiene-un-efecto-directo-en-las-condiciones-ambientales\/","og_locale":"en_US","og_type":"article","og_title":"Marina Alberti en charla con el IEUT: \u201cLa forma en c\u00f3mo utilizamos los recursos naturales tiene un efecto directo en las condiciones ambientales\u201d - Facultad de Arquitectura, Dise\u00f1o y Estudios Urbanos","og_description":"\u00abUrban sustainability in an eco-evolutionary perspective\u00bb, fue el t\u00edtulo de la charla que realiz\u00f3 el pasado 9 de marzo, la destacada profesora, referentes en sus estudios de sustentabilidad Marina Alberti, invitada en el marco del proyecto FONDECYT 1190251, que dirige la profesora del Instituto de Estudios Urbanos y Territoriales, Carolina Rojas.","og_url":"https:\/\/fadeu.urantiacos.cl\/en\/2021\/03\/31\/marina-alberti-en-charla-con-el-ieut-la-forma-en-como-utilizamos-los-recursos-naturales-tiene-un-efecto-directo-en-las-condiciones-ambientales\/","og_site_name":"Facultad de Arquitectura, Dise\u00f1o y Estudios Urbanos","article_published_time":"2021-03-31T21:59:00+00:00","article_modified_time":"2023-09-08T22:01:30+00:00","og_image":[{"width":350,"height":250,"url":"https:\/\/fadeu.urantiacos.cl\/wp-content\/uploads\/2023\/09\/MARINA_web.jpg","type":"image\/jpeg"}],"author":"manadmin","twitter_card":"summary_large_image","twitter_misc":{"Written by":"manadmin","Est. reading time":"2 minutes"},"schema":{"@context":"https:\/\/schema.org","@graph":[{"@type":"Article","@id":"https:\/\/fadeu.urantiacos.cl\/en\/2021\/03\/31\/marina-alberti-en-charla-con-el-ieut-la-forma-en-como-utilizamos-los-recursos-naturales-tiene-un-efecto-directo-en-las-condiciones-ambientales\/#article","isPartOf":{"@id":"https:\/\/fadeu.urantiacos.cl\/en\/2021\/03\/31\/marina-alberti-en-charla-con-el-ieut-la-forma-en-como-utilizamos-los-recursos-naturales-tiene-un-efecto-directo-en-las-condiciones-ambientales\/"},"author":{"name":"manadmin","@id":"https:\/\/fadeu.urantiacos.cl\/en\/#\/schema\/person\/d203e2e84b1c40275eac77b3061a19a2"},"headline":"Marina Alberti en charla con el IEUT: \u201cLa forma en c\u00f3mo utilizamos los recursos naturales tiene un efecto directo en las condiciones ambientales\u201d","datePublished":"2021-03-31T21:59:00+00:00","dateModified":"2023-09-08T22:01:30+00:00","mainEntityOfPage":{"@id":"https:\/\/fadeu.urantiacos.cl\/en\/2021\/03\/31\/marina-alberti-en-charla-con-el-ieut-la-forma-en-como-utilizamos-los-recursos-naturales-tiene-un-efecto-directo-en-las-condiciones-ambientales\/"},"wordCount":491,"commentCount":0,"image":{"@id":"https:\/\/fadeu.urantiacos.cl\/en\/2021\/03\/31\/marina-alberti-en-charla-con-el-ieut-la-forma-en-como-utilizamos-los-recursos-naturales-tiene-un-efecto-directo-en-las-condiciones-ambientales\/#primaryimage"},"thumbnailUrl":"https:\/\/fadeu.urantiacos.cl\/wp-content\/uploads\/2023\/09\/MARINA_web.jpg","articleSection":["Sin categorizar"],"inLanguage":"en-US","potentialAction":[{"@type":"CommentAction","name":"Comment","target":["https:\/\/fadeu.urantiacos.cl\/en\/2021\/03\/31\/marina-alberti-en-charla-con-el-ieut-la-forma-en-como-utilizamos-los-recursos-naturales-tiene-un-efecto-directo-en-las-condiciones-ambientales\/#respond"]}]},{"@type":"WebPage","@id":"https:\/\/fadeu.urantiacos.cl\/en\/2021\/03\/31\/marina-alberti-en-charla-con-el-ieut-la-forma-en-como-utilizamos-los-recursos-naturales-tiene-un-efecto-directo-en-las-condiciones-ambientales\/","url":"https:\/\/fadeu.urantiacos.cl\/en\/2021\/03\/31\/marina-alberti-en-charla-con-el-ieut-la-forma-en-como-utilizamos-los-recursos-naturales-tiene-un-efecto-directo-en-las-condiciones-ambientales\/","name":"Marina Alberti en charla con el IEUT: \u201cLa forma en c\u00f3mo utilizamos los recursos naturales tiene un efecto directo en las condiciones ambientales\u201d - Facultad de Arquitectura, Dise\u00f1o y Estudios Urbanos","isPartOf":{"@id":"https:\/\/fadeu.urantiacos.cl\/en\/#website"},"primaryImageOfPage":{"@id":"https:\/\/fadeu.urantiacos.cl\/en\/2021\/03\/31\/marina-alberti-en-charla-con-el-ieut-la-forma-en-como-utilizamos-los-recursos-naturales-tiene-un-efecto-directo-en-las-condiciones-ambientales\/#primaryimage"},"image":{"@id":"https:\/\/fadeu.urantiacos.cl\/en\/2021\/03\/31\/marina-alberti-en-charla-con-el-ieut-la-forma-en-como-utilizamos-los-recursos-naturales-tiene-un-efecto-directo-en-las-condiciones-ambientales\/#primaryimage"},"thumbnailUrl":"https:\/\/fadeu.urantiacos.cl\/wp-content\/uploads\/2023\/09\/MARINA_web.jpg","datePublished":"2021-03-31T21:59:00+00:00","dateModified":"2023-09-08T22:01:30+00:00","author":{"@id":"https:\/\/fadeu.urantiacos.cl\/en\/#\/schema\/person\/d203e2e84b1c40275eac77b3061a19a2"},"description":"\u00abUrban sustainability in an eco-evolutionary perspective\u00bb, fue el t\u00edtulo de la charla que realiz\u00f3 el pasado 9 de marzo, la destacada profesora, referentes en sus estudios de sustentabilidad Marina Alberti, invitada en el marco del proyecto FONDECYT 1190251, que dirige la profesora del Instituto de Estudios Urbanos y Territoriales, Carolina Rojas.","breadcrumb":{"@id":"https:\/\/fadeu.urantiacos.cl\/en\/2021\/03\/31\/marina-alberti-en-charla-con-el-ieut-la-forma-en-como-utilizamos-los-recursos-naturales-tiene-un-efecto-directo-en-las-condiciones-ambientales\/#breadcrumb"},"inLanguage":"en-US","potentialAction":[{"@type":"ReadAction","target":["https:\/\/fadeu.urantiacos.cl\/en\/2021\/03\/31\/marina-alberti-en-charla-con-el-ieut-la-forma-en-como-utilizamos-los-recursos-naturales-tiene-un-efecto-directo-en-las-condiciones-ambientales\/"]}]},{"@type":"ImageObject","inLanguage":"en-US","@id":"https:\/\/fadeu.urantiacos.cl\/en\/2021\/03\/31\/marina-alberti-en-charla-con-el-ieut-la-forma-en-como-utilizamos-los-recursos-naturales-tiene-un-efecto-directo-en-las-condiciones-ambientales\/#primaryimage","url":"https:\/\/fadeu.urantiacos.cl\/wp-content\/uploads\/2023\/09\/MARINA_web.jpg","contentUrl":"https:\/\/fadeu.urantiacos.cl\/wp-content\/uploads\/2023\/09\/MARINA_web.jpg","width":350,"height":250},{"@type":"BreadcrumbList","@id":"https:\/\/fadeu.urantiacos.cl\/en\/2021\/03\/31\/marina-alberti-en-charla-con-el-ieut-la-forma-en-como-utilizamos-los-recursos-naturales-tiene-un-efecto-directo-en-las-condiciones-ambientales\/#breadcrumb","itemListElement":[{"@type":"ListItem","position":1,"name":"Portada","item":"https:\/\/fadeu.urantiacos.cl\/en\/"},{"@type":"ListItem","position":2,"name":"Marina Alberti en charla con el IEUT: \u201cLa forma en c\u00f3mo utilizamos los recursos naturales tiene un efecto directo en las condiciones ambientales\u201d"}]},{"@type":"WebSite","@id":"https:\/\/fadeu.urantiacos.cl\/en\/#website","url":"https:\/\/fadeu.urantiacos.cl\/en\/","name":"Facultad de Arquitectura, Dise\u00f1o y Estudios Urbanos","description":"Campus Lo Contador","potentialAction":[{"@type":"SearchAction","target":{"@type":"EntryPoint","urlTemplate":"https:\/\/fadeu.urantiacos.cl\/en\/?s={search_term_string}"},"query-input":{"@type":"PropertyValueSpecification","valueRequired":true,"valueName":"search_term_string"}}],"inLanguage":"en-US"},{"@type":"Person","@id":"https:\/\/fadeu.urantiacos.cl\/en\/#\/schema\/person\/d203e2e84b1c40275eac77b3061a19a2","name":"manadmin","image":{"@type":"ImageObject","inLanguage":"en-US","@id":"https:\/\/fadeu.urantiacos.cl\/en\/#\/schema\/person\/image\/","url":"https:\/\/secure.gravatar.com\/avatar\/4b1d8e3303b4a9d8968ac578947d8bc80d9aea359f388cdd4aac15cadc0e8447?s=96&d=mm&r=g","contentUrl":"https:\/\/secure.gravatar.com\/avatar\/4b1d8e3303b4a9d8968ac578947d8bc80d9aea359f388cdd4aac15cadc0e8447?s=96&d=mm&r=g","caption":"manadmin"},"sameAs":["https:\/\/fadeu.urantiacos.cl"]}]}},"_links":{"self":[{"href":"https:\/\/fadeu.urantiacos.cl\/en\/wp-json\/wp\/v2\/posts\/7277","targetHints":{"allow":["GET"]}}],"collection":[{"href":"https:\/\/fadeu.urantiacos.cl\/en\/wp-json\/wp\/v2\/posts"}],"about":[{"href":"https:\/\/fadeu.urantiacos.cl\/en\/wp-json\/wp\/v2\/types\/post"}],"author":[{"embeddable":true,"href":"https:\/\/fadeu.urantiacos.cl\/en\/wp-json\/wp\/v2\/users\/1"}],"replies":[{"embeddable":true,"href":"https:\/\/fadeu.urantiacos.cl\/en\/wp-json\/wp\/v2\/comments?post=7277"}],"version-history":[{"count":1,"href":"https:\/\/fadeu.urantiacos.cl\/en\/wp-json\/wp\/v2\/posts\/7277\/revisions"}],"predecessor-version":[{"id":7280,"href":"https:\/\/fadeu.urantiacos.cl\/en\/wp-json\/wp\/v2\/posts\/7277\/revisions\/7280"}],"wp:featuredmedia":[{"embeddable":true,"href":"https:\/\/fadeu.urantiacos.cl\/en\/wp-json\/wp\/v2\/media\/7278"}],"wp:attachment":[{"href":"https:\/\/fadeu.urantiacos.cl\/en\/wp-json\/wp\/v2\/media?parent=7277"}],"wp:term":[{"taxonomy":"category","embeddable":true,"href":"https:\/\/fadeu.urantiacos.cl\/en\/wp-json\/wp\/v2\/categories?post=7277"},{"taxonomy":"post_tag","embeddable":true,"href":"https:\/\/fadeu.urantiacos.cl\/en\/wp-json\/wp\/v2\/tags?post=7277"}],"curies":[{"name":"wp","href":"https:\/\/api.w.org\/{rel}","templated":true}]}}