{"id":7274,"date":"2021-03-31T18:57:00","date_gmt":"2021-03-31T21:57:00","guid":{"rendered":"https:\/\/fadeu.urantiacos.cl\/?p=7274"},"modified":"2023-09-08T18:59:21","modified_gmt":"2023-09-08T21:59:21","slug":"el-lunes-12-de-abril-se-inicia-vacunacion-de-academicos-administrativos-y-profesionales-uc","status":"publish","type":"post","link":"https:\/\/fadeu.urantiacos.cl\/en\/2021\/03\/31\/el-lunes-12-de-abril-se-inicia-vacunacion-de-academicos-administrativos-y-profesionales-uc\/","title":{"rendered":"El lunes 12 de abril se inicia vacunaci\u00f3n de acad\u00e9micos, administrativos y profesionales UC"},"content":{"rendered":"\n<figure class=\"wp-block-image size-full\"><img decoding=\"async\" width=\"350\" height=\"250\" src=\"https:\/\/fadeu.urantiacos.cl\/wp-content\/uploads\/2023\/09\/vacunacion2_web.jpg\" alt=\"\" class=\"wp-image-7275\" srcset=\"https:\/\/fadeu.urantiacos.cl\/wp-content\/uploads\/2023\/09\/vacunacion2_web.jpg 350w, https:\/\/fadeu.urantiacos.cl\/wp-content\/uploads\/2023\/09\/vacunacion2_web-300x214.jpg 300w\" sizes=\"(max-width: 350px) 100vw, 350px\" \/><\/figure>\n\n\n\n<p>Querida comunidad,<\/p>\n\n\n\n<p>Les escribimos para comunicarles importantes noticias en relaci\u00f3n al proceso de vacunaci\u00f3n de nuestra comunidad en el marco de la campa\u00f1a que se desarrolla a nivel nacional.<\/p>\n\n\n\n<p>La vacunaci\u00f3n para acad\u00e9micos, administrativos y profesionales de Educaci\u00f3n Superior que trabajan en institutos profesionales y centros de formaci\u00f3n t\u00e9cnica se iniciar\u00e1 la semana del 5 de abril. Para el caso de las universidades, lo que incluye a la nuestra, la vacunaci\u00f3n comenzar\u00e1 el lunes 12 de abril.<\/p>\n\n\n\n<p>Prontamente se definir\u00e1 si es que habr\u00e1 un calendario espec\u00edfico de d\u00edas en esa semana o si es que se abrir\u00e1 una ventana temporal durante toda la semana para que libremente podamos proceder a vacunarnos. Quedaremos atentos a la informaci\u00f3n que se entregue al respecto para poder difundirla y proceder a organizar los permisos respectivos, que deber\u00e1n ser coordinados por cada jefatura de manera de garantizar el normal funcionamiento de la universidad.<\/p>\n\n\n\n<blockquote class=\"wp-block-quote is-layout-flow wp-block-quote-is-layout-flow\">\n<p>&#8220;Es muy importante que toda nuestra comunidad se vacune, por lo que queremos invitarlos a hacerlo. Esto nos brindar\u00e1 una protecci\u00f3n importante y nos dar\u00e1 mayor seguridad en las actividades presenciales en nuestros campus en la medida que afrontaremos los pr\u00f3ximos meses con mayores niveles de protecci\u00f3n sanitaria&#8221;.<\/p>\n<\/blockquote>\n\n\n\n<p>En relaci\u00f3n a la certificaci\u00f3n de adscripci\u00f3n a la UC que se exigir\u00e1 en los distintos vacunatorios del pa\u00eds, se aceptar\u00e1n tarjetas de identificaci\u00f3n (TUC), certificados, colillas de sueldo u otras formas que acrediten filiaci\u00f3n a la Universidad Cat\u00f3lica. Para estos efectos, se ha habilitado en el sistema Peoplesoft un certificado especial (Mi Portal UC \/ Peoplesoft \/Autoservicio \/ Certificados)<\/p>\n\n\n\n<p>Es muy importante que toda nuestra comunidad se vacune, por lo que queremos invitarlos a hacerlo. Esto nos brindar\u00e1 una protecci\u00f3n importante y nos dar\u00e1 mayor seguridad en las actividades presenciales en nuestros campus en la medida que afrontaremos los pr\u00f3ximos meses con mayores niveles de protecci\u00f3n sanitaria.<\/p>\n\n\n\n<p>Independientemente de la vacunaci\u00f3n masiva que tendremos a contar del 12 de abril, debemos mantener todas las medidas de autocuidado que nos han permitido protegernos como comunidad. No se puede olvidar el uso de mascarillas, el lavado continuo de manos o uso de alcohol gel, la distancia f\u00edsica y todos los protocolos COVID-UC.<\/p>\n\n\n\n<p>El proceso de vacunaci\u00f3n se llevar\u00e1 a efecto en los lugares habituales que ha determinado la autoridad sanitaria. Eso considera nuestra Casa Central y Campus Oriente. La vacuna que recibiremos requiere dos dosis y reci\u00e9n 15 d\u00edas despu\u00e9s de la segunda dosis, se alcanza la protecci\u00f3n esperada de la vacuna.<\/p>\n\n\n\n<p>Quisi\u00e9ramos recordar que independientemente de la vacunaci\u00f3n masiva que tendremos a contar del 12 de abril, debemos mantener todas las medidas de autocuidado que nos han permitido protegernos como comunidad. No se puede olvidar el uso de mascarillas, el lavado continuo de manos o uso de alcohol gel, la distancia f\u00edsica y todos los protocolos COVID-UC.<\/p>\n\n\n\n<p>Por todo lo antes se\u00f1alado es que, independiente de la vacunaci\u00f3n, seguiremos trabajando bajo los lineamientos que el Comit\u00e9 Covid- UC siga estableciendo. En especial no olvidemos que la vacunaci\u00f3n y medidas de autocuidado son un acto de solidaridad.<\/p>\n\n\n\n<p><br>Les saluda atentamente,<\/p>\n\n\n\n<p>Direcci\u00f3n Superior<\/p>\n","protected":false},"excerpt":{"rendered":"<p>La Direcci\u00f3n Superior de nuestra casa de estudios inform\u00f3 que para acreditarse como miembro de la Comunidad UC, las personas deber\u00e1n identificarse con su TUC, certificados o colillas de sueldo, entre otras formas. Adem\u00e1s, se reitera que, independiente del proceso de vacunaci\u00f3n masiva, se deben mantener todas las medidas de autocuidado: uso de mascarillas, lavado continuo de manos o uso de alcohol gel, la distancia f\u00edsica y todos los protocolos COVID-UC.<\/p>\n","protected":false},"author":1,"featured_media":7275,"comment_status":"open","ping_status":"open","sticky":false,"template":"","format":"standard","meta":{"_acf_changed":false,"footnotes":""},"categories":[1],"tags":[],"class_list":["post-7274","post","type-post","status-publish","format-standard","has-post-thumbnail","hentry","category-sin-categorizar"],"acf":[],"yoast_head":"<!-- This site is optimized with the Yoast SEO plugin v27.1.1 - https:\/\/yoast.com\/product\/yoast-seo-wordpress\/ -->\n<title>El lunes 12 de abril se inicia vacunaci\u00f3n de acad\u00e9micos, administrativos y profesionales UC - Facultad de Arquitectura, Dise\u00f1o y Estudios Urbanos<\/title>\n<meta name=\"description\" content=\"La Direcci\u00f3n Superior de nuestra casa de estudios inform\u00f3 que para acreditarse como miembro de la Comunidad UC, las personas deber\u00e1n identificarse con su TUC, certificados o colillas de sueldo, entre otras formas. Adem\u00e1s, se reitera que, independiente del proceso de vacunaci\u00f3n masiva, se deben mantener todas las medidas de autocuidado: uso de mascarillas, lavado continuo de manos o uso de alcohol gel, la distancia f\u00edsica y todos los protocolos COVID-UC.\" \/>\n<meta name=\"robots\" content=\"index, follow, max-snippet:-1, max-image-preview:large, max-video-preview:-1\" \/>\n<link rel=\"canonical\" href=\"https:\/\/fadeu.urantiacos.cl\/en\/2021\/03\/31\/el-lunes-12-de-abril-se-inicia-vacunacion-de-academicos-administrativos-y-profesionales-uc\/\" \/>\n<meta property=\"og:locale\" content=\"en_US\" \/>\n<meta property=\"og:type\" content=\"article\" \/>\n<meta property=\"og:title\" content=\"El lunes 12 de abril se inicia vacunaci\u00f3n de acad\u00e9micos, administrativos y profesionales UC - Facultad de Arquitectura, Dise\u00f1o y Estudios Urbanos\" \/>\n<meta property=\"og:description\" content=\"La Direcci\u00f3n Superior de nuestra casa de estudios inform\u00f3 que para acreditarse como miembro de la Comunidad UC, las personas deber\u00e1n identificarse con su TUC, certificados o colillas de sueldo, entre otras formas. Adem\u00e1s, se reitera que, independiente del proceso de vacunaci\u00f3n masiva, se deben mantener todas las medidas de autocuidado: uso de mascarillas, lavado continuo de manos o uso de alcohol gel, la distancia f\u00edsica y todos los protocolos COVID-UC.\" \/>\n<meta property=\"og:url\" content=\"https:\/\/fadeu.urantiacos.cl\/en\/2021\/03\/31\/el-lunes-12-de-abril-se-inicia-vacunacion-de-academicos-administrativos-y-profesionales-uc\/\" \/>\n<meta property=\"og:site_name\" content=\"Facultad de Arquitectura, Dise\u00f1o y Estudios Urbanos\" \/>\n<meta property=\"article:published_time\" content=\"2021-03-31T21:57:00+00:00\" \/>\n<meta property=\"article:modified_time\" content=\"2023-09-08T21:59:21+00:00\" \/>\n<meta property=\"og:image\" content=\"https:\/\/fadeu.urantiacos.cl\/wp-content\/uploads\/2023\/09\/vacunacion2_web.jpg\" \/>\n\t<meta property=\"og:image:width\" content=\"350\" \/>\n\t<meta property=\"og:image:height\" content=\"250\" \/>\n\t<meta property=\"og:image:type\" content=\"image\/jpeg\" \/>\n<meta name=\"author\" content=\"manadmin\" \/>\n<meta name=\"twitter:card\" content=\"summary_large_image\" \/>\n<meta name=\"twitter:label1\" content=\"Written by\" \/>\n\t<meta name=\"twitter:data1\" content=\"manadmin\" \/>\n\t<meta name=\"twitter:label2\" content=\"Est. reading time\" \/>\n\t<meta name=\"twitter:data2\" content=\"3 minutes\" \/>\n<script type=\"application\/ld+json\" class=\"yoast-schema-graph\">{\"@context\":\"https:\/\/schema.org\",\"@graph\":[{\"@type\":\"Article\",\"@id\":\"https:\/\/fadeu.urantiacos.cl\/en\/2021\/03\/31\/el-lunes-12-de-abril-se-inicia-vacunacion-de-academicos-administrativos-y-profesionales-uc\/#article\",\"isPartOf\":{\"@id\":\"https:\/\/fadeu.urantiacos.cl\/en\/2021\/03\/31\/el-lunes-12-de-abril-se-inicia-vacunacion-de-academicos-administrativos-y-profesionales-uc\/\"},\"author\":{\"name\":\"manadmin\",\"@id\":\"https:\/\/fadeu.urantiacos.cl\/en\/#\/schema\/person\/d203e2e84b1c40275eac77b3061a19a2\"},\"headline\":\"El lunes 12 de abril se inicia vacunaci\u00f3n de acad\u00e9micos, administrativos y profesionales UC\",\"datePublished\":\"2021-03-31T21:57:00+00:00\",\"dateModified\":\"2023-09-08T21:59:21+00:00\",\"mainEntityOfPage\":{\"@id\":\"https:\/\/fadeu.urantiacos.cl\/en\/2021\/03\/31\/el-lunes-12-de-abril-se-inicia-vacunacion-de-academicos-administrativos-y-profesionales-uc\/\"},\"wordCount\":557,\"commentCount\":0,\"image\":{\"@id\":\"https:\/\/fadeu.urantiacos.cl\/en\/2021\/03\/31\/el-lunes-12-de-abril-se-inicia-vacunacion-de-academicos-administrativos-y-profesionales-uc\/#primaryimage\"},\"thumbnailUrl\":\"https:\/\/fadeu.urantiacos.cl\/wp-content\/uploads\/2023\/09\/vacunacion2_web.jpg\",\"articleSection\":[\"Sin categorizar\"],\"inLanguage\":\"en-US\",\"potentialAction\":[{\"@type\":\"CommentAction\",\"name\":\"Comment\",\"target\":[\"https:\/\/fadeu.urantiacos.cl\/en\/2021\/03\/31\/el-lunes-12-de-abril-se-inicia-vacunacion-de-academicos-administrativos-y-profesionales-uc\/#respond\"]}]},{\"@type\":\"WebPage\",\"@id\":\"https:\/\/fadeu.urantiacos.cl\/en\/2021\/03\/31\/el-lunes-12-de-abril-se-inicia-vacunacion-de-academicos-administrativos-y-profesionales-uc\/\",\"url\":\"https:\/\/fadeu.urantiacos.cl\/en\/2021\/03\/31\/el-lunes-12-de-abril-se-inicia-vacunacion-de-academicos-administrativos-y-profesionales-uc\/\",\"name\":\"El lunes 12 de abril se inicia vacunaci\u00f3n de acad\u00e9micos, administrativos y profesionales UC - Facultad de Arquitectura, Dise\u00f1o y Estudios Urbanos\",\"isPartOf\":{\"@id\":\"https:\/\/fadeu.urantiacos.cl\/en\/#website\"},\"primaryImageOfPage\":{\"@id\":\"https:\/\/fadeu.urantiacos.cl\/en\/2021\/03\/31\/el-lunes-12-de-abril-se-inicia-vacunacion-de-academicos-administrativos-y-profesionales-uc\/#primaryimage\"},\"image\":{\"@id\":\"https:\/\/fadeu.urantiacos.cl\/en\/2021\/03\/31\/el-lunes-12-de-abril-se-inicia-vacunacion-de-academicos-administrativos-y-profesionales-uc\/#primaryimage\"},\"thumbnailUrl\":\"https:\/\/fadeu.urantiacos.cl\/wp-content\/uploads\/2023\/09\/vacunacion2_web.jpg\",\"datePublished\":\"2021-03-31T21:57:00+00:00\",\"dateModified\":\"2023-09-08T21:59:21+00:00\",\"author\":{\"@id\":\"https:\/\/fadeu.urantiacos.cl\/en\/#\/schema\/person\/d203e2e84b1c40275eac77b3061a19a2\"},\"description\":\"La Direcci\u00f3n Superior de nuestra casa de estudios inform\u00f3 que para acreditarse como miembro de la Comunidad UC, las personas deber\u00e1n identificarse con su TUC, certificados o colillas de sueldo, entre otras formas. Adem\u00e1s, se reitera que, independiente del proceso de vacunaci\u00f3n masiva, se deben mantener todas las medidas de autocuidado: uso de mascarillas, lavado continuo de manos o uso de alcohol gel, la distancia f\u00edsica y todos los protocolos COVID-UC.\",\"breadcrumb\":{\"@id\":\"https:\/\/fadeu.urantiacos.cl\/en\/2021\/03\/31\/el-lunes-12-de-abril-se-inicia-vacunacion-de-academicos-administrativos-y-profesionales-uc\/#breadcrumb\"},\"inLanguage\":\"en-US\",\"potentialAction\":[{\"@type\":\"ReadAction\",\"target\":[\"https:\/\/fadeu.urantiacos.cl\/en\/2021\/03\/31\/el-lunes-12-de-abril-se-inicia-vacunacion-de-academicos-administrativos-y-profesionales-uc\/\"]}]},{\"@type\":\"ImageObject\",\"inLanguage\":\"en-US\",\"@id\":\"https:\/\/fadeu.urantiacos.cl\/en\/2021\/03\/31\/el-lunes-12-de-abril-se-inicia-vacunacion-de-academicos-administrativos-y-profesionales-uc\/#primaryimage\",\"url\":\"https:\/\/fadeu.urantiacos.cl\/wp-content\/uploads\/2023\/09\/vacunacion2_web.jpg\",\"contentUrl\":\"https:\/\/fadeu.urantiacos.cl\/wp-content\/uploads\/2023\/09\/vacunacion2_web.jpg\",\"width\":350,\"height\":250},{\"@type\":\"BreadcrumbList\",\"@id\":\"https:\/\/fadeu.urantiacos.cl\/en\/2021\/03\/31\/el-lunes-12-de-abril-se-inicia-vacunacion-de-academicos-administrativos-y-profesionales-uc\/#breadcrumb\",\"itemListElement\":[{\"@type\":\"ListItem\",\"position\":1,\"name\":\"Portada\",\"item\":\"https:\/\/fadeu.urantiacos.cl\/en\/\"},{\"@type\":\"ListItem\",\"position\":2,\"name\":\"El lunes 12 de abril se inicia vacunaci\u00f3n de acad\u00e9micos, administrativos y profesionales UC\"}]},{\"@type\":\"WebSite\",\"@id\":\"https:\/\/fadeu.urantiacos.cl\/en\/#website\",\"url\":\"https:\/\/fadeu.urantiacos.cl\/en\/\",\"name\":\"Facultad de Arquitectura, Dise\u00f1o y Estudios Urbanos\",\"description\":\"Campus Lo Contador\",\"potentialAction\":[{\"@type\":\"SearchAction\",\"target\":{\"@type\":\"EntryPoint\",\"urlTemplate\":\"https:\/\/fadeu.urantiacos.cl\/en\/?s={search_term_string}\"},\"query-input\":{\"@type\":\"PropertyValueSpecification\",\"valueRequired\":true,\"valueName\":\"search_term_string\"}}],\"inLanguage\":\"en-US\"},{\"@type\":\"Person\",\"@id\":\"https:\/\/fadeu.urantiacos.cl\/en\/#\/schema\/person\/d203e2e84b1c40275eac77b3061a19a2\",\"name\":\"manadmin\",\"image\":{\"@type\":\"ImageObject\",\"inLanguage\":\"en-US\",\"@id\":\"https:\/\/fadeu.urantiacos.cl\/en\/#\/schema\/person\/image\/\",\"url\":\"https:\/\/secure.gravatar.com\/avatar\/4b1d8e3303b4a9d8968ac578947d8bc80d9aea359f388cdd4aac15cadc0e8447?s=96&d=mm&r=g\",\"contentUrl\":\"https:\/\/secure.gravatar.com\/avatar\/4b1d8e3303b4a9d8968ac578947d8bc80d9aea359f388cdd4aac15cadc0e8447?s=96&d=mm&r=g\",\"caption\":\"manadmin\"},\"sameAs\":[\"https:\/\/fadeu.urantiacos.cl\"]}]}<\/script>\n<!-- \/ Yoast SEO plugin. -->","yoast_head_json":{"title":"El lunes 12 de abril se inicia vacunaci\u00f3n de acad\u00e9micos, administrativos y profesionales UC - Facultad de Arquitectura, Dise\u00f1o y Estudios Urbanos","description":"La Direcci\u00f3n Superior de nuestra casa de estudios inform\u00f3 que para acreditarse como miembro de la Comunidad UC, las personas deber\u00e1n identificarse con su TUC, certificados o colillas de sueldo, entre otras formas. Adem\u00e1s, se reitera que, independiente del proceso de vacunaci\u00f3n masiva, se deben mantener todas las medidas de autocuidado: uso de mascarillas, lavado continuo de manos o uso de alcohol gel, la distancia f\u00edsica y todos los protocolos COVID-UC.","robots":{"index":"index","follow":"follow","max-snippet":"max-snippet:-1","max-image-preview":"max-image-preview:large","max-video-preview":"max-video-preview:-1"},"canonical":"https:\/\/fadeu.urantiacos.cl\/en\/2021\/03\/31\/el-lunes-12-de-abril-se-inicia-vacunacion-de-academicos-administrativos-y-profesionales-uc\/","og_locale":"en_US","og_type":"article","og_title":"El lunes 12 de abril se inicia vacunaci\u00f3n de acad\u00e9micos, administrativos y profesionales UC - Facultad de Arquitectura, Dise\u00f1o y Estudios Urbanos","og_description":"La Direcci\u00f3n Superior de nuestra casa de estudios inform\u00f3 que para acreditarse como miembro de la Comunidad UC, las personas deber\u00e1n identificarse con su TUC, certificados o colillas de sueldo, entre otras formas. Adem\u00e1s, se reitera que, independiente del proceso de vacunaci\u00f3n masiva, se deben mantener todas las medidas de autocuidado: uso de mascarillas, lavado continuo de manos o uso de alcohol gel, la distancia f\u00edsica y todos los protocolos COVID-UC.","og_url":"https:\/\/fadeu.urantiacos.cl\/en\/2021\/03\/31\/el-lunes-12-de-abril-se-inicia-vacunacion-de-academicos-administrativos-y-profesionales-uc\/","og_site_name":"Facultad de Arquitectura, Dise\u00f1o y Estudios Urbanos","article_published_time":"2021-03-31T21:57:00+00:00","article_modified_time":"2023-09-08T21:59:21+00:00","og_image":[{"width":350,"height":250,"url":"https:\/\/fadeu.urantiacos.cl\/wp-content\/uploads\/2023\/09\/vacunacion2_web.jpg","type":"image\/jpeg"}],"author":"manadmin","twitter_card":"summary_large_image","twitter_misc":{"Written by":"manadmin","Est. reading time":"3 minutes"},"schema":{"@context":"https:\/\/schema.org","@graph":[{"@type":"Article","@id":"https:\/\/fadeu.urantiacos.cl\/en\/2021\/03\/31\/el-lunes-12-de-abril-se-inicia-vacunacion-de-academicos-administrativos-y-profesionales-uc\/#article","isPartOf":{"@id":"https:\/\/fadeu.urantiacos.cl\/en\/2021\/03\/31\/el-lunes-12-de-abril-se-inicia-vacunacion-de-academicos-administrativos-y-profesionales-uc\/"},"author":{"name":"manadmin","@id":"https:\/\/fadeu.urantiacos.cl\/en\/#\/schema\/person\/d203e2e84b1c40275eac77b3061a19a2"},"headline":"El lunes 12 de abril se inicia vacunaci\u00f3n de acad\u00e9micos, administrativos y profesionales UC","datePublished":"2021-03-31T21:57:00+00:00","dateModified":"2023-09-08T21:59:21+00:00","mainEntityOfPage":{"@id":"https:\/\/fadeu.urantiacos.cl\/en\/2021\/03\/31\/el-lunes-12-de-abril-se-inicia-vacunacion-de-academicos-administrativos-y-profesionales-uc\/"},"wordCount":557,"commentCount":0,"image":{"@id":"https:\/\/fadeu.urantiacos.cl\/en\/2021\/03\/31\/el-lunes-12-de-abril-se-inicia-vacunacion-de-academicos-administrativos-y-profesionales-uc\/#primaryimage"},"thumbnailUrl":"https:\/\/fadeu.urantiacos.cl\/wp-content\/uploads\/2023\/09\/vacunacion2_web.jpg","articleSection":["Sin categorizar"],"inLanguage":"en-US","potentialAction":[{"@type":"CommentAction","name":"Comment","target":["https:\/\/fadeu.urantiacos.cl\/en\/2021\/03\/31\/el-lunes-12-de-abril-se-inicia-vacunacion-de-academicos-administrativos-y-profesionales-uc\/#respond"]}]},{"@type":"WebPage","@id":"https:\/\/fadeu.urantiacos.cl\/en\/2021\/03\/31\/el-lunes-12-de-abril-se-inicia-vacunacion-de-academicos-administrativos-y-profesionales-uc\/","url":"https:\/\/fadeu.urantiacos.cl\/en\/2021\/03\/31\/el-lunes-12-de-abril-se-inicia-vacunacion-de-academicos-administrativos-y-profesionales-uc\/","name":"El lunes 12 de abril se inicia vacunaci\u00f3n de acad\u00e9micos, administrativos y profesionales UC - Facultad de Arquitectura, Dise\u00f1o y Estudios Urbanos","isPartOf":{"@id":"https:\/\/fadeu.urantiacos.cl\/en\/#website"},"primaryImageOfPage":{"@id":"https:\/\/fadeu.urantiacos.cl\/en\/2021\/03\/31\/el-lunes-12-de-abril-se-inicia-vacunacion-de-academicos-administrativos-y-profesionales-uc\/#primaryimage"},"image":{"@id":"https:\/\/fadeu.urantiacos.cl\/en\/2021\/03\/31\/el-lunes-12-de-abril-se-inicia-vacunacion-de-academicos-administrativos-y-profesionales-uc\/#primaryimage"},"thumbnailUrl":"https:\/\/fadeu.urantiacos.cl\/wp-content\/uploads\/2023\/09\/vacunacion2_web.jpg","datePublished":"2021-03-31T21:57:00+00:00","dateModified":"2023-09-08T21:59:21+00:00","author":{"@id":"https:\/\/fadeu.urantiacos.cl\/en\/#\/schema\/person\/d203e2e84b1c40275eac77b3061a19a2"},"description":"La Direcci\u00f3n Superior de nuestra casa de estudios inform\u00f3 que para acreditarse como miembro de la Comunidad UC, las personas deber\u00e1n identificarse con su TUC, certificados o colillas de sueldo, entre otras formas. Adem\u00e1s, se reitera que, independiente del proceso de vacunaci\u00f3n masiva, se deben mantener todas las medidas de autocuidado: uso de mascarillas, lavado continuo de manos o uso de alcohol gel, la distancia f\u00edsica y todos los protocolos COVID-UC.","breadcrumb":{"@id":"https:\/\/fadeu.urantiacos.cl\/en\/2021\/03\/31\/el-lunes-12-de-abril-se-inicia-vacunacion-de-academicos-administrativos-y-profesionales-uc\/#breadcrumb"},"inLanguage":"en-US","potentialAction":[{"@type":"ReadAction","target":["https:\/\/fadeu.urantiacos.cl\/en\/2021\/03\/31\/el-lunes-12-de-abril-se-inicia-vacunacion-de-academicos-administrativos-y-profesionales-uc\/"]}]},{"@type":"ImageObject","inLanguage":"en-US","@id":"https:\/\/fadeu.urantiacos.cl\/en\/2021\/03\/31\/el-lunes-12-de-abril-se-inicia-vacunacion-de-academicos-administrativos-y-profesionales-uc\/#primaryimage","url":"https:\/\/fadeu.urantiacos.cl\/wp-content\/uploads\/2023\/09\/vacunacion2_web.jpg","contentUrl":"https:\/\/fadeu.urantiacos.cl\/wp-content\/uploads\/2023\/09\/vacunacion2_web.jpg","width":350,"height":250},{"@type":"BreadcrumbList","@id":"https:\/\/fadeu.urantiacos.cl\/en\/2021\/03\/31\/el-lunes-12-de-abril-se-inicia-vacunacion-de-academicos-administrativos-y-profesionales-uc\/#breadcrumb","itemListElement":[{"@type":"ListItem","position":1,"name":"Portada","item":"https:\/\/fadeu.urantiacos.cl\/en\/"},{"@type":"ListItem","position":2,"name":"El lunes 12 de abril se inicia vacunaci\u00f3n de acad\u00e9micos, administrativos y profesionales UC"}]},{"@type":"WebSite","@id":"https:\/\/fadeu.urantiacos.cl\/en\/#website","url":"https:\/\/fadeu.urantiacos.cl\/en\/","name":"Facultad de Arquitectura, Dise\u00f1o y Estudios Urbanos","description":"Campus Lo Contador","potentialAction":[{"@type":"SearchAction","target":{"@type":"EntryPoint","urlTemplate":"https:\/\/fadeu.urantiacos.cl\/en\/?s={search_term_string}"},"query-input":{"@type":"PropertyValueSpecification","valueRequired":true,"valueName":"search_term_string"}}],"inLanguage":"en-US"},{"@type":"Person","@id":"https:\/\/fadeu.urantiacos.cl\/en\/#\/schema\/person\/d203e2e84b1c40275eac77b3061a19a2","name":"manadmin","image":{"@type":"ImageObject","inLanguage":"en-US","@id":"https:\/\/fadeu.urantiacos.cl\/en\/#\/schema\/person\/image\/","url":"https:\/\/secure.gravatar.com\/avatar\/4b1d8e3303b4a9d8968ac578947d8bc80d9aea359f388cdd4aac15cadc0e8447?s=96&d=mm&r=g","contentUrl":"https:\/\/secure.gravatar.com\/avatar\/4b1d8e3303b4a9d8968ac578947d8bc80d9aea359f388cdd4aac15cadc0e8447?s=96&d=mm&r=g","caption":"manadmin"},"sameAs":["https:\/\/fadeu.urantiacos.cl"]}]}},"_links":{"self":[{"href":"https:\/\/fadeu.urantiacos.cl\/en\/wp-json\/wp\/v2\/posts\/7274","targetHints":{"allow":["GET"]}}],"collection":[{"href":"https:\/\/fadeu.urantiacos.cl\/en\/wp-json\/wp\/v2\/posts"}],"about":[{"href":"https:\/\/fadeu.urantiacos.cl\/en\/wp-json\/wp\/v2\/types\/post"}],"author":[{"embeddable":true,"href":"https:\/\/fadeu.urantiacos.cl\/en\/wp-json\/wp\/v2\/users\/1"}],"replies":[{"embeddable":true,"href":"https:\/\/fadeu.urantiacos.cl\/en\/wp-json\/wp\/v2\/comments?post=7274"}],"version-history":[{"count":1,"href":"https:\/\/fadeu.urantiacos.cl\/en\/wp-json\/wp\/v2\/posts\/7274\/revisions"}],"predecessor-version":[{"id":7276,"href":"https:\/\/fadeu.urantiacos.cl\/en\/wp-json\/wp\/v2\/posts\/7274\/revisions\/7276"}],"wp:featuredmedia":[{"embeddable":true,"href":"https:\/\/fadeu.urantiacos.cl\/en\/wp-json\/wp\/v2\/media\/7275"}],"wp:attachment":[{"href":"https:\/\/fadeu.urantiacos.cl\/en\/wp-json\/wp\/v2\/media?parent=7274"}],"wp:term":[{"taxonomy":"category","embeddable":true,"href":"https:\/\/fadeu.urantiacos.cl\/en\/wp-json\/wp\/v2\/categories?post=7274"},{"taxonomy":"post_tag","embeddable":true,"href":"https:\/\/fadeu.urantiacos.cl\/en\/wp-json\/wp\/v2\/tags?post=7274"}],"curies":[{"name":"wp","href":"https:\/\/api.w.org\/{rel}","templated":true}]}}