{"id":7270,"date":"2021-03-31T18:54:00","date_gmt":"2021-03-31T21:54:00","guid":{"rendered":"https:\/\/fadeu.urantiacos.cl\/?p=7270"},"modified":"2023-09-08T18:57:45","modified_gmt":"2023-09-08T21:57:45","slug":"investigacion-la-edificacion-intensiva-y-la-incidencia-de-los-procesos-de-verticalizacion-en-el-area-metropolitana-de-santiago","status":"publish","type":"post","link":"https:\/\/fadeu.urantiacos.cl\/en\/2021\/03\/31\/investigacion-la-edificacion-intensiva-y-la-incidencia-de-los-procesos-de-verticalizacion-en-el-area-metropolitana-de-santiago\/","title":{"rendered":"Investigaci\u00f3n | La edificaci\u00f3n intensiva y la incidencia de los procesos de verticalizaci\u00f3n en el \u00c1rea Metropolitana de Santiago"},"content":{"rendered":"\n<figure class=\"wp-block-image size-full\"><img decoding=\"async\" width=\"350\" height=\"250\" src=\"https:\/\/fadeu.urantiacos.cl\/wp-content\/uploads\/2023\/09\/WEB_densificacion-residencial-intensiva_Magdalena-Vicuna-1-1.jpg\" alt=\"\" class=\"wp-image-7271\" srcset=\"https:\/\/fadeu.urantiacos.cl\/wp-content\/uploads\/2023\/09\/WEB_densificacion-residencial-intensiva_Magdalena-Vicuna-1-1.jpg 350w, https:\/\/fadeu.urantiacos.cl\/wp-content\/uploads\/2023\/09\/WEB_densificacion-residencial-intensiva_Magdalena-Vicuna-1-1-300x214.jpg 300w\" sizes=\"(max-width: 350px) 100vw, 350px\" \/><\/figure>\n\n\n\n<p>El proyecto plante\u00f3 como hip\u00f3tesis que la densificaci\u00f3n residencial intensiva en el \u00c1rea Metropolitana de Santiago no necesariamente contribuye a una ciudad compacta, sino que re-estructura el tejido e impacta en el espacio urbano a trav\u00e9s de tres efectos principales: (1) segmentaci\u00f3n del tejido, (2) \u201cresidencializaci\u00f3n\u201d que disminuye la complejidad y vitalidad urbanas, y, (3), fragmentaci\u00f3n y reducci\u00f3n de los espacios de contacto entre el espacio privado y la calle.<\/p>\n\n\n\n<p>Estos impactos, sostiene el equipo investigador, dependen de c\u00f3mo la planificaci\u00f3n normativa incorpora las l\u00f3gicas de configuraci\u00f3n del tejido preexistente, equilibrando par\u00e1metros que constituyan factores de compacidad urbana. As\u00ed, la densificaci\u00f3n residencial corresponde a un fen\u00f3meno que se extiende diferenciadamente en el \u00c1rea Metropolitana de Santiago.<\/p>\n\n\n\n<figure class=\"wp-block-image size-full\"><img decoding=\"async\" width=\"1024\" height=\"261\" src=\"https:\/\/fadeu.urantiacos.cl\/wp-content\/uploads\/2023\/09\/img-2-Magdalena-Vicuna_Densificacion-1024x261-1.jpg\" alt=\"\" class=\"wp-image-7272\" srcset=\"https:\/\/fadeu.urantiacos.cl\/wp-content\/uploads\/2023\/09\/img-2-Magdalena-Vicuna_Densificacion-1024x261-1.jpg 1024w, https:\/\/fadeu.urantiacos.cl\/wp-content\/uploads\/2023\/09\/img-2-Magdalena-Vicuna_Densificacion-1024x261-1-300x76.jpg 300w, https:\/\/fadeu.urantiacos.cl\/wp-content\/uploads\/2023\/09\/img-2-Magdalena-Vicuna_Densificacion-1024x261-1-768x196.jpg 768w\" sizes=\"(max-width: 1024px) 100vw, 1024px\" \/><\/figure>\n\n\n\n<p>\u201cLa investigaci\u00f3n tuvo por objetivo caracterizar los procesos de transformaci\u00f3n espacial del tejido urbano asociados a la verticalizaci\u00f3n del \u00c1rea Metropolitana de Santiago, poniendo \u00e9nfasis en la incidencia del espacio privado en el espacio p\u00fablico\u201d, advierte Vicu\u00f1a, agregando que se pudo comprender y explicar los instrumentos de planificaci\u00f3n normativa que prefiguran la densificaci\u00f3n residencial intensiva y analizar comparativamente par\u00e1metros cuantitativos de desempe\u00f1o de la forma urbana.<br><br>Por \u00faltimo, agreg\u00f3, \u201cse definieron tipolog\u00edas de densificaci\u00f3n residencial intensiva, las cuales permiten interpretar el fen\u00f3meno, mediante la identificaci\u00f3n de l\u00f3gicas y patrones de re-estructuraci\u00f3n espacial y sus impactos, as\u00ed como de aquellas claves que pueden hacer del proyecto residencial en altura un aporte a la calidad de vida urbana.<br><br><strong>Publicaciones, actividades y tesis<\/strong><\/p>\n\n\n\n<p>Ocho publicaciones acad\u00e9micas y en revistas cient\u00edficas est\u00e1n asociadas a este proyecto. Adem\u00e1s, contempl\u00f3 cuatro Documentos de Trabajo y la realizaci\u00f3n de&nbsp;cuatro tesis de postgrado.<\/p>\n\n\n\n<p>Como parte de su desarrollo, se realiz\u00f3 el Workshop \u201cExploraci\u00f3n de Alternativas Tipol\u00f3gicas para la Densificaci\u00f3n Residencial en el \u00c1rea Metropolitana de Santiago\u201d, y la Charla Magistral \u201cDensificaci\u00f3n con calidad: mecanismos para equilibrar densidad con atributos de intensidad y diversidad\u201d, a cargo del arquitecto urbanista Carles Llop, profesor de la Escuela T\u00e9cnica Superior de Arquitectura de Barcelona y Director del Departamento de Urbanismo y Ordenaci\u00f3n del Territorio de la UPC, en marzo de 2019 en el campus Lo Contador de la Universidad Cat\u00f3lica.<\/p>\n\n\n\n<p>Revisa&nbsp;<a href=\"https:\/\/estudiosurbanos.uc.cl\/investigacion\/impacto-de-la-densificacion-residencial-intensiva-en-la-re-estructuracion-espacial-de-la-ciudad-neoliberal-morfologia-y-normativa-urbana-en-el-area-metropolitana-de-santiago-2\/\" target=\"_blank\" rel=\"noreferrer noopener\">aqu\u00ed&nbsp;<\/a>los resultados:<\/p>\n\n\n\n<h3 class=\"wp-block-heading\"><br>Carrera acad\u00e9mica<\/h3>\n\n\n\n<p>Magdalena Vicu\u00f1a es Arquitecta de la Pontificia Universidad Cat\u00f3lica de Chile, Master in Community Planning, de la University of Maryland, Estados Unidos, y Doctora en Arquitectura y Estudios Urbanos de la Pontificia Universidad Cat\u00f3lica de Chile.<\/p>\n\n\n\n<p>Ha sido investigadora principal y co-investigadora en una serie de proyectos de investigaci\u00f3n acad\u00e9mica e investigaci\u00f3n aplicada relacionados con planificaci\u00f3n, normativa y morfolog\u00eda urbana.<\/p>\n\n\n\n<p>Entre sus publicaciones como autora y co-autora destacan \u201cEl marco regulatorio en el contexto de la gesti\u00f3n empresarialista y la mercantilizaci\u00f3n del desarrollo urbano del Gran Santiago, Chile\u201d (Revista INVI, 2013), \u201cPlanificaci\u00f3n urbana y calidad de vida: aproximaci\u00f3n al estado de la planificaci\u00f3n local en Chile\u201d (Revista Cuadernos de Vivienda y Urbanismo, 2017), \u201cImpacto de la densificaci\u00f3n residencial intensiva en la segmentaci\u00f3n del tejido urbano de Santiago: un enfoque cuantitativo\u201d (Revista 180, 2017), \u201cDensificaci\u00f3n residencial intensiva y pago por impactos en el \u00c1rea Metropolitana de Santiago, Chile: an\u00e1lisis cr\u00edtico de la nueva Ley de Aportes al Espacio P\u00fablico\u201d (Revista EURE, por publicar), Urban Planning. En: Anthony M Orum, editors. The Wiley Blackwell Encyclopedia of Urban and Regional Studies. Hobpublishen, NJ: Wiley-Blackwell (2019), entre otros.<\/p>\n\n\n\n<p>A su vez, es investigadora del Centro de Investigaci\u00f3n para la Gesti\u00f3n Integrada del Riesgo de Desastres Naturales (CIGIDEN), en el cual se encuentra desarrollando investigaci\u00f3n sobre la incidencia de la normativa y morfolog\u00eda urbana en la vulnerabilidad de los centros urbanos chilenos expuestos a desastres (Santiago y Vi\u00f1a del Mar).<\/p>\n\n\n\n<p>Ha dirigido las siguientes consultor\u00edas para el Consejo Nacional de Desarrollo Urbano, entre las que destacan \u201cConstrucci\u00f3n de L\u00ednea de Base del Sistema de Indicadores y Est\u00e1ndares del Desarrollo Urbano\u201d (2018), \u201cConstrucci\u00f3n de un Sistema de Indicadores y Est\u00e1ndares del Desarrollo Urbano en Chile\u201d (2017), y \u201cPlanificaci\u00f3n urbana integrada, investigaci\u00f3n de modelos y buenas pr\u00e1cticas\u201d (2016). Tambi\u00e9n ha participado como consultora experta en planificaci\u00f3n y normativa urbana en estudios para la C\u00e1mara Chilena de la Construcci\u00f3n, MINVU, gobiernos regionales y una serie de Municipios.<\/p>\n\n\n\n<p>Actualmente se desempe\u00f1a como acad\u00e9mica del Instituto de Estudios Urbanos y Territoriales, donde ejerce la jefatura del pregrado en Planificaci\u00f3n Urbana, cargo que dejar\u00e1 para asumir como Directora de Investigaci\u00f3n y Postgrado de la Facultad de Arquitectura, Dise\u00f1o y Estudios Urbanos UC.<\/p>\n\n\n\n<p>INFORMACI\u00d3N PERIOD\u00cdSTICA<br>JUAN ANDR\u00c9S INZUNZA<\/p>\n","protected":false},"excerpt":{"rendered":"<p>Ya se encuentran publicados los resultados del proyecto FONDECYT-11170501, conducido por la profesora Magdalena Vicu\u00f1a, titulado \u201cImpacto de la densificaci\u00f3n residencial intensiva en la re-estructuraci\u00f3n espacial de la ciudad neoliberal: morfolog\u00eda y normativa urbana en el \u00e1rea metropolitana de Santiago\u201d.<\/p>\n","protected":false},"author":1,"featured_media":7271,"comment_status":"open","ping_status":"open","sticky":false,"template":"","format":"standard","meta":{"_acf_changed":false,"footnotes":""},"categories":[1],"tags":[],"class_list":["post-7270","post","type-post","status-publish","format-standard","has-post-thumbnail","hentry","category-sin-categorizar"],"acf":[],"yoast_head":"<!-- This site is optimized with the Yoast SEO plugin v27.1.1 - https:\/\/yoast.com\/product\/yoast-seo-wordpress\/ -->\n<title>Investigaci\u00f3n | La edificaci\u00f3n intensiva y la incidencia de los procesos de verticalizaci\u00f3n en el \u00c1rea Metropolitana de Santiago - Facultad de Arquitectura, Dise\u00f1o y Estudios Urbanos<\/title>\n<meta name=\"description\" content=\"Ya se encuentran publicados los resultados del proyecto FONDECYT-11170501, conducido por la profesora Magdalena Vicu\u00f1a, titulado \u201cImpacto de la densificaci\u00f3n residencial intensiva en la re-estructuraci\u00f3n espacial de la ciudad neoliberal: morfolog\u00eda y normativa urbana en el \u00e1rea metropolitana de Santiago\u201d.\" \/>\n<meta name=\"robots\" content=\"index, follow, max-snippet:-1, max-image-preview:large, max-video-preview:-1\" \/>\n<link rel=\"canonical\" href=\"https:\/\/fadeu.urantiacos.cl\/en\/2021\/03\/31\/investigacion-la-edificacion-intensiva-y-la-incidencia-de-los-procesos-de-verticalizacion-en-el-area-metropolitana-de-santiago\/\" \/>\n<meta property=\"og:locale\" content=\"en_US\" \/>\n<meta property=\"og:type\" content=\"article\" \/>\n<meta property=\"og:title\" content=\"Investigaci\u00f3n | La edificaci\u00f3n intensiva y la incidencia de los procesos de verticalizaci\u00f3n en el \u00c1rea Metropolitana de Santiago - Facultad de Arquitectura, Dise\u00f1o y Estudios Urbanos\" \/>\n<meta property=\"og:description\" content=\"Ya se encuentran publicados los resultados del proyecto FONDECYT-11170501, conducido por la profesora Magdalena Vicu\u00f1a, titulado \u201cImpacto de la densificaci\u00f3n residencial intensiva en la re-estructuraci\u00f3n espacial de la ciudad neoliberal: morfolog\u00eda y normativa urbana en el \u00e1rea metropolitana de Santiago\u201d.\" \/>\n<meta property=\"og:url\" content=\"https:\/\/fadeu.urantiacos.cl\/en\/2021\/03\/31\/investigacion-la-edificacion-intensiva-y-la-incidencia-de-los-procesos-de-verticalizacion-en-el-area-metropolitana-de-santiago\/\" \/>\n<meta property=\"og:site_name\" content=\"Facultad de Arquitectura, Dise\u00f1o y Estudios Urbanos\" \/>\n<meta property=\"article:published_time\" content=\"2021-03-31T21:54:00+00:00\" \/>\n<meta property=\"article:modified_time\" content=\"2023-09-08T21:57:45+00:00\" \/>\n<meta property=\"og:image\" content=\"https:\/\/fadeu.urantiacos.cl\/wp-content\/uploads\/2023\/09\/WEB_densificacion-residencial-intensiva_Magdalena-Vicuna-1-1.jpg\" \/>\n\t<meta property=\"og:image:width\" content=\"350\" \/>\n\t<meta property=\"og:image:height\" content=\"250\" \/>\n\t<meta property=\"og:image:type\" content=\"image\/jpeg\" \/>\n<meta name=\"author\" content=\"manadmin\" \/>\n<meta name=\"twitter:card\" content=\"summary_large_image\" \/>\n<meta name=\"twitter:label1\" content=\"Written by\" \/>\n\t<meta name=\"twitter:data1\" content=\"manadmin\" \/>\n\t<meta name=\"twitter:label2\" content=\"Est. reading time\" \/>\n\t<meta name=\"twitter:data2\" content=\"4 minutes\" \/>\n<script type=\"application\/ld+json\" class=\"yoast-schema-graph\">{\"@context\":\"https:\/\/schema.org\",\"@graph\":[{\"@type\":\"Article\",\"@id\":\"https:\/\/fadeu.urantiacos.cl\/en\/2021\/03\/31\/investigacion-la-edificacion-intensiva-y-la-incidencia-de-los-procesos-de-verticalizacion-en-el-area-metropolitana-de-santiago\/#article\",\"isPartOf\":{\"@id\":\"https:\/\/fadeu.urantiacos.cl\/en\/2021\/03\/31\/investigacion-la-edificacion-intensiva-y-la-incidencia-de-los-procesos-de-verticalizacion-en-el-area-metropolitana-de-santiago\/\"},\"author\":{\"name\":\"manadmin\",\"@id\":\"https:\/\/fadeu.urantiacos.cl\/en\/#\/schema\/person\/d203e2e84b1c40275eac77b3061a19a2\"},\"headline\":\"Investigaci\u00f3n | La edificaci\u00f3n intensiva y la incidencia de los procesos de verticalizaci\u00f3n en el \u00c1rea Metropolitana de Santiago\",\"datePublished\":\"2021-03-31T21:54:00+00:00\",\"dateModified\":\"2023-09-08T21:57:45+00:00\",\"mainEntityOfPage\":{\"@id\":\"https:\/\/fadeu.urantiacos.cl\/en\/2021\/03\/31\/investigacion-la-edificacion-intensiva-y-la-incidencia-de-los-procesos-de-verticalizacion-en-el-area-metropolitana-de-santiago\/\"},\"wordCount\":815,\"commentCount\":0,\"image\":{\"@id\":\"https:\/\/fadeu.urantiacos.cl\/en\/2021\/03\/31\/investigacion-la-edificacion-intensiva-y-la-incidencia-de-los-procesos-de-verticalizacion-en-el-area-metropolitana-de-santiago\/#primaryimage\"},\"thumbnailUrl\":\"https:\/\/fadeu.urantiacos.cl\/wp-content\/uploads\/2023\/09\/WEB_densificacion-residencial-intensiva_Magdalena-Vicuna-1-1.jpg\",\"articleSection\":[\"Sin categorizar\"],\"inLanguage\":\"en-US\",\"potentialAction\":[{\"@type\":\"CommentAction\",\"name\":\"Comment\",\"target\":[\"https:\/\/fadeu.urantiacos.cl\/en\/2021\/03\/31\/investigacion-la-edificacion-intensiva-y-la-incidencia-de-los-procesos-de-verticalizacion-en-el-area-metropolitana-de-santiago\/#respond\"]}]},{\"@type\":\"WebPage\",\"@id\":\"https:\/\/fadeu.urantiacos.cl\/en\/2021\/03\/31\/investigacion-la-edificacion-intensiva-y-la-incidencia-de-los-procesos-de-verticalizacion-en-el-area-metropolitana-de-santiago\/\",\"url\":\"https:\/\/fadeu.urantiacos.cl\/en\/2021\/03\/31\/investigacion-la-edificacion-intensiva-y-la-incidencia-de-los-procesos-de-verticalizacion-en-el-area-metropolitana-de-santiago\/\",\"name\":\"Investigaci\u00f3n | La edificaci\u00f3n intensiva y la incidencia de los procesos de verticalizaci\u00f3n en el \u00c1rea Metropolitana de Santiago - Facultad de Arquitectura, Dise\u00f1o y Estudios Urbanos\",\"isPartOf\":{\"@id\":\"https:\/\/fadeu.urantiacos.cl\/en\/#website\"},\"primaryImageOfPage\":{\"@id\":\"https:\/\/fadeu.urantiacos.cl\/en\/2021\/03\/31\/investigacion-la-edificacion-intensiva-y-la-incidencia-de-los-procesos-de-verticalizacion-en-el-area-metropolitana-de-santiago\/#primaryimage\"},\"image\":{\"@id\":\"https:\/\/fadeu.urantiacos.cl\/en\/2021\/03\/31\/investigacion-la-edificacion-intensiva-y-la-incidencia-de-los-procesos-de-verticalizacion-en-el-area-metropolitana-de-santiago\/#primaryimage\"},\"thumbnailUrl\":\"https:\/\/fadeu.urantiacos.cl\/wp-content\/uploads\/2023\/09\/WEB_densificacion-residencial-intensiva_Magdalena-Vicuna-1-1.jpg\",\"datePublished\":\"2021-03-31T21:54:00+00:00\",\"dateModified\":\"2023-09-08T21:57:45+00:00\",\"author\":{\"@id\":\"https:\/\/fadeu.urantiacos.cl\/en\/#\/schema\/person\/d203e2e84b1c40275eac77b3061a19a2\"},\"description\":\"Ya se encuentran publicados los resultados del proyecto FONDECYT-11170501, conducido por la profesora Magdalena Vicu\u00f1a, titulado \u201cImpacto de la densificaci\u00f3n residencial intensiva en la re-estructuraci\u00f3n espacial de la ciudad neoliberal: morfolog\u00eda y normativa urbana en el \u00e1rea metropolitana de Santiago\u201d.\",\"breadcrumb\":{\"@id\":\"https:\/\/fadeu.urantiacos.cl\/en\/2021\/03\/31\/investigacion-la-edificacion-intensiva-y-la-incidencia-de-los-procesos-de-verticalizacion-en-el-area-metropolitana-de-santiago\/#breadcrumb\"},\"inLanguage\":\"en-US\",\"potentialAction\":[{\"@type\":\"ReadAction\",\"target\":[\"https:\/\/fadeu.urantiacos.cl\/en\/2021\/03\/31\/investigacion-la-edificacion-intensiva-y-la-incidencia-de-los-procesos-de-verticalizacion-en-el-area-metropolitana-de-santiago\/\"]}]},{\"@type\":\"ImageObject\",\"inLanguage\":\"en-US\",\"@id\":\"https:\/\/fadeu.urantiacos.cl\/en\/2021\/03\/31\/investigacion-la-edificacion-intensiva-y-la-incidencia-de-los-procesos-de-verticalizacion-en-el-area-metropolitana-de-santiago\/#primaryimage\",\"url\":\"https:\/\/fadeu.urantiacos.cl\/wp-content\/uploads\/2023\/09\/WEB_densificacion-residencial-intensiva_Magdalena-Vicuna-1-1.jpg\",\"contentUrl\":\"https:\/\/fadeu.urantiacos.cl\/wp-content\/uploads\/2023\/09\/WEB_densificacion-residencial-intensiva_Magdalena-Vicuna-1-1.jpg\",\"width\":350,\"height\":250},{\"@type\":\"BreadcrumbList\",\"@id\":\"https:\/\/fadeu.urantiacos.cl\/en\/2021\/03\/31\/investigacion-la-edificacion-intensiva-y-la-incidencia-de-los-procesos-de-verticalizacion-en-el-area-metropolitana-de-santiago\/#breadcrumb\",\"itemListElement\":[{\"@type\":\"ListItem\",\"position\":1,\"name\":\"Portada\",\"item\":\"https:\/\/fadeu.urantiacos.cl\/en\/\"},{\"@type\":\"ListItem\",\"position\":2,\"name\":\"Investigaci\u00f3n | La edificaci\u00f3n intensiva y la incidencia de los procesos de verticalizaci\u00f3n en el \u00c1rea Metropolitana de Santiago\"}]},{\"@type\":\"WebSite\",\"@id\":\"https:\/\/fadeu.urantiacos.cl\/en\/#website\",\"url\":\"https:\/\/fadeu.urantiacos.cl\/en\/\",\"name\":\"Facultad de Arquitectura, Dise\u00f1o y Estudios Urbanos\",\"description\":\"Campus Lo Contador\",\"potentialAction\":[{\"@type\":\"SearchAction\",\"target\":{\"@type\":\"EntryPoint\",\"urlTemplate\":\"https:\/\/fadeu.urantiacos.cl\/en\/?s={search_term_string}\"},\"query-input\":{\"@type\":\"PropertyValueSpecification\",\"valueRequired\":true,\"valueName\":\"search_term_string\"}}],\"inLanguage\":\"en-US\"},{\"@type\":\"Person\",\"@id\":\"https:\/\/fadeu.urantiacos.cl\/en\/#\/schema\/person\/d203e2e84b1c40275eac77b3061a19a2\",\"name\":\"manadmin\",\"image\":{\"@type\":\"ImageObject\",\"inLanguage\":\"en-US\",\"@id\":\"https:\/\/fadeu.urantiacos.cl\/en\/#\/schema\/person\/image\/\",\"url\":\"https:\/\/secure.gravatar.com\/avatar\/4b1d8e3303b4a9d8968ac578947d8bc80d9aea359f388cdd4aac15cadc0e8447?s=96&d=mm&r=g\",\"contentUrl\":\"https:\/\/secure.gravatar.com\/avatar\/4b1d8e3303b4a9d8968ac578947d8bc80d9aea359f388cdd4aac15cadc0e8447?s=96&d=mm&r=g\",\"caption\":\"manadmin\"},\"sameAs\":[\"https:\/\/fadeu.urantiacos.cl\"]}]}<\/script>\n<!-- \/ Yoast SEO plugin. -->","yoast_head_json":{"title":"Investigaci\u00f3n | La edificaci\u00f3n intensiva y la incidencia de los procesos de verticalizaci\u00f3n en el \u00c1rea Metropolitana de Santiago - Facultad de Arquitectura, Dise\u00f1o y Estudios Urbanos","description":"Ya se encuentran publicados los resultados del proyecto FONDECYT-11170501, conducido por la profesora Magdalena Vicu\u00f1a, titulado \u201cImpacto de la densificaci\u00f3n residencial intensiva en la re-estructuraci\u00f3n espacial de la ciudad neoliberal: morfolog\u00eda y normativa urbana en el \u00e1rea metropolitana de Santiago\u201d.","robots":{"index":"index","follow":"follow","max-snippet":"max-snippet:-1","max-image-preview":"max-image-preview:large","max-video-preview":"max-video-preview:-1"},"canonical":"https:\/\/fadeu.urantiacos.cl\/en\/2021\/03\/31\/investigacion-la-edificacion-intensiva-y-la-incidencia-de-los-procesos-de-verticalizacion-en-el-area-metropolitana-de-santiago\/","og_locale":"en_US","og_type":"article","og_title":"Investigaci\u00f3n | La edificaci\u00f3n intensiva y la incidencia de los procesos de verticalizaci\u00f3n en el \u00c1rea Metropolitana de Santiago - Facultad de Arquitectura, Dise\u00f1o y Estudios Urbanos","og_description":"Ya se encuentran publicados los resultados del proyecto FONDECYT-11170501, conducido por la profesora Magdalena Vicu\u00f1a, titulado \u201cImpacto de la densificaci\u00f3n residencial intensiva en la re-estructuraci\u00f3n espacial de la ciudad neoliberal: morfolog\u00eda y normativa urbana en el \u00e1rea metropolitana de Santiago\u201d.","og_url":"https:\/\/fadeu.urantiacos.cl\/en\/2021\/03\/31\/investigacion-la-edificacion-intensiva-y-la-incidencia-de-los-procesos-de-verticalizacion-en-el-area-metropolitana-de-santiago\/","og_site_name":"Facultad de Arquitectura, Dise\u00f1o y Estudios Urbanos","article_published_time":"2021-03-31T21:54:00+00:00","article_modified_time":"2023-09-08T21:57:45+00:00","og_image":[{"width":350,"height":250,"url":"https:\/\/fadeu.urantiacos.cl\/wp-content\/uploads\/2023\/09\/WEB_densificacion-residencial-intensiva_Magdalena-Vicuna-1-1.jpg","type":"image\/jpeg"}],"author":"manadmin","twitter_card":"summary_large_image","twitter_misc":{"Written by":"manadmin","Est. reading time":"4 minutes"},"schema":{"@context":"https:\/\/schema.org","@graph":[{"@type":"Article","@id":"https:\/\/fadeu.urantiacos.cl\/en\/2021\/03\/31\/investigacion-la-edificacion-intensiva-y-la-incidencia-de-los-procesos-de-verticalizacion-en-el-area-metropolitana-de-santiago\/#article","isPartOf":{"@id":"https:\/\/fadeu.urantiacos.cl\/en\/2021\/03\/31\/investigacion-la-edificacion-intensiva-y-la-incidencia-de-los-procesos-de-verticalizacion-en-el-area-metropolitana-de-santiago\/"},"author":{"name":"manadmin","@id":"https:\/\/fadeu.urantiacos.cl\/en\/#\/schema\/person\/d203e2e84b1c40275eac77b3061a19a2"},"headline":"Investigaci\u00f3n | La edificaci\u00f3n intensiva y la incidencia de los procesos de verticalizaci\u00f3n en el \u00c1rea Metropolitana de Santiago","datePublished":"2021-03-31T21:54:00+00:00","dateModified":"2023-09-08T21:57:45+00:00","mainEntityOfPage":{"@id":"https:\/\/fadeu.urantiacos.cl\/en\/2021\/03\/31\/investigacion-la-edificacion-intensiva-y-la-incidencia-de-los-procesos-de-verticalizacion-en-el-area-metropolitana-de-santiago\/"},"wordCount":815,"commentCount":0,"image":{"@id":"https:\/\/fadeu.urantiacos.cl\/en\/2021\/03\/31\/investigacion-la-edificacion-intensiva-y-la-incidencia-de-los-procesos-de-verticalizacion-en-el-area-metropolitana-de-santiago\/#primaryimage"},"thumbnailUrl":"https:\/\/fadeu.urantiacos.cl\/wp-content\/uploads\/2023\/09\/WEB_densificacion-residencial-intensiva_Magdalena-Vicuna-1-1.jpg","articleSection":["Sin categorizar"],"inLanguage":"en-US","potentialAction":[{"@type":"CommentAction","name":"Comment","target":["https:\/\/fadeu.urantiacos.cl\/en\/2021\/03\/31\/investigacion-la-edificacion-intensiva-y-la-incidencia-de-los-procesos-de-verticalizacion-en-el-area-metropolitana-de-santiago\/#respond"]}]},{"@type":"WebPage","@id":"https:\/\/fadeu.urantiacos.cl\/en\/2021\/03\/31\/investigacion-la-edificacion-intensiva-y-la-incidencia-de-los-procesos-de-verticalizacion-en-el-area-metropolitana-de-santiago\/","url":"https:\/\/fadeu.urantiacos.cl\/en\/2021\/03\/31\/investigacion-la-edificacion-intensiva-y-la-incidencia-de-los-procesos-de-verticalizacion-en-el-area-metropolitana-de-santiago\/","name":"Investigaci\u00f3n | La edificaci\u00f3n intensiva y la incidencia de los procesos de verticalizaci\u00f3n en el \u00c1rea Metropolitana de Santiago - Facultad de Arquitectura, Dise\u00f1o y Estudios Urbanos","isPartOf":{"@id":"https:\/\/fadeu.urantiacos.cl\/en\/#website"},"primaryImageOfPage":{"@id":"https:\/\/fadeu.urantiacos.cl\/en\/2021\/03\/31\/investigacion-la-edificacion-intensiva-y-la-incidencia-de-los-procesos-de-verticalizacion-en-el-area-metropolitana-de-santiago\/#primaryimage"},"image":{"@id":"https:\/\/fadeu.urantiacos.cl\/en\/2021\/03\/31\/investigacion-la-edificacion-intensiva-y-la-incidencia-de-los-procesos-de-verticalizacion-en-el-area-metropolitana-de-santiago\/#primaryimage"},"thumbnailUrl":"https:\/\/fadeu.urantiacos.cl\/wp-content\/uploads\/2023\/09\/WEB_densificacion-residencial-intensiva_Magdalena-Vicuna-1-1.jpg","datePublished":"2021-03-31T21:54:00+00:00","dateModified":"2023-09-08T21:57:45+00:00","author":{"@id":"https:\/\/fadeu.urantiacos.cl\/en\/#\/schema\/person\/d203e2e84b1c40275eac77b3061a19a2"},"description":"Ya se encuentran publicados los resultados del proyecto FONDECYT-11170501, conducido por la profesora Magdalena Vicu\u00f1a, titulado \u201cImpacto de la densificaci\u00f3n residencial intensiva en la re-estructuraci\u00f3n espacial de la ciudad neoliberal: morfolog\u00eda y normativa urbana en el \u00e1rea metropolitana de Santiago\u201d.","breadcrumb":{"@id":"https:\/\/fadeu.urantiacos.cl\/en\/2021\/03\/31\/investigacion-la-edificacion-intensiva-y-la-incidencia-de-los-procesos-de-verticalizacion-en-el-area-metropolitana-de-santiago\/#breadcrumb"},"inLanguage":"en-US","potentialAction":[{"@type":"ReadAction","target":["https:\/\/fadeu.urantiacos.cl\/en\/2021\/03\/31\/investigacion-la-edificacion-intensiva-y-la-incidencia-de-los-procesos-de-verticalizacion-en-el-area-metropolitana-de-santiago\/"]}]},{"@type":"ImageObject","inLanguage":"en-US","@id":"https:\/\/fadeu.urantiacos.cl\/en\/2021\/03\/31\/investigacion-la-edificacion-intensiva-y-la-incidencia-de-los-procesos-de-verticalizacion-en-el-area-metropolitana-de-santiago\/#primaryimage","url":"https:\/\/fadeu.urantiacos.cl\/wp-content\/uploads\/2023\/09\/WEB_densificacion-residencial-intensiva_Magdalena-Vicuna-1-1.jpg","contentUrl":"https:\/\/fadeu.urantiacos.cl\/wp-content\/uploads\/2023\/09\/WEB_densificacion-residencial-intensiva_Magdalena-Vicuna-1-1.jpg","width":350,"height":250},{"@type":"BreadcrumbList","@id":"https:\/\/fadeu.urantiacos.cl\/en\/2021\/03\/31\/investigacion-la-edificacion-intensiva-y-la-incidencia-de-los-procesos-de-verticalizacion-en-el-area-metropolitana-de-santiago\/#breadcrumb","itemListElement":[{"@type":"ListItem","position":1,"name":"Portada","item":"https:\/\/fadeu.urantiacos.cl\/en\/"},{"@type":"ListItem","position":2,"name":"Investigaci\u00f3n | La edificaci\u00f3n intensiva y la incidencia de los procesos de verticalizaci\u00f3n en el \u00c1rea Metropolitana de Santiago"}]},{"@type":"WebSite","@id":"https:\/\/fadeu.urantiacos.cl\/en\/#website","url":"https:\/\/fadeu.urantiacos.cl\/en\/","name":"Facultad de Arquitectura, Dise\u00f1o y Estudios Urbanos","description":"Campus Lo Contador","potentialAction":[{"@type":"SearchAction","target":{"@type":"EntryPoint","urlTemplate":"https:\/\/fadeu.urantiacos.cl\/en\/?s={search_term_string}"},"query-input":{"@type":"PropertyValueSpecification","valueRequired":true,"valueName":"search_term_string"}}],"inLanguage":"en-US"},{"@type":"Person","@id":"https:\/\/fadeu.urantiacos.cl\/en\/#\/schema\/person\/d203e2e84b1c40275eac77b3061a19a2","name":"manadmin","image":{"@type":"ImageObject","inLanguage":"en-US","@id":"https:\/\/fadeu.urantiacos.cl\/en\/#\/schema\/person\/image\/","url":"https:\/\/secure.gravatar.com\/avatar\/4b1d8e3303b4a9d8968ac578947d8bc80d9aea359f388cdd4aac15cadc0e8447?s=96&d=mm&r=g","contentUrl":"https:\/\/secure.gravatar.com\/avatar\/4b1d8e3303b4a9d8968ac578947d8bc80d9aea359f388cdd4aac15cadc0e8447?s=96&d=mm&r=g","caption":"manadmin"},"sameAs":["https:\/\/fadeu.urantiacos.cl"]}]}},"_links":{"self":[{"href":"https:\/\/fadeu.urantiacos.cl\/en\/wp-json\/wp\/v2\/posts\/7270","targetHints":{"allow":["GET"]}}],"collection":[{"href":"https:\/\/fadeu.urantiacos.cl\/en\/wp-json\/wp\/v2\/posts"}],"about":[{"href":"https:\/\/fadeu.urantiacos.cl\/en\/wp-json\/wp\/v2\/types\/post"}],"author":[{"embeddable":true,"href":"https:\/\/fadeu.urantiacos.cl\/en\/wp-json\/wp\/v2\/users\/1"}],"replies":[{"embeddable":true,"href":"https:\/\/fadeu.urantiacos.cl\/en\/wp-json\/wp\/v2\/comments?post=7270"}],"version-history":[{"count":1,"href":"https:\/\/fadeu.urantiacos.cl\/en\/wp-json\/wp\/v2\/posts\/7270\/revisions"}],"predecessor-version":[{"id":7273,"href":"https:\/\/fadeu.urantiacos.cl\/en\/wp-json\/wp\/v2\/posts\/7270\/revisions\/7273"}],"wp:featuredmedia":[{"embeddable":true,"href":"https:\/\/fadeu.urantiacos.cl\/en\/wp-json\/wp\/v2\/media\/7271"}],"wp:attachment":[{"href":"https:\/\/fadeu.urantiacos.cl\/en\/wp-json\/wp\/v2\/media?parent=7270"}],"wp:term":[{"taxonomy":"category","embeddable":true,"href":"https:\/\/fadeu.urantiacos.cl\/en\/wp-json\/wp\/v2\/categories?post=7270"},{"taxonomy":"post_tag","embeddable":true,"href":"https:\/\/fadeu.urantiacos.cl\/en\/wp-json\/wp\/v2\/tags?post=7270"}],"curies":[{"name":"wp","href":"https:\/\/api.w.org\/{rel}","templated":true}]}}