{"id":7266,"date":"2021-04-01T18:52:00","date_gmt":"2021-04-01T21:52:00","guid":{"rendered":"https:\/\/fadeu.urantiacos.cl\/?p=7266"},"modified":"2023-10-23T15:09:07","modified_gmt":"2023-10-23T18:09:07","slug":"estudiantes-de-diseno-son-reconocidas-en-concurso-3dexperience","status":"publish","type":"post","link":"https:\/\/fadeu.urantiacos.cl\/en\/2021\/04\/01\/estudiantes-de-diseno-son-reconocidas-en-concurso-3dexperience\/","title":{"rendered":"Estudiantes de dise\u00f1o son reconocidas en concurso 3DExperience"},"content":{"rendered":"\n<figure class=\"wp-block-image size-full\"><img decoding=\"async\" width=\"350\" height=\"250\" src=\"https:\/\/fadeu.urantiacos.cl\/wp-content\/uploads\/2023\/09\/DNO-estudiantes_marzo2021.png\" alt=\"\" class=\"wp-image-7267\" srcset=\"https:\/\/fadeu.urantiacos.cl\/wp-content\/uploads\/2023\/09\/DNO-estudiantes_marzo2021.png 350w, https:\/\/fadeu.urantiacos.cl\/wp-content\/uploads\/2023\/09\/DNO-estudiantes_marzo2021-300x214.png 300w\" sizes=\"(max-width: 350px) 100vw, 350px\" \/><\/figure>\n\n\n\n<p>\u201cDisminuimos la cantidad de materiales en su producci\u00f3n. De 22 piezas pasamos a 7, una disminuci\u00f3n del 69% de componentes\u201d, explican las estudiantes de dise\u00f1o en su presentaci\u00f3n.<\/p>\n\n\n\n<p>El objetivo del concurso fue desarrollar un proyecto de dise\u00f1o digital 3D, producto o maquinaria, que entregara una soluci\u00f3n a una problem\u00e1tica de la industria nacional (miner\u00eda, acuicultura, agricultura, salud, manufactura, energ\u00eda, transporte, etc.).<\/p>\n\n\n\n<p><\/p>\n\n\n\n<figure class=\"wp-block-image size-full\"><img decoding=\"async\" width=\"419\" height=\"367\" src=\"https:\/\/fadeu.urantiacos.cl\/wp-content\/uploads\/2023\/09\/Captura-de-pantalla-2021-03-30-a-las-13.49.03.png\" alt=\"\" class=\"wp-image-7268\" srcset=\"https:\/\/fadeu.urantiacos.cl\/wp-content\/uploads\/2023\/09\/Captura-de-pantalla-2021-03-30-a-las-13.49.03.png 419w, https:\/\/fadeu.urantiacos.cl\/wp-content\/uploads\/2023\/09\/Captura-de-pantalla-2021-03-30-a-las-13.49.03-300x263.png 300w\" sizes=\"(max-width: 419px) 100vw, 419px\" \/><\/figure>\n\n\n\n<p>INFORMACI\u00d3N PERIOD\u00cdSTICA<br>ESCUELA DE DISE\u00d1O&nbsp;<\/p>\n","protected":false},"excerpt":{"rendered":"<p>Las estudiantes Ignacia Vizcaya y Mar\u00eda Jes\u00fas Guardia quedaron entre los diez finalistas del concurso 3DEXPERIENCE a trav\u00e9s del proyecto de redise\u00f1o de un Autoinyector de Epinefrina. Con la gu\u00eda del profesor Luis Andueza, las estudiantes trabajaron creando un dise\u00f1o m\u00e1s intuitivo, el que tambi\u00e9n consider\u00f3 la proyecci\u00f3n de menos piezas, no solo para reducir su posibilidad de mal funcionamiento, si no tambi\u00e9n, para disminuir su impacto en el medio ambiente, pues es un dispositivo de un solo uso.<\/p>\n","protected":false},"author":1,"featured_media":7267,"comment_status":"open","ping_status":"open","sticky":false,"template":"","format":"standard","meta":{"_acf_changed":false,"footnotes":""},"categories":[1],"tags":[],"class_list":["post-7266","post","type-post","status-publish","format-standard","has-post-thumbnail","hentry","category-sin-categorizar"],"acf":[],"yoast_head":"<!-- This site is optimized with the Yoast SEO plugin v27.1.1 - https:\/\/yoast.com\/product\/yoast-seo-wordpress\/ -->\n<title>Estudiantes de dise\u00f1o son reconocidas en concurso 3DExperience - Facultad de Arquitectura, Dise\u00f1o y Estudios Urbanos<\/title>\n<meta name=\"description\" content=\"Las estudiantes Ignacia Vizcaya y Mar\u00eda Jes\u00fas Guardia quedaron entre los diez finalistas del concurso 3DEXPERIENCE a trav\u00e9s del proyecto de redise\u00f1o de un Autoinyector de Epinefrina. Con la gu\u00eda del profesor Luis Andueza, las estudiantes trabajaron creando un dise\u00f1o m\u00e1s intuitivo, el que tambi\u00e9n consider\u00f3 la proyecci\u00f3n de menos piezas, no solo para reducir su posibilidad de mal funcionamiento, si no tambi\u00e9n, para disminuir su impacto en el medio ambiente, pues es un dispositivo de un solo uso.\" \/>\n<meta name=\"robots\" content=\"index, follow, max-snippet:-1, max-image-preview:large, max-video-preview:-1\" \/>\n<link rel=\"canonical\" href=\"https:\/\/fadeu.urantiacos.cl\/en\/2021\/04\/01\/estudiantes-de-diseno-son-reconocidas-en-concurso-3dexperience\/\" \/>\n<meta property=\"og:locale\" content=\"en_US\" \/>\n<meta property=\"og:type\" content=\"article\" \/>\n<meta property=\"og:title\" content=\"Estudiantes de dise\u00f1o son reconocidas en concurso 3DExperience - Facultad de Arquitectura, Dise\u00f1o y Estudios Urbanos\" \/>\n<meta property=\"og:description\" content=\"Las estudiantes Ignacia Vizcaya y Mar\u00eda Jes\u00fas Guardia quedaron entre los diez finalistas del concurso 3DEXPERIENCE a trav\u00e9s del proyecto de redise\u00f1o de un Autoinyector de Epinefrina. Con la gu\u00eda del profesor Luis Andueza, las estudiantes trabajaron creando un dise\u00f1o m\u00e1s intuitivo, el que tambi\u00e9n consider\u00f3 la proyecci\u00f3n de menos piezas, no solo para reducir su posibilidad de mal funcionamiento, si no tambi\u00e9n, para disminuir su impacto en el medio ambiente, pues es un dispositivo de un solo uso.\" \/>\n<meta property=\"og:url\" content=\"https:\/\/fadeu.urantiacos.cl\/en\/2021\/04\/01\/estudiantes-de-diseno-son-reconocidas-en-concurso-3dexperience\/\" \/>\n<meta property=\"og:site_name\" content=\"Facultad de Arquitectura, Dise\u00f1o y Estudios Urbanos\" \/>\n<meta property=\"article:published_time\" content=\"2021-04-01T21:52:00+00:00\" \/>\n<meta property=\"article:modified_time\" content=\"2023-10-23T18:09:07+00:00\" \/>\n<meta property=\"og:image\" content=\"https:\/\/fadeu.urantiacos.cl\/wp-content\/uploads\/2023\/09\/DNO-estudiantes_marzo2021.png\" \/>\n\t<meta property=\"og:image:width\" content=\"350\" \/>\n\t<meta property=\"og:image:height\" content=\"250\" \/>\n\t<meta property=\"og:image:type\" content=\"image\/png\" \/>\n<meta name=\"author\" content=\"manadmin\" \/>\n<meta name=\"twitter:card\" content=\"summary_large_image\" \/>\n<meta name=\"twitter:label1\" content=\"Written by\" \/>\n\t<meta name=\"twitter:data1\" content=\"manadmin\" \/>\n\t<meta name=\"twitter:label2\" content=\"Est. reading time\" \/>\n\t<meta name=\"twitter:data2\" content=\"1 minute\" \/>\n<script type=\"application\/ld+json\" class=\"yoast-schema-graph\">{\"@context\":\"https:\/\/schema.org\",\"@graph\":[{\"@type\":\"Article\",\"@id\":\"https:\/\/fadeu.urantiacos.cl\/en\/2021\/04\/01\/estudiantes-de-diseno-son-reconocidas-en-concurso-3dexperience\/#article\",\"isPartOf\":{\"@id\":\"https:\/\/fadeu.urantiacos.cl\/en\/2021\/04\/01\/estudiantes-de-diseno-son-reconocidas-en-concurso-3dexperience\/\"},\"author\":{\"name\":\"manadmin\",\"@id\":\"https:\/\/fadeu.urantiacos.cl\/en\/#\/schema\/person\/d203e2e84b1c40275eac77b3061a19a2\"},\"headline\":\"Estudiantes de dise\u00f1o son reconocidas en concurso 3DExperience\",\"datePublished\":\"2021-04-01T21:52:00+00:00\",\"dateModified\":\"2023-10-23T18:09:07+00:00\",\"mainEntityOfPage\":{\"@id\":\"https:\/\/fadeu.urantiacos.cl\/en\/2021\/04\/01\/estudiantes-de-diseno-son-reconocidas-en-concurso-3dexperience\/\"},\"wordCount\":85,\"commentCount\":0,\"image\":{\"@id\":\"https:\/\/fadeu.urantiacos.cl\/en\/2021\/04\/01\/estudiantes-de-diseno-son-reconocidas-en-concurso-3dexperience\/#primaryimage\"},\"thumbnailUrl\":\"https:\/\/fadeu.urantiacos.cl\/wp-content\/uploads\/2023\/09\/DNO-estudiantes_marzo2021.png\",\"articleSection\":[\"Sin categorizar\"],\"inLanguage\":\"en-US\",\"potentialAction\":[{\"@type\":\"CommentAction\",\"name\":\"Comment\",\"target\":[\"https:\/\/fadeu.urantiacos.cl\/en\/2021\/04\/01\/estudiantes-de-diseno-son-reconocidas-en-concurso-3dexperience\/#respond\"]}]},{\"@type\":\"WebPage\",\"@id\":\"https:\/\/fadeu.urantiacos.cl\/en\/2021\/04\/01\/estudiantes-de-diseno-son-reconocidas-en-concurso-3dexperience\/\",\"url\":\"https:\/\/fadeu.urantiacos.cl\/en\/2021\/04\/01\/estudiantes-de-diseno-son-reconocidas-en-concurso-3dexperience\/\",\"name\":\"Estudiantes de dise\u00f1o son reconocidas en concurso 3DExperience - Facultad de Arquitectura, Dise\u00f1o y Estudios Urbanos\",\"isPartOf\":{\"@id\":\"https:\/\/fadeu.urantiacos.cl\/en\/#website\"},\"primaryImageOfPage\":{\"@id\":\"https:\/\/fadeu.urantiacos.cl\/en\/2021\/04\/01\/estudiantes-de-diseno-son-reconocidas-en-concurso-3dexperience\/#primaryimage\"},\"image\":{\"@id\":\"https:\/\/fadeu.urantiacos.cl\/en\/2021\/04\/01\/estudiantes-de-diseno-son-reconocidas-en-concurso-3dexperience\/#primaryimage\"},\"thumbnailUrl\":\"https:\/\/fadeu.urantiacos.cl\/wp-content\/uploads\/2023\/09\/DNO-estudiantes_marzo2021.png\",\"datePublished\":\"2021-04-01T21:52:00+00:00\",\"dateModified\":\"2023-10-23T18:09:07+00:00\",\"author\":{\"@id\":\"https:\/\/fadeu.urantiacos.cl\/en\/#\/schema\/person\/d203e2e84b1c40275eac77b3061a19a2\"},\"description\":\"Las estudiantes Ignacia Vizcaya y Mar\u00eda Jes\u00fas Guardia quedaron entre los diez finalistas del concurso 3DEXPERIENCE a trav\u00e9s del proyecto de redise\u00f1o de un Autoinyector de Epinefrina. Con la gu\u00eda del profesor Luis Andueza, las estudiantes trabajaron creando un dise\u00f1o m\u00e1s intuitivo, el que tambi\u00e9n consider\u00f3 la proyecci\u00f3n de menos piezas, no solo para reducir su posibilidad de mal funcionamiento, si no tambi\u00e9n, para disminuir su impacto en el medio ambiente, pues es un dispositivo de un solo uso.\",\"breadcrumb\":{\"@id\":\"https:\/\/fadeu.urantiacos.cl\/en\/2021\/04\/01\/estudiantes-de-diseno-son-reconocidas-en-concurso-3dexperience\/#breadcrumb\"},\"inLanguage\":\"en-US\",\"potentialAction\":[{\"@type\":\"ReadAction\",\"target\":[\"https:\/\/fadeu.urantiacos.cl\/en\/2021\/04\/01\/estudiantes-de-diseno-son-reconocidas-en-concurso-3dexperience\/\"]}]},{\"@type\":\"ImageObject\",\"inLanguage\":\"en-US\",\"@id\":\"https:\/\/fadeu.urantiacos.cl\/en\/2021\/04\/01\/estudiantes-de-diseno-son-reconocidas-en-concurso-3dexperience\/#primaryimage\",\"url\":\"https:\/\/fadeu.urantiacos.cl\/wp-content\/uploads\/2023\/09\/DNO-estudiantes_marzo2021.png\",\"contentUrl\":\"https:\/\/fadeu.urantiacos.cl\/wp-content\/uploads\/2023\/09\/DNO-estudiantes_marzo2021.png\",\"width\":350,\"height\":250},{\"@type\":\"BreadcrumbList\",\"@id\":\"https:\/\/fadeu.urantiacos.cl\/en\/2021\/04\/01\/estudiantes-de-diseno-son-reconocidas-en-concurso-3dexperience\/#breadcrumb\",\"itemListElement\":[{\"@type\":\"ListItem\",\"position\":1,\"name\":\"Portada\",\"item\":\"https:\/\/fadeu.urantiacos.cl\/en\/\"},{\"@type\":\"ListItem\",\"position\":2,\"name\":\"Estudiantes de dise\u00f1o son reconocidas en concurso 3DExperience\"}]},{\"@type\":\"WebSite\",\"@id\":\"https:\/\/fadeu.urantiacos.cl\/en\/#website\",\"url\":\"https:\/\/fadeu.urantiacos.cl\/en\/\",\"name\":\"Facultad de Arquitectura, Dise\u00f1o y Estudios Urbanos\",\"description\":\"Campus Lo Contador\",\"potentialAction\":[{\"@type\":\"SearchAction\",\"target\":{\"@type\":\"EntryPoint\",\"urlTemplate\":\"https:\/\/fadeu.urantiacos.cl\/en\/?s={search_term_string}\"},\"query-input\":{\"@type\":\"PropertyValueSpecification\",\"valueRequired\":true,\"valueName\":\"search_term_string\"}}],\"inLanguage\":\"en-US\"},{\"@type\":\"Person\",\"@id\":\"https:\/\/fadeu.urantiacos.cl\/en\/#\/schema\/person\/d203e2e84b1c40275eac77b3061a19a2\",\"name\":\"manadmin\",\"image\":{\"@type\":\"ImageObject\",\"inLanguage\":\"en-US\",\"@id\":\"https:\/\/fadeu.urantiacos.cl\/en\/#\/schema\/person\/image\/\",\"url\":\"https:\/\/secure.gravatar.com\/avatar\/4b1d8e3303b4a9d8968ac578947d8bc80d9aea359f388cdd4aac15cadc0e8447?s=96&d=mm&r=g\",\"contentUrl\":\"https:\/\/secure.gravatar.com\/avatar\/4b1d8e3303b4a9d8968ac578947d8bc80d9aea359f388cdd4aac15cadc0e8447?s=96&d=mm&r=g\",\"caption\":\"manadmin\"},\"sameAs\":[\"https:\/\/fadeu.urantiacos.cl\"]}]}<\/script>\n<!-- \/ Yoast SEO plugin. -->","yoast_head_json":{"title":"Estudiantes de dise\u00f1o son reconocidas en concurso 3DExperience - Facultad de Arquitectura, Dise\u00f1o y Estudios Urbanos","description":"Las estudiantes Ignacia Vizcaya y Mar\u00eda Jes\u00fas Guardia quedaron entre los diez finalistas del concurso 3DEXPERIENCE a trav\u00e9s del proyecto de redise\u00f1o de un Autoinyector de Epinefrina. Con la gu\u00eda del profesor Luis Andueza, las estudiantes trabajaron creando un dise\u00f1o m\u00e1s intuitivo, el que tambi\u00e9n consider\u00f3 la proyecci\u00f3n de menos piezas, no solo para reducir su posibilidad de mal funcionamiento, si no tambi\u00e9n, para disminuir su impacto en el medio ambiente, pues es un dispositivo de un solo uso.","robots":{"index":"index","follow":"follow","max-snippet":"max-snippet:-1","max-image-preview":"max-image-preview:large","max-video-preview":"max-video-preview:-1"},"canonical":"https:\/\/fadeu.urantiacos.cl\/en\/2021\/04\/01\/estudiantes-de-diseno-son-reconocidas-en-concurso-3dexperience\/","og_locale":"en_US","og_type":"article","og_title":"Estudiantes de dise\u00f1o son reconocidas en concurso 3DExperience - Facultad de Arquitectura, Dise\u00f1o y Estudios Urbanos","og_description":"Las estudiantes Ignacia Vizcaya y Mar\u00eda Jes\u00fas Guardia quedaron entre los diez finalistas del concurso 3DEXPERIENCE a trav\u00e9s del proyecto de redise\u00f1o de un Autoinyector de Epinefrina. Con la gu\u00eda del profesor Luis Andueza, las estudiantes trabajaron creando un dise\u00f1o m\u00e1s intuitivo, el que tambi\u00e9n consider\u00f3 la proyecci\u00f3n de menos piezas, no solo para reducir su posibilidad de mal funcionamiento, si no tambi\u00e9n, para disminuir su impacto en el medio ambiente, pues es un dispositivo de un solo uso.","og_url":"https:\/\/fadeu.urantiacos.cl\/en\/2021\/04\/01\/estudiantes-de-diseno-son-reconocidas-en-concurso-3dexperience\/","og_site_name":"Facultad de Arquitectura, Dise\u00f1o y Estudios Urbanos","article_published_time":"2021-04-01T21:52:00+00:00","article_modified_time":"2023-10-23T18:09:07+00:00","og_image":[{"width":350,"height":250,"url":"https:\/\/fadeu.urantiacos.cl\/wp-content\/uploads\/2023\/09\/DNO-estudiantes_marzo2021.png","type":"image\/png"}],"author":"manadmin","twitter_card":"summary_large_image","twitter_misc":{"Written by":"manadmin","Est. reading time":"1 minute"},"schema":{"@context":"https:\/\/schema.org","@graph":[{"@type":"Article","@id":"https:\/\/fadeu.urantiacos.cl\/en\/2021\/04\/01\/estudiantes-de-diseno-son-reconocidas-en-concurso-3dexperience\/#article","isPartOf":{"@id":"https:\/\/fadeu.urantiacos.cl\/en\/2021\/04\/01\/estudiantes-de-diseno-son-reconocidas-en-concurso-3dexperience\/"},"author":{"name":"manadmin","@id":"https:\/\/fadeu.urantiacos.cl\/en\/#\/schema\/person\/d203e2e84b1c40275eac77b3061a19a2"},"headline":"Estudiantes de dise\u00f1o son reconocidas en concurso 3DExperience","datePublished":"2021-04-01T21:52:00+00:00","dateModified":"2023-10-23T18:09:07+00:00","mainEntityOfPage":{"@id":"https:\/\/fadeu.urantiacos.cl\/en\/2021\/04\/01\/estudiantes-de-diseno-son-reconocidas-en-concurso-3dexperience\/"},"wordCount":85,"commentCount":0,"image":{"@id":"https:\/\/fadeu.urantiacos.cl\/en\/2021\/04\/01\/estudiantes-de-diseno-son-reconocidas-en-concurso-3dexperience\/#primaryimage"},"thumbnailUrl":"https:\/\/fadeu.urantiacos.cl\/wp-content\/uploads\/2023\/09\/DNO-estudiantes_marzo2021.png","articleSection":["Sin categorizar"],"inLanguage":"en-US","potentialAction":[{"@type":"CommentAction","name":"Comment","target":["https:\/\/fadeu.urantiacos.cl\/en\/2021\/04\/01\/estudiantes-de-diseno-son-reconocidas-en-concurso-3dexperience\/#respond"]}]},{"@type":"WebPage","@id":"https:\/\/fadeu.urantiacos.cl\/en\/2021\/04\/01\/estudiantes-de-diseno-son-reconocidas-en-concurso-3dexperience\/","url":"https:\/\/fadeu.urantiacos.cl\/en\/2021\/04\/01\/estudiantes-de-diseno-son-reconocidas-en-concurso-3dexperience\/","name":"Estudiantes de dise\u00f1o son reconocidas en concurso 3DExperience - Facultad de Arquitectura, Dise\u00f1o y Estudios Urbanos","isPartOf":{"@id":"https:\/\/fadeu.urantiacos.cl\/en\/#website"},"primaryImageOfPage":{"@id":"https:\/\/fadeu.urantiacos.cl\/en\/2021\/04\/01\/estudiantes-de-diseno-son-reconocidas-en-concurso-3dexperience\/#primaryimage"},"image":{"@id":"https:\/\/fadeu.urantiacos.cl\/en\/2021\/04\/01\/estudiantes-de-diseno-son-reconocidas-en-concurso-3dexperience\/#primaryimage"},"thumbnailUrl":"https:\/\/fadeu.urantiacos.cl\/wp-content\/uploads\/2023\/09\/DNO-estudiantes_marzo2021.png","datePublished":"2021-04-01T21:52:00+00:00","dateModified":"2023-10-23T18:09:07+00:00","author":{"@id":"https:\/\/fadeu.urantiacos.cl\/en\/#\/schema\/person\/d203e2e84b1c40275eac77b3061a19a2"},"description":"Las estudiantes Ignacia Vizcaya y Mar\u00eda Jes\u00fas Guardia quedaron entre los diez finalistas del concurso 3DEXPERIENCE a trav\u00e9s del proyecto de redise\u00f1o de un Autoinyector de Epinefrina. Con la gu\u00eda del profesor Luis Andueza, las estudiantes trabajaron creando un dise\u00f1o m\u00e1s intuitivo, el que tambi\u00e9n consider\u00f3 la proyecci\u00f3n de menos piezas, no solo para reducir su posibilidad de mal funcionamiento, si no tambi\u00e9n, para disminuir su impacto en el medio ambiente, pues es un dispositivo de un solo uso.","breadcrumb":{"@id":"https:\/\/fadeu.urantiacos.cl\/en\/2021\/04\/01\/estudiantes-de-diseno-son-reconocidas-en-concurso-3dexperience\/#breadcrumb"},"inLanguage":"en-US","potentialAction":[{"@type":"ReadAction","target":["https:\/\/fadeu.urantiacos.cl\/en\/2021\/04\/01\/estudiantes-de-diseno-son-reconocidas-en-concurso-3dexperience\/"]}]},{"@type":"ImageObject","inLanguage":"en-US","@id":"https:\/\/fadeu.urantiacos.cl\/en\/2021\/04\/01\/estudiantes-de-diseno-son-reconocidas-en-concurso-3dexperience\/#primaryimage","url":"https:\/\/fadeu.urantiacos.cl\/wp-content\/uploads\/2023\/09\/DNO-estudiantes_marzo2021.png","contentUrl":"https:\/\/fadeu.urantiacos.cl\/wp-content\/uploads\/2023\/09\/DNO-estudiantes_marzo2021.png","width":350,"height":250},{"@type":"BreadcrumbList","@id":"https:\/\/fadeu.urantiacos.cl\/en\/2021\/04\/01\/estudiantes-de-diseno-son-reconocidas-en-concurso-3dexperience\/#breadcrumb","itemListElement":[{"@type":"ListItem","position":1,"name":"Portada","item":"https:\/\/fadeu.urantiacos.cl\/en\/"},{"@type":"ListItem","position":2,"name":"Estudiantes de dise\u00f1o son reconocidas en concurso 3DExperience"}]},{"@type":"WebSite","@id":"https:\/\/fadeu.urantiacos.cl\/en\/#website","url":"https:\/\/fadeu.urantiacos.cl\/en\/","name":"Facultad de Arquitectura, Dise\u00f1o y Estudios Urbanos","description":"Campus Lo Contador","potentialAction":[{"@type":"SearchAction","target":{"@type":"EntryPoint","urlTemplate":"https:\/\/fadeu.urantiacos.cl\/en\/?s={search_term_string}"},"query-input":{"@type":"PropertyValueSpecification","valueRequired":true,"valueName":"search_term_string"}}],"inLanguage":"en-US"},{"@type":"Person","@id":"https:\/\/fadeu.urantiacos.cl\/en\/#\/schema\/person\/d203e2e84b1c40275eac77b3061a19a2","name":"manadmin","image":{"@type":"ImageObject","inLanguage":"en-US","@id":"https:\/\/fadeu.urantiacos.cl\/en\/#\/schema\/person\/image\/","url":"https:\/\/secure.gravatar.com\/avatar\/4b1d8e3303b4a9d8968ac578947d8bc80d9aea359f388cdd4aac15cadc0e8447?s=96&d=mm&r=g","contentUrl":"https:\/\/secure.gravatar.com\/avatar\/4b1d8e3303b4a9d8968ac578947d8bc80d9aea359f388cdd4aac15cadc0e8447?s=96&d=mm&r=g","caption":"manadmin"},"sameAs":["https:\/\/fadeu.urantiacos.cl"]}]}},"_links":{"self":[{"href":"https:\/\/fadeu.urantiacos.cl\/en\/wp-json\/wp\/v2\/posts\/7266","targetHints":{"allow":["GET"]}}],"collection":[{"href":"https:\/\/fadeu.urantiacos.cl\/en\/wp-json\/wp\/v2\/posts"}],"about":[{"href":"https:\/\/fadeu.urantiacos.cl\/en\/wp-json\/wp\/v2\/types\/post"}],"author":[{"embeddable":true,"href":"https:\/\/fadeu.urantiacos.cl\/en\/wp-json\/wp\/v2\/users\/1"}],"replies":[{"embeddable":true,"href":"https:\/\/fadeu.urantiacos.cl\/en\/wp-json\/wp\/v2\/comments?post=7266"}],"version-history":[{"count":2,"href":"https:\/\/fadeu.urantiacos.cl\/en\/wp-json\/wp\/v2\/posts\/7266\/revisions"}],"predecessor-version":[{"id":17491,"href":"https:\/\/fadeu.urantiacos.cl\/en\/wp-json\/wp\/v2\/posts\/7266\/revisions\/17491"}],"wp:featuredmedia":[{"embeddable":true,"href":"https:\/\/fadeu.urantiacos.cl\/en\/wp-json\/wp\/v2\/media\/7267"}],"wp:attachment":[{"href":"https:\/\/fadeu.urantiacos.cl\/en\/wp-json\/wp\/v2\/media?parent=7266"}],"wp:term":[{"taxonomy":"category","embeddable":true,"href":"https:\/\/fadeu.urantiacos.cl\/en\/wp-json\/wp\/v2\/categories?post=7266"},{"taxonomy":"post_tag","embeddable":true,"href":"https:\/\/fadeu.urantiacos.cl\/en\/wp-json\/wp\/v2\/tags?post=7266"}],"curies":[{"name":"wp","href":"https:\/\/api.w.org\/{rel}","templated":true}]}}