{"id":7226,"date":"2021-04-08T18:29:00","date_gmt":"2021-04-08T21:29:00","guid":{"rendered":"https:\/\/fadeu.urantiacos.cl\/?p=7226"},"modified":"2023-09-08T18:31:12","modified_gmt":"2023-09-08T21:31:12","slug":"nuevo-equipo-directivo-acompanara-la-gestion-2021-2024-del-decano-mario-ubilla","status":"publish","type":"post","link":"https:\/\/fadeu.urantiacos.cl\/en\/2021\/04\/08\/nuevo-equipo-directivo-acompanara-la-gestion-2021-2024-del-decano-mario-ubilla\/","title":{"rendered":"Nuevo equipo Directivo acompa\u00f1ar\u00e1 la gesti\u00f3n 2021-2024 del Decano Mario Ubilla"},"content":{"rendered":"\n<figure class=\"wp-block-image size-full\"><img decoding=\"async\" width=\"350\" height=\"250\" src=\"https:\/\/fadeu.urantiacos.cl\/wp-content\/uploads\/2023\/09\/Imagen_Nota_equipo_1.png\" alt=\"\" class=\"wp-image-7227\" srcset=\"https:\/\/fadeu.urantiacos.cl\/wp-content\/uploads\/2023\/09\/Imagen_Nota_equipo_1.png 350w, https:\/\/fadeu.urantiacos.cl\/wp-content\/uploads\/2023\/09\/Imagen_Nota_equipo_1-300x214.png 300w\" sizes=\"(max-width: 350px) 100vw, 350px\" \/><\/figure>\n\n\n\n<p>En ese sentido, las direcciones de la Facultad de Arquitectura, Dise\u00f1o y Estudios Urbanos quedar\u00e1n conformadas de la siguiente manera:<\/p>\n\n\n\n<p><strong>1. Direcci\u00f3n de Investigaci\u00f3n y Postgrado (DIRIP)<\/strong>, estar\u00e1 encabezada por la acad\u00e9mica e investigadora del Instituto de Estudios Urbanos y Territoriales, Magdalena Vicu\u00f1a Del R\u00edo. \u201cEsta direcci\u00f3n seguir\u00e1 ocup\u00e1ndose de coordinar, sustentar y otorgar estructura a los temas referidos al soporte y promoci\u00f3n de la Investigaci\u00f3n en la FADEU\u201d, afirm\u00f3 Ubilla, adem\u00e1s de ser un apoyo a la gesti\u00f3n acad\u00e9mica e institucional de las Maestr\u00edas y el Doctorado. Esta direcci\u00f3n seguir\u00e1 siendo apoyada por el arquitecto Felipe Ladr\u00f3n de Guevara Gonz\u00e1lez.&nbsp;<br><a href=\"http:\/\/investigacionypostgrado.fadeu.urantiacos.cl\/\">http:\/\/investigacionypostgrado.fadeu.urantiacos.cl\/<\/a><\/p>\n\n\n\n<p><strong>2.<\/strong>&nbsp;Los roles tradicionalmente asociados a la&nbsp;<strong>Secretar\u00eda Acad\u00e9mica de la Facultad<\/strong>, se han dividido en dos \u00e1reas:<\/p>\n\n\n\n<p>&nbsp;<br>i)&nbsp;<strong>Procesos de incorporaci\u00f3n, selecci\u00f3n y calificaci\u00f3n, promociones acad\u00e9micas y aspectos reglamentarios<\/strong>, que quedar\u00e1 a cargo del profesor de la escuela de Arquitectura, Felipe Encinas Pino y seguir\u00e1 brindando apoyo el arquitecto Camilo Meneses.<br><a href=\"http:\/\/fadeu.urantiacos.cl\/facultad\/secretaria-academica\/secretaria-academica\">http:\/\/fadeu.urantiacos.cl\/facultad\/secretaria-academica\/secretaria-academica<\/a><\/p>\n\n\n\n<p><br>ii)&nbsp;<strong>\u00c1rea para la gesti\u00f3n, apoyo y coordinaci\u00f3n de los temas de equidad de g\u00e9nero, buen trato y asuntos estudiantiles de pre y postgrado<\/strong>. Esta \u00faltima \u00e1rea estar\u00e1 asociada a un nuevo cargo comprometido para este nuevo per\u00edodo Decanal, estando en sinton\u00eda, sostuvo el Decano, \u201ccon las actuales preocupaciones y necesidades que la vida acad\u00e9mica en comunidad amplia supone\u201d. Esta unidad estar\u00e1 a cargo de la profesora de la escuela de Arquitectura, Pilar Garc\u00eda Alonso.<\/p>\n\n\n\n<p><strong>3.<\/strong>&nbsp;La Direcci\u00f3n de Comunicaciones de la Facultad, seguir\u00e1 a cargo la profesora de la escuela de Arquitectura, Macarena Cort\u00e9s Darrigrande, equipo que integran, adem\u00e1s, los periodistas Carolina Moya Riquelme y Juan Andr\u00e9s Inzunza Briones.<br><a href=\"http:\/\/fadeu.urantiacos.cl\/facultad\/direcciones\/direccion-de-extension-y-comunicaciones\">http:\/\/fadeu.urantiacos.cl\/facultad\/direcciones\/direccion-de-extension-y-comunicaciones<\/a><\/p>\n\n\n\n<p><strong>4.<\/strong>&nbsp;La Direcci\u00f3n de Servicios Externos continuar\u00e1 la acad\u00e9mica Paula Mart\u00ednez Torres&nbsp;<br><a href=\"http:\/\/servicios.fadeu.urantiacos.cl\/\">http:\/\/servicios.fadeu.urantiacos.cl\/<\/a><\/p>\n\n\n\n<p><a href=\"http:\/\/servicios.fadeu.urantiacos.cl\/\"><\/a><strong>5.<\/strong>&nbsp;La Direcci\u00f3n Econ\u00f3mica y de Gesti\u00f3n continuar\u00e1 a cargo de Marcos Parraguez Aviles.<br><a href=\"http:\/\/fadeu.urantiacos.cl\/facultad\/direcciones\/direccion-economica-y-de-gestion\">http:\/\/fadeu.urantiacos.cl\/facultad\/direcciones\/direccion-economica-y-de-gestion<\/a><\/p>\n\n\n\n<p>Por otro lado, para este per\u00edodo se ha incorporado a la gesti\u00f3n&nbsp;<strong>Decanal la C\u00e1tedra de Sustentabilidad FADEU<\/strong>. \u201c\u00c9ste ser\u00e1 un curso que coordinar\u00e1 el profesor de la escuela de Dise\u00f1o, Oscar Huerta Gajardo, y tiene por objetivo la creaci\u00f3n de un Taller, junto a otras actividades relacionadas, donde los t\u00f3picos propios de la sustentabilidad sean abordados lectivamente y como un optativo interdisciplinario\u201d, afirm\u00f3 el Decano Ubilla. El curso estar\u00e1 integrado por un acad\u00e9mico\/a de las tres unidades. La coordinaci\u00f3n ser\u00e1 rotativa y cada a\u00f1o se nombrar\u00e1 un jefe de c\u00e1tedra representante de cada unidad, y tendr\u00e1 el mismo tratamiento institucional y de gesti\u00f3n que hoy siguen teniendo los cursos interdisciplinarios FADEU.<\/p>\n\n\n\n<p>A<strong>utocuidado y avance de obras en el campus<\/strong><\/p>\n\n\n\n<p>EL Decano Ubilla llam\u00f3 nuevamente a la comunidad FADEU a mantener las medidas de autocuidado (resguardo en casa mientras dure la Fase 1 del plan Paso a Paso, uso de mascarilla, lavado de manos y distanciamiento f\u00edsico). \u201cEs imperativo, aunque haya quienes est\u00e9n inoculados con ambas dosis de la vacuna contra el SarsCov-2, que nos mantengamos alerta y sin descuidar las medidas de autocuidado, porque, si bien las vacunas previenen la gravedad de la infecci\u00f3n, es igualmente probable que podamos contagiar a otras personas en caso de que nos infectemos, y desde ese punto de vista tenemos que funcionar con un sentido de superlativa responsabilidad por quienes nos rodean\u201d, advirti\u00f3.<\/p>\n\n\n\n<p>En lo referido al campus, el Decano Ubilla inform\u00f3 que las obras del Edificio de Facultad avanzan sin retrasos conforme a los tiempos originalmente comprometidos.<\/p>\n\n\n\n<p>Finalmente, sobre el avance de fases del plan Paso a Paso, el Decano inform\u00f3 que los canales oficiales de comunicaci\u00f3n de la Facultad emitir\u00e1n las directrices de la Universidad y del campus, en tanto el plan Paso a Paso vaya permitiendo la movilidad y, por ende, la reanudaci\u00f3n de la asistencia presencial, por turnos, a las oficinas en Lo Contador, siempre en coordinaci\u00f3n con la mesa COVID UC y con estricto apego a las disposiciones de la Autoridad Sanitaria.<\/p>\n","protected":false},"excerpt":{"rendered":"<p>Tras ser reelecto por un tercer per\u00edodo consecutivo (2021-2024), el Decano Mario Ubilla ha dado a conocer el nuevo equipo directivo que acompa\u00f1ar\u00e1 su gesti\u00f3n, destacando una mayoritaria presencia femenina en las direcciones del Decanato.<\/p>\n","protected":false},"author":1,"featured_media":7227,"comment_status":"open","ping_status":"open","sticky":false,"template":"","format":"standard","meta":{"_acf_changed":false,"footnotes":""},"categories":[1],"tags":[],"class_list":["post-7226","post","type-post","status-publish","format-standard","has-post-thumbnail","hentry","category-sin-categorizar"],"acf":[],"yoast_head":"<!-- This site is optimized with the Yoast SEO plugin v27.1.1 - https:\/\/yoast.com\/product\/yoast-seo-wordpress\/ -->\n<title>Nuevo equipo Directivo acompa\u00f1ar\u00e1 la gesti\u00f3n 2021-2024 del Decano Mario Ubilla - Facultad de Arquitectura, Dise\u00f1o y Estudios Urbanos<\/title>\n<meta name=\"description\" content=\"Tras ser reelecto por un tercer per\u00edodo consecutivo (2021-2024), el Decano Mario Ubilla ha dado a conocer el nuevo equipo directivo que acompa\u00f1ar\u00e1 su gesti\u00f3n, destacando una mayoritaria presencia femenina en las direcciones del Decanato.\" \/>\n<meta name=\"robots\" content=\"index, follow, max-snippet:-1, max-image-preview:large, max-video-preview:-1\" \/>\n<link rel=\"canonical\" href=\"https:\/\/fadeu.urantiacos.cl\/en\/2021\/04\/08\/nuevo-equipo-directivo-acompanara-la-gestion-2021-2024-del-decano-mario-ubilla\/\" \/>\n<meta property=\"og:locale\" content=\"en_US\" \/>\n<meta property=\"og:type\" content=\"article\" \/>\n<meta property=\"og:title\" content=\"Nuevo equipo Directivo acompa\u00f1ar\u00e1 la gesti\u00f3n 2021-2024 del Decano Mario Ubilla - Facultad de Arquitectura, Dise\u00f1o y Estudios Urbanos\" \/>\n<meta property=\"og:description\" content=\"Tras ser reelecto por un tercer per\u00edodo consecutivo (2021-2024), el Decano Mario Ubilla ha dado a conocer el nuevo equipo directivo que acompa\u00f1ar\u00e1 su gesti\u00f3n, destacando una mayoritaria presencia femenina en las direcciones del Decanato.\" \/>\n<meta property=\"og:url\" content=\"https:\/\/fadeu.urantiacos.cl\/en\/2021\/04\/08\/nuevo-equipo-directivo-acompanara-la-gestion-2021-2024-del-decano-mario-ubilla\/\" \/>\n<meta property=\"og:site_name\" content=\"Facultad de Arquitectura, Dise\u00f1o y Estudios Urbanos\" \/>\n<meta property=\"article:published_time\" content=\"2021-04-08T21:29:00+00:00\" \/>\n<meta property=\"article:modified_time\" content=\"2023-09-08T21:31:12+00:00\" \/>\n<meta property=\"og:image\" content=\"https:\/\/fadeu.urantiacos.cl\/wp-content\/uploads\/2023\/09\/Imagen_Nota_equipo_1.png\" \/>\n\t<meta property=\"og:image:width\" content=\"350\" \/>\n\t<meta property=\"og:image:height\" content=\"250\" \/>\n\t<meta property=\"og:image:type\" content=\"image\/png\" \/>\n<meta name=\"author\" content=\"manadmin\" \/>\n<meta name=\"twitter:card\" content=\"summary_large_image\" \/>\n<meta name=\"twitter:label1\" content=\"Written by\" \/>\n\t<meta name=\"twitter:data1\" content=\"manadmin\" \/>\n\t<meta name=\"twitter:label2\" content=\"Est. reading time\" \/>\n\t<meta name=\"twitter:data2\" content=\"4 minutes\" \/>\n<script type=\"application\/ld+json\" class=\"yoast-schema-graph\">{\"@context\":\"https:\/\/schema.org\",\"@graph\":[{\"@type\":\"Article\",\"@id\":\"https:\/\/fadeu.urantiacos.cl\/en\/2021\/04\/08\/nuevo-equipo-directivo-acompanara-la-gestion-2021-2024-del-decano-mario-ubilla\/#article\",\"isPartOf\":{\"@id\":\"https:\/\/fadeu.urantiacos.cl\/en\/2021\/04\/08\/nuevo-equipo-directivo-acompanara-la-gestion-2021-2024-del-decano-mario-ubilla\/\"},\"author\":{\"name\":\"manadmin\",\"@id\":\"https:\/\/fadeu.urantiacos.cl\/en\/#\/schema\/person\/d203e2e84b1c40275eac77b3061a19a2\"},\"headline\":\"Nuevo equipo Directivo acompa\u00f1ar\u00e1 la gesti\u00f3n 2021-2024 del Decano Mario Ubilla\",\"datePublished\":\"2021-04-08T21:29:00+00:00\",\"dateModified\":\"2023-09-08T21:31:12+00:00\",\"mainEntityOfPage\":{\"@id\":\"https:\/\/fadeu.urantiacos.cl\/en\/2021\/04\/08\/nuevo-equipo-directivo-acompanara-la-gestion-2021-2024-del-decano-mario-ubilla\/\"},\"wordCount\":732,\"commentCount\":0,\"image\":{\"@id\":\"https:\/\/fadeu.urantiacos.cl\/en\/2021\/04\/08\/nuevo-equipo-directivo-acompanara-la-gestion-2021-2024-del-decano-mario-ubilla\/#primaryimage\"},\"thumbnailUrl\":\"https:\/\/fadeu.urantiacos.cl\/wp-content\/uploads\/2023\/09\/Imagen_Nota_equipo_1.png\",\"articleSection\":[\"Sin categorizar\"],\"inLanguage\":\"en-US\",\"potentialAction\":[{\"@type\":\"CommentAction\",\"name\":\"Comment\",\"target\":[\"https:\/\/fadeu.urantiacos.cl\/en\/2021\/04\/08\/nuevo-equipo-directivo-acompanara-la-gestion-2021-2024-del-decano-mario-ubilla\/#respond\"]}]},{\"@type\":\"WebPage\",\"@id\":\"https:\/\/fadeu.urantiacos.cl\/en\/2021\/04\/08\/nuevo-equipo-directivo-acompanara-la-gestion-2021-2024-del-decano-mario-ubilla\/\",\"url\":\"https:\/\/fadeu.urantiacos.cl\/en\/2021\/04\/08\/nuevo-equipo-directivo-acompanara-la-gestion-2021-2024-del-decano-mario-ubilla\/\",\"name\":\"Nuevo equipo Directivo acompa\u00f1ar\u00e1 la gesti\u00f3n 2021-2024 del Decano Mario Ubilla - Facultad de Arquitectura, Dise\u00f1o y Estudios Urbanos\",\"isPartOf\":{\"@id\":\"https:\/\/fadeu.urantiacos.cl\/en\/#website\"},\"primaryImageOfPage\":{\"@id\":\"https:\/\/fadeu.urantiacos.cl\/en\/2021\/04\/08\/nuevo-equipo-directivo-acompanara-la-gestion-2021-2024-del-decano-mario-ubilla\/#primaryimage\"},\"image\":{\"@id\":\"https:\/\/fadeu.urantiacos.cl\/en\/2021\/04\/08\/nuevo-equipo-directivo-acompanara-la-gestion-2021-2024-del-decano-mario-ubilla\/#primaryimage\"},\"thumbnailUrl\":\"https:\/\/fadeu.urantiacos.cl\/wp-content\/uploads\/2023\/09\/Imagen_Nota_equipo_1.png\",\"datePublished\":\"2021-04-08T21:29:00+00:00\",\"dateModified\":\"2023-09-08T21:31:12+00:00\",\"author\":{\"@id\":\"https:\/\/fadeu.urantiacos.cl\/en\/#\/schema\/person\/d203e2e84b1c40275eac77b3061a19a2\"},\"description\":\"Tras ser reelecto por un tercer per\u00edodo consecutivo (2021-2024), el Decano Mario Ubilla ha dado a conocer el nuevo equipo directivo que acompa\u00f1ar\u00e1 su gesti\u00f3n, destacando una mayoritaria presencia femenina en las direcciones del Decanato.\",\"breadcrumb\":{\"@id\":\"https:\/\/fadeu.urantiacos.cl\/en\/2021\/04\/08\/nuevo-equipo-directivo-acompanara-la-gestion-2021-2024-del-decano-mario-ubilla\/#breadcrumb\"},\"inLanguage\":\"en-US\",\"potentialAction\":[{\"@type\":\"ReadAction\",\"target\":[\"https:\/\/fadeu.urantiacos.cl\/en\/2021\/04\/08\/nuevo-equipo-directivo-acompanara-la-gestion-2021-2024-del-decano-mario-ubilla\/\"]}]},{\"@type\":\"ImageObject\",\"inLanguage\":\"en-US\",\"@id\":\"https:\/\/fadeu.urantiacos.cl\/en\/2021\/04\/08\/nuevo-equipo-directivo-acompanara-la-gestion-2021-2024-del-decano-mario-ubilla\/#primaryimage\",\"url\":\"https:\/\/fadeu.urantiacos.cl\/wp-content\/uploads\/2023\/09\/Imagen_Nota_equipo_1.png\",\"contentUrl\":\"https:\/\/fadeu.urantiacos.cl\/wp-content\/uploads\/2023\/09\/Imagen_Nota_equipo_1.png\",\"width\":350,\"height\":250},{\"@type\":\"BreadcrumbList\",\"@id\":\"https:\/\/fadeu.urantiacos.cl\/en\/2021\/04\/08\/nuevo-equipo-directivo-acompanara-la-gestion-2021-2024-del-decano-mario-ubilla\/#breadcrumb\",\"itemListElement\":[{\"@type\":\"ListItem\",\"position\":1,\"name\":\"Portada\",\"item\":\"https:\/\/fadeu.urantiacos.cl\/en\/\"},{\"@type\":\"ListItem\",\"position\":2,\"name\":\"Nuevo equipo Directivo acompa\u00f1ar\u00e1 la gesti\u00f3n 2021-2024 del Decano Mario Ubilla\"}]},{\"@type\":\"WebSite\",\"@id\":\"https:\/\/fadeu.urantiacos.cl\/en\/#website\",\"url\":\"https:\/\/fadeu.urantiacos.cl\/en\/\",\"name\":\"Facultad de Arquitectura, Dise\u00f1o y Estudios Urbanos\",\"description\":\"Campus Lo Contador\",\"potentialAction\":[{\"@type\":\"SearchAction\",\"target\":{\"@type\":\"EntryPoint\",\"urlTemplate\":\"https:\/\/fadeu.urantiacos.cl\/en\/?s={search_term_string}\"},\"query-input\":{\"@type\":\"PropertyValueSpecification\",\"valueRequired\":true,\"valueName\":\"search_term_string\"}}],\"inLanguage\":\"en-US\"},{\"@type\":\"Person\",\"@id\":\"https:\/\/fadeu.urantiacos.cl\/en\/#\/schema\/person\/d203e2e84b1c40275eac77b3061a19a2\",\"name\":\"manadmin\",\"image\":{\"@type\":\"ImageObject\",\"inLanguage\":\"en-US\",\"@id\":\"https:\/\/fadeu.urantiacos.cl\/en\/#\/schema\/person\/image\/\",\"url\":\"https:\/\/secure.gravatar.com\/avatar\/4b1d8e3303b4a9d8968ac578947d8bc80d9aea359f388cdd4aac15cadc0e8447?s=96&d=mm&r=g\",\"contentUrl\":\"https:\/\/secure.gravatar.com\/avatar\/4b1d8e3303b4a9d8968ac578947d8bc80d9aea359f388cdd4aac15cadc0e8447?s=96&d=mm&r=g\",\"caption\":\"manadmin\"},\"sameAs\":[\"https:\/\/fadeu.urantiacos.cl\"]}]}<\/script>\n<!-- \/ Yoast SEO plugin. -->","yoast_head_json":{"title":"Nuevo equipo Directivo acompa\u00f1ar\u00e1 la gesti\u00f3n 2021-2024 del Decano Mario Ubilla - Facultad de Arquitectura, Dise\u00f1o y Estudios Urbanos","description":"Tras ser reelecto por un tercer per\u00edodo consecutivo (2021-2024), el Decano Mario Ubilla ha dado a conocer el nuevo equipo directivo que acompa\u00f1ar\u00e1 su gesti\u00f3n, destacando una mayoritaria presencia femenina en las direcciones del Decanato.","robots":{"index":"index","follow":"follow","max-snippet":"max-snippet:-1","max-image-preview":"max-image-preview:large","max-video-preview":"max-video-preview:-1"},"canonical":"https:\/\/fadeu.urantiacos.cl\/en\/2021\/04\/08\/nuevo-equipo-directivo-acompanara-la-gestion-2021-2024-del-decano-mario-ubilla\/","og_locale":"en_US","og_type":"article","og_title":"Nuevo equipo Directivo acompa\u00f1ar\u00e1 la gesti\u00f3n 2021-2024 del Decano Mario Ubilla - Facultad de Arquitectura, Dise\u00f1o y Estudios Urbanos","og_description":"Tras ser reelecto por un tercer per\u00edodo consecutivo (2021-2024), el Decano Mario Ubilla ha dado a conocer el nuevo equipo directivo que acompa\u00f1ar\u00e1 su gesti\u00f3n, destacando una mayoritaria presencia femenina en las direcciones del Decanato.","og_url":"https:\/\/fadeu.urantiacos.cl\/en\/2021\/04\/08\/nuevo-equipo-directivo-acompanara-la-gestion-2021-2024-del-decano-mario-ubilla\/","og_site_name":"Facultad de Arquitectura, Dise\u00f1o y Estudios Urbanos","article_published_time":"2021-04-08T21:29:00+00:00","article_modified_time":"2023-09-08T21:31:12+00:00","og_image":[{"width":350,"height":250,"url":"https:\/\/fadeu.urantiacos.cl\/wp-content\/uploads\/2023\/09\/Imagen_Nota_equipo_1.png","type":"image\/png"}],"author":"manadmin","twitter_card":"summary_large_image","twitter_misc":{"Written by":"manadmin","Est. reading time":"4 minutes"},"schema":{"@context":"https:\/\/schema.org","@graph":[{"@type":"Article","@id":"https:\/\/fadeu.urantiacos.cl\/en\/2021\/04\/08\/nuevo-equipo-directivo-acompanara-la-gestion-2021-2024-del-decano-mario-ubilla\/#article","isPartOf":{"@id":"https:\/\/fadeu.urantiacos.cl\/en\/2021\/04\/08\/nuevo-equipo-directivo-acompanara-la-gestion-2021-2024-del-decano-mario-ubilla\/"},"author":{"name":"manadmin","@id":"https:\/\/fadeu.urantiacos.cl\/en\/#\/schema\/person\/d203e2e84b1c40275eac77b3061a19a2"},"headline":"Nuevo equipo Directivo acompa\u00f1ar\u00e1 la gesti\u00f3n 2021-2024 del Decano Mario Ubilla","datePublished":"2021-04-08T21:29:00+00:00","dateModified":"2023-09-08T21:31:12+00:00","mainEntityOfPage":{"@id":"https:\/\/fadeu.urantiacos.cl\/en\/2021\/04\/08\/nuevo-equipo-directivo-acompanara-la-gestion-2021-2024-del-decano-mario-ubilla\/"},"wordCount":732,"commentCount":0,"image":{"@id":"https:\/\/fadeu.urantiacos.cl\/en\/2021\/04\/08\/nuevo-equipo-directivo-acompanara-la-gestion-2021-2024-del-decano-mario-ubilla\/#primaryimage"},"thumbnailUrl":"https:\/\/fadeu.urantiacos.cl\/wp-content\/uploads\/2023\/09\/Imagen_Nota_equipo_1.png","articleSection":["Sin categorizar"],"inLanguage":"en-US","potentialAction":[{"@type":"CommentAction","name":"Comment","target":["https:\/\/fadeu.urantiacos.cl\/en\/2021\/04\/08\/nuevo-equipo-directivo-acompanara-la-gestion-2021-2024-del-decano-mario-ubilla\/#respond"]}]},{"@type":"WebPage","@id":"https:\/\/fadeu.urantiacos.cl\/en\/2021\/04\/08\/nuevo-equipo-directivo-acompanara-la-gestion-2021-2024-del-decano-mario-ubilla\/","url":"https:\/\/fadeu.urantiacos.cl\/en\/2021\/04\/08\/nuevo-equipo-directivo-acompanara-la-gestion-2021-2024-del-decano-mario-ubilla\/","name":"Nuevo equipo Directivo acompa\u00f1ar\u00e1 la gesti\u00f3n 2021-2024 del Decano Mario Ubilla - Facultad de Arquitectura, Dise\u00f1o y Estudios Urbanos","isPartOf":{"@id":"https:\/\/fadeu.urantiacos.cl\/en\/#website"},"primaryImageOfPage":{"@id":"https:\/\/fadeu.urantiacos.cl\/en\/2021\/04\/08\/nuevo-equipo-directivo-acompanara-la-gestion-2021-2024-del-decano-mario-ubilla\/#primaryimage"},"image":{"@id":"https:\/\/fadeu.urantiacos.cl\/en\/2021\/04\/08\/nuevo-equipo-directivo-acompanara-la-gestion-2021-2024-del-decano-mario-ubilla\/#primaryimage"},"thumbnailUrl":"https:\/\/fadeu.urantiacos.cl\/wp-content\/uploads\/2023\/09\/Imagen_Nota_equipo_1.png","datePublished":"2021-04-08T21:29:00+00:00","dateModified":"2023-09-08T21:31:12+00:00","author":{"@id":"https:\/\/fadeu.urantiacos.cl\/en\/#\/schema\/person\/d203e2e84b1c40275eac77b3061a19a2"},"description":"Tras ser reelecto por un tercer per\u00edodo consecutivo (2021-2024), el Decano Mario Ubilla ha dado a conocer el nuevo equipo directivo que acompa\u00f1ar\u00e1 su gesti\u00f3n, destacando una mayoritaria presencia femenina en las direcciones del Decanato.","breadcrumb":{"@id":"https:\/\/fadeu.urantiacos.cl\/en\/2021\/04\/08\/nuevo-equipo-directivo-acompanara-la-gestion-2021-2024-del-decano-mario-ubilla\/#breadcrumb"},"inLanguage":"en-US","potentialAction":[{"@type":"ReadAction","target":["https:\/\/fadeu.urantiacos.cl\/en\/2021\/04\/08\/nuevo-equipo-directivo-acompanara-la-gestion-2021-2024-del-decano-mario-ubilla\/"]}]},{"@type":"ImageObject","inLanguage":"en-US","@id":"https:\/\/fadeu.urantiacos.cl\/en\/2021\/04\/08\/nuevo-equipo-directivo-acompanara-la-gestion-2021-2024-del-decano-mario-ubilla\/#primaryimage","url":"https:\/\/fadeu.urantiacos.cl\/wp-content\/uploads\/2023\/09\/Imagen_Nota_equipo_1.png","contentUrl":"https:\/\/fadeu.urantiacos.cl\/wp-content\/uploads\/2023\/09\/Imagen_Nota_equipo_1.png","width":350,"height":250},{"@type":"BreadcrumbList","@id":"https:\/\/fadeu.urantiacos.cl\/en\/2021\/04\/08\/nuevo-equipo-directivo-acompanara-la-gestion-2021-2024-del-decano-mario-ubilla\/#breadcrumb","itemListElement":[{"@type":"ListItem","position":1,"name":"Portada","item":"https:\/\/fadeu.urantiacos.cl\/en\/"},{"@type":"ListItem","position":2,"name":"Nuevo equipo Directivo acompa\u00f1ar\u00e1 la gesti\u00f3n 2021-2024 del Decano Mario Ubilla"}]},{"@type":"WebSite","@id":"https:\/\/fadeu.urantiacos.cl\/en\/#website","url":"https:\/\/fadeu.urantiacos.cl\/en\/","name":"Facultad de Arquitectura, Dise\u00f1o y Estudios Urbanos","description":"Campus Lo Contador","potentialAction":[{"@type":"SearchAction","target":{"@type":"EntryPoint","urlTemplate":"https:\/\/fadeu.urantiacos.cl\/en\/?s={search_term_string}"},"query-input":{"@type":"PropertyValueSpecification","valueRequired":true,"valueName":"search_term_string"}}],"inLanguage":"en-US"},{"@type":"Person","@id":"https:\/\/fadeu.urantiacos.cl\/en\/#\/schema\/person\/d203e2e84b1c40275eac77b3061a19a2","name":"manadmin","image":{"@type":"ImageObject","inLanguage":"en-US","@id":"https:\/\/fadeu.urantiacos.cl\/en\/#\/schema\/person\/image\/","url":"https:\/\/secure.gravatar.com\/avatar\/4b1d8e3303b4a9d8968ac578947d8bc80d9aea359f388cdd4aac15cadc0e8447?s=96&d=mm&r=g","contentUrl":"https:\/\/secure.gravatar.com\/avatar\/4b1d8e3303b4a9d8968ac578947d8bc80d9aea359f388cdd4aac15cadc0e8447?s=96&d=mm&r=g","caption":"manadmin"},"sameAs":["https:\/\/fadeu.urantiacos.cl"]}]}},"_links":{"self":[{"href":"https:\/\/fadeu.urantiacos.cl\/en\/wp-json\/wp\/v2\/posts\/7226","targetHints":{"allow":["GET"]}}],"collection":[{"href":"https:\/\/fadeu.urantiacos.cl\/en\/wp-json\/wp\/v2\/posts"}],"about":[{"href":"https:\/\/fadeu.urantiacos.cl\/en\/wp-json\/wp\/v2\/types\/post"}],"author":[{"embeddable":true,"href":"https:\/\/fadeu.urantiacos.cl\/en\/wp-json\/wp\/v2\/users\/1"}],"replies":[{"embeddable":true,"href":"https:\/\/fadeu.urantiacos.cl\/en\/wp-json\/wp\/v2\/comments?post=7226"}],"version-history":[{"count":1,"href":"https:\/\/fadeu.urantiacos.cl\/en\/wp-json\/wp\/v2\/posts\/7226\/revisions"}],"predecessor-version":[{"id":7228,"href":"https:\/\/fadeu.urantiacos.cl\/en\/wp-json\/wp\/v2\/posts\/7226\/revisions\/7228"}],"wp:featuredmedia":[{"embeddable":true,"href":"https:\/\/fadeu.urantiacos.cl\/en\/wp-json\/wp\/v2\/media\/7227"}],"wp:attachment":[{"href":"https:\/\/fadeu.urantiacos.cl\/en\/wp-json\/wp\/v2\/media?parent=7226"}],"wp:term":[{"taxonomy":"category","embeddable":true,"href":"https:\/\/fadeu.urantiacos.cl\/en\/wp-json\/wp\/v2\/categories?post=7226"},{"taxonomy":"post_tag","embeddable":true,"href":"https:\/\/fadeu.urantiacos.cl\/en\/wp-json\/wp\/v2\/tags?post=7226"}],"curies":[{"name":"wp","href":"https:\/\/api.w.org\/{rel}","templated":true}]}}