{"id":7220,"date":"2021-04-12T18:25:00","date_gmt":"2021-04-12T21:25:00","guid":{"rendered":"https:\/\/fadeu.urantiacos.cl\/?p=7220"},"modified":"2023-09-08T18:27:45","modified_gmt":"2023-09-08T21:27:45","slug":"nuevo-equipo-acompanara-al-profesor-luis-fuentes-en-la-direccion-del-instituto-de-estudios-urbanos-y-territoriales","status":"publish","type":"post","link":"https:\/\/fadeu.urantiacos.cl\/en\/2021\/04\/12\/nuevo-equipo-acompanara-al-profesor-luis-fuentes-en-la-direccion-del-instituto-de-estudios-urbanos-y-territoriales\/","title":{"rendered":"Nuevo equipo acompa\u00f1ar\u00e1 al profesor Luis Fuentes en la Direcci\u00f3n del Instituto de Estudios Urbanos y Territoriales"},"content":{"rendered":"\n<figure class=\"wp-block-image size-full\"><img decoding=\"async\" width=\"350\" height=\"250\" src=\"https:\/\/fadeu.urantiacos.cl\/wp-content\/uploads\/2023\/09\/DJI_0818_web.jpg\" alt=\"\" class=\"wp-image-7221\" srcset=\"https:\/\/fadeu.urantiacos.cl\/wp-content\/uploads\/2023\/09\/DJI_0818_web.jpg 350w, https:\/\/fadeu.urantiacos.cl\/wp-content\/uploads\/2023\/09\/DJI_0818_web-300x214.jpg 300w\" sizes=\"(max-width: 350px) 100vw, 350px\" \/><\/figure>\n\n\n\n<p>El profesor Felipe Link, asume la Subdirecci\u00f3n de Investigaci\u00f3n; la profesora Caroline Stamm asume la Subdirecci\u00f3n de Postgrado; y el profesor Kay Bergamini asume la Subdirecci\u00f3n de Pregrado.<\/p>\n\n\n\n<p><strong>Perfiles<\/strong><\/p>\n\n\n\n<p><strong>Felipe Link<\/strong>&nbsp;es Soci\u00f3logo, Mag\u00edster en Investigaci\u00f3n Social y Desarrollo de la Universidad de Concepci\u00f3n, y Doctor en Arquitectura y Estudios Urbanos de la Pontificia Universidad Cat\u00f3lica de Chile. Es investigador asociado en el Centro de Estudios de Conflicto y Cohesi\u00f3n Social (COES) y en el Centro de Desarrollo Urbano Sustentable (CEDEUS). Es director y editor de la Revista EURE (www.eure.cl) y entre 2014 y 2016 fue director de la Revista Digital Planeo (www.revistaplaneo.uc.cl). Es miembro de la Asociaci\u00f3n Internacional de Sociolog\u00eda (ISA) y del comit\u00e9 de investigaci\u00f3n en Sociolog\u00eda urbana y desarrollo regional (RC21), de la Red Iberoamericana de Investigadores sobre Globalizaci\u00f3n y Territorio RII y de la Red de Investigaci\u00f3n sobre \u00e1reas Metropolitanas de Am\u00e9rica Latina y Europa RIDEAL.<\/p>\n\n\n\n<p><strong>Caroline Stamm<\/strong>&nbsp;es Doctora en Ordenamiento territorial y Urbanismo de la Universidad Paris-Est \/ Instituto Franc\u00e9s de Urbanismo, 2011; Magister en Estudios Comparativos sobre el Desarrollo de la Escuela de Altos Estudios en Ciencias Sociales de Par\u00eds (EHESS), 2005; titulada del Instituto de Estudios Pol\u00edticos de Par\u00eds (Sciences Po), 2003; y Licenciada en historia menci\u00f3n geograf\u00eda de la Universidad Paris I Panth\u00e9on-Sorbonne. Ha desarrollado investigaciones en M\u00e9xico y Per\u00fa a trav\u00e9s del estudio de la acci\u00f3n p\u00fablica local y metropolitana, la gobernanza urbana y el comercio informal. Actualmente, su investigaci\u00f3n est\u00e1 enfocada en los conflictos socio-ambientales urbanos, la gobernanza territorial, los movimientos ciudadanos y la participaci\u00f3n ciudadana en Chile.<\/p>\n\n\n\n<p><strong>Kay Bergamini<\/strong>&nbsp;es Ge\u00f3grafo de la Pontificia Universidad Cat\u00f3lica, y Doctor en gesti\u00f3n ambiental, paisaje y geograf\u00eda de la Universidad de Barcelona. Durante quince a\u00f1os ha desarrollado actividades ligadas a la gesti\u00f3n medioambiental y social, para distintas instituciones, conociendo la problem\u00e1tica en Chile. Fue Jefe de Divisi\u00f3n de Fiscalizaci\u00f3n de la Superintendencia del Medioambiente y Director Regional del Servicio de Evaluaci\u00f3n Ambiental en la Regi\u00f3n Metropolitana. Su \u00e1rea de inter\u00e9s se vincula con temas relativos a evaluaci\u00f3n de impacto ambiental, seguimiento y fiscalizaci\u00f3n de proyectos, metodolog\u00edas para considerar el Paisaje en EIA y consideraciones ambientales y paisaj\u00edsticas de proyectos de inversi\u00f3n. Docente en el Instituto de Estudios Urbanos y Territoriales de la P. Universidad Cat\u00f3lica de Chile y Universidad Diego Portales.<\/p>\n\n\n\n<p><strong>Luis Fuentes<\/strong>&nbsp;es Ge\u00f3grafo, Magister en Desarrollo Urbano, y Doctor en Arquitectura y Estudios Urbanos por la Pontificia Universidad Cat\u00f3lica. Es investigador del Centro de Desarrollo Urbano Sustentable (CEDEUS) y forma parte de distintas mesas de trabajo y apoyo a pol\u00edticas p\u00fablicas urbanas, habitacionales y territoriales en instancias como el Ministerio de Vivienda y Urbanismo, le Consejo Nacional de Desarrollo Urbano y otras.<\/p>\n\n\n\n<p>Se ha especializado en \u00e1reas del desarrollo urbano vinculadas a la competitividad y los mercados del trabajo en ciudades latinoamericanas, escribiendo art\u00edculos en revistas y libros y exponiendo los resultados de sus investigaciones en importantes eventos cient\u00edficos a nivel latinoamericano. Actualmente sus investigaciones se vinculan al mercado inmobiliario, crecimiento urbano y transformaciones socio espaciales en ciudades chilenas.<\/p>\n\n\n\n<p>Junto con los nuevos nombramientos, el director Fuentes agradeci\u00f3 a las profesoras Magdalena Vicu\u00f1a y Macarena Ibarra (que ocuparon los cargos de jefas de pregrado y postgrado, respectivamente), relevando su \u201calto compromiso con los objetivos de nuestro Instituto y una abnegada labor de sacar adelante proyectos e iniciativas fundamentales para el desarrollo de nuestra unidad acad\u00e9mica, como la consolidaci\u00f3n del pregrado en Planificaci\u00f3n Urbana y el mejoramiento continuo de nuestros programas de Mag\u00edster\u201d.<\/p>\n\n\n\n<p><strong>El Instituto<\/strong><\/p>\n\n\n\n<p>El Instituto de Estudios Urbanos y Territoriales es una unidad acad\u00e9mica perteneciente a la Facultad de Arquitectura, Dise\u00f1o y Estudios Urbanos de la Pontificia Universidad Cat\u00f3lica de Chile. Fue fundado en 1965, con el objetivo de promover la investigaci\u00f3n y docencia en materia de planificaci\u00f3n y estudios urbanos.<\/p>\n\n\n\n<p>A lo largo de los a\u00f1os, y desde un enfoque interdisciplinario, el Instituto ha ido consolidando una oferta curricular de pre y postgrado, enfocada principalmente en las problem\u00e1ticas urbanas y territoriales presentes en Chile y Latinoam\u00e9rica.<\/p>\n\n\n\n<p>En 1967 comienza a dictarse el Magister en Desarrollo Urbano y en 1987, el Mag\u00edster en Asentamientos Humanos y Medio Ambiente. En 2004, se crea el Doctorado en Arquitectura y Estudios Urbanos, programa compartido con la Escuela de Arquitectura UC.<\/p>\n\n\n\n<p>Desde 2014 se suma el t\u00edtulo profesional de Planificador Urbano, al que se ingresa v\u00eda College UC, y que se articula con el Mag\u00edster en Desarrollo Urbano para el egreso de los\/as estudiantes.<\/p>\n\n\n\n<p>Todo ello se complementa con una amplia oferta de Educaci\u00f3n Continua, que desde 1995 ha logrado ir ampliando su alcance, abarcando las principales tem\u00e1ticas urbanas del pa\u00eds, con una gama de ocho programas de Diplomado de diversa \u00edndole, con t\u00f3picos que van desde la participaci\u00f3n ciudadana y los instrumentos de planificaci\u00f3n urbana, hasta la gesti\u00f3n inmobiliaria, las pol\u00edticas de vivienda y la gesti\u00f3n del cumplimiento ambiental.<\/p>\n\n\n\n<p>Adem\u00e1s de su oferta curricular, el Instituto tiene una larga trayectoria en investigaci\u00f3n y publicaciones en sus l\u00edneas principales: Planificaci\u00f3n y Gobernanza, Procesos Urbanos y Territoriales, Sustentabilidad y Territorio).<\/p>\n\n\n\n<p>INFORMACI\u00d3N PERIOD\u00cdSTICA<br>JUAN ANDR\u00c9S INZUNZA<\/p>\n","protected":false},"excerpt":{"rendered":"<p>Tras ser reelecto de manera un\u00e1nime como director del Instituto de Estudios Urbanos y Territoriales, para el per\u00edodo 2021-2024, el profesor Luis Fuentes ha configurado al nuevo equipo directivo que acompa\u00f1ar\u00e1 su gesti\u00f3n en este nuevo per\u00edodo.<\/p>\n","protected":false},"author":1,"featured_media":7221,"comment_status":"open","ping_status":"open","sticky":false,"template":"","format":"standard","meta":{"_acf_changed":false,"footnotes":""},"categories":[1],"tags":[],"class_list":["post-7220","post","type-post","status-publish","format-standard","has-post-thumbnail","hentry","category-sin-categorizar"],"acf":[],"yoast_head":"<!-- This site is optimized with the Yoast SEO plugin v27.1.1 - https:\/\/yoast.com\/product\/yoast-seo-wordpress\/ -->\n<title>Nuevo equipo acompa\u00f1ar\u00e1 al profesor Luis Fuentes en la Direcci\u00f3n del Instituto de Estudios Urbanos y Territoriales - Facultad de Arquitectura, Dise\u00f1o y Estudios Urbanos<\/title>\n<meta name=\"description\" content=\"Tras ser reelecto de manera un\u00e1nime como director del Instituto de Estudios Urbanos y Territoriales, para el per\u00edodo 2021-2024, el profesor Luis Fuentes ha configurado al nuevo equipo directivo que acompa\u00f1ar\u00e1 su gesti\u00f3n en este nuevo per\u00edodo.\" \/>\n<meta name=\"robots\" content=\"index, follow, max-snippet:-1, max-image-preview:large, max-video-preview:-1\" \/>\n<link rel=\"canonical\" href=\"https:\/\/fadeu.urantiacos.cl\/en\/2021\/04\/12\/nuevo-equipo-acompanara-al-profesor-luis-fuentes-en-la-direccion-del-instituto-de-estudios-urbanos-y-territoriales\/\" \/>\n<meta property=\"og:locale\" content=\"en_US\" \/>\n<meta property=\"og:type\" content=\"article\" \/>\n<meta property=\"og:title\" content=\"Nuevo equipo acompa\u00f1ar\u00e1 al profesor Luis Fuentes en la Direcci\u00f3n del Instituto de Estudios Urbanos y Territoriales - Facultad de Arquitectura, Dise\u00f1o y Estudios Urbanos\" \/>\n<meta property=\"og:description\" content=\"Tras ser reelecto de manera un\u00e1nime como director del Instituto de Estudios Urbanos y Territoriales, para el per\u00edodo 2021-2024, el profesor Luis Fuentes ha configurado al nuevo equipo directivo que acompa\u00f1ar\u00e1 su gesti\u00f3n en este nuevo per\u00edodo.\" \/>\n<meta property=\"og:url\" content=\"https:\/\/fadeu.urantiacos.cl\/en\/2021\/04\/12\/nuevo-equipo-acompanara-al-profesor-luis-fuentes-en-la-direccion-del-instituto-de-estudios-urbanos-y-territoriales\/\" \/>\n<meta property=\"og:site_name\" content=\"Facultad de Arquitectura, Dise\u00f1o y Estudios Urbanos\" \/>\n<meta property=\"article:published_time\" content=\"2021-04-12T21:25:00+00:00\" \/>\n<meta property=\"article:modified_time\" content=\"2023-09-08T21:27:45+00:00\" \/>\n<meta property=\"og:image\" content=\"https:\/\/fadeu.urantiacos.cl\/wp-content\/uploads\/2023\/09\/DJI_0818_web.jpg\" \/>\n\t<meta property=\"og:image:width\" content=\"350\" \/>\n\t<meta property=\"og:image:height\" content=\"250\" \/>\n\t<meta property=\"og:image:type\" content=\"image\/jpeg\" \/>\n<meta name=\"author\" content=\"manadmin\" \/>\n<meta name=\"twitter:card\" content=\"summary_large_image\" \/>\n<meta name=\"twitter:label1\" content=\"Written by\" \/>\n\t<meta name=\"twitter:data1\" content=\"manadmin\" \/>\n\t<meta name=\"twitter:label2\" content=\"Est. reading time\" \/>\n\t<meta name=\"twitter:data2\" content=\"5 minutes\" \/>\n<script type=\"application\/ld+json\" class=\"yoast-schema-graph\">{\"@context\":\"https:\/\/schema.org\",\"@graph\":[{\"@type\":\"Article\",\"@id\":\"https:\/\/fadeu.urantiacos.cl\/en\/2021\/04\/12\/nuevo-equipo-acompanara-al-profesor-luis-fuentes-en-la-direccion-del-instituto-de-estudios-urbanos-y-territoriales\/#article\",\"isPartOf\":{\"@id\":\"https:\/\/fadeu.urantiacos.cl\/en\/2021\/04\/12\/nuevo-equipo-acompanara-al-profesor-luis-fuentes-en-la-direccion-del-instituto-de-estudios-urbanos-y-territoriales\/\"},\"author\":{\"name\":\"manadmin\",\"@id\":\"https:\/\/fadeu.urantiacos.cl\/en\/#\/schema\/person\/d203e2e84b1c40275eac77b3061a19a2\"},\"headline\":\"Nuevo equipo acompa\u00f1ar\u00e1 al profesor Luis Fuentes en la Direcci\u00f3n del Instituto de Estudios Urbanos y Territoriales\",\"datePublished\":\"2021-04-12T21:25:00+00:00\",\"dateModified\":\"2023-09-08T21:27:45+00:00\",\"mainEntityOfPage\":{\"@id\":\"https:\/\/fadeu.urantiacos.cl\/en\/2021\/04\/12\/nuevo-equipo-acompanara-al-profesor-luis-fuentes-en-la-direccion-del-instituto-de-estudios-urbanos-y-territoriales\/\"},\"wordCount\":935,\"commentCount\":0,\"image\":{\"@id\":\"https:\/\/fadeu.urantiacos.cl\/en\/2021\/04\/12\/nuevo-equipo-acompanara-al-profesor-luis-fuentes-en-la-direccion-del-instituto-de-estudios-urbanos-y-territoriales\/#primaryimage\"},\"thumbnailUrl\":\"https:\/\/fadeu.urantiacos.cl\/wp-content\/uploads\/2023\/09\/DJI_0818_web.jpg\",\"articleSection\":[\"Sin categorizar\"],\"inLanguage\":\"en-US\",\"potentialAction\":[{\"@type\":\"CommentAction\",\"name\":\"Comment\",\"target\":[\"https:\/\/fadeu.urantiacos.cl\/en\/2021\/04\/12\/nuevo-equipo-acompanara-al-profesor-luis-fuentes-en-la-direccion-del-instituto-de-estudios-urbanos-y-territoriales\/#respond\"]}]},{\"@type\":\"WebPage\",\"@id\":\"https:\/\/fadeu.urantiacos.cl\/en\/2021\/04\/12\/nuevo-equipo-acompanara-al-profesor-luis-fuentes-en-la-direccion-del-instituto-de-estudios-urbanos-y-territoriales\/\",\"url\":\"https:\/\/fadeu.urantiacos.cl\/en\/2021\/04\/12\/nuevo-equipo-acompanara-al-profesor-luis-fuentes-en-la-direccion-del-instituto-de-estudios-urbanos-y-territoriales\/\",\"name\":\"Nuevo equipo acompa\u00f1ar\u00e1 al profesor Luis Fuentes en la Direcci\u00f3n del Instituto de Estudios Urbanos y Territoriales - Facultad de Arquitectura, Dise\u00f1o y Estudios Urbanos\",\"isPartOf\":{\"@id\":\"https:\/\/fadeu.urantiacos.cl\/en\/#website\"},\"primaryImageOfPage\":{\"@id\":\"https:\/\/fadeu.urantiacos.cl\/en\/2021\/04\/12\/nuevo-equipo-acompanara-al-profesor-luis-fuentes-en-la-direccion-del-instituto-de-estudios-urbanos-y-territoriales\/#primaryimage\"},\"image\":{\"@id\":\"https:\/\/fadeu.urantiacos.cl\/en\/2021\/04\/12\/nuevo-equipo-acompanara-al-profesor-luis-fuentes-en-la-direccion-del-instituto-de-estudios-urbanos-y-territoriales\/#primaryimage\"},\"thumbnailUrl\":\"https:\/\/fadeu.urantiacos.cl\/wp-content\/uploads\/2023\/09\/DJI_0818_web.jpg\",\"datePublished\":\"2021-04-12T21:25:00+00:00\",\"dateModified\":\"2023-09-08T21:27:45+00:00\",\"author\":{\"@id\":\"https:\/\/fadeu.urantiacos.cl\/en\/#\/schema\/person\/d203e2e84b1c40275eac77b3061a19a2\"},\"description\":\"Tras ser reelecto de manera un\u00e1nime como director del Instituto de Estudios Urbanos y Territoriales, para el per\u00edodo 2021-2024, el profesor Luis Fuentes ha configurado al nuevo equipo directivo que acompa\u00f1ar\u00e1 su gesti\u00f3n en este nuevo per\u00edodo.\",\"breadcrumb\":{\"@id\":\"https:\/\/fadeu.urantiacos.cl\/en\/2021\/04\/12\/nuevo-equipo-acompanara-al-profesor-luis-fuentes-en-la-direccion-del-instituto-de-estudios-urbanos-y-territoriales\/#breadcrumb\"},\"inLanguage\":\"en-US\",\"potentialAction\":[{\"@type\":\"ReadAction\",\"target\":[\"https:\/\/fadeu.urantiacos.cl\/en\/2021\/04\/12\/nuevo-equipo-acompanara-al-profesor-luis-fuentes-en-la-direccion-del-instituto-de-estudios-urbanos-y-territoriales\/\"]}]},{\"@type\":\"ImageObject\",\"inLanguage\":\"en-US\",\"@id\":\"https:\/\/fadeu.urantiacos.cl\/en\/2021\/04\/12\/nuevo-equipo-acompanara-al-profesor-luis-fuentes-en-la-direccion-del-instituto-de-estudios-urbanos-y-territoriales\/#primaryimage\",\"url\":\"https:\/\/fadeu.urantiacos.cl\/wp-content\/uploads\/2023\/09\/DJI_0818_web.jpg\",\"contentUrl\":\"https:\/\/fadeu.urantiacos.cl\/wp-content\/uploads\/2023\/09\/DJI_0818_web.jpg\",\"width\":350,\"height\":250,\"caption\":\"DCIM100MEDIADJI_0818.JPG\"},{\"@type\":\"BreadcrumbList\",\"@id\":\"https:\/\/fadeu.urantiacos.cl\/en\/2021\/04\/12\/nuevo-equipo-acompanara-al-profesor-luis-fuentes-en-la-direccion-del-instituto-de-estudios-urbanos-y-territoriales\/#breadcrumb\",\"itemListElement\":[{\"@type\":\"ListItem\",\"position\":1,\"name\":\"Portada\",\"item\":\"https:\/\/fadeu.urantiacos.cl\/en\/\"},{\"@type\":\"ListItem\",\"position\":2,\"name\":\"Nuevo equipo acompa\u00f1ar\u00e1 al profesor Luis Fuentes en la Direcci\u00f3n del Instituto de Estudios Urbanos y Territoriales\"}]},{\"@type\":\"WebSite\",\"@id\":\"https:\/\/fadeu.urantiacos.cl\/en\/#website\",\"url\":\"https:\/\/fadeu.urantiacos.cl\/en\/\",\"name\":\"Facultad de Arquitectura, Dise\u00f1o y Estudios Urbanos\",\"description\":\"Campus Lo Contador\",\"potentialAction\":[{\"@type\":\"SearchAction\",\"target\":{\"@type\":\"EntryPoint\",\"urlTemplate\":\"https:\/\/fadeu.urantiacos.cl\/en\/?s={search_term_string}\"},\"query-input\":{\"@type\":\"PropertyValueSpecification\",\"valueRequired\":true,\"valueName\":\"search_term_string\"}}],\"inLanguage\":\"en-US\"},{\"@type\":\"Person\",\"@id\":\"https:\/\/fadeu.urantiacos.cl\/en\/#\/schema\/person\/d203e2e84b1c40275eac77b3061a19a2\",\"name\":\"manadmin\",\"image\":{\"@type\":\"ImageObject\",\"inLanguage\":\"en-US\",\"@id\":\"https:\/\/fadeu.urantiacos.cl\/en\/#\/schema\/person\/image\/\",\"url\":\"https:\/\/secure.gravatar.com\/avatar\/4b1d8e3303b4a9d8968ac578947d8bc80d9aea359f388cdd4aac15cadc0e8447?s=96&d=mm&r=g\",\"contentUrl\":\"https:\/\/secure.gravatar.com\/avatar\/4b1d8e3303b4a9d8968ac578947d8bc80d9aea359f388cdd4aac15cadc0e8447?s=96&d=mm&r=g\",\"caption\":\"manadmin\"},\"sameAs\":[\"https:\/\/fadeu.urantiacos.cl\"]}]}<\/script>\n<!-- \/ Yoast SEO plugin. -->","yoast_head_json":{"title":"Nuevo equipo acompa\u00f1ar\u00e1 al profesor Luis Fuentes en la Direcci\u00f3n del Instituto de Estudios Urbanos y Territoriales - Facultad de Arquitectura, Dise\u00f1o y Estudios Urbanos","description":"Tras ser reelecto de manera un\u00e1nime como director del Instituto de Estudios Urbanos y Territoriales, para el per\u00edodo 2021-2024, el profesor Luis Fuentes ha configurado al nuevo equipo directivo que acompa\u00f1ar\u00e1 su gesti\u00f3n en este nuevo per\u00edodo.","robots":{"index":"index","follow":"follow","max-snippet":"max-snippet:-1","max-image-preview":"max-image-preview:large","max-video-preview":"max-video-preview:-1"},"canonical":"https:\/\/fadeu.urantiacos.cl\/en\/2021\/04\/12\/nuevo-equipo-acompanara-al-profesor-luis-fuentes-en-la-direccion-del-instituto-de-estudios-urbanos-y-territoriales\/","og_locale":"en_US","og_type":"article","og_title":"Nuevo equipo acompa\u00f1ar\u00e1 al profesor Luis Fuentes en la Direcci\u00f3n del Instituto de Estudios Urbanos y Territoriales - Facultad de Arquitectura, Dise\u00f1o y Estudios Urbanos","og_description":"Tras ser reelecto de manera un\u00e1nime como director del Instituto de Estudios Urbanos y Territoriales, para el per\u00edodo 2021-2024, el profesor Luis Fuentes ha configurado al nuevo equipo directivo que acompa\u00f1ar\u00e1 su gesti\u00f3n en este nuevo per\u00edodo.","og_url":"https:\/\/fadeu.urantiacos.cl\/en\/2021\/04\/12\/nuevo-equipo-acompanara-al-profesor-luis-fuentes-en-la-direccion-del-instituto-de-estudios-urbanos-y-territoriales\/","og_site_name":"Facultad de Arquitectura, Dise\u00f1o y Estudios Urbanos","article_published_time":"2021-04-12T21:25:00+00:00","article_modified_time":"2023-09-08T21:27:45+00:00","og_image":[{"width":350,"height":250,"url":"https:\/\/fadeu.urantiacos.cl\/wp-content\/uploads\/2023\/09\/DJI_0818_web.jpg","type":"image\/jpeg"}],"author":"manadmin","twitter_card":"summary_large_image","twitter_misc":{"Written by":"manadmin","Est. reading time":"5 minutes"},"schema":{"@context":"https:\/\/schema.org","@graph":[{"@type":"Article","@id":"https:\/\/fadeu.urantiacos.cl\/en\/2021\/04\/12\/nuevo-equipo-acompanara-al-profesor-luis-fuentes-en-la-direccion-del-instituto-de-estudios-urbanos-y-territoriales\/#article","isPartOf":{"@id":"https:\/\/fadeu.urantiacos.cl\/en\/2021\/04\/12\/nuevo-equipo-acompanara-al-profesor-luis-fuentes-en-la-direccion-del-instituto-de-estudios-urbanos-y-territoriales\/"},"author":{"name":"manadmin","@id":"https:\/\/fadeu.urantiacos.cl\/en\/#\/schema\/person\/d203e2e84b1c40275eac77b3061a19a2"},"headline":"Nuevo equipo acompa\u00f1ar\u00e1 al profesor Luis Fuentes en la Direcci\u00f3n del Instituto de Estudios Urbanos y Territoriales","datePublished":"2021-04-12T21:25:00+00:00","dateModified":"2023-09-08T21:27:45+00:00","mainEntityOfPage":{"@id":"https:\/\/fadeu.urantiacos.cl\/en\/2021\/04\/12\/nuevo-equipo-acompanara-al-profesor-luis-fuentes-en-la-direccion-del-instituto-de-estudios-urbanos-y-territoriales\/"},"wordCount":935,"commentCount":0,"image":{"@id":"https:\/\/fadeu.urantiacos.cl\/en\/2021\/04\/12\/nuevo-equipo-acompanara-al-profesor-luis-fuentes-en-la-direccion-del-instituto-de-estudios-urbanos-y-territoriales\/#primaryimage"},"thumbnailUrl":"https:\/\/fadeu.urantiacos.cl\/wp-content\/uploads\/2023\/09\/DJI_0818_web.jpg","articleSection":["Sin categorizar"],"inLanguage":"en-US","potentialAction":[{"@type":"CommentAction","name":"Comment","target":["https:\/\/fadeu.urantiacos.cl\/en\/2021\/04\/12\/nuevo-equipo-acompanara-al-profesor-luis-fuentes-en-la-direccion-del-instituto-de-estudios-urbanos-y-territoriales\/#respond"]}]},{"@type":"WebPage","@id":"https:\/\/fadeu.urantiacos.cl\/en\/2021\/04\/12\/nuevo-equipo-acompanara-al-profesor-luis-fuentes-en-la-direccion-del-instituto-de-estudios-urbanos-y-territoriales\/","url":"https:\/\/fadeu.urantiacos.cl\/en\/2021\/04\/12\/nuevo-equipo-acompanara-al-profesor-luis-fuentes-en-la-direccion-del-instituto-de-estudios-urbanos-y-territoriales\/","name":"Nuevo equipo acompa\u00f1ar\u00e1 al profesor Luis Fuentes en la Direcci\u00f3n del Instituto de Estudios Urbanos y Territoriales - Facultad de Arquitectura, Dise\u00f1o y Estudios Urbanos","isPartOf":{"@id":"https:\/\/fadeu.urantiacos.cl\/en\/#website"},"primaryImageOfPage":{"@id":"https:\/\/fadeu.urantiacos.cl\/en\/2021\/04\/12\/nuevo-equipo-acompanara-al-profesor-luis-fuentes-en-la-direccion-del-instituto-de-estudios-urbanos-y-territoriales\/#primaryimage"},"image":{"@id":"https:\/\/fadeu.urantiacos.cl\/en\/2021\/04\/12\/nuevo-equipo-acompanara-al-profesor-luis-fuentes-en-la-direccion-del-instituto-de-estudios-urbanos-y-territoriales\/#primaryimage"},"thumbnailUrl":"https:\/\/fadeu.urantiacos.cl\/wp-content\/uploads\/2023\/09\/DJI_0818_web.jpg","datePublished":"2021-04-12T21:25:00+00:00","dateModified":"2023-09-08T21:27:45+00:00","author":{"@id":"https:\/\/fadeu.urantiacos.cl\/en\/#\/schema\/person\/d203e2e84b1c40275eac77b3061a19a2"},"description":"Tras ser reelecto de manera un\u00e1nime como director del Instituto de Estudios Urbanos y Territoriales, para el per\u00edodo 2021-2024, el profesor Luis Fuentes ha configurado al nuevo equipo directivo que acompa\u00f1ar\u00e1 su gesti\u00f3n en este nuevo per\u00edodo.","breadcrumb":{"@id":"https:\/\/fadeu.urantiacos.cl\/en\/2021\/04\/12\/nuevo-equipo-acompanara-al-profesor-luis-fuentes-en-la-direccion-del-instituto-de-estudios-urbanos-y-territoriales\/#breadcrumb"},"inLanguage":"en-US","potentialAction":[{"@type":"ReadAction","target":["https:\/\/fadeu.urantiacos.cl\/en\/2021\/04\/12\/nuevo-equipo-acompanara-al-profesor-luis-fuentes-en-la-direccion-del-instituto-de-estudios-urbanos-y-territoriales\/"]}]},{"@type":"ImageObject","inLanguage":"en-US","@id":"https:\/\/fadeu.urantiacos.cl\/en\/2021\/04\/12\/nuevo-equipo-acompanara-al-profesor-luis-fuentes-en-la-direccion-del-instituto-de-estudios-urbanos-y-territoriales\/#primaryimage","url":"https:\/\/fadeu.urantiacos.cl\/wp-content\/uploads\/2023\/09\/DJI_0818_web.jpg","contentUrl":"https:\/\/fadeu.urantiacos.cl\/wp-content\/uploads\/2023\/09\/DJI_0818_web.jpg","width":350,"height":250,"caption":"DCIM100MEDIADJI_0818.JPG"},{"@type":"BreadcrumbList","@id":"https:\/\/fadeu.urantiacos.cl\/en\/2021\/04\/12\/nuevo-equipo-acompanara-al-profesor-luis-fuentes-en-la-direccion-del-instituto-de-estudios-urbanos-y-territoriales\/#breadcrumb","itemListElement":[{"@type":"ListItem","position":1,"name":"Portada","item":"https:\/\/fadeu.urantiacos.cl\/en\/"},{"@type":"ListItem","position":2,"name":"Nuevo equipo acompa\u00f1ar\u00e1 al profesor Luis Fuentes en la Direcci\u00f3n del Instituto de Estudios Urbanos y Territoriales"}]},{"@type":"WebSite","@id":"https:\/\/fadeu.urantiacos.cl\/en\/#website","url":"https:\/\/fadeu.urantiacos.cl\/en\/","name":"Facultad de Arquitectura, Dise\u00f1o y Estudios Urbanos","description":"Campus Lo Contador","potentialAction":[{"@type":"SearchAction","target":{"@type":"EntryPoint","urlTemplate":"https:\/\/fadeu.urantiacos.cl\/en\/?s={search_term_string}"},"query-input":{"@type":"PropertyValueSpecification","valueRequired":true,"valueName":"search_term_string"}}],"inLanguage":"en-US"},{"@type":"Person","@id":"https:\/\/fadeu.urantiacos.cl\/en\/#\/schema\/person\/d203e2e84b1c40275eac77b3061a19a2","name":"manadmin","image":{"@type":"ImageObject","inLanguage":"en-US","@id":"https:\/\/fadeu.urantiacos.cl\/en\/#\/schema\/person\/image\/","url":"https:\/\/secure.gravatar.com\/avatar\/4b1d8e3303b4a9d8968ac578947d8bc80d9aea359f388cdd4aac15cadc0e8447?s=96&d=mm&r=g","contentUrl":"https:\/\/secure.gravatar.com\/avatar\/4b1d8e3303b4a9d8968ac578947d8bc80d9aea359f388cdd4aac15cadc0e8447?s=96&d=mm&r=g","caption":"manadmin"},"sameAs":["https:\/\/fadeu.urantiacos.cl"]}]}},"_links":{"self":[{"href":"https:\/\/fadeu.urantiacos.cl\/en\/wp-json\/wp\/v2\/posts\/7220","targetHints":{"allow":["GET"]}}],"collection":[{"href":"https:\/\/fadeu.urantiacos.cl\/en\/wp-json\/wp\/v2\/posts"}],"about":[{"href":"https:\/\/fadeu.urantiacos.cl\/en\/wp-json\/wp\/v2\/types\/post"}],"author":[{"embeddable":true,"href":"https:\/\/fadeu.urantiacos.cl\/en\/wp-json\/wp\/v2\/users\/1"}],"replies":[{"embeddable":true,"href":"https:\/\/fadeu.urantiacos.cl\/en\/wp-json\/wp\/v2\/comments?post=7220"}],"version-history":[{"count":1,"href":"https:\/\/fadeu.urantiacos.cl\/en\/wp-json\/wp\/v2\/posts\/7220\/revisions"}],"predecessor-version":[{"id":7222,"href":"https:\/\/fadeu.urantiacos.cl\/en\/wp-json\/wp\/v2\/posts\/7220\/revisions\/7222"}],"wp:featuredmedia":[{"embeddable":true,"href":"https:\/\/fadeu.urantiacos.cl\/en\/wp-json\/wp\/v2\/media\/7221"}],"wp:attachment":[{"href":"https:\/\/fadeu.urantiacos.cl\/en\/wp-json\/wp\/v2\/media?parent=7220"}],"wp:term":[{"taxonomy":"category","embeddable":true,"href":"https:\/\/fadeu.urantiacos.cl\/en\/wp-json\/wp\/v2\/categories?post=7220"},{"taxonomy":"post_tag","embeddable":true,"href":"https:\/\/fadeu.urantiacos.cl\/en\/wp-json\/wp\/v2\/tags?post=7220"}],"curies":[{"name":"wp","href":"https:\/\/api.w.org\/{rel}","templated":true}]}}