{"id":7204,"date":"2021-04-12T15:47:00","date_gmt":"2021-04-12T18:47:00","guid":{"rendered":"https:\/\/fadeu.urantiacos.cl\/?p=7204"},"modified":"2023-09-08T18:17:17","modified_gmt":"2023-09-08T21:17:17","slug":"guillermo-hevia-es-seleccionado-en-metropolis-future-100-award","status":"publish","type":"post","link":"https:\/\/fadeu.urantiacos.cl\/en\/2021\/04\/12\/guillermo-hevia-es-seleccionado-en-metropolis-future-100-award\/","title":{"rendered":"Guillermo Hevia es seleccionado en Metropolis Future 100 Award"},"content":{"rendered":"\n<figure class=\"wp-block-image size-full\"><img decoding=\"async\" width=\"350\" height=\"250\" src=\"https:\/\/fadeu.urantiacos.cl\/wp-content\/uploads\/2023\/09\/M_05_web.jpg\" alt=\"\" class=\"wp-image-7205\" srcset=\"https:\/\/fadeu.urantiacos.cl\/wp-content\/uploads\/2023\/09\/M_05_web.jpg 350w, https:\/\/fadeu.urantiacos.cl\/wp-content\/uploads\/2023\/09\/M_05_web-300x214.jpg 300w\" sizes=\"(max-width: 350px) 100vw, 350px\" \/><\/figure>\n\n\n\n<p>En 2020, Hevia se gradu\u00f3 del mag\u00edster en Dise\u00f1o Arquitect\u00f3nico Avanzado (AAD por sus siglas en ingl\u00e9s) que imparte el Graduate School of Architecture, Planning and Preservation (GSAPP) de la Universidad de Columbia en Nueva York, y fue nominado por el arquitecto Bernard Tschumi, acad\u00e9mico en GSAPP, a la selecci\u00f3n de Metropolis. El medio acogi\u00f3 la nominaci\u00f3n, convirtiendo a Hevia en el \u00fanico del programa en su lista.<\/p>\n\n\n\n<p>Eligiendo cincuenta arquitectos y cincuenta dise\u00f1adores, la revista, destac\u00f3 la b\u00fasqueda &#8220;de una mejor comprensi\u00f3n de la escala&#8221;, agregando que el trabajo de Hevia no s\u00f3lo &#8220;se enfrenta a nuestra relaci\u00f3n con el medio ambiente y otras entidades no humanas\u201d, sino que lo hace de una manera \u201cprofundamente cr\u00edtica y pragm\u00e1tica\u201d.<\/p>\n\n\n\n<p>Ver m\u00e1s en el siguiente&nbsp;<a href=\"https:\/\/info.metropolismag.com\/future100\" target=\"_blank\" rel=\"noreferrer noopener\">link<\/a>&nbsp;<\/p>\n\n\n\n<figure class=\"wp-block-image size-large\"><img decoding=\"async\" width=\"1024\" height=\"612\" src=\"https:\/\/fadeu.urantiacos.cl\/wp-content\/uploads\/2023\/09\/M_01-1024x612.jpg\" alt=\"\" class=\"wp-image-7206\" srcset=\"https:\/\/fadeu.urantiacos.cl\/wp-content\/uploads\/2023\/09\/M_01-1024x612.jpg 1024w, https:\/\/fadeu.urantiacos.cl\/wp-content\/uploads\/2023\/09\/M_01-300x179.jpg 300w, https:\/\/fadeu.urantiacos.cl\/wp-content\/uploads\/2023\/09\/M_01-768x459.jpg 768w, https:\/\/fadeu.urantiacos.cl\/wp-content\/uploads\/2023\/09\/M_01-1536x918.jpg 1536w, https:\/\/fadeu.urantiacos.cl\/wp-content\/uploads\/2023\/09\/M_01-2048x1224.jpg 2048w, https:\/\/fadeu.urantiacos.cl\/wp-content\/uploads\/2023\/09\/M_01-scaled.jpg 1600w\" sizes=\"(max-width: 1024px) 100vw, 1024px\" \/><\/figure>\n\n\n\n<figure class=\"wp-block-image size-large\"><img decoding=\"async\" width=\"1024\" height=\"612\" src=\"https:\/\/fadeu.urantiacos.cl\/wp-content\/uploads\/2023\/09\/M_05-1024x612.jpg\" alt=\"\" class=\"wp-image-7207\" srcset=\"https:\/\/fadeu.urantiacos.cl\/wp-content\/uploads\/2023\/09\/M_05-1024x612.jpg 1024w, https:\/\/fadeu.urantiacos.cl\/wp-content\/uploads\/2023\/09\/M_05-300x179.jpg 300w, https:\/\/fadeu.urantiacos.cl\/wp-content\/uploads\/2023\/09\/M_05-768x459.jpg 768w, https:\/\/fadeu.urantiacos.cl\/wp-content\/uploads\/2023\/09\/M_05-1536x918.jpg 1536w, https:\/\/fadeu.urantiacos.cl\/wp-content\/uploads\/2023\/09\/M_05-2048x1224.jpg 2048w, https:\/\/fadeu.urantiacos.cl\/wp-content\/uploads\/2023\/09\/M_05-scaled.jpg 1600w\" sizes=\"(max-width: 1024px) 100vw, 1024px\" \/><\/figure>\n\n\n\n<figure class=\"wp-block-image size-large\"><img decoding=\"async\" width=\"1024\" height=\"612\" src=\"https:\/\/fadeu.urantiacos.cl\/wp-content\/uploads\/2023\/09\/M_04-1024x612.jpg\" alt=\"\" class=\"wp-image-7208\" srcset=\"https:\/\/fadeu.urantiacos.cl\/wp-content\/uploads\/2023\/09\/M_04-1024x612.jpg 1024w, https:\/\/fadeu.urantiacos.cl\/wp-content\/uploads\/2023\/09\/M_04-300x179.jpg 300w, https:\/\/fadeu.urantiacos.cl\/wp-content\/uploads\/2023\/09\/M_04-768x459.jpg 768w, https:\/\/fadeu.urantiacos.cl\/wp-content\/uploads\/2023\/09\/M_04-1536x918.jpg 1536w, https:\/\/fadeu.urantiacos.cl\/wp-content\/uploads\/2023\/09\/M_04-2048x1224.jpg 2048w, https:\/\/fadeu.urantiacos.cl\/wp-content\/uploads\/2023\/09\/M_04-scaled.jpg 1600w\" sizes=\"(max-width: 1024px) 100vw, 1024px\" \/><\/figure>\n\n\n\n<p>Noticias<\/p>\n\n\n\n<p>Contacto:&nbsp;<a href=\"mailto:redesarq@uc.cl\">redesarq@uc.cl<\/a>&nbsp;| +56 2 2354 7747<br>www.arquitectura.uc.cl<\/p>\n","protected":false},"excerpt":{"rendered":"<p>El profesor ARQ UC fue premiado en la selecci\u00f3n organizada por la revista Metropolis en Nueva York, que escoge a los 100 mejores graduados de las disciplinas de arquitectura y dise\u00f1o de las universidades de Estados Unidos y Canad\u00e1.<\/p>\n","protected":false},"author":1,"featured_media":7205,"comment_status":"open","ping_status":"open","sticky":false,"template":"","format":"standard","meta":{"_acf_changed":false,"footnotes":""},"categories":[1],"tags":[],"class_list":["post-7204","post","type-post","status-publish","format-standard","has-post-thumbnail","hentry","category-sin-categorizar"],"acf":[],"yoast_head":"<!-- This site is optimized with the Yoast SEO plugin v27.1.1 - https:\/\/yoast.com\/product\/yoast-seo-wordpress\/ -->\n<title>Guillermo Hevia es seleccionado en Metropolis Future 100 Award - Facultad de Arquitectura, Dise\u00f1o y Estudios Urbanos<\/title>\n<meta name=\"description\" content=\"El profesor ARQ UC fue premiado en la selecci\u00f3n organizada por la revista Metropolis en Nueva York, que escoge a los 100 mejores graduados de las disciplinas de arquitectura y dise\u00f1o de las universidades de Estados Unidos y Canad\u00e1.\" \/>\n<meta name=\"robots\" content=\"index, follow, max-snippet:-1, max-image-preview:large, max-video-preview:-1\" \/>\n<link rel=\"canonical\" href=\"https:\/\/fadeu.urantiacos.cl\/en\/2021\/04\/12\/guillermo-hevia-es-seleccionado-en-metropolis-future-100-award\/\" \/>\n<meta property=\"og:locale\" content=\"en_US\" \/>\n<meta property=\"og:type\" content=\"article\" \/>\n<meta property=\"og:title\" content=\"Guillermo Hevia es seleccionado en Metropolis Future 100 Award - Facultad de Arquitectura, Dise\u00f1o y Estudios Urbanos\" \/>\n<meta property=\"og:description\" content=\"El profesor ARQ UC fue premiado en la selecci\u00f3n organizada por la revista Metropolis en Nueva York, que escoge a los 100 mejores graduados de las disciplinas de arquitectura y dise\u00f1o de las universidades de Estados Unidos y Canad\u00e1.\" \/>\n<meta property=\"og:url\" content=\"https:\/\/fadeu.urantiacos.cl\/en\/2021\/04\/12\/guillermo-hevia-es-seleccionado-en-metropolis-future-100-award\/\" \/>\n<meta property=\"og:site_name\" content=\"Facultad de Arquitectura, Dise\u00f1o y Estudios Urbanos\" \/>\n<meta property=\"article:published_time\" content=\"2021-04-12T18:47:00+00:00\" \/>\n<meta property=\"article:modified_time\" content=\"2023-09-08T21:17:17+00:00\" \/>\n<meta property=\"og:image\" content=\"https:\/\/fadeu.urantiacos.cl\/wp-content\/uploads\/2023\/09\/M_05_web.jpg\" \/>\n\t<meta property=\"og:image:width\" content=\"350\" \/>\n\t<meta property=\"og:image:height\" content=\"250\" \/>\n\t<meta property=\"og:image:type\" content=\"image\/jpeg\" \/>\n<meta name=\"author\" content=\"manadmin\" \/>\n<meta name=\"twitter:card\" content=\"summary_large_image\" \/>\n<meta name=\"twitter:label1\" content=\"Written by\" \/>\n\t<meta name=\"twitter:data1\" content=\"manadmin\" \/>\n\t<meta name=\"twitter:label2\" content=\"Est. reading time\" \/>\n\t<meta name=\"twitter:data2\" content=\"1 minute\" \/>\n<script type=\"application\/ld+json\" class=\"yoast-schema-graph\">{\"@context\":\"https:\/\/schema.org\",\"@graph\":[{\"@type\":\"Article\",\"@id\":\"https:\/\/fadeu.urantiacos.cl\/en\/2021\/04\/12\/guillermo-hevia-es-seleccionado-en-metropolis-future-100-award\/#article\",\"isPartOf\":{\"@id\":\"https:\/\/fadeu.urantiacos.cl\/en\/2021\/04\/12\/guillermo-hevia-es-seleccionado-en-metropolis-future-100-award\/\"},\"author\":{\"name\":\"manadmin\",\"@id\":\"https:\/\/fadeu.urantiacos.cl\/en\/#\/schema\/person\/d203e2e84b1c40275eac77b3061a19a2\"},\"headline\":\"Guillermo Hevia es seleccionado en Metropolis Future 100 Award\",\"datePublished\":\"2021-04-12T18:47:00+00:00\",\"dateModified\":\"2023-09-08T21:17:17+00:00\",\"mainEntityOfPage\":{\"@id\":\"https:\/\/fadeu.urantiacos.cl\/en\/2021\/04\/12\/guillermo-hevia-es-seleccionado-en-metropolis-future-100-award\/\"},\"wordCount\":160,\"commentCount\":0,\"image\":{\"@id\":\"https:\/\/fadeu.urantiacos.cl\/en\/2021\/04\/12\/guillermo-hevia-es-seleccionado-en-metropolis-future-100-award\/#primaryimage\"},\"thumbnailUrl\":\"https:\/\/fadeu.urantiacos.cl\/wp-content\/uploads\/2023\/09\/M_05_web.jpg\",\"articleSection\":[\"Sin categorizar\"],\"inLanguage\":\"en-US\",\"potentialAction\":[{\"@type\":\"CommentAction\",\"name\":\"Comment\",\"target\":[\"https:\/\/fadeu.urantiacos.cl\/en\/2021\/04\/12\/guillermo-hevia-es-seleccionado-en-metropolis-future-100-award\/#respond\"]}]},{\"@type\":\"WebPage\",\"@id\":\"https:\/\/fadeu.urantiacos.cl\/en\/2021\/04\/12\/guillermo-hevia-es-seleccionado-en-metropolis-future-100-award\/\",\"url\":\"https:\/\/fadeu.urantiacos.cl\/en\/2021\/04\/12\/guillermo-hevia-es-seleccionado-en-metropolis-future-100-award\/\",\"name\":\"Guillermo Hevia es seleccionado en Metropolis Future 100 Award - Facultad de Arquitectura, Dise\u00f1o y Estudios Urbanos\",\"isPartOf\":{\"@id\":\"https:\/\/fadeu.urantiacos.cl\/en\/#website\"},\"primaryImageOfPage\":{\"@id\":\"https:\/\/fadeu.urantiacos.cl\/en\/2021\/04\/12\/guillermo-hevia-es-seleccionado-en-metropolis-future-100-award\/#primaryimage\"},\"image\":{\"@id\":\"https:\/\/fadeu.urantiacos.cl\/en\/2021\/04\/12\/guillermo-hevia-es-seleccionado-en-metropolis-future-100-award\/#primaryimage\"},\"thumbnailUrl\":\"https:\/\/fadeu.urantiacos.cl\/wp-content\/uploads\/2023\/09\/M_05_web.jpg\",\"datePublished\":\"2021-04-12T18:47:00+00:00\",\"dateModified\":\"2023-09-08T21:17:17+00:00\",\"author\":{\"@id\":\"https:\/\/fadeu.urantiacos.cl\/en\/#\/schema\/person\/d203e2e84b1c40275eac77b3061a19a2\"},\"description\":\"El profesor ARQ UC fue premiado en la selecci\u00f3n organizada por la revista Metropolis en Nueva York, que escoge a los 100 mejores graduados de las disciplinas de arquitectura y dise\u00f1o de las universidades de Estados Unidos y Canad\u00e1.\",\"breadcrumb\":{\"@id\":\"https:\/\/fadeu.urantiacos.cl\/en\/2021\/04\/12\/guillermo-hevia-es-seleccionado-en-metropolis-future-100-award\/#breadcrumb\"},\"inLanguage\":\"en-US\",\"potentialAction\":[{\"@type\":\"ReadAction\",\"target\":[\"https:\/\/fadeu.urantiacos.cl\/en\/2021\/04\/12\/guillermo-hevia-es-seleccionado-en-metropolis-future-100-award\/\"]}]},{\"@type\":\"ImageObject\",\"inLanguage\":\"en-US\",\"@id\":\"https:\/\/fadeu.urantiacos.cl\/en\/2021\/04\/12\/guillermo-hevia-es-seleccionado-en-metropolis-future-100-award\/#primaryimage\",\"url\":\"https:\/\/fadeu.urantiacos.cl\/wp-content\/uploads\/2023\/09\/M_05_web.jpg\",\"contentUrl\":\"https:\/\/fadeu.urantiacos.cl\/wp-content\/uploads\/2023\/09\/M_05_web.jpg\",\"width\":350,\"height\":250},{\"@type\":\"BreadcrumbList\",\"@id\":\"https:\/\/fadeu.urantiacos.cl\/en\/2021\/04\/12\/guillermo-hevia-es-seleccionado-en-metropolis-future-100-award\/#breadcrumb\",\"itemListElement\":[{\"@type\":\"ListItem\",\"position\":1,\"name\":\"Portada\",\"item\":\"https:\/\/fadeu.urantiacos.cl\/en\/\"},{\"@type\":\"ListItem\",\"position\":2,\"name\":\"Guillermo Hevia es seleccionado en Metropolis Future 100 Award\"}]},{\"@type\":\"WebSite\",\"@id\":\"https:\/\/fadeu.urantiacos.cl\/en\/#website\",\"url\":\"https:\/\/fadeu.urantiacos.cl\/en\/\",\"name\":\"Facultad de Arquitectura, Dise\u00f1o y Estudios Urbanos\",\"description\":\"Campus Lo Contador\",\"potentialAction\":[{\"@type\":\"SearchAction\",\"target\":{\"@type\":\"EntryPoint\",\"urlTemplate\":\"https:\/\/fadeu.urantiacos.cl\/en\/?s={search_term_string}\"},\"query-input\":{\"@type\":\"PropertyValueSpecification\",\"valueRequired\":true,\"valueName\":\"search_term_string\"}}],\"inLanguage\":\"en-US\"},{\"@type\":\"Person\",\"@id\":\"https:\/\/fadeu.urantiacos.cl\/en\/#\/schema\/person\/d203e2e84b1c40275eac77b3061a19a2\",\"name\":\"manadmin\",\"image\":{\"@type\":\"ImageObject\",\"inLanguage\":\"en-US\",\"@id\":\"https:\/\/fadeu.urantiacos.cl\/en\/#\/schema\/person\/image\/\",\"url\":\"https:\/\/secure.gravatar.com\/avatar\/4b1d8e3303b4a9d8968ac578947d8bc80d9aea359f388cdd4aac15cadc0e8447?s=96&d=mm&r=g\",\"contentUrl\":\"https:\/\/secure.gravatar.com\/avatar\/4b1d8e3303b4a9d8968ac578947d8bc80d9aea359f388cdd4aac15cadc0e8447?s=96&d=mm&r=g\",\"caption\":\"manadmin\"},\"sameAs\":[\"https:\/\/fadeu.urantiacos.cl\"]}]}<\/script>\n<!-- \/ Yoast SEO plugin. -->","yoast_head_json":{"title":"Guillermo Hevia es seleccionado en Metropolis Future 100 Award - Facultad de Arquitectura, Dise\u00f1o y Estudios Urbanos","description":"El profesor ARQ UC fue premiado en la selecci\u00f3n organizada por la revista Metropolis en Nueva York, que escoge a los 100 mejores graduados de las disciplinas de arquitectura y dise\u00f1o de las universidades de Estados Unidos y Canad\u00e1.","robots":{"index":"index","follow":"follow","max-snippet":"max-snippet:-1","max-image-preview":"max-image-preview:large","max-video-preview":"max-video-preview:-1"},"canonical":"https:\/\/fadeu.urantiacos.cl\/en\/2021\/04\/12\/guillermo-hevia-es-seleccionado-en-metropolis-future-100-award\/","og_locale":"en_US","og_type":"article","og_title":"Guillermo Hevia es seleccionado en Metropolis Future 100 Award - Facultad de Arquitectura, Dise\u00f1o y Estudios Urbanos","og_description":"El profesor ARQ UC fue premiado en la selecci\u00f3n organizada por la revista Metropolis en Nueva York, que escoge a los 100 mejores graduados de las disciplinas de arquitectura y dise\u00f1o de las universidades de Estados Unidos y Canad\u00e1.","og_url":"https:\/\/fadeu.urantiacos.cl\/en\/2021\/04\/12\/guillermo-hevia-es-seleccionado-en-metropolis-future-100-award\/","og_site_name":"Facultad de Arquitectura, Dise\u00f1o y Estudios Urbanos","article_published_time":"2021-04-12T18:47:00+00:00","article_modified_time":"2023-09-08T21:17:17+00:00","og_image":[{"width":350,"height":250,"url":"https:\/\/fadeu.urantiacos.cl\/wp-content\/uploads\/2023\/09\/M_05_web.jpg","type":"image\/jpeg"}],"author":"manadmin","twitter_card":"summary_large_image","twitter_misc":{"Written by":"manadmin","Est. reading time":"1 minute"},"schema":{"@context":"https:\/\/schema.org","@graph":[{"@type":"Article","@id":"https:\/\/fadeu.urantiacos.cl\/en\/2021\/04\/12\/guillermo-hevia-es-seleccionado-en-metropolis-future-100-award\/#article","isPartOf":{"@id":"https:\/\/fadeu.urantiacos.cl\/en\/2021\/04\/12\/guillermo-hevia-es-seleccionado-en-metropolis-future-100-award\/"},"author":{"name":"manadmin","@id":"https:\/\/fadeu.urantiacos.cl\/en\/#\/schema\/person\/d203e2e84b1c40275eac77b3061a19a2"},"headline":"Guillermo Hevia es seleccionado en Metropolis Future 100 Award","datePublished":"2021-04-12T18:47:00+00:00","dateModified":"2023-09-08T21:17:17+00:00","mainEntityOfPage":{"@id":"https:\/\/fadeu.urantiacos.cl\/en\/2021\/04\/12\/guillermo-hevia-es-seleccionado-en-metropolis-future-100-award\/"},"wordCount":160,"commentCount":0,"image":{"@id":"https:\/\/fadeu.urantiacos.cl\/en\/2021\/04\/12\/guillermo-hevia-es-seleccionado-en-metropolis-future-100-award\/#primaryimage"},"thumbnailUrl":"https:\/\/fadeu.urantiacos.cl\/wp-content\/uploads\/2023\/09\/M_05_web.jpg","articleSection":["Sin categorizar"],"inLanguage":"en-US","potentialAction":[{"@type":"CommentAction","name":"Comment","target":["https:\/\/fadeu.urantiacos.cl\/en\/2021\/04\/12\/guillermo-hevia-es-seleccionado-en-metropolis-future-100-award\/#respond"]}]},{"@type":"WebPage","@id":"https:\/\/fadeu.urantiacos.cl\/en\/2021\/04\/12\/guillermo-hevia-es-seleccionado-en-metropolis-future-100-award\/","url":"https:\/\/fadeu.urantiacos.cl\/en\/2021\/04\/12\/guillermo-hevia-es-seleccionado-en-metropolis-future-100-award\/","name":"Guillermo Hevia es seleccionado en Metropolis Future 100 Award - Facultad de Arquitectura, Dise\u00f1o y Estudios Urbanos","isPartOf":{"@id":"https:\/\/fadeu.urantiacos.cl\/en\/#website"},"primaryImageOfPage":{"@id":"https:\/\/fadeu.urantiacos.cl\/en\/2021\/04\/12\/guillermo-hevia-es-seleccionado-en-metropolis-future-100-award\/#primaryimage"},"image":{"@id":"https:\/\/fadeu.urantiacos.cl\/en\/2021\/04\/12\/guillermo-hevia-es-seleccionado-en-metropolis-future-100-award\/#primaryimage"},"thumbnailUrl":"https:\/\/fadeu.urantiacos.cl\/wp-content\/uploads\/2023\/09\/M_05_web.jpg","datePublished":"2021-04-12T18:47:00+00:00","dateModified":"2023-09-08T21:17:17+00:00","author":{"@id":"https:\/\/fadeu.urantiacos.cl\/en\/#\/schema\/person\/d203e2e84b1c40275eac77b3061a19a2"},"description":"El profesor ARQ UC fue premiado en la selecci\u00f3n organizada por la revista Metropolis en Nueva York, que escoge a los 100 mejores graduados de las disciplinas de arquitectura y dise\u00f1o de las universidades de Estados Unidos y Canad\u00e1.","breadcrumb":{"@id":"https:\/\/fadeu.urantiacos.cl\/en\/2021\/04\/12\/guillermo-hevia-es-seleccionado-en-metropolis-future-100-award\/#breadcrumb"},"inLanguage":"en-US","potentialAction":[{"@type":"ReadAction","target":["https:\/\/fadeu.urantiacos.cl\/en\/2021\/04\/12\/guillermo-hevia-es-seleccionado-en-metropolis-future-100-award\/"]}]},{"@type":"ImageObject","inLanguage":"en-US","@id":"https:\/\/fadeu.urantiacos.cl\/en\/2021\/04\/12\/guillermo-hevia-es-seleccionado-en-metropolis-future-100-award\/#primaryimage","url":"https:\/\/fadeu.urantiacos.cl\/wp-content\/uploads\/2023\/09\/M_05_web.jpg","contentUrl":"https:\/\/fadeu.urantiacos.cl\/wp-content\/uploads\/2023\/09\/M_05_web.jpg","width":350,"height":250},{"@type":"BreadcrumbList","@id":"https:\/\/fadeu.urantiacos.cl\/en\/2021\/04\/12\/guillermo-hevia-es-seleccionado-en-metropolis-future-100-award\/#breadcrumb","itemListElement":[{"@type":"ListItem","position":1,"name":"Portada","item":"https:\/\/fadeu.urantiacos.cl\/en\/"},{"@type":"ListItem","position":2,"name":"Guillermo Hevia es seleccionado en Metropolis Future 100 Award"}]},{"@type":"WebSite","@id":"https:\/\/fadeu.urantiacos.cl\/en\/#website","url":"https:\/\/fadeu.urantiacos.cl\/en\/","name":"Facultad de Arquitectura, Dise\u00f1o y Estudios Urbanos","description":"Campus Lo Contador","potentialAction":[{"@type":"SearchAction","target":{"@type":"EntryPoint","urlTemplate":"https:\/\/fadeu.urantiacos.cl\/en\/?s={search_term_string}"},"query-input":{"@type":"PropertyValueSpecification","valueRequired":true,"valueName":"search_term_string"}}],"inLanguage":"en-US"},{"@type":"Person","@id":"https:\/\/fadeu.urantiacos.cl\/en\/#\/schema\/person\/d203e2e84b1c40275eac77b3061a19a2","name":"manadmin","image":{"@type":"ImageObject","inLanguage":"en-US","@id":"https:\/\/fadeu.urantiacos.cl\/en\/#\/schema\/person\/image\/","url":"https:\/\/secure.gravatar.com\/avatar\/4b1d8e3303b4a9d8968ac578947d8bc80d9aea359f388cdd4aac15cadc0e8447?s=96&d=mm&r=g","contentUrl":"https:\/\/secure.gravatar.com\/avatar\/4b1d8e3303b4a9d8968ac578947d8bc80d9aea359f388cdd4aac15cadc0e8447?s=96&d=mm&r=g","caption":"manadmin"},"sameAs":["https:\/\/fadeu.urantiacos.cl"]}]}},"_links":{"self":[{"href":"https:\/\/fadeu.urantiacos.cl\/en\/wp-json\/wp\/v2\/posts\/7204","targetHints":{"allow":["GET"]}}],"collection":[{"href":"https:\/\/fadeu.urantiacos.cl\/en\/wp-json\/wp\/v2\/posts"}],"about":[{"href":"https:\/\/fadeu.urantiacos.cl\/en\/wp-json\/wp\/v2\/types\/post"}],"author":[{"embeddable":true,"href":"https:\/\/fadeu.urantiacos.cl\/en\/wp-json\/wp\/v2\/users\/1"}],"replies":[{"embeddable":true,"href":"https:\/\/fadeu.urantiacos.cl\/en\/wp-json\/wp\/v2\/comments?post=7204"}],"version-history":[{"count":1,"href":"https:\/\/fadeu.urantiacos.cl\/en\/wp-json\/wp\/v2\/posts\/7204\/revisions"}],"predecessor-version":[{"id":7209,"href":"https:\/\/fadeu.urantiacos.cl\/en\/wp-json\/wp\/v2\/posts\/7204\/revisions\/7209"}],"wp:featuredmedia":[{"embeddable":true,"href":"https:\/\/fadeu.urantiacos.cl\/en\/wp-json\/wp\/v2\/media\/7205"}],"wp:attachment":[{"href":"https:\/\/fadeu.urantiacos.cl\/en\/wp-json\/wp\/v2\/media?parent=7204"}],"wp:term":[{"taxonomy":"category","embeddable":true,"href":"https:\/\/fadeu.urantiacos.cl\/en\/wp-json\/wp\/v2\/categories?post=7204"},{"taxonomy":"post_tag","embeddable":true,"href":"https:\/\/fadeu.urantiacos.cl\/en\/wp-json\/wp\/v2\/tags?post=7204"}],"curies":[{"name":"wp","href":"https:\/\/api.w.org\/{rel}","templated":true}]}}