{"id":7163,"date":"2021-04-21T12:05:00","date_gmt":"2021-04-21T15:05:00","guid":{"rendered":"https:\/\/fadeu.urantiacos.cl\/?p=7163"},"modified":"2023-10-23T17:18:31","modified_gmt":"2023-10-23T20:18:31","slug":"ediciones-uc-publica-nuevo-libro-del-profesor-hugo-mondragon","status":"publish","type":"post","link":"https:\/\/fadeu.urantiacos.cl\/en\/2021\/04\/21\/ediciones-uc-publica-nuevo-libro-del-profesor-hugo-mondragon\/","title":{"rendered":"Ediciones UC publica nuevo libro del profesor Hugo Mondrag\u00f3n"},"content":{"rendered":"\n<figure class=\"wp-block-image size-full\"><img decoding=\"async\" width=\"350\" height=\"250\" src=\"https:\/\/fadeu.urantiacos.cl\/wp-content\/uploads\/2023\/09\/POST_ATLAS_web-1.png\" alt=\"\" class=\"wp-image-7164\" srcset=\"https:\/\/fadeu.urantiacos.cl\/wp-content\/uploads\/2023\/09\/POST_ATLAS_web-1.png 350w, https:\/\/fadeu.urantiacos.cl\/wp-content\/uploads\/2023\/09\/POST_ATLAS_web-1-300x214.png 300w\" sizes=\"(max-width: 350px) 100vw, 350px\" \/><\/figure>\n\n\n\n<p>\u201cMe parece fundamental revisar el concepto de ordinario que sirve de marco a este libro. Ordinario proviene del lat\u00edn ordinarius, ordenado, organizado. \u00bfPor qu\u00e9 entonces nuestra profesi\u00f3n, que valora la organizaci\u00f3n y el ordenamiento del espacio, tiene tantas dificultades con el adjetivo ordinario? \u00bfNo deber\u00edamos acaso celebrarlo como lo hicieron Habraken, Dell Upton o Rudofsky?\u201d, plantea el profesor Fernando Luiz Lara en la rese\u00f1a del libro.<\/p>\n\n\n\n<p>Y luego agrega: \u201cmi respuesta a esta pregunta pasa por la idea racista de pureza, que ha sido traducida a la jerga arquitect\u00f3nica como exclusividad. Construimos una disciplina que se dedica excesivamente a hacer que cada edificio sea \u00fanico y exclusivo, sin darnos cuenta de que la exclusividad solo existe si algo o alguien es excluido de ese espacio. La exclusi\u00f3n y la impureza representan el lado oscuro de nuestra modernidad y sustentan las teor\u00edas e historias can\u00f3nicas de la arquitectura durante los \u00faltimos 200 a\u00f1os\u201d.<\/p>\n\n\n\n<p>El libro fue rese\u00f1ado, adem\u00e1s, en la revista Mas Deco de La Tercera. &#8220;Re\u00fane im\u00e1genes y ensayos (&#8230;) sobre una serie de edificaciones modernas, que suelen pasar desapercibidas por su origen no monumental o porque est\u00e1n emplazadas, humildemente, entre otras construcciones, en medio de la ciudad. (&#8230;), se revisan 39 casos de car\u00e1cter \u201cordinario\u201d, cuyas im\u00e1genes y dibujos revelan lo \u201cextraordinario\u201d y, al mismo tiempo, lo \u201ccom\u00fan\u201d, abriendo el debate en torno a estos conceptos&#8221;, advierte el escrito.&nbsp;<\/p>\n\n\n\n<p>Es importante recalcar que el libro es derivado de un proyecto de Redes del Programa de Cooperaci\u00f3n Internacional de CONCITY, titulado: \u201cDiscusi\u00f3n te\u00f3rica y construccci\u00f3n hist\u00f3rica. El patrimonio arquitet\u00f3nico de la modernidad en Chile y en Brasil\u201d, que realiz\u00f3 diversas actividades acad\u00e9micas de intercambio binacional tanto en la Universidad Cat\u00f3lica de Chile, la Universidad Federal de R\u00edo de Janeiro y la Universidad Presbiteriana de Mackenzie en Sao Pablo, que involucraron tanto a docentes como estudiantes de las casas de estudio que colaboraron en dicho proyecto.<\/p>\n\n\n\n<p>Conversamos con el profesor Mondrag\u00f3n sobre las motivaciones que le llevaron a investigar para publicar este libro y sobre la importancia de la investigaci\u00f3n conjunta (en este caso, Chile y Brasil).<\/p>\n\n\n\n<p><strong>&nbsp;La arquitectura moderna contempla mucho m\u00e1s que obras \u201cmonumentales\u201d y\/o globalmente reconocidas, y en ese sentido, reivindicar este lado menos \u201csexy\u201d o ese \u201clado oscuro\u201d (como se\u00f1ala Fernando Ruiz en el resumen) de la arquitectura viene siendo un ejercicio necesario y arriesgado. En esta l\u00f3gica, \u00bfpodr\u00edas profundizar en el concepto de lo ordinario y c\u00f3mo el libro reivindica, de alguna manera, aquella obra que no ha gozado de la fama de aquellas otras m\u00e1s difundidas y conocidas?<\/strong><\/p>\n\n\n\n<p>HM: La noci\u00f3n de ordinario que aparece en el t\u00edtulo del libro est\u00e1 relacionada dial\u00e9cticamente con lo extraordinario. En este sentido arquitectura ordinaria es aquella que es opuesta la arquitectura extraordinaria. Sin embargo, la relaci\u00f3n entre ambos t\u00e9rminos es compleja, llena de matices, pero en ning\u00fan caso se trata de una relaci\u00f3n excluyente.<\/p>\n\n\n\n<p>El libro no fue concebido para ir en contra de la arquitectura extraordinaria, sino para mostrar que en nuestra experiencia cotidiana estamos constantemente en relaci\u00f3n con ejemplos de arquitectura extraordinaria, pero tambi\u00e9n con ejemplos de arquitectura ordinaria. En ambos casos nos encontramos frente a ejemplos arquitect\u00f3nicos valiosos, de calidad, apreciados por los usuarios en su frecuentaci\u00f3n cotidiana, y sin embargo, por su propia naturaleza consagratoria, el canon de la arquitectura moderna ha tendido a reducirla a un pu\u00f1ado de obras que reciben toda la atenci\u00f3n, dejando excluidas a aquellas otras que no fueron incluidas en el canon.<\/p>\n\n\n\n<p>Hay que considerar que los procesos mediante los cuales se produce el valor simb\u00f3lico y cultural de los edificios son complejos pero conocidos. Lo realizan una serie de instituciones que cumplen esa funci\u00f3n -galer\u00edas de exposici\u00f3n, museos, revistas, cat\u00e1logos, libros- y personajes como curadores, editores, cr\u00edticos e historiadores de arquitectura. En realidad estas personas e instituciones son las que han producido el valor simb\u00f3lico y cultural de nuestros edificios modernos, mientras las escuelas de arquitectura cumplen la funci\u00f3n de reproducir dicho valor, pero no podemos caer en la trampa de pensar que esa selecci\u00f3n tiene un valor ontol\u00f3gico, es decir, no podemos creer ingenuamente que esa selecci\u00f3n ES la arquitectura moderna, porque se trata ante todo de una construcci\u00f3n social y cultural llevada a cabo por personas e instituciones que tienen sus propias agendas.<\/p>\n\n\n\n<p>Apelar al adjetivo \u201cordinario\u201d como sin\u00f3nimo de com\u00fan, cotidiano, de todos los d\u00edas, es \u00fatil para discutir la abierta funci\u00f3n monumentalizadora que cumplen los procesos de canonizaci\u00f3n en nuestra cultura. Y tambi\u00e9n es \u00fatil para advertir a las autoridades responsables de la protecci\u00f3n de patrimonio de la arquitectura moderna, de la trampa que significa homologar la arquitectura moderna \u00fanicamente a aquellas colecciones de edificios que aparecen en los libros. En efecto, el patrimonio que ha dejado la arquitectura moderna en nuestras ciudades y territorios es mucho m\u00e1s vasto, rico, diversos, heterog\u00e9neo, etc., que esa colecci\u00f3n acotada de edificios publicados sobre los que se vuelve una y otra vez.&nbsp;<\/p>\n\n\n\n<p>En este sentido, la elecci\u00f3n de la palabra \u201catlas\u201d tambi\u00e9n ten\u00eda un prop\u00f3sito. Se trataba simplemente de hacer \u201caparecer\u201d nuevos edificios sin la menor intenci\u00f3n de transformarlos en s\u00edmbolos o monumentos. Todo lo contrario, me hubiera gustado que hubiesen llegado muchos m\u00e1s edificios que se ajustaran a la convocatoria, para que el atlas hubiese sido tan extraordinariamente grande, tan repleto de edificios, que hubiese hecho implosionar al canon.<\/p>\n\n\n\n<p><strong>&nbsp;Y sobre lo anterior, \u00bfqu\u00e9 valor asignas a las investigaciones conjuntas, en este caso con Brasil, para compartir experiencias similares, conocer el contexto latinoamericano como un panorama unitario y, por supuesto, para el levantamiento de casos?<\/strong><\/p>\n\n\n\n<p>HM: Este libro se me ocurri\u00f3 en el contexto de un proyecto de investigaci\u00f3n que realiz\u00e1bamos profesores de la Escuela de Arquitectura UC (Bonomo, Cort\u00e9s, Torrent y Mondrag\u00f3n) en conjunto con las investigadoras Ruth Verde y Mar\u00eda Cristina Cabral, adscritas a facultades de arquitectura de la Universidad Presbiteriana de Mackenzie y la Universidad Federal de R\u00edo de Janeiro.Todos los involucrados en esa red de investigaci\u00f3n est\u00e1bamos familiarizados con los desarrollos de la arquitectura moderna en Am\u00e9rica Latina. Nosotros en Chile est\u00e1bamos particularmente interesados en conocer la manera como Brasil hab\u00eda logrado proteger con \u00e9xito el patrimonio arquitect\u00f3nico de la modernidad y aprender de su ejemplo. Muchas de nuestras discusiones en la red ten\u00edan que ver con la relaci\u00f3n entre las narrativas hist\u00f3ricas de la arquitectura moderna de nuestros respectivos pa\u00edses y la manera como ellas influ\u00edan en la manera como se establecen los criterios de valoraci\u00f3n patrimonial de los edificios. Y la conclusi\u00f3n, para decirla sucintamente, es que un edificio que no est\u00e9 rese\u00f1ado en ninguna de las narraciones hist\u00f3ricas de la arquitectura moderna de su pa\u00eds o de Am\u00e9rica Latina, es decir, un edificio que no haya sido consagrado, canonizado, tiene much\u00edsimas menos probabilidades de ser valorado y protegido patrimonialmente que otro que en cambio s\u00ed ha sido publicado, consagrado y canonizado. Yo no tengo ning\u00fan problema con esto, pero creo que era justo con la investigaci\u00f3n, con la instituci\u00f3n que hab\u00eda contribuido con fondos y con los fen\u00f3menos del presente, explorar otros caminos. El llamado del libro entonces era a pensar nuevas formas de narrar la historia que no fueran her\u00f3icas. Creo que no necesitamos m\u00e1s h\u00e9roes y m\u00e1s monumentos, sino nuevas narraciones hist\u00f3ricas que sean capaces de integrar a nuestros pasados lo no-monumental, es decir, lo ordinario. En este sentido, creo que el Atlas es solo un primer paso, pero hay todav\u00eda un largo camino por recorrer. Un examen atento a los edificios \u201cordinarios\u201d nos puede ayudar revelar asuntos profundos sobre la arquitectura, sobre la sociedad que los construy\u00f3 y sobre la que hoy los contin\u00faa disfrutando. En su repetici\u00f3n y en su condici\u00f3n de gesto urbano un tanto autom\u00e1tico, en ellos reside en potencia una dimensi\u00f3n de nuestro ethos socio-cultural que habr\u00eda que develar.<\/p>\n\n\n\n<p><strong>Por \u00faltimo, \u00bfqu\u00e9 obra u obras te gustar\u00eda resaltar, que te hayan sorprendido, y que encontraste inicialmente en el anonimato total, pero que son de alta calidad arquitect\u00f3nica y urbana?<\/strong><\/p>\n\n\n\n<p>HM: Siento una especial atracci\u00f3n por los edificios de departamentos de formato medio y peque\u00f1o. Creo que se trata de un tipo de edificios que en su repetici\u00f3n contribuye de manera particularmente importante a definir el car\u00e1cter de nuestras ciudades. Otra cosa que me atrae mucho de estos edificios es que est\u00e1n llenos de restricciones en su realizaci\u00f3n. Tienen que v\u00e9rselas con una norma urbana, ajustarse a un modelo de negocio, son mercanc\u00edas (se realizan para un cliente an\u00f3nimo), y sin embargo, a pesar de estas y otras restricciones, en muchos casos se logran ejemplos notables. Proyectar un buen edificio de viviendas en un lote de terreno peque\u00f1o o mediano para un cliente que no se conoce, es semejante a la definici\u00f3n de arte que alguna vez enunci\u00f3 Nietzche: \u201cverdadero artista es aquel que sabe bailar encadenado\u201d.<\/p>\n\n\n\n<p>Finalmente, el edificio de vivienda se trata de un campo de investigaci\u00f3n menospreciado por quienes defienden el valor art\u00edstico de la arquitectura, pero tambi\u00e9n por quienes tienen la convicci\u00f3n ideol\u00f3gica que nada bueno puede provenir de un ejercicio de especulaci\u00f3n inmobiliaria. Y sin embargo creo que bastar\u00eda con tener una media de edificios ordinarios de vivienda de buena calidad, para cambiar radical y positivamente el rostro de nuestras ciudades.<\/p>\n\n\n\n<p>El libro ya se encuentra disponible en librer\u00edas y atrav\u00e9s de la venta online en\u00a0Ediciones UC<\/p>\n\n\n\n<figure class=\"wp-block-image size-full\"><img decoding=\"async\" width=\"940\" height=\"788\" src=\"https:\/\/fadeu.urantiacos.cl\/wp-content\/uploads\/2023\/09\/POST_ATLAS.png\" alt=\"\" class=\"wp-image-7165\" srcset=\"https:\/\/fadeu.urantiacos.cl\/wp-content\/uploads\/2023\/09\/POST_ATLAS.png 940w, https:\/\/fadeu.urantiacos.cl\/wp-content\/uploads\/2023\/09\/POST_ATLAS-300x251.png 300w, https:\/\/fadeu.urantiacos.cl\/wp-content\/uploads\/2023\/09\/POST_ATLAS-768x644.png 768w\" sizes=\"(max-width: 940px) 100vw, 940px\" \/><\/figure>\n\n\n\n<figure class=\"wp-block-image size-large\"><img decoding=\"async\" width=\"1024\" height=\"723\" src=\"https:\/\/fadeu.urantiacos.cl\/wp-content\/uploads\/2023\/09\/INTERIOR_Libro_ATLAS_1-1024x723.jpg\" alt=\"\" class=\"wp-image-7166\" srcset=\"https:\/\/fadeu.urantiacos.cl\/wp-content\/uploads\/2023\/09\/INTERIOR_Libro_ATLAS_1-1024x723.jpg 1024w, https:\/\/fadeu.urantiacos.cl\/wp-content\/uploads\/2023\/09\/INTERIOR_Libro_ATLAS_1-300x212.jpg 300w, https:\/\/fadeu.urantiacos.cl\/wp-content\/uploads\/2023\/09\/INTERIOR_Libro_ATLAS_1-768x542.jpg 768w, https:\/\/fadeu.urantiacos.cl\/wp-content\/uploads\/2023\/09\/INTERIOR_Libro_ATLAS_1-1536x1084.jpg 1536w, https:\/\/fadeu.urantiacos.cl\/wp-content\/uploads\/2023\/09\/INTERIOR_Libro_ATLAS_1-2048x1446.jpg 2048w, https:\/\/fadeu.urantiacos.cl\/wp-content\/uploads\/2023\/09\/INTERIOR_Libro_ATLAS_1-scaled.jpg 1600w\" sizes=\"(max-width: 1024px) 100vw, 1024px\" \/><\/figure>\n","protected":false},"excerpt":{"rendered":"<p>Atlas de lo Ordinario Brasil\/Chile: Dibujos y fotograf\u00edas de arquitectura moderna, es el nombre del nuevo libro del profesor de la escuela de Arquitectura, Hugo Mondrag\u00f3n, editado conjuntamente entre el Centro del Patrimonio Cultural UC y Ediciones UC.<\/p>\n","protected":false},"author":1,"featured_media":7164,"comment_status":"open","ping_status":"open","sticky":false,"template":"","format":"standard","meta":{"_acf_changed":false,"footnotes":""},"categories":[1],"tags":[],"class_list":["post-7163","post","type-post","status-publish","format-standard","has-post-thumbnail","hentry","category-sin-categorizar"],"acf":[],"yoast_head":"<!-- This site is optimized with the Yoast SEO plugin v27.1.1 - https:\/\/yoast.com\/product\/yoast-seo-wordpress\/ -->\n<title>Ediciones UC publica nuevo libro del profesor Hugo Mondrag\u00f3n - Facultad de Arquitectura, Dise\u00f1o y Estudios Urbanos<\/title>\n<meta name=\"description\" content=\"Atlas de lo Ordinario Brasil\/Chile: Dibujos y fotograf\u00edas de arquitectura moderna, es el nombre del nuevo libro del profesor de la escuela de Arquitectura, Hugo Mondrag\u00f3n, editado conjuntamente entre el Centro del Patrimonio Cultural UC y Ediciones UC.\" \/>\n<meta name=\"robots\" content=\"index, follow, max-snippet:-1, max-image-preview:large, max-video-preview:-1\" \/>\n<link rel=\"canonical\" href=\"https:\/\/fadeu.urantiacos.cl\/en\/2021\/04\/21\/ediciones-uc-publica-nuevo-libro-del-profesor-hugo-mondragon\/\" \/>\n<meta property=\"og:locale\" content=\"en_US\" \/>\n<meta property=\"og:type\" content=\"article\" \/>\n<meta property=\"og:title\" content=\"Ediciones UC publica nuevo libro del profesor Hugo Mondrag\u00f3n - Facultad de Arquitectura, Dise\u00f1o y Estudios Urbanos\" \/>\n<meta property=\"og:description\" content=\"Atlas de lo Ordinario Brasil\/Chile: Dibujos y fotograf\u00edas de arquitectura moderna, es el nombre del nuevo libro del profesor de la escuela de Arquitectura, Hugo Mondrag\u00f3n, editado conjuntamente entre el Centro del Patrimonio Cultural UC y Ediciones UC.\" \/>\n<meta property=\"og:url\" content=\"https:\/\/fadeu.urantiacos.cl\/en\/2021\/04\/21\/ediciones-uc-publica-nuevo-libro-del-profesor-hugo-mondragon\/\" \/>\n<meta property=\"og:site_name\" content=\"Facultad de Arquitectura, Dise\u00f1o y Estudios Urbanos\" \/>\n<meta property=\"article:published_time\" content=\"2021-04-21T15:05:00+00:00\" \/>\n<meta property=\"article:modified_time\" content=\"2023-10-23T20:18:31+00:00\" \/>\n<meta property=\"og:image\" content=\"https:\/\/fadeu.urantiacos.cl\/wp-content\/uploads\/2023\/09\/POST_ATLAS_web-1.png\" \/>\n\t<meta property=\"og:image:width\" content=\"350\" \/>\n\t<meta property=\"og:image:height\" content=\"250\" \/>\n\t<meta property=\"og:image:type\" content=\"image\/png\" \/>\n<meta name=\"author\" content=\"manadmin\" \/>\n<meta name=\"twitter:card\" content=\"summary_large_image\" \/>\n<meta name=\"twitter:label1\" content=\"Written by\" \/>\n\t<meta name=\"twitter:data1\" content=\"manadmin\" \/>\n\t<meta name=\"twitter:label2\" content=\"Est. reading time\" \/>\n\t<meta name=\"twitter:data2\" content=\"8 minutes\" \/>\n<script type=\"application\/ld+json\" class=\"yoast-schema-graph\">{\"@context\":\"https:\/\/schema.org\",\"@graph\":[{\"@type\":\"Article\",\"@id\":\"https:\/\/fadeu.urantiacos.cl\/en\/2021\/04\/21\/ediciones-uc-publica-nuevo-libro-del-profesor-hugo-mondragon\/#article\",\"isPartOf\":{\"@id\":\"https:\/\/fadeu.urantiacos.cl\/en\/2021\/04\/21\/ediciones-uc-publica-nuevo-libro-del-profesor-hugo-mondragon\/\"},\"author\":{\"name\":\"manadmin\",\"@id\":\"https:\/\/fadeu.urantiacos.cl\/en\/#\/schema\/person\/d203e2e84b1c40275eac77b3061a19a2\"},\"headline\":\"Ediciones UC publica nuevo libro del profesor Hugo Mondrag\u00f3n\",\"datePublished\":\"2021-04-21T15:05:00+00:00\",\"dateModified\":\"2023-10-23T20:18:31+00:00\",\"mainEntityOfPage\":{\"@id\":\"https:\/\/fadeu.urantiacos.cl\/en\/2021\/04\/21\/ediciones-uc-publica-nuevo-libro-del-profesor-hugo-mondragon\/\"},\"wordCount\":1692,\"commentCount\":0,\"image\":{\"@id\":\"https:\/\/fadeu.urantiacos.cl\/en\/2021\/04\/21\/ediciones-uc-publica-nuevo-libro-del-profesor-hugo-mondragon\/#primaryimage\"},\"thumbnailUrl\":\"https:\/\/fadeu.urantiacos.cl\/wp-content\/uploads\/2023\/09\/POST_ATLAS_web-1.png\",\"articleSection\":[\"Sin categorizar\"],\"inLanguage\":\"en-US\",\"potentialAction\":[{\"@type\":\"CommentAction\",\"name\":\"Comment\",\"target\":[\"https:\/\/fadeu.urantiacos.cl\/en\/2021\/04\/21\/ediciones-uc-publica-nuevo-libro-del-profesor-hugo-mondragon\/#respond\"]}]},{\"@type\":\"WebPage\",\"@id\":\"https:\/\/fadeu.urantiacos.cl\/en\/2021\/04\/21\/ediciones-uc-publica-nuevo-libro-del-profesor-hugo-mondragon\/\",\"url\":\"https:\/\/fadeu.urantiacos.cl\/en\/2021\/04\/21\/ediciones-uc-publica-nuevo-libro-del-profesor-hugo-mondragon\/\",\"name\":\"Ediciones UC publica nuevo libro del profesor Hugo Mondrag\u00f3n - Facultad de Arquitectura, Dise\u00f1o y Estudios Urbanos\",\"isPartOf\":{\"@id\":\"https:\/\/fadeu.urantiacos.cl\/en\/#website\"},\"primaryImageOfPage\":{\"@id\":\"https:\/\/fadeu.urantiacos.cl\/en\/2021\/04\/21\/ediciones-uc-publica-nuevo-libro-del-profesor-hugo-mondragon\/#primaryimage\"},\"image\":{\"@id\":\"https:\/\/fadeu.urantiacos.cl\/en\/2021\/04\/21\/ediciones-uc-publica-nuevo-libro-del-profesor-hugo-mondragon\/#primaryimage\"},\"thumbnailUrl\":\"https:\/\/fadeu.urantiacos.cl\/wp-content\/uploads\/2023\/09\/POST_ATLAS_web-1.png\",\"datePublished\":\"2021-04-21T15:05:00+00:00\",\"dateModified\":\"2023-10-23T20:18:31+00:00\",\"author\":{\"@id\":\"https:\/\/fadeu.urantiacos.cl\/en\/#\/schema\/person\/d203e2e84b1c40275eac77b3061a19a2\"},\"description\":\"Atlas de lo Ordinario Brasil\/Chile: Dibujos y fotograf\u00edas de arquitectura moderna, es el nombre del nuevo libro del profesor de la escuela de Arquitectura, Hugo Mondrag\u00f3n, editado conjuntamente entre el Centro del Patrimonio Cultural UC y Ediciones UC.\",\"breadcrumb\":{\"@id\":\"https:\/\/fadeu.urantiacos.cl\/en\/2021\/04\/21\/ediciones-uc-publica-nuevo-libro-del-profesor-hugo-mondragon\/#breadcrumb\"},\"inLanguage\":\"en-US\",\"potentialAction\":[{\"@type\":\"ReadAction\",\"target\":[\"https:\/\/fadeu.urantiacos.cl\/en\/2021\/04\/21\/ediciones-uc-publica-nuevo-libro-del-profesor-hugo-mondragon\/\"]}]},{\"@type\":\"ImageObject\",\"inLanguage\":\"en-US\",\"@id\":\"https:\/\/fadeu.urantiacos.cl\/en\/2021\/04\/21\/ediciones-uc-publica-nuevo-libro-del-profesor-hugo-mondragon\/#primaryimage\",\"url\":\"https:\/\/fadeu.urantiacos.cl\/wp-content\/uploads\/2023\/09\/POST_ATLAS_web-1.png\",\"contentUrl\":\"https:\/\/fadeu.urantiacos.cl\/wp-content\/uploads\/2023\/09\/POST_ATLAS_web-1.png\",\"width\":350,\"height\":250},{\"@type\":\"BreadcrumbList\",\"@id\":\"https:\/\/fadeu.urantiacos.cl\/en\/2021\/04\/21\/ediciones-uc-publica-nuevo-libro-del-profesor-hugo-mondragon\/#breadcrumb\",\"itemListElement\":[{\"@type\":\"ListItem\",\"position\":1,\"name\":\"Portada\",\"item\":\"https:\/\/fadeu.urantiacos.cl\/en\/\"},{\"@type\":\"ListItem\",\"position\":2,\"name\":\"Ediciones UC publica nuevo libro del profesor Hugo Mondrag\u00f3n\"}]},{\"@type\":\"WebSite\",\"@id\":\"https:\/\/fadeu.urantiacos.cl\/en\/#website\",\"url\":\"https:\/\/fadeu.urantiacos.cl\/en\/\",\"name\":\"Facultad de Arquitectura, Dise\u00f1o y Estudios Urbanos\",\"description\":\"Campus Lo Contador\",\"potentialAction\":[{\"@type\":\"SearchAction\",\"target\":{\"@type\":\"EntryPoint\",\"urlTemplate\":\"https:\/\/fadeu.urantiacos.cl\/en\/?s={search_term_string}\"},\"query-input\":{\"@type\":\"PropertyValueSpecification\",\"valueRequired\":true,\"valueName\":\"search_term_string\"}}],\"inLanguage\":\"en-US\"},{\"@type\":\"Person\",\"@id\":\"https:\/\/fadeu.urantiacos.cl\/en\/#\/schema\/person\/d203e2e84b1c40275eac77b3061a19a2\",\"name\":\"manadmin\",\"image\":{\"@type\":\"ImageObject\",\"inLanguage\":\"en-US\",\"@id\":\"https:\/\/fadeu.urantiacos.cl\/en\/#\/schema\/person\/image\/\",\"url\":\"https:\/\/secure.gravatar.com\/avatar\/4b1d8e3303b4a9d8968ac578947d8bc80d9aea359f388cdd4aac15cadc0e8447?s=96&d=mm&r=g\",\"contentUrl\":\"https:\/\/secure.gravatar.com\/avatar\/4b1d8e3303b4a9d8968ac578947d8bc80d9aea359f388cdd4aac15cadc0e8447?s=96&d=mm&r=g\",\"caption\":\"manadmin\"},\"sameAs\":[\"https:\/\/fadeu.urantiacos.cl\"]}]}<\/script>\n<!-- \/ Yoast SEO plugin. -->","yoast_head_json":{"title":"Ediciones UC publica nuevo libro del profesor Hugo Mondrag\u00f3n - Facultad de Arquitectura, Dise\u00f1o y Estudios Urbanos","description":"Atlas de lo Ordinario Brasil\/Chile: Dibujos y fotograf\u00edas de arquitectura moderna, es el nombre del nuevo libro del profesor de la escuela de Arquitectura, Hugo Mondrag\u00f3n, editado conjuntamente entre el Centro del Patrimonio Cultural UC y Ediciones UC.","robots":{"index":"index","follow":"follow","max-snippet":"max-snippet:-1","max-image-preview":"max-image-preview:large","max-video-preview":"max-video-preview:-1"},"canonical":"https:\/\/fadeu.urantiacos.cl\/en\/2021\/04\/21\/ediciones-uc-publica-nuevo-libro-del-profesor-hugo-mondragon\/","og_locale":"en_US","og_type":"article","og_title":"Ediciones UC publica nuevo libro del profesor Hugo Mondrag\u00f3n - Facultad de Arquitectura, Dise\u00f1o y Estudios Urbanos","og_description":"Atlas de lo Ordinario Brasil\/Chile: Dibujos y fotograf\u00edas de arquitectura moderna, es el nombre del nuevo libro del profesor de la escuela de Arquitectura, Hugo Mondrag\u00f3n, editado conjuntamente entre el Centro del Patrimonio Cultural UC y Ediciones UC.","og_url":"https:\/\/fadeu.urantiacos.cl\/en\/2021\/04\/21\/ediciones-uc-publica-nuevo-libro-del-profesor-hugo-mondragon\/","og_site_name":"Facultad de Arquitectura, Dise\u00f1o y Estudios Urbanos","article_published_time":"2021-04-21T15:05:00+00:00","article_modified_time":"2023-10-23T20:18:31+00:00","og_image":[{"width":350,"height":250,"url":"https:\/\/fadeu.urantiacos.cl\/wp-content\/uploads\/2023\/09\/POST_ATLAS_web-1.png","type":"image\/png"}],"author":"manadmin","twitter_card":"summary_large_image","twitter_misc":{"Written by":"manadmin","Est. reading time":"8 minutes"},"schema":{"@context":"https:\/\/schema.org","@graph":[{"@type":"Article","@id":"https:\/\/fadeu.urantiacos.cl\/en\/2021\/04\/21\/ediciones-uc-publica-nuevo-libro-del-profesor-hugo-mondragon\/#article","isPartOf":{"@id":"https:\/\/fadeu.urantiacos.cl\/en\/2021\/04\/21\/ediciones-uc-publica-nuevo-libro-del-profesor-hugo-mondragon\/"},"author":{"name":"manadmin","@id":"https:\/\/fadeu.urantiacos.cl\/en\/#\/schema\/person\/d203e2e84b1c40275eac77b3061a19a2"},"headline":"Ediciones UC publica nuevo libro del profesor Hugo Mondrag\u00f3n","datePublished":"2021-04-21T15:05:00+00:00","dateModified":"2023-10-23T20:18:31+00:00","mainEntityOfPage":{"@id":"https:\/\/fadeu.urantiacos.cl\/en\/2021\/04\/21\/ediciones-uc-publica-nuevo-libro-del-profesor-hugo-mondragon\/"},"wordCount":1692,"commentCount":0,"image":{"@id":"https:\/\/fadeu.urantiacos.cl\/en\/2021\/04\/21\/ediciones-uc-publica-nuevo-libro-del-profesor-hugo-mondragon\/#primaryimage"},"thumbnailUrl":"https:\/\/fadeu.urantiacos.cl\/wp-content\/uploads\/2023\/09\/POST_ATLAS_web-1.png","articleSection":["Sin categorizar"],"inLanguage":"en-US","potentialAction":[{"@type":"CommentAction","name":"Comment","target":["https:\/\/fadeu.urantiacos.cl\/en\/2021\/04\/21\/ediciones-uc-publica-nuevo-libro-del-profesor-hugo-mondragon\/#respond"]}]},{"@type":"WebPage","@id":"https:\/\/fadeu.urantiacos.cl\/en\/2021\/04\/21\/ediciones-uc-publica-nuevo-libro-del-profesor-hugo-mondragon\/","url":"https:\/\/fadeu.urantiacos.cl\/en\/2021\/04\/21\/ediciones-uc-publica-nuevo-libro-del-profesor-hugo-mondragon\/","name":"Ediciones UC publica nuevo libro del profesor Hugo Mondrag\u00f3n - Facultad de Arquitectura, Dise\u00f1o y Estudios Urbanos","isPartOf":{"@id":"https:\/\/fadeu.urantiacos.cl\/en\/#website"},"primaryImageOfPage":{"@id":"https:\/\/fadeu.urantiacos.cl\/en\/2021\/04\/21\/ediciones-uc-publica-nuevo-libro-del-profesor-hugo-mondragon\/#primaryimage"},"image":{"@id":"https:\/\/fadeu.urantiacos.cl\/en\/2021\/04\/21\/ediciones-uc-publica-nuevo-libro-del-profesor-hugo-mondragon\/#primaryimage"},"thumbnailUrl":"https:\/\/fadeu.urantiacos.cl\/wp-content\/uploads\/2023\/09\/POST_ATLAS_web-1.png","datePublished":"2021-04-21T15:05:00+00:00","dateModified":"2023-10-23T20:18:31+00:00","author":{"@id":"https:\/\/fadeu.urantiacos.cl\/en\/#\/schema\/person\/d203e2e84b1c40275eac77b3061a19a2"},"description":"Atlas de lo Ordinario Brasil\/Chile: Dibujos y fotograf\u00edas de arquitectura moderna, es el nombre del nuevo libro del profesor de la escuela de Arquitectura, Hugo Mondrag\u00f3n, editado conjuntamente entre el Centro del Patrimonio Cultural UC y Ediciones UC.","breadcrumb":{"@id":"https:\/\/fadeu.urantiacos.cl\/en\/2021\/04\/21\/ediciones-uc-publica-nuevo-libro-del-profesor-hugo-mondragon\/#breadcrumb"},"inLanguage":"en-US","potentialAction":[{"@type":"ReadAction","target":["https:\/\/fadeu.urantiacos.cl\/en\/2021\/04\/21\/ediciones-uc-publica-nuevo-libro-del-profesor-hugo-mondragon\/"]}]},{"@type":"ImageObject","inLanguage":"en-US","@id":"https:\/\/fadeu.urantiacos.cl\/en\/2021\/04\/21\/ediciones-uc-publica-nuevo-libro-del-profesor-hugo-mondragon\/#primaryimage","url":"https:\/\/fadeu.urantiacos.cl\/wp-content\/uploads\/2023\/09\/POST_ATLAS_web-1.png","contentUrl":"https:\/\/fadeu.urantiacos.cl\/wp-content\/uploads\/2023\/09\/POST_ATLAS_web-1.png","width":350,"height":250},{"@type":"BreadcrumbList","@id":"https:\/\/fadeu.urantiacos.cl\/en\/2021\/04\/21\/ediciones-uc-publica-nuevo-libro-del-profesor-hugo-mondragon\/#breadcrumb","itemListElement":[{"@type":"ListItem","position":1,"name":"Portada","item":"https:\/\/fadeu.urantiacos.cl\/en\/"},{"@type":"ListItem","position":2,"name":"Ediciones UC publica nuevo libro del profesor Hugo Mondrag\u00f3n"}]},{"@type":"WebSite","@id":"https:\/\/fadeu.urantiacos.cl\/en\/#website","url":"https:\/\/fadeu.urantiacos.cl\/en\/","name":"Facultad de Arquitectura, Dise\u00f1o y Estudios Urbanos","description":"Campus Lo Contador","potentialAction":[{"@type":"SearchAction","target":{"@type":"EntryPoint","urlTemplate":"https:\/\/fadeu.urantiacos.cl\/en\/?s={search_term_string}"},"query-input":{"@type":"PropertyValueSpecification","valueRequired":true,"valueName":"search_term_string"}}],"inLanguage":"en-US"},{"@type":"Person","@id":"https:\/\/fadeu.urantiacos.cl\/en\/#\/schema\/person\/d203e2e84b1c40275eac77b3061a19a2","name":"manadmin","image":{"@type":"ImageObject","inLanguage":"en-US","@id":"https:\/\/fadeu.urantiacos.cl\/en\/#\/schema\/person\/image\/","url":"https:\/\/secure.gravatar.com\/avatar\/4b1d8e3303b4a9d8968ac578947d8bc80d9aea359f388cdd4aac15cadc0e8447?s=96&d=mm&r=g","contentUrl":"https:\/\/secure.gravatar.com\/avatar\/4b1d8e3303b4a9d8968ac578947d8bc80d9aea359f388cdd4aac15cadc0e8447?s=96&d=mm&r=g","caption":"manadmin"},"sameAs":["https:\/\/fadeu.urantiacos.cl"]}]}},"_links":{"self":[{"href":"https:\/\/fadeu.urantiacos.cl\/en\/wp-json\/wp\/v2\/posts\/7163","targetHints":{"allow":["GET"]}}],"collection":[{"href":"https:\/\/fadeu.urantiacos.cl\/en\/wp-json\/wp\/v2\/posts"}],"about":[{"href":"https:\/\/fadeu.urantiacos.cl\/en\/wp-json\/wp\/v2\/types\/post"}],"author":[{"embeddable":true,"href":"https:\/\/fadeu.urantiacos.cl\/en\/wp-json\/wp\/v2\/users\/1"}],"replies":[{"embeddable":true,"href":"https:\/\/fadeu.urantiacos.cl\/en\/wp-json\/wp\/v2\/comments?post=7163"}],"version-history":[{"count":2,"href":"https:\/\/fadeu.urantiacos.cl\/en\/wp-json\/wp\/v2\/posts\/7163\/revisions"}],"predecessor-version":[{"id":17687,"href":"https:\/\/fadeu.urantiacos.cl\/en\/wp-json\/wp\/v2\/posts\/7163\/revisions\/17687"}],"wp:featuredmedia":[{"embeddable":true,"href":"https:\/\/fadeu.urantiacos.cl\/en\/wp-json\/wp\/v2\/media\/7164"}],"wp:attachment":[{"href":"https:\/\/fadeu.urantiacos.cl\/en\/wp-json\/wp\/v2\/media?parent=7163"}],"wp:term":[{"taxonomy":"category","embeddable":true,"href":"https:\/\/fadeu.urantiacos.cl\/en\/wp-json\/wp\/v2\/categories?post=7163"},{"taxonomy":"post_tag","embeddable":true,"href":"https:\/\/fadeu.urantiacos.cl\/en\/wp-json\/wp\/v2\/tags?post=7163"}],"curies":[{"name":"wp","href":"https:\/\/api.w.org\/{rel}","templated":true}]}}