{"id":7159,"date":"2021-04-21T12:02:00","date_gmt":"2021-04-21T15:02:00","guid":{"rendered":"https:\/\/fadeu.urantiacos.cl\/?p=7159"},"modified":"2023-09-08T12:05:08","modified_gmt":"2023-09-08T15:05:08","slug":"mesa-covid-y-rectoria-informan-sobre-vacunacion-trazabilidad-y-retorno-en-pandemia","status":"publish","type":"post","link":"https:\/\/fadeu.urantiacos.cl\/en\/2021\/04\/21\/mesa-covid-y-rectoria-informan-sobre-vacunacion-trazabilidad-y-retorno-en-pandemia\/","title":{"rendered":"Mesa COVID y Rector\u00eda Informan sobre vacunaci\u00f3n, trazabilidad y retorno en pandemia"},"content":{"rendered":"\n<figure class=\"wp-block-image size-full\"><img decoding=\"async\" width=\"350\" height=\"250\" src=\"https:\/\/fadeu.urantiacos.cl\/wp-content\/uploads\/2023\/09\/comite_covid_abril2021.jpg\" alt=\"\" class=\"wp-image-7160\" srcset=\"https:\/\/fadeu.urantiacos.cl\/wp-content\/uploads\/2023\/09\/comite_covid_abril2021.jpg 350w, https:\/\/fadeu.urantiacos.cl\/wp-content\/uploads\/2023\/09\/comite_covid_abril2021-300x214.jpg 300w\" sizes=\"(max-width: 350px) 100vw, 350px\" \/><\/figure>\n\n\n\n<p>En la \u00faltima sesi\u00f3n de la Mesa Covid-19 de la UC, integrada por Macarena Cort\u00e9s, profesora y Directora de Comunicaciones FADEU, se formul\u00f3 un llamado a la comunidad a concurrir a los centros de vacunaci\u00f3n conforme el cronograma dispuesto por la Autoridad Sanitaria. En dicha oportunidad el doctor Jaime Labarca, Jefe Departamento de Enfermedades Infecciosas del Adulto UC, expuso los resultados del estudio de la vacuna con la cual se est\u00e1 inoculando a 9 de cada 10 personas en el pa\u00eds. Estos son altamente esperanzadores, seg\u00fan coment\u00f3, por cuanto indican que la vacuna, luego de 14 d\u00edas despu\u00e9s de la segunda dosis, en un 89% el ingreso a UCI, y en un 85% la probabilidad de hospitalizaci\u00f3n. Esto cambia el escenario sanitario y se espera que, en la medida de que avance el proceso de vacunaci\u00f3n, y las personas mantengan las medidas de autocuidado, se retome en el tiempo una relativa normalidad.<\/p>\n\n\n\n<p>No obstante, desde la misma Mesa COVID-19 UC, la Vicerrectora Lilian Ferrer fue enf\u00e1tica en se\u00f1alar la necesidad de mantener las medidas de autocuidado, como el uso de mascarilla, evitar aglomeraciones, mantener distancia f\u00edsica y lavado de manos con agua y jab\u00f3n o con alcohol gel. Tambi\u00e9n recalc\u00f3, que ser\u00e1n los canales oficiales de informaci\u00f3n de la UC los encargados de comunicar c\u00f3mo, cu\u00e1ndo y de qu\u00e9 forma se retomar\u00e1n las funciones presenciales en los campus, solo para acad\u00e9micos y trabajadores en una primera instancia.<\/p>\n\n\n\n<p>\u201cLa Universidad Cat\u00f3lica ha insistido a la comunidad en que permanezcan lo m\u00e1s posible en sus domicilios, e hizo disponible un mecanismo digital para notificar de posibles contagios en el n\u00facleo familiar para activar la debida trazabilidad y canalizar ayudas posibles\u201d, coment\u00f3 Macarena Cort\u00e9s.<\/p>\n\n\n\n<p>En este sentido, si alguna persona o alguien de su familia se contagia, si est\u00e1 en cuarentena preventiva esperando resultado de examen PCR, o ha sido contacto estrecho de una persona COVID-19 positiva, puede dar a conocer la situaci\u00f3n a trav\u00e9s del siguiente formulario&nbsp;<a href=\"https:\/\/docs.google.com\/forms\/d\/e\/1FAIpQLSdqAz8IiM1ySc8CruPxvZSkcFNpBweuU5Ud6CMFX1SABAyknw\/viewform\" target=\"_blank\" rel=\"noreferrer noopener\">AQU\u00cd<\/a>.<\/p>\n\n\n\n<p><strong>Regreso presencial<\/strong><\/p>\n\n\n\n<p>Sobre el futuro regreso a labores presenciales, la Universidad se encuentra revisando el estado de todas las instalaciones, seg\u00fan se ha informado en el \u00faltimo mail oficial enviado desde Rector\u00eda el 20 de abril. \u201cLos equipos de administraci\u00f3n de campus han mantenido el equipamiento y espacios en \u00f3ptimas condiciones. La limpieza sin embargo no se ha podido realizar ya que no est\u00e1 definida hoy como actividad cr\u00edtica. Por lo mismo previo a la apertura de nuestros campus nos preocuparemos de planificar junto a todas las unidades un aseo\/limpieza que permita garantizar espacios seguros para toda la comunidad. Esta actividad se realizar\u00e1 durante la primera semana en que la autoridad sanitaria permita el retorno a los campus\u201d, plantearon.<\/p>\n\n\n\n<p>Para el futuro retorno a los campus, y con el fin de mantener la flexibilidad del plan de retorno en la UC, se ha definido que las siguientes tres primeras semanas luego de la limpieza y sanitizaci\u00f3n de los espacios se mantendr\u00e1 el sistema establecido por la Universidad: una semana de trabajo presencial y dos de trabajo a distancia. \u201cEsto se evaluar\u00e1 regularmente considerando la informaci\u00f3n disponible en relaci\u00f3n a la pandemia y su control\u201d, advirtieron.<\/p>\n\n\n\n<figure class=\"wp-block-image size-large\"><img decoding=\"async\" width=\"1024\" height=\"604\" src=\"https:\/\/fadeu.urantiacos.cl\/wp-content\/uploads\/2023\/09\/IMG_5861_grande-1024x604.jpg\" alt=\"\" class=\"wp-image-7161\" srcset=\"https:\/\/fadeu.urantiacos.cl\/wp-content\/uploads\/2023\/09\/IMG_5861_grande-1024x604.jpg 1024w, https:\/\/fadeu.urantiacos.cl\/wp-content\/uploads\/2023\/09\/IMG_5861_grande-300x177.jpg 300w, https:\/\/fadeu.urantiacos.cl\/wp-content\/uploads\/2023\/09\/IMG_5861_grande-768x453.jpg 768w, https:\/\/fadeu.urantiacos.cl\/wp-content\/uploads\/2023\/09\/IMG_5861_grande-1536x906.jpg 1536w, https:\/\/fadeu.urantiacos.cl\/wp-content\/uploads\/2023\/09\/IMG_5861_grande-2048x1208.jpg 2048w, https:\/\/fadeu.urantiacos.cl\/wp-content\/uploads\/2023\/09\/IMG_5861_grande-scaled.jpg 1600w\" sizes=\"(max-width: 1024px) 100vw, 1024px\" \/><\/figure>\n","protected":false},"excerpt":{"rendered":"<p>En las sesiones de la Mesa COVID y en el \u00faltimo mail de Rector\u00eda se ha insistido sobre las garant\u00edas de la vacunaci\u00f3n, la necesidad de realizar trazabilidad en la comunidad UC y el retorno a los Campus una vez que las comunas pasen a Fase 2. En dicho momento, se destinar\u00e1 una semana a la limpieza y acondicionamiento de las instalaciones para recibir el retorno presencial, seg\u00fan los turnos asignados en la etapa anterior a la cuarentena.<\/p>\n","protected":false},"author":1,"featured_media":7160,"comment_status":"open","ping_status":"open","sticky":false,"template":"","format":"standard","meta":{"_acf_changed":false,"footnotes":""},"categories":[1],"tags":[],"class_list":["post-7159","post","type-post","status-publish","format-standard","has-post-thumbnail","hentry","category-sin-categorizar"],"acf":[],"yoast_head":"<!-- This site is optimized with the Yoast SEO plugin v27.1.1 - https:\/\/yoast.com\/product\/yoast-seo-wordpress\/ -->\n<title>Mesa COVID y Rector\u00eda Informan sobre vacunaci\u00f3n, trazabilidad y retorno en pandemia - Facultad de Arquitectura, Dise\u00f1o y Estudios Urbanos<\/title>\n<meta name=\"description\" content=\"En las sesiones de la Mesa COVID y en el \u00faltimo mail de Rector\u00eda se ha insistido sobre las garant\u00edas de la vacunaci\u00f3n, la necesidad de realizar trazabilidad en la comunidad UC y el retorno a los Campus una vez que las comunas pasen a Fase 2. En dicho momento, se destinar\u00e1 una semana a la limpieza y acondicionamiento de las instalaciones para recibir el retorno presencial, seg\u00fan los turnos asignados en la etapa anterior a la cuarentena.\" \/>\n<meta name=\"robots\" content=\"index, follow, max-snippet:-1, max-image-preview:large, max-video-preview:-1\" \/>\n<link rel=\"canonical\" href=\"https:\/\/fadeu.urantiacos.cl\/en\/2021\/04\/21\/mesa-covid-y-rectoria-informan-sobre-vacunacion-trazabilidad-y-retorno-en-pandemia\/\" \/>\n<meta property=\"og:locale\" content=\"en_US\" \/>\n<meta property=\"og:type\" content=\"article\" \/>\n<meta property=\"og:title\" content=\"Mesa COVID y Rector\u00eda Informan sobre vacunaci\u00f3n, trazabilidad y retorno en pandemia - Facultad de Arquitectura, Dise\u00f1o y Estudios Urbanos\" \/>\n<meta property=\"og:description\" content=\"En las sesiones de la Mesa COVID y en el \u00faltimo mail de Rector\u00eda se ha insistido sobre las garant\u00edas de la vacunaci\u00f3n, la necesidad de realizar trazabilidad en la comunidad UC y el retorno a los Campus una vez que las comunas pasen a Fase 2. En dicho momento, se destinar\u00e1 una semana a la limpieza y acondicionamiento de las instalaciones para recibir el retorno presencial, seg\u00fan los turnos asignados en la etapa anterior a la cuarentena.\" \/>\n<meta property=\"og:url\" content=\"https:\/\/fadeu.urantiacos.cl\/en\/2021\/04\/21\/mesa-covid-y-rectoria-informan-sobre-vacunacion-trazabilidad-y-retorno-en-pandemia\/\" \/>\n<meta property=\"og:site_name\" content=\"Facultad de Arquitectura, Dise\u00f1o y Estudios Urbanos\" \/>\n<meta property=\"article:published_time\" content=\"2021-04-21T15:02:00+00:00\" \/>\n<meta property=\"article:modified_time\" content=\"2023-09-08T15:05:08+00:00\" \/>\n<meta property=\"og:image\" content=\"https:\/\/fadeu.urantiacos.cl\/wp-content\/uploads\/2023\/09\/comite_covid_abril2021.jpg\" \/>\n\t<meta property=\"og:image:width\" content=\"350\" \/>\n\t<meta property=\"og:image:height\" content=\"250\" \/>\n\t<meta property=\"og:image:type\" content=\"image\/jpeg\" \/>\n<meta name=\"author\" content=\"manadmin\" \/>\n<meta name=\"twitter:card\" content=\"summary_large_image\" \/>\n<meta name=\"twitter:label1\" content=\"Written by\" \/>\n\t<meta name=\"twitter:data1\" content=\"manadmin\" \/>\n\t<meta name=\"twitter:label2\" content=\"Est. reading time\" \/>\n\t<meta name=\"twitter:data2\" content=\"3 minutes\" \/>\n<script type=\"application\/ld+json\" class=\"yoast-schema-graph\">{\"@context\":\"https:\/\/schema.org\",\"@graph\":[{\"@type\":\"Article\",\"@id\":\"https:\/\/fadeu.urantiacos.cl\/en\/2021\/04\/21\/mesa-covid-y-rectoria-informan-sobre-vacunacion-trazabilidad-y-retorno-en-pandemia\/#article\",\"isPartOf\":{\"@id\":\"https:\/\/fadeu.urantiacos.cl\/en\/2021\/04\/21\/mesa-covid-y-rectoria-informan-sobre-vacunacion-trazabilidad-y-retorno-en-pandemia\/\"},\"author\":{\"name\":\"manadmin\",\"@id\":\"https:\/\/fadeu.urantiacos.cl\/en\/#\/schema\/person\/d203e2e84b1c40275eac77b3061a19a2\"},\"headline\":\"Mesa COVID y Rector\u00eda Informan sobre vacunaci\u00f3n, trazabilidad y retorno en pandemia\",\"datePublished\":\"2021-04-21T15:02:00+00:00\",\"dateModified\":\"2023-09-08T15:05:08+00:00\",\"mainEntityOfPage\":{\"@id\":\"https:\/\/fadeu.urantiacos.cl\/en\/2021\/04\/21\/mesa-covid-y-rectoria-informan-sobre-vacunacion-trazabilidad-y-retorno-en-pandemia\/\"},\"wordCount\":564,\"commentCount\":0,\"image\":{\"@id\":\"https:\/\/fadeu.urantiacos.cl\/en\/2021\/04\/21\/mesa-covid-y-rectoria-informan-sobre-vacunacion-trazabilidad-y-retorno-en-pandemia\/#primaryimage\"},\"thumbnailUrl\":\"https:\/\/fadeu.urantiacos.cl\/wp-content\/uploads\/2023\/09\/comite_covid_abril2021.jpg\",\"articleSection\":[\"Sin categorizar\"],\"inLanguage\":\"en-US\",\"potentialAction\":[{\"@type\":\"CommentAction\",\"name\":\"Comment\",\"target\":[\"https:\/\/fadeu.urantiacos.cl\/en\/2021\/04\/21\/mesa-covid-y-rectoria-informan-sobre-vacunacion-trazabilidad-y-retorno-en-pandemia\/#respond\"]}]},{\"@type\":\"WebPage\",\"@id\":\"https:\/\/fadeu.urantiacos.cl\/en\/2021\/04\/21\/mesa-covid-y-rectoria-informan-sobre-vacunacion-trazabilidad-y-retorno-en-pandemia\/\",\"url\":\"https:\/\/fadeu.urantiacos.cl\/en\/2021\/04\/21\/mesa-covid-y-rectoria-informan-sobre-vacunacion-trazabilidad-y-retorno-en-pandemia\/\",\"name\":\"Mesa COVID y Rector\u00eda Informan sobre vacunaci\u00f3n, trazabilidad y retorno en pandemia - Facultad de Arquitectura, Dise\u00f1o y Estudios Urbanos\",\"isPartOf\":{\"@id\":\"https:\/\/fadeu.urantiacos.cl\/en\/#website\"},\"primaryImageOfPage\":{\"@id\":\"https:\/\/fadeu.urantiacos.cl\/en\/2021\/04\/21\/mesa-covid-y-rectoria-informan-sobre-vacunacion-trazabilidad-y-retorno-en-pandemia\/#primaryimage\"},\"image\":{\"@id\":\"https:\/\/fadeu.urantiacos.cl\/en\/2021\/04\/21\/mesa-covid-y-rectoria-informan-sobre-vacunacion-trazabilidad-y-retorno-en-pandemia\/#primaryimage\"},\"thumbnailUrl\":\"https:\/\/fadeu.urantiacos.cl\/wp-content\/uploads\/2023\/09\/comite_covid_abril2021.jpg\",\"datePublished\":\"2021-04-21T15:02:00+00:00\",\"dateModified\":\"2023-09-08T15:05:08+00:00\",\"author\":{\"@id\":\"https:\/\/fadeu.urantiacos.cl\/en\/#\/schema\/person\/d203e2e84b1c40275eac77b3061a19a2\"},\"description\":\"En las sesiones de la Mesa COVID y en el \u00faltimo mail de Rector\u00eda se ha insistido sobre las garant\u00edas de la vacunaci\u00f3n, la necesidad de realizar trazabilidad en la comunidad UC y el retorno a los Campus una vez que las comunas pasen a Fase 2. En dicho momento, se destinar\u00e1 una semana a la limpieza y acondicionamiento de las instalaciones para recibir el retorno presencial, seg\u00fan los turnos asignados en la etapa anterior a la cuarentena.\",\"breadcrumb\":{\"@id\":\"https:\/\/fadeu.urantiacos.cl\/en\/2021\/04\/21\/mesa-covid-y-rectoria-informan-sobre-vacunacion-trazabilidad-y-retorno-en-pandemia\/#breadcrumb\"},\"inLanguage\":\"en-US\",\"potentialAction\":[{\"@type\":\"ReadAction\",\"target\":[\"https:\/\/fadeu.urantiacos.cl\/en\/2021\/04\/21\/mesa-covid-y-rectoria-informan-sobre-vacunacion-trazabilidad-y-retorno-en-pandemia\/\"]}]},{\"@type\":\"ImageObject\",\"inLanguage\":\"en-US\",\"@id\":\"https:\/\/fadeu.urantiacos.cl\/en\/2021\/04\/21\/mesa-covid-y-rectoria-informan-sobre-vacunacion-trazabilidad-y-retorno-en-pandemia\/#primaryimage\",\"url\":\"https:\/\/fadeu.urantiacos.cl\/wp-content\/uploads\/2023\/09\/comite_covid_abril2021.jpg\",\"contentUrl\":\"https:\/\/fadeu.urantiacos.cl\/wp-content\/uploads\/2023\/09\/comite_covid_abril2021.jpg\",\"width\":350,\"height\":250},{\"@type\":\"BreadcrumbList\",\"@id\":\"https:\/\/fadeu.urantiacos.cl\/en\/2021\/04\/21\/mesa-covid-y-rectoria-informan-sobre-vacunacion-trazabilidad-y-retorno-en-pandemia\/#breadcrumb\",\"itemListElement\":[{\"@type\":\"ListItem\",\"position\":1,\"name\":\"Portada\",\"item\":\"https:\/\/fadeu.urantiacos.cl\/en\/\"},{\"@type\":\"ListItem\",\"position\":2,\"name\":\"Mesa COVID y Rector\u00eda Informan sobre vacunaci\u00f3n, trazabilidad y retorno en pandemia\"}]},{\"@type\":\"WebSite\",\"@id\":\"https:\/\/fadeu.urantiacos.cl\/en\/#website\",\"url\":\"https:\/\/fadeu.urantiacos.cl\/en\/\",\"name\":\"Facultad de Arquitectura, Dise\u00f1o y Estudios Urbanos\",\"description\":\"Campus Lo Contador\",\"potentialAction\":[{\"@type\":\"SearchAction\",\"target\":{\"@type\":\"EntryPoint\",\"urlTemplate\":\"https:\/\/fadeu.urantiacos.cl\/en\/?s={search_term_string}\"},\"query-input\":{\"@type\":\"PropertyValueSpecification\",\"valueRequired\":true,\"valueName\":\"search_term_string\"}}],\"inLanguage\":\"en-US\"},{\"@type\":\"Person\",\"@id\":\"https:\/\/fadeu.urantiacos.cl\/en\/#\/schema\/person\/d203e2e84b1c40275eac77b3061a19a2\",\"name\":\"manadmin\",\"image\":{\"@type\":\"ImageObject\",\"inLanguage\":\"en-US\",\"@id\":\"https:\/\/fadeu.urantiacos.cl\/en\/#\/schema\/person\/image\/\",\"url\":\"https:\/\/secure.gravatar.com\/avatar\/4b1d8e3303b4a9d8968ac578947d8bc80d9aea359f388cdd4aac15cadc0e8447?s=96&d=mm&r=g\",\"contentUrl\":\"https:\/\/secure.gravatar.com\/avatar\/4b1d8e3303b4a9d8968ac578947d8bc80d9aea359f388cdd4aac15cadc0e8447?s=96&d=mm&r=g\",\"caption\":\"manadmin\"},\"sameAs\":[\"https:\/\/fadeu.urantiacos.cl\"]}]}<\/script>\n<!-- \/ Yoast SEO plugin. -->","yoast_head_json":{"title":"Mesa COVID y Rector\u00eda Informan sobre vacunaci\u00f3n, trazabilidad y retorno en pandemia - Facultad de Arquitectura, Dise\u00f1o y Estudios Urbanos","description":"En las sesiones de la Mesa COVID y en el \u00faltimo mail de Rector\u00eda se ha insistido sobre las garant\u00edas de la vacunaci\u00f3n, la necesidad de realizar trazabilidad en la comunidad UC y el retorno a los Campus una vez que las comunas pasen a Fase 2. En dicho momento, se destinar\u00e1 una semana a la limpieza y acondicionamiento de las instalaciones para recibir el retorno presencial, seg\u00fan los turnos asignados en la etapa anterior a la cuarentena.","robots":{"index":"index","follow":"follow","max-snippet":"max-snippet:-1","max-image-preview":"max-image-preview:large","max-video-preview":"max-video-preview:-1"},"canonical":"https:\/\/fadeu.urantiacos.cl\/en\/2021\/04\/21\/mesa-covid-y-rectoria-informan-sobre-vacunacion-trazabilidad-y-retorno-en-pandemia\/","og_locale":"en_US","og_type":"article","og_title":"Mesa COVID y Rector\u00eda Informan sobre vacunaci\u00f3n, trazabilidad y retorno en pandemia - Facultad de Arquitectura, Dise\u00f1o y Estudios Urbanos","og_description":"En las sesiones de la Mesa COVID y en el \u00faltimo mail de Rector\u00eda se ha insistido sobre las garant\u00edas de la vacunaci\u00f3n, la necesidad de realizar trazabilidad en la comunidad UC y el retorno a los Campus una vez que las comunas pasen a Fase 2. En dicho momento, se destinar\u00e1 una semana a la limpieza y acondicionamiento de las instalaciones para recibir el retorno presencial, seg\u00fan los turnos asignados en la etapa anterior a la cuarentena.","og_url":"https:\/\/fadeu.urantiacos.cl\/en\/2021\/04\/21\/mesa-covid-y-rectoria-informan-sobre-vacunacion-trazabilidad-y-retorno-en-pandemia\/","og_site_name":"Facultad de Arquitectura, Dise\u00f1o y Estudios Urbanos","article_published_time":"2021-04-21T15:02:00+00:00","article_modified_time":"2023-09-08T15:05:08+00:00","og_image":[{"width":350,"height":250,"url":"https:\/\/fadeu.urantiacos.cl\/wp-content\/uploads\/2023\/09\/comite_covid_abril2021.jpg","type":"image\/jpeg"}],"author":"manadmin","twitter_card":"summary_large_image","twitter_misc":{"Written by":"manadmin","Est. reading time":"3 minutes"},"schema":{"@context":"https:\/\/schema.org","@graph":[{"@type":"Article","@id":"https:\/\/fadeu.urantiacos.cl\/en\/2021\/04\/21\/mesa-covid-y-rectoria-informan-sobre-vacunacion-trazabilidad-y-retorno-en-pandemia\/#article","isPartOf":{"@id":"https:\/\/fadeu.urantiacos.cl\/en\/2021\/04\/21\/mesa-covid-y-rectoria-informan-sobre-vacunacion-trazabilidad-y-retorno-en-pandemia\/"},"author":{"name":"manadmin","@id":"https:\/\/fadeu.urantiacos.cl\/en\/#\/schema\/person\/d203e2e84b1c40275eac77b3061a19a2"},"headline":"Mesa COVID y Rector\u00eda Informan sobre vacunaci\u00f3n, trazabilidad y retorno en pandemia","datePublished":"2021-04-21T15:02:00+00:00","dateModified":"2023-09-08T15:05:08+00:00","mainEntityOfPage":{"@id":"https:\/\/fadeu.urantiacos.cl\/en\/2021\/04\/21\/mesa-covid-y-rectoria-informan-sobre-vacunacion-trazabilidad-y-retorno-en-pandemia\/"},"wordCount":564,"commentCount":0,"image":{"@id":"https:\/\/fadeu.urantiacos.cl\/en\/2021\/04\/21\/mesa-covid-y-rectoria-informan-sobre-vacunacion-trazabilidad-y-retorno-en-pandemia\/#primaryimage"},"thumbnailUrl":"https:\/\/fadeu.urantiacos.cl\/wp-content\/uploads\/2023\/09\/comite_covid_abril2021.jpg","articleSection":["Sin categorizar"],"inLanguage":"en-US","potentialAction":[{"@type":"CommentAction","name":"Comment","target":["https:\/\/fadeu.urantiacos.cl\/en\/2021\/04\/21\/mesa-covid-y-rectoria-informan-sobre-vacunacion-trazabilidad-y-retorno-en-pandemia\/#respond"]}]},{"@type":"WebPage","@id":"https:\/\/fadeu.urantiacos.cl\/en\/2021\/04\/21\/mesa-covid-y-rectoria-informan-sobre-vacunacion-trazabilidad-y-retorno-en-pandemia\/","url":"https:\/\/fadeu.urantiacos.cl\/en\/2021\/04\/21\/mesa-covid-y-rectoria-informan-sobre-vacunacion-trazabilidad-y-retorno-en-pandemia\/","name":"Mesa COVID y Rector\u00eda Informan sobre vacunaci\u00f3n, trazabilidad y retorno en pandemia - Facultad de Arquitectura, Dise\u00f1o y Estudios Urbanos","isPartOf":{"@id":"https:\/\/fadeu.urantiacos.cl\/en\/#website"},"primaryImageOfPage":{"@id":"https:\/\/fadeu.urantiacos.cl\/en\/2021\/04\/21\/mesa-covid-y-rectoria-informan-sobre-vacunacion-trazabilidad-y-retorno-en-pandemia\/#primaryimage"},"image":{"@id":"https:\/\/fadeu.urantiacos.cl\/en\/2021\/04\/21\/mesa-covid-y-rectoria-informan-sobre-vacunacion-trazabilidad-y-retorno-en-pandemia\/#primaryimage"},"thumbnailUrl":"https:\/\/fadeu.urantiacos.cl\/wp-content\/uploads\/2023\/09\/comite_covid_abril2021.jpg","datePublished":"2021-04-21T15:02:00+00:00","dateModified":"2023-09-08T15:05:08+00:00","author":{"@id":"https:\/\/fadeu.urantiacos.cl\/en\/#\/schema\/person\/d203e2e84b1c40275eac77b3061a19a2"},"description":"En las sesiones de la Mesa COVID y en el \u00faltimo mail de Rector\u00eda se ha insistido sobre las garant\u00edas de la vacunaci\u00f3n, la necesidad de realizar trazabilidad en la comunidad UC y el retorno a los Campus una vez que las comunas pasen a Fase 2. En dicho momento, se destinar\u00e1 una semana a la limpieza y acondicionamiento de las instalaciones para recibir el retorno presencial, seg\u00fan los turnos asignados en la etapa anterior a la cuarentena.","breadcrumb":{"@id":"https:\/\/fadeu.urantiacos.cl\/en\/2021\/04\/21\/mesa-covid-y-rectoria-informan-sobre-vacunacion-trazabilidad-y-retorno-en-pandemia\/#breadcrumb"},"inLanguage":"en-US","potentialAction":[{"@type":"ReadAction","target":["https:\/\/fadeu.urantiacos.cl\/en\/2021\/04\/21\/mesa-covid-y-rectoria-informan-sobre-vacunacion-trazabilidad-y-retorno-en-pandemia\/"]}]},{"@type":"ImageObject","inLanguage":"en-US","@id":"https:\/\/fadeu.urantiacos.cl\/en\/2021\/04\/21\/mesa-covid-y-rectoria-informan-sobre-vacunacion-trazabilidad-y-retorno-en-pandemia\/#primaryimage","url":"https:\/\/fadeu.urantiacos.cl\/wp-content\/uploads\/2023\/09\/comite_covid_abril2021.jpg","contentUrl":"https:\/\/fadeu.urantiacos.cl\/wp-content\/uploads\/2023\/09\/comite_covid_abril2021.jpg","width":350,"height":250},{"@type":"BreadcrumbList","@id":"https:\/\/fadeu.urantiacos.cl\/en\/2021\/04\/21\/mesa-covid-y-rectoria-informan-sobre-vacunacion-trazabilidad-y-retorno-en-pandemia\/#breadcrumb","itemListElement":[{"@type":"ListItem","position":1,"name":"Portada","item":"https:\/\/fadeu.urantiacos.cl\/en\/"},{"@type":"ListItem","position":2,"name":"Mesa COVID y Rector\u00eda Informan sobre vacunaci\u00f3n, trazabilidad y retorno en pandemia"}]},{"@type":"WebSite","@id":"https:\/\/fadeu.urantiacos.cl\/en\/#website","url":"https:\/\/fadeu.urantiacos.cl\/en\/","name":"Facultad de Arquitectura, Dise\u00f1o y Estudios Urbanos","description":"Campus Lo Contador","potentialAction":[{"@type":"SearchAction","target":{"@type":"EntryPoint","urlTemplate":"https:\/\/fadeu.urantiacos.cl\/en\/?s={search_term_string}"},"query-input":{"@type":"PropertyValueSpecification","valueRequired":true,"valueName":"search_term_string"}}],"inLanguage":"en-US"},{"@type":"Person","@id":"https:\/\/fadeu.urantiacos.cl\/en\/#\/schema\/person\/d203e2e84b1c40275eac77b3061a19a2","name":"manadmin","image":{"@type":"ImageObject","inLanguage":"en-US","@id":"https:\/\/fadeu.urantiacos.cl\/en\/#\/schema\/person\/image\/","url":"https:\/\/secure.gravatar.com\/avatar\/4b1d8e3303b4a9d8968ac578947d8bc80d9aea359f388cdd4aac15cadc0e8447?s=96&d=mm&r=g","contentUrl":"https:\/\/secure.gravatar.com\/avatar\/4b1d8e3303b4a9d8968ac578947d8bc80d9aea359f388cdd4aac15cadc0e8447?s=96&d=mm&r=g","caption":"manadmin"},"sameAs":["https:\/\/fadeu.urantiacos.cl"]}]}},"_links":{"self":[{"href":"https:\/\/fadeu.urantiacos.cl\/en\/wp-json\/wp\/v2\/posts\/7159","targetHints":{"allow":["GET"]}}],"collection":[{"href":"https:\/\/fadeu.urantiacos.cl\/en\/wp-json\/wp\/v2\/posts"}],"about":[{"href":"https:\/\/fadeu.urantiacos.cl\/en\/wp-json\/wp\/v2\/types\/post"}],"author":[{"embeddable":true,"href":"https:\/\/fadeu.urantiacos.cl\/en\/wp-json\/wp\/v2\/users\/1"}],"replies":[{"embeddable":true,"href":"https:\/\/fadeu.urantiacos.cl\/en\/wp-json\/wp\/v2\/comments?post=7159"}],"version-history":[{"count":1,"href":"https:\/\/fadeu.urantiacos.cl\/en\/wp-json\/wp\/v2\/posts\/7159\/revisions"}],"predecessor-version":[{"id":7162,"href":"https:\/\/fadeu.urantiacos.cl\/en\/wp-json\/wp\/v2\/posts\/7159\/revisions\/7162"}],"wp:featuredmedia":[{"embeddable":true,"href":"https:\/\/fadeu.urantiacos.cl\/en\/wp-json\/wp\/v2\/media\/7160"}],"wp:attachment":[{"href":"https:\/\/fadeu.urantiacos.cl\/en\/wp-json\/wp\/v2\/media?parent=7159"}],"wp:term":[{"taxonomy":"category","embeddable":true,"href":"https:\/\/fadeu.urantiacos.cl\/en\/wp-json\/wp\/v2\/categories?post=7159"},{"taxonomy":"post_tag","embeddable":true,"href":"https:\/\/fadeu.urantiacos.cl\/en\/wp-json\/wp\/v2\/tags?post=7159"}],"curies":[{"name":"wp","href":"https:\/\/api.w.org\/{rel}","templated":true}]}}