{"id":7152,"date":"2021-04-21T11:58:00","date_gmt":"2021-04-21T14:58:00","guid":{"rendered":"https:\/\/fadeu.urantiacos.cl\/?p=7152"},"modified":"2023-09-08T12:00:30","modified_gmt":"2023-09-08T15:00:30","slug":"tomas-vivanco-es-reconocido-dentro-de-los-100-lideres-innovadores-el-mercurio","status":"publish","type":"post","link":"https:\/\/fadeu.urantiacos.cl\/en\/2021\/04\/21\/tomas-vivanco-es-reconocido-dentro-de-los-100-lideres-innovadores-el-mercurio\/","title":{"rendered":"Tom\u00e1s Vivanco es reconocido dentro de los 100 l\u00edderes Innovadores El Mercurio"},"content":{"rendered":"\n<figure class=\"wp-block-image size-full\"><img decoding=\"async\" width=\"350\" height=\"250\" src=\"https:\/\/fadeu.urantiacos.cl\/wp-content\/uploads\/2023\/09\/tomas_vivanco_abril_.png\" alt=\"\" class=\"wp-image-7153\" srcset=\"https:\/\/fadeu.urantiacos.cl\/wp-content\/uploads\/2023\/09\/tomas_vivanco_abril_.png 350w, https:\/\/fadeu.urantiacos.cl\/wp-content\/uploads\/2023\/09\/tomas_vivanco_abril_-300x214.png 300w\" sizes=\"(max-width: 350px) 100vw, 350px\" \/><\/figure>\n\n\n\n<p>\u201cA\u00fan existe mucho margen de mejora y desarrollo en el \u00e1mbito de la industria 4.0, en espec\u00edfico en \u00e1reas como la Biolog\u00eda y Medicina para la impresi\u00f3n de c\u00e9lulas y organismos vivos\u2026La pandemia ha acelerado y fortalecido ciertos procesos productivos, la impresi\u00f3n 3d es una de ellas\u201d, explica Vivanco.<\/p>\n\n\n\n<figure class=\"wp-block-image size-full\"><img decoding=\"async\" width=\"394\" height=\"438\" src=\"https:\/\/fadeu.urantiacos.cl\/wp-content\/uploads\/2023\/09\/Captura-de-pantalla-2021-04-26-a-las-16.32.25.png\" alt=\"\" class=\"wp-image-7154\" srcset=\"https:\/\/fadeu.urantiacos.cl\/wp-content\/uploads\/2023\/09\/Captura-de-pantalla-2021-04-26-a-las-16.32.25.png 394w, https:\/\/fadeu.urantiacos.cl\/wp-content\/uploads\/2023\/09\/Captura-de-pantalla-2021-04-26-a-las-16.32.25-270x300.png 270w\" sizes=\"(max-width: 394px) 100vw, 394px\" \/><\/figure>\n","protected":false},"excerpt":{"rendered":"<p>El acad\u00e9mico Tom\u00e1s Vivanco fue destacado por el Cuerpo de Innovaci\u00f3n de El Mercurio en su edici\u00f3n n\u00famero 100, con su visi\u00f3n sobre el futuro de la impresi\u00f3n 3d en Chile, junto con la de 100 l\u00edderes y personas destacadas del mundo de la innovaci\u00f3n.<\/p>\n","protected":false},"author":1,"featured_media":7153,"comment_status":"open","ping_status":"open","sticky":false,"template":"","format":"standard","meta":{"_acf_changed":false,"footnotes":""},"categories":[1],"tags":[],"class_list":["post-7152","post","type-post","status-publish","format-standard","has-post-thumbnail","hentry","category-sin-categorizar"],"acf":[],"yoast_head":"<!-- This site is optimized with the Yoast SEO plugin v27.1.1 - https:\/\/yoast.com\/product\/yoast-seo-wordpress\/ -->\n<title>Tom\u00e1s Vivanco es reconocido dentro de los 100 l\u00edderes Innovadores El Mercurio - Facultad de Arquitectura, Dise\u00f1o y Estudios Urbanos<\/title>\n<meta name=\"description\" content=\"El acad\u00e9mico Tom\u00e1s Vivanco fue destacado por el Cuerpo de Innovaci\u00f3n de El Mercurio en su edici\u00f3n n\u00famero 100, con su visi\u00f3n sobre el futuro de la impresi\u00f3n 3d en Chile, junto con la de 100 l\u00edderes y personas destacadas del mundo de la innovaci\u00f3n.\" \/>\n<meta name=\"robots\" content=\"index, follow, max-snippet:-1, max-image-preview:large, max-video-preview:-1\" \/>\n<link rel=\"canonical\" href=\"https:\/\/fadeu.urantiacos.cl\/en\/2021\/04\/21\/tomas-vivanco-es-reconocido-dentro-de-los-100-lideres-innovadores-el-mercurio\/\" \/>\n<meta property=\"og:locale\" content=\"en_US\" \/>\n<meta property=\"og:type\" content=\"article\" \/>\n<meta property=\"og:title\" content=\"Tom\u00e1s Vivanco es reconocido dentro de los 100 l\u00edderes Innovadores El Mercurio - Facultad de Arquitectura, Dise\u00f1o y Estudios Urbanos\" \/>\n<meta property=\"og:description\" content=\"El acad\u00e9mico Tom\u00e1s Vivanco fue destacado por el Cuerpo de Innovaci\u00f3n de El Mercurio en su edici\u00f3n n\u00famero 100, con su visi\u00f3n sobre el futuro de la impresi\u00f3n 3d en Chile, junto con la de 100 l\u00edderes y personas destacadas del mundo de la innovaci\u00f3n.\" \/>\n<meta property=\"og:url\" content=\"https:\/\/fadeu.urantiacos.cl\/en\/2021\/04\/21\/tomas-vivanco-es-reconocido-dentro-de-los-100-lideres-innovadores-el-mercurio\/\" \/>\n<meta property=\"og:site_name\" content=\"Facultad de Arquitectura, Dise\u00f1o y Estudios Urbanos\" \/>\n<meta property=\"article:published_time\" content=\"2021-04-21T14:58:00+00:00\" \/>\n<meta property=\"article:modified_time\" content=\"2023-09-08T15:00:30+00:00\" \/>\n<meta property=\"og:image\" content=\"https:\/\/fadeu.urantiacos.cl\/wp-content\/uploads\/2023\/09\/tomas_vivanco_abril_.png\" \/>\n\t<meta property=\"og:image:width\" content=\"350\" \/>\n\t<meta property=\"og:image:height\" content=\"250\" \/>\n\t<meta property=\"og:image:type\" content=\"image\/png\" \/>\n<meta name=\"author\" content=\"manadmin\" \/>\n<meta name=\"twitter:card\" content=\"summary_large_image\" \/>\n<meta name=\"twitter:label1\" content=\"Written by\" \/>\n\t<meta name=\"twitter:data1\" content=\"manadmin\" \/>\n<script type=\"application\/ld+json\" class=\"yoast-schema-graph\">{\"@context\":\"https:\/\/schema.org\",\"@graph\":[{\"@type\":\"Article\",\"@id\":\"https:\/\/fadeu.urantiacos.cl\/en\/2021\/04\/21\/tomas-vivanco-es-reconocido-dentro-de-los-100-lideres-innovadores-el-mercurio\/#article\",\"isPartOf\":{\"@id\":\"https:\/\/fadeu.urantiacos.cl\/en\/2021\/04\/21\/tomas-vivanco-es-reconocido-dentro-de-los-100-lideres-innovadores-el-mercurio\/\"},\"author\":{\"name\":\"manadmin\",\"@id\":\"https:\/\/fadeu.urantiacos.cl\/en\/#\/schema\/person\/d203e2e84b1c40275eac77b3061a19a2\"},\"headline\":\"Tom\u00e1s Vivanco es reconocido dentro de los 100 l\u00edderes Innovadores El Mercurio\",\"datePublished\":\"2021-04-21T14:58:00+00:00\",\"dateModified\":\"2023-09-08T15:00:30+00:00\",\"mainEntityOfPage\":{\"@id\":\"https:\/\/fadeu.urantiacos.cl\/en\/2021\/04\/21\/tomas-vivanco-es-reconocido-dentro-de-los-100-lideres-innovadores-el-mercurio\/\"},\"wordCount\":68,\"commentCount\":0,\"image\":{\"@id\":\"https:\/\/fadeu.urantiacos.cl\/en\/2021\/04\/21\/tomas-vivanco-es-reconocido-dentro-de-los-100-lideres-innovadores-el-mercurio\/#primaryimage\"},\"thumbnailUrl\":\"https:\/\/fadeu.urantiacos.cl\/wp-content\/uploads\/2023\/09\/tomas_vivanco_abril_.png\",\"articleSection\":[\"Sin categorizar\"],\"inLanguage\":\"en-US\",\"potentialAction\":[{\"@type\":\"CommentAction\",\"name\":\"Comment\",\"target\":[\"https:\/\/fadeu.urantiacos.cl\/en\/2021\/04\/21\/tomas-vivanco-es-reconocido-dentro-de-los-100-lideres-innovadores-el-mercurio\/#respond\"]}]},{\"@type\":\"WebPage\",\"@id\":\"https:\/\/fadeu.urantiacos.cl\/en\/2021\/04\/21\/tomas-vivanco-es-reconocido-dentro-de-los-100-lideres-innovadores-el-mercurio\/\",\"url\":\"https:\/\/fadeu.urantiacos.cl\/en\/2021\/04\/21\/tomas-vivanco-es-reconocido-dentro-de-los-100-lideres-innovadores-el-mercurio\/\",\"name\":\"Tom\u00e1s Vivanco es reconocido dentro de los 100 l\u00edderes Innovadores El Mercurio - Facultad de Arquitectura, Dise\u00f1o y Estudios Urbanos\",\"isPartOf\":{\"@id\":\"https:\/\/fadeu.urantiacos.cl\/en\/#website\"},\"primaryImageOfPage\":{\"@id\":\"https:\/\/fadeu.urantiacos.cl\/en\/2021\/04\/21\/tomas-vivanco-es-reconocido-dentro-de-los-100-lideres-innovadores-el-mercurio\/#primaryimage\"},\"image\":{\"@id\":\"https:\/\/fadeu.urantiacos.cl\/en\/2021\/04\/21\/tomas-vivanco-es-reconocido-dentro-de-los-100-lideres-innovadores-el-mercurio\/#primaryimage\"},\"thumbnailUrl\":\"https:\/\/fadeu.urantiacos.cl\/wp-content\/uploads\/2023\/09\/tomas_vivanco_abril_.png\",\"datePublished\":\"2021-04-21T14:58:00+00:00\",\"dateModified\":\"2023-09-08T15:00:30+00:00\",\"author\":{\"@id\":\"https:\/\/fadeu.urantiacos.cl\/en\/#\/schema\/person\/d203e2e84b1c40275eac77b3061a19a2\"},\"description\":\"El acad\u00e9mico Tom\u00e1s Vivanco fue destacado por el Cuerpo de Innovaci\u00f3n de El Mercurio en su edici\u00f3n n\u00famero 100, con su visi\u00f3n sobre el futuro de la impresi\u00f3n 3d en Chile, junto con la de 100 l\u00edderes y personas destacadas del mundo de la innovaci\u00f3n.\",\"breadcrumb\":{\"@id\":\"https:\/\/fadeu.urantiacos.cl\/en\/2021\/04\/21\/tomas-vivanco-es-reconocido-dentro-de-los-100-lideres-innovadores-el-mercurio\/#breadcrumb\"},\"inLanguage\":\"en-US\",\"potentialAction\":[{\"@type\":\"ReadAction\",\"target\":[\"https:\/\/fadeu.urantiacos.cl\/en\/2021\/04\/21\/tomas-vivanco-es-reconocido-dentro-de-los-100-lideres-innovadores-el-mercurio\/\"]}]},{\"@type\":\"ImageObject\",\"inLanguage\":\"en-US\",\"@id\":\"https:\/\/fadeu.urantiacos.cl\/en\/2021\/04\/21\/tomas-vivanco-es-reconocido-dentro-de-los-100-lideres-innovadores-el-mercurio\/#primaryimage\",\"url\":\"https:\/\/fadeu.urantiacos.cl\/wp-content\/uploads\/2023\/09\/tomas_vivanco_abril_.png\",\"contentUrl\":\"https:\/\/fadeu.urantiacos.cl\/wp-content\/uploads\/2023\/09\/tomas_vivanco_abril_.png\",\"width\":350,\"height\":250},{\"@type\":\"BreadcrumbList\",\"@id\":\"https:\/\/fadeu.urantiacos.cl\/en\/2021\/04\/21\/tomas-vivanco-es-reconocido-dentro-de-los-100-lideres-innovadores-el-mercurio\/#breadcrumb\",\"itemListElement\":[{\"@type\":\"ListItem\",\"position\":1,\"name\":\"Portada\",\"item\":\"https:\/\/fadeu.urantiacos.cl\/en\/\"},{\"@type\":\"ListItem\",\"position\":2,\"name\":\"Tom\u00e1s Vivanco es reconocido dentro de los 100 l\u00edderes Innovadores El Mercurio\"}]},{\"@type\":\"WebSite\",\"@id\":\"https:\/\/fadeu.urantiacos.cl\/en\/#website\",\"url\":\"https:\/\/fadeu.urantiacos.cl\/en\/\",\"name\":\"Facultad de Arquitectura, Dise\u00f1o y Estudios Urbanos\",\"description\":\"Campus Lo Contador\",\"potentialAction\":[{\"@type\":\"SearchAction\",\"target\":{\"@type\":\"EntryPoint\",\"urlTemplate\":\"https:\/\/fadeu.urantiacos.cl\/en\/?s={search_term_string}\"},\"query-input\":{\"@type\":\"PropertyValueSpecification\",\"valueRequired\":true,\"valueName\":\"search_term_string\"}}],\"inLanguage\":\"en-US\"},{\"@type\":\"Person\",\"@id\":\"https:\/\/fadeu.urantiacos.cl\/en\/#\/schema\/person\/d203e2e84b1c40275eac77b3061a19a2\",\"name\":\"manadmin\",\"image\":{\"@type\":\"ImageObject\",\"inLanguage\":\"en-US\",\"@id\":\"https:\/\/fadeu.urantiacos.cl\/en\/#\/schema\/person\/image\/\",\"url\":\"https:\/\/secure.gravatar.com\/avatar\/4b1d8e3303b4a9d8968ac578947d8bc80d9aea359f388cdd4aac15cadc0e8447?s=96&d=mm&r=g\",\"contentUrl\":\"https:\/\/secure.gravatar.com\/avatar\/4b1d8e3303b4a9d8968ac578947d8bc80d9aea359f388cdd4aac15cadc0e8447?s=96&d=mm&r=g\",\"caption\":\"manadmin\"},\"sameAs\":[\"https:\/\/fadeu.urantiacos.cl\"]}]}<\/script>\n<!-- \/ Yoast SEO plugin. -->","yoast_head_json":{"title":"Tom\u00e1s Vivanco es reconocido dentro de los 100 l\u00edderes Innovadores El Mercurio - Facultad de Arquitectura, Dise\u00f1o y Estudios Urbanos","description":"El acad\u00e9mico Tom\u00e1s Vivanco fue destacado por el Cuerpo de Innovaci\u00f3n de El Mercurio en su edici\u00f3n n\u00famero 100, con su visi\u00f3n sobre el futuro de la impresi\u00f3n 3d en Chile, junto con la de 100 l\u00edderes y personas destacadas del mundo de la innovaci\u00f3n.","robots":{"index":"index","follow":"follow","max-snippet":"max-snippet:-1","max-image-preview":"max-image-preview:large","max-video-preview":"max-video-preview:-1"},"canonical":"https:\/\/fadeu.urantiacos.cl\/en\/2021\/04\/21\/tomas-vivanco-es-reconocido-dentro-de-los-100-lideres-innovadores-el-mercurio\/","og_locale":"en_US","og_type":"article","og_title":"Tom\u00e1s Vivanco es reconocido dentro de los 100 l\u00edderes Innovadores El Mercurio - Facultad de Arquitectura, Dise\u00f1o y Estudios Urbanos","og_description":"El acad\u00e9mico Tom\u00e1s Vivanco fue destacado por el Cuerpo de Innovaci\u00f3n de El Mercurio en su edici\u00f3n n\u00famero 100, con su visi\u00f3n sobre el futuro de la impresi\u00f3n 3d en Chile, junto con la de 100 l\u00edderes y personas destacadas del mundo de la innovaci\u00f3n.","og_url":"https:\/\/fadeu.urantiacos.cl\/en\/2021\/04\/21\/tomas-vivanco-es-reconocido-dentro-de-los-100-lideres-innovadores-el-mercurio\/","og_site_name":"Facultad de Arquitectura, Dise\u00f1o y Estudios Urbanos","article_published_time":"2021-04-21T14:58:00+00:00","article_modified_time":"2023-09-08T15:00:30+00:00","og_image":[{"width":350,"height":250,"url":"https:\/\/fadeu.urantiacos.cl\/wp-content\/uploads\/2023\/09\/tomas_vivanco_abril_.png","type":"image\/png"}],"author":"manadmin","twitter_card":"summary_large_image","twitter_misc":{"Written by":"manadmin"},"schema":{"@context":"https:\/\/schema.org","@graph":[{"@type":"Article","@id":"https:\/\/fadeu.urantiacos.cl\/en\/2021\/04\/21\/tomas-vivanco-es-reconocido-dentro-de-los-100-lideres-innovadores-el-mercurio\/#article","isPartOf":{"@id":"https:\/\/fadeu.urantiacos.cl\/en\/2021\/04\/21\/tomas-vivanco-es-reconocido-dentro-de-los-100-lideres-innovadores-el-mercurio\/"},"author":{"name":"manadmin","@id":"https:\/\/fadeu.urantiacos.cl\/en\/#\/schema\/person\/d203e2e84b1c40275eac77b3061a19a2"},"headline":"Tom\u00e1s Vivanco es reconocido dentro de los 100 l\u00edderes Innovadores El Mercurio","datePublished":"2021-04-21T14:58:00+00:00","dateModified":"2023-09-08T15:00:30+00:00","mainEntityOfPage":{"@id":"https:\/\/fadeu.urantiacos.cl\/en\/2021\/04\/21\/tomas-vivanco-es-reconocido-dentro-de-los-100-lideres-innovadores-el-mercurio\/"},"wordCount":68,"commentCount":0,"image":{"@id":"https:\/\/fadeu.urantiacos.cl\/en\/2021\/04\/21\/tomas-vivanco-es-reconocido-dentro-de-los-100-lideres-innovadores-el-mercurio\/#primaryimage"},"thumbnailUrl":"https:\/\/fadeu.urantiacos.cl\/wp-content\/uploads\/2023\/09\/tomas_vivanco_abril_.png","articleSection":["Sin categorizar"],"inLanguage":"en-US","potentialAction":[{"@type":"CommentAction","name":"Comment","target":["https:\/\/fadeu.urantiacos.cl\/en\/2021\/04\/21\/tomas-vivanco-es-reconocido-dentro-de-los-100-lideres-innovadores-el-mercurio\/#respond"]}]},{"@type":"WebPage","@id":"https:\/\/fadeu.urantiacos.cl\/en\/2021\/04\/21\/tomas-vivanco-es-reconocido-dentro-de-los-100-lideres-innovadores-el-mercurio\/","url":"https:\/\/fadeu.urantiacos.cl\/en\/2021\/04\/21\/tomas-vivanco-es-reconocido-dentro-de-los-100-lideres-innovadores-el-mercurio\/","name":"Tom\u00e1s Vivanco es reconocido dentro de los 100 l\u00edderes Innovadores El Mercurio - Facultad de Arquitectura, Dise\u00f1o y Estudios Urbanos","isPartOf":{"@id":"https:\/\/fadeu.urantiacos.cl\/en\/#website"},"primaryImageOfPage":{"@id":"https:\/\/fadeu.urantiacos.cl\/en\/2021\/04\/21\/tomas-vivanco-es-reconocido-dentro-de-los-100-lideres-innovadores-el-mercurio\/#primaryimage"},"image":{"@id":"https:\/\/fadeu.urantiacos.cl\/en\/2021\/04\/21\/tomas-vivanco-es-reconocido-dentro-de-los-100-lideres-innovadores-el-mercurio\/#primaryimage"},"thumbnailUrl":"https:\/\/fadeu.urantiacos.cl\/wp-content\/uploads\/2023\/09\/tomas_vivanco_abril_.png","datePublished":"2021-04-21T14:58:00+00:00","dateModified":"2023-09-08T15:00:30+00:00","author":{"@id":"https:\/\/fadeu.urantiacos.cl\/en\/#\/schema\/person\/d203e2e84b1c40275eac77b3061a19a2"},"description":"El acad\u00e9mico Tom\u00e1s Vivanco fue destacado por el Cuerpo de Innovaci\u00f3n de El Mercurio en su edici\u00f3n n\u00famero 100, con su visi\u00f3n sobre el futuro de la impresi\u00f3n 3d en Chile, junto con la de 100 l\u00edderes y personas destacadas del mundo de la innovaci\u00f3n.","breadcrumb":{"@id":"https:\/\/fadeu.urantiacos.cl\/en\/2021\/04\/21\/tomas-vivanco-es-reconocido-dentro-de-los-100-lideres-innovadores-el-mercurio\/#breadcrumb"},"inLanguage":"en-US","potentialAction":[{"@type":"ReadAction","target":["https:\/\/fadeu.urantiacos.cl\/en\/2021\/04\/21\/tomas-vivanco-es-reconocido-dentro-de-los-100-lideres-innovadores-el-mercurio\/"]}]},{"@type":"ImageObject","inLanguage":"en-US","@id":"https:\/\/fadeu.urantiacos.cl\/en\/2021\/04\/21\/tomas-vivanco-es-reconocido-dentro-de-los-100-lideres-innovadores-el-mercurio\/#primaryimage","url":"https:\/\/fadeu.urantiacos.cl\/wp-content\/uploads\/2023\/09\/tomas_vivanco_abril_.png","contentUrl":"https:\/\/fadeu.urantiacos.cl\/wp-content\/uploads\/2023\/09\/tomas_vivanco_abril_.png","width":350,"height":250},{"@type":"BreadcrumbList","@id":"https:\/\/fadeu.urantiacos.cl\/en\/2021\/04\/21\/tomas-vivanco-es-reconocido-dentro-de-los-100-lideres-innovadores-el-mercurio\/#breadcrumb","itemListElement":[{"@type":"ListItem","position":1,"name":"Portada","item":"https:\/\/fadeu.urantiacos.cl\/en\/"},{"@type":"ListItem","position":2,"name":"Tom\u00e1s Vivanco es reconocido dentro de los 100 l\u00edderes Innovadores El Mercurio"}]},{"@type":"WebSite","@id":"https:\/\/fadeu.urantiacos.cl\/en\/#website","url":"https:\/\/fadeu.urantiacos.cl\/en\/","name":"Facultad de Arquitectura, Dise\u00f1o y Estudios Urbanos","description":"Campus Lo Contador","potentialAction":[{"@type":"SearchAction","target":{"@type":"EntryPoint","urlTemplate":"https:\/\/fadeu.urantiacos.cl\/en\/?s={search_term_string}"},"query-input":{"@type":"PropertyValueSpecification","valueRequired":true,"valueName":"search_term_string"}}],"inLanguage":"en-US"},{"@type":"Person","@id":"https:\/\/fadeu.urantiacos.cl\/en\/#\/schema\/person\/d203e2e84b1c40275eac77b3061a19a2","name":"manadmin","image":{"@type":"ImageObject","inLanguage":"en-US","@id":"https:\/\/fadeu.urantiacos.cl\/en\/#\/schema\/person\/image\/","url":"https:\/\/secure.gravatar.com\/avatar\/4b1d8e3303b4a9d8968ac578947d8bc80d9aea359f388cdd4aac15cadc0e8447?s=96&d=mm&r=g","contentUrl":"https:\/\/secure.gravatar.com\/avatar\/4b1d8e3303b4a9d8968ac578947d8bc80d9aea359f388cdd4aac15cadc0e8447?s=96&d=mm&r=g","caption":"manadmin"},"sameAs":["https:\/\/fadeu.urantiacos.cl"]}]}},"_links":{"self":[{"href":"https:\/\/fadeu.urantiacos.cl\/en\/wp-json\/wp\/v2\/posts\/7152","targetHints":{"allow":["GET"]}}],"collection":[{"href":"https:\/\/fadeu.urantiacos.cl\/en\/wp-json\/wp\/v2\/posts"}],"about":[{"href":"https:\/\/fadeu.urantiacos.cl\/en\/wp-json\/wp\/v2\/types\/post"}],"author":[{"embeddable":true,"href":"https:\/\/fadeu.urantiacos.cl\/en\/wp-json\/wp\/v2\/users\/1"}],"replies":[{"embeddable":true,"href":"https:\/\/fadeu.urantiacos.cl\/en\/wp-json\/wp\/v2\/comments?post=7152"}],"version-history":[{"count":1,"href":"https:\/\/fadeu.urantiacos.cl\/en\/wp-json\/wp\/v2\/posts\/7152\/revisions"}],"predecessor-version":[{"id":7155,"href":"https:\/\/fadeu.urantiacos.cl\/en\/wp-json\/wp\/v2\/posts\/7152\/revisions\/7155"}],"wp:featuredmedia":[{"embeddable":true,"href":"https:\/\/fadeu.urantiacos.cl\/en\/wp-json\/wp\/v2\/media\/7153"}],"wp:attachment":[{"href":"https:\/\/fadeu.urantiacos.cl\/en\/wp-json\/wp\/v2\/media?parent=7152"}],"wp:term":[{"taxonomy":"category","embeddable":true,"href":"https:\/\/fadeu.urantiacos.cl\/en\/wp-json\/wp\/v2\/categories?post=7152"},{"taxonomy":"post_tag","embeddable":true,"href":"https:\/\/fadeu.urantiacos.cl\/en\/wp-json\/wp\/v2\/tags?post=7152"}],"curies":[{"name":"wp","href":"https:\/\/api.w.org\/{rel}","templated":true}]}}