{"id":7144,"date":"2021-04-21T11:54:00","date_gmt":"2021-04-21T14:54:00","guid":{"rendered":"https:\/\/fadeu.urantiacos.cl\/?p=7144"},"modified":"2023-09-08T11:55:46","modified_gmt":"2023-09-08T14:55:46","slug":"rector-invito-a-funcionarios-a-mantener-el-autocuidado-y-la-actitud-resiliente","status":"publish","type":"post","link":"https:\/\/fadeu.urantiacos.cl\/en\/2021\/04\/21\/rector-invito-a-funcionarios-a-mantener-el-autocuidado-y-la-actitud-resiliente\/","title":{"rendered":"Rector invit\u00f3 a funcionarios a mantener el autocuidado y la actitud resiliente"},"content":{"rendered":"\n<figure class=\"wp-block-image size-full\"><img decoding=\"async\" width=\"350\" height=\"250\" src=\"https:\/\/fadeu.urantiacos.cl\/wp-content\/uploads\/2023\/09\/imgpreview_web.jpg\" alt=\"\" class=\"wp-image-7145\" srcset=\"https:\/\/fadeu.urantiacos.cl\/wp-content\/uploads\/2023\/09\/imgpreview_web.jpg 350w, https:\/\/fadeu.urantiacos.cl\/wp-content\/uploads\/2023\/09\/imgpreview_web-300x214.jpg 300w\" sizes=\"(max-width: 350px) 100vw, 350px\" \/><\/figure>\n\n\n\n<p>\u201cVamos a regresar al trabajo presencial en cuanto sea posible, siempre que sea seguro desde el punto de vista sanitario. Igualmente con el estudio, clases y laboratorios presenciales\u201d, as\u00ed inform\u00f3 el rector Ignacio S\u00e1nchez a casi 800 funcionarios y profesionales de la UC en una reuni\u00f3n virtual.&nbsp;En la ocasi\u00f3n estuvo disponible para conversar acerca de las principales inquietudes de los asistentes.<\/p>\n\n\n\n<p>Al comenzar la reuni\u00f3n, el rector hizo un peque\u00f1o resumen acerca de los principales hitos de la casa de estudios durante los dos \u00faltimos meses.&nbsp;Especialmente se refiri\u00f3 a la nueva cuarentena, que afecta a todos los campus UC, por lo cual se han estado realizando clases y trabajo de manera remota.<\/p>\n\n\n\n<p>Al respecto, agradeci\u00f3 a la comunidad que ha hecho importantes esfuerzos para&nbsp;mantener funcionando a la instituci\u00f3n&nbsp;y seguir realizando sus labores a la distancia.<\/p>\n\n\n\n<p>Expres\u00f3 que se est\u00e1 evaluando cuidadosamente la manera en que se va a poder regresar a la presencialidad, poniendo en primer lugar la salud de funcionarios y estudiantes de la universidad. \u201cEn la medida que las condiciones sanitarias lo permitan, vamos a regresar a la presencialidad, poniendo especial \u00e9nfasis en cumplir con la distancia social y aforos en oficinas, laboratorios y salas de clases\u201d, recalc\u00f3.<\/p>\n\n\n\n<p>\u201cEn la medida que las condiciones sanitarias lo permitan, vamos a regresar a la presencialidad, poniendo especial \u00e9nfasis en cumplir con la distancia social y aforos en oficinas, laboratorios y salas de clases\u201d &#8211; rector Ignacio S\u00e1nchez<\/p>\n\n\n\n<p>Agradeci\u00f3 al equipo COVID UC por su trabajo analizando diferentes aspectos de la seguridad sanitaria al interior de los campus, para poder resguardar la salud de la comunidad universitaria.&nbsp;<br>&nbsp;<br>Con respecto al&nbsp;<a href=\"https:\/\/www.uc.cl\/site\/efs\/files\/12101\/plan-de-desarrollo-uc-2020-2025.pdf\" target=\"_blank\" rel=\"noreferrer noopener\">Plan de Desarrollo 2020-2025<\/a>&nbsp;que se public\u00f3 hace unos meses, la autoridad acad\u00e9mica indic\u00f3:&nbsp;\u201cEspero que hayan podido leer el plan de desarrollo, porque deja muy claro hacia d\u00f3nde va nuestra instituci\u00f3n y nos permite estar todos alineados\u201d.<\/p>\n\n\n\n<p>El&nbsp;<a href=\"https:\/\/www.uc.cl\/site\/efs\/files\/12101\/plan-de-desarrollo-uc-2020-2025.pdf\" target=\"_blank\" rel=\"noreferrer noopener\">Plan de Desarrollo 2020-2025<\/a>&nbsp;se estructura en torno a 10 grandes \u00e1reas de acci\u00f3n que constituyen las l\u00edneas de trabajo de la UC para los pr\u00f3ximos cinco a\u00f1os, con una mirada puesta en el desarrollo futuro de la instituci\u00f3n: Identidad Cat\u00f3lica, Comunidad UC, Gobierno universitario, Desaf\u00edos e innovaciones acad\u00e9micas, Investigaci\u00f3n y creaci\u00f3n, Profundizar la internacionalizaci\u00f3n, Ampliar oportunidades, Transformaci\u00f3n digital, Rol p\u00fablico y compromiso con la sociedad, y Gesti\u00f3n Institucional.<\/p>\n\n\n\n<p>La autoridad tambi\u00e9n se refiri\u00f3 al compromiso p\u00fablico de la UC y c\u00f3mo este se ha visto especialmente reflejado en: el aporte concreto a la investigaci\u00f3n en temas de coronavirus, la ayuda para conseguir vacunas Sinovac y el trabajo con la&nbsp;<a href=\"https:\/\/conectamayor.cl\/\" target=\"_blank\" rel=\"noreferrer noopener\">Fundaci\u00f3n Conecta Mayor<\/a>.&nbsp;<\/p>\n\n\n\n<h3 class=\"wp-block-heading\">Autocuidado y teletrabajo<\/h3>\n\n\n\n<p>En respuesta a diversas preguntas de los asistentes, el rector invit\u00f3 a la comunidad a vacunarse y explic\u00f3 que la fecha inicialmente definida para que se vacunasen los integrantes de las universidades se ha atrasado debido, entre otras cosas, a algunos atrasos en la llegada de las dosis a Chile.&nbsp;<br>&nbsp;<br>Con respecto a la&nbsp;pausa digital de los mi\u00e9rcoles, expres\u00f3: \u201cSe mantiene la propuesta de que no haya citas a reuniones para los d\u00edas mi\u00e9rcoles en la tarde. La idea es poder dedicar el mi\u00e9rcoles a avanzar en trabajo de manera m\u00e1s concentrada y sin interrupciones\u201d. Se busca cuidar los espacios de autocuidado para realizar de la mejor manera el teletrabajo.<\/p>\n\n\n\n<p>\u201cSe mantiene la propuesta de que no haya citas a reuniones para los d\u00edas mi\u00e9rcoles en la tarde. La idea es poder dedicar el mi\u00e9rcoles a avanzar en trabajo de manera m\u00e1s concentrada y sin interrupciones\u201d &#8211; rector Ignacio S\u00e1nchez<\/p>\n\n\n\n<p>\u201cEn relaci\u00f3n con las clases del segundo semestre, queremos que sean lo m\u00e1s presenciales posible, pero a\u00fan no sabemos si se va a poder seg\u00fan la realidad sanitaria. En todo caso, por todo este a\u00f1o se deben mantener los cuidados en aforo por salas y clases h\u00edbridas, seminarios de grupos peque\u00f1os, laboratorios con una peque\u00f1a cantidad de personas, entre otras\u201d, indic\u00f3 el rector.<br>&nbsp;&nbsp;<br>\u201cEsperamos que este a\u00f1o sea menos grave que el anterior desde el punto de vista financiero para la universidad y para el pa\u00eds. Vamos a seguir con el mismo esfuerzo de protecci\u00f3n de empleo al interior de la universidad\u201d, expres\u00f3.<\/p>\n\n\n\n<p>Al cierre de la reuni\u00f3n agradeci\u00f3 a los asistentes y a los organizadores e hizo un llamado a mantener una actitud resiliente, con capacidad de adaptaci\u00f3n a los frecuentes cambios que se avecinan.<\/p>\n","protected":false},"excerpt":{"rendered":"<p>En una reuni\u00f3n virtual, la autoridad acad\u00e9mica dialog\u00f3 con casi 800 funcionarios y profesionales de la UC. Respondi\u00f3 preguntas acerca del teletrabajo, la vacunaci\u00f3n anticoronavirus y sobre las posibilidades de regresar a los campus.<\/p>\n","protected":false},"author":1,"featured_media":7145,"comment_status":"open","ping_status":"open","sticky":false,"template":"","format":"standard","meta":{"_acf_changed":false,"footnotes":""},"categories":[1],"tags":[],"class_list":["post-7144","post","type-post","status-publish","format-standard","has-post-thumbnail","hentry","category-sin-categorizar"],"acf":[],"yoast_head":"<!-- This site is optimized with the Yoast SEO plugin v27.1.1 - https:\/\/yoast.com\/product\/yoast-seo-wordpress\/ -->\n<title>Rector invit\u00f3 a funcionarios a mantener el autocuidado y la actitud resiliente - Facultad de Arquitectura, Dise\u00f1o y Estudios Urbanos<\/title>\n<meta name=\"description\" content=\"En una reuni\u00f3n virtual, la autoridad acad\u00e9mica dialog\u00f3 con casi 800 funcionarios y profesionales de la UC. Respondi\u00f3 preguntas acerca del teletrabajo, la vacunaci\u00f3n anticoronavirus y sobre las posibilidades de regresar a los campus.\" \/>\n<meta name=\"robots\" content=\"index, follow, max-snippet:-1, max-image-preview:large, max-video-preview:-1\" \/>\n<link rel=\"canonical\" href=\"https:\/\/fadeu.urantiacos.cl\/en\/2021\/04\/21\/rector-invito-a-funcionarios-a-mantener-el-autocuidado-y-la-actitud-resiliente\/\" \/>\n<meta property=\"og:locale\" content=\"en_US\" \/>\n<meta property=\"og:type\" content=\"article\" \/>\n<meta property=\"og:title\" content=\"Rector invit\u00f3 a funcionarios a mantener el autocuidado y la actitud resiliente - Facultad de Arquitectura, Dise\u00f1o y Estudios Urbanos\" \/>\n<meta property=\"og:description\" content=\"En una reuni\u00f3n virtual, la autoridad acad\u00e9mica dialog\u00f3 con casi 800 funcionarios y profesionales de la UC. Respondi\u00f3 preguntas acerca del teletrabajo, la vacunaci\u00f3n anticoronavirus y sobre las posibilidades de regresar a los campus.\" \/>\n<meta property=\"og:url\" content=\"https:\/\/fadeu.urantiacos.cl\/en\/2021\/04\/21\/rector-invito-a-funcionarios-a-mantener-el-autocuidado-y-la-actitud-resiliente\/\" \/>\n<meta property=\"og:site_name\" content=\"Facultad de Arquitectura, Dise\u00f1o y Estudios Urbanos\" \/>\n<meta property=\"article:published_time\" content=\"2021-04-21T14:54:00+00:00\" \/>\n<meta property=\"article:modified_time\" content=\"2023-09-08T14:55:46+00:00\" \/>\n<meta property=\"og:image\" content=\"https:\/\/fadeu.urantiacos.cl\/wp-content\/uploads\/2023\/09\/imgpreview_web.jpg\" \/>\n\t<meta property=\"og:image:width\" content=\"350\" \/>\n\t<meta property=\"og:image:height\" content=\"250\" \/>\n\t<meta property=\"og:image:type\" content=\"image\/jpeg\" \/>\n<meta name=\"author\" content=\"manadmin\" \/>\n<meta name=\"twitter:card\" content=\"summary_large_image\" \/>\n<meta name=\"twitter:label1\" content=\"Written by\" \/>\n\t<meta name=\"twitter:data1\" content=\"manadmin\" \/>\n\t<meta name=\"twitter:label2\" content=\"Est. reading time\" \/>\n\t<meta name=\"twitter:data2\" content=\"4 minutes\" \/>\n<script type=\"application\/ld+json\" class=\"yoast-schema-graph\">{\"@context\":\"https:\/\/schema.org\",\"@graph\":[{\"@type\":\"Article\",\"@id\":\"https:\/\/fadeu.urantiacos.cl\/en\/2021\/04\/21\/rector-invito-a-funcionarios-a-mantener-el-autocuidado-y-la-actitud-resiliente\/#article\",\"isPartOf\":{\"@id\":\"https:\/\/fadeu.urantiacos.cl\/en\/2021\/04\/21\/rector-invito-a-funcionarios-a-mantener-el-autocuidado-y-la-actitud-resiliente\/\"},\"author\":{\"name\":\"manadmin\",\"@id\":\"https:\/\/fadeu.urantiacos.cl\/en\/#\/schema\/person\/d203e2e84b1c40275eac77b3061a19a2\"},\"headline\":\"Rector invit\u00f3 a funcionarios a mantener el autocuidado y la actitud resiliente\",\"datePublished\":\"2021-04-21T14:54:00+00:00\",\"dateModified\":\"2023-09-08T14:55:46+00:00\",\"mainEntityOfPage\":{\"@id\":\"https:\/\/fadeu.urantiacos.cl\/en\/2021\/04\/21\/rector-invito-a-funcionarios-a-mantener-el-autocuidado-y-la-actitud-resiliente\/\"},\"wordCount\":795,\"commentCount\":0,\"image\":{\"@id\":\"https:\/\/fadeu.urantiacos.cl\/en\/2021\/04\/21\/rector-invito-a-funcionarios-a-mantener-el-autocuidado-y-la-actitud-resiliente\/#primaryimage\"},\"thumbnailUrl\":\"https:\/\/fadeu.urantiacos.cl\/wp-content\/uploads\/2023\/09\/imgpreview_web.jpg\",\"articleSection\":[\"Sin categorizar\"],\"inLanguage\":\"en-US\",\"potentialAction\":[{\"@type\":\"CommentAction\",\"name\":\"Comment\",\"target\":[\"https:\/\/fadeu.urantiacos.cl\/en\/2021\/04\/21\/rector-invito-a-funcionarios-a-mantener-el-autocuidado-y-la-actitud-resiliente\/#respond\"]}]},{\"@type\":\"WebPage\",\"@id\":\"https:\/\/fadeu.urantiacos.cl\/en\/2021\/04\/21\/rector-invito-a-funcionarios-a-mantener-el-autocuidado-y-la-actitud-resiliente\/\",\"url\":\"https:\/\/fadeu.urantiacos.cl\/en\/2021\/04\/21\/rector-invito-a-funcionarios-a-mantener-el-autocuidado-y-la-actitud-resiliente\/\",\"name\":\"Rector invit\u00f3 a funcionarios a mantener el autocuidado y la actitud resiliente - Facultad de Arquitectura, Dise\u00f1o y Estudios Urbanos\",\"isPartOf\":{\"@id\":\"https:\/\/fadeu.urantiacos.cl\/en\/#website\"},\"primaryImageOfPage\":{\"@id\":\"https:\/\/fadeu.urantiacos.cl\/en\/2021\/04\/21\/rector-invito-a-funcionarios-a-mantener-el-autocuidado-y-la-actitud-resiliente\/#primaryimage\"},\"image\":{\"@id\":\"https:\/\/fadeu.urantiacos.cl\/en\/2021\/04\/21\/rector-invito-a-funcionarios-a-mantener-el-autocuidado-y-la-actitud-resiliente\/#primaryimage\"},\"thumbnailUrl\":\"https:\/\/fadeu.urantiacos.cl\/wp-content\/uploads\/2023\/09\/imgpreview_web.jpg\",\"datePublished\":\"2021-04-21T14:54:00+00:00\",\"dateModified\":\"2023-09-08T14:55:46+00:00\",\"author\":{\"@id\":\"https:\/\/fadeu.urantiacos.cl\/en\/#\/schema\/person\/d203e2e84b1c40275eac77b3061a19a2\"},\"description\":\"En una reuni\u00f3n virtual, la autoridad acad\u00e9mica dialog\u00f3 con casi 800 funcionarios y profesionales de la UC. Respondi\u00f3 preguntas acerca del teletrabajo, la vacunaci\u00f3n anticoronavirus y sobre las posibilidades de regresar a los campus.\",\"breadcrumb\":{\"@id\":\"https:\/\/fadeu.urantiacos.cl\/en\/2021\/04\/21\/rector-invito-a-funcionarios-a-mantener-el-autocuidado-y-la-actitud-resiliente\/#breadcrumb\"},\"inLanguage\":\"en-US\",\"potentialAction\":[{\"@type\":\"ReadAction\",\"target\":[\"https:\/\/fadeu.urantiacos.cl\/en\/2021\/04\/21\/rector-invito-a-funcionarios-a-mantener-el-autocuidado-y-la-actitud-resiliente\/\"]}]},{\"@type\":\"ImageObject\",\"inLanguage\":\"en-US\",\"@id\":\"https:\/\/fadeu.urantiacos.cl\/en\/2021\/04\/21\/rector-invito-a-funcionarios-a-mantener-el-autocuidado-y-la-actitud-resiliente\/#primaryimage\",\"url\":\"https:\/\/fadeu.urantiacos.cl\/wp-content\/uploads\/2023\/09\/imgpreview_web.jpg\",\"contentUrl\":\"https:\/\/fadeu.urantiacos.cl\/wp-content\/uploads\/2023\/09\/imgpreview_web.jpg\",\"width\":350,\"height\":250},{\"@type\":\"BreadcrumbList\",\"@id\":\"https:\/\/fadeu.urantiacos.cl\/en\/2021\/04\/21\/rector-invito-a-funcionarios-a-mantener-el-autocuidado-y-la-actitud-resiliente\/#breadcrumb\",\"itemListElement\":[{\"@type\":\"ListItem\",\"position\":1,\"name\":\"Portada\",\"item\":\"https:\/\/fadeu.urantiacos.cl\/en\/\"},{\"@type\":\"ListItem\",\"position\":2,\"name\":\"Rector invit\u00f3 a funcionarios a mantener el autocuidado y la actitud resiliente\"}]},{\"@type\":\"WebSite\",\"@id\":\"https:\/\/fadeu.urantiacos.cl\/en\/#website\",\"url\":\"https:\/\/fadeu.urantiacos.cl\/en\/\",\"name\":\"Facultad de Arquitectura, Dise\u00f1o y Estudios Urbanos\",\"description\":\"Campus Lo Contador\",\"potentialAction\":[{\"@type\":\"SearchAction\",\"target\":{\"@type\":\"EntryPoint\",\"urlTemplate\":\"https:\/\/fadeu.urantiacos.cl\/en\/?s={search_term_string}\"},\"query-input\":{\"@type\":\"PropertyValueSpecification\",\"valueRequired\":true,\"valueName\":\"search_term_string\"}}],\"inLanguage\":\"en-US\"},{\"@type\":\"Person\",\"@id\":\"https:\/\/fadeu.urantiacos.cl\/en\/#\/schema\/person\/d203e2e84b1c40275eac77b3061a19a2\",\"name\":\"manadmin\",\"image\":{\"@type\":\"ImageObject\",\"inLanguage\":\"en-US\",\"@id\":\"https:\/\/fadeu.urantiacos.cl\/en\/#\/schema\/person\/image\/\",\"url\":\"https:\/\/secure.gravatar.com\/avatar\/4b1d8e3303b4a9d8968ac578947d8bc80d9aea359f388cdd4aac15cadc0e8447?s=96&d=mm&r=g\",\"contentUrl\":\"https:\/\/secure.gravatar.com\/avatar\/4b1d8e3303b4a9d8968ac578947d8bc80d9aea359f388cdd4aac15cadc0e8447?s=96&d=mm&r=g\",\"caption\":\"manadmin\"},\"sameAs\":[\"https:\/\/fadeu.urantiacos.cl\"]}]}<\/script>\n<!-- \/ Yoast SEO plugin. -->","yoast_head_json":{"title":"Rector invit\u00f3 a funcionarios a mantener el autocuidado y la actitud resiliente - Facultad de Arquitectura, Dise\u00f1o y Estudios Urbanos","description":"En una reuni\u00f3n virtual, la autoridad acad\u00e9mica dialog\u00f3 con casi 800 funcionarios y profesionales de la UC. Respondi\u00f3 preguntas acerca del teletrabajo, la vacunaci\u00f3n anticoronavirus y sobre las posibilidades de regresar a los campus.","robots":{"index":"index","follow":"follow","max-snippet":"max-snippet:-1","max-image-preview":"max-image-preview:large","max-video-preview":"max-video-preview:-1"},"canonical":"https:\/\/fadeu.urantiacos.cl\/en\/2021\/04\/21\/rector-invito-a-funcionarios-a-mantener-el-autocuidado-y-la-actitud-resiliente\/","og_locale":"en_US","og_type":"article","og_title":"Rector invit\u00f3 a funcionarios a mantener el autocuidado y la actitud resiliente - Facultad de Arquitectura, Dise\u00f1o y Estudios Urbanos","og_description":"En una reuni\u00f3n virtual, la autoridad acad\u00e9mica dialog\u00f3 con casi 800 funcionarios y profesionales de la UC. Respondi\u00f3 preguntas acerca del teletrabajo, la vacunaci\u00f3n anticoronavirus y sobre las posibilidades de regresar a los campus.","og_url":"https:\/\/fadeu.urantiacos.cl\/en\/2021\/04\/21\/rector-invito-a-funcionarios-a-mantener-el-autocuidado-y-la-actitud-resiliente\/","og_site_name":"Facultad de Arquitectura, Dise\u00f1o y Estudios Urbanos","article_published_time":"2021-04-21T14:54:00+00:00","article_modified_time":"2023-09-08T14:55:46+00:00","og_image":[{"width":350,"height":250,"url":"https:\/\/fadeu.urantiacos.cl\/wp-content\/uploads\/2023\/09\/imgpreview_web.jpg","type":"image\/jpeg"}],"author":"manadmin","twitter_card":"summary_large_image","twitter_misc":{"Written by":"manadmin","Est. reading time":"4 minutes"},"schema":{"@context":"https:\/\/schema.org","@graph":[{"@type":"Article","@id":"https:\/\/fadeu.urantiacos.cl\/en\/2021\/04\/21\/rector-invito-a-funcionarios-a-mantener-el-autocuidado-y-la-actitud-resiliente\/#article","isPartOf":{"@id":"https:\/\/fadeu.urantiacos.cl\/en\/2021\/04\/21\/rector-invito-a-funcionarios-a-mantener-el-autocuidado-y-la-actitud-resiliente\/"},"author":{"name":"manadmin","@id":"https:\/\/fadeu.urantiacos.cl\/en\/#\/schema\/person\/d203e2e84b1c40275eac77b3061a19a2"},"headline":"Rector invit\u00f3 a funcionarios a mantener el autocuidado y la actitud resiliente","datePublished":"2021-04-21T14:54:00+00:00","dateModified":"2023-09-08T14:55:46+00:00","mainEntityOfPage":{"@id":"https:\/\/fadeu.urantiacos.cl\/en\/2021\/04\/21\/rector-invito-a-funcionarios-a-mantener-el-autocuidado-y-la-actitud-resiliente\/"},"wordCount":795,"commentCount":0,"image":{"@id":"https:\/\/fadeu.urantiacos.cl\/en\/2021\/04\/21\/rector-invito-a-funcionarios-a-mantener-el-autocuidado-y-la-actitud-resiliente\/#primaryimage"},"thumbnailUrl":"https:\/\/fadeu.urantiacos.cl\/wp-content\/uploads\/2023\/09\/imgpreview_web.jpg","articleSection":["Sin categorizar"],"inLanguage":"en-US","potentialAction":[{"@type":"CommentAction","name":"Comment","target":["https:\/\/fadeu.urantiacos.cl\/en\/2021\/04\/21\/rector-invito-a-funcionarios-a-mantener-el-autocuidado-y-la-actitud-resiliente\/#respond"]}]},{"@type":"WebPage","@id":"https:\/\/fadeu.urantiacos.cl\/en\/2021\/04\/21\/rector-invito-a-funcionarios-a-mantener-el-autocuidado-y-la-actitud-resiliente\/","url":"https:\/\/fadeu.urantiacos.cl\/en\/2021\/04\/21\/rector-invito-a-funcionarios-a-mantener-el-autocuidado-y-la-actitud-resiliente\/","name":"Rector invit\u00f3 a funcionarios a mantener el autocuidado y la actitud resiliente - Facultad de Arquitectura, Dise\u00f1o y Estudios Urbanos","isPartOf":{"@id":"https:\/\/fadeu.urantiacos.cl\/en\/#website"},"primaryImageOfPage":{"@id":"https:\/\/fadeu.urantiacos.cl\/en\/2021\/04\/21\/rector-invito-a-funcionarios-a-mantener-el-autocuidado-y-la-actitud-resiliente\/#primaryimage"},"image":{"@id":"https:\/\/fadeu.urantiacos.cl\/en\/2021\/04\/21\/rector-invito-a-funcionarios-a-mantener-el-autocuidado-y-la-actitud-resiliente\/#primaryimage"},"thumbnailUrl":"https:\/\/fadeu.urantiacos.cl\/wp-content\/uploads\/2023\/09\/imgpreview_web.jpg","datePublished":"2021-04-21T14:54:00+00:00","dateModified":"2023-09-08T14:55:46+00:00","author":{"@id":"https:\/\/fadeu.urantiacos.cl\/en\/#\/schema\/person\/d203e2e84b1c40275eac77b3061a19a2"},"description":"En una reuni\u00f3n virtual, la autoridad acad\u00e9mica dialog\u00f3 con casi 800 funcionarios y profesionales de la UC. Respondi\u00f3 preguntas acerca del teletrabajo, la vacunaci\u00f3n anticoronavirus y sobre las posibilidades de regresar a los campus.","breadcrumb":{"@id":"https:\/\/fadeu.urantiacos.cl\/en\/2021\/04\/21\/rector-invito-a-funcionarios-a-mantener-el-autocuidado-y-la-actitud-resiliente\/#breadcrumb"},"inLanguage":"en-US","potentialAction":[{"@type":"ReadAction","target":["https:\/\/fadeu.urantiacos.cl\/en\/2021\/04\/21\/rector-invito-a-funcionarios-a-mantener-el-autocuidado-y-la-actitud-resiliente\/"]}]},{"@type":"ImageObject","inLanguage":"en-US","@id":"https:\/\/fadeu.urantiacos.cl\/en\/2021\/04\/21\/rector-invito-a-funcionarios-a-mantener-el-autocuidado-y-la-actitud-resiliente\/#primaryimage","url":"https:\/\/fadeu.urantiacos.cl\/wp-content\/uploads\/2023\/09\/imgpreview_web.jpg","contentUrl":"https:\/\/fadeu.urantiacos.cl\/wp-content\/uploads\/2023\/09\/imgpreview_web.jpg","width":350,"height":250},{"@type":"BreadcrumbList","@id":"https:\/\/fadeu.urantiacos.cl\/en\/2021\/04\/21\/rector-invito-a-funcionarios-a-mantener-el-autocuidado-y-la-actitud-resiliente\/#breadcrumb","itemListElement":[{"@type":"ListItem","position":1,"name":"Portada","item":"https:\/\/fadeu.urantiacos.cl\/en\/"},{"@type":"ListItem","position":2,"name":"Rector invit\u00f3 a funcionarios a mantener el autocuidado y la actitud resiliente"}]},{"@type":"WebSite","@id":"https:\/\/fadeu.urantiacos.cl\/en\/#website","url":"https:\/\/fadeu.urantiacos.cl\/en\/","name":"Facultad de Arquitectura, Dise\u00f1o y Estudios Urbanos","description":"Campus Lo Contador","potentialAction":[{"@type":"SearchAction","target":{"@type":"EntryPoint","urlTemplate":"https:\/\/fadeu.urantiacos.cl\/en\/?s={search_term_string}"},"query-input":{"@type":"PropertyValueSpecification","valueRequired":true,"valueName":"search_term_string"}}],"inLanguage":"en-US"},{"@type":"Person","@id":"https:\/\/fadeu.urantiacos.cl\/en\/#\/schema\/person\/d203e2e84b1c40275eac77b3061a19a2","name":"manadmin","image":{"@type":"ImageObject","inLanguage":"en-US","@id":"https:\/\/fadeu.urantiacos.cl\/en\/#\/schema\/person\/image\/","url":"https:\/\/secure.gravatar.com\/avatar\/4b1d8e3303b4a9d8968ac578947d8bc80d9aea359f388cdd4aac15cadc0e8447?s=96&d=mm&r=g","contentUrl":"https:\/\/secure.gravatar.com\/avatar\/4b1d8e3303b4a9d8968ac578947d8bc80d9aea359f388cdd4aac15cadc0e8447?s=96&d=mm&r=g","caption":"manadmin"},"sameAs":["https:\/\/fadeu.urantiacos.cl"]}]}},"_links":{"self":[{"href":"https:\/\/fadeu.urantiacos.cl\/en\/wp-json\/wp\/v2\/posts\/7144","targetHints":{"allow":["GET"]}}],"collection":[{"href":"https:\/\/fadeu.urantiacos.cl\/en\/wp-json\/wp\/v2\/posts"}],"about":[{"href":"https:\/\/fadeu.urantiacos.cl\/en\/wp-json\/wp\/v2\/types\/post"}],"author":[{"embeddable":true,"href":"https:\/\/fadeu.urantiacos.cl\/en\/wp-json\/wp\/v2\/users\/1"}],"replies":[{"embeddable":true,"href":"https:\/\/fadeu.urantiacos.cl\/en\/wp-json\/wp\/v2\/comments?post=7144"}],"version-history":[{"count":1,"href":"https:\/\/fadeu.urantiacos.cl\/en\/wp-json\/wp\/v2\/posts\/7144\/revisions"}],"predecessor-version":[{"id":7146,"href":"https:\/\/fadeu.urantiacos.cl\/en\/wp-json\/wp\/v2\/posts\/7144\/revisions\/7146"}],"wp:featuredmedia":[{"embeddable":true,"href":"https:\/\/fadeu.urantiacos.cl\/en\/wp-json\/wp\/v2\/media\/7145"}],"wp:attachment":[{"href":"https:\/\/fadeu.urantiacos.cl\/en\/wp-json\/wp\/v2\/media?parent=7144"}],"wp:term":[{"taxonomy":"category","embeddable":true,"href":"https:\/\/fadeu.urantiacos.cl\/en\/wp-json\/wp\/v2\/categories?post=7144"},{"taxonomy":"post_tag","embeddable":true,"href":"https:\/\/fadeu.urantiacos.cl\/en\/wp-json\/wp\/v2\/tags?post=7144"}],"curies":[{"name":"wp","href":"https:\/\/api.w.org\/{rel}","templated":true}]}}