{"id":7140,"date":"2021-04-23T11:50:00","date_gmt":"2021-04-23T14:50:00","guid":{"rendered":"https:\/\/fadeu.urantiacos.cl\/?p=7140"},"modified":"2023-09-08T11:54:03","modified_gmt":"2023-09-08T14:54:03","slug":"nuevo-numero-de-revista-disena","status":"publish","type":"post","link":"https:\/\/fadeu.urantiacos.cl\/en\/2021\/04\/23\/nuevo-numero-de-revista-disena\/","title":{"rendered":"Nuevo n\u00famero de revista Dise\u00f1a"},"content":{"rendered":"\n<figure class=\"wp-block-image size-full\"><img decoding=\"async\" width=\"350\" height=\"250\" src=\"https:\/\/fadeu.urantiacos.cl\/wp-content\/uploads\/2023\/09\/revista_disena_1.png\" alt=\"\" class=\"wp-image-7141\" srcset=\"https:\/\/fadeu.urantiacos.cl\/wp-content\/uploads\/2023\/09\/revista_disena_1.png 350w, https:\/\/fadeu.urantiacos.cl\/wp-content\/uploads\/2023\/09\/revista_disena_1-300x214.png 300w\" sizes=\"(max-width: 350px) 100vw, 350px\" \/><\/figure>\n\n\n\n<p>El n\u00famero 18 de revista&nbsp;Dise\u00f1a&nbsp;cuenta con editorial de Renato Bernasconi, y los art\u00edculos originales de Ellan F. Spero y Christine Ortiz; Daniel Silverman y Marina Garone Gravier; Yohad Zacar\u00edas; Rodrigo Vera y Bruno Perelli; y de Yenisa Mercado y Jos\u00e9 Ragas. La revista cuenta tambi\u00e9n con entrevistas a Francesca Bray y David Edgerton realizadas por \u00c1lvarez, Palmarola y Cristi.<\/p>\n\n\n\n<p>Link a contenidos revista\u00a0Dise\u00f1a\u00a0n\u00ba 18:<\/p>\n\n\n\n<p><a rel=\"noreferrer noopener\" href=\"http:\/\/revistadisena.uc.cl\/index.php\/Disena\" target=\"_blank\">http:\/\/revistadisena.uc.cl\/index.php\/Disena<\/a><\/p>\n\n\n\n<figure class=\"wp-block-image size-large\"><img decoding=\"async\" width=\"377\" height=\"1024\" src=\"https:\/\/fadeu.urantiacos.cl\/wp-content\/uploads\/2023\/09\/b-377x1024.png\" alt=\"\" class=\"wp-image-7142\" srcset=\"https:\/\/fadeu.urantiacos.cl\/wp-content\/uploads\/2023\/09\/b-377x1024.png 377w, https:\/\/fadeu.urantiacos.cl\/wp-content\/uploads\/2023\/09\/b-110x300.png 110w, https:\/\/fadeu.urantiacos.cl\/wp-content\/uploads\/2023\/09\/b-768x2087.png 768w, https:\/\/fadeu.urantiacos.cl\/wp-content\/uploads\/2023\/09\/b-565x1536.png 565w, https:\/\/fadeu.urantiacos.cl\/wp-content\/uploads\/2023\/09\/b-754x2048.png 754w, https:\/\/fadeu.urantiacos.cl\/wp-content\/uploads\/2023\/09\/b.png 442w\" sizes=\"(max-width: 377px) 100vw, 377px\" \/><\/figure>\n","protected":false},"excerpt":{"rendered":"<p>Editado por Pedro \u00c1lvarez Caselli, Hugo Palmarola y Nicole Cristi, el nuevo n\u00famero de revista Dise\u00f1a, dedicado a la Historia del dise\u00f1o, las t\u00e9cnicas y la tecnolog\u00eda \/ History of Design, Techniques, and Technology busca responder a preguntas historiogr\u00e1ficas relevantes como las referidas a los usos y la adaptaci\u00f3n de ciertas tecnolog\u00edas; qui\u00e9nes son los actores que asimilan estos procesos de cambio tecnol\u00f3gico; de qu\u00e9 manera afectan las particularidades de cada entorno geogr\u00e1fico y cultural; en qu\u00e9 sentido inciden en la pr\u00e1ctica del dise\u00f1ador dichos procesos; y cu\u00e1les son las consecuencias que estas pr\u00e1cticas tienen sobre los procesos creativos y productivos, entre otras.<\/p>\n","protected":false},"author":1,"featured_media":7141,"comment_status":"open","ping_status":"open","sticky":false,"template":"","format":"standard","meta":{"_acf_changed":false,"footnotes":""},"categories":[1],"tags":[],"class_list":["post-7140","post","type-post","status-publish","format-standard","has-post-thumbnail","hentry","category-sin-categorizar"],"acf":[],"yoast_head":"<!-- This site is optimized with the Yoast SEO plugin v27.1.1 - https:\/\/yoast.com\/product\/yoast-seo-wordpress\/ -->\n<title>Nuevo n\u00famero de revista Dise\u00f1a - Facultad de Arquitectura, Dise\u00f1o y Estudios Urbanos<\/title>\n<meta name=\"description\" content=\"Editado por Pedro \u00c1lvarez Caselli, Hugo Palmarola y Nicole Cristi, el nuevo n\u00famero de revista Dise\u00f1a, dedicado a la Historia del dise\u00f1o, las t\u00e9cnicas y la tecnolog\u00eda \/ History of Design, Techniques, and Technology busca responder a preguntas historiogr\u00e1ficas relevantes como las referidas a los usos y la adaptaci\u00f3n de ciertas tecnolog\u00edas; qui\u00e9nes son los actores que asimilan estos procesos de cambio tecnol\u00f3gico; de qu\u00e9 manera afectan las particularidades de cada entorno geogr\u00e1fico y cultural; en qu\u00e9 sentido inciden en la pr\u00e1ctica del dise\u00f1ador dichos procesos; y cu\u00e1les son las consecuencias que estas pr\u00e1cticas tienen sobre los procesos creativos y productivos, entre otras.\" \/>\n<meta name=\"robots\" content=\"index, follow, max-snippet:-1, max-image-preview:large, max-video-preview:-1\" \/>\n<link rel=\"canonical\" href=\"https:\/\/fadeu.urantiacos.cl\/en\/2021\/04\/23\/nuevo-numero-de-revista-disena\/\" \/>\n<meta property=\"og:locale\" content=\"en_US\" \/>\n<meta property=\"og:type\" content=\"article\" \/>\n<meta property=\"og:title\" content=\"Nuevo n\u00famero de revista Dise\u00f1a - Facultad de Arquitectura, Dise\u00f1o y Estudios Urbanos\" \/>\n<meta property=\"og:description\" content=\"Editado por Pedro \u00c1lvarez Caselli, Hugo Palmarola y Nicole Cristi, el nuevo n\u00famero de revista Dise\u00f1a, dedicado a la Historia del dise\u00f1o, las t\u00e9cnicas y la tecnolog\u00eda \/ History of Design, Techniques, and Technology busca responder a preguntas historiogr\u00e1ficas relevantes como las referidas a los usos y la adaptaci\u00f3n de ciertas tecnolog\u00edas; qui\u00e9nes son los actores que asimilan estos procesos de cambio tecnol\u00f3gico; de qu\u00e9 manera afectan las particularidades de cada entorno geogr\u00e1fico y cultural; en qu\u00e9 sentido inciden en la pr\u00e1ctica del dise\u00f1ador dichos procesos; y cu\u00e1les son las consecuencias que estas pr\u00e1cticas tienen sobre los procesos creativos y productivos, entre otras.\" \/>\n<meta property=\"og:url\" content=\"https:\/\/fadeu.urantiacos.cl\/en\/2021\/04\/23\/nuevo-numero-de-revista-disena\/\" \/>\n<meta property=\"og:site_name\" content=\"Facultad de Arquitectura, Dise\u00f1o y Estudios Urbanos\" \/>\n<meta property=\"article:published_time\" content=\"2021-04-23T14:50:00+00:00\" \/>\n<meta property=\"article:modified_time\" content=\"2023-09-08T14:54:03+00:00\" \/>\n<meta property=\"og:image\" content=\"https:\/\/fadeu.urantiacos.cl\/wp-content\/uploads\/2023\/09\/revista_disena_1.png\" \/>\n\t<meta property=\"og:image:width\" content=\"350\" \/>\n\t<meta property=\"og:image:height\" content=\"250\" \/>\n\t<meta property=\"og:image:type\" content=\"image\/png\" \/>\n<meta name=\"author\" content=\"manadmin\" \/>\n<meta name=\"twitter:card\" content=\"summary_large_image\" \/>\n<meta name=\"twitter:label1\" content=\"Written by\" \/>\n\t<meta name=\"twitter:data1\" content=\"manadmin\" \/>\n<script type=\"application\/ld+json\" class=\"yoast-schema-graph\">{\"@context\":\"https:\/\/schema.org\",\"@graph\":[{\"@type\":\"Article\",\"@id\":\"https:\/\/fadeu.urantiacos.cl\/en\/2021\/04\/23\/nuevo-numero-de-revista-disena\/#article\",\"isPartOf\":{\"@id\":\"https:\/\/fadeu.urantiacos.cl\/en\/2021\/04\/23\/nuevo-numero-de-revista-disena\/\"},\"author\":{\"name\":\"manadmin\",\"@id\":\"https:\/\/fadeu.urantiacos.cl\/en\/#\/schema\/person\/d203e2e84b1c40275eac77b3061a19a2\"},\"headline\":\"Nuevo n\u00famero de revista Dise\u00f1a\",\"datePublished\":\"2021-04-23T14:50:00+00:00\",\"dateModified\":\"2023-09-08T14:54:03+00:00\",\"mainEntityOfPage\":{\"@id\":\"https:\/\/fadeu.urantiacos.cl\/en\/2021\/04\/23\/nuevo-numero-de-revista-disena\/\"},\"wordCount\":88,\"commentCount\":0,\"image\":{\"@id\":\"https:\/\/fadeu.urantiacos.cl\/en\/2021\/04\/23\/nuevo-numero-de-revista-disena\/#primaryimage\"},\"thumbnailUrl\":\"https:\/\/fadeu.urantiacos.cl\/wp-content\/uploads\/2023\/09\/revista_disena_1.png\",\"articleSection\":[\"Sin categorizar\"],\"inLanguage\":\"en-US\",\"potentialAction\":[{\"@type\":\"CommentAction\",\"name\":\"Comment\",\"target\":[\"https:\/\/fadeu.urantiacos.cl\/en\/2021\/04\/23\/nuevo-numero-de-revista-disena\/#respond\"]}]},{\"@type\":\"WebPage\",\"@id\":\"https:\/\/fadeu.urantiacos.cl\/en\/2021\/04\/23\/nuevo-numero-de-revista-disena\/\",\"url\":\"https:\/\/fadeu.urantiacos.cl\/en\/2021\/04\/23\/nuevo-numero-de-revista-disena\/\",\"name\":\"Nuevo n\u00famero de revista Dise\u00f1a - Facultad de Arquitectura, Dise\u00f1o y Estudios Urbanos\",\"isPartOf\":{\"@id\":\"https:\/\/fadeu.urantiacos.cl\/en\/#website\"},\"primaryImageOfPage\":{\"@id\":\"https:\/\/fadeu.urantiacos.cl\/en\/2021\/04\/23\/nuevo-numero-de-revista-disena\/#primaryimage\"},\"image\":{\"@id\":\"https:\/\/fadeu.urantiacos.cl\/en\/2021\/04\/23\/nuevo-numero-de-revista-disena\/#primaryimage\"},\"thumbnailUrl\":\"https:\/\/fadeu.urantiacos.cl\/wp-content\/uploads\/2023\/09\/revista_disena_1.png\",\"datePublished\":\"2021-04-23T14:50:00+00:00\",\"dateModified\":\"2023-09-08T14:54:03+00:00\",\"author\":{\"@id\":\"https:\/\/fadeu.urantiacos.cl\/en\/#\/schema\/person\/d203e2e84b1c40275eac77b3061a19a2\"},\"description\":\"Editado por Pedro \u00c1lvarez Caselli, Hugo Palmarola y Nicole Cristi, el nuevo n\u00famero de revista Dise\u00f1a, dedicado a la Historia del dise\u00f1o, las t\u00e9cnicas y la tecnolog\u00eda \/ History of Design, Techniques, and Technology busca responder a preguntas historiogr\u00e1ficas relevantes como las referidas a los usos y la adaptaci\u00f3n de ciertas tecnolog\u00edas; qui\u00e9nes son los actores que asimilan estos procesos de cambio tecnol\u00f3gico; de qu\u00e9 manera afectan las particularidades de cada entorno geogr\u00e1fico y cultural; en qu\u00e9 sentido inciden en la pr\u00e1ctica del dise\u00f1ador dichos procesos; y cu\u00e1les son las consecuencias que estas pr\u00e1cticas tienen sobre los procesos creativos y productivos, entre otras.\",\"breadcrumb\":{\"@id\":\"https:\/\/fadeu.urantiacos.cl\/en\/2021\/04\/23\/nuevo-numero-de-revista-disena\/#breadcrumb\"},\"inLanguage\":\"en-US\",\"potentialAction\":[{\"@type\":\"ReadAction\",\"target\":[\"https:\/\/fadeu.urantiacos.cl\/en\/2021\/04\/23\/nuevo-numero-de-revista-disena\/\"]}]},{\"@type\":\"ImageObject\",\"inLanguage\":\"en-US\",\"@id\":\"https:\/\/fadeu.urantiacos.cl\/en\/2021\/04\/23\/nuevo-numero-de-revista-disena\/#primaryimage\",\"url\":\"https:\/\/fadeu.urantiacos.cl\/wp-content\/uploads\/2023\/09\/revista_disena_1.png\",\"contentUrl\":\"https:\/\/fadeu.urantiacos.cl\/wp-content\/uploads\/2023\/09\/revista_disena_1.png\",\"width\":350,\"height\":250},{\"@type\":\"BreadcrumbList\",\"@id\":\"https:\/\/fadeu.urantiacos.cl\/en\/2021\/04\/23\/nuevo-numero-de-revista-disena\/#breadcrumb\",\"itemListElement\":[{\"@type\":\"ListItem\",\"position\":1,\"name\":\"Portada\",\"item\":\"https:\/\/fadeu.urantiacos.cl\/en\/\"},{\"@type\":\"ListItem\",\"position\":2,\"name\":\"Nuevo n\u00famero de revista Dise\u00f1a\"}]},{\"@type\":\"WebSite\",\"@id\":\"https:\/\/fadeu.urantiacos.cl\/en\/#website\",\"url\":\"https:\/\/fadeu.urantiacos.cl\/en\/\",\"name\":\"Facultad de Arquitectura, Dise\u00f1o y Estudios Urbanos\",\"description\":\"Campus Lo Contador\",\"potentialAction\":[{\"@type\":\"SearchAction\",\"target\":{\"@type\":\"EntryPoint\",\"urlTemplate\":\"https:\/\/fadeu.urantiacos.cl\/en\/?s={search_term_string}\"},\"query-input\":{\"@type\":\"PropertyValueSpecification\",\"valueRequired\":true,\"valueName\":\"search_term_string\"}}],\"inLanguage\":\"en-US\"},{\"@type\":\"Person\",\"@id\":\"https:\/\/fadeu.urantiacos.cl\/en\/#\/schema\/person\/d203e2e84b1c40275eac77b3061a19a2\",\"name\":\"manadmin\",\"image\":{\"@type\":\"ImageObject\",\"inLanguage\":\"en-US\",\"@id\":\"https:\/\/fadeu.urantiacos.cl\/en\/#\/schema\/person\/image\/\",\"url\":\"https:\/\/secure.gravatar.com\/avatar\/4b1d8e3303b4a9d8968ac578947d8bc80d9aea359f388cdd4aac15cadc0e8447?s=96&d=mm&r=g\",\"contentUrl\":\"https:\/\/secure.gravatar.com\/avatar\/4b1d8e3303b4a9d8968ac578947d8bc80d9aea359f388cdd4aac15cadc0e8447?s=96&d=mm&r=g\",\"caption\":\"manadmin\"},\"sameAs\":[\"https:\/\/fadeu.urantiacos.cl\"]}]}<\/script>\n<!-- \/ Yoast SEO plugin. -->","yoast_head_json":{"title":"Nuevo n\u00famero de revista Dise\u00f1a - Facultad de Arquitectura, Dise\u00f1o y Estudios Urbanos","description":"Editado por Pedro \u00c1lvarez Caselli, Hugo Palmarola y Nicole Cristi, el nuevo n\u00famero de revista Dise\u00f1a, dedicado a la Historia del dise\u00f1o, las t\u00e9cnicas y la tecnolog\u00eda \/ History of Design, Techniques, and Technology busca responder a preguntas historiogr\u00e1ficas relevantes como las referidas a los usos y la adaptaci\u00f3n de ciertas tecnolog\u00edas; qui\u00e9nes son los actores que asimilan estos procesos de cambio tecnol\u00f3gico; de qu\u00e9 manera afectan las particularidades de cada entorno geogr\u00e1fico y cultural; en qu\u00e9 sentido inciden en la pr\u00e1ctica del dise\u00f1ador dichos procesos; y cu\u00e1les son las consecuencias que estas pr\u00e1cticas tienen sobre los procesos creativos y productivos, entre otras.","robots":{"index":"index","follow":"follow","max-snippet":"max-snippet:-1","max-image-preview":"max-image-preview:large","max-video-preview":"max-video-preview:-1"},"canonical":"https:\/\/fadeu.urantiacos.cl\/en\/2021\/04\/23\/nuevo-numero-de-revista-disena\/","og_locale":"en_US","og_type":"article","og_title":"Nuevo n\u00famero de revista Dise\u00f1a - Facultad de Arquitectura, Dise\u00f1o y Estudios Urbanos","og_description":"Editado por Pedro \u00c1lvarez Caselli, Hugo Palmarola y Nicole Cristi, el nuevo n\u00famero de revista Dise\u00f1a, dedicado a la Historia del dise\u00f1o, las t\u00e9cnicas y la tecnolog\u00eda \/ History of Design, Techniques, and Technology busca responder a preguntas historiogr\u00e1ficas relevantes como las referidas a los usos y la adaptaci\u00f3n de ciertas tecnolog\u00edas; qui\u00e9nes son los actores que asimilan estos procesos de cambio tecnol\u00f3gico; de qu\u00e9 manera afectan las particularidades de cada entorno geogr\u00e1fico y cultural; en qu\u00e9 sentido inciden en la pr\u00e1ctica del dise\u00f1ador dichos procesos; y cu\u00e1les son las consecuencias que estas pr\u00e1cticas tienen sobre los procesos creativos y productivos, entre otras.","og_url":"https:\/\/fadeu.urantiacos.cl\/en\/2021\/04\/23\/nuevo-numero-de-revista-disena\/","og_site_name":"Facultad de Arquitectura, Dise\u00f1o y Estudios Urbanos","article_published_time":"2021-04-23T14:50:00+00:00","article_modified_time":"2023-09-08T14:54:03+00:00","og_image":[{"width":350,"height":250,"url":"https:\/\/fadeu.urantiacos.cl\/wp-content\/uploads\/2023\/09\/revista_disena_1.png","type":"image\/png"}],"author":"manadmin","twitter_card":"summary_large_image","twitter_misc":{"Written by":"manadmin"},"schema":{"@context":"https:\/\/schema.org","@graph":[{"@type":"Article","@id":"https:\/\/fadeu.urantiacos.cl\/en\/2021\/04\/23\/nuevo-numero-de-revista-disena\/#article","isPartOf":{"@id":"https:\/\/fadeu.urantiacos.cl\/en\/2021\/04\/23\/nuevo-numero-de-revista-disena\/"},"author":{"name":"manadmin","@id":"https:\/\/fadeu.urantiacos.cl\/en\/#\/schema\/person\/d203e2e84b1c40275eac77b3061a19a2"},"headline":"Nuevo n\u00famero de revista Dise\u00f1a","datePublished":"2021-04-23T14:50:00+00:00","dateModified":"2023-09-08T14:54:03+00:00","mainEntityOfPage":{"@id":"https:\/\/fadeu.urantiacos.cl\/en\/2021\/04\/23\/nuevo-numero-de-revista-disena\/"},"wordCount":88,"commentCount":0,"image":{"@id":"https:\/\/fadeu.urantiacos.cl\/en\/2021\/04\/23\/nuevo-numero-de-revista-disena\/#primaryimage"},"thumbnailUrl":"https:\/\/fadeu.urantiacos.cl\/wp-content\/uploads\/2023\/09\/revista_disena_1.png","articleSection":["Sin categorizar"],"inLanguage":"en-US","potentialAction":[{"@type":"CommentAction","name":"Comment","target":["https:\/\/fadeu.urantiacos.cl\/en\/2021\/04\/23\/nuevo-numero-de-revista-disena\/#respond"]}]},{"@type":"WebPage","@id":"https:\/\/fadeu.urantiacos.cl\/en\/2021\/04\/23\/nuevo-numero-de-revista-disena\/","url":"https:\/\/fadeu.urantiacos.cl\/en\/2021\/04\/23\/nuevo-numero-de-revista-disena\/","name":"Nuevo n\u00famero de revista Dise\u00f1a - Facultad de Arquitectura, Dise\u00f1o y Estudios Urbanos","isPartOf":{"@id":"https:\/\/fadeu.urantiacos.cl\/en\/#website"},"primaryImageOfPage":{"@id":"https:\/\/fadeu.urantiacos.cl\/en\/2021\/04\/23\/nuevo-numero-de-revista-disena\/#primaryimage"},"image":{"@id":"https:\/\/fadeu.urantiacos.cl\/en\/2021\/04\/23\/nuevo-numero-de-revista-disena\/#primaryimage"},"thumbnailUrl":"https:\/\/fadeu.urantiacos.cl\/wp-content\/uploads\/2023\/09\/revista_disena_1.png","datePublished":"2021-04-23T14:50:00+00:00","dateModified":"2023-09-08T14:54:03+00:00","author":{"@id":"https:\/\/fadeu.urantiacos.cl\/en\/#\/schema\/person\/d203e2e84b1c40275eac77b3061a19a2"},"description":"Editado por Pedro \u00c1lvarez Caselli, Hugo Palmarola y Nicole Cristi, el nuevo n\u00famero de revista Dise\u00f1a, dedicado a la Historia del dise\u00f1o, las t\u00e9cnicas y la tecnolog\u00eda \/ History of Design, Techniques, and Technology busca responder a preguntas historiogr\u00e1ficas relevantes como las referidas a los usos y la adaptaci\u00f3n de ciertas tecnolog\u00edas; qui\u00e9nes son los actores que asimilan estos procesos de cambio tecnol\u00f3gico; de qu\u00e9 manera afectan las particularidades de cada entorno geogr\u00e1fico y cultural; en qu\u00e9 sentido inciden en la pr\u00e1ctica del dise\u00f1ador dichos procesos; y cu\u00e1les son las consecuencias que estas pr\u00e1cticas tienen sobre los procesos creativos y productivos, entre otras.","breadcrumb":{"@id":"https:\/\/fadeu.urantiacos.cl\/en\/2021\/04\/23\/nuevo-numero-de-revista-disena\/#breadcrumb"},"inLanguage":"en-US","potentialAction":[{"@type":"ReadAction","target":["https:\/\/fadeu.urantiacos.cl\/en\/2021\/04\/23\/nuevo-numero-de-revista-disena\/"]}]},{"@type":"ImageObject","inLanguage":"en-US","@id":"https:\/\/fadeu.urantiacos.cl\/en\/2021\/04\/23\/nuevo-numero-de-revista-disena\/#primaryimage","url":"https:\/\/fadeu.urantiacos.cl\/wp-content\/uploads\/2023\/09\/revista_disena_1.png","contentUrl":"https:\/\/fadeu.urantiacos.cl\/wp-content\/uploads\/2023\/09\/revista_disena_1.png","width":350,"height":250},{"@type":"BreadcrumbList","@id":"https:\/\/fadeu.urantiacos.cl\/en\/2021\/04\/23\/nuevo-numero-de-revista-disena\/#breadcrumb","itemListElement":[{"@type":"ListItem","position":1,"name":"Portada","item":"https:\/\/fadeu.urantiacos.cl\/en\/"},{"@type":"ListItem","position":2,"name":"Nuevo n\u00famero de revista Dise\u00f1a"}]},{"@type":"WebSite","@id":"https:\/\/fadeu.urantiacos.cl\/en\/#website","url":"https:\/\/fadeu.urantiacos.cl\/en\/","name":"Facultad de Arquitectura, Dise\u00f1o y Estudios Urbanos","description":"Campus Lo Contador","potentialAction":[{"@type":"SearchAction","target":{"@type":"EntryPoint","urlTemplate":"https:\/\/fadeu.urantiacos.cl\/en\/?s={search_term_string}"},"query-input":{"@type":"PropertyValueSpecification","valueRequired":true,"valueName":"search_term_string"}}],"inLanguage":"en-US"},{"@type":"Person","@id":"https:\/\/fadeu.urantiacos.cl\/en\/#\/schema\/person\/d203e2e84b1c40275eac77b3061a19a2","name":"manadmin","image":{"@type":"ImageObject","inLanguage":"en-US","@id":"https:\/\/fadeu.urantiacos.cl\/en\/#\/schema\/person\/image\/","url":"https:\/\/secure.gravatar.com\/avatar\/4b1d8e3303b4a9d8968ac578947d8bc80d9aea359f388cdd4aac15cadc0e8447?s=96&d=mm&r=g","contentUrl":"https:\/\/secure.gravatar.com\/avatar\/4b1d8e3303b4a9d8968ac578947d8bc80d9aea359f388cdd4aac15cadc0e8447?s=96&d=mm&r=g","caption":"manadmin"},"sameAs":["https:\/\/fadeu.urantiacos.cl"]}]}},"_links":{"self":[{"href":"https:\/\/fadeu.urantiacos.cl\/en\/wp-json\/wp\/v2\/posts\/7140","targetHints":{"allow":["GET"]}}],"collection":[{"href":"https:\/\/fadeu.urantiacos.cl\/en\/wp-json\/wp\/v2\/posts"}],"about":[{"href":"https:\/\/fadeu.urantiacos.cl\/en\/wp-json\/wp\/v2\/types\/post"}],"author":[{"embeddable":true,"href":"https:\/\/fadeu.urantiacos.cl\/en\/wp-json\/wp\/v2\/users\/1"}],"replies":[{"embeddable":true,"href":"https:\/\/fadeu.urantiacos.cl\/en\/wp-json\/wp\/v2\/comments?post=7140"}],"version-history":[{"count":1,"href":"https:\/\/fadeu.urantiacos.cl\/en\/wp-json\/wp\/v2\/posts\/7140\/revisions"}],"predecessor-version":[{"id":7143,"href":"https:\/\/fadeu.urantiacos.cl\/en\/wp-json\/wp\/v2\/posts\/7140\/revisions\/7143"}],"wp:featuredmedia":[{"embeddable":true,"href":"https:\/\/fadeu.urantiacos.cl\/en\/wp-json\/wp\/v2\/media\/7141"}],"wp:attachment":[{"href":"https:\/\/fadeu.urantiacos.cl\/en\/wp-json\/wp\/v2\/media?parent=7140"}],"wp:term":[{"taxonomy":"category","embeddable":true,"href":"https:\/\/fadeu.urantiacos.cl\/en\/wp-json\/wp\/v2\/categories?post=7140"},{"taxonomy":"post_tag","embeddable":true,"href":"https:\/\/fadeu.urantiacos.cl\/en\/wp-json\/wp\/v2\/tags?post=7140"}],"curies":[{"name":"wp","href":"https:\/\/api.w.org\/{rel}","templated":true}]}}