{"id":7133,"date":"2021-04-24T11:42:00","date_gmt":"2021-04-24T14:42:00","guid":{"rendered":"https:\/\/fadeu.urantiacos.cl\/?p=7133"},"modified":"2023-09-08T11:47:17","modified_gmt":"2023-09-08T14:47:17","slug":"alberto-moletto-participo-en-mextropoli-2021","status":"publish","type":"post","link":"https:\/\/fadeu.urantiacos.cl\/en\/2021\/04\/24\/alberto-moletto-participo-en-mextropoli-2021\/","title":{"rendered":"Alberto Moletto particip\u00f3 en Mextr\u00f3poli 2021"},"content":{"rendered":"\n<figure class=\"wp-block-image size-full\"><img decoding=\"async\" width=\"350\" height=\"250\" src=\"https:\/\/fadeu.urantiacos.cl\/wp-content\/uploads\/2023\/09\/moletto_abri28.png\" alt=\"\" class=\"wp-image-7134\" srcset=\"https:\/\/fadeu.urantiacos.cl\/wp-content\/uploads\/2023\/09\/moletto_abri28.png 350w, https:\/\/fadeu.urantiacos.cl\/wp-content\/uploads\/2023\/09\/moletto_abri28-300x214.png 300w\" sizes=\"(max-width: 350px) 100vw, 350px\" \/><\/figure>\n\n\n\n<p>La conversaci\u00f3n, moderada por Andrea Griborio, se realiz\u00f3 en el marco de la exposici\u00f3n &#8220;Invierno: Im\u00e1genes de la arquitectura chilena contempor\u00e1nea&#8221; actualmente en el Museo de la Ciudad de M\u00e9xico, y de la presentaci\u00f3n del documental del mismo nombre en el ciclo de cine de Arquine y Mextr\u00f3poli.<\/p>\n\n\n\n<p>&#8220;Arquitectura contempor\u00e1nea emergente en Chile&#8221; gir\u00f3 en torno a las posibilidades que las oficinas nacionales j\u00f3venes tienen de construir un numero significativo de obras a partir de la participaci\u00f3n en concursos p\u00fablicos y licitaciones. Esto, en contraste con las pol\u00edticas de otros pa\u00edses de Am\u00e9rica Latina. Tambi\u00e9n se discuti\u00f3 acerca de los posibles cambios que han generado tanto la revuelta social de octubre de 2019 como la pandemia en el ejercicio de la pr\u00e1ctica profesional y en las adaptaciones program\u00e1ticas de los proyectos.<\/p>\n\n\n\n<p>En ese contexto, el profesor ARQ UC Alberto Moletto present\u00f3 obras como el Palacio Pereira \u2014proyecto liderado por Cecilia Puga y desarrollado junto a Paula Velasco\u2014, el Espacio del \u00c1ngel \u2014la intervenci\u00f3n de un teatro en una galer\u00eda del centro de Santiago\u2014, y el nuevo edificio FADEU UC \u2014actualmente en construcci\u00f3n\u2014.<\/p>\n\n\n\n<p>Con actividades presenciales \u2014como la exposici\u00f3n\u2014 y otras virtuales \u2014como la presentaci\u00f3n del documental\u2014, este panel de discusi\u00f3n del festival se llev\u00f3 a cabo el 15 de abril de forma virtual, en respuesta a las restricciones impuestas por la pandemia de Covid-19.<\/p>\n\n\n\n<figure class=\"wp-block-embed is-type-video is-provider-youtube wp-block-embed-youtube wp-embed-aspect-16-9 wp-has-aspect-ratio\"><div class=\"wp-block-embed__wrapper\">\n<iframe loading=\"lazy\" title=\"#MEXTR\u00d3POLI2021 | MESA DE DI\u00c1LOGO Arquitectura contempor\u00e1nea chilena emergente\" width=\"500\" height=\"281\" src=\"https:\/\/www.youtube.com\/embed\/UABvZPVLp9w?feature=oembed\" frameborder=\"0\" allow=\"accelerometer; autoplay; clipboard-write; encrypted-media; gyroscope; picture-in-picture; web-share\" referrerpolicy=\"strict-origin-when-cross-origin\" allowfullscreen><\/iframe>\n<\/div><\/figure>\n\n\n\n<p>Noticias<br>Contacto:&nbsp;<a href=\"mailto:redesarq@uc.cl\">redesarq@uc.cl<\/a>&nbsp;| +56 2 2354 7747<br>www.arquitectura.uc.cl&nbsp;<\/p>\n","protected":false},"excerpt":{"rendered":"<p>El profesor ARQ UC fue parte de los invitados en la mesa de di\u00e1logo titulada \u201cArquitectura contempor\u00e1nea chilena emergente\u201d, junto a \u00c1lvaro Ram\u00edrez y Francisco Cepeda; esto, en el contexto de Mextr\u00f3poli, festival de arquitectura y ciudad de la revista Arquine que en esta edici\u00f3n tiene un formato h\u00edbrido.<\/p>\n","protected":false},"author":1,"featured_media":7134,"comment_status":"open","ping_status":"open","sticky":false,"template":"","format":"standard","meta":{"_acf_changed":false,"footnotes":""},"categories":[1],"tags":[],"class_list":["post-7133","post","type-post","status-publish","format-standard","has-post-thumbnail","hentry","category-sin-categorizar"],"acf":[],"yoast_head":"<!-- This site is optimized with the Yoast SEO plugin v27.1.1 - https:\/\/yoast.com\/product\/yoast-seo-wordpress\/ -->\n<title>Alberto Moletto particip\u00f3 en Mextr\u00f3poli 2021 - Facultad de Arquitectura, Dise\u00f1o y Estudios Urbanos<\/title>\n<meta name=\"description\" content=\"El profesor ARQ UC fue parte de los invitados en la mesa de di\u00e1logo titulada \u201cArquitectura contempor\u00e1nea chilena emergente\u201d, junto a \u00c1lvaro Ram\u00edrez y Francisco Cepeda; esto, en el contexto de Mextr\u00f3poli, festival de arquitectura y ciudad de la revista Arquine que en esta edici\u00f3n tiene un formato h\u00edbrido.\" \/>\n<meta name=\"robots\" content=\"index, follow, max-snippet:-1, max-image-preview:large, max-video-preview:-1\" \/>\n<link rel=\"canonical\" href=\"https:\/\/fadeu.urantiacos.cl\/en\/2021\/04\/24\/alberto-moletto-participo-en-mextropoli-2021\/\" \/>\n<meta property=\"og:locale\" content=\"en_US\" \/>\n<meta property=\"og:type\" content=\"article\" \/>\n<meta property=\"og:title\" content=\"Alberto Moletto particip\u00f3 en Mextr\u00f3poli 2021 - Facultad de Arquitectura, Dise\u00f1o y Estudios Urbanos\" \/>\n<meta property=\"og:description\" content=\"El profesor ARQ UC fue parte de los invitados en la mesa de di\u00e1logo titulada \u201cArquitectura contempor\u00e1nea chilena emergente\u201d, junto a \u00c1lvaro Ram\u00edrez y Francisco Cepeda; esto, en el contexto de Mextr\u00f3poli, festival de arquitectura y ciudad de la revista Arquine que en esta edici\u00f3n tiene un formato h\u00edbrido.\" \/>\n<meta property=\"og:url\" content=\"https:\/\/fadeu.urantiacos.cl\/en\/2021\/04\/24\/alberto-moletto-participo-en-mextropoli-2021\/\" \/>\n<meta property=\"og:site_name\" content=\"Facultad de Arquitectura, Dise\u00f1o y Estudios Urbanos\" \/>\n<meta property=\"article:published_time\" content=\"2021-04-24T14:42:00+00:00\" \/>\n<meta property=\"article:modified_time\" content=\"2023-09-08T14:47:17+00:00\" \/>\n<meta property=\"og:image\" content=\"https:\/\/fadeu.urantiacos.cl\/wp-content\/uploads\/2023\/09\/moletto_abri28.png\" \/>\n\t<meta property=\"og:image:width\" content=\"350\" \/>\n\t<meta property=\"og:image:height\" content=\"250\" \/>\n\t<meta property=\"og:image:type\" content=\"image\/png\" \/>\n<meta name=\"author\" content=\"manadmin\" \/>\n<meta name=\"twitter:card\" content=\"summary_large_image\" \/>\n<meta name=\"twitter:label1\" content=\"Written by\" \/>\n\t<meta name=\"twitter:data1\" content=\"manadmin\" \/>\n\t<meta name=\"twitter:label2\" content=\"Est. reading time\" \/>\n\t<meta name=\"twitter:data2\" content=\"1 minute\" \/>\n<script type=\"application\/ld+json\" class=\"yoast-schema-graph\">{\"@context\":\"https:\/\/schema.org\",\"@graph\":[{\"@type\":\"Article\",\"@id\":\"https:\/\/fadeu.urantiacos.cl\/en\/2021\/04\/24\/alberto-moletto-participo-en-mextropoli-2021\/#article\",\"isPartOf\":{\"@id\":\"https:\/\/fadeu.urantiacos.cl\/en\/2021\/04\/24\/alberto-moletto-participo-en-mextropoli-2021\/\"},\"author\":{\"name\":\"manadmin\",\"@id\":\"https:\/\/fadeu.urantiacos.cl\/en\/#\/schema\/person\/d203e2e84b1c40275eac77b3061a19a2\"},\"headline\":\"Alberto Moletto particip\u00f3 en Mextr\u00f3poli 2021\",\"datePublished\":\"2021-04-24T14:42:00+00:00\",\"dateModified\":\"2023-09-08T14:47:17+00:00\",\"mainEntityOfPage\":{\"@id\":\"https:\/\/fadeu.urantiacos.cl\/en\/2021\/04\/24\/alberto-moletto-participo-en-mextropoli-2021\/\"},\"wordCount\":267,\"commentCount\":0,\"image\":{\"@id\":\"https:\/\/fadeu.urantiacos.cl\/en\/2021\/04\/24\/alberto-moletto-participo-en-mextropoli-2021\/#primaryimage\"},\"thumbnailUrl\":\"https:\/\/fadeu.urantiacos.cl\/wp-content\/uploads\/2023\/09\/moletto_abri28.png\",\"articleSection\":[\"Sin categorizar\"],\"inLanguage\":\"en-US\",\"potentialAction\":[{\"@type\":\"CommentAction\",\"name\":\"Comment\",\"target\":[\"https:\/\/fadeu.urantiacos.cl\/en\/2021\/04\/24\/alberto-moletto-participo-en-mextropoli-2021\/#respond\"]}]},{\"@type\":\"WebPage\",\"@id\":\"https:\/\/fadeu.urantiacos.cl\/en\/2021\/04\/24\/alberto-moletto-participo-en-mextropoli-2021\/\",\"url\":\"https:\/\/fadeu.urantiacos.cl\/en\/2021\/04\/24\/alberto-moletto-participo-en-mextropoli-2021\/\",\"name\":\"Alberto Moletto particip\u00f3 en Mextr\u00f3poli 2021 - Facultad de Arquitectura, Dise\u00f1o y Estudios Urbanos\",\"isPartOf\":{\"@id\":\"https:\/\/fadeu.urantiacos.cl\/en\/#website\"},\"primaryImageOfPage\":{\"@id\":\"https:\/\/fadeu.urantiacos.cl\/en\/2021\/04\/24\/alberto-moletto-participo-en-mextropoli-2021\/#primaryimage\"},\"image\":{\"@id\":\"https:\/\/fadeu.urantiacos.cl\/en\/2021\/04\/24\/alberto-moletto-participo-en-mextropoli-2021\/#primaryimage\"},\"thumbnailUrl\":\"https:\/\/fadeu.urantiacos.cl\/wp-content\/uploads\/2023\/09\/moletto_abri28.png\",\"datePublished\":\"2021-04-24T14:42:00+00:00\",\"dateModified\":\"2023-09-08T14:47:17+00:00\",\"author\":{\"@id\":\"https:\/\/fadeu.urantiacos.cl\/en\/#\/schema\/person\/d203e2e84b1c40275eac77b3061a19a2\"},\"description\":\"El profesor ARQ UC fue parte de los invitados en la mesa de di\u00e1logo titulada \u201cArquitectura contempor\u00e1nea chilena emergente\u201d, junto a \u00c1lvaro Ram\u00edrez y Francisco Cepeda; esto, en el contexto de Mextr\u00f3poli, festival de arquitectura y ciudad de la revista Arquine que en esta edici\u00f3n tiene un formato h\u00edbrido.\",\"breadcrumb\":{\"@id\":\"https:\/\/fadeu.urantiacos.cl\/en\/2021\/04\/24\/alberto-moletto-participo-en-mextropoli-2021\/#breadcrumb\"},\"inLanguage\":\"en-US\",\"potentialAction\":[{\"@type\":\"ReadAction\",\"target\":[\"https:\/\/fadeu.urantiacos.cl\/en\/2021\/04\/24\/alberto-moletto-participo-en-mextropoli-2021\/\"]}]},{\"@type\":\"ImageObject\",\"inLanguage\":\"en-US\",\"@id\":\"https:\/\/fadeu.urantiacos.cl\/en\/2021\/04\/24\/alberto-moletto-participo-en-mextropoli-2021\/#primaryimage\",\"url\":\"https:\/\/fadeu.urantiacos.cl\/wp-content\/uploads\/2023\/09\/moletto_abri28.png\",\"contentUrl\":\"https:\/\/fadeu.urantiacos.cl\/wp-content\/uploads\/2023\/09\/moletto_abri28.png\",\"width\":350,\"height\":250},{\"@type\":\"BreadcrumbList\",\"@id\":\"https:\/\/fadeu.urantiacos.cl\/en\/2021\/04\/24\/alberto-moletto-participo-en-mextropoli-2021\/#breadcrumb\",\"itemListElement\":[{\"@type\":\"ListItem\",\"position\":1,\"name\":\"Portada\",\"item\":\"https:\/\/fadeu.urantiacos.cl\/en\/\"},{\"@type\":\"ListItem\",\"position\":2,\"name\":\"Alberto Moletto particip\u00f3 en Mextr\u00f3poli 2021\"}]},{\"@type\":\"WebSite\",\"@id\":\"https:\/\/fadeu.urantiacos.cl\/en\/#website\",\"url\":\"https:\/\/fadeu.urantiacos.cl\/en\/\",\"name\":\"Facultad de Arquitectura, Dise\u00f1o y Estudios Urbanos\",\"description\":\"Campus Lo Contador\",\"potentialAction\":[{\"@type\":\"SearchAction\",\"target\":{\"@type\":\"EntryPoint\",\"urlTemplate\":\"https:\/\/fadeu.urantiacos.cl\/en\/?s={search_term_string}\"},\"query-input\":{\"@type\":\"PropertyValueSpecification\",\"valueRequired\":true,\"valueName\":\"search_term_string\"}}],\"inLanguage\":\"en-US\"},{\"@type\":\"Person\",\"@id\":\"https:\/\/fadeu.urantiacos.cl\/en\/#\/schema\/person\/d203e2e84b1c40275eac77b3061a19a2\",\"name\":\"manadmin\",\"image\":{\"@type\":\"ImageObject\",\"inLanguage\":\"en-US\",\"@id\":\"https:\/\/fadeu.urantiacos.cl\/en\/#\/schema\/person\/image\/\",\"url\":\"https:\/\/secure.gravatar.com\/avatar\/4b1d8e3303b4a9d8968ac578947d8bc80d9aea359f388cdd4aac15cadc0e8447?s=96&d=mm&r=g\",\"contentUrl\":\"https:\/\/secure.gravatar.com\/avatar\/4b1d8e3303b4a9d8968ac578947d8bc80d9aea359f388cdd4aac15cadc0e8447?s=96&d=mm&r=g\",\"caption\":\"manadmin\"},\"sameAs\":[\"https:\/\/fadeu.urantiacos.cl\"]}]}<\/script>\n<!-- \/ Yoast SEO plugin. -->","yoast_head_json":{"title":"Alberto Moletto particip\u00f3 en Mextr\u00f3poli 2021 - Facultad de Arquitectura, Dise\u00f1o y Estudios Urbanos","description":"El profesor ARQ UC fue parte de los invitados en la mesa de di\u00e1logo titulada \u201cArquitectura contempor\u00e1nea chilena emergente\u201d, junto a \u00c1lvaro Ram\u00edrez y Francisco Cepeda; esto, en el contexto de Mextr\u00f3poli, festival de arquitectura y ciudad de la revista Arquine que en esta edici\u00f3n tiene un formato h\u00edbrido.","robots":{"index":"index","follow":"follow","max-snippet":"max-snippet:-1","max-image-preview":"max-image-preview:large","max-video-preview":"max-video-preview:-1"},"canonical":"https:\/\/fadeu.urantiacos.cl\/en\/2021\/04\/24\/alberto-moletto-participo-en-mextropoli-2021\/","og_locale":"en_US","og_type":"article","og_title":"Alberto Moletto particip\u00f3 en Mextr\u00f3poli 2021 - Facultad de Arquitectura, Dise\u00f1o y Estudios Urbanos","og_description":"El profesor ARQ UC fue parte de los invitados en la mesa de di\u00e1logo titulada \u201cArquitectura contempor\u00e1nea chilena emergente\u201d, junto a \u00c1lvaro Ram\u00edrez y Francisco Cepeda; esto, en el contexto de Mextr\u00f3poli, festival de arquitectura y ciudad de la revista Arquine que en esta edici\u00f3n tiene un formato h\u00edbrido.","og_url":"https:\/\/fadeu.urantiacos.cl\/en\/2021\/04\/24\/alberto-moletto-participo-en-mextropoli-2021\/","og_site_name":"Facultad de Arquitectura, Dise\u00f1o y Estudios Urbanos","article_published_time":"2021-04-24T14:42:00+00:00","article_modified_time":"2023-09-08T14:47:17+00:00","og_image":[{"width":350,"height":250,"url":"https:\/\/fadeu.urantiacos.cl\/wp-content\/uploads\/2023\/09\/moletto_abri28.png","type":"image\/png"}],"author":"manadmin","twitter_card":"summary_large_image","twitter_misc":{"Written by":"manadmin","Est. reading time":"1 minute"},"schema":{"@context":"https:\/\/schema.org","@graph":[{"@type":"Article","@id":"https:\/\/fadeu.urantiacos.cl\/en\/2021\/04\/24\/alberto-moletto-participo-en-mextropoli-2021\/#article","isPartOf":{"@id":"https:\/\/fadeu.urantiacos.cl\/en\/2021\/04\/24\/alberto-moletto-participo-en-mextropoli-2021\/"},"author":{"name":"manadmin","@id":"https:\/\/fadeu.urantiacos.cl\/en\/#\/schema\/person\/d203e2e84b1c40275eac77b3061a19a2"},"headline":"Alberto Moletto particip\u00f3 en Mextr\u00f3poli 2021","datePublished":"2021-04-24T14:42:00+00:00","dateModified":"2023-09-08T14:47:17+00:00","mainEntityOfPage":{"@id":"https:\/\/fadeu.urantiacos.cl\/en\/2021\/04\/24\/alberto-moletto-participo-en-mextropoli-2021\/"},"wordCount":267,"commentCount":0,"image":{"@id":"https:\/\/fadeu.urantiacos.cl\/en\/2021\/04\/24\/alberto-moletto-participo-en-mextropoli-2021\/#primaryimage"},"thumbnailUrl":"https:\/\/fadeu.urantiacos.cl\/wp-content\/uploads\/2023\/09\/moletto_abri28.png","articleSection":["Sin categorizar"],"inLanguage":"en-US","potentialAction":[{"@type":"CommentAction","name":"Comment","target":["https:\/\/fadeu.urantiacos.cl\/en\/2021\/04\/24\/alberto-moletto-participo-en-mextropoli-2021\/#respond"]}]},{"@type":"WebPage","@id":"https:\/\/fadeu.urantiacos.cl\/en\/2021\/04\/24\/alberto-moletto-participo-en-mextropoli-2021\/","url":"https:\/\/fadeu.urantiacos.cl\/en\/2021\/04\/24\/alberto-moletto-participo-en-mextropoli-2021\/","name":"Alberto Moletto particip\u00f3 en Mextr\u00f3poli 2021 - Facultad de Arquitectura, Dise\u00f1o y Estudios Urbanos","isPartOf":{"@id":"https:\/\/fadeu.urantiacos.cl\/en\/#website"},"primaryImageOfPage":{"@id":"https:\/\/fadeu.urantiacos.cl\/en\/2021\/04\/24\/alberto-moletto-participo-en-mextropoli-2021\/#primaryimage"},"image":{"@id":"https:\/\/fadeu.urantiacos.cl\/en\/2021\/04\/24\/alberto-moletto-participo-en-mextropoli-2021\/#primaryimage"},"thumbnailUrl":"https:\/\/fadeu.urantiacos.cl\/wp-content\/uploads\/2023\/09\/moletto_abri28.png","datePublished":"2021-04-24T14:42:00+00:00","dateModified":"2023-09-08T14:47:17+00:00","author":{"@id":"https:\/\/fadeu.urantiacos.cl\/en\/#\/schema\/person\/d203e2e84b1c40275eac77b3061a19a2"},"description":"El profesor ARQ UC fue parte de los invitados en la mesa de di\u00e1logo titulada \u201cArquitectura contempor\u00e1nea chilena emergente\u201d, junto a \u00c1lvaro Ram\u00edrez y Francisco Cepeda; esto, en el contexto de Mextr\u00f3poli, festival de arquitectura y ciudad de la revista Arquine que en esta edici\u00f3n tiene un formato h\u00edbrido.","breadcrumb":{"@id":"https:\/\/fadeu.urantiacos.cl\/en\/2021\/04\/24\/alberto-moletto-participo-en-mextropoli-2021\/#breadcrumb"},"inLanguage":"en-US","potentialAction":[{"@type":"ReadAction","target":["https:\/\/fadeu.urantiacos.cl\/en\/2021\/04\/24\/alberto-moletto-participo-en-mextropoli-2021\/"]}]},{"@type":"ImageObject","inLanguage":"en-US","@id":"https:\/\/fadeu.urantiacos.cl\/en\/2021\/04\/24\/alberto-moletto-participo-en-mextropoli-2021\/#primaryimage","url":"https:\/\/fadeu.urantiacos.cl\/wp-content\/uploads\/2023\/09\/moletto_abri28.png","contentUrl":"https:\/\/fadeu.urantiacos.cl\/wp-content\/uploads\/2023\/09\/moletto_abri28.png","width":350,"height":250},{"@type":"BreadcrumbList","@id":"https:\/\/fadeu.urantiacos.cl\/en\/2021\/04\/24\/alberto-moletto-participo-en-mextropoli-2021\/#breadcrumb","itemListElement":[{"@type":"ListItem","position":1,"name":"Portada","item":"https:\/\/fadeu.urantiacos.cl\/en\/"},{"@type":"ListItem","position":2,"name":"Alberto Moletto particip\u00f3 en Mextr\u00f3poli 2021"}]},{"@type":"WebSite","@id":"https:\/\/fadeu.urantiacos.cl\/en\/#website","url":"https:\/\/fadeu.urantiacos.cl\/en\/","name":"Facultad de Arquitectura, Dise\u00f1o y Estudios Urbanos","description":"Campus Lo Contador","potentialAction":[{"@type":"SearchAction","target":{"@type":"EntryPoint","urlTemplate":"https:\/\/fadeu.urantiacos.cl\/en\/?s={search_term_string}"},"query-input":{"@type":"PropertyValueSpecification","valueRequired":true,"valueName":"search_term_string"}}],"inLanguage":"en-US"},{"@type":"Person","@id":"https:\/\/fadeu.urantiacos.cl\/en\/#\/schema\/person\/d203e2e84b1c40275eac77b3061a19a2","name":"manadmin","image":{"@type":"ImageObject","inLanguage":"en-US","@id":"https:\/\/fadeu.urantiacos.cl\/en\/#\/schema\/person\/image\/","url":"https:\/\/secure.gravatar.com\/avatar\/4b1d8e3303b4a9d8968ac578947d8bc80d9aea359f388cdd4aac15cadc0e8447?s=96&d=mm&r=g","contentUrl":"https:\/\/secure.gravatar.com\/avatar\/4b1d8e3303b4a9d8968ac578947d8bc80d9aea359f388cdd4aac15cadc0e8447?s=96&d=mm&r=g","caption":"manadmin"},"sameAs":["https:\/\/fadeu.urantiacos.cl"]}]}},"_links":{"self":[{"href":"https:\/\/fadeu.urantiacos.cl\/en\/wp-json\/wp\/v2\/posts\/7133","targetHints":{"allow":["GET"]}}],"collection":[{"href":"https:\/\/fadeu.urantiacos.cl\/en\/wp-json\/wp\/v2\/posts"}],"about":[{"href":"https:\/\/fadeu.urantiacos.cl\/en\/wp-json\/wp\/v2\/types\/post"}],"author":[{"embeddable":true,"href":"https:\/\/fadeu.urantiacos.cl\/en\/wp-json\/wp\/v2\/users\/1"}],"replies":[{"embeddable":true,"href":"https:\/\/fadeu.urantiacos.cl\/en\/wp-json\/wp\/v2\/comments?post=7133"}],"version-history":[{"count":1,"href":"https:\/\/fadeu.urantiacos.cl\/en\/wp-json\/wp\/v2\/posts\/7133\/revisions"}],"predecessor-version":[{"id":7135,"href":"https:\/\/fadeu.urantiacos.cl\/en\/wp-json\/wp\/v2\/posts\/7133\/revisions\/7135"}],"wp:featuredmedia":[{"embeddable":true,"href":"https:\/\/fadeu.urantiacos.cl\/en\/wp-json\/wp\/v2\/media\/7134"}],"wp:attachment":[{"href":"https:\/\/fadeu.urantiacos.cl\/en\/wp-json\/wp\/v2\/media?parent=7133"}],"wp:term":[{"taxonomy":"category","embeddable":true,"href":"https:\/\/fadeu.urantiacos.cl\/en\/wp-json\/wp\/v2\/categories?post=7133"},{"taxonomy":"post_tag","embeddable":true,"href":"https:\/\/fadeu.urantiacos.cl\/en\/wp-json\/wp\/v2\/tags?post=7133"}],"curies":[{"name":"wp","href":"https:\/\/api.w.org\/{rel}","templated":true}]}}