{"id":7129,"date":"2021-04-26T11:40:00","date_gmt":"2021-04-26T14:40:00","guid":{"rendered":"https:\/\/fadeu.urantiacos.cl\/?p=7129"},"modified":"2023-09-08T11:42:56","modified_gmt":"2023-09-08T14:42:56","slug":"alianza-artesanos-de-la-unidad-realizo-seminario-sobre-el-patrimonio-y-las-identidades-comunes","status":"publish","type":"post","link":"https:\/\/fadeu.urantiacos.cl\/en\/2021\/04\/26\/alianza-artesanos-de-la-unidad-realizo-seminario-sobre-el-patrimonio-y-las-identidades-comunes\/","title":{"rendered":"Alianza \u201cArtesanos de la Unidad\u201d realiz\u00f3 seminario sobre el patrimonio y las identidades comunes"},"content":{"rendered":"\n<figure class=\"wp-block-image size-full\"><img decoding=\"async\" width=\"350\" height=\"250\" src=\"https:\/\/fadeu.urantiacos.cl\/wp-content\/uploads\/2023\/09\/WEB_tejidos2.jpg\" alt=\"\" class=\"wp-image-7130\" srcset=\"https:\/\/fadeu.urantiacos.cl\/wp-content\/uploads\/2023\/09\/WEB_tejidos2.jpg 350w, https:\/\/fadeu.urantiacos.cl\/wp-content\/uploads\/2023\/09\/WEB_tejidos2-300x214.jpg 300w\" sizes=\"(max-width: 350px) 100vw, 350px\" \/><\/figure>\n\n\n\n<p>\u201cPatrimonio e identidades comunes\u201d es el nombre del encuentro internacional organizado por el Centro del Patrimonio Cultural UC,&nbsp;<a href=\"https:\/\/www.pucp.edu.pe\/\" target=\"_blank\" rel=\"noreferrer noopener\">la Pontificia Universidad Cat\u00f3lica del Per\u00fa<\/a>&nbsp;y la&nbsp;<a href=\"https:\/\/www.ucb.edu.bo\/\" target=\"_blank\" rel=\"noreferrer noopener\">Universidad Cat\u00f3lica Boliviana San Pablo<\/a>, que conjuntamente forman parte de la alianza&nbsp;<a href=\"https:\/\/www.uc.cl\/noticias\/alianza-artesanos-de-la-unidad-y-caf-trabajaran-en-conjunto-para-fortalecer-zonas-fronterizas\/\" target=\"_blank\" rel=\"noreferrer noopener\">\u201cArtesanos de la Unidad\u201d<\/a>. Con el prop\u00f3sito de generar un debate durante cuatro d\u00edas sobre el concepto de patrimonio y c\u00f3mo este se convierte en un relevante aspecto en el reconocimiento cultural e identitario de las comunidades en la zona sur-andina del continente americano, acad\u00e9micos de las tres instituciones de educaci\u00f3n superior organizaron este seminario internacional que concluye este jueves y que se transmite todos los d\u00edas&nbsp;<a href=\"https:\/\/www.facebook.com\/186234218064048\/videos\/832011520722036\" target=\"_blank\" rel=\"noreferrer noopener\">online<\/a>.<\/p>\n\n\n\n<p>\u201cEl objetivo principal del encuentro es contribuir a la difusi\u00f3n del conocimiento y las experiencias culturales existentes en estos tres pueblos. Se establecer\u00e1n puentes de relaci\u00f3n y puntos de contacto entre el patrimonio cultural de los tres pa\u00edses, pero al mismo tiempo se destacar\u00e1n aquellas diferencias fundamentales que caracterizan espec\u00edficamente a estas culturas\u201d, explica Umberto Bonomo, acad\u00e9mico UC y director del&nbsp;<a href=\"https:\/\/centropatrimonio.uc.cl\/\" target=\"_blank\" rel=\"noreferrer noopener\">Centro del Patrimonio Cultural<\/a>. Asimismo, explica que el seminario es de car\u00e1cter interdisciplinario y pretende promover el di\u00e1logo entre estudiantes de pregrado, de posgrado, investigadores y acad\u00e9micos interesados en la cuesti\u00f3n patrimonial.&nbsp;<\/p>\n\n\n\n<p>Mostrar la gran riqueza y la diversidad del patrimonio ancestral de la regi\u00f3n, as\u00ed como tambi\u00e9n profundizar sobre c\u00f3mo este se encuentra ligado al territorio y se manifiesta en la actualidad son otros de los prop\u00f3sitos del encuentro. \u201cLas mutaciones, las interpretaciones del lenguaje est\u00e9tico, de las formas, materiales, sabores y valores ancestrales est\u00e1n sistem\u00e1ticamente sometidas al cambio. Son la manifestaci\u00f3n evidente de que el patrimonio es una construcci\u00f3n social viva y din\u00e1mica y no s\u00f3lo una herencia que se conserva de manera est\u00e1tica\u201d, agrega Bonomo.<\/p>\n\n\n\n<p>\u201cEstamos convencidos de que estas son iniciativas claves y muy enriquecedoras, ya que comparten una misma visi\u00f3n de problemas comunes a los pa\u00edses andinos y ponen en contacto a una gran cantidad de acad\u00e9micos con intereses y \u00e1reas de trabajo comunes, produciendo sinergias muy prol\u00edficas con impacto para las sociedades&#8221; &#8211; Rector Ignacio S\u00e1nchez<\/p>\n\n\n\n<p>Durante el primer d\u00eda del encuentro, celebrado&nbsp;este lunes, se realiz\u00f3 tambi\u00e9n la presentaci\u00f3n de una edici\u00f3n especial conjunta sobre tejidos andinos en la revista Ciencia y Cultura, que se titul\u00f3 \u201cHilos de Unidad, tejidos de la zona andina y espacios colindantes\u201d. Los rectores de las tres universidades participaron de esta conferencia, en la que se incluyeron diversas investigaciones y ensayos visuales de acad\u00e9micos de las instituciones que conforman \u201cArtesanos de la Unidad\u201d, pero tambi\u00e9n de otras universidades.<\/p>\n\n\n\n<p>El rector de la UC, Ignacio S\u00e1nchez, destac\u00f3 las diferentes iniciativas que han surgido en el marco de esta alianza en \u00e1mbitos como el patrimonio cultural y alimentario, la movilidad de comunidades locales, la pol\u00edtica en la tri-frontera, los tejidos en la zona andina, as\u00ed como el macro-proyecto \u201cZonas Fronterizas\u201d. \u201cEstamos convencidos que estas son iniciativas claves y muy enriquecedoras, ya que comparten una misma visi\u00f3n de problemas comunes a los pa\u00edses andinos y ponen en contacto a una gran cantidad de acad\u00e9micos con intereses y \u00e1reas de trabajo comunes, produciendo sinergias muy prol\u00edficas con impacto para las sociedades y la regi\u00f3n andina\u201d, sostuvo.&nbsp;<\/p>\n\n\n\n<p>Asimismo, enfatiz\u00f3 la relevancia que ocupa la internacionalizaci\u00f3n en el Plan de Desarrollo 2020-2025, al estar centrado en el objetivo de articular y proyectar una mirada global en la comunidad UC en \u00e1mbitos como la formaci\u00f3n, la investigaci\u00f3n y el compromiso social, siempre considerando el apoyo que puedan brindar los socios y las redes internacionales a la instituci\u00f3n en este tema. \u201cAmbos ejes -investigaci\u00f3n en red e internacionalizaci\u00f3n- est\u00e1n reflejados en nuestra participaci\u00f3n en la red \u2018Artesanos de la Unidad\u2019. Es as\u00ed como este convenio nos permite avanzar en la internacionalizaci\u00f3n focalizada en la regi\u00f3n latinoamericana, fomentando el desarrollo de proyectos conjuntos sobre&nbsp;la base de alianzas estrat\u00e9gicas\u201d, agreg\u00f3.<\/p>\n\n\n\n<p>El rector de la Universidad Cat\u00f3lica Boliviana San Pablo, Marco Antonio Fern\u00e1ndez, valor\u00f3 el trabajo realizado por las tres instituciones. \u201cCreo que justamente expresa lo que hab\u00edamos so\u00f1ado en el inicio de este convenio (Artesanos de la Unidad), que nuestros acad\u00e9micos pudieran reunirse, conocerse y descubrir conjuntamente ese inmenso potencial que tenemos en nuestros pa\u00edses\u201d, afirm\u00f3. Enfatiz\u00f3 que la identidad cat\u00f3lica y acad\u00e9mica de las universidades sirve precisamente para generar espacios de encuentro y acercar a Bolivia, Chile y Per\u00fa, pa\u00edses que muchas veces han debido enfrentar tensiones pol\u00edticas a lo largo de su historia. \u201cTenemos una perspectiva com\u00fan como universidades cat\u00f3licas con este programa de \u2018Artesanos de la Unidad\u2019 y nacer\u00e1n seguramente muchas otras iniciativas, que permitir\u00e1n acercar a nuestros pa\u00edses\u201d, se\u00f1al\u00f3.<\/p>\n\n\n\n<p>\u201cTenemos una perspectiva com\u00fan como universidades cat\u00f3licas con este programa de \u2018Artesanos de la Unidad\u2019 y nacer\u00e1n seguramente muchas otras iniciativas, que permitir\u00e1n acercar a nuestros pa\u00edses\u201d &#8211; Marco Antonio Fern\u00e1ndez, rector de la Universidad Cat\u00f3lica Boliviana.<\/p>\n\n\n\n<p>En tanto, el rector de la Pontificia Universidad Cat\u00f3lica del Per\u00fa, Carlos Garatea, se refiri\u00f3 a la dif\u00edcil coyuntura que est\u00e1 viviendo la regi\u00f3n a prop\u00f3sito de la crisis sanitaria y a la importancia de trabajar de manera mancomunada. \u201cCuanta falta nos hace un sue\u00f1o com\u00fan que nos ayude a cruzar la tormenta. Las universidades, y este acuerdo tripartito lo demuestra, tienen mucho que aportar para urgir el respeto a la dignidad e instaurar el derecho a ser felices y sembrar la conciencia en nuestros estudiantes del valor de ser aut\u00e9nticos ciudadanos y de que podemos siempre trabajar juntos\u201d, afirm\u00f3.\u00a0<\/p>\n\n\n\n<figure class=\"wp-block-image size-full\"><img decoding=\"async\" width=\"700\" height=\"321\" src=\"https:\/\/fadeu.urantiacos.cl\/wp-content\/uploads\/2023\/09\/encuentro.jpg\" alt=\"\" class=\"wp-image-7131\" srcset=\"https:\/\/fadeu.urantiacos.cl\/wp-content\/uploads\/2023\/09\/encuentro.jpg 700w, https:\/\/fadeu.urantiacos.cl\/wp-content\/uploads\/2023\/09\/encuentro-300x138.jpg 300w\" sizes=\"(max-width: 700px) 100vw, 700px\" \/><\/figure>\n\n\n\n<p>Durante el encuentro la acad\u00e9mica de la&nbsp;<a href=\"https:\/\/diseno.uc.cl\/\" target=\"_blank\" rel=\"noreferrer noopener\">Escuela de Dise\u00f1o UC<\/a>&nbsp;Soledad Hoces de la Guardia expuso sobre el proyecto \u201cRevitalizando saberes textiles en Colchane\u201d, que le permiti\u00f3 a un grupo de tejedoras pertenecientes a la comunidad aymara promover la recuperaci\u00f3n de ciertas t\u00e9cnicas del ciclo textil que estaban olvidadas, \u201ccomo la hilatura manual de la fibra de sus propios reba\u00f1os, el te\u00f1ido, el tejido y las terminaciones\u201d. Es as\u00ed como con la ayuda de profesionales se logr\u00f3 generar una suerte de biblioteca de tejidos que pueden ser solicitadas en calidad de pr\u00e9stamo por parte de las tejedoras cuando quieren aprender alguna t\u00e9cnica determinada. \u201cEl mayor logro de esta experiencia fue el adecuado ensamble entre el equipo de profesionales y la asociaci\u00f3n de tejedoras, quienes autogestionaron parte importante del proyecto en ausencia de las profesionales\u201d, afirm\u00f3 Soledad Hoces, quien tambi\u00e9n realizar\u00e1 este jueves la conferencia magistral \u201cQu\u00e9 traemos bajo el poncho\u201d (A las 18:45 a trav\u00e9s de&nbsp;<a href=\"https:\/\/www.facebook.com\/culturarteUCB\/live\" target=\"_blank\" rel=\"noreferrer noopener\">Facebook Live<\/a>).<\/p>\n\n\n\n<p>El vicerrector de Investigaci\u00f3n de la UC, Pedro Bouchon, valor\u00f3 el aporte y la diversidad que la red ha generado desde su origen.&nbsp;\u201cLa creaci\u00f3n de nuevo conocimiento desde las ciencias sociales y humanidades, en particular del patrimonio cultural de Chile, Per\u00fa y Bolivia, y desarrollado en proyectos de dise\u00f1o, historia, educaci\u00f3n, arte, entre otras \u00e1reas, muestra la amplitud del impacto del trabajo que ha desarrollado la Red Artesanos de la Unidad desde 2019. Este encuentro destaca lo relevante de estas tem\u00e1ticas del patrimonio cultural y desde nuestras ra\u00edces originarias e iniciativas culturales propias y de educaci\u00f3n que tiene cada pa\u00eds; y que se ve reflejado en las m\u00e1s de 60 exposiciones\u201d, se\u00f1al\u00f3.<\/p>\n\n\n\n<p>Adem\u00e1s, agreg\u00f3 que \u201cestos desarrollos muestran un trabajo de investigaci\u00f3n permanente y dedicado sobre la cultura y sociedad de cada pa\u00eds, con resultados relevantes que permiten una valiosa creaci\u00f3n y transferencia de conocimientos, tambi\u00e9n interdisciplinaria y de vanguardia, no s\u00f3lo para las tres entidades, sino para al resto del mundo. &nbsp;Esta instancia tambi\u00e9n permite estrechar y generar nuevas redes entre investigadores e investigadoras de distintos centros de estudios, para profundizar y desarrollar nuevos trabajos en conjunto de car\u00e1cter internacional\u201d.<\/p>\n\n\n\n<p>La jornada inaugural concluy\u00f3 con un homenaje a Marco Antonio Fern\u00e1ndez, quien dejar\u00e1 pr\u00f3ximamente de ser rector de la Universidad Cat\u00f3lica Boliviana San Pablo tras haber dirigido durante ocho a\u00f1os la casa de estudios. Junto con valorar la relaci\u00f3n de amistad que mantiene con Fern\u00e1ndez, el rector Ignacio S\u00e1nchez destac\u00f3 su rol en la conformaci\u00f3n de \u201cArtesanos de la Unidad\u201d. \u201cCon el rector Marco Antonio Fern\u00e1ndez hemos compartido numerosas visitas, tanto de manera presencial como virtual. Es as\u00ed como naci\u00f3 la idea de formar esta red. En enero del a\u00f1o 2019 nos juntamos en La Paz, Bolivia, para firmar el Convenio de Cooperaci\u00f3n Interinstitucional de la red\u201d, record\u00f3.&nbsp;<\/p>\n\n\n\n<p>*El encuentro \u201cPatrimonio e identidades comunes\u201d es transmitido en l\u00ednea, a trav\u00e9s del&nbsp;<a href=\"https:\/\/www.facebook.com\/culturarteUCB\/live\">Facebook Live<\/a>&nbsp;de la Universidad Cat\u00f3lica Boliviana, con diversas ponencias entre las 9:00 y las 12:40, as\u00ed como entre las 15:00 y las 18:40. Este jueves a las 18:45 la acad\u00e9mica UC Soledad Hoces de la Guardia realizar\u00e1 la conferencia magistral \u201c\u00bfQu\u00e9 traemos bajo el Poncho?\u201d por el mismo&nbsp;<a href=\"https:\/\/www.facebook.com\/culturarteUCB\/live\">canal<\/a>.<\/p>\n\n\n\n<p>INFORMACI\u00d3N PERIOD\u00cdSTICA<br>Mat\u00edas Broschek Santelices<\/p>\n","protected":false},"excerpt":{"rendered":"<p>El encuentro de car\u00e1cter interdisciplinario constituy\u00f3 una instancia de di\u00e1logo entre estudiantes e investigadores de la Universidad Cat\u00f3lica Boliviana, la Pontificia Universidad Cat\u00f3lica del Per\u00fa y la UC. Los rectores de las tres instituciones participaron en la presentaci\u00f3n de la revista Ciencia y Cultura en una edici\u00f3n conjunta dedicada a los tejidos andinos.<\/p>\n","protected":false},"author":1,"featured_media":7130,"comment_status":"open","ping_status":"open","sticky":false,"template":"","format":"standard","meta":{"_acf_changed":false,"footnotes":""},"categories":[1],"tags":[],"class_list":["post-7129","post","type-post","status-publish","format-standard","has-post-thumbnail","hentry","category-sin-categorizar"],"acf":[],"yoast_head":"<!-- This site is optimized with the Yoast SEO plugin v27.1.1 - https:\/\/yoast.com\/product\/yoast-seo-wordpress\/ -->\n<title>Alianza \u201cArtesanos de la Unidad\u201d realiz\u00f3 seminario sobre el patrimonio y las identidades comunes - Facultad de Arquitectura, Dise\u00f1o y Estudios Urbanos<\/title>\n<meta name=\"description\" content=\"El encuentro de car\u00e1cter interdisciplinario constituy\u00f3 una instancia de di\u00e1logo entre estudiantes e investigadores de la Universidad Cat\u00f3lica Boliviana, la Pontificia Universidad Cat\u00f3lica del Per\u00fa y la UC. Los rectores de las tres instituciones participaron en la presentaci\u00f3n de la revista Ciencia y Cultura en una edici\u00f3n conjunta dedicada a los tejidos andinos.\" \/>\n<meta name=\"robots\" content=\"index, follow, max-snippet:-1, max-image-preview:large, max-video-preview:-1\" \/>\n<link rel=\"canonical\" href=\"https:\/\/fadeu.urantiacos.cl\/en\/2021\/04\/26\/alianza-artesanos-de-la-unidad-realizo-seminario-sobre-el-patrimonio-y-las-identidades-comunes\/\" \/>\n<meta property=\"og:locale\" content=\"en_US\" \/>\n<meta property=\"og:type\" content=\"article\" \/>\n<meta property=\"og:title\" content=\"Alianza \u201cArtesanos de la Unidad\u201d realiz\u00f3 seminario sobre el patrimonio y las identidades comunes - Facultad de Arquitectura, Dise\u00f1o y Estudios Urbanos\" \/>\n<meta property=\"og:description\" content=\"El encuentro de car\u00e1cter interdisciplinario constituy\u00f3 una instancia de di\u00e1logo entre estudiantes e investigadores de la Universidad Cat\u00f3lica Boliviana, la Pontificia Universidad Cat\u00f3lica del Per\u00fa y la UC. Los rectores de las tres instituciones participaron en la presentaci\u00f3n de la revista Ciencia y Cultura en una edici\u00f3n conjunta dedicada a los tejidos andinos.\" \/>\n<meta property=\"og:url\" content=\"https:\/\/fadeu.urantiacos.cl\/en\/2021\/04\/26\/alianza-artesanos-de-la-unidad-realizo-seminario-sobre-el-patrimonio-y-las-identidades-comunes\/\" \/>\n<meta property=\"og:site_name\" content=\"Facultad de Arquitectura, Dise\u00f1o y Estudios Urbanos\" \/>\n<meta property=\"article:published_time\" content=\"2021-04-26T14:40:00+00:00\" \/>\n<meta property=\"article:modified_time\" content=\"2023-09-08T14:42:56+00:00\" \/>\n<meta property=\"og:image\" content=\"https:\/\/fadeu.urantiacos.cl\/wp-content\/uploads\/2023\/09\/WEB_tejidos2.jpg\" \/>\n\t<meta property=\"og:image:width\" content=\"350\" \/>\n\t<meta property=\"og:image:height\" content=\"250\" \/>\n\t<meta property=\"og:image:type\" content=\"image\/jpeg\" \/>\n<meta name=\"author\" content=\"manadmin\" \/>\n<meta name=\"twitter:card\" content=\"summary_large_image\" \/>\n<meta name=\"twitter:label1\" content=\"Written by\" \/>\n\t<meta name=\"twitter:data1\" content=\"manadmin\" \/>\n\t<meta name=\"twitter:label2\" content=\"Est. reading time\" \/>\n\t<meta name=\"twitter:data2\" content=\"8 minutes\" \/>\n<script type=\"application\/ld+json\" class=\"yoast-schema-graph\">{\"@context\":\"https:\/\/schema.org\",\"@graph\":[{\"@type\":\"Article\",\"@id\":\"https:\/\/fadeu.urantiacos.cl\/en\/2021\/04\/26\/alianza-artesanos-de-la-unidad-realizo-seminario-sobre-el-patrimonio-y-las-identidades-comunes\/#article\",\"isPartOf\":{\"@id\":\"https:\/\/fadeu.urantiacos.cl\/en\/2021\/04\/26\/alianza-artesanos-de-la-unidad-realizo-seminario-sobre-el-patrimonio-y-las-identidades-comunes\/\"},\"author\":{\"name\":\"manadmin\",\"@id\":\"https:\/\/fadeu.urantiacos.cl\/en\/#\/schema\/person\/d203e2e84b1c40275eac77b3061a19a2\"},\"headline\":\"Alianza \u201cArtesanos de la Unidad\u201d realiz\u00f3 seminario sobre el patrimonio y las identidades comunes\",\"datePublished\":\"2021-04-26T14:40:00+00:00\",\"dateModified\":\"2023-09-08T14:42:56+00:00\",\"mainEntityOfPage\":{\"@id\":\"https:\/\/fadeu.urantiacos.cl\/en\/2021\/04\/26\/alianza-artesanos-de-la-unidad-realizo-seminario-sobre-el-patrimonio-y-las-identidades-comunes\/\"},\"wordCount\":1577,\"commentCount\":0,\"image\":{\"@id\":\"https:\/\/fadeu.urantiacos.cl\/en\/2021\/04\/26\/alianza-artesanos-de-la-unidad-realizo-seminario-sobre-el-patrimonio-y-las-identidades-comunes\/#primaryimage\"},\"thumbnailUrl\":\"https:\/\/fadeu.urantiacos.cl\/wp-content\/uploads\/2023\/09\/WEB_tejidos2.jpg\",\"articleSection\":[\"Sin categorizar\"],\"inLanguage\":\"en-US\",\"potentialAction\":[{\"@type\":\"CommentAction\",\"name\":\"Comment\",\"target\":[\"https:\/\/fadeu.urantiacos.cl\/en\/2021\/04\/26\/alianza-artesanos-de-la-unidad-realizo-seminario-sobre-el-patrimonio-y-las-identidades-comunes\/#respond\"]}]},{\"@type\":\"WebPage\",\"@id\":\"https:\/\/fadeu.urantiacos.cl\/en\/2021\/04\/26\/alianza-artesanos-de-la-unidad-realizo-seminario-sobre-el-patrimonio-y-las-identidades-comunes\/\",\"url\":\"https:\/\/fadeu.urantiacos.cl\/en\/2021\/04\/26\/alianza-artesanos-de-la-unidad-realizo-seminario-sobre-el-patrimonio-y-las-identidades-comunes\/\",\"name\":\"Alianza \u201cArtesanos de la Unidad\u201d realiz\u00f3 seminario sobre el patrimonio y las identidades comunes - Facultad de Arquitectura, Dise\u00f1o y Estudios Urbanos\",\"isPartOf\":{\"@id\":\"https:\/\/fadeu.urantiacos.cl\/en\/#website\"},\"primaryImageOfPage\":{\"@id\":\"https:\/\/fadeu.urantiacos.cl\/en\/2021\/04\/26\/alianza-artesanos-de-la-unidad-realizo-seminario-sobre-el-patrimonio-y-las-identidades-comunes\/#primaryimage\"},\"image\":{\"@id\":\"https:\/\/fadeu.urantiacos.cl\/en\/2021\/04\/26\/alianza-artesanos-de-la-unidad-realizo-seminario-sobre-el-patrimonio-y-las-identidades-comunes\/#primaryimage\"},\"thumbnailUrl\":\"https:\/\/fadeu.urantiacos.cl\/wp-content\/uploads\/2023\/09\/WEB_tejidos2.jpg\",\"datePublished\":\"2021-04-26T14:40:00+00:00\",\"dateModified\":\"2023-09-08T14:42:56+00:00\",\"author\":{\"@id\":\"https:\/\/fadeu.urantiacos.cl\/en\/#\/schema\/person\/d203e2e84b1c40275eac77b3061a19a2\"},\"description\":\"El encuentro de car\u00e1cter interdisciplinario constituy\u00f3 una instancia de di\u00e1logo entre estudiantes e investigadores de la Universidad Cat\u00f3lica Boliviana, la Pontificia Universidad Cat\u00f3lica del Per\u00fa y la UC. Los rectores de las tres instituciones participaron en la presentaci\u00f3n de la revista Ciencia y Cultura en una edici\u00f3n conjunta dedicada a los tejidos andinos.\",\"breadcrumb\":{\"@id\":\"https:\/\/fadeu.urantiacos.cl\/en\/2021\/04\/26\/alianza-artesanos-de-la-unidad-realizo-seminario-sobre-el-patrimonio-y-las-identidades-comunes\/#breadcrumb\"},\"inLanguage\":\"en-US\",\"potentialAction\":[{\"@type\":\"ReadAction\",\"target\":[\"https:\/\/fadeu.urantiacos.cl\/en\/2021\/04\/26\/alianza-artesanos-de-la-unidad-realizo-seminario-sobre-el-patrimonio-y-las-identidades-comunes\/\"]}]},{\"@type\":\"ImageObject\",\"inLanguage\":\"en-US\",\"@id\":\"https:\/\/fadeu.urantiacos.cl\/en\/2021\/04\/26\/alianza-artesanos-de-la-unidad-realizo-seminario-sobre-el-patrimonio-y-las-identidades-comunes\/#primaryimage\",\"url\":\"https:\/\/fadeu.urantiacos.cl\/wp-content\/uploads\/2023\/09\/WEB_tejidos2.jpg\",\"contentUrl\":\"https:\/\/fadeu.urantiacos.cl\/wp-content\/uploads\/2023\/09\/WEB_tejidos2.jpg\",\"width\":350,\"height\":250},{\"@type\":\"BreadcrumbList\",\"@id\":\"https:\/\/fadeu.urantiacos.cl\/en\/2021\/04\/26\/alianza-artesanos-de-la-unidad-realizo-seminario-sobre-el-patrimonio-y-las-identidades-comunes\/#breadcrumb\",\"itemListElement\":[{\"@type\":\"ListItem\",\"position\":1,\"name\":\"Portada\",\"item\":\"https:\/\/fadeu.urantiacos.cl\/en\/\"},{\"@type\":\"ListItem\",\"position\":2,\"name\":\"Alianza \u201cArtesanos de la Unidad\u201d realiz\u00f3 seminario sobre el patrimonio y las identidades comunes\"}]},{\"@type\":\"WebSite\",\"@id\":\"https:\/\/fadeu.urantiacos.cl\/en\/#website\",\"url\":\"https:\/\/fadeu.urantiacos.cl\/en\/\",\"name\":\"Facultad de Arquitectura, Dise\u00f1o y Estudios Urbanos\",\"description\":\"Campus Lo Contador\",\"potentialAction\":[{\"@type\":\"SearchAction\",\"target\":{\"@type\":\"EntryPoint\",\"urlTemplate\":\"https:\/\/fadeu.urantiacos.cl\/en\/?s={search_term_string}\"},\"query-input\":{\"@type\":\"PropertyValueSpecification\",\"valueRequired\":true,\"valueName\":\"search_term_string\"}}],\"inLanguage\":\"en-US\"},{\"@type\":\"Person\",\"@id\":\"https:\/\/fadeu.urantiacos.cl\/en\/#\/schema\/person\/d203e2e84b1c40275eac77b3061a19a2\",\"name\":\"manadmin\",\"image\":{\"@type\":\"ImageObject\",\"inLanguage\":\"en-US\",\"@id\":\"https:\/\/fadeu.urantiacos.cl\/en\/#\/schema\/person\/image\/\",\"url\":\"https:\/\/secure.gravatar.com\/avatar\/4b1d8e3303b4a9d8968ac578947d8bc80d9aea359f388cdd4aac15cadc0e8447?s=96&d=mm&r=g\",\"contentUrl\":\"https:\/\/secure.gravatar.com\/avatar\/4b1d8e3303b4a9d8968ac578947d8bc80d9aea359f388cdd4aac15cadc0e8447?s=96&d=mm&r=g\",\"caption\":\"manadmin\"},\"sameAs\":[\"https:\/\/fadeu.urantiacos.cl\"]}]}<\/script>\n<!-- \/ Yoast SEO plugin. -->","yoast_head_json":{"title":"Alianza \u201cArtesanos de la Unidad\u201d realiz\u00f3 seminario sobre el patrimonio y las identidades comunes - Facultad de Arquitectura, Dise\u00f1o y Estudios Urbanos","description":"El encuentro de car\u00e1cter interdisciplinario constituy\u00f3 una instancia de di\u00e1logo entre estudiantes e investigadores de la Universidad Cat\u00f3lica Boliviana, la Pontificia Universidad Cat\u00f3lica del Per\u00fa y la UC. Los rectores de las tres instituciones participaron en la presentaci\u00f3n de la revista Ciencia y Cultura en una edici\u00f3n conjunta dedicada a los tejidos andinos.","robots":{"index":"index","follow":"follow","max-snippet":"max-snippet:-1","max-image-preview":"max-image-preview:large","max-video-preview":"max-video-preview:-1"},"canonical":"https:\/\/fadeu.urantiacos.cl\/en\/2021\/04\/26\/alianza-artesanos-de-la-unidad-realizo-seminario-sobre-el-patrimonio-y-las-identidades-comunes\/","og_locale":"en_US","og_type":"article","og_title":"Alianza \u201cArtesanos de la Unidad\u201d realiz\u00f3 seminario sobre el patrimonio y las identidades comunes - Facultad de Arquitectura, Dise\u00f1o y Estudios Urbanos","og_description":"El encuentro de car\u00e1cter interdisciplinario constituy\u00f3 una instancia de di\u00e1logo entre estudiantes e investigadores de la Universidad Cat\u00f3lica Boliviana, la Pontificia Universidad Cat\u00f3lica del Per\u00fa y la UC. Los rectores de las tres instituciones participaron en la presentaci\u00f3n de la revista Ciencia y Cultura en una edici\u00f3n conjunta dedicada a los tejidos andinos.","og_url":"https:\/\/fadeu.urantiacos.cl\/en\/2021\/04\/26\/alianza-artesanos-de-la-unidad-realizo-seminario-sobre-el-patrimonio-y-las-identidades-comunes\/","og_site_name":"Facultad de Arquitectura, Dise\u00f1o y Estudios Urbanos","article_published_time":"2021-04-26T14:40:00+00:00","article_modified_time":"2023-09-08T14:42:56+00:00","og_image":[{"width":350,"height":250,"url":"https:\/\/fadeu.urantiacos.cl\/wp-content\/uploads\/2023\/09\/WEB_tejidos2.jpg","type":"image\/jpeg"}],"author":"manadmin","twitter_card":"summary_large_image","twitter_misc":{"Written by":"manadmin","Est. reading time":"8 minutes"},"schema":{"@context":"https:\/\/schema.org","@graph":[{"@type":"Article","@id":"https:\/\/fadeu.urantiacos.cl\/en\/2021\/04\/26\/alianza-artesanos-de-la-unidad-realizo-seminario-sobre-el-patrimonio-y-las-identidades-comunes\/#article","isPartOf":{"@id":"https:\/\/fadeu.urantiacos.cl\/en\/2021\/04\/26\/alianza-artesanos-de-la-unidad-realizo-seminario-sobre-el-patrimonio-y-las-identidades-comunes\/"},"author":{"name":"manadmin","@id":"https:\/\/fadeu.urantiacos.cl\/en\/#\/schema\/person\/d203e2e84b1c40275eac77b3061a19a2"},"headline":"Alianza \u201cArtesanos de la Unidad\u201d realiz\u00f3 seminario sobre el patrimonio y las identidades comunes","datePublished":"2021-04-26T14:40:00+00:00","dateModified":"2023-09-08T14:42:56+00:00","mainEntityOfPage":{"@id":"https:\/\/fadeu.urantiacos.cl\/en\/2021\/04\/26\/alianza-artesanos-de-la-unidad-realizo-seminario-sobre-el-patrimonio-y-las-identidades-comunes\/"},"wordCount":1577,"commentCount":0,"image":{"@id":"https:\/\/fadeu.urantiacos.cl\/en\/2021\/04\/26\/alianza-artesanos-de-la-unidad-realizo-seminario-sobre-el-patrimonio-y-las-identidades-comunes\/#primaryimage"},"thumbnailUrl":"https:\/\/fadeu.urantiacos.cl\/wp-content\/uploads\/2023\/09\/WEB_tejidos2.jpg","articleSection":["Sin categorizar"],"inLanguage":"en-US","potentialAction":[{"@type":"CommentAction","name":"Comment","target":["https:\/\/fadeu.urantiacos.cl\/en\/2021\/04\/26\/alianza-artesanos-de-la-unidad-realizo-seminario-sobre-el-patrimonio-y-las-identidades-comunes\/#respond"]}]},{"@type":"WebPage","@id":"https:\/\/fadeu.urantiacos.cl\/en\/2021\/04\/26\/alianza-artesanos-de-la-unidad-realizo-seminario-sobre-el-patrimonio-y-las-identidades-comunes\/","url":"https:\/\/fadeu.urantiacos.cl\/en\/2021\/04\/26\/alianza-artesanos-de-la-unidad-realizo-seminario-sobre-el-patrimonio-y-las-identidades-comunes\/","name":"Alianza \u201cArtesanos de la Unidad\u201d realiz\u00f3 seminario sobre el patrimonio y las identidades comunes - Facultad de Arquitectura, Dise\u00f1o y Estudios Urbanos","isPartOf":{"@id":"https:\/\/fadeu.urantiacos.cl\/en\/#website"},"primaryImageOfPage":{"@id":"https:\/\/fadeu.urantiacos.cl\/en\/2021\/04\/26\/alianza-artesanos-de-la-unidad-realizo-seminario-sobre-el-patrimonio-y-las-identidades-comunes\/#primaryimage"},"image":{"@id":"https:\/\/fadeu.urantiacos.cl\/en\/2021\/04\/26\/alianza-artesanos-de-la-unidad-realizo-seminario-sobre-el-patrimonio-y-las-identidades-comunes\/#primaryimage"},"thumbnailUrl":"https:\/\/fadeu.urantiacos.cl\/wp-content\/uploads\/2023\/09\/WEB_tejidos2.jpg","datePublished":"2021-04-26T14:40:00+00:00","dateModified":"2023-09-08T14:42:56+00:00","author":{"@id":"https:\/\/fadeu.urantiacos.cl\/en\/#\/schema\/person\/d203e2e84b1c40275eac77b3061a19a2"},"description":"El encuentro de car\u00e1cter interdisciplinario constituy\u00f3 una instancia de di\u00e1logo entre estudiantes e investigadores de la Universidad Cat\u00f3lica Boliviana, la Pontificia Universidad Cat\u00f3lica del Per\u00fa y la UC. Los rectores de las tres instituciones participaron en la presentaci\u00f3n de la revista Ciencia y Cultura en una edici\u00f3n conjunta dedicada a los tejidos andinos.","breadcrumb":{"@id":"https:\/\/fadeu.urantiacos.cl\/en\/2021\/04\/26\/alianza-artesanos-de-la-unidad-realizo-seminario-sobre-el-patrimonio-y-las-identidades-comunes\/#breadcrumb"},"inLanguage":"en-US","potentialAction":[{"@type":"ReadAction","target":["https:\/\/fadeu.urantiacos.cl\/en\/2021\/04\/26\/alianza-artesanos-de-la-unidad-realizo-seminario-sobre-el-patrimonio-y-las-identidades-comunes\/"]}]},{"@type":"ImageObject","inLanguage":"en-US","@id":"https:\/\/fadeu.urantiacos.cl\/en\/2021\/04\/26\/alianza-artesanos-de-la-unidad-realizo-seminario-sobre-el-patrimonio-y-las-identidades-comunes\/#primaryimage","url":"https:\/\/fadeu.urantiacos.cl\/wp-content\/uploads\/2023\/09\/WEB_tejidos2.jpg","contentUrl":"https:\/\/fadeu.urantiacos.cl\/wp-content\/uploads\/2023\/09\/WEB_tejidos2.jpg","width":350,"height":250},{"@type":"BreadcrumbList","@id":"https:\/\/fadeu.urantiacos.cl\/en\/2021\/04\/26\/alianza-artesanos-de-la-unidad-realizo-seminario-sobre-el-patrimonio-y-las-identidades-comunes\/#breadcrumb","itemListElement":[{"@type":"ListItem","position":1,"name":"Portada","item":"https:\/\/fadeu.urantiacos.cl\/en\/"},{"@type":"ListItem","position":2,"name":"Alianza \u201cArtesanos de la Unidad\u201d realiz\u00f3 seminario sobre el patrimonio y las identidades comunes"}]},{"@type":"WebSite","@id":"https:\/\/fadeu.urantiacos.cl\/en\/#website","url":"https:\/\/fadeu.urantiacos.cl\/en\/","name":"Facultad de Arquitectura, Dise\u00f1o y Estudios Urbanos","description":"Campus Lo Contador","potentialAction":[{"@type":"SearchAction","target":{"@type":"EntryPoint","urlTemplate":"https:\/\/fadeu.urantiacos.cl\/en\/?s={search_term_string}"},"query-input":{"@type":"PropertyValueSpecification","valueRequired":true,"valueName":"search_term_string"}}],"inLanguage":"en-US"},{"@type":"Person","@id":"https:\/\/fadeu.urantiacos.cl\/en\/#\/schema\/person\/d203e2e84b1c40275eac77b3061a19a2","name":"manadmin","image":{"@type":"ImageObject","inLanguage":"en-US","@id":"https:\/\/fadeu.urantiacos.cl\/en\/#\/schema\/person\/image\/","url":"https:\/\/secure.gravatar.com\/avatar\/4b1d8e3303b4a9d8968ac578947d8bc80d9aea359f388cdd4aac15cadc0e8447?s=96&d=mm&r=g","contentUrl":"https:\/\/secure.gravatar.com\/avatar\/4b1d8e3303b4a9d8968ac578947d8bc80d9aea359f388cdd4aac15cadc0e8447?s=96&d=mm&r=g","caption":"manadmin"},"sameAs":["https:\/\/fadeu.urantiacos.cl"]}]}},"_links":{"self":[{"href":"https:\/\/fadeu.urantiacos.cl\/en\/wp-json\/wp\/v2\/posts\/7129","targetHints":{"allow":["GET"]}}],"collection":[{"href":"https:\/\/fadeu.urantiacos.cl\/en\/wp-json\/wp\/v2\/posts"}],"about":[{"href":"https:\/\/fadeu.urantiacos.cl\/en\/wp-json\/wp\/v2\/types\/post"}],"author":[{"embeddable":true,"href":"https:\/\/fadeu.urantiacos.cl\/en\/wp-json\/wp\/v2\/users\/1"}],"replies":[{"embeddable":true,"href":"https:\/\/fadeu.urantiacos.cl\/en\/wp-json\/wp\/v2\/comments?post=7129"}],"version-history":[{"count":1,"href":"https:\/\/fadeu.urantiacos.cl\/en\/wp-json\/wp\/v2\/posts\/7129\/revisions"}],"predecessor-version":[{"id":7132,"href":"https:\/\/fadeu.urantiacos.cl\/en\/wp-json\/wp\/v2\/posts\/7129\/revisions\/7132"}],"wp:featuredmedia":[{"embeddable":true,"href":"https:\/\/fadeu.urantiacos.cl\/en\/wp-json\/wp\/v2\/media\/7130"}],"wp:attachment":[{"href":"https:\/\/fadeu.urantiacos.cl\/en\/wp-json\/wp\/v2\/media?parent=7129"}],"wp:term":[{"taxonomy":"category","embeddable":true,"href":"https:\/\/fadeu.urantiacos.cl\/en\/wp-json\/wp\/v2\/categories?post=7129"},{"taxonomy":"post_tag","embeddable":true,"href":"https:\/\/fadeu.urantiacos.cl\/en\/wp-json\/wp\/v2\/tags?post=7129"}],"curies":[{"name":"wp","href":"https:\/\/api.w.org\/{rel}","templated":true}]}}