{"id":7122,"date":"2021-04-26T11:36:00","date_gmt":"2021-04-26T14:36:00","guid":{"rendered":"https:\/\/fadeu.urantiacos.cl\/?p=7122"},"modified":"2023-09-08T11:38:27","modified_gmt":"2023-09-08T14:38:27","slug":"unidades-fadeu-eligieron-a-sus-representantes-ante-sus-respectivos-consejos-academicos","status":"publish","type":"post","link":"https:\/\/fadeu.urantiacos.cl\/en\/2021\/04\/26\/unidades-fadeu-eligieron-a-sus-representantes-ante-sus-respectivos-consejos-academicos\/","title":{"rendered":"Unidades FADEU eligieron a sus representantes ante sus respectivos Consejos Acad\u00e9micos"},"content":{"rendered":"\n<figure class=\"wp-block-image size-full\"><img decoding=\"async\" width=\"350\" height=\"250\" src=\"https:\/\/fadeu.urantiacos.cl\/wp-content\/uploads\/2023\/09\/LO_CONTADOR-001_web.jpg\" alt=\"\" class=\"wp-image-7123\" srcset=\"https:\/\/fadeu.urantiacos.cl\/wp-content\/uploads\/2023\/09\/LO_CONTADOR-001_web.jpg 350w, https:\/\/fadeu.urantiacos.cl\/wp-content\/uploads\/2023\/09\/LO_CONTADOR-001_web-300x214.jpg 300w\" sizes=\"(max-width: 350px) 100vw, 350px\" \/><\/figure>\n\n\n\n<p>(C) Philippe Blanc<\/p>\n\n\n\n<p><\/p>\n\n\n\n<p>Encinas inform\u00f3, adem\u00e1s, que el proceso se desarroll\u00f3 mediante la aplicaci\u00f3n ElectionBuddy y los profesores\/as electos\/as por unidad, luego de conocerse los resultados, son los siguientes:<\/p>\n\n\n\n<p>&#8211;&nbsp;&nbsp;&nbsp;&nbsp;&nbsp;&nbsp; Escuela de Arquitectura: profesores Umberto Bonomo, Francisco Quintana, Alejandra Bosch y Cecilia Puga.<\/p>\n\n\n\n<p>&#8211;&nbsp;&nbsp;&nbsp;&nbsp;&nbsp;&nbsp; Escuela de Dise\u00f1o: profesores Paola Moreno, Lina C\u00e1rdenas, Mar\u00eda Soledad Hoces y Sebasti\u00e1n Negrete.<\/p>\n\n\n\n<p>&#8211;&nbsp;&nbsp;&nbsp;&nbsp;&nbsp;&nbsp; Instituto de Estudios Urbanos y Territoriales: profesores Macarena Ibarra, Christi\u00e1n Matus, Arturo Orellana y Javier Ruiz Tagle.<\/p>\n\n\n\n<p>En la escuela de Arquitectura existe un cuerpo electoral de 46&nbsp;acad\u00e9micos, de los cuales votaron&nbsp;39 (85% del total). Adem\u00e1s, hubo una abstenci\u00f3n, lo que dio un total de 40 votos emitidos.<\/p>\n\n\n\n<p>En la escuela de Dise\u00f1o se registraron 20 votos, de un total de 21 acad\u00e9micos habilitados para sufragar (95% de participaci\u00f3n). No hubo abstenciones, lo que da un total de 20 votos emitidos.<\/p>\n\n\n\n<p>En Instituto de Estudios Urbanos y Territoriales, de un total de 12 acad\u00e9micos<br>habilitados para sufragar, se registraron 11 votos (92% del cuerpo electoral), y cero abstenciones, lo que dio un total de 11 votos emitidos.El decano Mario Ubilla celebr\u00f3 el proceso, indicando que la Facultad ha sabido adaptarse a los tiempos y los procesos eleccionarios que lidera la Secretar\u00eda Acad\u00e9mica de la FADEU, y que &nbsp;toda la gesti\u00f3n realizada habla de la buena disposici\u00f3n de los acad\u00e9micos para participar de los procesos democr\u00e1ticos internos de sus unidades respectivas.<\/p>\n\n\n\n<p>Es importante recalcar que seg\u00fan los \u201c<a href=\"http:\/\/fadeu.urantiacos.cl\/facultad\/secretaria-academica\/estatuto-de-la-facultad\" target=\"_blank\" rel=\"noreferrer noopener\">Estatutos de la Facultad de Arquitectura, Dise\u00f1o y estudios Urbanos<\/a>\u201d&nbsp;a los Consejos Acad\u00e9micos de las tres unidades les corresponde: a) colaborar en la formulaci\u00f3n de las pol\u00edticas, planes y programas acad\u00e9micos de la unidad respectiva y evaluar su implementaci\u00f3n; b) conocer y aprobar las materias que el director someta a su consideraci\u00f3n; y c) colaborar con el director respectivo de la unidad en todas las materias en que \u00e9ste requiera su opini\u00f3n.<\/p>\n","protected":false},"excerpt":{"rendered":"<p>Seg\u00fan inform\u00f3 el Secretario Acad\u00e9mico de la Facultad de Arquitectura, Dise\u00f1o y Estudios Urbanos, profesor Felipe Encinas, las escuelas de Arquitectura y Dise\u00f1o, junto con el Instituto de Estudios Urbanos y Territoriales llevaron a cabo el proceso de elecci\u00f3n de representantes para sus respectivos Consejos Acad\u00e9micos.<\/p>\n","protected":false},"author":1,"featured_media":7123,"comment_status":"open","ping_status":"open","sticky":false,"template":"","format":"standard","meta":{"_acf_changed":false,"footnotes":""},"categories":[1],"tags":[],"class_list":["post-7122","post","type-post","status-publish","format-standard","has-post-thumbnail","hentry","category-sin-categorizar"],"acf":[],"yoast_head":"<!-- This site is optimized with the Yoast SEO plugin v27.1.1 - https:\/\/yoast.com\/product\/yoast-seo-wordpress\/ -->\n<title>Unidades FADEU eligieron a sus representantes ante sus respectivos Consejos Acad\u00e9micos - Facultad de Arquitectura, Dise\u00f1o y Estudios Urbanos<\/title>\n<meta name=\"description\" content=\"Seg\u00fan inform\u00f3 el Secretario Acad\u00e9mico de la Facultad de Arquitectura, Dise\u00f1o y Estudios Urbanos, profesor Felipe Encinas, las escuelas de Arquitectura y Dise\u00f1o, junto con el Instituto de Estudios Urbanos y Territoriales llevaron a cabo el proceso de elecci\u00f3n de representantes para sus respectivos Consejos Acad\u00e9micos.\" \/>\n<meta name=\"robots\" content=\"index, follow, max-snippet:-1, max-image-preview:large, max-video-preview:-1\" \/>\n<link rel=\"canonical\" href=\"https:\/\/fadeu.urantiacos.cl\/en\/2021\/04\/26\/unidades-fadeu-eligieron-a-sus-representantes-ante-sus-respectivos-consejos-academicos\/\" \/>\n<meta property=\"og:locale\" content=\"en_US\" \/>\n<meta property=\"og:type\" content=\"article\" \/>\n<meta property=\"og:title\" content=\"Unidades FADEU eligieron a sus representantes ante sus respectivos Consejos Acad\u00e9micos - Facultad de Arquitectura, Dise\u00f1o y Estudios Urbanos\" \/>\n<meta property=\"og:description\" content=\"Seg\u00fan inform\u00f3 el Secretario Acad\u00e9mico de la Facultad de Arquitectura, Dise\u00f1o y Estudios Urbanos, profesor Felipe Encinas, las escuelas de Arquitectura y Dise\u00f1o, junto con el Instituto de Estudios Urbanos y Territoriales llevaron a cabo el proceso de elecci\u00f3n de representantes para sus respectivos Consejos Acad\u00e9micos.\" \/>\n<meta property=\"og:url\" content=\"https:\/\/fadeu.urantiacos.cl\/en\/2021\/04\/26\/unidades-fadeu-eligieron-a-sus-representantes-ante-sus-respectivos-consejos-academicos\/\" \/>\n<meta property=\"og:site_name\" content=\"Facultad de Arquitectura, Dise\u00f1o y Estudios Urbanos\" \/>\n<meta property=\"article:published_time\" content=\"2021-04-26T14:36:00+00:00\" \/>\n<meta property=\"article:modified_time\" content=\"2023-09-08T14:38:27+00:00\" \/>\n<meta property=\"og:image\" content=\"https:\/\/fadeu.urantiacos.cl\/wp-content\/uploads\/2023\/09\/LO_CONTADOR-001_web.jpg\" \/>\n\t<meta property=\"og:image:width\" content=\"350\" \/>\n\t<meta property=\"og:image:height\" content=\"250\" \/>\n\t<meta property=\"og:image:type\" content=\"image\/jpeg\" \/>\n<meta name=\"author\" content=\"manadmin\" \/>\n<meta name=\"twitter:card\" content=\"summary_large_image\" \/>\n<meta name=\"twitter:label1\" content=\"Written by\" \/>\n\t<meta name=\"twitter:data1\" content=\"manadmin\" \/>\n\t<meta name=\"twitter:label2\" content=\"Est. reading time\" \/>\n\t<meta name=\"twitter:data2\" content=\"2 minutes\" \/>\n<script type=\"application\/ld+json\" class=\"yoast-schema-graph\">{\"@context\":\"https:\/\/schema.org\",\"@graph\":[{\"@type\":\"Article\",\"@id\":\"https:\/\/fadeu.urantiacos.cl\/en\/2021\/04\/26\/unidades-fadeu-eligieron-a-sus-representantes-ante-sus-respectivos-consejos-academicos\/#article\",\"isPartOf\":{\"@id\":\"https:\/\/fadeu.urantiacos.cl\/en\/2021\/04\/26\/unidades-fadeu-eligieron-a-sus-representantes-ante-sus-respectivos-consejos-academicos\/\"},\"author\":{\"name\":\"manadmin\",\"@id\":\"https:\/\/fadeu.urantiacos.cl\/en\/#\/schema\/person\/d203e2e84b1c40275eac77b3061a19a2\"},\"headline\":\"Unidades FADEU eligieron a sus representantes ante sus respectivos Consejos Acad\u00e9micos\",\"datePublished\":\"2021-04-26T14:36:00+00:00\",\"dateModified\":\"2023-09-08T14:38:27+00:00\",\"mainEntityOfPage\":{\"@id\":\"https:\/\/fadeu.urantiacos.cl\/en\/2021\/04\/26\/unidades-fadeu-eligieron-a-sus-representantes-ante-sus-respectivos-consejos-academicos\/\"},\"wordCount\":363,\"commentCount\":0,\"image\":{\"@id\":\"https:\/\/fadeu.urantiacos.cl\/en\/2021\/04\/26\/unidades-fadeu-eligieron-a-sus-representantes-ante-sus-respectivos-consejos-academicos\/#primaryimage\"},\"thumbnailUrl\":\"https:\/\/fadeu.urantiacos.cl\/wp-content\/uploads\/2023\/09\/LO_CONTADOR-001_web.jpg\",\"articleSection\":[\"Sin categorizar\"],\"inLanguage\":\"en-US\",\"potentialAction\":[{\"@type\":\"CommentAction\",\"name\":\"Comment\",\"target\":[\"https:\/\/fadeu.urantiacos.cl\/en\/2021\/04\/26\/unidades-fadeu-eligieron-a-sus-representantes-ante-sus-respectivos-consejos-academicos\/#respond\"]}]},{\"@type\":\"WebPage\",\"@id\":\"https:\/\/fadeu.urantiacos.cl\/en\/2021\/04\/26\/unidades-fadeu-eligieron-a-sus-representantes-ante-sus-respectivos-consejos-academicos\/\",\"url\":\"https:\/\/fadeu.urantiacos.cl\/en\/2021\/04\/26\/unidades-fadeu-eligieron-a-sus-representantes-ante-sus-respectivos-consejos-academicos\/\",\"name\":\"Unidades FADEU eligieron a sus representantes ante sus respectivos Consejos Acad\u00e9micos - Facultad de Arquitectura, Dise\u00f1o y Estudios Urbanos\",\"isPartOf\":{\"@id\":\"https:\/\/fadeu.urantiacos.cl\/en\/#website\"},\"primaryImageOfPage\":{\"@id\":\"https:\/\/fadeu.urantiacos.cl\/en\/2021\/04\/26\/unidades-fadeu-eligieron-a-sus-representantes-ante-sus-respectivos-consejos-academicos\/#primaryimage\"},\"image\":{\"@id\":\"https:\/\/fadeu.urantiacos.cl\/en\/2021\/04\/26\/unidades-fadeu-eligieron-a-sus-representantes-ante-sus-respectivos-consejos-academicos\/#primaryimage\"},\"thumbnailUrl\":\"https:\/\/fadeu.urantiacos.cl\/wp-content\/uploads\/2023\/09\/LO_CONTADOR-001_web.jpg\",\"datePublished\":\"2021-04-26T14:36:00+00:00\",\"dateModified\":\"2023-09-08T14:38:27+00:00\",\"author\":{\"@id\":\"https:\/\/fadeu.urantiacos.cl\/en\/#\/schema\/person\/d203e2e84b1c40275eac77b3061a19a2\"},\"description\":\"Seg\u00fan inform\u00f3 el Secretario Acad\u00e9mico de la Facultad de Arquitectura, Dise\u00f1o y Estudios Urbanos, profesor Felipe Encinas, las escuelas de Arquitectura y Dise\u00f1o, junto con el Instituto de Estudios Urbanos y Territoriales llevaron a cabo el proceso de elecci\u00f3n de representantes para sus respectivos Consejos Acad\u00e9micos.\",\"breadcrumb\":{\"@id\":\"https:\/\/fadeu.urantiacos.cl\/en\/2021\/04\/26\/unidades-fadeu-eligieron-a-sus-representantes-ante-sus-respectivos-consejos-academicos\/#breadcrumb\"},\"inLanguage\":\"en-US\",\"potentialAction\":[{\"@type\":\"ReadAction\",\"target\":[\"https:\/\/fadeu.urantiacos.cl\/en\/2021\/04\/26\/unidades-fadeu-eligieron-a-sus-representantes-ante-sus-respectivos-consejos-academicos\/\"]}]},{\"@type\":\"ImageObject\",\"inLanguage\":\"en-US\",\"@id\":\"https:\/\/fadeu.urantiacos.cl\/en\/2021\/04\/26\/unidades-fadeu-eligieron-a-sus-representantes-ante-sus-respectivos-consejos-academicos\/#primaryimage\",\"url\":\"https:\/\/fadeu.urantiacos.cl\/wp-content\/uploads\/2023\/09\/LO_CONTADOR-001_web.jpg\",\"contentUrl\":\"https:\/\/fadeu.urantiacos.cl\/wp-content\/uploads\/2023\/09\/LO_CONTADOR-001_web.jpg\",\"width\":350,\"height\":250},{\"@type\":\"BreadcrumbList\",\"@id\":\"https:\/\/fadeu.urantiacos.cl\/en\/2021\/04\/26\/unidades-fadeu-eligieron-a-sus-representantes-ante-sus-respectivos-consejos-academicos\/#breadcrumb\",\"itemListElement\":[{\"@type\":\"ListItem\",\"position\":1,\"name\":\"Portada\",\"item\":\"https:\/\/fadeu.urantiacos.cl\/en\/\"},{\"@type\":\"ListItem\",\"position\":2,\"name\":\"Unidades FADEU eligieron a sus representantes ante sus respectivos Consejos Acad\u00e9micos\"}]},{\"@type\":\"WebSite\",\"@id\":\"https:\/\/fadeu.urantiacos.cl\/en\/#website\",\"url\":\"https:\/\/fadeu.urantiacos.cl\/en\/\",\"name\":\"Facultad de Arquitectura, Dise\u00f1o y Estudios Urbanos\",\"description\":\"Campus Lo Contador\",\"potentialAction\":[{\"@type\":\"SearchAction\",\"target\":{\"@type\":\"EntryPoint\",\"urlTemplate\":\"https:\/\/fadeu.urantiacos.cl\/en\/?s={search_term_string}\"},\"query-input\":{\"@type\":\"PropertyValueSpecification\",\"valueRequired\":true,\"valueName\":\"search_term_string\"}}],\"inLanguage\":\"en-US\"},{\"@type\":\"Person\",\"@id\":\"https:\/\/fadeu.urantiacos.cl\/en\/#\/schema\/person\/d203e2e84b1c40275eac77b3061a19a2\",\"name\":\"manadmin\",\"image\":{\"@type\":\"ImageObject\",\"inLanguage\":\"en-US\",\"@id\":\"https:\/\/fadeu.urantiacos.cl\/en\/#\/schema\/person\/image\/\",\"url\":\"https:\/\/secure.gravatar.com\/avatar\/4b1d8e3303b4a9d8968ac578947d8bc80d9aea359f388cdd4aac15cadc0e8447?s=96&d=mm&r=g\",\"contentUrl\":\"https:\/\/secure.gravatar.com\/avatar\/4b1d8e3303b4a9d8968ac578947d8bc80d9aea359f388cdd4aac15cadc0e8447?s=96&d=mm&r=g\",\"caption\":\"manadmin\"},\"sameAs\":[\"https:\/\/fadeu.urantiacos.cl\"]}]}<\/script>\n<!-- \/ Yoast SEO plugin. -->","yoast_head_json":{"title":"Unidades FADEU eligieron a sus representantes ante sus respectivos Consejos Acad\u00e9micos - Facultad de Arquitectura, Dise\u00f1o y Estudios Urbanos","description":"Seg\u00fan inform\u00f3 el Secretario Acad\u00e9mico de la Facultad de Arquitectura, Dise\u00f1o y Estudios Urbanos, profesor Felipe Encinas, las escuelas de Arquitectura y Dise\u00f1o, junto con el Instituto de Estudios Urbanos y Territoriales llevaron a cabo el proceso de elecci\u00f3n de representantes para sus respectivos Consejos Acad\u00e9micos.","robots":{"index":"index","follow":"follow","max-snippet":"max-snippet:-1","max-image-preview":"max-image-preview:large","max-video-preview":"max-video-preview:-1"},"canonical":"https:\/\/fadeu.urantiacos.cl\/en\/2021\/04\/26\/unidades-fadeu-eligieron-a-sus-representantes-ante-sus-respectivos-consejos-academicos\/","og_locale":"en_US","og_type":"article","og_title":"Unidades FADEU eligieron a sus representantes ante sus respectivos Consejos Acad\u00e9micos - Facultad de Arquitectura, Dise\u00f1o y Estudios Urbanos","og_description":"Seg\u00fan inform\u00f3 el Secretario Acad\u00e9mico de la Facultad de Arquitectura, Dise\u00f1o y Estudios Urbanos, profesor Felipe Encinas, las escuelas de Arquitectura y Dise\u00f1o, junto con el Instituto de Estudios Urbanos y Territoriales llevaron a cabo el proceso de elecci\u00f3n de representantes para sus respectivos Consejos Acad\u00e9micos.","og_url":"https:\/\/fadeu.urantiacos.cl\/en\/2021\/04\/26\/unidades-fadeu-eligieron-a-sus-representantes-ante-sus-respectivos-consejos-academicos\/","og_site_name":"Facultad de Arquitectura, Dise\u00f1o y Estudios Urbanos","article_published_time":"2021-04-26T14:36:00+00:00","article_modified_time":"2023-09-08T14:38:27+00:00","og_image":[{"width":350,"height":250,"url":"https:\/\/fadeu.urantiacos.cl\/wp-content\/uploads\/2023\/09\/LO_CONTADOR-001_web.jpg","type":"image\/jpeg"}],"author":"manadmin","twitter_card":"summary_large_image","twitter_misc":{"Written by":"manadmin","Est. reading time":"2 minutes"},"schema":{"@context":"https:\/\/schema.org","@graph":[{"@type":"Article","@id":"https:\/\/fadeu.urantiacos.cl\/en\/2021\/04\/26\/unidades-fadeu-eligieron-a-sus-representantes-ante-sus-respectivos-consejos-academicos\/#article","isPartOf":{"@id":"https:\/\/fadeu.urantiacos.cl\/en\/2021\/04\/26\/unidades-fadeu-eligieron-a-sus-representantes-ante-sus-respectivos-consejos-academicos\/"},"author":{"name":"manadmin","@id":"https:\/\/fadeu.urantiacos.cl\/en\/#\/schema\/person\/d203e2e84b1c40275eac77b3061a19a2"},"headline":"Unidades FADEU eligieron a sus representantes ante sus respectivos Consejos Acad\u00e9micos","datePublished":"2021-04-26T14:36:00+00:00","dateModified":"2023-09-08T14:38:27+00:00","mainEntityOfPage":{"@id":"https:\/\/fadeu.urantiacos.cl\/en\/2021\/04\/26\/unidades-fadeu-eligieron-a-sus-representantes-ante-sus-respectivos-consejos-academicos\/"},"wordCount":363,"commentCount":0,"image":{"@id":"https:\/\/fadeu.urantiacos.cl\/en\/2021\/04\/26\/unidades-fadeu-eligieron-a-sus-representantes-ante-sus-respectivos-consejos-academicos\/#primaryimage"},"thumbnailUrl":"https:\/\/fadeu.urantiacos.cl\/wp-content\/uploads\/2023\/09\/LO_CONTADOR-001_web.jpg","articleSection":["Sin categorizar"],"inLanguage":"en-US","potentialAction":[{"@type":"CommentAction","name":"Comment","target":["https:\/\/fadeu.urantiacos.cl\/en\/2021\/04\/26\/unidades-fadeu-eligieron-a-sus-representantes-ante-sus-respectivos-consejos-academicos\/#respond"]}]},{"@type":"WebPage","@id":"https:\/\/fadeu.urantiacos.cl\/en\/2021\/04\/26\/unidades-fadeu-eligieron-a-sus-representantes-ante-sus-respectivos-consejos-academicos\/","url":"https:\/\/fadeu.urantiacos.cl\/en\/2021\/04\/26\/unidades-fadeu-eligieron-a-sus-representantes-ante-sus-respectivos-consejos-academicos\/","name":"Unidades FADEU eligieron a sus representantes ante sus respectivos Consejos Acad\u00e9micos - Facultad de Arquitectura, Dise\u00f1o y Estudios Urbanos","isPartOf":{"@id":"https:\/\/fadeu.urantiacos.cl\/en\/#website"},"primaryImageOfPage":{"@id":"https:\/\/fadeu.urantiacos.cl\/en\/2021\/04\/26\/unidades-fadeu-eligieron-a-sus-representantes-ante-sus-respectivos-consejos-academicos\/#primaryimage"},"image":{"@id":"https:\/\/fadeu.urantiacos.cl\/en\/2021\/04\/26\/unidades-fadeu-eligieron-a-sus-representantes-ante-sus-respectivos-consejos-academicos\/#primaryimage"},"thumbnailUrl":"https:\/\/fadeu.urantiacos.cl\/wp-content\/uploads\/2023\/09\/LO_CONTADOR-001_web.jpg","datePublished":"2021-04-26T14:36:00+00:00","dateModified":"2023-09-08T14:38:27+00:00","author":{"@id":"https:\/\/fadeu.urantiacos.cl\/en\/#\/schema\/person\/d203e2e84b1c40275eac77b3061a19a2"},"description":"Seg\u00fan inform\u00f3 el Secretario Acad\u00e9mico de la Facultad de Arquitectura, Dise\u00f1o y Estudios Urbanos, profesor Felipe Encinas, las escuelas de Arquitectura y Dise\u00f1o, junto con el Instituto de Estudios Urbanos y Territoriales llevaron a cabo el proceso de elecci\u00f3n de representantes para sus respectivos Consejos Acad\u00e9micos.","breadcrumb":{"@id":"https:\/\/fadeu.urantiacos.cl\/en\/2021\/04\/26\/unidades-fadeu-eligieron-a-sus-representantes-ante-sus-respectivos-consejos-academicos\/#breadcrumb"},"inLanguage":"en-US","potentialAction":[{"@type":"ReadAction","target":["https:\/\/fadeu.urantiacos.cl\/en\/2021\/04\/26\/unidades-fadeu-eligieron-a-sus-representantes-ante-sus-respectivos-consejos-academicos\/"]}]},{"@type":"ImageObject","inLanguage":"en-US","@id":"https:\/\/fadeu.urantiacos.cl\/en\/2021\/04\/26\/unidades-fadeu-eligieron-a-sus-representantes-ante-sus-respectivos-consejos-academicos\/#primaryimage","url":"https:\/\/fadeu.urantiacos.cl\/wp-content\/uploads\/2023\/09\/LO_CONTADOR-001_web.jpg","contentUrl":"https:\/\/fadeu.urantiacos.cl\/wp-content\/uploads\/2023\/09\/LO_CONTADOR-001_web.jpg","width":350,"height":250},{"@type":"BreadcrumbList","@id":"https:\/\/fadeu.urantiacos.cl\/en\/2021\/04\/26\/unidades-fadeu-eligieron-a-sus-representantes-ante-sus-respectivos-consejos-academicos\/#breadcrumb","itemListElement":[{"@type":"ListItem","position":1,"name":"Portada","item":"https:\/\/fadeu.urantiacos.cl\/en\/"},{"@type":"ListItem","position":2,"name":"Unidades FADEU eligieron a sus representantes ante sus respectivos Consejos Acad\u00e9micos"}]},{"@type":"WebSite","@id":"https:\/\/fadeu.urantiacos.cl\/en\/#website","url":"https:\/\/fadeu.urantiacos.cl\/en\/","name":"Facultad de Arquitectura, Dise\u00f1o y Estudios Urbanos","description":"Campus Lo Contador","potentialAction":[{"@type":"SearchAction","target":{"@type":"EntryPoint","urlTemplate":"https:\/\/fadeu.urantiacos.cl\/en\/?s={search_term_string}"},"query-input":{"@type":"PropertyValueSpecification","valueRequired":true,"valueName":"search_term_string"}}],"inLanguage":"en-US"},{"@type":"Person","@id":"https:\/\/fadeu.urantiacos.cl\/en\/#\/schema\/person\/d203e2e84b1c40275eac77b3061a19a2","name":"manadmin","image":{"@type":"ImageObject","inLanguage":"en-US","@id":"https:\/\/fadeu.urantiacos.cl\/en\/#\/schema\/person\/image\/","url":"https:\/\/secure.gravatar.com\/avatar\/4b1d8e3303b4a9d8968ac578947d8bc80d9aea359f388cdd4aac15cadc0e8447?s=96&d=mm&r=g","contentUrl":"https:\/\/secure.gravatar.com\/avatar\/4b1d8e3303b4a9d8968ac578947d8bc80d9aea359f388cdd4aac15cadc0e8447?s=96&d=mm&r=g","caption":"manadmin"},"sameAs":["https:\/\/fadeu.urantiacos.cl"]}]}},"_links":{"self":[{"href":"https:\/\/fadeu.urantiacos.cl\/en\/wp-json\/wp\/v2\/posts\/7122","targetHints":{"allow":["GET"]}}],"collection":[{"href":"https:\/\/fadeu.urantiacos.cl\/en\/wp-json\/wp\/v2\/posts"}],"about":[{"href":"https:\/\/fadeu.urantiacos.cl\/en\/wp-json\/wp\/v2\/types\/post"}],"author":[{"embeddable":true,"href":"https:\/\/fadeu.urantiacos.cl\/en\/wp-json\/wp\/v2\/users\/1"}],"replies":[{"embeddable":true,"href":"https:\/\/fadeu.urantiacos.cl\/en\/wp-json\/wp\/v2\/comments?post=7122"}],"version-history":[{"count":1,"href":"https:\/\/fadeu.urantiacos.cl\/en\/wp-json\/wp\/v2\/posts\/7122\/revisions"}],"predecessor-version":[{"id":7124,"href":"https:\/\/fadeu.urantiacos.cl\/en\/wp-json\/wp\/v2\/posts\/7122\/revisions\/7124"}],"wp:featuredmedia":[{"embeddable":true,"href":"https:\/\/fadeu.urantiacos.cl\/en\/wp-json\/wp\/v2\/media\/7123"}],"wp:attachment":[{"href":"https:\/\/fadeu.urantiacos.cl\/en\/wp-json\/wp\/v2\/media?parent=7122"}],"wp:term":[{"taxonomy":"category","embeddable":true,"href":"https:\/\/fadeu.urantiacos.cl\/en\/wp-json\/wp\/v2\/categories?post=7122"},{"taxonomy":"post_tag","embeddable":true,"href":"https:\/\/fadeu.urantiacos.cl\/en\/wp-json\/wp\/v2\/tags?post=7122"}],"curies":[{"name":"wp","href":"https:\/\/api.w.org\/{rel}","templated":true}]}}