{"id":7078,"date":"2021-05-03T11:13:00","date_gmt":"2021-05-03T14:13:00","guid":{"rendered":"https:\/\/fadeu.urantiacos.cl\/?p=7078"},"modified":"2023-09-08T11:15:15","modified_gmt":"2023-09-08T14:15:15","slug":"uc-realizara-el-primer-ensayo-pdt-online-inclusivo-y-gratuito","status":"publish","type":"post","link":"https:\/\/fadeu.urantiacos.cl\/en\/2021\/05\/03\/uc-realizara-el-primer-ensayo-pdt-online-inclusivo-y-gratuito\/","title":{"rendered":"UC realizar\u00e1 el primer ensayo PDT online, inclusivo y gratuito"},"content":{"rendered":"\n<figure class=\"wp-block-image size-full\"><img decoding=\"async\" width=\"350\" height=\"250\" src=\"https:\/\/fadeu.urantiacos.cl\/wp-content\/uploads\/2023\/09\/ensayo_web.jpg\" alt=\"\" class=\"wp-image-7079\" srcset=\"https:\/\/fadeu.urantiacos.cl\/wp-content\/uploads\/2023\/09\/ensayo_web.jpg 350w, https:\/\/fadeu.urantiacos.cl\/wp-content\/uploads\/2023\/09\/ensayo_web-300x214.jpg 300w\" sizes=\"(max-width: 350px) 100vw, 350px\" \/><\/figure>\n\n\n\n<p>El contexto sanitario del 2020 oblig\u00f3 a migrar la gran mayor\u00eda de las actividades de preparaci\u00f3n para la admisi\u00f3n universitaria al plano digital; junto a las charlas de carrera, o la exploraci\u00f3n vocacional, los ensayos PDT (ex PSU) tambi\u00e9n cambiaron a formato digital. La experiencia de las pruebas implementadas en modalidad remota fue un \u00e9xito, logrando convocar en sus dos ediciones a m\u00e1s de 20.000 estudiantes del pa\u00eds.<\/p>\n\n\n\n<p>As\u00ed, en un trabajo conjunto entre la Vicerrector\u00eda Acad\u00e9mica y el Preuniversitario UC (PreUC), este a\u00f1o se lograron definir tres fechas de rendici\u00f3n de ensayos PDT en mayo, agosto y noviembre.<\/p>\n\n\n\n<p>En una l\u00ednea similar a lo que se implement\u00f3 el a\u00f1o anterior, el acceso a las pruebas ser\u00e1 completamente gratuito, previa inscripci\u00f3n a trav\u00e9s de un formulario \u00fanico, y se realizar\u00e1n exclusivamente online.<\/p>\n\n\n\n<p><strong>Pruebas obligatorias y electivas<\/strong><\/p>\n\n\n\n<p>Por primera vez los y las estudiantes podr\u00e1n rendir en los tres ensayos anuales las pruebas obligatorias de Matem\u00e1tica y Comprensi\u00f3n Lectora (antes Lenguaje y Comunicaci\u00f3n), adem\u00e1s de las electivas de Ciencias (con sus tres menciones: F\u00edsica, Qu\u00edmica, Biolog\u00eda) y la de Historia y Ciencias Sociales. Este hito es un gran avance, pues implica dar un paso en la tarea de apoyo al estudiante, respondiendo a la necesidad de una mejor &#8211; y m\u00e1s completa &#8211; preparaci\u00f3n acad\u00e9mica.<\/p>\n\n\n\n<p>\u201cCada \u00e1rea tiene sus propias caracter\u00edsticas\u201d, comenta Ariel Aguilar, director del Preuniversitario UC. \u201cPara el caso de Matem\u00e1tica, hay habilidades nuevas que se incorporan, como argumentar. Tambi\u00e9n hay una reducci\u00f3n de contenidos importante. En el caso de Ciencias, se abordan tres \u00e1reas y cada a\u00f1o hay un aumento en la cantidad de preguntas relacionadas con las habilidades del pensamiento cient\u00edfico (&#8230;) Esto demuestra que mientras m\u00e1s completa sea la bater\u00eda de pruebas que se responda, mucho mayor es la preparaci\u00f3n y apoyo al proceso\u201d, dice el director.<\/p>\n\n\n\n<p>Si bien la actividad considera varios d\u00edas de desarrollo, hay per\u00edodos definidos para que los estudiantes puedan acceder a la plataforma y responder cada prueba.<\/p>\n\n\n\n<p>El ciclo iniciar\u00e1 con los tests de Comprensi\u00f3n Lectora y el de Ciencias (10 al 16 de mayo), y cerrar\u00e1 con el de Matem\u00e1tica e Historia y Ciencias Sociales (17 al 23 de mayo).<\/p>\n\n\n\n<p><strong>Ensayos para todos y todas<\/strong><\/p>\n\n\n\n<p>El 2019 se realiz\u00f3 la primera experiencia de ensayo PSU con adecuaciones. En esa versi\u00f3n piloto (que fue presencial) participaron alrededor de 20 estudiantes. Seg\u00fan recuerda Andrea V\u00e1squez, coordinadora del Programa para la Inclusi\u00f3n de Alumnos con Necesidades Especiales, PIANE UC, \u201cpudimos tener contacto directo y dar la bienvenida personalmente a quienes se inscribieron a esa instancia, en esta ocasi\u00f3n ser\u00e1 distinto, por ser en l\u00ednea, pero confiamos en que de igual modo ser\u00e1 una oportunidad\u201d.<\/p>\n\n\n\n<p>El hecho de desarrollar una prueba inclusiva utilizando una plataforma digital ofrece la gran ventaja de aumentar el alcance, ya sea en el caso de personas que residen fuera de Santiago, como tambi\u00e9n de quienes cuentan con movilidad reducida. Pero tambi\u00e9n, presenta el desaf\u00edo de encontrar herramientas de accesibilidad que permitan a los estudiantes \u2013 desde sus diferentes situaciones de discapacidad \u2013 rendir las pruebas en las mejores condiciones posibles. De todas formas, las adecuaciones que se ofrecer\u00e1n replican las ofrecidas por el Departamento de Evaluaci\u00f3n, Medici\u00f3n y Registro Educacional (DEMRE), para la rendici\u00f3n de la Prueba de Transici\u00f3n real: tiempo extra, macrotipo, alto contraste, int\u00e9rprete de Lengua de Se\u00f1as Chilena.<\/p>\n\n\n\n<p>Seg\u00fan comenta Andrea V\u00e1squez, \u201ces una oportunidad para que estudiantes con discapacidad se aproximen a c\u00f3mo ser\u00eda rendir la PDT y sepan de antemano que existe la posibilidad de solicitar ajustes que les permitan participar con mayor equidad de este proceso\u201d.<\/p>\n\n\n\n<p>Y la oportunidad tambi\u00e9n es para todos, como agrega el director del PreuUC. \u201cLa rendici\u00f3n de un ensayo es realizar un proceso para el aprendizaje, no del aprendizaje en s\u00ed, ya que la buena utilizaci\u00f3n del instrumento permite ver en qu\u00e9 nos equivocamos, como mejorar y analizar cada paso de la preparaci\u00f3n para la rendici\u00f3n de la prueba\u201d, agrega.<\/p>\n\n\n\n<p>\u201cEs una oportunidad para que estudiantes con discapacidad se aproximen a c\u00f3mo ser\u00eda rendir la PDT y sepan de antemano que existe la posibilidad de solicitar ajustes\u201d &#8211; Andrea V\u00e1squez, Piane UC.<\/p>\n\n\n\n<p>La inscripci\u00f3n a este primer ensayo ya se encuentra abierta y quienes deseen rendirlo deber\u00e1n seleccionar las pruebas electivas de su inter\u00e9s. Adem\u00e1s, los y las estudiantes que requieran alg\u00fan tipo de adecuaci\u00f3n, podr\u00e1n solicitarla hasta el 2 de mayo a trav\u00e9s del formulario habilitado.<\/p>\n\n\n\n<p>Complementario a los ensayos, que se rendir\u00e1n durante dos semanas, a trav\u00e9s del canal de YouTube de Admisi\u00f3n UC, se transmitir\u00e1n charlas abiertas y gratuitas de apoyo a los estudiantes que inician su proceso de preparaci\u00f3n a la admisi\u00f3n de educaci\u00f3n superior. Las oportunidades de acceso para estudiantes con discapacidad y la exploraci\u00f3n vocacional ser\u00e1n algunos de los temas principales.<\/p>\n\n\n\n<p><strong>\u00a1Agenda las fechas!<\/strong><\/p>\n\n\n\n<p>El ensayo que se desarrollar\u00e1 durante mayo no es el \u00fanico planificado. El prop\u00f3sito de la UC es apoyar a los y las estudiantes de ense\u00f1anza media (o egresados) que transiten el proceso a la admisi\u00f3n universitaria durante todo el a\u00f1o, a trav\u00e9s de una conversaci\u00f3n fluida y permanente en redes sociales, ensayos, ferias virtuales y ciclos de charlas s (online, por el momento) que aporten a una toma de decisi\u00f3n informada para el\/la estudiante.<\/p>\n\n\n\n<p>\u201cEsta generaci\u00f3n est\u00e1 enfrentando muchos desaf\u00edos con sus \u00faltimos a\u00f1os de escolaridad a distancia, por lo que m\u00e1s que nunca se necesita ofrecer redes de apoyo y herramientas que ayuden a ampliar oportunidades\u201d, explica Cinthya Casta\u00f1eda, jefa de Difusi\u00f3n UC.<\/p>\n\n\n\n<p>En particular, las actividades masivas pondr\u00e1n el acento en la pr\u00e1ctica de conocimientos, en la exploraci\u00f3n de alternativas de estudio &#8211; en t\u00e9rmino de carreras y v\u00edas de admisi\u00f3n-, a la orientaci\u00f3n sobre opciones de financiamiento, y otras tem\u00e1ticas que responden a las inquietudes de los estudiantes sobre esta etapa decisiva de su vida acad\u00e9mica.<\/p>\n\n\n\n<p>Los eventos programados por ahora, para los siguientes meses, son:<\/p>\n\n\n\n<p>Segundo Ensayo PDT: del 16 al 29 de agosto.Tercer Ensayo PDT: del 8 al 21 de noviembre. Expo Futuro Novato y Novata UC 2022: 18 al 22 de octubre.<\/p>\n\n\n\n<p><a href=\"https:\/\/admisionyregistros.uc.cl\/futuros-alumnos\/conoce-la-uc\/ensayo-prueba-transicion\" target=\"_blank\" rel=\"noreferrer noopener\">M\u00e1s informaci\u00f3n y link de inscripci\u00f3n al primer Ensayo PDT UC aqu\u00ed<\/a>.<\/p>\n\n\n\n<p>Puedes tambi\u00e9n seguir las redes de Difusi\u00f3n UC o contactarte con ellos a trav\u00e9s de&nbsp;<a href=\"mailto:difusion@uc.cl\">difusion@uc.cl<\/a><\/p>\n\n\n\n<p>Natalia Pe\u00f1a<\/p>\n\n\n\n<p>Periodista Difusi\u00f3n Institucional UC<\/p>\n\n\n\n<figure class=\"wp-block-image size-full\"><img decoding=\"async\" width=\"700\" height=\"532\" src=\"https:\/\/fadeu.urantiacos.cl\/wp-content\/uploads\/2023\/09\/ensayo.jpeg\" alt=\"\" class=\"wp-image-7080\" srcset=\"https:\/\/fadeu.urantiacos.cl\/wp-content\/uploads\/2023\/09\/ensayo.jpeg 700w, https:\/\/fadeu.urantiacos.cl\/wp-content\/uploads\/2023\/09\/ensayo-300x228.jpeg 300w\" sizes=\"(max-width: 700px) 100vw, 700px\" \/><\/figure>\n","protected":false},"excerpt":{"rendered":"<p>Los ensayos para preparar la Prueba de Transici\u00f3n (ex PSU) tambi\u00e9n ser\u00e1n en horario flexible, adem\u00e1s de ofrecer adecuaciones para estudiantes con necesidades especiales.<\/p>\n","protected":false},"author":1,"featured_media":7079,"comment_status":"open","ping_status":"open","sticky":false,"template":"","format":"standard","meta":{"_acf_changed":false,"footnotes":""},"categories":[1],"tags":[],"class_list":["post-7078","post","type-post","status-publish","format-standard","has-post-thumbnail","hentry","category-sin-categorizar"],"acf":[],"yoast_head":"<!-- This site is optimized with the Yoast SEO plugin v27.1.1 - https:\/\/yoast.com\/product\/yoast-seo-wordpress\/ -->\n<title>UC realizar\u00e1 el primer ensayo PDT online, inclusivo y gratuito - Facultad de Arquitectura, Dise\u00f1o y Estudios Urbanos<\/title>\n<meta name=\"description\" content=\"Los ensayos para preparar la Prueba de Transici\u00f3n (ex PSU) tambi\u00e9n ser\u00e1n en horario flexible, adem\u00e1s de ofrecer adecuaciones para estudiantes con necesidades especiales.\" \/>\n<meta name=\"robots\" content=\"index, follow, max-snippet:-1, max-image-preview:large, max-video-preview:-1\" \/>\n<link rel=\"canonical\" href=\"https:\/\/fadeu.urantiacos.cl\/en\/2021\/05\/03\/uc-realizara-el-primer-ensayo-pdt-online-inclusivo-y-gratuito\/\" \/>\n<meta property=\"og:locale\" content=\"en_US\" \/>\n<meta property=\"og:type\" content=\"article\" \/>\n<meta property=\"og:title\" content=\"UC realizar\u00e1 el primer ensayo PDT online, inclusivo y gratuito - Facultad de Arquitectura, Dise\u00f1o y Estudios Urbanos\" \/>\n<meta property=\"og:description\" content=\"Los ensayos para preparar la Prueba de Transici\u00f3n (ex PSU) tambi\u00e9n ser\u00e1n en horario flexible, adem\u00e1s de ofrecer adecuaciones para estudiantes con necesidades especiales.\" \/>\n<meta property=\"og:url\" content=\"https:\/\/fadeu.urantiacos.cl\/en\/2021\/05\/03\/uc-realizara-el-primer-ensayo-pdt-online-inclusivo-y-gratuito\/\" \/>\n<meta property=\"og:site_name\" content=\"Facultad de Arquitectura, Dise\u00f1o y Estudios Urbanos\" \/>\n<meta property=\"article:published_time\" content=\"2021-05-03T14:13:00+00:00\" \/>\n<meta property=\"article:modified_time\" content=\"2023-09-08T14:15:15+00:00\" \/>\n<meta property=\"og:image\" content=\"https:\/\/fadeu.urantiacos.cl\/wp-content\/uploads\/2023\/09\/ensayo_web.jpg\" \/>\n\t<meta property=\"og:image:width\" content=\"350\" \/>\n\t<meta property=\"og:image:height\" content=\"250\" \/>\n\t<meta property=\"og:image:type\" content=\"image\/jpeg\" \/>\n<meta name=\"author\" content=\"manadmin\" \/>\n<meta name=\"twitter:card\" content=\"summary_large_image\" \/>\n<meta name=\"twitter:label1\" content=\"Written by\" \/>\n\t<meta name=\"twitter:data1\" content=\"manadmin\" \/>\n\t<meta name=\"twitter:label2\" content=\"Est. reading time\" \/>\n\t<meta name=\"twitter:data2\" content=\"6 minutes\" \/>\n<script type=\"application\/ld+json\" class=\"yoast-schema-graph\">{\"@context\":\"https:\/\/schema.org\",\"@graph\":[{\"@type\":\"Article\",\"@id\":\"https:\/\/fadeu.urantiacos.cl\/en\/2021\/05\/03\/uc-realizara-el-primer-ensayo-pdt-online-inclusivo-y-gratuito\/#article\",\"isPartOf\":{\"@id\":\"https:\/\/fadeu.urantiacos.cl\/en\/2021\/05\/03\/uc-realizara-el-primer-ensayo-pdt-online-inclusivo-y-gratuito\/\"},\"author\":{\"name\":\"manadmin\",\"@id\":\"https:\/\/fadeu.urantiacos.cl\/en\/#\/schema\/person\/d203e2e84b1c40275eac77b3061a19a2\"},\"headline\":\"UC realizar\u00e1 el primer ensayo PDT online, inclusivo y gratuito\",\"datePublished\":\"2021-05-03T14:13:00+00:00\",\"dateModified\":\"2023-09-08T14:15:15+00:00\",\"mainEntityOfPage\":{\"@id\":\"https:\/\/fadeu.urantiacos.cl\/en\/2021\/05\/03\/uc-realizara-el-primer-ensayo-pdt-online-inclusivo-y-gratuito\/\"},\"wordCount\":1146,\"commentCount\":0,\"image\":{\"@id\":\"https:\/\/fadeu.urantiacos.cl\/en\/2021\/05\/03\/uc-realizara-el-primer-ensayo-pdt-online-inclusivo-y-gratuito\/#primaryimage\"},\"thumbnailUrl\":\"https:\/\/fadeu.urantiacos.cl\/wp-content\/uploads\/2023\/09\/ensayo_web.jpg\",\"articleSection\":[\"Sin categorizar\"],\"inLanguage\":\"en-US\",\"potentialAction\":[{\"@type\":\"CommentAction\",\"name\":\"Comment\",\"target\":[\"https:\/\/fadeu.urantiacos.cl\/en\/2021\/05\/03\/uc-realizara-el-primer-ensayo-pdt-online-inclusivo-y-gratuito\/#respond\"]}]},{\"@type\":\"WebPage\",\"@id\":\"https:\/\/fadeu.urantiacos.cl\/en\/2021\/05\/03\/uc-realizara-el-primer-ensayo-pdt-online-inclusivo-y-gratuito\/\",\"url\":\"https:\/\/fadeu.urantiacos.cl\/en\/2021\/05\/03\/uc-realizara-el-primer-ensayo-pdt-online-inclusivo-y-gratuito\/\",\"name\":\"UC realizar\u00e1 el primer ensayo PDT online, inclusivo y gratuito - Facultad de Arquitectura, Dise\u00f1o y Estudios Urbanos\",\"isPartOf\":{\"@id\":\"https:\/\/fadeu.urantiacos.cl\/en\/#website\"},\"primaryImageOfPage\":{\"@id\":\"https:\/\/fadeu.urantiacos.cl\/en\/2021\/05\/03\/uc-realizara-el-primer-ensayo-pdt-online-inclusivo-y-gratuito\/#primaryimage\"},\"image\":{\"@id\":\"https:\/\/fadeu.urantiacos.cl\/en\/2021\/05\/03\/uc-realizara-el-primer-ensayo-pdt-online-inclusivo-y-gratuito\/#primaryimage\"},\"thumbnailUrl\":\"https:\/\/fadeu.urantiacos.cl\/wp-content\/uploads\/2023\/09\/ensayo_web.jpg\",\"datePublished\":\"2021-05-03T14:13:00+00:00\",\"dateModified\":\"2023-09-08T14:15:15+00:00\",\"author\":{\"@id\":\"https:\/\/fadeu.urantiacos.cl\/en\/#\/schema\/person\/d203e2e84b1c40275eac77b3061a19a2\"},\"description\":\"Los ensayos para preparar la Prueba de Transici\u00f3n (ex PSU) tambi\u00e9n ser\u00e1n en horario flexible, adem\u00e1s de ofrecer adecuaciones para estudiantes con necesidades especiales.\",\"breadcrumb\":{\"@id\":\"https:\/\/fadeu.urantiacos.cl\/en\/2021\/05\/03\/uc-realizara-el-primer-ensayo-pdt-online-inclusivo-y-gratuito\/#breadcrumb\"},\"inLanguage\":\"en-US\",\"potentialAction\":[{\"@type\":\"ReadAction\",\"target\":[\"https:\/\/fadeu.urantiacos.cl\/en\/2021\/05\/03\/uc-realizara-el-primer-ensayo-pdt-online-inclusivo-y-gratuito\/\"]}]},{\"@type\":\"ImageObject\",\"inLanguage\":\"en-US\",\"@id\":\"https:\/\/fadeu.urantiacos.cl\/en\/2021\/05\/03\/uc-realizara-el-primer-ensayo-pdt-online-inclusivo-y-gratuito\/#primaryimage\",\"url\":\"https:\/\/fadeu.urantiacos.cl\/wp-content\/uploads\/2023\/09\/ensayo_web.jpg\",\"contentUrl\":\"https:\/\/fadeu.urantiacos.cl\/wp-content\/uploads\/2023\/09\/ensayo_web.jpg\",\"width\":350,\"height\":250},{\"@type\":\"BreadcrumbList\",\"@id\":\"https:\/\/fadeu.urantiacos.cl\/en\/2021\/05\/03\/uc-realizara-el-primer-ensayo-pdt-online-inclusivo-y-gratuito\/#breadcrumb\",\"itemListElement\":[{\"@type\":\"ListItem\",\"position\":1,\"name\":\"Portada\",\"item\":\"https:\/\/fadeu.urantiacos.cl\/en\/\"},{\"@type\":\"ListItem\",\"position\":2,\"name\":\"UC realizar\u00e1 el primer ensayo PDT online, inclusivo y gratuito\"}]},{\"@type\":\"WebSite\",\"@id\":\"https:\/\/fadeu.urantiacos.cl\/en\/#website\",\"url\":\"https:\/\/fadeu.urantiacos.cl\/en\/\",\"name\":\"Facultad de Arquitectura, Dise\u00f1o y Estudios Urbanos\",\"description\":\"Campus Lo Contador\",\"potentialAction\":[{\"@type\":\"SearchAction\",\"target\":{\"@type\":\"EntryPoint\",\"urlTemplate\":\"https:\/\/fadeu.urantiacos.cl\/en\/?s={search_term_string}\"},\"query-input\":{\"@type\":\"PropertyValueSpecification\",\"valueRequired\":true,\"valueName\":\"search_term_string\"}}],\"inLanguage\":\"en-US\"},{\"@type\":\"Person\",\"@id\":\"https:\/\/fadeu.urantiacos.cl\/en\/#\/schema\/person\/d203e2e84b1c40275eac77b3061a19a2\",\"name\":\"manadmin\",\"image\":{\"@type\":\"ImageObject\",\"inLanguage\":\"en-US\",\"@id\":\"https:\/\/fadeu.urantiacos.cl\/en\/#\/schema\/person\/image\/\",\"url\":\"https:\/\/secure.gravatar.com\/avatar\/4b1d8e3303b4a9d8968ac578947d8bc80d9aea359f388cdd4aac15cadc0e8447?s=96&d=mm&r=g\",\"contentUrl\":\"https:\/\/secure.gravatar.com\/avatar\/4b1d8e3303b4a9d8968ac578947d8bc80d9aea359f388cdd4aac15cadc0e8447?s=96&d=mm&r=g\",\"caption\":\"manadmin\"},\"sameAs\":[\"https:\/\/fadeu.urantiacos.cl\"]}]}<\/script>\n<!-- \/ Yoast SEO plugin. -->","yoast_head_json":{"title":"UC realizar\u00e1 el primer ensayo PDT online, inclusivo y gratuito - Facultad de Arquitectura, Dise\u00f1o y Estudios Urbanos","description":"Los ensayos para preparar la Prueba de Transici\u00f3n (ex PSU) tambi\u00e9n ser\u00e1n en horario flexible, adem\u00e1s de ofrecer adecuaciones para estudiantes con necesidades especiales.","robots":{"index":"index","follow":"follow","max-snippet":"max-snippet:-1","max-image-preview":"max-image-preview:large","max-video-preview":"max-video-preview:-1"},"canonical":"https:\/\/fadeu.urantiacos.cl\/en\/2021\/05\/03\/uc-realizara-el-primer-ensayo-pdt-online-inclusivo-y-gratuito\/","og_locale":"en_US","og_type":"article","og_title":"UC realizar\u00e1 el primer ensayo PDT online, inclusivo y gratuito - Facultad de Arquitectura, Dise\u00f1o y Estudios Urbanos","og_description":"Los ensayos para preparar la Prueba de Transici\u00f3n (ex PSU) tambi\u00e9n ser\u00e1n en horario flexible, adem\u00e1s de ofrecer adecuaciones para estudiantes con necesidades especiales.","og_url":"https:\/\/fadeu.urantiacos.cl\/en\/2021\/05\/03\/uc-realizara-el-primer-ensayo-pdt-online-inclusivo-y-gratuito\/","og_site_name":"Facultad de Arquitectura, Dise\u00f1o y Estudios Urbanos","article_published_time":"2021-05-03T14:13:00+00:00","article_modified_time":"2023-09-08T14:15:15+00:00","og_image":[{"width":350,"height":250,"url":"https:\/\/fadeu.urantiacos.cl\/wp-content\/uploads\/2023\/09\/ensayo_web.jpg","type":"image\/jpeg"}],"author":"manadmin","twitter_card":"summary_large_image","twitter_misc":{"Written by":"manadmin","Est. reading time":"6 minutes"},"schema":{"@context":"https:\/\/schema.org","@graph":[{"@type":"Article","@id":"https:\/\/fadeu.urantiacos.cl\/en\/2021\/05\/03\/uc-realizara-el-primer-ensayo-pdt-online-inclusivo-y-gratuito\/#article","isPartOf":{"@id":"https:\/\/fadeu.urantiacos.cl\/en\/2021\/05\/03\/uc-realizara-el-primer-ensayo-pdt-online-inclusivo-y-gratuito\/"},"author":{"name":"manadmin","@id":"https:\/\/fadeu.urantiacos.cl\/en\/#\/schema\/person\/d203e2e84b1c40275eac77b3061a19a2"},"headline":"UC realizar\u00e1 el primer ensayo PDT online, inclusivo y gratuito","datePublished":"2021-05-03T14:13:00+00:00","dateModified":"2023-09-08T14:15:15+00:00","mainEntityOfPage":{"@id":"https:\/\/fadeu.urantiacos.cl\/en\/2021\/05\/03\/uc-realizara-el-primer-ensayo-pdt-online-inclusivo-y-gratuito\/"},"wordCount":1146,"commentCount":0,"image":{"@id":"https:\/\/fadeu.urantiacos.cl\/en\/2021\/05\/03\/uc-realizara-el-primer-ensayo-pdt-online-inclusivo-y-gratuito\/#primaryimage"},"thumbnailUrl":"https:\/\/fadeu.urantiacos.cl\/wp-content\/uploads\/2023\/09\/ensayo_web.jpg","articleSection":["Sin categorizar"],"inLanguage":"en-US","potentialAction":[{"@type":"CommentAction","name":"Comment","target":["https:\/\/fadeu.urantiacos.cl\/en\/2021\/05\/03\/uc-realizara-el-primer-ensayo-pdt-online-inclusivo-y-gratuito\/#respond"]}]},{"@type":"WebPage","@id":"https:\/\/fadeu.urantiacos.cl\/en\/2021\/05\/03\/uc-realizara-el-primer-ensayo-pdt-online-inclusivo-y-gratuito\/","url":"https:\/\/fadeu.urantiacos.cl\/en\/2021\/05\/03\/uc-realizara-el-primer-ensayo-pdt-online-inclusivo-y-gratuito\/","name":"UC realizar\u00e1 el primer ensayo PDT online, inclusivo y gratuito - Facultad de Arquitectura, Dise\u00f1o y Estudios Urbanos","isPartOf":{"@id":"https:\/\/fadeu.urantiacos.cl\/en\/#website"},"primaryImageOfPage":{"@id":"https:\/\/fadeu.urantiacos.cl\/en\/2021\/05\/03\/uc-realizara-el-primer-ensayo-pdt-online-inclusivo-y-gratuito\/#primaryimage"},"image":{"@id":"https:\/\/fadeu.urantiacos.cl\/en\/2021\/05\/03\/uc-realizara-el-primer-ensayo-pdt-online-inclusivo-y-gratuito\/#primaryimage"},"thumbnailUrl":"https:\/\/fadeu.urantiacos.cl\/wp-content\/uploads\/2023\/09\/ensayo_web.jpg","datePublished":"2021-05-03T14:13:00+00:00","dateModified":"2023-09-08T14:15:15+00:00","author":{"@id":"https:\/\/fadeu.urantiacos.cl\/en\/#\/schema\/person\/d203e2e84b1c40275eac77b3061a19a2"},"description":"Los ensayos para preparar la Prueba de Transici\u00f3n (ex PSU) tambi\u00e9n ser\u00e1n en horario flexible, adem\u00e1s de ofrecer adecuaciones para estudiantes con necesidades especiales.","breadcrumb":{"@id":"https:\/\/fadeu.urantiacos.cl\/en\/2021\/05\/03\/uc-realizara-el-primer-ensayo-pdt-online-inclusivo-y-gratuito\/#breadcrumb"},"inLanguage":"en-US","potentialAction":[{"@type":"ReadAction","target":["https:\/\/fadeu.urantiacos.cl\/en\/2021\/05\/03\/uc-realizara-el-primer-ensayo-pdt-online-inclusivo-y-gratuito\/"]}]},{"@type":"ImageObject","inLanguage":"en-US","@id":"https:\/\/fadeu.urantiacos.cl\/en\/2021\/05\/03\/uc-realizara-el-primer-ensayo-pdt-online-inclusivo-y-gratuito\/#primaryimage","url":"https:\/\/fadeu.urantiacos.cl\/wp-content\/uploads\/2023\/09\/ensayo_web.jpg","contentUrl":"https:\/\/fadeu.urantiacos.cl\/wp-content\/uploads\/2023\/09\/ensayo_web.jpg","width":350,"height":250},{"@type":"BreadcrumbList","@id":"https:\/\/fadeu.urantiacos.cl\/en\/2021\/05\/03\/uc-realizara-el-primer-ensayo-pdt-online-inclusivo-y-gratuito\/#breadcrumb","itemListElement":[{"@type":"ListItem","position":1,"name":"Portada","item":"https:\/\/fadeu.urantiacos.cl\/en\/"},{"@type":"ListItem","position":2,"name":"UC realizar\u00e1 el primer ensayo PDT online, inclusivo y gratuito"}]},{"@type":"WebSite","@id":"https:\/\/fadeu.urantiacos.cl\/en\/#website","url":"https:\/\/fadeu.urantiacos.cl\/en\/","name":"Facultad de Arquitectura, Dise\u00f1o y Estudios Urbanos","description":"Campus Lo Contador","potentialAction":[{"@type":"SearchAction","target":{"@type":"EntryPoint","urlTemplate":"https:\/\/fadeu.urantiacos.cl\/en\/?s={search_term_string}"},"query-input":{"@type":"PropertyValueSpecification","valueRequired":true,"valueName":"search_term_string"}}],"inLanguage":"en-US"},{"@type":"Person","@id":"https:\/\/fadeu.urantiacos.cl\/en\/#\/schema\/person\/d203e2e84b1c40275eac77b3061a19a2","name":"manadmin","image":{"@type":"ImageObject","inLanguage":"en-US","@id":"https:\/\/fadeu.urantiacos.cl\/en\/#\/schema\/person\/image\/","url":"https:\/\/secure.gravatar.com\/avatar\/4b1d8e3303b4a9d8968ac578947d8bc80d9aea359f388cdd4aac15cadc0e8447?s=96&d=mm&r=g","contentUrl":"https:\/\/secure.gravatar.com\/avatar\/4b1d8e3303b4a9d8968ac578947d8bc80d9aea359f388cdd4aac15cadc0e8447?s=96&d=mm&r=g","caption":"manadmin"},"sameAs":["https:\/\/fadeu.urantiacos.cl"]}]}},"_links":{"self":[{"href":"https:\/\/fadeu.urantiacos.cl\/en\/wp-json\/wp\/v2\/posts\/7078","targetHints":{"allow":["GET"]}}],"collection":[{"href":"https:\/\/fadeu.urantiacos.cl\/en\/wp-json\/wp\/v2\/posts"}],"about":[{"href":"https:\/\/fadeu.urantiacos.cl\/en\/wp-json\/wp\/v2\/types\/post"}],"author":[{"embeddable":true,"href":"https:\/\/fadeu.urantiacos.cl\/en\/wp-json\/wp\/v2\/users\/1"}],"replies":[{"embeddable":true,"href":"https:\/\/fadeu.urantiacos.cl\/en\/wp-json\/wp\/v2\/comments?post=7078"}],"version-history":[{"count":1,"href":"https:\/\/fadeu.urantiacos.cl\/en\/wp-json\/wp\/v2\/posts\/7078\/revisions"}],"predecessor-version":[{"id":7081,"href":"https:\/\/fadeu.urantiacos.cl\/en\/wp-json\/wp\/v2\/posts\/7078\/revisions\/7081"}],"wp:featuredmedia":[{"embeddable":true,"href":"https:\/\/fadeu.urantiacos.cl\/en\/wp-json\/wp\/v2\/media\/7079"}],"wp:attachment":[{"href":"https:\/\/fadeu.urantiacos.cl\/en\/wp-json\/wp\/v2\/media?parent=7078"}],"wp:term":[{"taxonomy":"category","embeddable":true,"href":"https:\/\/fadeu.urantiacos.cl\/en\/wp-json\/wp\/v2\/categories?post=7078"},{"taxonomy":"post_tag","embeddable":true,"href":"https:\/\/fadeu.urantiacos.cl\/en\/wp-json\/wp\/v2\/tags?post=7078"}],"curies":[{"name":"wp","href":"https:\/\/api.w.org\/{rel}","templated":true}]}}