{"id":7069,"date":"2021-05-04T11:06:00","date_gmt":"2021-05-04T14:06:00","guid":{"rendered":"https:\/\/fadeu.urantiacos.cl\/?p=7069"},"modified":"2023-09-08T11:11:47","modified_gmt":"2023-09-08T14:11:47","slug":"proyecto-de-estudiante-arq-uc-se-construira-en-corea-como-parte-de-la-exhibicion-de-la-bienal-de-seul-2021","status":"publish","type":"post","link":"https:\/\/fadeu.urantiacos.cl\/en\/2021\/05\/04\/proyecto-de-estudiante-arq-uc-se-construira-en-corea-como-parte-de-la-exhibicion-de-la-bienal-de-seul-2021\/","title":{"rendered":"Proyecto de estudiante ARQ UC se construir\u00e1 en Corea como parte de la exhibici\u00f3n de la Bienal de Se\u00fal 2021"},"content":{"rendered":"\n<figure class=\"wp-block-image size-full\"><img decoding=\"async\" width=\"350\" height=\"250\" src=\"https:\/\/fadeu.urantiacos.cl\/wp-content\/uploads\/2023\/09\/taller8_web.jpg\" alt=\"\" class=\"wp-image-7071\" srcset=\"https:\/\/fadeu.urantiacos.cl\/wp-content\/uploads\/2023\/09\/taller8_web.jpg 350w, https:\/\/fadeu.urantiacos.cl\/wp-content\/uploads\/2023\/09\/taller8_web-300x214.jpg 300w\" sizes=\"(max-width: 350px) 100vw, 350px\" \/><\/figure>\n\n\n\n<p>La bienal, titulada &#8220;Crossroads, Building the Resilient City&#8221;, hizo una invitaci\u00f3n al taller a pensar la noci\u00f3n de \u2018refugio\u2019, por lo que los profesores ARQ UC Sebasti\u00e1n Irarr\u00e1zaval y Guillermo Hevia propusieron explorar la transformaci\u00f3n de las medialunas chilenas en refugios de emergencia como parte de su taller &#8220;Infraestructuras sociales&#8221;.<\/p>\n\n\n\n<p>Tras dos rondas de selecci\u00f3n, el jurado del certamen anunci\u00f3 la n\u00f3mina de proyectos definitiva que participar\u00e1 en la muestra &#8220;Global Studios&#8221;, exhibici\u00f3n que incluye la construcci\u00f3n del refugio dise\u00f1ado por Noguera y presentado por el taller, y que estar\u00e1 abierta al p\u00fablico entre el 16 de septiembre y el 31 de octubre de 2021.<\/p>\n\n\n\n<p>Sobre el refugio seleccionado_<\/p>\n\n\n\n<p><br>La propuesta tiene tres niveles, cada uno con un grado diferente de privacidad: mientras el primer piso es un espacio continuo y abierto a la comunidad, el refugio va variando a medida que se ajusta la tela que lo envuelve a trav\u00e9s de un sistema de poleas. Esta piel textil doble favorece tanto la respuesta t\u00e9rmica del habit\u00e1culo como a su ventilaci\u00f3n y relaci\u00f3n con el exterior.<\/p>\n\n\n\n<p><br>En el caso de multiplicarse, la disposici\u00f3n de los refugios en el sitio obedece a una grilla que reconoce el vac\u00edo de la medialuna, convirti\u00e9ndola en un espacio de reuni\u00f3n. Asimismo, la propuesta utiliza la infraestructura existente en el terreno del caso estudiado, cubriendo as\u00ed las necesidades b\u00e1sicas, cualidad que hace de las medialunas sitios id\u00f3neos para ser utilizados en situaciones de emergencia.<\/p>\n\n\n\n<p>Ver nota de la expo de Bienal de Se\u00fal en el siguiente&nbsp;<a href=\"http:\/\/arquitectura.uc.cl\/proyectos\/noticias\/5805-la-bienal-de-seul-exhibira-proyectos-de-estudiantes-arq-uc.html\" target=\"_blank\" rel=\"noreferrer noopener\">link<\/a>&nbsp;<br>Ver el sitio web de la Bienal de Se\u00fal en el siguiente&nbsp;<a href=\"http:\/\/seoulbiennale.org\/\" target=\"_blank\" rel=\"noreferrer noopener\">link<\/a>&nbsp;<br>Visitar el Instagram de la Bienal de Se\u00fal en el siguiente&nbsp;<a href=\"https:\/\/www.instagram.com\/seoulbiennale\/?igshid=abx5b92jvomz\" target=\"_blank\" rel=\"noreferrer noopener\">link<\/a>&nbsp;<\/p>\n\n\n\n<figure class=\"wp-block-image size-large\"><img decoding=\"async\" width=\"745\" height=\"1024\" src=\"https:\/\/fadeu.urantiacos.cl\/wp-content\/uploads\/2023\/09\/IMG_00002-745x1024.jpeg\" alt=\"\" class=\"wp-image-7073\" srcset=\"https:\/\/fadeu.urantiacos.cl\/wp-content\/uploads\/2023\/09\/IMG_00002-745x1024.jpeg 745w, https:\/\/fadeu.urantiacos.cl\/wp-content\/uploads\/2023\/09\/IMG_00002-218x300.jpeg 218w, https:\/\/fadeu.urantiacos.cl\/wp-content\/uploads\/2023\/09\/IMG_00002-768x1056.jpeg 768w, https:\/\/fadeu.urantiacos.cl\/wp-content\/uploads\/2023\/09\/IMG_00002-1117x1536.jpeg 1117w, https:\/\/fadeu.urantiacos.cl\/wp-content\/uploads\/2023\/09\/IMG_00002-1490x2048.jpeg 1490w, https:\/\/fadeu.urantiacos.cl\/wp-content\/uploads\/2023\/09\/IMG_00002-scaled.jpeg 873w\" sizes=\"(max-width: 745px) 100vw, 745px\" \/><\/figure>\n\n\n\n<figure class=\"wp-block-image size-large\"><img decoding=\"async\" width=\"745\" height=\"1024\" src=\"https:\/\/fadeu.urantiacos.cl\/wp-content\/uploads\/2023\/09\/IMG_00001-745x1024.jpeg\" alt=\"\" class=\"wp-image-7072\" srcset=\"https:\/\/fadeu.urantiacos.cl\/wp-content\/uploads\/2023\/09\/IMG_00001-745x1024.jpeg 745w, https:\/\/fadeu.urantiacos.cl\/wp-content\/uploads\/2023\/09\/IMG_00001-218x300.jpeg 218w, https:\/\/fadeu.urantiacos.cl\/wp-content\/uploads\/2023\/09\/IMG_00001-768x1056.jpeg 768w, https:\/\/fadeu.urantiacos.cl\/wp-content\/uploads\/2023\/09\/IMG_00001-1117x1536.jpeg 1117w, https:\/\/fadeu.urantiacos.cl\/wp-content\/uploads\/2023\/09\/IMG_00001-1490x2048.jpeg 1490w, https:\/\/fadeu.urantiacos.cl\/wp-content\/uploads\/2023\/09\/IMG_00001-scaled.jpeg 873w\" sizes=\"(max-width: 745px) 100vw, 745px\" \/><\/figure>\n\n\n\n<p>Im\u00e1genes del refugio seleccionado, cortes\u00eda Florencia Noguera<\/p>\n\n\n\n<p>Noticias<br>Contacto:&nbsp;<a href=\"mailto:redesarq@uc.cl\">redesarq@uc.cl<\/a>&nbsp;| +56 2 2354 7747<br>www.arquitectura.uc.cl&nbsp;<\/p>\n","protected":false},"excerpt":{"rendered":"<p>El refugio dise\u00f1ado por Florencia Noguera en el Taller Optativo Irarr\u00e1zaval + Hevia \u2014realizado durante el segundo semestre de 2020\u2014, fue seleccionado por un jurado integrado por el director de la Bienal de Arquitectura y Urbanismo de Se\u00fal (SBAU 2021), Dominique Perrault, y los curadores del evento.<\/p>\n","protected":false},"author":1,"featured_media":7071,"comment_status":"open","ping_status":"open","sticky":false,"template":"","format":"standard","meta":{"_acf_changed":false,"footnotes":""},"categories":[1],"tags":[],"class_list":["post-7069","post","type-post","status-publish","format-standard","has-post-thumbnail","hentry","category-sin-categorizar"],"acf":[],"yoast_head":"<!-- This site is optimized with the Yoast SEO plugin v27.1.1 - https:\/\/yoast.com\/product\/yoast-seo-wordpress\/ -->\n<title>Proyecto de estudiante ARQ UC se construir\u00e1 en Corea como parte de la exhibici\u00f3n de la Bienal de Se\u00fal 2021 - Facultad de Arquitectura, Dise\u00f1o y Estudios Urbanos<\/title>\n<meta name=\"description\" content=\"El refugio dise\u00f1ado por Florencia Noguera en el Taller Optativo Irarr\u00e1zaval + Hevia \u2014realizado durante el segundo semestre de 2020\u2014, fue seleccionado por un jurado integrado por el director de la Bienal de Arquitectura y Urbanismo de Se\u00fal (SBAU 2021), Dominique Perrault, y los curadores del evento.\" \/>\n<meta name=\"robots\" content=\"index, follow, max-snippet:-1, max-image-preview:large, max-video-preview:-1\" \/>\n<link rel=\"canonical\" href=\"https:\/\/fadeu.urantiacos.cl\/en\/2021\/05\/04\/proyecto-de-estudiante-arq-uc-se-construira-en-corea-como-parte-de-la-exhibicion-de-la-bienal-de-seul-2021\/\" \/>\n<meta property=\"og:locale\" content=\"en_US\" \/>\n<meta property=\"og:type\" content=\"article\" \/>\n<meta property=\"og:title\" content=\"Proyecto de estudiante ARQ UC se construir\u00e1 en Corea como parte de la exhibici\u00f3n de la Bienal de Se\u00fal 2021 - Facultad de Arquitectura, Dise\u00f1o y Estudios Urbanos\" \/>\n<meta property=\"og:description\" content=\"El refugio dise\u00f1ado por Florencia Noguera en el Taller Optativo Irarr\u00e1zaval + Hevia \u2014realizado durante el segundo semestre de 2020\u2014, fue seleccionado por un jurado integrado por el director de la Bienal de Arquitectura y Urbanismo de Se\u00fal (SBAU 2021), Dominique Perrault, y los curadores del evento.\" \/>\n<meta property=\"og:url\" content=\"https:\/\/fadeu.urantiacos.cl\/en\/2021\/05\/04\/proyecto-de-estudiante-arq-uc-se-construira-en-corea-como-parte-de-la-exhibicion-de-la-bienal-de-seul-2021\/\" \/>\n<meta property=\"og:site_name\" content=\"Facultad de Arquitectura, Dise\u00f1o y Estudios Urbanos\" \/>\n<meta property=\"article:published_time\" content=\"2021-05-04T14:06:00+00:00\" \/>\n<meta property=\"article:modified_time\" content=\"2023-09-08T14:11:47+00:00\" \/>\n<meta property=\"og:image\" content=\"https:\/\/fadeu.urantiacos.cl\/wp-content\/uploads\/2023\/09\/taller8_web.jpg\" \/>\n\t<meta property=\"og:image:width\" content=\"350\" \/>\n\t<meta property=\"og:image:height\" content=\"250\" \/>\n\t<meta property=\"og:image:type\" content=\"image\/jpeg\" \/>\n<meta name=\"author\" content=\"manadmin\" \/>\n<meta name=\"twitter:card\" content=\"summary_large_image\" \/>\n<meta name=\"twitter:label1\" content=\"Written by\" \/>\n\t<meta name=\"twitter:data1\" content=\"manadmin\" \/>\n\t<meta name=\"twitter:label2\" content=\"Est. reading time\" \/>\n\t<meta name=\"twitter:data2\" content=\"2 minutes\" \/>\n<script type=\"application\/ld+json\" class=\"yoast-schema-graph\">{\"@context\":\"https:\/\/schema.org\",\"@graph\":[{\"@type\":\"Article\",\"@id\":\"https:\/\/fadeu.urantiacos.cl\/en\/2021\/05\/04\/proyecto-de-estudiante-arq-uc-se-construira-en-corea-como-parte-de-la-exhibicion-de-la-bienal-de-seul-2021\/#article\",\"isPartOf\":{\"@id\":\"https:\/\/fadeu.urantiacos.cl\/en\/2021\/05\/04\/proyecto-de-estudiante-arq-uc-se-construira-en-corea-como-parte-de-la-exhibicion-de-la-bienal-de-seul-2021\/\"},\"author\":{\"name\":\"manadmin\",\"@id\":\"https:\/\/fadeu.urantiacos.cl\/en\/#\/schema\/person\/d203e2e84b1c40275eac77b3061a19a2\"},\"headline\":\"Proyecto de estudiante ARQ UC se construir\u00e1 en Corea como parte de la exhibici\u00f3n de la Bienal de Se\u00fal 2021\",\"datePublished\":\"2021-05-04T14:06:00+00:00\",\"dateModified\":\"2023-09-08T14:11:47+00:00\",\"mainEntityOfPage\":{\"@id\":\"https:\/\/fadeu.urantiacos.cl\/en\/2021\/05\/04\/proyecto-de-estudiante-arq-uc-se-construira-en-corea-como-parte-de-la-exhibicion-de-la-bienal-de-seul-2021\/\"},\"wordCount\":346,\"commentCount\":0,\"image\":{\"@id\":\"https:\/\/fadeu.urantiacos.cl\/en\/2021\/05\/04\/proyecto-de-estudiante-arq-uc-se-construira-en-corea-como-parte-de-la-exhibicion-de-la-bienal-de-seul-2021\/#primaryimage\"},\"thumbnailUrl\":\"https:\/\/fadeu.urantiacos.cl\/wp-content\/uploads\/2023\/09\/taller8_web.jpg\",\"articleSection\":[\"Sin categorizar\"],\"inLanguage\":\"en-US\",\"potentialAction\":[{\"@type\":\"CommentAction\",\"name\":\"Comment\",\"target\":[\"https:\/\/fadeu.urantiacos.cl\/en\/2021\/05\/04\/proyecto-de-estudiante-arq-uc-se-construira-en-corea-como-parte-de-la-exhibicion-de-la-bienal-de-seul-2021\/#respond\"]}]},{\"@type\":\"WebPage\",\"@id\":\"https:\/\/fadeu.urantiacos.cl\/en\/2021\/05\/04\/proyecto-de-estudiante-arq-uc-se-construira-en-corea-como-parte-de-la-exhibicion-de-la-bienal-de-seul-2021\/\",\"url\":\"https:\/\/fadeu.urantiacos.cl\/en\/2021\/05\/04\/proyecto-de-estudiante-arq-uc-se-construira-en-corea-como-parte-de-la-exhibicion-de-la-bienal-de-seul-2021\/\",\"name\":\"Proyecto de estudiante ARQ UC se construir\u00e1 en Corea como parte de la exhibici\u00f3n de la Bienal de Se\u00fal 2021 - Facultad de Arquitectura, Dise\u00f1o y Estudios Urbanos\",\"isPartOf\":{\"@id\":\"https:\/\/fadeu.urantiacos.cl\/en\/#website\"},\"primaryImageOfPage\":{\"@id\":\"https:\/\/fadeu.urantiacos.cl\/en\/2021\/05\/04\/proyecto-de-estudiante-arq-uc-se-construira-en-corea-como-parte-de-la-exhibicion-de-la-bienal-de-seul-2021\/#primaryimage\"},\"image\":{\"@id\":\"https:\/\/fadeu.urantiacos.cl\/en\/2021\/05\/04\/proyecto-de-estudiante-arq-uc-se-construira-en-corea-como-parte-de-la-exhibicion-de-la-bienal-de-seul-2021\/#primaryimage\"},\"thumbnailUrl\":\"https:\/\/fadeu.urantiacos.cl\/wp-content\/uploads\/2023\/09\/taller8_web.jpg\",\"datePublished\":\"2021-05-04T14:06:00+00:00\",\"dateModified\":\"2023-09-08T14:11:47+00:00\",\"author\":{\"@id\":\"https:\/\/fadeu.urantiacos.cl\/en\/#\/schema\/person\/d203e2e84b1c40275eac77b3061a19a2\"},\"description\":\"El refugio dise\u00f1ado por Florencia Noguera en el Taller Optativo Irarr\u00e1zaval + Hevia \u2014realizado durante el segundo semestre de 2020\u2014, fue seleccionado por un jurado integrado por el director de la Bienal de Arquitectura y Urbanismo de Se\u00fal (SBAU 2021), Dominique Perrault, y los curadores del evento.\",\"breadcrumb\":{\"@id\":\"https:\/\/fadeu.urantiacos.cl\/en\/2021\/05\/04\/proyecto-de-estudiante-arq-uc-se-construira-en-corea-como-parte-de-la-exhibicion-de-la-bienal-de-seul-2021\/#breadcrumb\"},\"inLanguage\":\"en-US\",\"potentialAction\":[{\"@type\":\"ReadAction\",\"target\":[\"https:\/\/fadeu.urantiacos.cl\/en\/2021\/05\/04\/proyecto-de-estudiante-arq-uc-se-construira-en-corea-como-parte-de-la-exhibicion-de-la-bienal-de-seul-2021\/\"]}]},{\"@type\":\"ImageObject\",\"inLanguage\":\"en-US\",\"@id\":\"https:\/\/fadeu.urantiacos.cl\/en\/2021\/05\/04\/proyecto-de-estudiante-arq-uc-se-construira-en-corea-como-parte-de-la-exhibicion-de-la-bienal-de-seul-2021\/#primaryimage\",\"url\":\"https:\/\/fadeu.urantiacos.cl\/wp-content\/uploads\/2023\/09\/taller8_web.jpg\",\"contentUrl\":\"https:\/\/fadeu.urantiacos.cl\/wp-content\/uploads\/2023\/09\/taller8_web.jpg\",\"width\":350,\"height\":250},{\"@type\":\"BreadcrumbList\",\"@id\":\"https:\/\/fadeu.urantiacos.cl\/en\/2021\/05\/04\/proyecto-de-estudiante-arq-uc-se-construira-en-corea-como-parte-de-la-exhibicion-de-la-bienal-de-seul-2021\/#breadcrumb\",\"itemListElement\":[{\"@type\":\"ListItem\",\"position\":1,\"name\":\"Portada\",\"item\":\"https:\/\/fadeu.urantiacos.cl\/en\/\"},{\"@type\":\"ListItem\",\"position\":2,\"name\":\"Proyecto de estudiante ARQ UC se construir\u00e1 en Corea como parte de la exhibici\u00f3n de la Bienal de Se\u00fal 2021\"}]},{\"@type\":\"WebSite\",\"@id\":\"https:\/\/fadeu.urantiacos.cl\/en\/#website\",\"url\":\"https:\/\/fadeu.urantiacos.cl\/en\/\",\"name\":\"Facultad de Arquitectura, Dise\u00f1o y Estudios Urbanos\",\"description\":\"Campus Lo Contador\",\"potentialAction\":[{\"@type\":\"SearchAction\",\"target\":{\"@type\":\"EntryPoint\",\"urlTemplate\":\"https:\/\/fadeu.urantiacos.cl\/en\/?s={search_term_string}\"},\"query-input\":{\"@type\":\"PropertyValueSpecification\",\"valueRequired\":true,\"valueName\":\"search_term_string\"}}],\"inLanguage\":\"en-US\"},{\"@type\":\"Person\",\"@id\":\"https:\/\/fadeu.urantiacos.cl\/en\/#\/schema\/person\/d203e2e84b1c40275eac77b3061a19a2\",\"name\":\"manadmin\",\"image\":{\"@type\":\"ImageObject\",\"inLanguage\":\"en-US\",\"@id\":\"https:\/\/fadeu.urantiacos.cl\/en\/#\/schema\/person\/image\/\",\"url\":\"https:\/\/secure.gravatar.com\/avatar\/4b1d8e3303b4a9d8968ac578947d8bc80d9aea359f388cdd4aac15cadc0e8447?s=96&d=mm&r=g\",\"contentUrl\":\"https:\/\/secure.gravatar.com\/avatar\/4b1d8e3303b4a9d8968ac578947d8bc80d9aea359f388cdd4aac15cadc0e8447?s=96&d=mm&r=g\",\"caption\":\"manadmin\"},\"sameAs\":[\"https:\/\/fadeu.urantiacos.cl\"]}]}<\/script>\n<!-- \/ Yoast SEO plugin. -->","yoast_head_json":{"title":"Proyecto de estudiante ARQ UC se construir\u00e1 en Corea como parte de la exhibici\u00f3n de la Bienal de Se\u00fal 2021 - Facultad de Arquitectura, Dise\u00f1o y Estudios Urbanos","description":"El refugio dise\u00f1ado por Florencia Noguera en el Taller Optativo Irarr\u00e1zaval + Hevia \u2014realizado durante el segundo semestre de 2020\u2014, fue seleccionado por un jurado integrado por el director de la Bienal de Arquitectura y Urbanismo de Se\u00fal (SBAU 2021), Dominique Perrault, y los curadores del evento.","robots":{"index":"index","follow":"follow","max-snippet":"max-snippet:-1","max-image-preview":"max-image-preview:large","max-video-preview":"max-video-preview:-1"},"canonical":"https:\/\/fadeu.urantiacos.cl\/en\/2021\/05\/04\/proyecto-de-estudiante-arq-uc-se-construira-en-corea-como-parte-de-la-exhibicion-de-la-bienal-de-seul-2021\/","og_locale":"en_US","og_type":"article","og_title":"Proyecto de estudiante ARQ UC se construir\u00e1 en Corea como parte de la exhibici\u00f3n de la Bienal de Se\u00fal 2021 - Facultad de Arquitectura, Dise\u00f1o y Estudios Urbanos","og_description":"El refugio dise\u00f1ado por Florencia Noguera en el Taller Optativo Irarr\u00e1zaval + Hevia \u2014realizado durante el segundo semestre de 2020\u2014, fue seleccionado por un jurado integrado por el director de la Bienal de Arquitectura y Urbanismo de Se\u00fal (SBAU 2021), Dominique Perrault, y los curadores del evento.","og_url":"https:\/\/fadeu.urantiacos.cl\/en\/2021\/05\/04\/proyecto-de-estudiante-arq-uc-se-construira-en-corea-como-parte-de-la-exhibicion-de-la-bienal-de-seul-2021\/","og_site_name":"Facultad de Arquitectura, Dise\u00f1o y Estudios Urbanos","article_published_time":"2021-05-04T14:06:00+00:00","article_modified_time":"2023-09-08T14:11:47+00:00","og_image":[{"width":350,"height":250,"url":"https:\/\/fadeu.urantiacos.cl\/wp-content\/uploads\/2023\/09\/taller8_web.jpg","type":"image\/jpeg"}],"author":"manadmin","twitter_card":"summary_large_image","twitter_misc":{"Written by":"manadmin","Est. reading time":"2 minutes"},"schema":{"@context":"https:\/\/schema.org","@graph":[{"@type":"Article","@id":"https:\/\/fadeu.urantiacos.cl\/en\/2021\/05\/04\/proyecto-de-estudiante-arq-uc-se-construira-en-corea-como-parte-de-la-exhibicion-de-la-bienal-de-seul-2021\/#article","isPartOf":{"@id":"https:\/\/fadeu.urantiacos.cl\/en\/2021\/05\/04\/proyecto-de-estudiante-arq-uc-se-construira-en-corea-como-parte-de-la-exhibicion-de-la-bienal-de-seul-2021\/"},"author":{"name":"manadmin","@id":"https:\/\/fadeu.urantiacos.cl\/en\/#\/schema\/person\/d203e2e84b1c40275eac77b3061a19a2"},"headline":"Proyecto de estudiante ARQ UC se construir\u00e1 en Corea como parte de la exhibici\u00f3n de la Bienal de Se\u00fal 2021","datePublished":"2021-05-04T14:06:00+00:00","dateModified":"2023-09-08T14:11:47+00:00","mainEntityOfPage":{"@id":"https:\/\/fadeu.urantiacos.cl\/en\/2021\/05\/04\/proyecto-de-estudiante-arq-uc-se-construira-en-corea-como-parte-de-la-exhibicion-de-la-bienal-de-seul-2021\/"},"wordCount":346,"commentCount":0,"image":{"@id":"https:\/\/fadeu.urantiacos.cl\/en\/2021\/05\/04\/proyecto-de-estudiante-arq-uc-se-construira-en-corea-como-parte-de-la-exhibicion-de-la-bienal-de-seul-2021\/#primaryimage"},"thumbnailUrl":"https:\/\/fadeu.urantiacos.cl\/wp-content\/uploads\/2023\/09\/taller8_web.jpg","articleSection":["Sin categorizar"],"inLanguage":"en-US","potentialAction":[{"@type":"CommentAction","name":"Comment","target":["https:\/\/fadeu.urantiacos.cl\/en\/2021\/05\/04\/proyecto-de-estudiante-arq-uc-se-construira-en-corea-como-parte-de-la-exhibicion-de-la-bienal-de-seul-2021\/#respond"]}]},{"@type":"WebPage","@id":"https:\/\/fadeu.urantiacos.cl\/en\/2021\/05\/04\/proyecto-de-estudiante-arq-uc-se-construira-en-corea-como-parte-de-la-exhibicion-de-la-bienal-de-seul-2021\/","url":"https:\/\/fadeu.urantiacos.cl\/en\/2021\/05\/04\/proyecto-de-estudiante-arq-uc-se-construira-en-corea-como-parte-de-la-exhibicion-de-la-bienal-de-seul-2021\/","name":"Proyecto de estudiante ARQ UC se construir\u00e1 en Corea como parte de la exhibici\u00f3n de la Bienal de Se\u00fal 2021 - Facultad de Arquitectura, Dise\u00f1o y Estudios Urbanos","isPartOf":{"@id":"https:\/\/fadeu.urantiacos.cl\/en\/#website"},"primaryImageOfPage":{"@id":"https:\/\/fadeu.urantiacos.cl\/en\/2021\/05\/04\/proyecto-de-estudiante-arq-uc-se-construira-en-corea-como-parte-de-la-exhibicion-de-la-bienal-de-seul-2021\/#primaryimage"},"image":{"@id":"https:\/\/fadeu.urantiacos.cl\/en\/2021\/05\/04\/proyecto-de-estudiante-arq-uc-se-construira-en-corea-como-parte-de-la-exhibicion-de-la-bienal-de-seul-2021\/#primaryimage"},"thumbnailUrl":"https:\/\/fadeu.urantiacos.cl\/wp-content\/uploads\/2023\/09\/taller8_web.jpg","datePublished":"2021-05-04T14:06:00+00:00","dateModified":"2023-09-08T14:11:47+00:00","author":{"@id":"https:\/\/fadeu.urantiacos.cl\/en\/#\/schema\/person\/d203e2e84b1c40275eac77b3061a19a2"},"description":"El refugio dise\u00f1ado por Florencia Noguera en el Taller Optativo Irarr\u00e1zaval + Hevia \u2014realizado durante el segundo semestre de 2020\u2014, fue seleccionado por un jurado integrado por el director de la Bienal de Arquitectura y Urbanismo de Se\u00fal (SBAU 2021), Dominique Perrault, y los curadores del evento.","breadcrumb":{"@id":"https:\/\/fadeu.urantiacos.cl\/en\/2021\/05\/04\/proyecto-de-estudiante-arq-uc-se-construira-en-corea-como-parte-de-la-exhibicion-de-la-bienal-de-seul-2021\/#breadcrumb"},"inLanguage":"en-US","potentialAction":[{"@type":"ReadAction","target":["https:\/\/fadeu.urantiacos.cl\/en\/2021\/05\/04\/proyecto-de-estudiante-arq-uc-se-construira-en-corea-como-parte-de-la-exhibicion-de-la-bienal-de-seul-2021\/"]}]},{"@type":"ImageObject","inLanguage":"en-US","@id":"https:\/\/fadeu.urantiacos.cl\/en\/2021\/05\/04\/proyecto-de-estudiante-arq-uc-se-construira-en-corea-como-parte-de-la-exhibicion-de-la-bienal-de-seul-2021\/#primaryimage","url":"https:\/\/fadeu.urantiacos.cl\/wp-content\/uploads\/2023\/09\/taller8_web.jpg","contentUrl":"https:\/\/fadeu.urantiacos.cl\/wp-content\/uploads\/2023\/09\/taller8_web.jpg","width":350,"height":250},{"@type":"BreadcrumbList","@id":"https:\/\/fadeu.urantiacos.cl\/en\/2021\/05\/04\/proyecto-de-estudiante-arq-uc-se-construira-en-corea-como-parte-de-la-exhibicion-de-la-bienal-de-seul-2021\/#breadcrumb","itemListElement":[{"@type":"ListItem","position":1,"name":"Portada","item":"https:\/\/fadeu.urantiacos.cl\/en\/"},{"@type":"ListItem","position":2,"name":"Proyecto de estudiante ARQ UC se construir\u00e1 en Corea como parte de la exhibici\u00f3n de la Bienal de Se\u00fal 2021"}]},{"@type":"WebSite","@id":"https:\/\/fadeu.urantiacos.cl\/en\/#website","url":"https:\/\/fadeu.urantiacos.cl\/en\/","name":"Facultad de Arquitectura, Dise\u00f1o y Estudios Urbanos","description":"Campus Lo Contador","potentialAction":[{"@type":"SearchAction","target":{"@type":"EntryPoint","urlTemplate":"https:\/\/fadeu.urantiacos.cl\/en\/?s={search_term_string}"},"query-input":{"@type":"PropertyValueSpecification","valueRequired":true,"valueName":"search_term_string"}}],"inLanguage":"en-US"},{"@type":"Person","@id":"https:\/\/fadeu.urantiacos.cl\/en\/#\/schema\/person\/d203e2e84b1c40275eac77b3061a19a2","name":"manadmin","image":{"@type":"ImageObject","inLanguage":"en-US","@id":"https:\/\/fadeu.urantiacos.cl\/en\/#\/schema\/person\/image\/","url":"https:\/\/secure.gravatar.com\/avatar\/4b1d8e3303b4a9d8968ac578947d8bc80d9aea359f388cdd4aac15cadc0e8447?s=96&d=mm&r=g","contentUrl":"https:\/\/secure.gravatar.com\/avatar\/4b1d8e3303b4a9d8968ac578947d8bc80d9aea359f388cdd4aac15cadc0e8447?s=96&d=mm&r=g","caption":"manadmin"},"sameAs":["https:\/\/fadeu.urantiacos.cl"]}]}},"_links":{"self":[{"href":"https:\/\/fadeu.urantiacos.cl\/en\/wp-json\/wp\/v2\/posts\/7069","targetHints":{"allow":["GET"]}}],"collection":[{"href":"https:\/\/fadeu.urantiacos.cl\/en\/wp-json\/wp\/v2\/posts"}],"about":[{"href":"https:\/\/fadeu.urantiacos.cl\/en\/wp-json\/wp\/v2\/types\/post"}],"author":[{"embeddable":true,"href":"https:\/\/fadeu.urantiacos.cl\/en\/wp-json\/wp\/v2\/users\/1"}],"replies":[{"embeddable":true,"href":"https:\/\/fadeu.urantiacos.cl\/en\/wp-json\/wp\/v2\/comments?post=7069"}],"version-history":[{"count":1,"href":"https:\/\/fadeu.urantiacos.cl\/en\/wp-json\/wp\/v2\/posts\/7069\/revisions"}],"predecessor-version":[{"id":7074,"href":"https:\/\/fadeu.urantiacos.cl\/en\/wp-json\/wp\/v2\/posts\/7069\/revisions\/7074"}],"wp:featuredmedia":[{"embeddable":true,"href":"https:\/\/fadeu.urantiacos.cl\/en\/wp-json\/wp\/v2\/media\/7071"}],"wp:attachment":[{"href":"https:\/\/fadeu.urantiacos.cl\/en\/wp-json\/wp\/v2\/media?parent=7069"}],"wp:term":[{"taxonomy":"category","embeddable":true,"href":"https:\/\/fadeu.urantiacos.cl\/en\/wp-json\/wp\/v2\/categories?post=7069"},{"taxonomy":"post_tag","embeddable":true,"href":"https:\/\/fadeu.urantiacos.cl\/en\/wp-json\/wp\/v2\/tags?post=7069"}],"curies":[{"name":"wp","href":"https:\/\/api.w.org\/{rel}","templated":true}]}}