{"id":7061,"date":"2021-05-06T10:58:00","date_gmt":"2021-05-06T13:58:00","guid":{"rendered":"https:\/\/fadeu.urantiacos.cl\/?p=7061"},"modified":"2023-09-08T11:03:47","modified_gmt":"2023-09-08T14:03:47","slug":"investigacion-i-las-politicas-urbano-habitacionales-y-el-complejo-transito-desde-el-diagnostico-hacia-las-soluciones","status":"publish","type":"post","link":"https:\/\/fadeu.urantiacos.cl\/en\/2021\/05\/06\/investigacion-i-las-politicas-urbano-habitacionales-y-el-complejo-transito-desde-el-diagnostico-hacia-las-soluciones\/","title":{"rendered":"INVESTIGACI\u00d3N I Las pol\u00edticas urbano-habitacionales y el complejo tr\u00e1nsito desde el diagn\u00f3stico hacia las soluciones"},"content":{"rendered":"\n<figure class=\"wp-block-image size-full\"><img decoding=\"async\" width=\"350\" height=\"250\" src=\"https:\/\/fadeu.urantiacos.cl\/wp-content\/uploads\/2023\/09\/web_Luis-Fuentes_Regeneracion-urbana-entrevista-scaled-1.jpg\" alt=\"\" class=\"wp-image-7062\" srcset=\"https:\/\/fadeu.urantiacos.cl\/wp-content\/uploads\/2023\/09\/web_Luis-Fuentes_Regeneracion-urbana-entrevista-scaled-1.jpg 350w, https:\/\/fadeu.urantiacos.cl\/wp-content\/uploads\/2023\/09\/web_Luis-Fuentes_Regeneracion-urbana-entrevista-scaled-1-300x214.jpg 300w\" sizes=\"(max-width: 350px) 100vw, 350px\" \/><\/figure>\n\n\n\n<p>La semana pasada, el Ministro de Vivienda y Urbanismo (MINVU), Felipe Ward, anunci\u00f3 la creaci\u00f3n de una&nbsp;Mesa de Di\u00e1logo, conformada por distintos actores del mundo acad\u00e9mico, social y ONGs, para generar propuestas a la pol\u00edtica habitacional y urbana en un plazo de sesenta d\u00edas (dos meses).<\/p>\n\n\n\n<p>Si se toma en cuenta que a las autoridades del Gobierno actual les quedan diez meses de trabajo, y le restamos estos dos meses de plazo impuesto a la nueva mesa, solo quedar\u00edan ocho meses para su implementaci\u00f3n, tiempo que es insuficiente para modificaci\u00f3n de decretos, aceleraci\u00f3n de proyectos de regeneraci\u00f3n urbana, transferencia de competencias a Gobiernos Regionales y Municipios, y otras tem\u00e1ticas que, considerando las l\u00f3gicas de la pol\u00edtica p\u00fablica, no se resuelven en tan poco tiempo. Y ello, sin considerar que el nuevo Gobierno (que asumir\u00e1 en menos de un a\u00f1o) puede llegar a cambiar todo lo avanzado hasta ese momento.<\/p>\n\n\n\n<p>No pocos sectores han manifestado preocupaci\u00f3n por lo que pareciese ser un \u201cexceso\u201d de di\u00e1logo y diagn\u00f3sticos en desmedro de la premura que requiere la implementaci\u00f3n de soluciones. As\u00ed lo hizo saber d\u00edas atr\u00e1s el director del Instituto de Estudios Urbanos y Territoriales (IEUT) UC,&nbsp;<a href=\"https:\/\/estudiosurbanos.uc.cl\/academicos\/luis-fuentes-arce\/\" target=\"_blank\" rel=\"noreferrer noopener\">Luis Fuentes<\/a>, en una carta publicada en el diario La Tercera titulada&nbsp;<a href=\"https:\/\/www.latercera.com\/opinion\/noticia\/vamos-a-los-cambios\/A4QIB6C6IFCIRH5EHUMNMCXZOM\/\" target=\"_blank\" rel=\"noreferrer noopener\">Vamos a los cambios<\/a>, y en una columna de opini\u00f3n publicada en el mismo medio titulada&nbsp;<a href=\"https:\/\/www.latercera.com\/opinion\/noticia\/la-cuestion-urbana\/AQCFXD7TIBAUBB422IVEAC5G64\/\" target=\"_blank\" rel=\"noreferrer noopener\">La cuesti\u00f3n urbana<\/a>, textos en los que rescata un concepto preocupante: \u201clos tiempos de ciudad no coinciden con los tiempos pol\u00edticos\u201d.<\/p>\n\n\n\n<p>Lo anterior es especialmente complejo en medio de un escenario en el que las cifras de familias viviendo en campamentos ha venido solo creciendo y presenta hoy cifras alarmantes; en que el fen\u00f3meno del allegamiento sigue al alza; y en que se evidencia una falta de estructura institucional que permita abordar las vicisitudes de la pol\u00edtica habitacional y urbana con los tiempos adecuados para dar soluci\u00f3n a las necesidades de miles y miles de personas (con y sin techo) que ven truncado su proyecto de vida, ya sea por no poder acceder a una vivienda o porque, ya teniendo una, no tiene acceso a bienes, servicios e infraestructura urbana adecuada para asegurar m\u00ednimos de bienestar.<\/p>\n\n\n\n<p>Resulta parad\u00f3jico, adem\u00e1s, que la institucionalidad requiera o necesite tomar m\u00e1s tiempo para la elaboraci\u00f3n de propuestas y diagn\u00f3sticos, tomando en cuenta la enorme variedad y cantidad de iniciativas que ya est\u00e1n sobre la mesa desde hace a\u00f1os, de parte del Consejo Nacional de Desarrollo Urbano, el propio MINVU, la Academia y otros sectores.<\/p>\n\n\n\n<p>Conversamos al respecto con el profesor Fuentes para profundizar en estos temas y conocer, adem\u00e1s, el tenor de las voces, diagn\u00f3sticos y propuestas que estos \u00faltimos a\u00f1os han emanado desde la gesti\u00f3n acad\u00e9mica y de investigaci\u00f3n del IEUT para apoyar la pol\u00edtica p\u00fablica en materia habitacional y urbano-territorial.<\/p>\n\n\n\n<p><strong>Entrevista<\/strong><\/p>\n\n\n\n<p><strong>Tanto en tu columna de opini\u00f3n como en la carta al director, ambas de La Tercera, hablas de las urgencias urbanas y habitacionales con un tinte que da a entender que en las autoridades hay un exceso de an\u00e1lisis y di\u00e1logo, pero poco avance en las soluciones. \u00bfPor qu\u00e9, a tu juicio, ha ocurrido este fen\u00f3meno?<\/strong><\/p>\n\n\n\n<p>LF: Efectivamente no creo que con este sentido de urgencia que hay hoy sea necesario convocar a una nueva mesa de di\u00e1logo y ponerse un plazo de 60 d\u00edas para evacuar un nuevo informe con propuestas. Sobre todo, considerando que al Gobierno actual le quedan 10 meses. En una revisi\u00f3n r\u00e1pida yo cont\u00e9 18 documentos con propuesta por parte del propio MINVU, el Consejo Nacional de Desarrollo Urbano (CNDU), Universidades y ONGs. Los diagn\u00f3sticos est\u00e1n clar\u00edsimos y las propuestas tambi\u00e9n. Es hora de implementar. Solo un dato: el CNDU elabor\u00f3 en mayo del 2015 un documento denominado \u201cPropuestas para una pol\u00edtica de suelo para la integraci\u00f3n social y urbana\u201d. Al respecto, en algunas cosas se ha avanzado pero en otras nada. El a\u00f1o 2019, el propio MINVU invit\u00f3 a una mesa que evacu\u00f3 un documento con propuestas para facilitar el acceso a la vivienda. Cuando revisas esos documentos que son fruto de un trabajo colectivo de distintos actores, te das cuenta que hay varias materias en las cuales hay acuerdo t\u00e9cnico. Lo que se necesita ahora es el acuerdo pol\u00edtico para implementar soluciones, o cambiar leyes, en caso de que haya que hacerlo.<\/p>\n\n\n\n<p><strong>\u00bfA qu\u00e9 atribuyes la lentitud en la soluci\u00f3n de los problemas urbanos y habitacionales?<\/strong><\/p>\n\n\n\n<p>LF: Los tiempos de ciudad no coinciden con los tiempos pol\u00edticos. Cuando las autoridades entran al MINVU en la mayor parte de los casos se resuelven las urgencias, pero cuesta mirar adelante. Cuesta mucho la coordinaci\u00f3n con otros ministerios y servicios p\u00fablicos. Cuesta avanzar en las cosas estructurales. Es verdad que hemos avanzado bastante en los \u00faltimos a\u00f1os en los est\u00e1ndares de las viviendas, en algunas pol\u00edticas (como, por ejemplo, en los programas de regeneraci\u00f3n urbana) e instrumentos (como el subsidio de arriendo), pero la verdad es que la realidad de la exclusi\u00f3n social y urbana avanza mucho m\u00e1s r\u00e1pido de lo que somos capaces de hacer en materia de pol\u00edticas p\u00fablicas. Necesitamos cambios estructurales en materia de gobernanza urbana, en pol\u00edticas habitacionales y en inversi\u00f3n p\u00fablica. Todas las cifras (d\u00e9ficit habitacional, campamentos, violencia e inseguridad) nos alertan de que ya pasamos de la urgencia a la emergencia.<\/p>\n\n\n\n<p><strong>\u00bfCu\u00e1l crees t\u00fa que es la gran importancia de la Academia como apoyo a la elaboraci\u00f3n de pol\u00edticas p\u00fablicas y c\u00f3mo sientes que el Estado recoge este trabajo?<\/strong><\/p>\n\n\n\n<p>LF: El aporte de las universidades puede ser importante en mirar hacia el futuro. Las propuestas deben apuntar a solucionar las falencias en el sector p\u00fablico. Por la urgencia muchas veces las autoridades dejan de mirar el horizonte y ver qu\u00e9 es lo que tenemos que cambiar para plantearnos objetivos de largo plazo. Creo que el rol de la universidad puede estar enfocado en ese punto. Tambi\u00e9n es importante que las universidades tengan un sentido de realidad, y que puedan acompa\u00f1ar y apoyar a las comunidades que en muchos casos est\u00e1n en desventaja cuando se enfrentan a proyectos urbanos.<\/p>\n\n\n\n<hr class=\"wp-block-separator has-alpha-channel-opacity\"\/>\n\n\n\n<p>Revisa&nbsp;<a href=\"http:\/\/fadeu.urantiacos.cl\/images\/noticias\/2021\/Mayo\/Cap4.pdf\" target=\"_blank\" rel=\"noreferrer noopener\">aqu\u00ed<\/a>&nbsp;el documento que contiene la propuesta de Regeneraci\u00f3n Urbana planteada por acad\u00e9micos e investigadores de la Pontificia Universidad Cat\u00f3lica de Chile:<\/p>\n\n\n\n<figure class=\"wp-block-image size-large\"><img decoding=\"async\" width=\"717\" height=\"1024\" src=\"https:\/\/fadeu.urantiacos.cl\/wp-content\/uploads\/2023\/09\/Luis-Fuentes_Regeneracion-urbana-entrevista-scaled-1-717x1024.jpeg\" alt=\"\" class=\"wp-image-7063\" srcset=\"https:\/\/fadeu.urantiacos.cl\/wp-content\/uploads\/2023\/09\/Luis-Fuentes_Regeneracion-urbana-entrevista-scaled-1-717x1024.jpeg 717w, https:\/\/fadeu.urantiacos.cl\/wp-content\/uploads\/2023\/09\/Luis-Fuentes_Regeneracion-urbana-entrevista-scaled-1-210x300.jpeg 210w, https:\/\/fadeu.urantiacos.cl\/wp-content\/uploads\/2023\/09\/Luis-Fuentes_Regeneracion-urbana-entrevista-scaled-1-768x1097.jpeg 768w, https:\/\/fadeu.urantiacos.cl\/wp-content\/uploads\/2023\/09\/Luis-Fuentes_Regeneracion-urbana-entrevista-scaled-1-1076x1536.jpeg 1076w, https:\/\/fadeu.urantiacos.cl\/wp-content\/uploads\/2023\/09\/Luis-Fuentes_Regeneracion-urbana-entrevista-scaled-1-1434x2048.jpeg 1434w, https:\/\/fadeu.urantiacos.cl\/wp-content\/uploads\/2023\/09\/Luis-Fuentes_Regeneracion-urbana-entrevista-scaled-1.jpeg 840w\" sizes=\"(max-width: 717px) 100vw, 717px\" \/><\/figure>\n","protected":false},"excerpt":{"rendered":"<p>\u00abLos tiempos de ciudad no coinciden con los tiempos pol\u00edticos. Cuando las autoridades entran al MINVU en la mayor parte de los casos se resuelven las urgencias, pero cuesta mirar adelante\u00bb (Luis Fuentes, Director Instituto de Estudios Urbanos y Territoriales UC).<\/p>\n","protected":false},"author":1,"featured_media":7062,"comment_status":"open","ping_status":"open","sticky":false,"template":"","format":"standard","meta":{"_acf_changed":false,"footnotes":""},"categories":[1],"tags":[],"class_list":["post-7061","post","type-post","status-publish","format-standard","has-post-thumbnail","hentry","category-sin-categorizar"],"acf":[],"yoast_head":"<!-- This site is optimized with the Yoast SEO plugin v27.1.1 - https:\/\/yoast.com\/product\/yoast-seo-wordpress\/ -->\n<title>INVESTIGACI\u00d3N I Las pol\u00edticas urbano-habitacionales y el complejo tr\u00e1nsito desde el diagn\u00f3stico hacia las soluciones - Facultad de Arquitectura, Dise\u00f1o y Estudios Urbanos<\/title>\n<meta name=\"description\" content=\"\u00abLos tiempos de ciudad no coinciden con los tiempos pol\u00edticos. Cuando las autoridades entran al MINVU en la mayor parte de los casos se resuelven las urgencias, pero cuesta mirar adelante\u00bb (Luis Fuentes, Director Instituto de Estudios Urbanos y Territoriales UC).\" \/>\n<meta name=\"robots\" content=\"index, follow, max-snippet:-1, max-image-preview:large, max-video-preview:-1\" \/>\n<link rel=\"canonical\" href=\"https:\/\/fadeu.urantiacos.cl\/en\/2021\/05\/06\/investigacion-i-las-politicas-urbano-habitacionales-y-el-complejo-transito-desde-el-diagnostico-hacia-las-soluciones\/\" \/>\n<meta property=\"og:locale\" content=\"en_US\" \/>\n<meta property=\"og:type\" content=\"article\" \/>\n<meta property=\"og:title\" content=\"INVESTIGACI\u00d3N I Las pol\u00edticas urbano-habitacionales y el complejo tr\u00e1nsito desde el diagn\u00f3stico hacia las soluciones - Facultad de Arquitectura, Dise\u00f1o y Estudios Urbanos\" \/>\n<meta property=\"og:description\" content=\"\u00abLos tiempos de ciudad no coinciden con los tiempos pol\u00edticos. Cuando las autoridades entran al MINVU en la mayor parte de los casos se resuelven las urgencias, pero cuesta mirar adelante\u00bb (Luis Fuentes, Director Instituto de Estudios Urbanos y Territoriales UC).\" \/>\n<meta property=\"og:url\" content=\"https:\/\/fadeu.urantiacos.cl\/en\/2021\/05\/06\/investigacion-i-las-politicas-urbano-habitacionales-y-el-complejo-transito-desde-el-diagnostico-hacia-las-soluciones\/\" \/>\n<meta property=\"og:site_name\" content=\"Facultad de Arquitectura, Dise\u00f1o y Estudios Urbanos\" \/>\n<meta property=\"article:published_time\" content=\"2021-05-06T13:58:00+00:00\" \/>\n<meta property=\"article:modified_time\" content=\"2023-09-08T14:03:47+00:00\" \/>\n<meta property=\"og:image\" content=\"https:\/\/fadeu.urantiacos.cl\/wp-content\/uploads\/2023\/09\/web_Luis-Fuentes_Regeneracion-urbana-entrevista-scaled-1.jpg\" \/>\n\t<meta property=\"og:image:width\" content=\"350\" \/>\n\t<meta property=\"og:image:height\" content=\"250\" \/>\n\t<meta property=\"og:image:type\" content=\"image\/jpeg\" \/>\n<meta name=\"author\" content=\"manadmin\" \/>\n<meta name=\"twitter:card\" content=\"summary_large_image\" \/>\n<meta name=\"twitter:label1\" content=\"Written by\" \/>\n\t<meta name=\"twitter:data1\" content=\"manadmin\" \/>\n\t<meta name=\"twitter:label2\" content=\"Est. reading time\" \/>\n\t<meta name=\"twitter:data2\" content=\"6 minutes\" \/>\n<script type=\"application\/ld+json\" class=\"yoast-schema-graph\">{\"@context\":\"https:\/\/schema.org\",\"@graph\":[{\"@type\":\"Article\",\"@id\":\"https:\/\/fadeu.urantiacos.cl\/en\/2021\/05\/06\/investigacion-i-las-politicas-urbano-habitacionales-y-el-complejo-transito-desde-el-diagnostico-hacia-las-soluciones\/#article\",\"isPartOf\":{\"@id\":\"https:\/\/fadeu.urantiacos.cl\/en\/2021\/05\/06\/investigacion-i-las-politicas-urbano-habitacionales-y-el-complejo-transito-desde-el-diagnostico-hacia-las-soluciones\/\"},\"author\":{\"name\":\"manadmin\",\"@id\":\"https:\/\/fadeu.urantiacos.cl\/en\/#\/schema\/person\/d203e2e84b1c40275eac77b3061a19a2\"},\"headline\":\"INVESTIGACI\u00d3N I Las pol\u00edticas urbano-habitacionales y el complejo tr\u00e1nsito desde el diagn\u00f3stico hacia las soluciones\",\"datePublished\":\"2021-05-06T13:58:00+00:00\",\"dateModified\":\"2023-09-08T14:03:47+00:00\",\"mainEntityOfPage\":{\"@id\":\"https:\/\/fadeu.urantiacos.cl\/en\/2021\/05\/06\/investigacion-i-las-politicas-urbano-habitacionales-y-el-complejo-transito-desde-el-diagnostico-hacia-las-soluciones\/\"},\"wordCount\":1132,\"commentCount\":0,\"image\":{\"@id\":\"https:\/\/fadeu.urantiacos.cl\/en\/2021\/05\/06\/investigacion-i-las-politicas-urbano-habitacionales-y-el-complejo-transito-desde-el-diagnostico-hacia-las-soluciones\/#primaryimage\"},\"thumbnailUrl\":\"https:\/\/fadeu.urantiacos.cl\/wp-content\/uploads\/2023\/09\/web_Luis-Fuentes_Regeneracion-urbana-entrevista-scaled-1.jpg\",\"articleSection\":[\"Sin categorizar\"],\"inLanguage\":\"en-US\",\"potentialAction\":[{\"@type\":\"CommentAction\",\"name\":\"Comment\",\"target\":[\"https:\/\/fadeu.urantiacos.cl\/en\/2021\/05\/06\/investigacion-i-las-politicas-urbano-habitacionales-y-el-complejo-transito-desde-el-diagnostico-hacia-las-soluciones\/#respond\"]}]},{\"@type\":\"WebPage\",\"@id\":\"https:\/\/fadeu.urantiacos.cl\/en\/2021\/05\/06\/investigacion-i-las-politicas-urbano-habitacionales-y-el-complejo-transito-desde-el-diagnostico-hacia-las-soluciones\/\",\"url\":\"https:\/\/fadeu.urantiacos.cl\/en\/2021\/05\/06\/investigacion-i-las-politicas-urbano-habitacionales-y-el-complejo-transito-desde-el-diagnostico-hacia-las-soluciones\/\",\"name\":\"INVESTIGACI\u00d3N I Las pol\u00edticas urbano-habitacionales y el complejo tr\u00e1nsito desde el diagn\u00f3stico hacia las soluciones - Facultad de Arquitectura, Dise\u00f1o y Estudios Urbanos\",\"isPartOf\":{\"@id\":\"https:\/\/fadeu.urantiacos.cl\/en\/#website\"},\"primaryImageOfPage\":{\"@id\":\"https:\/\/fadeu.urantiacos.cl\/en\/2021\/05\/06\/investigacion-i-las-politicas-urbano-habitacionales-y-el-complejo-transito-desde-el-diagnostico-hacia-las-soluciones\/#primaryimage\"},\"image\":{\"@id\":\"https:\/\/fadeu.urantiacos.cl\/en\/2021\/05\/06\/investigacion-i-las-politicas-urbano-habitacionales-y-el-complejo-transito-desde-el-diagnostico-hacia-las-soluciones\/#primaryimage\"},\"thumbnailUrl\":\"https:\/\/fadeu.urantiacos.cl\/wp-content\/uploads\/2023\/09\/web_Luis-Fuentes_Regeneracion-urbana-entrevista-scaled-1.jpg\",\"datePublished\":\"2021-05-06T13:58:00+00:00\",\"dateModified\":\"2023-09-08T14:03:47+00:00\",\"author\":{\"@id\":\"https:\/\/fadeu.urantiacos.cl\/en\/#\/schema\/person\/d203e2e84b1c40275eac77b3061a19a2\"},\"description\":\"\u00abLos tiempos de ciudad no coinciden con los tiempos pol\u00edticos. Cuando las autoridades entran al MINVU en la mayor parte de los casos se resuelven las urgencias, pero cuesta mirar adelante\u00bb (Luis Fuentes, Director Instituto de Estudios Urbanos y Territoriales UC).\",\"breadcrumb\":{\"@id\":\"https:\/\/fadeu.urantiacos.cl\/en\/2021\/05\/06\/investigacion-i-las-politicas-urbano-habitacionales-y-el-complejo-transito-desde-el-diagnostico-hacia-las-soluciones\/#breadcrumb\"},\"inLanguage\":\"en-US\",\"potentialAction\":[{\"@type\":\"ReadAction\",\"target\":[\"https:\/\/fadeu.urantiacos.cl\/en\/2021\/05\/06\/investigacion-i-las-politicas-urbano-habitacionales-y-el-complejo-transito-desde-el-diagnostico-hacia-las-soluciones\/\"]}]},{\"@type\":\"ImageObject\",\"inLanguage\":\"en-US\",\"@id\":\"https:\/\/fadeu.urantiacos.cl\/en\/2021\/05\/06\/investigacion-i-las-politicas-urbano-habitacionales-y-el-complejo-transito-desde-el-diagnostico-hacia-las-soluciones\/#primaryimage\",\"url\":\"https:\/\/fadeu.urantiacos.cl\/wp-content\/uploads\/2023\/09\/web_Luis-Fuentes_Regeneracion-urbana-entrevista-scaled-1.jpg\",\"contentUrl\":\"https:\/\/fadeu.urantiacos.cl\/wp-content\/uploads\/2023\/09\/web_Luis-Fuentes_Regeneracion-urbana-entrevista-scaled-1.jpg\",\"width\":350,\"height\":250},{\"@type\":\"BreadcrumbList\",\"@id\":\"https:\/\/fadeu.urantiacos.cl\/en\/2021\/05\/06\/investigacion-i-las-politicas-urbano-habitacionales-y-el-complejo-transito-desde-el-diagnostico-hacia-las-soluciones\/#breadcrumb\",\"itemListElement\":[{\"@type\":\"ListItem\",\"position\":1,\"name\":\"Portada\",\"item\":\"https:\/\/fadeu.urantiacos.cl\/en\/\"},{\"@type\":\"ListItem\",\"position\":2,\"name\":\"INVESTIGACI\u00d3N I Las pol\u00edticas urbano-habitacionales y el complejo tr\u00e1nsito desde el diagn\u00f3stico hacia las soluciones\"}]},{\"@type\":\"WebSite\",\"@id\":\"https:\/\/fadeu.urantiacos.cl\/en\/#website\",\"url\":\"https:\/\/fadeu.urantiacos.cl\/en\/\",\"name\":\"Facultad de Arquitectura, Dise\u00f1o y Estudios Urbanos\",\"description\":\"Campus Lo Contador\",\"potentialAction\":[{\"@type\":\"SearchAction\",\"target\":{\"@type\":\"EntryPoint\",\"urlTemplate\":\"https:\/\/fadeu.urantiacos.cl\/en\/?s={search_term_string}\"},\"query-input\":{\"@type\":\"PropertyValueSpecification\",\"valueRequired\":true,\"valueName\":\"search_term_string\"}}],\"inLanguage\":\"en-US\"},{\"@type\":\"Person\",\"@id\":\"https:\/\/fadeu.urantiacos.cl\/en\/#\/schema\/person\/d203e2e84b1c40275eac77b3061a19a2\",\"name\":\"manadmin\",\"image\":{\"@type\":\"ImageObject\",\"inLanguage\":\"en-US\",\"@id\":\"https:\/\/fadeu.urantiacos.cl\/en\/#\/schema\/person\/image\/\",\"url\":\"https:\/\/secure.gravatar.com\/avatar\/4b1d8e3303b4a9d8968ac578947d8bc80d9aea359f388cdd4aac15cadc0e8447?s=96&d=mm&r=g\",\"contentUrl\":\"https:\/\/secure.gravatar.com\/avatar\/4b1d8e3303b4a9d8968ac578947d8bc80d9aea359f388cdd4aac15cadc0e8447?s=96&d=mm&r=g\",\"caption\":\"manadmin\"},\"sameAs\":[\"https:\/\/fadeu.urantiacos.cl\"]}]}<\/script>\n<!-- \/ Yoast SEO plugin. -->","yoast_head_json":{"title":"INVESTIGACI\u00d3N I Las pol\u00edticas urbano-habitacionales y el complejo tr\u00e1nsito desde el diagn\u00f3stico hacia las soluciones - Facultad de Arquitectura, Dise\u00f1o y Estudios Urbanos","description":"\u00abLos tiempos de ciudad no coinciden con los tiempos pol\u00edticos. Cuando las autoridades entran al MINVU en la mayor parte de los casos se resuelven las urgencias, pero cuesta mirar adelante\u00bb (Luis Fuentes, Director Instituto de Estudios Urbanos y Territoriales UC).","robots":{"index":"index","follow":"follow","max-snippet":"max-snippet:-1","max-image-preview":"max-image-preview:large","max-video-preview":"max-video-preview:-1"},"canonical":"https:\/\/fadeu.urantiacos.cl\/en\/2021\/05\/06\/investigacion-i-las-politicas-urbano-habitacionales-y-el-complejo-transito-desde-el-diagnostico-hacia-las-soluciones\/","og_locale":"en_US","og_type":"article","og_title":"INVESTIGACI\u00d3N I Las pol\u00edticas urbano-habitacionales y el complejo tr\u00e1nsito desde el diagn\u00f3stico hacia las soluciones - Facultad de Arquitectura, Dise\u00f1o y Estudios Urbanos","og_description":"\u00abLos tiempos de ciudad no coinciden con los tiempos pol\u00edticos. Cuando las autoridades entran al MINVU en la mayor parte de los casos se resuelven las urgencias, pero cuesta mirar adelante\u00bb (Luis Fuentes, Director Instituto de Estudios Urbanos y Territoriales UC).","og_url":"https:\/\/fadeu.urantiacos.cl\/en\/2021\/05\/06\/investigacion-i-las-politicas-urbano-habitacionales-y-el-complejo-transito-desde-el-diagnostico-hacia-las-soluciones\/","og_site_name":"Facultad de Arquitectura, Dise\u00f1o y Estudios Urbanos","article_published_time":"2021-05-06T13:58:00+00:00","article_modified_time":"2023-09-08T14:03:47+00:00","og_image":[{"width":350,"height":250,"url":"https:\/\/fadeu.urantiacos.cl\/wp-content\/uploads\/2023\/09\/web_Luis-Fuentes_Regeneracion-urbana-entrevista-scaled-1.jpg","type":"image\/jpeg"}],"author":"manadmin","twitter_card":"summary_large_image","twitter_misc":{"Written by":"manadmin","Est. reading time":"6 minutes"},"schema":{"@context":"https:\/\/schema.org","@graph":[{"@type":"Article","@id":"https:\/\/fadeu.urantiacos.cl\/en\/2021\/05\/06\/investigacion-i-las-politicas-urbano-habitacionales-y-el-complejo-transito-desde-el-diagnostico-hacia-las-soluciones\/#article","isPartOf":{"@id":"https:\/\/fadeu.urantiacos.cl\/en\/2021\/05\/06\/investigacion-i-las-politicas-urbano-habitacionales-y-el-complejo-transito-desde-el-diagnostico-hacia-las-soluciones\/"},"author":{"name":"manadmin","@id":"https:\/\/fadeu.urantiacos.cl\/en\/#\/schema\/person\/d203e2e84b1c40275eac77b3061a19a2"},"headline":"INVESTIGACI\u00d3N I Las pol\u00edticas urbano-habitacionales y el complejo tr\u00e1nsito desde el diagn\u00f3stico hacia las soluciones","datePublished":"2021-05-06T13:58:00+00:00","dateModified":"2023-09-08T14:03:47+00:00","mainEntityOfPage":{"@id":"https:\/\/fadeu.urantiacos.cl\/en\/2021\/05\/06\/investigacion-i-las-politicas-urbano-habitacionales-y-el-complejo-transito-desde-el-diagnostico-hacia-las-soluciones\/"},"wordCount":1132,"commentCount":0,"image":{"@id":"https:\/\/fadeu.urantiacos.cl\/en\/2021\/05\/06\/investigacion-i-las-politicas-urbano-habitacionales-y-el-complejo-transito-desde-el-diagnostico-hacia-las-soluciones\/#primaryimage"},"thumbnailUrl":"https:\/\/fadeu.urantiacos.cl\/wp-content\/uploads\/2023\/09\/web_Luis-Fuentes_Regeneracion-urbana-entrevista-scaled-1.jpg","articleSection":["Sin categorizar"],"inLanguage":"en-US","potentialAction":[{"@type":"CommentAction","name":"Comment","target":["https:\/\/fadeu.urantiacos.cl\/en\/2021\/05\/06\/investigacion-i-las-politicas-urbano-habitacionales-y-el-complejo-transito-desde-el-diagnostico-hacia-las-soluciones\/#respond"]}]},{"@type":"WebPage","@id":"https:\/\/fadeu.urantiacos.cl\/en\/2021\/05\/06\/investigacion-i-las-politicas-urbano-habitacionales-y-el-complejo-transito-desde-el-diagnostico-hacia-las-soluciones\/","url":"https:\/\/fadeu.urantiacos.cl\/en\/2021\/05\/06\/investigacion-i-las-politicas-urbano-habitacionales-y-el-complejo-transito-desde-el-diagnostico-hacia-las-soluciones\/","name":"INVESTIGACI\u00d3N I Las pol\u00edticas urbano-habitacionales y el complejo tr\u00e1nsito desde el diagn\u00f3stico hacia las soluciones - Facultad de Arquitectura, Dise\u00f1o y Estudios Urbanos","isPartOf":{"@id":"https:\/\/fadeu.urantiacos.cl\/en\/#website"},"primaryImageOfPage":{"@id":"https:\/\/fadeu.urantiacos.cl\/en\/2021\/05\/06\/investigacion-i-las-politicas-urbano-habitacionales-y-el-complejo-transito-desde-el-diagnostico-hacia-las-soluciones\/#primaryimage"},"image":{"@id":"https:\/\/fadeu.urantiacos.cl\/en\/2021\/05\/06\/investigacion-i-las-politicas-urbano-habitacionales-y-el-complejo-transito-desde-el-diagnostico-hacia-las-soluciones\/#primaryimage"},"thumbnailUrl":"https:\/\/fadeu.urantiacos.cl\/wp-content\/uploads\/2023\/09\/web_Luis-Fuentes_Regeneracion-urbana-entrevista-scaled-1.jpg","datePublished":"2021-05-06T13:58:00+00:00","dateModified":"2023-09-08T14:03:47+00:00","author":{"@id":"https:\/\/fadeu.urantiacos.cl\/en\/#\/schema\/person\/d203e2e84b1c40275eac77b3061a19a2"},"description":"\u00abLos tiempos de ciudad no coinciden con los tiempos pol\u00edticos. Cuando las autoridades entran al MINVU en la mayor parte de los casos se resuelven las urgencias, pero cuesta mirar adelante\u00bb (Luis Fuentes, Director Instituto de Estudios Urbanos y Territoriales UC).","breadcrumb":{"@id":"https:\/\/fadeu.urantiacos.cl\/en\/2021\/05\/06\/investigacion-i-las-politicas-urbano-habitacionales-y-el-complejo-transito-desde-el-diagnostico-hacia-las-soluciones\/#breadcrumb"},"inLanguage":"en-US","potentialAction":[{"@type":"ReadAction","target":["https:\/\/fadeu.urantiacos.cl\/en\/2021\/05\/06\/investigacion-i-las-politicas-urbano-habitacionales-y-el-complejo-transito-desde-el-diagnostico-hacia-las-soluciones\/"]}]},{"@type":"ImageObject","inLanguage":"en-US","@id":"https:\/\/fadeu.urantiacos.cl\/en\/2021\/05\/06\/investigacion-i-las-politicas-urbano-habitacionales-y-el-complejo-transito-desde-el-diagnostico-hacia-las-soluciones\/#primaryimage","url":"https:\/\/fadeu.urantiacos.cl\/wp-content\/uploads\/2023\/09\/web_Luis-Fuentes_Regeneracion-urbana-entrevista-scaled-1.jpg","contentUrl":"https:\/\/fadeu.urantiacos.cl\/wp-content\/uploads\/2023\/09\/web_Luis-Fuentes_Regeneracion-urbana-entrevista-scaled-1.jpg","width":350,"height":250},{"@type":"BreadcrumbList","@id":"https:\/\/fadeu.urantiacos.cl\/en\/2021\/05\/06\/investigacion-i-las-politicas-urbano-habitacionales-y-el-complejo-transito-desde-el-diagnostico-hacia-las-soluciones\/#breadcrumb","itemListElement":[{"@type":"ListItem","position":1,"name":"Portada","item":"https:\/\/fadeu.urantiacos.cl\/en\/"},{"@type":"ListItem","position":2,"name":"INVESTIGACI\u00d3N I Las pol\u00edticas urbano-habitacionales y el complejo tr\u00e1nsito desde el diagn\u00f3stico hacia las soluciones"}]},{"@type":"WebSite","@id":"https:\/\/fadeu.urantiacos.cl\/en\/#website","url":"https:\/\/fadeu.urantiacos.cl\/en\/","name":"Facultad de Arquitectura, Dise\u00f1o y Estudios Urbanos","description":"Campus Lo Contador","potentialAction":[{"@type":"SearchAction","target":{"@type":"EntryPoint","urlTemplate":"https:\/\/fadeu.urantiacos.cl\/en\/?s={search_term_string}"},"query-input":{"@type":"PropertyValueSpecification","valueRequired":true,"valueName":"search_term_string"}}],"inLanguage":"en-US"},{"@type":"Person","@id":"https:\/\/fadeu.urantiacos.cl\/en\/#\/schema\/person\/d203e2e84b1c40275eac77b3061a19a2","name":"manadmin","image":{"@type":"ImageObject","inLanguage":"en-US","@id":"https:\/\/fadeu.urantiacos.cl\/en\/#\/schema\/person\/image\/","url":"https:\/\/secure.gravatar.com\/avatar\/4b1d8e3303b4a9d8968ac578947d8bc80d9aea359f388cdd4aac15cadc0e8447?s=96&d=mm&r=g","contentUrl":"https:\/\/secure.gravatar.com\/avatar\/4b1d8e3303b4a9d8968ac578947d8bc80d9aea359f388cdd4aac15cadc0e8447?s=96&d=mm&r=g","caption":"manadmin"},"sameAs":["https:\/\/fadeu.urantiacos.cl"]}]}},"_links":{"self":[{"href":"https:\/\/fadeu.urantiacos.cl\/en\/wp-json\/wp\/v2\/posts\/7061","targetHints":{"allow":["GET"]}}],"collection":[{"href":"https:\/\/fadeu.urantiacos.cl\/en\/wp-json\/wp\/v2\/posts"}],"about":[{"href":"https:\/\/fadeu.urantiacos.cl\/en\/wp-json\/wp\/v2\/types\/post"}],"author":[{"embeddable":true,"href":"https:\/\/fadeu.urantiacos.cl\/en\/wp-json\/wp\/v2\/users\/1"}],"replies":[{"embeddable":true,"href":"https:\/\/fadeu.urantiacos.cl\/en\/wp-json\/wp\/v2\/comments?post=7061"}],"version-history":[{"count":1,"href":"https:\/\/fadeu.urantiacos.cl\/en\/wp-json\/wp\/v2\/posts\/7061\/revisions"}],"predecessor-version":[{"id":7064,"href":"https:\/\/fadeu.urantiacos.cl\/en\/wp-json\/wp\/v2\/posts\/7061\/revisions\/7064"}],"wp:featuredmedia":[{"embeddable":true,"href":"https:\/\/fadeu.urantiacos.cl\/en\/wp-json\/wp\/v2\/media\/7062"}],"wp:attachment":[{"href":"https:\/\/fadeu.urantiacos.cl\/en\/wp-json\/wp\/v2\/media?parent=7061"}],"wp:term":[{"taxonomy":"category","embeddable":true,"href":"https:\/\/fadeu.urantiacos.cl\/en\/wp-json\/wp\/v2\/categories?post=7061"},{"taxonomy":"post_tag","embeddable":true,"href":"https:\/\/fadeu.urantiacos.cl\/en\/wp-json\/wp\/v2\/tags?post=7061"}],"curies":[{"name":"wp","href":"https:\/\/api.w.org\/{rel}","templated":true}]}}