{"id":7058,"date":"2021-05-06T10:56:00","date_gmt":"2021-05-06T13:56:00","guid":{"rendered":"https:\/\/fadeu.urantiacos.cl\/?p=7058"},"modified":"2023-09-08T10:58:17","modified_gmt":"2023-09-08T13:58:17","slug":"se-realiza-bienvenida-del-doctorado-en-arquitectura-y-estudios-urbanos-a-las-cohortes-2020-y-2021","status":"publish","type":"post","link":"https:\/\/fadeu.urantiacos.cl\/en\/2021\/05\/06\/se-realiza-bienvenida-del-doctorado-en-arquitectura-y-estudios-urbanos-a-las-cohortes-2020-y-2021\/","title":{"rendered":"Se realiza bienvenida del Doctorado en Arquitectura y Estudios Urbanos a las cohortes 2020 y 2021"},"content":{"rendered":"\n<figure class=\"wp-block-image size-full\"><img decoding=\"async\" width=\"350\" height=\"250\" src=\"https:\/\/fadeu.urantiacos.cl\/wp-content\/uploads\/2023\/09\/bienvenida_doctorado2.jpg\" alt=\"\" class=\"wp-image-7059\" srcset=\"https:\/\/fadeu.urantiacos.cl\/wp-content\/uploads\/2023\/09\/bienvenida_doctorado2.jpg 350w, https:\/\/fadeu.urantiacos.cl\/wp-content\/uploads\/2023\/09\/bienvenida_doctorado2-300x214.jpg 300w\" sizes=\"(max-width: 350px) 100vw, 350px\" \/><\/figure>\n\n\n\n<p>El Decano Mario Ubilla&nbsp;inici\u00f3&nbsp;sus palabras destacando la importancia que tiene el Doctorado para la FADEU, y su relevancia como punto de encuentro de la investigaci\u00f3n interdisciplinar, tanto desde el punto de vista del desarrollo de las tesis, como del espacio f\u00edsico que est\u00e1 disponible en la Casa del Doctorado. Luego de ello intervino la Directora de Investigaci\u00f3n y Postgrado, Magdalena Vicu\u00f1a, que tambi\u00e9n destac\u00f3 su propia experiencia formativa y su disponibilidad actual para colaborar abiertamente con el programa a trav\u00e9s de la investigaci\u00f3n y la docencia. Finalmente, el jefe del programa, Jos\u00e9 Rosas dio la bienvenida a los estudiantes incit\u00e1ndolos a aprovechar la experiencia, nombrando a cada uno de ellos y haciendo expl\u00edcita las becas con las que cuentan (ANID y VRI preferentemente), para realizar sus estudios. Junto con ello agradeci\u00f3 al equipo que trabaja en el Doctorado junto a \u00e9l , que hacen&nbsp;posible una gesti\u00f3n de calidad:&nbsp;Jaqueline Bigorra, (Asistente administrativo), Andrea Masuero (Coordinadora del Programa), Loreto Villarroel (Coordinadora La Ciudad y las Palabras), Angelita Iriarte (Apoyo en servicio)&nbsp; y Carolina Moya (Periodista Estrategia Comunicacional).<\/p>\n\n\n\n<p>Luego de estas intervenciones vinieron las de&nbsp; los Directores de Unidad, Luis Fuentes, Luis Eduardo Bresciani y Rodrigo Ram\u00edrez; miembros del Comit\u00e9 de Doctorado, Macarena Ibarra, Pedro Alonso, Arturo Orellana, los representantes de estudiantes, y&nbsp; la Directora de Extensi\u00f3n y Comunicaciones FADEU, Macarena Cort\u00e9s quien enfatiz\u00f3&nbsp;&nbsp;su vinculaci\u00f3n y formaci\u00f3n con este programa, as\u00ed como el gran grupo humano que se congreg\u00f3 en estas generaciones y que ser\u00e1 fundamental para aportar al conocimiento de la disciplinas en Chile y Latinoam\u00e9rica.<\/p>\n\n\n\n<p><br>La instancia se caracteriz\u00f3 por ser un momento emotivo y entusiasta, donde se destac\u00f3 la experiencia significativa de cursar un Doctorado. Por \u00faltimo, se reconoci\u00f3 los enormes esfuerzos que ha realizado el programa por mantener su excelencia acad\u00e9mica y formativa, que se vio plasmado&nbsp;en la documentaci\u00f3n entregada al proceso&nbsp;&nbsp;de acreditaci\u00f3n&nbsp;entregado el mes pasado,&nbsp;comprometiendo una pronta celebraci\u00f3n y&nbsp; encuentro en la casa del doctorado con toda la comunidad acad\u00e9mica, estudiantil y profesional administrativa.<\/p>\n","protected":false},"excerpt":{"rendered":"<p>El pasado martes 4 de mayo, se realiz\u00f3 en formato online la Bienvenida al Doctorado en Arquitectura y Estudios Urbanos, a las cohortes 2020 y 2021, que a consecuencia de la pandemia no pudo realizarse de forma presencial real. En dicha oportunidad, adem\u00e1s de participar  los estudiantes nuevos del programa, asistieron acad\u00e9micos del claustro y colaboradores, miembros de Comit\u00e9 de Doctorado, profesionales y administrativos que conforman el equipo de gesti\u00f3n,  autoridades de la Facultad y de las Unidades acad\u00e9micas.<\/p>\n","protected":false},"author":1,"featured_media":7059,"comment_status":"open","ping_status":"open","sticky":false,"template":"","format":"standard","meta":{"_acf_changed":false,"footnotes":""},"categories":[1],"tags":[],"class_list":["post-7058","post","type-post","status-publish","format-standard","has-post-thumbnail","hentry","category-sin-categorizar"],"acf":[],"yoast_head":"<!-- This site is optimized with the Yoast SEO plugin v27.1.1 - https:\/\/yoast.com\/product\/yoast-seo-wordpress\/ -->\n<title>Se realiza bienvenida del Doctorado en Arquitectura y Estudios Urbanos a las cohortes 2020 y 2021 - Facultad de Arquitectura, Dise\u00f1o y Estudios Urbanos<\/title>\n<meta name=\"description\" content=\"El pasado martes 4 de mayo, se realiz\u00f3 en formato online la Bienvenida al Doctorado en Arquitectura y Estudios Urbanos, a las cohortes 2020 y 2021, que a consecuencia de la pandemia no pudo realizarse de forma presencial real. En dicha oportunidad, adem\u00e1s de participar los estudiantes nuevos del programa, asistieron acad\u00e9micos del claustro y colaboradores, miembros de Comit\u00e9 de Doctorado, profesionales y administrativos que conforman el equipo de gesti\u00f3n, autoridades de la Facultad y de las Unidades acad\u00e9micas.\" \/>\n<meta name=\"robots\" content=\"index, follow, max-snippet:-1, max-image-preview:large, max-video-preview:-1\" \/>\n<link rel=\"canonical\" href=\"https:\/\/fadeu.urantiacos.cl\/en\/2021\/05\/06\/se-realiza-bienvenida-del-doctorado-en-arquitectura-y-estudios-urbanos-a-las-cohortes-2020-y-2021\/\" \/>\n<meta property=\"og:locale\" content=\"en_US\" \/>\n<meta property=\"og:type\" content=\"article\" \/>\n<meta property=\"og:title\" content=\"Se realiza bienvenida del Doctorado en Arquitectura y Estudios Urbanos a las cohortes 2020 y 2021 - Facultad de Arquitectura, Dise\u00f1o y Estudios Urbanos\" \/>\n<meta property=\"og:description\" content=\"El pasado martes 4 de mayo, se realiz\u00f3 en formato online la Bienvenida al Doctorado en Arquitectura y Estudios Urbanos, a las cohortes 2020 y 2021, que a consecuencia de la pandemia no pudo realizarse de forma presencial real. En dicha oportunidad, adem\u00e1s de participar los estudiantes nuevos del programa, asistieron acad\u00e9micos del claustro y colaboradores, miembros de Comit\u00e9 de Doctorado, profesionales y administrativos que conforman el equipo de gesti\u00f3n, autoridades de la Facultad y de las Unidades acad\u00e9micas.\" \/>\n<meta property=\"og:url\" content=\"https:\/\/fadeu.urantiacos.cl\/en\/2021\/05\/06\/se-realiza-bienvenida-del-doctorado-en-arquitectura-y-estudios-urbanos-a-las-cohortes-2020-y-2021\/\" \/>\n<meta property=\"og:site_name\" content=\"Facultad de Arquitectura, Dise\u00f1o y Estudios Urbanos\" \/>\n<meta property=\"article:published_time\" content=\"2021-05-06T13:56:00+00:00\" \/>\n<meta property=\"article:modified_time\" content=\"2023-09-08T13:58:17+00:00\" \/>\n<meta property=\"og:image\" content=\"https:\/\/fadeu.urantiacos.cl\/wp-content\/uploads\/2023\/09\/bienvenida_doctorado2.jpg\" \/>\n\t<meta property=\"og:image:width\" content=\"350\" \/>\n\t<meta property=\"og:image:height\" content=\"250\" \/>\n\t<meta property=\"og:image:type\" content=\"image\/jpeg\" \/>\n<meta name=\"author\" content=\"manadmin\" \/>\n<meta name=\"twitter:card\" content=\"summary_large_image\" \/>\n<meta name=\"twitter:label1\" content=\"Written by\" \/>\n\t<meta name=\"twitter:data1\" content=\"manadmin\" \/>\n\t<meta name=\"twitter:label2\" content=\"Est. reading time\" \/>\n\t<meta name=\"twitter:data2\" content=\"2 minutes\" \/>\n<script type=\"application\/ld+json\" class=\"yoast-schema-graph\">{\"@context\":\"https:\/\/schema.org\",\"@graph\":[{\"@type\":\"Article\",\"@id\":\"https:\/\/fadeu.urantiacos.cl\/en\/2021\/05\/06\/se-realiza-bienvenida-del-doctorado-en-arquitectura-y-estudios-urbanos-a-las-cohortes-2020-y-2021\/#article\",\"isPartOf\":{\"@id\":\"https:\/\/fadeu.urantiacos.cl\/en\/2021\/05\/06\/se-realiza-bienvenida-del-doctorado-en-arquitectura-y-estudios-urbanos-a-las-cohortes-2020-y-2021\/\"},\"author\":{\"name\":\"manadmin\",\"@id\":\"https:\/\/fadeu.urantiacos.cl\/en\/#\/schema\/person\/d203e2e84b1c40275eac77b3061a19a2\"},\"headline\":\"Se realiza bienvenida del Doctorado en Arquitectura y Estudios Urbanos a las cohortes 2020 y 2021\",\"datePublished\":\"2021-05-06T13:56:00+00:00\",\"dateModified\":\"2023-09-08T13:58:17+00:00\",\"mainEntityOfPage\":{\"@id\":\"https:\/\/fadeu.urantiacos.cl\/en\/2021\/05\/06\/se-realiza-bienvenida-del-doctorado-en-arquitectura-y-estudios-urbanos-a-las-cohortes-2020-y-2021\/\"},\"wordCount\":384,\"commentCount\":0,\"image\":{\"@id\":\"https:\/\/fadeu.urantiacos.cl\/en\/2021\/05\/06\/se-realiza-bienvenida-del-doctorado-en-arquitectura-y-estudios-urbanos-a-las-cohortes-2020-y-2021\/#primaryimage\"},\"thumbnailUrl\":\"https:\/\/fadeu.urantiacos.cl\/wp-content\/uploads\/2023\/09\/bienvenida_doctorado2.jpg\",\"articleSection\":[\"Sin categorizar\"],\"inLanguage\":\"en-US\",\"potentialAction\":[{\"@type\":\"CommentAction\",\"name\":\"Comment\",\"target\":[\"https:\/\/fadeu.urantiacos.cl\/en\/2021\/05\/06\/se-realiza-bienvenida-del-doctorado-en-arquitectura-y-estudios-urbanos-a-las-cohortes-2020-y-2021\/#respond\"]}]},{\"@type\":\"WebPage\",\"@id\":\"https:\/\/fadeu.urantiacos.cl\/en\/2021\/05\/06\/se-realiza-bienvenida-del-doctorado-en-arquitectura-y-estudios-urbanos-a-las-cohortes-2020-y-2021\/\",\"url\":\"https:\/\/fadeu.urantiacos.cl\/en\/2021\/05\/06\/se-realiza-bienvenida-del-doctorado-en-arquitectura-y-estudios-urbanos-a-las-cohortes-2020-y-2021\/\",\"name\":\"Se realiza bienvenida del Doctorado en Arquitectura y Estudios Urbanos a las cohortes 2020 y 2021 - Facultad de Arquitectura, Dise\u00f1o y Estudios Urbanos\",\"isPartOf\":{\"@id\":\"https:\/\/fadeu.urantiacos.cl\/en\/#website\"},\"primaryImageOfPage\":{\"@id\":\"https:\/\/fadeu.urantiacos.cl\/en\/2021\/05\/06\/se-realiza-bienvenida-del-doctorado-en-arquitectura-y-estudios-urbanos-a-las-cohortes-2020-y-2021\/#primaryimage\"},\"image\":{\"@id\":\"https:\/\/fadeu.urantiacos.cl\/en\/2021\/05\/06\/se-realiza-bienvenida-del-doctorado-en-arquitectura-y-estudios-urbanos-a-las-cohortes-2020-y-2021\/#primaryimage\"},\"thumbnailUrl\":\"https:\/\/fadeu.urantiacos.cl\/wp-content\/uploads\/2023\/09\/bienvenida_doctorado2.jpg\",\"datePublished\":\"2021-05-06T13:56:00+00:00\",\"dateModified\":\"2023-09-08T13:58:17+00:00\",\"author\":{\"@id\":\"https:\/\/fadeu.urantiacos.cl\/en\/#\/schema\/person\/d203e2e84b1c40275eac77b3061a19a2\"},\"description\":\"El pasado martes 4 de mayo, se realiz\u00f3 en formato online la Bienvenida al Doctorado en Arquitectura y Estudios Urbanos, a las cohortes 2020 y 2021, que a consecuencia de la pandemia no pudo realizarse de forma presencial real. En dicha oportunidad, adem\u00e1s de participar los estudiantes nuevos del programa, asistieron acad\u00e9micos del claustro y colaboradores, miembros de Comit\u00e9 de Doctorado, profesionales y administrativos que conforman el equipo de gesti\u00f3n, autoridades de la Facultad y de las Unidades acad\u00e9micas.\",\"breadcrumb\":{\"@id\":\"https:\/\/fadeu.urantiacos.cl\/en\/2021\/05\/06\/se-realiza-bienvenida-del-doctorado-en-arquitectura-y-estudios-urbanos-a-las-cohortes-2020-y-2021\/#breadcrumb\"},\"inLanguage\":\"en-US\",\"potentialAction\":[{\"@type\":\"ReadAction\",\"target\":[\"https:\/\/fadeu.urantiacos.cl\/en\/2021\/05\/06\/se-realiza-bienvenida-del-doctorado-en-arquitectura-y-estudios-urbanos-a-las-cohortes-2020-y-2021\/\"]}]},{\"@type\":\"ImageObject\",\"inLanguage\":\"en-US\",\"@id\":\"https:\/\/fadeu.urantiacos.cl\/en\/2021\/05\/06\/se-realiza-bienvenida-del-doctorado-en-arquitectura-y-estudios-urbanos-a-las-cohortes-2020-y-2021\/#primaryimage\",\"url\":\"https:\/\/fadeu.urantiacos.cl\/wp-content\/uploads\/2023\/09\/bienvenida_doctorado2.jpg\",\"contentUrl\":\"https:\/\/fadeu.urantiacos.cl\/wp-content\/uploads\/2023\/09\/bienvenida_doctorado2.jpg\",\"width\":350,\"height\":250},{\"@type\":\"BreadcrumbList\",\"@id\":\"https:\/\/fadeu.urantiacos.cl\/en\/2021\/05\/06\/se-realiza-bienvenida-del-doctorado-en-arquitectura-y-estudios-urbanos-a-las-cohortes-2020-y-2021\/#breadcrumb\",\"itemListElement\":[{\"@type\":\"ListItem\",\"position\":1,\"name\":\"Portada\",\"item\":\"https:\/\/fadeu.urantiacos.cl\/en\/\"},{\"@type\":\"ListItem\",\"position\":2,\"name\":\"Se realiza bienvenida del Doctorado en Arquitectura y Estudios Urbanos a las cohortes 2020 y 2021\"}]},{\"@type\":\"WebSite\",\"@id\":\"https:\/\/fadeu.urantiacos.cl\/en\/#website\",\"url\":\"https:\/\/fadeu.urantiacos.cl\/en\/\",\"name\":\"Facultad de Arquitectura, Dise\u00f1o y Estudios Urbanos\",\"description\":\"Campus Lo Contador\",\"potentialAction\":[{\"@type\":\"SearchAction\",\"target\":{\"@type\":\"EntryPoint\",\"urlTemplate\":\"https:\/\/fadeu.urantiacos.cl\/en\/?s={search_term_string}\"},\"query-input\":{\"@type\":\"PropertyValueSpecification\",\"valueRequired\":true,\"valueName\":\"search_term_string\"}}],\"inLanguage\":\"en-US\"},{\"@type\":\"Person\",\"@id\":\"https:\/\/fadeu.urantiacos.cl\/en\/#\/schema\/person\/d203e2e84b1c40275eac77b3061a19a2\",\"name\":\"manadmin\",\"image\":{\"@type\":\"ImageObject\",\"inLanguage\":\"en-US\",\"@id\":\"https:\/\/fadeu.urantiacos.cl\/en\/#\/schema\/person\/image\/\",\"url\":\"https:\/\/secure.gravatar.com\/avatar\/4b1d8e3303b4a9d8968ac578947d8bc80d9aea359f388cdd4aac15cadc0e8447?s=96&d=mm&r=g\",\"contentUrl\":\"https:\/\/secure.gravatar.com\/avatar\/4b1d8e3303b4a9d8968ac578947d8bc80d9aea359f388cdd4aac15cadc0e8447?s=96&d=mm&r=g\",\"caption\":\"manadmin\"},\"sameAs\":[\"https:\/\/fadeu.urantiacos.cl\"]}]}<\/script>\n<!-- \/ Yoast SEO plugin. -->","yoast_head_json":{"title":"Se realiza bienvenida del Doctorado en Arquitectura y Estudios Urbanos a las cohortes 2020 y 2021 - Facultad de Arquitectura, Dise\u00f1o y Estudios Urbanos","description":"El pasado martes 4 de mayo, se realiz\u00f3 en formato online la Bienvenida al Doctorado en Arquitectura y Estudios Urbanos, a las cohortes 2020 y 2021, que a consecuencia de la pandemia no pudo realizarse de forma presencial real. En dicha oportunidad, adem\u00e1s de participar los estudiantes nuevos del programa, asistieron acad\u00e9micos del claustro y colaboradores, miembros de Comit\u00e9 de Doctorado, profesionales y administrativos que conforman el equipo de gesti\u00f3n, autoridades de la Facultad y de las Unidades acad\u00e9micas.","robots":{"index":"index","follow":"follow","max-snippet":"max-snippet:-1","max-image-preview":"max-image-preview:large","max-video-preview":"max-video-preview:-1"},"canonical":"https:\/\/fadeu.urantiacos.cl\/en\/2021\/05\/06\/se-realiza-bienvenida-del-doctorado-en-arquitectura-y-estudios-urbanos-a-las-cohortes-2020-y-2021\/","og_locale":"en_US","og_type":"article","og_title":"Se realiza bienvenida del Doctorado en Arquitectura y Estudios Urbanos a las cohortes 2020 y 2021 - Facultad de Arquitectura, Dise\u00f1o y Estudios Urbanos","og_description":"El pasado martes 4 de mayo, se realiz\u00f3 en formato online la Bienvenida al Doctorado en Arquitectura y Estudios Urbanos, a las cohortes 2020 y 2021, que a consecuencia de la pandemia no pudo realizarse de forma presencial real. En dicha oportunidad, adem\u00e1s de participar los estudiantes nuevos del programa, asistieron acad\u00e9micos del claustro y colaboradores, miembros de Comit\u00e9 de Doctorado, profesionales y administrativos que conforman el equipo de gesti\u00f3n, autoridades de la Facultad y de las Unidades acad\u00e9micas.","og_url":"https:\/\/fadeu.urantiacos.cl\/en\/2021\/05\/06\/se-realiza-bienvenida-del-doctorado-en-arquitectura-y-estudios-urbanos-a-las-cohortes-2020-y-2021\/","og_site_name":"Facultad de Arquitectura, Dise\u00f1o y Estudios Urbanos","article_published_time":"2021-05-06T13:56:00+00:00","article_modified_time":"2023-09-08T13:58:17+00:00","og_image":[{"width":350,"height":250,"url":"https:\/\/fadeu.urantiacos.cl\/wp-content\/uploads\/2023\/09\/bienvenida_doctorado2.jpg","type":"image\/jpeg"}],"author":"manadmin","twitter_card":"summary_large_image","twitter_misc":{"Written by":"manadmin","Est. reading time":"2 minutes"},"schema":{"@context":"https:\/\/schema.org","@graph":[{"@type":"Article","@id":"https:\/\/fadeu.urantiacos.cl\/en\/2021\/05\/06\/se-realiza-bienvenida-del-doctorado-en-arquitectura-y-estudios-urbanos-a-las-cohortes-2020-y-2021\/#article","isPartOf":{"@id":"https:\/\/fadeu.urantiacos.cl\/en\/2021\/05\/06\/se-realiza-bienvenida-del-doctorado-en-arquitectura-y-estudios-urbanos-a-las-cohortes-2020-y-2021\/"},"author":{"name":"manadmin","@id":"https:\/\/fadeu.urantiacos.cl\/en\/#\/schema\/person\/d203e2e84b1c40275eac77b3061a19a2"},"headline":"Se realiza bienvenida del Doctorado en Arquitectura y Estudios Urbanos a las cohortes 2020 y 2021","datePublished":"2021-05-06T13:56:00+00:00","dateModified":"2023-09-08T13:58:17+00:00","mainEntityOfPage":{"@id":"https:\/\/fadeu.urantiacos.cl\/en\/2021\/05\/06\/se-realiza-bienvenida-del-doctorado-en-arquitectura-y-estudios-urbanos-a-las-cohortes-2020-y-2021\/"},"wordCount":384,"commentCount":0,"image":{"@id":"https:\/\/fadeu.urantiacos.cl\/en\/2021\/05\/06\/se-realiza-bienvenida-del-doctorado-en-arquitectura-y-estudios-urbanos-a-las-cohortes-2020-y-2021\/#primaryimage"},"thumbnailUrl":"https:\/\/fadeu.urantiacos.cl\/wp-content\/uploads\/2023\/09\/bienvenida_doctorado2.jpg","articleSection":["Sin categorizar"],"inLanguage":"en-US","potentialAction":[{"@type":"CommentAction","name":"Comment","target":["https:\/\/fadeu.urantiacos.cl\/en\/2021\/05\/06\/se-realiza-bienvenida-del-doctorado-en-arquitectura-y-estudios-urbanos-a-las-cohortes-2020-y-2021\/#respond"]}]},{"@type":"WebPage","@id":"https:\/\/fadeu.urantiacos.cl\/en\/2021\/05\/06\/se-realiza-bienvenida-del-doctorado-en-arquitectura-y-estudios-urbanos-a-las-cohortes-2020-y-2021\/","url":"https:\/\/fadeu.urantiacos.cl\/en\/2021\/05\/06\/se-realiza-bienvenida-del-doctorado-en-arquitectura-y-estudios-urbanos-a-las-cohortes-2020-y-2021\/","name":"Se realiza bienvenida del Doctorado en Arquitectura y Estudios Urbanos a las cohortes 2020 y 2021 - Facultad de Arquitectura, Dise\u00f1o y Estudios Urbanos","isPartOf":{"@id":"https:\/\/fadeu.urantiacos.cl\/en\/#website"},"primaryImageOfPage":{"@id":"https:\/\/fadeu.urantiacos.cl\/en\/2021\/05\/06\/se-realiza-bienvenida-del-doctorado-en-arquitectura-y-estudios-urbanos-a-las-cohortes-2020-y-2021\/#primaryimage"},"image":{"@id":"https:\/\/fadeu.urantiacos.cl\/en\/2021\/05\/06\/se-realiza-bienvenida-del-doctorado-en-arquitectura-y-estudios-urbanos-a-las-cohortes-2020-y-2021\/#primaryimage"},"thumbnailUrl":"https:\/\/fadeu.urantiacos.cl\/wp-content\/uploads\/2023\/09\/bienvenida_doctorado2.jpg","datePublished":"2021-05-06T13:56:00+00:00","dateModified":"2023-09-08T13:58:17+00:00","author":{"@id":"https:\/\/fadeu.urantiacos.cl\/en\/#\/schema\/person\/d203e2e84b1c40275eac77b3061a19a2"},"description":"El pasado martes 4 de mayo, se realiz\u00f3 en formato online la Bienvenida al Doctorado en Arquitectura y Estudios Urbanos, a las cohortes 2020 y 2021, que a consecuencia de la pandemia no pudo realizarse de forma presencial real. En dicha oportunidad, adem\u00e1s de participar los estudiantes nuevos del programa, asistieron acad\u00e9micos del claustro y colaboradores, miembros de Comit\u00e9 de Doctorado, profesionales y administrativos que conforman el equipo de gesti\u00f3n, autoridades de la Facultad y de las Unidades acad\u00e9micas.","breadcrumb":{"@id":"https:\/\/fadeu.urantiacos.cl\/en\/2021\/05\/06\/se-realiza-bienvenida-del-doctorado-en-arquitectura-y-estudios-urbanos-a-las-cohortes-2020-y-2021\/#breadcrumb"},"inLanguage":"en-US","potentialAction":[{"@type":"ReadAction","target":["https:\/\/fadeu.urantiacos.cl\/en\/2021\/05\/06\/se-realiza-bienvenida-del-doctorado-en-arquitectura-y-estudios-urbanos-a-las-cohortes-2020-y-2021\/"]}]},{"@type":"ImageObject","inLanguage":"en-US","@id":"https:\/\/fadeu.urantiacos.cl\/en\/2021\/05\/06\/se-realiza-bienvenida-del-doctorado-en-arquitectura-y-estudios-urbanos-a-las-cohortes-2020-y-2021\/#primaryimage","url":"https:\/\/fadeu.urantiacos.cl\/wp-content\/uploads\/2023\/09\/bienvenida_doctorado2.jpg","contentUrl":"https:\/\/fadeu.urantiacos.cl\/wp-content\/uploads\/2023\/09\/bienvenida_doctorado2.jpg","width":350,"height":250},{"@type":"BreadcrumbList","@id":"https:\/\/fadeu.urantiacos.cl\/en\/2021\/05\/06\/se-realiza-bienvenida-del-doctorado-en-arquitectura-y-estudios-urbanos-a-las-cohortes-2020-y-2021\/#breadcrumb","itemListElement":[{"@type":"ListItem","position":1,"name":"Portada","item":"https:\/\/fadeu.urantiacos.cl\/en\/"},{"@type":"ListItem","position":2,"name":"Se realiza bienvenida del Doctorado en Arquitectura y Estudios Urbanos a las cohortes 2020 y 2021"}]},{"@type":"WebSite","@id":"https:\/\/fadeu.urantiacos.cl\/en\/#website","url":"https:\/\/fadeu.urantiacos.cl\/en\/","name":"Facultad de Arquitectura, Dise\u00f1o y Estudios Urbanos","description":"Campus Lo Contador","potentialAction":[{"@type":"SearchAction","target":{"@type":"EntryPoint","urlTemplate":"https:\/\/fadeu.urantiacos.cl\/en\/?s={search_term_string}"},"query-input":{"@type":"PropertyValueSpecification","valueRequired":true,"valueName":"search_term_string"}}],"inLanguage":"en-US"},{"@type":"Person","@id":"https:\/\/fadeu.urantiacos.cl\/en\/#\/schema\/person\/d203e2e84b1c40275eac77b3061a19a2","name":"manadmin","image":{"@type":"ImageObject","inLanguage":"en-US","@id":"https:\/\/fadeu.urantiacos.cl\/en\/#\/schema\/person\/image\/","url":"https:\/\/secure.gravatar.com\/avatar\/4b1d8e3303b4a9d8968ac578947d8bc80d9aea359f388cdd4aac15cadc0e8447?s=96&d=mm&r=g","contentUrl":"https:\/\/secure.gravatar.com\/avatar\/4b1d8e3303b4a9d8968ac578947d8bc80d9aea359f388cdd4aac15cadc0e8447?s=96&d=mm&r=g","caption":"manadmin"},"sameAs":["https:\/\/fadeu.urantiacos.cl"]}]}},"_links":{"self":[{"href":"https:\/\/fadeu.urantiacos.cl\/en\/wp-json\/wp\/v2\/posts\/7058","targetHints":{"allow":["GET"]}}],"collection":[{"href":"https:\/\/fadeu.urantiacos.cl\/en\/wp-json\/wp\/v2\/posts"}],"about":[{"href":"https:\/\/fadeu.urantiacos.cl\/en\/wp-json\/wp\/v2\/types\/post"}],"author":[{"embeddable":true,"href":"https:\/\/fadeu.urantiacos.cl\/en\/wp-json\/wp\/v2\/users\/1"}],"replies":[{"embeddable":true,"href":"https:\/\/fadeu.urantiacos.cl\/en\/wp-json\/wp\/v2\/comments?post=7058"}],"version-history":[{"count":1,"href":"https:\/\/fadeu.urantiacos.cl\/en\/wp-json\/wp\/v2\/posts\/7058\/revisions"}],"predecessor-version":[{"id":7060,"href":"https:\/\/fadeu.urantiacos.cl\/en\/wp-json\/wp\/v2\/posts\/7058\/revisions\/7060"}],"wp:featuredmedia":[{"embeddable":true,"href":"https:\/\/fadeu.urantiacos.cl\/en\/wp-json\/wp\/v2\/media\/7059"}],"wp:attachment":[{"href":"https:\/\/fadeu.urantiacos.cl\/en\/wp-json\/wp\/v2\/media?parent=7058"}],"wp:term":[{"taxonomy":"category","embeddable":true,"href":"https:\/\/fadeu.urantiacos.cl\/en\/wp-json\/wp\/v2\/categories?post=7058"},{"taxonomy":"post_tag","embeddable":true,"href":"https:\/\/fadeu.urantiacos.cl\/en\/wp-json\/wp\/v2\/tags?post=7058"}],"curies":[{"name":"wp","href":"https:\/\/api.w.org\/{rel}","templated":true}]}}