{"id":7033,"date":"2021-05-08T10:34:00","date_gmt":"2021-05-08T13:34:00","guid":{"rendered":"https:\/\/fadeu.urantiacos.cl\/?p=7033"},"modified":"2023-09-08T10:35:49","modified_gmt":"2023-09-08T13:35:49","slug":"alejandra-celedon-y-gonzalo-carrasco-participan-en-un-conversatorio-sobre-la-exposicion-reset","status":"publish","type":"post","link":"https:\/\/fadeu.urantiacos.cl\/en\/2021\/05\/08\/alejandra-celedon-y-gonzalo-carrasco-participan-en-un-conversatorio-sobre-la-exposicion-reset\/","title":{"rendered":"Alejandra Celed\u00f3n y Gonzalo Carrasco participan en un conversatorio sobre la exposici\u00f3n &#8220;Reset&#8221;"},"content":{"rendered":"\n<figure class=\"wp-block-image size-full\"><img decoding=\"async\" width=\"350\" height=\"250\" src=\"https:\/\/fadeu.urantiacos.cl\/wp-content\/uploads\/2023\/09\/celedon_carrasco_mayo_2021.png\" alt=\"\" class=\"wp-image-7034\" srcset=\"https:\/\/fadeu.urantiacos.cl\/wp-content\/uploads\/2023\/09\/celedon_carrasco_mayo_2021.png 350w, https:\/\/fadeu.urantiacos.cl\/wp-content\/uploads\/2023\/09\/celedon_carrasco_mayo_2021-300x214.png 300w\" sizes=\"(max-width: 350px) 100vw, 350px\" \/><\/figure>\n\n\n\n<p>La actividad \u2014conducida por Pedro Donoso, encargado de contenidos de Centex, y en la que particip\u00f3 tambi\u00e9n el artista Rodrigo Arteaga\u2014, se enmarca dentro de una b\u00fasqueda de relevar la exposici\u00f3n que se ha visto afectada por la crisis sanitaria. El trabajo de Arteaga est\u00e1 basado en los vestigios del parque tem\u00e1tico \u201cMundo M\u00e1gico (1983-2000)\u201d, el que se entrecruza con las extensas investigaciones sobre paisaje, territorio y representaci\u00f3n que han realizado los acad\u00e9micos ARQ UC.<\/p>\n\n\n\n<p>Carrasco hizo una contextualizaci\u00f3n hist\u00f3rica del proyecto &#8220;Chile en Miniatura&#8221; (o Mundo M\u00e1gico). Sobre sus inicios en el a\u00f1o 1982, el profesor ARQ UC destaca que buscaba \u201chacer patria, hacer Chile. Para iniciar este proyecto de traducci\u00f3n del territorio nacional, r\u00e1pidamente se lleg\u00f3 a un consenso: el modelo de Chile tendr\u00eda su acento antes que nada en resaltar su geograf\u00eda\u201d, agregando que \u2014 para el proyecto \u2014 Chile m\u00e1s que ser un pa\u00eds, era un paisaje.<\/p>\n\n\n\n<p>Celed\u00f3n, por su lado, complement\u00f3 hablando sobre Mundo M\u00e1gico, la obra de Arteaga y su propio proyecto Stadium. Sobre el primero, la acad\u00e9mica sostuvo que las miniaturas operaron como \u201cdispositivos ret\u00f3ricos parte del discurso sobre una naci\u00f3n pr\u00f3spera, la construcci\u00f3n sobre una imagen de progreso propio del momento y del contexto donde Mundo M\u00e1gico se construye\u201d.<\/p>\n\n\n\n<p>+ Revisa video completo&nbsp;<a href=\"https:\/\/www.facebook.com\/watch\/?v=300718981640225\" target=\"_blank\" rel=\"noreferrer noopener\">aqu\u00ed<\/a>.<\/p>\n\n\n\n<p>Noticias<br>Contacto:&nbsp;<a href=\"mailto:redesarq@uc.cl\">redesarq@uc.cl<\/a>&nbsp;| +56 2 2354 7747<br>www.arquitectura.uc.cl<\/p>\n","protected":false},"excerpt":{"rendered":"<p>Los profesores ARQ UC hablaron en torno a los vestigios del parque tem\u00e1tico Mundo M\u00e1gico, lugar donde se origina la obra \u201cEsqueje\u201d del artista visual Rodrigo Arteaga. \u00c9sta \u00faltima es una de las seis obras que integran la muestra \u201cReset\u201d, exhibida desde diciembre en el Centro de Extensi\u00f3n (Centex) del Ministerio de las Culturas, las Artes y el Patrimonio.<\/p>\n","protected":false},"author":1,"featured_media":7034,"comment_status":"open","ping_status":"open","sticky":false,"template":"","format":"standard","meta":{"_acf_changed":false,"footnotes":""},"categories":[1],"tags":[],"class_list":["post-7033","post","type-post","status-publish","format-standard","has-post-thumbnail","hentry","category-sin-categorizar"],"acf":[],"yoast_head":"<!-- This site is optimized with the Yoast SEO plugin v27.1.1 - https:\/\/yoast.com\/product\/yoast-seo-wordpress\/ -->\n<title>Alejandra Celed\u00f3n y Gonzalo Carrasco participan en un conversatorio sobre la exposici\u00f3n &quot;Reset&quot; - Facultad de Arquitectura, Dise\u00f1o y Estudios Urbanos<\/title>\n<meta name=\"description\" content=\"Los profesores ARQ UC hablaron en torno a los vestigios del parque tem\u00e1tico Mundo M\u00e1gico, lugar donde se origina la obra \u201cEsqueje\u201d del artista visual Rodrigo Arteaga. \u00c9sta \u00faltima es una de las seis obras que integran la muestra \u201cReset\u201d, exhibida desde diciembre en el Centro de Extensi\u00f3n (Centex) del Ministerio de las Culturas, las Artes y el Patrimonio.\" \/>\n<meta name=\"robots\" content=\"index, follow, max-snippet:-1, max-image-preview:large, max-video-preview:-1\" \/>\n<link rel=\"canonical\" href=\"https:\/\/fadeu.urantiacos.cl\/en\/2021\/05\/08\/alejandra-celedon-y-gonzalo-carrasco-participan-en-un-conversatorio-sobre-la-exposicion-reset\/\" \/>\n<meta property=\"og:locale\" content=\"en_US\" \/>\n<meta property=\"og:type\" content=\"article\" \/>\n<meta property=\"og:title\" content=\"Alejandra Celed\u00f3n y Gonzalo Carrasco participan en un conversatorio sobre la exposici\u00f3n &quot;Reset&quot; - Facultad de Arquitectura, Dise\u00f1o y Estudios Urbanos\" \/>\n<meta property=\"og:description\" content=\"Los profesores ARQ UC hablaron en torno a los vestigios del parque tem\u00e1tico Mundo M\u00e1gico, lugar donde se origina la obra \u201cEsqueje\u201d del artista visual Rodrigo Arteaga. \u00c9sta \u00faltima es una de las seis obras que integran la muestra \u201cReset\u201d, exhibida desde diciembre en el Centro de Extensi\u00f3n (Centex) del Ministerio de las Culturas, las Artes y el Patrimonio.\" \/>\n<meta property=\"og:url\" content=\"https:\/\/fadeu.urantiacos.cl\/en\/2021\/05\/08\/alejandra-celedon-y-gonzalo-carrasco-participan-en-un-conversatorio-sobre-la-exposicion-reset\/\" \/>\n<meta property=\"og:site_name\" content=\"Facultad de Arquitectura, Dise\u00f1o y Estudios Urbanos\" \/>\n<meta property=\"article:published_time\" content=\"2021-05-08T13:34:00+00:00\" \/>\n<meta property=\"article:modified_time\" content=\"2023-09-08T13:35:49+00:00\" \/>\n<meta property=\"og:image\" content=\"https:\/\/fadeu.urantiacos.cl\/wp-content\/uploads\/2023\/09\/celedon_carrasco_mayo_2021.png\" \/>\n\t<meta property=\"og:image:width\" content=\"350\" \/>\n\t<meta property=\"og:image:height\" content=\"250\" \/>\n\t<meta property=\"og:image:type\" content=\"image\/png\" \/>\n<meta name=\"author\" content=\"manadmin\" \/>\n<meta name=\"twitter:card\" content=\"summary_large_image\" \/>\n<meta name=\"twitter:label1\" content=\"Written by\" \/>\n\t<meta name=\"twitter:data1\" content=\"manadmin\" \/>\n\t<meta name=\"twitter:label2\" content=\"Est. reading time\" \/>\n\t<meta name=\"twitter:data2\" content=\"1 minute\" \/>\n<script type=\"application\/ld+json\" class=\"yoast-schema-graph\">{\"@context\":\"https:\/\/schema.org\",\"@graph\":[{\"@type\":\"Article\",\"@id\":\"https:\/\/fadeu.urantiacos.cl\/en\/2021\/05\/08\/alejandra-celedon-y-gonzalo-carrasco-participan-en-un-conversatorio-sobre-la-exposicion-reset\/#article\",\"isPartOf\":{\"@id\":\"https:\/\/fadeu.urantiacos.cl\/en\/2021\/05\/08\/alejandra-celedon-y-gonzalo-carrasco-participan-en-un-conversatorio-sobre-la-exposicion-reset\/\"},\"author\":{\"name\":\"manadmin\",\"@id\":\"https:\/\/fadeu.urantiacos.cl\/en\/#\/schema\/person\/d203e2e84b1c40275eac77b3061a19a2\"},\"headline\":\"Alejandra Celed\u00f3n y Gonzalo Carrasco participan en un conversatorio sobre la exposici\u00f3n &#8220;Reset&#8221;\",\"datePublished\":\"2021-05-08T13:34:00+00:00\",\"dateModified\":\"2023-09-08T13:35:49+00:00\",\"mainEntityOfPage\":{\"@id\":\"https:\/\/fadeu.urantiacos.cl\/en\/2021\/05\/08\/alejandra-celedon-y-gonzalo-carrasco-participan-en-un-conversatorio-sobre-la-exposicion-reset\/\"},\"wordCount\":259,\"commentCount\":0,\"image\":{\"@id\":\"https:\/\/fadeu.urantiacos.cl\/en\/2021\/05\/08\/alejandra-celedon-y-gonzalo-carrasco-participan-en-un-conversatorio-sobre-la-exposicion-reset\/#primaryimage\"},\"thumbnailUrl\":\"https:\/\/fadeu.urantiacos.cl\/wp-content\/uploads\/2023\/09\/celedon_carrasco_mayo_2021.png\",\"articleSection\":[\"Sin categorizar\"],\"inLanguage\":\"en-US\",\"potentialAction\":[{\"@type\":\"CommentAction\",\"name\":\"Comment\",\"target\":[\"https:\/\/fadeu.urantiacos.cl\/en\/2021\/05\/08\/alejandra-celedon-y-gonzalo-carrasco-participan-en-un-conversatorio-sobre-la-exposicion-reset\/#respond\"]}]},{\"@type\":\"WebPage\",\"@id\":\"https:\/\/fadeu.urantiacos.cl\/en\/2021\/05\/08\/alejandra-celedon-y-gonzalo-carrasco-participan-en-un-conversatorio-sobre-la-exposicion-reset\/\",\"url\":\"https:\/\/fadeu.urantiacos.cl\/en\/2021\/05\/08\/alejandra-celedon-y-gonzalo-carrasco-participan-en-un-conversatorio-sobre-la-exposicion-reset\/\",\"name\":\"Alejandra Celed\u00f3n y Gonzalo Carrasco participan en un conversatorio sobre la exposici\u00f3n \\\"Reset\\\" - Facultad de Arquitectura, Dise\u00f1o y Estudios Urbanos\",\"isPartOf\":{\"@id\":\"https:\/\/fadeu.urantiacos.cl\/en\/#website\"},\"primaryImageOfPage\":{\"@id\":\"https:\/\/fadeu.urantiacos.cl\/en\/2021\/05\/08\/alejandra-celedon-y-gonzalo-carrasco-participan-en-un-conversatorio-sobre-la-exposicion-reset\/#primaryimage\"},\"image\":{\"@id\":\"https:\/\/fadeu.urantiacos.cl\/en\/2021\/05\/08\/alejandra-celedon-y-gonzalo-carrasco-participan-en-un-conversatorio-sobre-la-exposicion-reset\/#primaryimage\"},\"thumbnailUrl\":\"https:\/\/fadeu.urantiacos.cl\/wp-content\/uploads\/2023\/09\/celedon_carrasco_mayo_2021.png\",\"datePublished\":\"2021-05-08T13:34:00+00:00\",\"dateModified\":\"2023-09-08T13:35:49+00:00\",\"author\":{\"@id\":\"https:\/\/fadeu.urantiacos.cl\/en\/#\/schema\/person\/d203e2e84b1c40275eac77b3061a19a2\"},\"description\":\"Los profesores ARQ UC hablaron en torno a los vestigios del parque tem\u00e1tico Mundo M\u00e1gico, lugar donde se origina la obra \u201cEsqueje\u201d del artista visual Rodrigo Arteaga. \u00c9sta \u00faltima es una de las seis obras que integran la muestra \u201cReset\u201d, exhibida desde diciembre en el Centro de Extensi\u00f3n (Centex) del Ministerio de las Culturas, las Artes y el Patrimonio.\",\"breadcrumb\":{\"@id\":\"https:\/\/fadeu.urantiacos.cl\/en\/2021\/05\/08\/alejandra-celedon-y-gonzalo-carrasco-participan-en-un-conversatorio-sobre-la-exposicion-reset\/#breadcrumb\"},\"inLanguage\":\"en-US\",\"potentialAction\":[{\"@type\":\"ReadAction\",\"target\":[\"https:\/\/fadeu.urantiacos.cl\/en\/2021\/05\/08\/alejandra-celedon-y-gonzalo-carrasco-participan-en-un-conversatorio-sobre-la-exposicion-reset\/\"]}]},{\"@type\":\"ImageObject\",\"inLanguage\":\"en-US\",\"@id\":\"https:\/\/fadeu.urantiacos.cl\/en\/2021\/05\/08\/alejandra-celedon-y-gonzalo-carrasco-participan-en-un-conversatorio-sobre-la-exposicion-reset\/#primaryimage\",\"url\":\"https:\/\/fadeu.urantiacos.cl\/wp-content\/uploads\/2023\/09\/celedon_carrasco_mayo_2021.png\",\"contentUrl\":\"https:\/\/fadeu.urantiacos.cl\/wp-content\/uploads\/2023\/09\/celedon_carrasco_mayo_2021.png\",\"width\":350,\"height\":250},{\"@type\":\"BreadcrumbList\",\"@id\":\"https:\/\/fadeu.urantiacos.cl\/en\/2021\/05\/08\/alejandra-celedon-y-gonzalo-carrasco-participan-en-un-conversatorio-sobre-la-exposicion-reset\/#breadcrumb\",\"itemListElement\":[{\"@type\":\"ListItem\",\"position\":1,\"name\":\"Portada\",\"item\":\"https:\/\/fadeu.urantiacos.cl\/en\/\"},{\"@type\":\"ListItem\",\"position\":2,\"name\":\"Alejandra Celed\u00f3n y Gonzalo Carrasco participan en un conversatorio sobre la exposici\u00f3n &#8220;Reset&#8221;\"}]},{\"@type\":\"WebSite\",\"@id\":\"https:\/\/fadeu.urantiacos.cl\/en\/#website\",\"url\":\"https:\/\/fadeu.urantiacos.cl\/en\/\",\"name\":\"Facultad de Arquitectura, Dise\u00f1o y Estudios Urbanos\",\"description\":\"Campus Lo Contador\",\"potentialAction\":[{\"@type\":\"SearchAction\",\"target\":{\"@type\":\"EntryPoint\",\"urlTemplate\":\"https:\/\/fadeu.urantiacos.cl\/en\/?s={search_term_string}\"},\"query-input\":{\"@type\":\"PropertyValueSpecification\",\"valueRequired\":true,\"valueName\":\"search_term_string\"}}],\"inLanguage\":\"en-US\"},{\"@type\":\"Person\",\"@id\":\"https:\/\/fadeu.urantiacos.cl\/en\/#\/schema\/person\/d203e2e84b1c40275eac77b3061a19a2\",\"name\":\"manadmin\",\"image\":{\"@type\":\"ImageObject\",\"inLanguage\":\"en-US\",\"@id\":\"https:\/\/fadeu.urantiacos.cl\/en\/#\/schema\/person\/image\/\",\"url\":\"https:\/\/secure.gravatar.com\/avatar\/4b1d8e3303b4a9d8968ac578947d8bc80d9aea359f388cdd4aac15cadc0e8447?s=96&d=mm&r=g\",\"contentUrl\":\"https:\/\/secure.gravatar.com\/avatar\/4b1d8e3303b4a9d8968ac578947d8bc80d9aea359f388cdd4aac15cadc0e8447?s=96&d=mm&r=g\",\"caption\":\"manadmin\"},\"sameAs\":[\"https:\/\/fadeu.urantiacos.cl\"]}]}<\/script>\n<!-- \/ Yoast SEO plugin. -->","yoast_head_json":{"title":"Alejandra Celed\u00f3n y Gonzalo Carrasco participan en un conversatorio sobre la exposici\u00f3n \"Reset\" - Facultad de Arquitectura, Dise\u00f1o y Estudios Urbanos","description":"Los profesores ARQ UC hablaron en torno a los vestigios del parque tem\u00e1tico Mundo M\u00e1gico, lugar donde se origina la obra \u201cEsqueje\u201d del artista visual Rodrigo Arteaga. \u00c9sta \u00faltima es una de las seis obras que integran la muestra \u201cReset\u201d, exhibida desde diciembre en el Centro de Extensi\u00f3n (Centex) del Ministerio de las Culturas, las Artes y el Patrimonio.","robots":{"index":"index","follow":"follow","max-snippet":"max-snippet:-1","max-image-preview":"max-image-preview:large","max-video-preview":"max-video-preview:-1"},"canonical":"https:\/\/fadeu.urantiacos.cl\/en\/2021\/05\/08\/alejandra-celedon-y-gonzalo-carrasco-participan-en-un-conversatorio-sobre-la-exposicion-reset\/","og_locale":"en_US","og_type":"article","og_title":"Alejandra Celed\u00f3n y Gonzalo Carrasco participan en un conversatorio sobre la exposici\u00f3n \"Reset\" - Facultad de Arquitectura, Dise\u00f1o y Estudios Urbanos","og_description":"Los profesores ARQ UC hablaron en torno a los vestigios del parque tem\u00e1tico Mundo M\u00e1gico, lugar donde se origina la obra \u201cEsqueje\u201d del artista visual Rodrigo Arteaga. \u00c9sta \u00faltima es una de las seis obras que integran la muestra \u201cReset\u201d, exhibida desde diciembre en el Centro de Extensi\u00f3n (Centex) del Ministerio de las Culturas, las Artes y el Patrimonio.","og_url":"https:\/\/fadeu.urantiacos.cl\/en\/2021\/05\/08\/alejandra-celedon-y-gonzalo-carrasco-participan-en-un-conversatorio-sobre-la-exposicion-reset\/","og_site_name":"Facultad de Arquitectura, Dise\u00f1o y Estudios Urbanos","article_published_time":"2021-05-08T13:34:00+00:00","article_modified_time":"2023-09-08T13:35:49+00:00","og_image":[{"width":350,"height":250,"url":"https:\/\/fadeu.urantiacos.cl\/wp-content\/uploads\/2023\/09\/celedon_carrasco_mayo_2021.png","type":"image\/png"}],"author":"manadmin","twitter_card":"summary_large_image","twitter_misc":{"Written by":"manadmin","Est. reading time":"1 minute"},"schema":{"@context":"https:\/\/schema.org","@graph":[{"@type":"Article","@id":"https:\/\/fadeu.urantiacos.cl\/en\/2021\/05\/08\/alejandra-celedon-y-gonzalo-carrasco-participan-en-un-conversatorio-sobre-la-exposicion-reset\/#article","isPartOf":{"@id":"https:\/\/fadeu.urantiacos.cl\/en\/2021\/05\/08\/alejandra-celedon-y-gonzalo-carrasco-participan-en-un-conversatorio-sobre-la-exposicion-reset\/"},"author":{"name":"manadmin","@id":"https:\/\/fadeu.urantiacos.cl\/en\/#\/schema\/person\/d203e2e84b1c40275eac77b3061a19a2"},"headline":"Alejandra Celed\u00f3n y Gonzalo Carrasco participan en un conversatorio sobre la exposici\u00f3n &#8220;Reset&#8221;","datePublished":"2021-05-08T13:34:00+00:00","dateModified":"2023-09-08T13:35:49+00:00","mainEntityOfPage":{"@id":"https:\/\/fadeu.urantiacos.cl\/en\/2021\/05\/08\/alejandra-celedon-y-gonzalo-carrasco-participan-en-un-conversatorio-sobre-la-exposicion-reset\/"},"wordCount":259,"commentCount":0,"image":{"@id":"https:\/\/fadeu.urantiacos.cl\/en\/2021\/05\/08\/alejandra-celedon-y-gonzalo-carrasco-participan-en-un-conversatorio-sobre-la-exposicion-reset\/#primaryimage"},"thumbnailUrl":"https:\/\/fadeu.urantiacos.cl\/wp-content\/uploads\/2023\/09\/celedon_carrasco_mayo_2021.png","articleSection":["Sin categorizar"],"inLanguage":"en-US","potentialAction":[{"@type":"CommentAction","name":"Comment","target":["https:\/\/fadeu.urantiacos.cl\/en\/2021\/05\/08\/alejandra-celedon-y-gonzalo-carrasco-participan-en-un-conversatorio-sobre-la-exposicion-reset\/#respond"]}]},{"@type":"WebPage","@id":"https:\/\/fadeu.urantiacos.cl\/en\/2021\/05\/08\/alejandra-celedon-y-gonzalo-carrasco-participan-en-un-conversatorio-sobre-la-exposicion-reset\/","url":"https:\/\/fadeu.urantiacos.cl\/en\/2021\/05\/08\/alejandra-celedon-y-gonzalo-carrasco-participan-en-un-conversatorio-sobre-la-exposicion-reset\/","name":"Alejandra Celed\u00f3n y Gonzalo Carrasco participan en un conversatorio sobre la exposici\u00f3n \"Reset\" - Facultad de Arquitectura, Dise\u00f1o y Estudios Urbanos","isPartOf":{"@id":"https:\/\/fadeu.urantiacos.cl\/en\/#website"},"primaryImageOfPage":{"@id":"https:\/\/fadeu.urantiacos.cl\/en\/2021\/05\/08\/alejandra-celedon-y-gonzalo-carrasco-participan-en-un-conversatorio-sobre-la-exposicion-reset\/#primaryimage"},"image":{"@id":"https:\/\/fadeu.urantiacos.cl\/en\/2021\/05\/08\/alejandra-celedon-y-gonzalo-carrasco-participan-en-un-conversatorio-sobre-la-exposicion-reset\/#primaryimage"},"thumbnailUrl":"https:\/\/fadeu.urantiacos.cl\/wp-content\/uploads\/2023\/09\/celedon_carrasco_mayo_2021.png","datePublished":"2021-05-08T13:34:00+00:00","dateModified":"2023-09-08T13:35:49+00:00","author":{"@id":"https:\/\/fadeu.urantiacos.cl\/en\/#\/schema\/person\/d203e2e84b1c40275eac77b3061a19a2"},"description":"Los profesores ARQ UC hablaron en torno a los vestigios del parque tem\u00e1tico Mundo M\u00e1gico, lugar donde se origina la obra \u201cEsqueje\u201d del artista visual Rodrigo Arteaga. \u00c9sta \u00faltima es una de las seis obras que integran la muestra \u201cReset\u201d, exhibida desde diciembre en el Centro de Extensi\u00f3n (Centex) del Ministerio de las Culturas, las Artes y el Patrimonio.","breadcrumb":{"@id":"https:\/\/fadeu.urantiacos.cl\/en\/2021\/05\/08\/alejandra-celedon-y-gonzalo-carrasco-participan-en-un-conversatorio-sobre-la-exposicion-reset\/#breadcrumb"},"inLanguage":"en-US","potentialAction":[{"@type":"ReadAction","target":["https:\/\/fadeu.urantiacos.cl\/en\/2021\/05\/08\/alejandra-celedon-y-gonzalo-carrasco-participan-en-un-conversatorio-sobre-la-exposicion-reset\/"]}]},{"@type":"ImageObject","inLanguage":"en-US","@id":"https:\/\/fadeu.urantiacos.cl\/en\/2021\/05\/08\/alejandra-celedon-y-gonzalo-carrasco-participan-en-un-conversatorio-sobre-la-exposicion-reset\/#primaryimage","url":"https:\/\/fadeu.urantiacos.cl\/wp-content\/uploads\/2023\/09\/celedon_carrasco_mayo_2021.png","contentUrl":"https:\/\/fadeu.urantiacos.cl\/wp-content\/uploads\/2023\/09\/celedon_carrasco_mayo_2021.png","width":350,"height":250},{"@type":"BreadcrumbList","@id":"https:\/\/fadeu.urantiacos.cl\/en\/2021\/05\/08\/alejandra-celedon-y-gonzalo-carrasco-participan-en-un-conversatorio-sobre-la-exposicion-reset\/#breadcrumb","itemListElement":[{"@type":"ListItem","position":1,"name":"Portada","item":"https:\/\/fadeu.urantiacos.cl\/en\/"},{"@type":"ListItem","position":2,"name":"Alejandra Celed\u00f3n y Gonzalo Carrasco participan en un conversatorio sobre la exposici\u00f3n &#8220;Reset&#8221;"}]},{"@type":"WebSite","@id":"https:\/\/fadeu.urantiacos.cl\/en\/#website","url":"https:\/\/fadeu.urantiacos.cl\/en\/","name":"Facultad de Arquitectura, Dise\u00f1o y Estudios Urbanos","description":"Campus Lo Contador","potentialAction":[{"@type":"SearchAction","target":{"@type":"EntryPoint","urlTemplate":"https:\/\/fadeu.urantiacos.cl\/en\/?s={search_term_string}"},"query-input":{"@type":"PropertyValueSpecification","valueRequired":true,"valueName":"search_term_string"}}],"inLanguage":"en-US"},{"@type":"Person","@id":"https:\/\/fadeu.urantiacos.cl\/en\/#\/schema\/person\/d203e2e84b1c40275eac77b3061a19a2","name":"manadmin","image":{"@type":"ImageObject","inLanguage":"en-US","@id":"https:\/\/fadeu.urantiacos.cl\/en\/#\/schema\/person\/image\/","url":"https:\/\/secure.gravatar.com\/avatar\/4b1d8e3303b4a9d8968ac578947d8bc80d9aea359f388cdd4aac15cadc0e8447?s=96&d=mm&r=g","contentUrl":"https:\/\/secure.gravatar.com\/avatar\/4b1d8e3303b4a9d8968ac578947d8bc80d9aea359f388cdd4aac15cadc0e8447?s=96&d=mm&r=g","caption":"manadmin"},"sameAs":["https:\/\/fadeu.urantiacos.cl"]}]}},"_links":{"self":[{"href":"https:\/\/fadeu.urantiacos.cl\/en\/wp-json\/wp\/v2\/posts\/7033","targetHints":{"allow":["GET"]}}],"collection":[{"href":"https:\/\/fadeu.urantiacos.cl\/en\/wp-json\/wp\/v2\/posts"}],"about":[{"href":"https:\/\/fadeu.urantiacos.cl\/en\/wp-json\/wp\/v2\/types\/post"}],"author":[{"embeddable":true,"href":"https:\/\/fadeu.urantiacos.cl\/en\/wp-json\/wp\/v2\/users\/1"}],"replies":[{"embeddable":true,"href":"https:\/\/fadeu.urantiacos.cl\/en\/wp-json\/wp\/v2\/comments?post=7033"}],"version-history":[{"count":1,"href":"https:\/\/fadeu.urantiacos.cl\/en\/wp-json\/wp\/v2\/posts\/7033\/revisions"}],"predecessor-version":[{"id":7035,"href":"https:\/\/fadeu.urantiacos.cl\/en\/wp-json\/wp\/v2\/posts\/7033\/revisions\/7035"}],"wp:featuredmedia":[{"embeddable":true,"href":"https:\/\/fadeu.urantiacos.cl\/en\/wp-json\/wp\/v2\/media\/7034"}],"wp:attachment":[{"href":"https:\/\/fadeu.urantiacos.cl\/en\/wp-json\/wp\/v2\/media?parent=7033"}],"wp:term":[{"taxonomy":"category","embeddable":true,"href":"https:\/\/fadeu.urantiacos.cl\/en\/wp-json\/wp\/v2\/categories?post=7033"},{"taxonomy":"post_tag","embeddable":true,"href":"https:\/\/fadeu.urantiacos.cl\/en\/wp-json\/wp\/v2\/tags?post=7033"}],"curies":[{"name":"wp","href":"https:\/\/api.w.org\/{rel}","templated":true}]}}