{"id":7030,"date":"2021-05-08T10:32:00","date_gmt":"2021-05-08T13:32:00","guid":{"rendered":"https:\/\/fadeu.urantiacos.cl\/?p=7030"},"modified":"2023-10-23T15:16:21","modified_gmt":"2023-10-23T18:16:21","slug":"umberto-bonomo-y-emilio-de-la-cerda-participaron-en-evento-de-la-trienal-del-sur-del-mundo","status":"publish","type":"post","link":"https:\/\/fadeu.urantiacos.cl\/en\/2021\/05\/08\/umberto-bonomo-y-emilio-de-la-cerda-participaron-en-evento-de-la-trienal-del-sur-del-mundo\/","title":{"rendered":"Umberto Bonomo y Emilio de la Cerda participaron en evento de la Trienal del Sur del Mundo"},"content":{"rendered":"\n<figure class=\"wp-block-image size-full\"><img decoding=\"async\" width=\"350\" height=\"250\" src=\"https:\/\/fadeu.urantiacos.cl\/wp-content\/uploads\/2023\/09\/bonomo_Delacerda_web.png\" alt=\"\" class=\"wp-image-7031\" srcset=\"https:\/\/fadeu.urantiacos.cl\/wp-content\/uploads\/2023\/09\/bonomo_Delacerda_web.png 350w, https:\/\/fadeu.urantiacos.cl\/wp-content\/uploads\/2023\/09\/bonomo_Delacerda_web-300x214.png 300w\" sizes=\"(max-width: 350px) 100vw, 350px\" \/><\/figure>\n\n\n\n<p>Los acad\u00e9micos fueron invitados junto a otros dos profesionales \u2014Ana Mar\u00eda Pe\u00f1a y Guillermo Rolando\u2014 para exponer su visi\u00f3n y argumentos en torno a los dilemas que enfrenta el proyecto habitacional en los terrenos de la ex f\u00e1brica de ladrillos refractarios \u201cLota Green\u201d, que beneficiar\u00e1 a m\u00e1s de 600 familias que esperan una soluci\u00f3n definitiva tras el terremoto de 2010. El di\u00e1logo fue moderado por St\u00e9phane Franck y Paz Undurraga.<\/p>\n\n\n\n<p>De la Cerda, por un lado, destac\u00f3 la relevancia del caso de Lota Green, ya que \u201chay familias de Lota que 10 a\u00f1os despu\u00e9s a\u00fan no tienen su casa\u201d. La prioridad para el profesor son las viviendas de las familias y que \u00e9stas sean coherentes con el patrimonio: \u201cYa pas\u00f3 el momento en el que el patrimonio es visto como un freno al desarrollo\u201d.<\/p>\n\n\n\n<p>Bonomo, por otro lado, habl\u00f3 sobre el choque que se produce entre la necesidad de vivienda y la necesidad de respetar el patrimonio. Articular esas dos cosas ser\u00eda la base del problema, porque ambas, para el profesor, ser\u00edan fundamentales: \u201cLa dificultad de trabajar en \u00e1reas patrimoniales es entender que la soluci\u00f3n a esos conflictos es con el patrimonio\u201d.<\/p>\n\n\n\n<p><\/p>\n\n\n\n<p>Noticias<br>Contacto:&nbsp;<a href=\"mailto:redesarq@uc.cl\">redesarq@uc.cl<\/a>&nbsp;| +56 2 2354 7747<br>www.arquitectura.uc.cl<\/p>\n","protected":false},"excerpt":{"rendered":"<p>\u201cLota Green y el equilibrio entre salvaguardia y desarrollo\u201d fue el t\u00edtulo del conversatorio al que fueron invitados los profesores ARQ UC, en el marco de la Trienal Sur del Mundo: Ciudades Humanas 2021.<\/p>\n","protected":false},"author":1,"featured_media":7031,"comment_status":"open","ping_status":"open","sticky":false,"template":"","format":"standard","meta":{"_acf_changed":false,"footnotes":""},"categories":[1],"tags":[],"class_list":["post-7030","post","type-post","status-publish","format-standard","has-post-thumbnail","hentry","category-sin-categorizar"],"acf":[],"yoast_head":"<!-- This site is optimized with the Yoast SEO plugin v27.1.1 - https:\/\/yoast.com\/product\/yoast-seo-wordpress\/ -->\n<title>Umberto Bonomo y Emilio de la Cerda participaron en evento de la Trienal del Sur del Mundo - Facultad de Arquitectura, Dise\u00f1o y Estudios Urbanos<\/title>\n<meta name=\"description\" content=\"\u201cLota Green y el equilibrio entre salvaguardia y desarrollo\u201d fue el t\u00edtulo del conversatorio al que fueron invitados los profesores ARQ UC, en el marco de la Trienal Sur del Mundo: Ciudades Humanas 2021.\" \/>\n<meta name=\"robots\" content=\"index, follow, max-snippet:-1, max-image-preview:large, max-video-preview:-1\" \/>\n<link rel=\"canonical\" href=\"https:\/\/fadeu.urantiacos.cl\/en\/2021\/05\/08\/umberto-bonomo-y-emilio-de-la-cerda-participaron-en-evento-de-la-trienal-del-sur-del-mundo\/\" \/>\n<meta property=\"og:locale\" content=\"en_US\" \/>\n<meta property=\"og:type\" content=\"article\" \/>\n<meta property=\"og:title\" content=\"Umberto Bonomo y Emilio de la Cerda participaron en evento de la Trienal del Sur del Mundo - Facultad de Arquitectura, Dise\u00f1o y Estudios Urbanos\" \/>\n<meta property=\"og:description\" content=\"\u201cLota Green y el equilibrio entre salvaguardia y desarrollo\u201d fue el t\u00edtulo del conversatorio al que fueron invitados los profesores ARQ UC, en el marco de la Trienal Sur del Mundo: Ciudades Humanas 2021.\" \/>\n<meta property=\"og:url\" content=\"https:\/\/fadeu.urantiacos.cl\/en\/2021\/05\/08\/umberto-bonomo-y-emilio-de-la-cerda-participaron-en-evento-de-la-trienal-del-sur-del-mundo\/\" \/>\n<meta property=\"og:site_name\" content=\"Facultad de Arquitectura, Dise\u00f1o y Estudios Urbanos\" \/>\n<meta property=\"article:published_time\" content=\"2021-05-08T13:32:00+00:00\" \/>\n<meta property=\"article:modified_time\" content=\"2023-10-23T18:16:21+00:00\" \/>\n<meta property=\"og:image\" content=\"https:\/\/fadeu.urantiacos.cl\/wp-content\/uploads\/2023\/09\/bonomo_Delacerda_web.png\" \/>\n\t<meta property=\"og:image:width\" content=\"350\" \/>\n\t<meta property=\"og:image:height\" content=\"250\" \/>\n\t<meta property=\"og:image:type\" content=\"image\/png\" \/>\n<meta name=\"author\" content=\"manadmin\" \/>\n<meta name=\"twitter:card\" content=\"summary_large_image\" \/>\n<meta name=\"twitter:label1\" content=\"Written by\" \/>\n\t<meta name=\"twitter:data1\" content=\"manadmin\" \/>\n\t<meta name=\"twitter:label2\" content=\"Est. reading time\" \/>\n\t<meta name=\"twitter:data2\" content=\"2 minutes\" \/>\n<script type=\"application\/ld+json\" class=\"yoast-schema-graph\">{\"@context\":\"https:\/\/schema.org\",\"@graph\":[{\"@type\":\"Article\",\"@id\":\"https:\/\/fadeu.urantiacos.cl\/en\/2021\/05\/08\/umberto-bonomo-y-emilio-de-la-cerda-participaron-en-evento-de-la-trienal-del-sur-del-mundo\/#article\",\"isPartOf\":{\"@id\":\"https:\/\/fadeu.urantiacos.cl\/en\/2021\/05\/08\/umberto-bonomo-y-emilio-de-la-cerda-participaron-en-evento-de-la-trienal-del-sur-del-mundo\/\"},\"author\":{\"name\":\"manadmin\",\"@id\":\"https:\/\/fadeu.urantiacos.cl\/en\/#\/schema\/person\/d203e2e84b1c40275eac77b3061a19a2\"},\"headline\":\"Umberto Bonomo y Emilio de la Cerda participaron en evento de la Trienal del Sur del Mundo\",\"datePublished\":\"2021-05-08T13:32:00+00:00\",\"dateModified\":\"2023-10-23T18:16:21+00:00\",\"mainEntityOfPage\":{\"@id\":\"https:\/\/fadeu.urantiacos.cl\/en\/2021\/05\/08\/umberto-bonomo-y-emilio-de-la-cerda-participaron-en-evento-de-la-trienal-del-sur-del-mundo\/\"},\"wordCount\":231,\"commentCount\":0,\"image\":{\"@id\":\"https:\/\/fadeu.urantiacos.cl\/en\/2021\/05\/08\/umberto-bonomo-y-emilio-de-la-cerda-participaron-en-evento-de-la-trienal-del-sur-del-mundo\/#primaryimage\"},\"thumbnailUrl\":\"https:\/\/fadeu.urantiacos.cl\/wp-content\/uploads\/2023\/09\/bonomo_Delacerda_web.png\",\"articleSection\":[\"Sin categorizar\"],\"inLanguage\":\"en-US\",\"potentialAction\":[{\"@type\":\"CommentAction\",\"name\":\"Comment\",\"target\":[\"https:\/\/fadeu.urantiacos.cl\/en\/2021\/05\/08\/umberto-bonomo-y-emilio-de-la-cerda-participaron-en-evento-de-la-trienal-del-sur-del-mundo\/#respond\"]}]},{\"@type\":\"WebPage\",\"@id\":\"https:\/\/fadeu.urantiacos.cl\/en\/2021\/05\/08\/umberto-bonomo-y-emilio-de-la-cerda-participaron-en-evento-de-la-trienal-del-sur-del-mundo\/\",\"url\":\"https:\/\/fadeu.urantiacos.cl\/en\/2021\/05\/08\/umberto-bonomo-y-emilio-de-la-cerda-participaron-en-evento-de-la-trienal-del-sur-del-mundo\/\",\"name\":\"Umberto Bonomo y Emilio de la Cerda participaron en evento de la Trienal del Sur del Mundo - Facultad de Arquitectura, Dise\u00f1o y Estudios Urbanos\",\"isPartOf\":{\"@id\":\"https:\/\/fadeu.urantiacos.cl\/en\/#website\"},\"primaryImageOfPage\":{\"@id\":\"https:\/\/fadeu.urantiacos.cl\/en\/2021\/05\/08\/umberto-bonomo-y-emilio-de-la-cerda-participaron-en-evento-de-la-trienal-del-sur-del-mundo\/#primaryimage\"},\"image\":{\"@id\":\"https:\/\/fadeu.urantiacos.cl\/en\/2021\/05\/08\/umberto-bonomo-y-emilio-de-la-cerda-participaron-en-evento-de-la-trienal-del-sur-del-mundo\/#primaryimage\"},\"thumbnailUrl\":\"https:\/\/fadeu.urantiacos.cl\/wp-content\/uploads\/2023\/09\/bonomo_Delacerda_web.png\",\"datePublished\":\"2021-05-08T13:32:00+00:00\",\"dateModified\":\"2023-10-23T18:16:21+00:00\",\"author\":{\"@id\":\"https:\/\/fadeu.urantiacos.cl\/en\/#\/schema\/person\/d203e2e84b1c40275eac77b3061a19a2\"},\"description\":\"\u201cLota Green y el equilibrio entre salvaguardia y desarrollo\u201d fue el t\u00edtulo del conversatorio al que fueron invitados los profesores ARQ UC, en el marco de la Trienal Sur del Mundo: Ciudades Humanas 2021.\",\"breadcrumb\":{\"@id\":\"https:\/\/fadeu.urantiacos.cl\/en\/2021\/05\/08\/umberto-bonomo-y-emilio-de-la-cerda-participaron-en-evento-de-la-trienal-del-sur-del-mundo\/#breadcrumb\"},\"inLanguage\":\"en-US\",\"potentialAction\":[{\"@type\":\"ReadAction\",\"target\":[\"https:\/\/fadeu.urantiacos.cl\/en\/2021\/05\/08\/umberto-bonomo-y-emilio-de-la-cerda-participaron-en-evento-de-la-trienal-del-sur-del-mundo\/\"]}]},{\"@type\":\"ImageObject\",\"inLanguage\":\"en-US\",\"@id\":\"https:\/\/fadeu.urantiacos.cl\/en\/2021\/05\/08\/umberto-bonomo-y-emilio-de-la-cerda-participaron-en-evento-de-la-trienal-del-sur-del-mundo\/#primaryimage\",\"url\":\"https:\/\/fadeu.urantiacos.cl\/wp-content\/uploads\/2023\/09\/bonomo_Delacerda_web.png\",\"contentUrl\":\"https:\/\/fadeu.urantiacos.cl\/wp-content\/uploads\/2023\/09\/bonomo_Delacerda_web.png\",\"width\":350,\"height\":250},{\"@type\":\"BreadcrumbList\",\"@id\":\"https:\/\/fadeu.urantiacos.cl\/en\/2021\/05\/08\/umberto-bonomo-y-emilio-de-la-cerda-participaron-en-evento-de-la-trienal-del-sur-del-mundo\/#breadcrumb\",\"itemListElement\":[{\"@type\":\"ListItem\",\"position\":1,\"name\":\"Portada\",\"item\":\"https:\/\/fadeu.urantiacos.cl\/en\/\"},{\"@type\":\"ListItem\",\"position\":2,\"name\":\"Umberto Bonomo y Emilio de la Cerda participaron en evento de la Trienal del Sur del Mundo\"}]},{\"@type\":\"WebSite\",\"@id\":\"https:\/\/fadeu.urantiacos.cl\/en\/#website\",\"url\":\"https:\/\/fadeu.urantiacos.cl\/en\/\",\"name\":\"Facultad de Arquitectura, Dise\u00f1o y Estudios Urbanos\",\"description\":\"Campus Lo Contador\",\"potentialAction\":[{\"@type\":\"SearchAction\",\"target\":{\"@type\":\"EntryPoint\",\"urlTemplate\":\"https:\/\/fadeu.urantiacos.cl\/en\/?s={search_term_string}\"},\"query-input\":{\"@type\":\"PropertyValueSpecification\",\"valueRequired\":true,\"valueName\":\"search_term_string\"}}],\"inLanguage\":\"en-US\"},{\"@type\":\"Person\",\"@id\":\"https:\/\/fadeu.urantiacos.cl\/en\/#\/schema\/person\/d203e2e84b1c40275eac77b3061a19a2\",\"name\":\"manadmin\",\"image\":{\"@type\":\"ImageObject\",\"inLanguage\":\"en-US\",\"@id\":\"https:\/\/fadeu.urantiacos.cl\/en\/#\/schema\/person\/image\/\",\"url\":\"https:\/\/secure.gravatar.com\/avatar\/4b1d8e3303b4a9d8968ac578947d8bc80d9aea359f388cdd4aac15cadc0e8447?s=96&d=mm&r=g\",\"contentUrl\":\"https:\/\/secure.gravatar.com\/avatar\/4b1d8e3303b4a9d8968ac578947d8bc80d9aea359f388cdd4aac15cadc0e8447?s=96&d=mm&r=g\",\"caption\":\"manadmin\"},\"sameAs\":[\"https:\/\/fadeu.urantiacos.cl\"]}]}<\/script>\n<!-- \/ Yoast SEO plugin. -->","yoast_head_json":{"title":"Umberto Bonomo y Emilio de la Cerda participaron en evento de la Trienal del Sur del Mundo - Facultad de Arquitectura, Dise\u00f1o y Estudios Urbanos","description":"\u201cLota Green y el equilibrio entre salvaguardia y desarrollo\u201d fue el t\u00edtulo del conversatorio al que fueron invitados los profesores ARQ UC, en el marco de la Trienal Sur del Mundo: Ciudades Humanas 2021.","robots":{"index":"index","follow":"follow","max-snippet":"max-snippet:-1","max-image-preview":"max-image-preview:large","max-video-preview":"max-video-preview:-1"},"canonical":"https:\/\/fadeu.urantiacos.cl\/en\/2021\/05\/08\/umberto-bonomo-y-emilio-de-la-cerda-participaron-en-evento-de-la-trienal-del-sur-del-mundo\/","og_locale":"en_US","og_type":"article","og_title":"Umberto Bonomo y Emilio de la Cerda participaron en evento de la Trienal del Sur del Mundo - Facultad de Arquitectura, Dise\u00f1o y Estudios Urbanos","og_description":"\u201cLota Green y el equilibrio entre salvaguardia y desarrollo\u201d fue el t\u00edtulo del conversatorio al que fueron invitados los profesores ARQ UC, en el marco de la Trienal Sur del Mundo: Ciudades Humanas 2021.","og_url":"https:\/\/fadeu.urantiacos.cl\/en\/2021\/05\/08\/umberto-bonomo-y-emilio-de-la-cerda-participaron-en-evento-de-la-trienal-del-sur-del-mundo\/","og_site_name":"Facultad de Arquitectura, Dise\u00f1o y Estudios Urbanos","article_published_time":"2021-05-08T13:32:00+00:00","article_modified_time":"2023-10-23T18:16:21+00:00","og_image":[{"width":350,"height":250,"url":"https:\/\/fadeu.urantiacos.cl\/wp-content\/uploads\/2023\/09\/bonomo_Delacerda_web.png","type":"image\/png"}],"author":"manadmin","twitter_card":"summary_large_image","twitter_misc":{"Written by":"manadmin","Est. reading time":"2 minutes"},"schema":{"@context":"https:\/\/schema.org","@graph":[{"@type":"Article","@id":"https:\/\/fadeu.urantiacos.cl\/en\/2021\/05\/08\/umberto-bonomo-y-emilio-de-la-cerda-participaron-en-evento-de-la-trienal-del-sur-del-mundo\/#article","isPartOf":{"@id":"https:\/\/fadeu.urantiacos.cl\/en\/2021\/05\/08\/umberto-bonomo-y-emilio-de-la-cerda-participaron-en-evento-de-la-trienal-del-sur-del-mundo\/"},"author":{"name":"manadmin","@id":"https:\/\/fadeu.urantiacos.cl\/en\/#\/schema\/person\/d203e2e84b1c40275eac77b3061a19a2"},"headline":"Umberto Bonomo y Emilio de la Cerda participaron en evento de la Trienal del Sur del Mundo","datePublished":"2021-05-08T13:32:00+00:00","dateModified":"2023-10-23T18:16:21+00:00","mainEntityOfPage":{"@id":"https:\/\/fadeu.urantiacos.cl\/en\/2021\/05\/08\/umberto-bonomo-y-emilio-de-la-cerda-participaron-en-evento-de-la-trienal-del-sur-del-mundo\/"},"wordCount":231,"commentCount":0,"image":{"@id":"https:\/\/fadeu.urantiacos.cl\/en\/2021\/05\/08\/umberto-bonomo-y-emilio-de-la-cerda-participaron-en-evento-de-la-trienal-del-sur-del-mundo\/#primaryimage"},"thumbnailUrl":"https:\/\/fadeu.urantiacos.cl\/wp-content\/uploads\/2023\/09\/bonomo_Delacerda_web.png","articleSection":["Sin categorizar"],"inLanguage":"en-US","potentialAction":[{"@type":"CommentAction","name":"Comment","target":["https:\/\/fadeu.urantiacos.cl\/en\/2021\/05\/08\/umberto-bonomo-y-emilio-de-la-cerda-participaron-en-evento-de-la-trienal-del-sur-del-mundo\/#respond"]}]},{"@type":"WebPage","@id":"https:\/\/fadeu.urantiacos.cl\/en\/2021\/05\/08\/umberto-bonomo-y-emilio-de-la-cerda-participaron-en-evento-de-la-trienal-del-sur-del-mundo\/","url":"https:\/\/fadeu.urantiacos.cl\/en\/2021\/05\/08\/umberto-bonomo-y-emilio-de-la-cerda-participaron-en-evento-de-la-trienal-del-sur-del-mundo\/","name":"Umberto Bonomo y Emilio de la Cerda participaron en evento de la Trienal del Sur del Mundo - Facultad de Arquitectura, Dise\u00f1o y Estudios Urbanos","isPartOf":{"@id":"https:\/\/fadeu.urantiacos.cl\/en\/#website"},"primaryImageOfPage":{"@id":"https:\/\/fadeu.urantiacos.cl\/en\/2021\/05\/08\/umberto-bonomo-y-emilio-de-la-cerda-participaron-en-evento-de-la-trienal-del-sur-del-mundo\/#primaryimage"},"image":{"@id":"https:\/\/fadeu.urantiacos.cl\/en\/2021\/05\/08\/umberto-bonomo-y-emilio-de-la-cerda-participaron-en-evento-de-la-trienal-del-sur-del-mundo\/#primaryimage"},"thumbnailUrl":"https:\/\/fadeu.urantiacos.cl\/wp-content\/uploads\/2023\/09\/bonomo_Delacerda_web.png","datePublished":"2021-05-08T13:32:00+00:00","dateModified":"2023-10-23T18:16:21+00:00","author":{"@id":"https:\/\/fadeu.urantiacos.cl\/en\/#\/schema\/person\/d203e2e84b1c40275eac77b3061a19a2"},"description":"\u201cLota Green y el equilibrio entre salvaguardia y desarrollo\u201d fue el t\u00edtulo del conversatorio al que fueron invitados los profesores ARQ UC, en el marco de la Trienal Sur del Mundo: Ciudades Humanas 2021.","breadcrumb":{"@id":"https:\/\/fadeu.urantiacos.cl\/en\/2021\/05\/08\/umberto-bonomo-y-emilio-de-la-cerda-participaron-en-evento-de-la-trienal-del-sur-del-mundo\/#breadcrumb"},"inLanguage":"en-US","potentialAction":[{"@type":"ReadAction","target":["https:\/\/fadeu.urantiacos.cl\/en\/2021\/05\/08\/umberto-bonomo-y-emilio-de-la-cerda-participaron-en-evento-de-la-trienal-del-sur-del-mundo\/"]}]},{"@type":"ImageObject","inLanguage":"en-US","@id":"https:\/\/fadeu.urantiacos.cl\/en\/2021\/05\/08\/umberto-bonomo-y-emilio-de-la-cerda-participaron-en-evento-de-la-trienal-del-sur-del-mundo\/#primaryimage","url":"https:\/\/fadeu.urantiacos.cl\/wp-content\/uploads\/2023\/09\/bonomo_Delacerda_web.png","contentUrl":"https:\/\/fadeu.urantiacos.cl\/wp-content\/uploads\/2023\/09\/bonomo_Delacerda_web.png","width":350,"height":250},{"@type":"BreadcrumbList","@id":"https:\/\/fadeu.urantiacos.cl\/en\/2021\/05\/08\/umberto-bonomo-y-emilio-de-la-cerda-participaron-en-evento-de-la-trienal-del-sur-del-mundo\/#breadcrumb","itemListElement":[{"@type":"ListItem","position":1,"name":"Portada","item":"https:\/\/fadeu.urantiacos.cl\/en\/"},{"@type":"ListItem","position":2,"name":"Umberto Bonomo y Emilio de la Cerda participaron en evento de la Trienal del Sur del Mundo"}]},{"@type":"WebSite","@id":"https:\/\/fadeu.urantiacos.cl\/en\/#website","url":"https:\/\/fadeu.urantiacos.cl\/en\/","name":"Facultad de Arquitectura, Dise\u00f1o y Estudios Urbanos","description":"Campus Lo Contador","potentialAction":[{"@type":"SearchAction","target":{"@type":"EntryPoint","urlTemplate":"https:\/\/fadeu.urantiacos.cl\/en\/?s={search_term_string}"},"query-input":{"@type":"PropertyValueSpecification","valueRequired":true,"valueName":"search_term_string"}}],"inLanguage":"en-US"},{"@type":"Person","@id":"https:\/\/fadeu.urantiacos.cl\/en\/#\/schema\/person\/d203e2e84b1c40275eac77b3061a19a2","name":"manadmin","image":{"@type":"ImageObject","inLanguage":"en-US","@id":"https:\/\/fadeu.urantiacos.cl\/en\/#\/schema\/person\/image\/","url":"https:\/\/secure.gravatar.com\/avatar\/4b1d8e3303b4a9d8968ac578947d8bc80d9aea359f388cdd4aac15cadc0e8447?s=96&d=mm&r=g","contentUrl":"https:\/\/secure.gravatar.com\/avatar\/4b1d8e3303b4a9d8968ac578947d8bc80d9aea359f388cdd4aac15cadc0e8447?s=96&d=mm&r=g","caption":"manadmin"},"sameAs":["https:\/\/fadeu.urantiacos.cl"]}]}},"_links":{"self":[{"href":"https:\/\/fadeu.urantiacos.cl\/en\/wp-json\/wp\/v2\/posts\/7030","targetHints":{"allow":["GET"]}}],"collection":[{"href":"https:\/\/fadeu.urantiacos.cl\/en\/wp-json\/wp\/v2\/posts"}],"about":[{"href":"https:\/\/fadeu.urantiacos.cl\/en\/wp-json\/wp\/v2\/types\/post"}],"author":[{"embeddable":true,"href":"https:\/\/fadeu.urantiacos.cl\/en\/wp-json\/wp\/v2\/users\/1"}],"replies":[{"embeddable":true,"href":"https:\/\/fadeu.urantiacos.cl\/en\/wp-json\/wp\/v2\/comments?post=7030"}],"version-history":[{"count":2,"href":"https:\/\/fadeu.urantiacos.cl\/en\/wp-json\/wp\/v2\/posts\/7030\/revisions"}],"predecessor-version":[{"id":17501,"href":"https:\/\/fadeu.urantiacos.cl\/en\/wp-json\/wp\/v2\/posts\/7030\/revisions\/17501"}],"wp:featuredmedia":[{"embeddable":true,"href":"https:\/\/fadeu.urantiacos.cl\/en\/wp-json\/wp\/v2\/media\/7031"}],"wp:attachment":[{"href":"https:\/\/fadeu.urantiacos.cl\/en\/wp-json\/wp\/v2\/media?parent=7030"}],"wp:term":[{"taxonomy":"category","embeddable":true,"href":"https:\/\/fadeu.urantiacos.cl\/en\/wp-json\/wp\/v2\/categories?post=7030"},{"taxonomy":"post_tag","embeddable":true,"href":"https:\/\/fadeu.urantiacos.cl\/en\/wp-json\/wp\/v2\/tags?post=7030"}],"curies":[{"name":"wp","href":"https:\/\/api.w.org\/{rel}","templated":true}]}}