{"id":7025,"date":"2021-05-09T10:28:00","date_gmt":"2021-05-09T13:28:00","guid":{"rendered":"https:\/\/fadeu.urantiacos.cl\/?p=7025"},"modified":"2023-10-24T13:18:06","modified_gmt":"2023-10-24T16:18:06","slug":"lanzamiento-proyecto-fondart-sistematizacion-de-la-experiencia-de-talleres-de-co-diseno-de-murales-minga-para-el-hospital-dr-exequiel-gonzalez-cortes","status":"publish","type":"post","link":"https:\/\/fadeu.urantiacos.cl\/en\/2021\/05\/09\/lanzamiento-proyecto-fondart-sistematizacion-de-la-experiencia-de-talleres-de-co-diseno-de-murales-minga-para-el-hospital-dr-exequiel-gonzalez-cortes\/","title":{"rendered":"Lanzamiento | Proyecto FONDART \u201cSistematizaci\u00f3n de la Experiencia de Talleres de Co Dise\u00f1o de Murales Minga para el Hospital Dr. Exequiel Gonz\u00e1lez Cort\u00e9s\u201d"},"content":{"rendered":"\n<figure class=\"wp-block-image size-full\"><img decoding=\"async\" width=\"350\" height=\"250\" src=\"https:\/\/fadeu.urantiacos.cl\/wp-content\/uploads\/2023\/09\/WEB_Captura-de-pantalla-2021-04-09-a-las-15.31.33_1.png\" alt=\"\" class=\"wp-image-7026\" srcset=\"https:\/\/fadeu.urantiacos.cl\/wp-content\/uploads\/2023\/09\/WEB_Captura-de-pantalla-2021-04-09-a-las-15.31.33_1.png 350w, https:\/\/fadeu.urantiacos.cl\/wp-content\/uploads\/2023\/09\/WEB_Captura-de-pantalla-2021-04-09-a-las-15.31.33_1-300x214.png 300w\" sizes=\"(max-width: 350px) 100vw, 350px\" \/><\/figure>\n\n\n\n<p>El proyecto contempl\u00f3 el desarrollo de talleres de co-dise\u00f1o de los Murales Minga, los que propon\u00edan una metodolog\u00eda que incorpor\u00f3 a ni\u00f1os y j\u00f3venes de las 11 comunas pertenecientes al Servicio de Salud Metropolitano Sur como codise\u00f1adores de un mural que representar\u00eda su comuna y se instalar\u00eda al interior del nuevo edificio.<\/p>\n\n\n\n<p>El taller constaba de 3 etapas: Reconocer la comuna a trav\u00e9s de la descripci\u00f3n y reflexi\u00f3n de los participantes, el dise\u00f1o del mural en papel y finalmente, la producci\u00f3n de este como archivo digital a trav\u00e9s de un software de dise\u00f1o.<\/p>\n\n\n\n<p>\u201cAl finalizar la experiencia, nos dimos cuenta de que esta excedi\u00f3 nuestras expectativas y objetivos iniciales en varios aspectos. El primero, el inter\u00e9s del proceso como metodolog\u00eda de investigaci\u00f3n aplicada en relaci\u00f3n a la forma en que se abordaron los talleres. Uno de los pilares fundamentales de la propuesta fue que, si bien el trabajo era guiado por un equipo de dise\u00f1adores, estos deb\u00edan alejarse del rol de expertos y hacerse parte de un equipo de trabajo donde los ni\u00f1os eran los verdaderos expertos a partir de sus vivencias en los territorios representados. Esto provoc\u00f3 que desde el comienzo, los participantes se convirtieran tambi\u00e9n en co dise\u00f1adores de la metodolog\u00eda, siendo su respuesta a las actividades indispensable para el constante redise\u00f1o de estas. Este reconocimiento de su aporte a la metodolog\u00eda, fortalece al colectivo como protagonista del proceso y los reconoce como sujetos de derecho capaces no solo de aprender sino que tambi\u00e9n de producir conocimiento\u201d, explican los docentes.<\/p>\n\n\n\n<figure class=\"wp-block-image size-full\"><img decoding=\"async\" width=\"992\" height=\"489\" src=\"https:\/\/fadeu.urantiacos.cl\/wp-content\/uploads\/2023\/09\/Captura-de-pantalla-2021-05-06-a-las-18.50.43-992x489-1.png\" alt=\"\" class=\"wp-image-7027\" srcset=\"https:\/\/fadeu.urantiacos.cl\/wp-content\/uploads\/2023\/09\/Captura-de-pantalla-2021-05-06-a-las-18.50.43-992x489-1.png 992w, https:\/\/fadeu.urantiacos.cl\/wp-content\/uploads\/2023\/09\/Captura-de-pantalla-2021-05-06-a-las-18.50.43-992x489-1-300x148.png 300w, https:\/\/fadeu.urantiacos.cl\/wp-content\/uploads\/2023\/09\/Captura-de-pantalla-2021-05-06-a-las-18.50.43-992x489-1-768x379.png 768w\" sizes=\"(max-width: 992px) 100vw, 992px\" \/><\/figure>\n\n\n\n<p>Dado su escala y ubicaci\u00f3n en un espacio institucional, los murales resultantes tambi\u00e9n son un reconocimiento formal del rol de los ni\u00f1os como co-constructores de ese espacio y de su imaginario respecto al paisaje del sector sur de Santiago. Esto, establece tambi\u00e9n un di\u00e1logo entre las 11 comunas que componen el SSMS, ya que los 11 murales en conjunto evidencian un colectivo que en principio parec\u00eda inexistente pero que se forma a partir<br>de los lazos experienciales y afectivos que despliega cada mural y aporta a constituir esta \u00e1rea de Santiago como un territorio efectivamente com\u00fan a quienes lo habitan.<br><br>\u201cComo referente para el dise\u00f1o de servicios p\u00fablicos, nuestra experiencia en el HEGC nos ha revelado que el compromiso y fidelidad de todos sus miembros \u2013tanto funcionarios como pacientes\u2013 es indispensable para&nbsp;su \u00f3ptimo funcionamiento y en este caso, el aporte que hacen estos ni\u00f1os y j\u00f3venes a la comunidad a trav\u00e9s de los murales, los hace pasar de beneficiarios a co productores de este servicio que hoy los hace parte visible de su comunidad\u201d, explican.<\/p>\n\n\n\n<p>Junto con el lanzamiento del proyecto se present\u00f3 la publicaci\u00f3n resultante de este: \u201cReconocer(nos) y transformar(nos)\u201d que recopila el proceso de realizaci\u00f3n de los talleres, la instalaci\u00f3n de los murales resultantes, la exposici\u00f3n itinerante que los llev\u00f3 de vuelta a algunos de los territorios participantes y el an\u00e1lisis de la experiencia completa como caso de co-dise\u00f1o de espacios p\u00fablicos y experiencias de aprendizaje con NNA.&nbsp;<\/p>\n\n\n\n<figure class=\"wp-block-image size-full\"><img decoding=\"async\" width=\"844\" height=\"694\" src=\"https:\/\/fadeu.urantiacos.cl\/wp-content\/uploads\/2023\/10\/Captura-de-pantalla-2021-04-09-a-las-15.31.33.jpg\" alt=\"\" class=\"wp-image-17806\" srcset=\"https:\/\/fadeu.urantiacos.cl\/wp-content\/uploads\/2023\/10\/Captura-de-pantalla-2021-04-09-a-las-15.31.33.jpg 844w, https:\/\/fadeu.urantiacos.cl\/wp-content\/uploads\/2023\/10\/Captura-de-pantalla-2021-04-09-a-las-15.31.33-300x247.jpg 300w, https:\/\/fadeu.urantiacos.cl\/wp-content\/uploads\/2023\/10\/Captura-de-pantalla-2021-04-09-a-las-15.31.33-768x632.jpg 768w\" sizes=\"(max-width: 844px) 100vw, 844px\" \/><\/figure>\n\n\n\n<p>https:\/\/diseno.uc.cl\/wp-content\/uploads\/2021\/04\/Captura-de-pantalla-2021-04-09-a-las-15.31.33-768&#215;632.png 768w&#8221; sizes=&#8221;(max-width: 844px) 100vw, 844px&#8221; style=&#8221;box-sizing: border-box; vertical-align: middle; border-style: none; max-width: 100%; height: auto; border-radius: inherit;&#8221;&gt;<\/p>\n","protected":false},"excerpt":{"rendered":"<p>Los docentes Patricia S\u00e1nchez y Pablo Hermansen presentaron el pasado 6 de mayo, los resultados del proyecto Fondart \u201cSistematizaci\u00f3n de la Experiencia de Talleres de Co Dise\u00f1o de Murales Minga para el Hospital Dr. Exequiel Gonz\u00e1lez Cort\u00e9s\u201d, una experiencia llevada a cabo entre 2015 y 2017, en el contexto del proceso de cambio de instalaciones del Hospital.<\/p>\n","protected":false},"author":1,"featured_media":17806,"comment_status":"open","ping_status":"open","sticky":false,"template":"","format":"standard","meta":{"_acf_changed":false,"footnotes":""},"categories":[1],"tags":[],"class_list":["post-7025","post","type-post","status-publish","format-standard","has-post-thumbnail","hentry","category-sin-categorizar"],"acf":[],"yoast_head":"<!-- This site is optimized with the Yoast SEO plugin v27.1.1 - https:\/\/yoast.com\/product\/yoast-seo-wordpress\/ -->\n<title>Lanzamiento | Proyecto FONDART \u201cSistematizaci\u00f3n de la Experiencia de Talleres de Co Dise\u00f1o de Murales Minga para el Hospital Dr. Exequiel Gonz\u00e1lez Cort\u00e9s\u201d - Facultad de Arquitectura, Dise\u00f1o y Estudios Urbanos<\/title>\n<meta name=\"description\" content=\"Los docentes Patricia S\u00e1nchez y Pablo Hermansen presentaron el pasado 6 de mayo, los resultados del proyecto Fondart \u201cSistematizaci\u00f3n de la Experiencia de Talleres de Co Dise\u00f1o de Murales Minga para el Hospital Dr. Exequiel Gonz\u00e1lez Cort\u00e9s\u201d, una experiencia llevada a cabo entre 2015 y 2017, en el contexto del proceso de cambio de instalaciones del Hospital.\" \/>\n<meta name=\"robots\" content=\"index, follow, max-snippet:-1, max-image-preview:large, max-video-preview:-1\" \/>\n<link rel=\"canonical\" href=\"https:\/\/fadeu.urantiacos.cl\/en\/2021\/05\/09\/lanzamiento-proyecto-fondart-sistematizacion-de-la-experiencia-de-talleres-de-co-diseno-de-murales-minga-para-el-hospital-dr-exequiel-gonzalez-cortes\/\" \/>\n<meta property=\"og:locale\" content=\"en_US\" \/>\n<meta property=\"og:type\" content=\"article\" \/>\n<meta property=\"og:title\" content=\"Lanzamiento | Proyecto FONDART \u201cSistematizaci\u00f3n de la Experiencia de Talleres de Co Dise\u00f1o de Murales Minga para el Hospital Dr. Exequiel Gonz\u00e1lez Cort\u00e9s\u201d - Facultad de Arquitectura, Dise\u00f1o y Estudios Urbanos\" \/>\n<meta property=\"og:description\" content=\"Los docentes Patricia S\u00e1nchez y Pablo Hermansen presentaron el pasado 6 de mayo, los resultados del proyecto Fondart \u201cSistematizaci\u00f3n de la Experiencia de Talleres de Co Dise\u00f1o de Murales Minga para el Hospital Dr. Exequiel Gonz\u00e1lez Cort\u00e9s\u201d, una experiencia llevada a cabo entre 2015 y 2017, en el contexto del proceso de cambio de instalaciones del Hospital.\" \/>\n<meta property=\"og:url\" content=\"https:\/\/fadeu.urantiacos.cl\/en\/2021\/05\/09\/lanzamiento-proyecto-fondart-sistematizacion-de-la-experiencia-de-talleres-de-co-diseno-de-murales-minga-para-el-hospital-dr-exequiel-gonzalez-cortes\/\" \/>\n<meta property=\"og:site_name\" content=\"Facultad de Arquitectura, Dise\u00f1o y Estudios Urbanos\" \/>\n<meta property=\"article:published_time\" content=\"2021-05-09T13:28:00+00:00\" \/>\n<meta property=\"article:modified_time\" content=\"2023-10-24T16:18:06+00:00\" \/>\n<meta property=\"og:image\" content=\"https:\/\/fadeu.urantiacos.cl\/wp-content\/uploads\/2023\/10\/Captura-de-pantalla-2021-04-09-a-las-15.31.33.jpg\" \/>\n\t<meta property=\"og:image:width\" content=\"844\" \/>\n\t<meta property=\"og:image:height\" content=\"694\" \/>\n\t<meta property=\"og:image:type\" content=\"image\/jpeg\" \/>\n<meta name=\"author\" content=\"manadmin\" \/>\n<meta name=\"twitter:card\" content=\"summary_large_image\" \/>\n<meta name=\"twitter:label1\" content=\"Written by\" \/>\n\t<meta name=\"twitter:data1\" content=\"manadmin\" \/>\n\t<meta name=\"twitter:label2\" content=\"Est. reading time\" \/>\n\t<meta name=\"twitter:data2\" content=\"3 minutes\" \/>\n<script type=\"application\/ld+json\" class=\"yoast-schema-graph\">{\"@context\":\"https:\/\/schema.org\",\"@graph\":[{\"@type\":\"Article\",\"@id\":\"https:\/\/fadeu.urantiacos.cl\/en\/2021\/05\/09\/lanzamiento-proyecto-fondart-sistematizacion-de-la-experiencia-de-talleres-de-co-diseno-de-murales-minga-para-el-hospital-dr-exequiel-gonzalez-cortes\/#article\",\"isPartOf\":{\"@id\":\"https:\/\/fadeu.urantiacos.cl\/en\/2021\/05\/09\/lanzamiento-proyecto-fondart-sistematizacion-de-la-experiencia-de-talleres-de-co-diseno-de-murales-minga-para-el-hospital-dr-exequiel-gonzalez-cortes\/\"},\"author\":{\"name\":\"manadmin\",\"@id\":\"https:\/\/fadeu.urantiacos.cl\/en\/#\/schema\/person\/d203e2e84b1c40275eac77b3061a19a2\"},\"headline\":\"Lanzamiento | Proyecto FONDART \u201cSistematizaci\u00f3n de la Experiencia de Talleres de Co Dise\u00f1o de Murales Minga para el Hospital Dr. Exequiel Gonz\u00e1lez Cort\u00e9s\u201d\",\"datePublished\":\"2021-05-09T13:28:00+00:00\",\"dateModified\":\"2023-10-24T16:18:06+00:00\",\"mainEntityOfPage\":{\"@id\":\"https:\/\/fadeu.urantiacos.cl\/en\/2021\/05\/09\/lanzamiento-proyecto-fondart-sistematizacion-de-la-experiencia-de-talleres-de-co-diseno-de-murales-minga-para-el-hospital-dr-exequiel-gonzalez-cortes\/\"},\"wordCount\":597,\"commentCount\":0,\"image\":{\"@id\":\"https:\/\/fadeu.urantiacos.cl\/en\/2021\/05\/09\/lanzamiento-proyecto-fondart-sistematizacion-de-la-experiencia-de-talleres-de-co-diseno-de-murales-minga-para-el-hospital-dr-exequiel-gonzalez-cortes\/#primaryimage\"},\"thumbnailUrl\":\"https:\/\/fadeu.urantiacos.cl\/wp-content\/uploads\/2023\/10\/Captura-de-pantalla-2021-04-09-a-las-15.31.33.jpg\",\"articleSection\":[\"Sin categorizar\"],\"inLanguage\":\"en-US\",\"potentialAction\":[{\"@type\":\"CommentAction\",\"name\":\"Comment\",\"target\":[\"https:\/\/fadeu.urantiacos.cl\/en\/2021\/05\/09\/lanzamiento-proyecto-fondart-sistematizacion-de-la-experiencia-de-talleres-de-co-diseno-de-murales-minga-para-el-hospital-dr-exequiel-gonzalez-cortes\/#respond\"]}]},{\"@type\":\"WebPage\",\"@id\":\"https:\/\/fadeu.urantiacos.cl\/en\/2021\/05\/09\/lanzamiento-proyecto-fondart-sistematizacion-de-la-experiencia-de-talleres-de-co-diseno-de-murales-minga-para-el-hospital-dr-exequiel-gonzalez-cortes\/\",\"url\":\"https:\/\/fadeu.urantiacos.cl\/en\/2021\/05\/09\/lanzamiento-proyecto-fondart-sistematizacion-de-la-experiencia-de-talleres-de-co-diseno-de-murales-minga-para-el-hospital-dr-exequiel-gonzalez-cortes\/\",\"name\":\"Lanzamiento | Proyecto FONDART \u201cSistematizaci\u00f3n de la Experiencia de Talleres de Co Dise\u00f1o de Murales Minga para el Hospital Dr. Exequiel Gonz\u00e1lez Cort\u00e9s\u201d - Facultad de Arquitectura, Dise\u00f1o y Estudios Urbanos\",\"isPartOf\":{\"@id\":\"https:\/\/fadeu.urantiacos.cl\/en\/#website\"},\"primaryImageOfPage\":{\"@id\":\"https:\/\/fadeu.urantiacos.cl\/en\/2021\/05\/09\/lanzamiento-proyecto-fondart-sistematizacion-de-la-experiencia-de-talleres-de-co-diseno-de-murales-minga-para-el-hospital-dr-exequiel-gonzalez-cortes\/#primaryimage\"},\"image\":{\"@id\":\"https:\/\/fadeu.urantiacos.cl\/en\/2021\/05\/09\/lanzamiento-proyecto-fondart-sistematizacion-de-la-experiencia-de-talleres-de-co-diseno-de-murales-minga-para-el-hospital-dr-exequiel-gonzalez-cortes\/#primaryimage\"},\"thumbnailUrl\":\"https:\/\/fadeu.urantiacos.cl\/wp-content\/uploads\/2023\/10\/Captura-de-pantalla-2021-04-09-a-las-15.31.33.jpg\",\"datePublished\":\"2021-05-09T13:28:00+00:00\",\"dateModified\":\"2023-10-24T16:18:06+00:00\",\"author\":{\"@id\":\"https:\/\/fadeu.urantiacos.cl\/en\/#\/schema\/person\/d203e2e84b1c40275eac77b3061a19a2\"},\"description\":\"Los docentes Patricia S\u00e1nchez y Pablo Hermansen presentaron el pasado 6 de mayo, los resultados del proyecto Fondart \u201cSistematizaci\u00f3n de la Experiencia de Talleres de Co Dise\u00f1o de Murales Minga para el Hospital Dr. Exequiel Gonz\u00e1lez Cort\u00e9s\u201d, una experiencia llevada a cabo entre 2015 y 2017, en el contexto del proceso de cambio de instalaciones del Hospital.\",\"breadcrumb\":{\"@id\":\"https:\/\/fadeu.urantiacos.cl\/en\/2021\/05\/09\/lanzamiento-proyecto-fondart-sistematizacion-de-la-experiencia-de-talleres-de-co-diseno-de-murales-minga-para-el-hospital-dr-exequiel-gonzalez-cortes\/#breadcrumb\"},\"inLanguage\":\"en-US\",\"potentialAction\":[{\"@type\":\"ReadAction\",\"target\":[\"https:\/\/fadeu.urantiacos.cl\/en\/2021\/05\/09\/lanzamiento-proyecto-fondart-sistematizacion-de-la-experiencia-de-talleres-de-co-diseno-de-murales-minga-para-el-hospital-dr-exequiel-gonzalez-cortes\/\"]}]},{\"@type\":\"ImageObject\",\"inLanguage\":\"en-US\",\"@id\":\"https:\/\/fadeu.urantiacos.cl\/en\/2021\/05\/09\/lanzamiento-proyecto-fondart-sistematizacion-de-la-experiencia-de-talleres-de-co-diseno-de-murales-minga-para-el-hospital-dr-exequiel-gonzalez-cortes\/#primaryimage\",\"url\":\"https:\/\/fadeu.urantiacos.cl\/wp-content\/uploads\/2023\/10\/Captura-de-pantalla-2021-04-09-a-las-15.31.33.jpg\",\"contentUrl\":\"https:\/\/fadeu.urantiacos.cl\/wp-content\/uploads\/2023\/10\/Captura-de-pantalla-2021-04-09-a-las-15.31.33.jpg\",\"width\":844,\"height\":694},{\"@type\":\"BreadcrumbList\",\"@id\":\"https:\/\/fadeu.urantiacos.cl\/en\/2021\/05\/09\/lanzamiento-proyecto-fondart-sistematizacion-de-la-experiencia-de-talleres-de-co-diseno-de-murales-minga-para-el-hospital-dr-exequiel-gonzalez-cortes\/#breadcrumb\",\"itemListElement\":[{\"@type\":\"ListItem\",\"position\":1,\"name\":\"Portada\",\"item\":\"https:\/\/fadeu.urantiacos.cl\/en\/\"},{\"@type\":\"ListItem\",\"position\":2,\"name\":\"Lanzamiento | Proyecto FONDART \u201cSistematizaci\u00f3n de la Experiencia de Talleres de Co Dise\u00f1o de Murales Minga para el Hospital Dr. Exequiel Gonz\u00e1lez Cort\u00e9s\u201d\"}]},{\"@type\":\"WebSite\",\"@id\":\"https:\/\/fadeu.urantiacos.cl\/en\/#website\",\"url\":\"https:\/\/fadeu.urantiacos.cl\/en\/\",\"name\":\"Facultad de Arquitectura, Dise\u00f1o y Estudios Urbanos\",\"description\":\"Campus Lo Contador\",\"potentialAction\":[{\"@type\":\"SearchAction\",\"target\":{\"@type\":\"EntryPoint\",\"urlTemplate\":\"https:\/\/fadeu.urantiacos.cl\/en\/?s={search_term_string}\"},\"query-input\":{\"@type\":\"PropertyValueSpecification\",\"valueRequired\":true,\"valueName\":\"search_term_string\"}}],\"inLanguage\":\"en-US\"},{\"@type\":\"Person\",\"@id\":\"https:\/\/fadeu.urantiacos.cl\/en\/#\/schema\/person\/d203e2e84b1c40275eac77b3061a19a2\",\"name\":\"manadmin\",\"image\":{\"@type\":\"ImageObject\",\"inLanguage\":\"en-US\",\"@id\":\"https:\/\/fadeu.urantiacos.cl\/en\/#\/schema\/person\/image\/\",\"url\":\"https:\/\/secure.gravatar.com\/avatar\/4b1d8e3303b4a9d8968ac578947d8bc80d9aea359f388cdd4aac15cadc0e8447?s=96&d=mm&r=g\",\"contentUrl\":\"https:\/\/secure.gravatar.com\/avatar\/4b1d8e3303b4a9d8968ac578947d8bc80d9aea359f388cdd4aac15cadc0e8447?s=96&d=mm&r=g\",\"caption\":\"manadmin\"},\"sameAs\":[\"https:\/\/fadeu.urantiacos.cl\"]}]}<\/script>\n<!-- \/ Yoast SEO plugin. -->","yoast_head_json":{"title":"Lanzamiento | Proyecto FONDART \u201cSistematizaci\u00f3n de la Experiencia de Talleres de Co Dise\u00f1o de Murales Minga para el Hospital Dr. Exequiel Gonz\u00e1lez Cort\u00e9s\u201d - Facultad de Arquitectura, Dise\u00f1o y Estudios Urbanos","description":"Los docentes Patricia S\u00e1nchez y Pablo Hermansen presentaron el pasado 6 de mayo, los resultados del proyecto Fondart \u201cSistematizaci\u00f3n de la Experiencia de Talleres de Co Dise\u00f1o de Murales Minga para el Hospital Dr. Exequiel Gonz\u00e1lez Cort\u00e9s\u201d, una experiencia llevada a cabo entre 2015 y 2017, en el contexto del proceso de cambio de instalaciones del Hospital.","robots":{"index":"index","follow":"follow","max-snippet":"max-snippet:-1","max-image-preview":"max-image-preview:large","max-video-preview":"max-video-preview:-1"},"canonical":"https:\/\/fadeu.urantiacos.cl\/en\/2021\/05\/09\/lanzamiento-proyecto-fondart-sistematizacion-de-la-experiencia-de-talleres-de-co-diseno-de-murales-minga-para-el-hospital-dr-exequiel-gonzalez-cortes\/","og_locale":"en_US","og_type":"article","og_title":"Lanzamiento | Proyecto FONDART \u201cSistematizaci\u00f3n de la Experiencia de Talleres de Co Dise\u00f1o de Murales Minga para el Hospital Dr. Exequiel Gonz\u00e1lez Cort\u00e9s\u201d - Facultad de Arquitectura, Dise\u00f1o y Estudios Urbanos","og_description":"Los docentes Patricia S\u00e1nchez y Pablo Hermansen presentaron el pasado 6 de mayo, los resultados del proyecto Fondart \u201cSistematizaci\u00f3n de la Experiencia de Talleres de Co Dise\u00f1o de Murales Minga para el Hospital Dr. Exequiel Gonz\u00e1lez Cort\u00e9s\u201d, una experiencia llevada a cabo entre 2015 y 2017, en el contexto del proceso de cambio de instalaciones del Hospital.","og_url":"https:\/\/fadeu.urantiacos.cl\/en\/2021\/05\/09\/lanzamiento-proyecto-fondart-sistematizacion-de-la-experiencia-de-talleres-de-co-diseno-de-murales-minga-para-el-hospital-dr-exequiel-gonzalez-cortes\/","og_site_name":"Facultad de Arquitectura, Dise\u00f1o y Estudios Urbanos","article_published_time":"2021-05-09T13:28:00+00:00","article_modified_time":"2023-10-24T16:18:06+00:00","og_image":[{"width":844,"height":694,"url":"https:\/\/fadeu.urantiacos.cl\/wp-content\/uploads\/2023\/10\/Captura-de-pantalla-2021-04-09-a-las-15.31.33.jpg","type":"image\/jpeg"}],"author":"manadmin","twitter_card":"summary_large_image","twitter_misc":{"Written by":"manadmin","Est. reading time":"3 minutes"},"schema":{"@context":"https:\/\/schema.org","@graph":[{"@type":"Article","@id":"https:\/\/fadeu.urantiacos.cl\/en\/2021\/05\/09\/lanzamiento-proyecto-fondart-sistematizacion-de-la-experiencia-de-talleres-de-co-diseno-de-murales-minga-para-el-hospital-dr-exequiel-gonzalez-cortes\/#article","isPartOf":{"@id":"https:\/\/fadeu.urantiacos.cl\/en\/2021\/05\/09\/lanzamiento-proyecto-fondart-sistematizacion-de-la-experiencia-de-talleres-de-co-diseno-de-murales-minga-para-el-hospital-dr-exequiel-gonzalez-cortes\/"},"author":{"name":"manadmin","@id":"https:\/\/fadeu.urantiacos.cl\/en\/#\/schema\/person\/d203e2e84b1c40275eac77b3061a19a2"},"headline":"Lanzamiento | Proyecto FONDART \u201cSistematizaci\u00f3n de la Experiencia de Talleres de Co Dise\u00f1o de Murales Minga para el Hospital Dr. Exequiel Gonz\u00e1lez Cort\u00e9s\u201d","datePublished":"2021-05-09T13:28:00+00:00","dateModified":"2023-10-24T16:18:06+00:00","mainEntityOfPage":{"@id":"https:\/\/fadeu.urantiacos.cl\/en\/2021\/05\/09\/lanzamiento-proyecto-fondart-sistematizacion-de-la-experiencia-de-talleres-de-co-diseno-de-murales-minga-para-el-hospital-dr-exequiel-gonzalez-cortes\/"},"wordCount":597,"commentCount":0,"image":{"@id":"https:\/\/fadeu.urantiacos.cl\/en\/2021\/05\/09\/lanzamiento-proyecto-fondart-sistematizacion-de-la-experiencia-de-talleres-de-co-diseno-de-murales-minga-para-el-hospital-dr-exequiel-gonzalez-cortes\/#primaryimage"},"thumbnailUrl":"https:\/\/fadeu.urantiacos.cl\/wp-content\/uploads\/2023\/10\/Captura-de-pantalla-2021-04-09-a-las-15.31.33.jpg","articleSection":["Sin categorizar"],"inLanguage":"en-US","potentialAction":[{"@type":"CommentAction","name":"Comment","target":["https:\/\/fadeu.urantiacos.cl\/en\/2021\/05\/09\/lanzamiento-proyecto-fondart-sistematizacion-de-la-experiencia-de-talleres-de-co-diseno-de-murales-minga-para-el-hospital-dr-exequiel-gonzalez-cortes\/#respond"]}]},{"@type":"WebPage","@id":"https:\/\/fadeu.urantiacos.cl\/en\/2021\/05\/09\/lanzamiento-proyecto-fondart-sistematizacion-de-la-experiencia-de-talleres-de-co-diseno-de-murales-minga-para-el-hospital-dr-exequiel-gonzalez-cortes\/","url":"https:\/\/fadeu.urantiacos.cl\/en\/2021\/05\/09\/lanzamiento-proyecto-fondart-sistematizacion-de-la-experiencia-de-talleres-de-co-diseno-de-murales-minga-para-el-hospital-dr-exequiel-gonzalez-cortes\/","name":"Lanzamiento | Proyecto FONDART \u201cSistematizaci\u00f3n de la Experiencia de Talleres de Co Dise\u00f1o de Murales Minga para el Hospital Dr. Exequiel Gonz\u00e1lez Cort\u00e9s\u201d - Facultad de Arquitectura, Dise\u00f1o y Estudios Urbanos","isPartOf":{"@id":"https:\/\/fadeu.urantiacos.cl\/en\/#website"},"primaryImageOfPage":{"@id":"https:\/\/fadeu.urantiacos.cl\/en\/2021\/05\/09\/lanzamiento-proyecto-fondart-sistematizacion-de-la-experiencia-de-talleres-de-co-diseno-de-murales-minga-para-el-hospital-dr-exequiel-gonzalez-cortes\/#primaryimage"},"image":{"@id":"https:\/\/fadeu.urantiacos.cl\/en\/2021\/05\/09\/lanzamiento-proyecto-fondart-sistematizacion-de-la-experiencia-de-talleres-de-co-diseno-de-murales-minga-para-el-hospital-dr-exequiel-gonzalez-cortes\/#primaryimage"},"thumbnailUrl":"https:\/\/fadeu.urantiacos.cl\/wp-content\/uploads\/2023\/10\/Captura-de-pantalla-2021-04-09-a-las-15.31.33.jpg","datePublished":"2021-05-09T13:28:00+00:00","dateModified":"2023-10-24T16:18:06+00:00","author":{"@id":"https:\/\/fadeu.urantiacos.cl\/en\/#\/schema\/person\/d203e2e84b1c40275eac77b3061a19a2"},"description":"Los docentes Patricia S\u00e1nchez y Pablo Hermansen presentaron el pasado 6 de mayo, los resultados del proyecto Fondart \u201cSistematizaci\u00f3n de la Experiencia de Talleres de Co Dise\u00f1o de Murales Minga para el Hospital Dr. Exequiel Gonz\u00e1lez Cort\u00e9s\u201d, una experiencia llevada a cabo entre 2015 y 2017, en el contexto del proceso de cambio de instalaciones del Hospital.","breadcrumb":{"@id":"https:\/\/fadeu.urantiacos.cl\/en\/2021\/05\/09\/lanzamiento-proyecto-fondart-sistematizacion-de-la-experiencia-de-talleres-de-co-diseno-de-murales-minga-para-el-hospital-dr-exequiel-gonzalez-cortes\/#breadcrumb"},"inLanguage":"en-US","potentialAction":[{"@type":"ReadAction","target":["https:\/\/fadeu.urantiacos.cl\/en\/2021\/05\/09\/lanzamiento-proyecto-fondart-sistematizacion-de-la-experiencia-de-talleres-de-co-diseno-de-murales-minga-para-el-hospital-dr-exequiel-gonzalez-cortes\/"]}]},{"@type":"ImageObject","inLanguage":"en-US","@id":"https:\/\/fadeu.urantiacos.cl\/en\/2021\/05\/09\/lanzamiento-proyecto-fondart-sistematizacion-de-la-experiencia-de-talleres-de-co-diseno-de-murales-minga-para-el-hospital-dr-exequiel-gonzalez-cortes\/#primaryimage","url":"https:\/\/fadeu.urantiacos.cl\/wp-content\/uploads\/2023\/10\/Captura-de-pantalla-2021-04-09-a-las-15.31.33.jpg","contentUrl":"https:\/\/fadeu.urantiacos.cl\/wp-content\/uploads\/2023\/10\/Captura-de-pantalla-2021-04-09-a-las-15.31.33.jpg","width":844,"height":694},{"@type":"BreadcrumbList","@id":"https:\/\/fadeu.urantiacos.cl\/en\/2021\/05\/09\/lanzamiento-proyecto-fondart-sistematizacion-de-la-experiencia-de-talleres-de-co-diseno-de-murales-minga-para-el-hospital-dr-exequiel-gonzalez-cortes\/#breadcrumb","itemListElement":[{"@type":"ListItem","position":1,"name":"Portada","item":"https:\/\/fadeu.urantiacos.cl\/en\/"},{"@type":"ListItem","position":2,"name":"Lanzamiento | Proyecto FONDART \u201cSistematizaci\u00f3n de la Experiencia de Talleres de Co Dise\u00f1o de Murales Minga para el Hospital Dr. Exequiel Gonz\u00e1lez Cort\u00e9s\u201d"}]},{"@type":"WebSite","@id":"https:\/\/fadeu.urantiacos.cl\/en\/#website","url":"https:\/\/fadeu.urantiacos.cl\/en\/","name":"Facultad de Arquitectura, Dise\u00f1o y Estudios Urbanos","description":"Campus Lo Contador","potentialAction":[{"@type":"SearchAction","target":{"@type":"EntryPoint","urlTemplate":"https:\/\/fadeu.urantiacos.cl\/en\/?s={search_term_string}"},"query-input":{"@type":"PropertyValueSpecification","valueRequired":true,"valueName":"search_term_string"}}],"inLanguage":"en-US"},{"@type":"Person","@id":"https:\/\/fadeu.urantiacos.cl\/en\/#\/schema\/person\/d203e2e84b1c40275eac77b3061a19a2","name":"manadmin","image":{"@type":"ImageObject","inLanguage":"en-US","@id":"https:\/\/fadeu.urantiacos.cl\/en\/#\/schema\/person\/image\/","url":"https:\/\/secure.gravatar.com\/avatar\/4b1d8e3303b4a9d8968ac578947d8bc80d9aea359f388cdd4aac15cadc0e8447?s=96&d=mm&r=g","contentUrl":"https:\/\/secure.gravatar.com\/avatar\/4b1d8e3303b4a9d8968ac578947d8bc80d9aea359f388cdd4aac15cadc0e8447?s=96&d=mm&r=g","caption":"manadmin"},"sameAs":["https:\/\/fadeu.urantiacos.cl"]}]}},"_links":{"self":[{"href":"https:\/\/fadeu.urantiacos.cl\/en\/wp-json\/wp\/v2\/posts\/7025","targetHints":{"allow":["GET"]}}],"collection":[{"href":"https:\/\/fadeu.urantiacos.cl\/en\/wp-json\/wp\/v2\/posts"}],"about":[{"href":"https:\/\/fadeu.urantiacos.cl\/en\/wp-json\/wp\/v2\/types\/post"}],"author":[{"embeddable":true,"href":"https:\/\/fadeu.urantiacos.cl\/en\/wp-json\/wp\/v2\/users\/1"}],"replies":[{"embeddable":true,"href":"https:\/\/fadeu.urantiacos.cl\/en\/wp-json\/wp\/v2\/comments?post=7025"}],"version-history":[{"count":2,"href":"https:\/\/fadeu.urantiacos.cl\/en\/wp-json\/wp\/v2\/posts\/7025\/revisions"}],"predecessor-version":[{"id":17807,"href":"https:\/\/fadeu.urantiacos.cl\/en\/wp-json\/wp\/v2\/posts\/7025\/revisions\/17807"}],"wp:featuredmedia":[{"embeddable":true,"href":"https:\/\/fadeu.urantiacos.cl\/en\/wp-json\/wp\/v2\/media\/17806"}],"wp:attachment":[{"href":"https:\/\/fadeu.urantiacos.cl\/en\/wp-json\/wp\/v2\/media?parent=7025"}],"wp:term":[{"taxonomy":"category","embeddable":true,"href":"https:\/\/fadeu.urantiacos.cl\/en\/wp-json\/wp\/v2\/categories?post=7025"},{"taxonomy":"post_tag","embeddable":true,"href":"https:\/\/fadeu.urantiacos.cl\/en\/wp-json\/wp\/v2\/tags?post=7025"}],"curies":[{"name":"wp","href":"https:\/\/api.w.org\/{rel}","templated":true}]}}