{"id":7022,"date":"2021-05-09T10:27:00","date_gmt":"2021-05-09T13:27:00","guid":{"rendered":"https:\/\/fadeu.urantiacos.cl\/?p=7022"},"modified":"2023-09-08T10:28:53","modified_gmt":"2023-09-08T13:28:53","slug":"academica-paula-wuth-reconocida-por-la-dtd","status":"publish","type":"post","link":"https:\/\/fadeu.urantiacos.cl\/en\/2021\/05\/09\/academica-paula-wuth-reconocida-por-la-dtd\/","title":{"rendered":"Acad\u00e9mica Paula Wuth reconocida por la DTD"},"content":{"rendered":"\n<figure class=\"wp-block-image size-full\"><img decoding=\"async\" width=\"350\" height=\"250\" src=\"https:\/\/fadeu.urantiacos.cl\/wp-content\/uploads\/2023\/09\/wuth-paula.jpg\" alt=\"\" class=\"wp-image-7023\" srcset=\"https:\/\/fadeu.urantiacos.cl\/wp-content\/uploads\/2023\/09\/wuth-paula.jpg 350w, https:\/\/fadeu.urantiacos.cl\/wp-content\/uploads\/2023\/09\/wuth-paula-300x214.jpg 300w\" sizes=\"(max-width: 350px) 100vw, 350px\" \/><\/figure>\n\n\n\n<p>El reconocimiento se entreg\u00f3 en el marco de la ceremonia de D\u00eda de la Transferencia y Propiedad Intelectual, el pasado 6 de mayo, destacando aquellos resultados de investigaci\u00f3n que lograron llegar al mercado en el \u00faltimo periodo.&nbsp;&nbsp;El evento online fue encabezado por el Rector UC Ignacio S\u00e1nchez, y cont\u00f3 con la participaci\u00f3n del Vicerrector de Investigaci\u00f3n Pedro Bouchon, quien lider\u00f3 la entrega de los reconocimientos.<\/p>\n\n\n\n<p>&#8220;El premio da cuenta de un trabajo en equipo tanto a nivel de Escuela y Facultad con profesores y estudiantes como tambi\u00e9n con la DTD y las distintas unidades de la Universidad. La transferencia es un elemento clave para la Escuela de Dise\u00f1o y hemos declarado en diversos espacios que promovemos una investigaci\u00f3n anclada en la realidad, que lo investigado y creado sea transferido a la sociedad buscando generar siempre un impacto positivo con los desarrollos que se generan desde nuestra unidad.&nbsp;Este reconocimiento representa tambi\u00e9n nuevos desaf\u00edos y nos empuja a seguir creciendo e innovando en esta l\u00ednea; incluso con m\u00e1s fuerza&#8221;, coment\u00f3 la acad\u00e9mica Paula Wuth.<\/p>\n\n\n\n<p>Agreg\u00f3 &#8220;Me gustar\u00eda agradecer el trabajo realizado junto con el equipo directivo y, especialmente, al equipo de profesoras que ha conformado la Subdirecci\u00f3n de Investigaci\u00f3n, Desarrollo y Transferencia de la Escuela de Dise\u00f1o: Javiera Parr, en los a\u00f1os 2019 y 2020; Carola Zurob, en el a\u00f1o 2020; Camila R\u00edos y Catalina Hepp, en el a\u00f1o 2021. Definitivamente, sin este tremendo equipo acad\u00e9mico y humano, no ser\u00eda posible recibir este premio como Escuela.&#8221;<\/p>\n\n\n\n<p>En este evento, \u00c1lvaro Ossa Director de Transferencia y Desarrollo, present\u00f3 adem\u00e1s la cuenta anual de la oficina, relevando los principales hitos del 2020, a\u00f1o en el que&nbsp;se firmaron&nbsp;21 contratos de licencia&nbsp;que permitir\u00e1n la llegada de innovaciones creadas en la UC a Chile y el extranjero.<\/p>\n\n\n\n<p>De esta manera, la UC suma un total de&nbsp;112 acuerdos de transferencia firmados&nbsp;con empresas y organismos p\u00fablicos y privados, de los cuales el 34% son de licencias gratuitas y el del 66% son licencias con pago de regal\u00edas.<\/p>\n\n\n\n<p><a href=\"https:\/\/www.youtube.com\/channel\/UCWo-Isln089ho5-dc74XeWw\">Puedes ver la ceremonia aqu\u00ed<\/a><\/p>\n","protected":false},"excerpt":{"rendered":"<p>Paula Wuth es reconocida por la Direcci\u00f3n de Transferencia y desarrollo UC, DTD, en la categor\u00eda \u2018Gestora Acad\u00e9mica Destacada\u2019, por el trabajo realizado por la docente y equipo entre 2019 \u2013 2020, con la transferencia a nivel Facultad de una tecnolog\u00eda, la creaci\u00f3n de una empresa Spin-Off, la presentaci\u00f3n de 21 solicitudes de patentes, el registro de 8 derechos de autor y sus acad\u00e9micos e investigadores se adjudicaron 18 proyectos de I+D.<\/p>\n","protected":false},"author":1,"featured_media":7023,"comment_status":"open","ping_status":"open","sticky":false,"template":"","format":"standard","meta":{"_acf_changed":false,"footnotes":""},"categories":[1],"tags":[],"class_list":["post-7022","post","type-post","status-publish","format-standard","has-post-thumbnail","hentry","category-sin-categorizar"],"acf":[],"yoast_head":"<!-- This site is optimized with the Yoast SEO plugin v27.1.1 - https:\/\/yoast.com\/product\/yoast-seo-wordpress\/ -->\n<title>Acad\u00e9mica Paula Wuth reconocida por la DTD - Facultad de Arquitectura, Dise\u00f1o y Estudios Urbanos<\/title>\n<meta name=\"description\" content=\"Paula Wuth es reconocida por la Direcci\u00f3n de Transferencia y desarrollo UC, DTD, en la categor\u00eda \u2018Gestora Acad\u00e9mica Destacada\u2019, por el trabajo realizado por la docente y equipo entre 2019 \u2013 2020, con la transferencia a nivel Facultad de una tecnolog\u00eda, la creaci\u00f3n de una empresa Spin-Off, la presentaci\u00f3n de 21 solicitudes de patentes, el registro de 8 derechos de autor y sus acad\u00e9micos e investigadores se adjudicaron 18 proyectos de I+D.\" \/>\n<meta name=\"robots\" content=\"index, follow, max-snippet:-1, max-image-preview:large, max-video-preview:-1\" \/>\n<link rel=\"canonical\" href=\"https:\/\/fadeu.urantiacos.cl\/en\/2021\/05\/09\/academica-paula-wuth-reconocida-por-la-dtd\/\" \/>\n<meta property=\"og:locale\" content=\"en_US\" \/>\n<meta property=\"og:type\" content=\"article\" \/>\n<meta property=\"og:title\" content=\"Acad\u00e9mica Paula Wuth reconocida por la DTD - Facultad de Arquitectura, Dise\u00f1o y Estudios Urbanos\" \/>\n<meta property=\"og:description\" content=\"Paula Wuth es reconocida por la Direcci\u00f3n de Transferencia y desarrollo UC, DTD, en la categor\u00eda \u2018Gestora Acad\u00e9mica Destacada\u2019, por el trabajo realizado por la docente y equipo entre 2019 \u2013 2020, con la transferencia a nivel Facultad de una tecnolog\u00eda, la creaci\u00f3n de una empresa Spin-Off, la presentaci\u00f3n de 21 solicitudes de patentes, el registro de 8 derechos de autor y sus acad\u00e9micos e investigadores se adjudicaron 18 proyectos de I+D.\" \/>\n<meta property=\"og:url\" content=\"https:\/\/fadeu.urantiacos.cl\/en\/2021\/05\/09\/academica-paula-wuth-reconocida-por-la-dtd\/\" \/>\n<meta property=\"og:site_name\" content=\"Facultad de Arquitectura, Dise\u00f1o y Estudios Urbanos\" \/>\n<meta property=\"article:published_time\" content=\"2021-05-09T13:27:00+00:00\" \/>\n<meta property=\"article:modified_time\" content=\"2023-09-08T13:28:53+00:00\" \/>\n<meta property=\"og:image\" content=\"https:\/\/fadeu.urantiacos.cl\/wp-content\/uploads\/2023\/09\/wuth-paula.jpg\" \/>\n\t<meta property=\"og:image:width\" content=\"350\" \/>\n\t<meta property=\"og:image:height\" content=\"250\" \/>\n\t<meta property=\"og:image:type\" content=\"image\/jpeg\" \/>\n<meta name=\"author\" content=\"manadmin\" \/>\n<meta name=\"twitter:card\" content=\"summary_large_image\" \/>\n<meta name=\"twitter:label1\" content=\"Written by\" \/>\n\t<meta name=\"twitter:data1\" content=\"manadmin\" \/>\n\t<meta name=\"twitter:label2\" content=\"Est. reading time\" \/>\n\t<meta name=\"twitter:data2\" content=\"2 minutes\" \/>\n<script type=\"application\/ld+json\" class=\"yoast-schema-graph\">{\"@context\":\"https:\/\/schema.org\",\"@graph\":[{\"@type\":\"Article\",\"@id\":\"https:\/\/fadeu.urantiacos.cl\/en\/2021\/05\/09\/academica-paula-wuth-reconocida-por-la-dtd\/#article\",\"isPartOf\":{\"@id\":\"https:\/\/fadeu.urantiacos.cl\/en\/2021\/05\/09\/academica-paula-wuth-reconocida-por-la-dtd\/\"},\"author\":{\"name\":\"manadmin\",\"@id\":\"https:\/\/fadeu.urantiacos.cl\/en\/#\/schema\/person\/d203e2e84b1c40275eac77b3061a19a2\"},\"headline\":\"Acad\u00e9mica Paula Wuth reconocida por la DTD\",\"datePublished\":\"2021-05-09T13:27:00+00:00\",\"dateModified\":\"2023-09-08T13:28:53+00:00\",\"mainEntityOfPage\":{\"@id\":\"https:\/\/fadeu.urantiacos.cl\/en\/2021\/05\/09\/academica-paula-wuth-reconocida-por-la-dtd\/\"},\"wordCount\":374,\"commentCount\":0,\"image\":{\"@id\":\"https:\/\/fadeu.urantiacos.cl\/en\/2021\/05\/09\/academica-paula-wuth-reconocida-por-la-dtd\/#primaryimage\"},\"thumbnailUrl\":\"https:\/\/fadeu.urantiacos.cl\/wp-content\/uploads\/2023\/09\/wuth-paula.jpg\",\"articleSection\":[\"Sin categorizar\"],\"inLanguage\":\"en-US\",\"potentialAction\":[{\"@type\":\"CommentAction\",\"name\":\"Comment\",\"target\":[\"https:\/\/fadeu.urantiacos.cl\/en\/2021\/05\/09\/academica-paula-wuth-reconocida-por-la-dtd\/#respond\"]}]},{\"@type\":\"WebPage\",\"@id\":\"https:\/\/fadeu.urantiacos.cl\/en\/2021\/05\/09\/academica-paula-wuth-reconocida-por-la-dtd\/\",\"url\":\"https:\/\/fadeu.urantiacos.cl\/en\/2021\/05\/09\/academica-paula-wuth-reconocida-por-la-dtd\/\",\"name\":\"Acad\u00e9mica Paula Wuth reconocida por la DTD - Facultad de Arquitectura, Dise\u00f1o y Estudios Urbanos\",\"isPartOf\":{\"@id\":\"https:\/\/fadeu.urantiacos.cl\/en\/#website\"},\"primaryImageOfPage\":{\"@id\":\"https:\/\/fadeu.urantiacos.cl\/en\/2021\/05\/09\/academica-paula-wuth-reconocida-por-la-dtd\/#primaryimage\"},\"image\":{\"@id\":\"https:\/\/fadeu.urantiacos.cl\/en\/2021\/05\/09\/academica-paula-wuth-reconocida-por-la-dtd\/#primaryimage\"},\"thumbnailUrl\":\"https:\/\/fadeu.urantiacos.cl\/wp-content\/uploads\/2023\/09\/wuth-paula.jpg\",\"datePublished\":\"2021-05-09T13:27:00+00:00\",\"dateModified\":\"2023-09-08T13:28:53+00:00\",\"author\":{\"@id\":\"https:\/\/fadeu.urantiacos.cl\/en\/#\/schema\/person\/d203e2e84b1c40275eac77b3061a19a2\"},\"description\":\"Paula Wuth es reconocida por la Direcci\u00f3n de Transferencia y desarrollo UC, DTD, en la categor\u00eda \u2018Gestora Acad\u00e9mica Destacada\u2019, por el trabajo realizado por la docente y equipo entre 2019 \u2013 2020, con la transferencia a nivel Facultad de una tecnolog\u00eda, la creaci\u00f3n de una empresa Spin-Off, la presentaci\u00f3n de 21 solicitudes de patentes, el registro de 8 derechos de autor y sus acad\u00e9micos e investigadores se adjudicaron 18 proyectos de I+D.\",\"breadcrumb\":{\"@id\":\"https:\/\/fadeu.urantiacos.cl\/en\/2021\/05\/09\/academica-paula-wuth-reconocida-por-la-dtd\/#breadcrumb\"},\"inLanguage\":\"en-US\",\"potentialAction\":[{\"@type\":\"ReadAction\",\"target\":[\"https:\/\/fadeu.urantiacos.cl\/en\/2021\/05\/09\/academica-paula-wuth-reconocida-por-la-dtd\/\"]}]},{\"@type\":\"ImageObject\",\"inLanguage\":\"en-US\",\"@id\":\"https:\/\/fadeu.urantiacos.cl\/en\/2021\/05\/09\/academica-paula-wuth-reconocida-por-la-dtd\/#primaryimage\",\"url\":\"https:\/\/fadeu.urantiacos.cl\/wp-content\/uploads\/2023\/09\/wuth-paula.jpg\",\"contentUrl\":\"https:\/\/fadeu.urantiacos.cl\/wp-content\/uploads\/2023\/09\/wuth-paula.jpg\",\"width\":350,\"height\":250},{\"@type\":\"BreadcrumbList\",\"@id\":\"https:\/\/fadeu.urantiacos.cl\/en\/2021\/05\/09\/academica-paula-wuth-reconocida-por-la-dtd\/#breadcrumb\",\"itemListElement\":[{\"@type\":\"ListItem\",\"position\":1,\"name\":\"Portada\",\"item\":\"https:\/\/fadeu.urantiacos.cl\/en\/\"},{\"@type\":\"ListItem\",\"position\":2,\"name\":\"Acad\u00e9mica Paula Wuth reconocida por la DTD\"}]},{\"@type\":\"WebSite\",\"@id\":\"https:\/\/fadeu.urantiacos.cl\/en\/#website\",\"url\":\"https:\/\/fadeu.urantiacos.cl\/en\/\",\"name\":\"Facultad de Arquitectura, Dise\u00f1o y Estudios Urbanos\",\"description\":\"Campus Lo Contador\",\"potentialAction\":[{\"@type\":\"SearchAction\",\"target\":{\"@type\":\"EntryPoint\",\"urlTemplate\":\"https:\/\/fadeu.urantiacos.cl\/en\/?s={search_term_string}\"},\"query-input\":{\"@type\":\"PropertyValueSpecification\",\"valueRequired\":true,\"valueName\":\"search_term_string\"}}],\"inLanguage\":\"en-US\"},{\"@type\":\"Person\",\"@id\":\"https:\/\/fadeu.urantiacos.cl\/en\/#\/schema\/person\/d203e2e84b1c40275eac77b3061a19a2\",\"name\":\"manadmin\",\"image\":{\"@type\":\"ImageObject\",\"inLanguage\":\"en-US\",\"@id\":\"https:\/\/fadeu.urantiacos.cl\/en\/#\/schema\/person\/image\/\",\"url\":\"https:\/\/secure.gravatar.com\/avatar\/4b1d8e3303b4a9d8968ac578947d8bc80d9aea359f388cdd4aac15cadc0e8447?s=96&d=mm&r=g\",\"contentUrl\":\"https:\/\/secure.gravatar.com\/avatar\/4b1d8e3303b4a9d8968ac578947d8bc80d9aea359f388cdd4aac15cadc0e8447?s=96&d=mm&r=g\",\"caption\":\"manadmin\"},\"sameAs\":[\"https:\/\/fadeu.urantiacos.cl\"]}]}<\/script>\n<!-- \/ Yoast SEO plugin. -->","yoast_head_json":{"title":"Acad\u00e9mica Paula Wuth reconocida por la DTD - Facultad de Arquitectura, Dise\u00f1o y Estudios Urbanos","description":"Paula Wuth es reconocida por la Direcci\u00f3n de Transferencia y desarrollo UC, DTD, en la categor\u00eda \u2018Gestora Acad\u00e9mica Destacada\u2019, por el trabajo realizado por la docente y equipo entre 2019 \u2013 2020, con la transferencia a nivel Facultad de una tecnolog\u00eda, la creaci\u00f3n de una empresa Spin-Off, la presentaci\u00f3n de 21 solicitudes de patentes, el registro de 8 derechos de autor y sus acad\u00e9micos e investigadores se adjudicaron 18 proyectos de I+D.","robots":{"index":"index","follow":"follow","max-snippet":"max-snippet:-1","max-image-preview":"max-image-preview:large","max-video-preview":"max-video-preview:-1"},"canonical":"https:\/\/fadeu.urantiacos.cl\/en\/2021\/05\/09\/academica-paula-wuth-reconocida-por-la-dtd\/","og_locale":"en_US","og_type":"article","og_title":"Acad\u00e9mica Paula Wuth reconocida por la DTD - Facultad de Arquitectura, Dise\u00f1o y Estudios Urbanos","og_description":"Paula Wuth es reconocida por la Direcci\u00f3n de Transferencia y desarrollo UC, DTD, en la categor\u00eda \u2018Gestora Acad\u00e9mica Destacada\u2019, por el trabajo realizado por la docente y equipo entre 2019 \u2013 2020, con la transferencia a nivel Facultad de una tecnolog\u00eda, la creaci\u00f3n de una empresa Spin-Off, la presentaci\u00f3n de 21 solicitudes de patentes, el registro de 8 derechos de autor y sus acad\u00e9micos e investigadores se adjudicaron 18 proyectos de I+D.","og_url":"https:\/\/fadeu.urantiacos.cl\/en\/2021\/05\/09\/academica-paula-wuth-reconocida-por-la-dtd\/","og_site_name":"Facultad de Arquitectura, Dise\u00f1o y Estudios Urbanos","article_published_time":"2021-05-09T13:27:00+00:00","article_modified_time":"2023-09-08T13:28:53+00:00","og_image":[{"width":350,"height":250,"url":"https:\/\/fadeu.urantiacos.cl\/wp-content\/uploads\/2023\/09\/wuth-paula.jpg","type":"image\/jpeg"}],"author":"manadmin","twitter_card":"summary_large_image","twitter_misc":{"Written by":"manadmin","Est. reading time":"2 minutes"},"schema":{"@context":"https:\/\/schema.org","@graph":[{"@type":"Article","@id":"https:\/\/fadeu.urantiacos.cl\/en\/2021\/05\/09\/academica-paula-wuth-reconocida-por-la-dtd\/#article","isPartOf":{"@id":"https:\/\/fadeu.urantiacos.cl\/en\/2021\/05\/09\/academica-paula-wuth-reconocida-por-la-dtd\/"},"author":{"name":"manadmin","@id":"https:\/\/fadeu.urantiacos.cl\/en\/#\/schema\/person\/d203e2e84b1c40275eac77b3061a19a2"},"headline":"Acad\u00e9mica Paula Wuth reconocida por la DTD","datePublished":"2021-05-09T13:27:00+00:00","dateModified":"2023-09-08T13:28:53+00:00","mainEntityOfPage":{"@id":"https:\/\/fadeu.urantiacos.cl\/en\/2021\/05\/09\/academica-paula-wuth-reconocida-por-la-dtd\/"},"wordCount":374,"commentCount":0,"image":{"@id":"https:\/\/fadeu.urantiacos.cl\/en\/2021\/05\/09\/academica-paula-wuth-reconocida-por-la-dtd\/#primaryimage"},"thumbnailUrl":"https:\/\/fadeu.urantiacos.cl\/wp-content\/uploads\/2023\/09\/wuth-paula.jpg","articleSection":["Sin categorizar"],"inLanguage":"en-US","potentialAction":[{"@type":"CommentAction","name":"Comment","target":["https:\/\/fadeu.urantiacos.cl\/en\/2021\/05\/09\/academica-paula-wuth-reconocida-por-la-dtd\/#respond"]}]},{"@type":"WebPage","@id":"https:\/\/fadeu.urantiacos.cl\/en\/2021\/05\/09\/academica-paula-wuth-reconocida-por-la-dtd\/","url":"https:\/\/fadeu.urantiacos.cl\/en\/2021\/05\/09\/academica-paula-wuth-reconocida-por-la-dtd\/","name":"Acad\u00e9mica Paula Wuth reconocida por la DTD - Facultad de Arquitectura, Dise\u00f1o y Estudios Urbanos","isPartOf":{"@id":"https:\/\/fadeu.urantiacos.cl\/en\/#website"},"primaryImageOfPage":{"@id":"https:\/\/fadeu.urantiacos.cl\/en\/2021\/05\/09\/academica-paula-wuth-reconocida-por-la-dtd\/#primaryimage"},"image":{"@id":"https:\/\/fadeu.urantiacos.cl\/en\/2021\/05\/09\/academica-paula-wuth-reconocida-por-la-dtd\/#primaryimage"},"thumbnailUrl":"https:\/\/fadeu.urantiacos.cl\/wp-content\/uploads\/2023\/09\/wuth-paula.jpg","datePublished":"2021-05-09T13:27:00+00:00","dateModified":"2023-09-08T13:28:53+00:00","author":{"@id":"https:\/\/fadeu.urantiacos.cl\/en\/#\/schema\/person\/d203e2e84b1c40275eac77b3061a19a2"},"description":"Paula Wuth es reconocida por la Direcci\u00f3n de Transferencia y desarrollo UC, DTD, en la categor\u00eda \u2018Gestora Acad\u00e9mica Destacada\u2019, por el trabajo realizado por la docente y equipo entre 2019 \u2013 2020, con la transferencia a nivel Facultad de una tecnolog\u00eda, la creaci\u00f3n de una empresa Spin-Off, la presentaci\u00f3n de 21 solicitudes de patentes, el registro de 8 derechos de autor y sus acad\u00e9micos e investigadores se adjudicaron 18 proyectos de I+D.","breadcrumb":{"@id":"https:\/\/fadeu.urantiacos.cl\/en\/2021\/05\/09\/academica-paula-wuth-reconocida-por-la-dtd\/#breadcrumb"},"inLanguage":"en-US","potentialAction":[{"@type":"ReadAction","target":["https:\/\/fadeu.urantiacos.cl\/en\/2021\/05\/09\/academica-paula-wuth-reconocida-por-la-dtd\/"]}]},{"@type":"ImageObject","inLanguage":"en-US","@id":"https:\/\/fadeu.urantiacos.cl\/en\/2021\/05\/09\/academica-paula-wuth-reconocida-por-la-dtd\/#primaryimage","url":"https:\/\/fadeu.urantiacos.cl\/wp-content\/uploads\/2023\/09\/wuth-paula.jpg","contentUrl":"https:\/\/fadeu.urantiacos.cl\/wp-content\/uploads\/2023\/09\/wuth-paula.jpg","width":350,"height":250},{"@type":"BreadcrumbList","@id":"https:\/\/fadeu.urantiacos.cl\/en\/2021\/05\/09\/academica-paula-wuth-reconocida-por-la-dtd\/#breadcrumb","itemListElement":[{"@type":"ListItem","position":1,"name":"Portada","item":"https:\/\/fadeu.urantiacos.cl\/en\/"},{"@type":"ListItem","position":2,"name":"Acad\u00e9mica Paula Wuth reconocida por la DTD"}]},{"@type":"WebSite","@id":"https:\/\/fadeu.urantiacos.cl\/en\/#website","url":"https:\/\/fadeu.urantiacos.cl\/en\/","name":"Facultad de Arquitectura, Dise\u00f1o y Estudios Urbanos","description":"Campus Lo Contador","potentialAction":[{"@type":"SearchAction","target":{"@type":"EntryPoint","urlTemplate":"https:\/\/fadeu.urantiacos.cl\/en\/?s={search_term_string}"},"query-input":{"@type":"PropertyValueSpecification","valueRequired":true,"valueName":"search_term_string"}}],"inLanguage":"en-US"},{"@type":"Person","@id":"https:\/\/fadeu.urantiacos.cl\/en\/#\/schema\/person\/d203e2e84b1c40275eac77b3061a19a2","name":"manadmin","image":{"@type":"ImageObject","inLanguage":"en-US","@id":"https:\/\/fadeu.urantiacos.cl\/en\/#\/schema\/person\/image\/","url":"https:\/\/secure.gravatar.com\/avatar\/4b1d8e3303b4a9d8968ac578947d8bc80d9aea359f388cdd4aac15cadc0e8447?s=96&d=mm&r=g","contentUrl":"https:\/\/secure.gravatar.com\/avatar\/4b1d8e3303b4a9d8968ac578947d8bc80d9aea359f388cdd4aac15cadc0e8447?s=96&d=mm&r=g","caption":"manadmin"},"sameAs":["https:\/\/fadeu.urantiacos.cl"]}]}},"_links":{"self":[{"href":"https:\/\/fadeu.urantiacos.cl\/en\/wp-json\/wp\/v2\/posts\/7022","targetHints":{"allow":["GET"]}}],"collection":[{"href":"https:\/\/fadeu.urantiacos.cl\/en\/wp-json\/wp\/v2\/posts"}],"about":[{"href":"https:\/\/fadeu.urantiacos.cl\/en\/wp-json\/wp\/v2\/types\/post"}],"author":[{"embeddable":true,"href":"https:\/\/fadeu.urantiacos.cl\/en\/wp-json\/wp\/v2\/users\/1"}],"replies":[{"embeddable":true,"href":"https:\/\/fadeu.urantiacos.cl\/en\/wp-json\/wp\/v2\/comments?post=7022"}],"version-history":[{"count":1,"href":"https:\/\/fadeu.urantiacos.cl\/en\/wp-json\/wp\/v2\/posts\/7022\/revisions"}],"predecessor-version":[{"id":7024,"href":"https:\/\/fadeu.urantiacos.cl\/en\/wp-json\/wp\/v2\/posts\/7022\/revisions\/7024"}],"wp:featuredmedia":[{"embeddable":true,"href":"https:\/\/fadeu.urantiacos.cl\/en\/wp-json\/wp\/v2\/media\/7023"}],"wp:attachment":[{"href":"https:\/\/fadeu.urantiacos.cl\/en\/wp-json\/wp\/v2\/media?parent=7022"}],"wp:term":[{"taxonomy":"category","embeddable":true,"href":"https:\/\/fadeu.urantiacos.cl\/en\/wp-json\/wp\/v2\/categories?post=7022"},{"taxonomy":"post_tag","embeddable":true,"href":"https:\/\/fadeu.urantiacos.cl\/en\/wp-json\/wp\/v2\/tags?post=7022"}],"curies":[{"name":"wp","href":"https:\/\/api.w.org\/{rel}","templated":true}]}}