{"id":7004,"date":"2021-05-17T10:06:00","date_gmt":"2021-05-17T13:06:00","guid":{"rendered":"https:\/\/fadeu.urantiacos.cl\/?p=7004"},"modified":"2023-10-24T15:03:04","modified_gmt":"2023-10-24T18:03:04","slug":"triada-urbana-realizara-curso-de-postgrado-simultaneo-para-chile-colombia-y-mexico","status":"publish","type":"post","link":"https:\/\/fadeu.urantiacos.cl\/en\/2021\/05\/17\/triada-urbana-realizara-curso-de-postgrado-simultaneo-para-chile-colombia-y-mexico\/","title":{"rendered":"Triada Urbana realizar\u00e1 curso de postgrado simult\u00e1neo para Chile, Colombia y M\u00e9xico"},"content":{"rendered":"\n<figure class=\"wp-block-image size-full\"><img decoding=\"async\" width=\"350\" height=\"250\" src=\"https:\/\/fadeu.urantiacos.cl\/wp-content\/uploads\/2023\/09\/WEB_Afiche-curso-04.jpg\" alt=\"\" class=\"wp-image-7005\" srcset=\"https:\/\/fadeu.urantiacos.cl\/wp-content\/uploads\/2023\/09\/WEB_Afiche-curso-04.jpg 350w, https:\/\/fadeu.urantiacos.cl\/wp-content\/uploads\/2023\/09\/WEB_Afiche-curso-04-300x214.jpg 300w\" sizes=\"(max-width: 350px) 100vw, 350px\" \/><\/figure>\n\n\n\n<p>La asignatura se impartir\u00e1 entre los d\u00edas 12 y 31 de julio del presente a\u00f1o, como resultado de una sumatoria de esfuerzos que se enmarcan en el trabajo conjunto de la Triada Urbana, y que contar\u00e1 con dos profesores\/as de cada una de las universidades involucradas.<\/p>\n\n\n\n<p>El curso tiene como objetivo el abordaje de los principales debates, teor\u00edas e instrumentos de la planificaci\u00f3n urbana y la renovaci\u00f3n urbana, con especial \u00e9nfasis en los retos actuales de inclusi\u00f3n en las ciudades latinoamericanas. Tradicionalmente, la formaci\u00f3n de investigadores y profesionales en planificaci\u00f3n urbana en Am\u00e9rica Latina estaba vinculada al campo de la arquitectura, basada en teor\u00edas e instrumentos de planificaci\u00f3n provenientes de Europa y Am\u00e9rica del Norte. Hoy, sin embargo, las ciudades y regiones necesitan profesionales e investigadores con una visi\u00f3n interdisciplinar, que sean capaces de analizar y proponer intervenciones urbanas y regionales con base en las problem\u00e1ticas espec\u00edficas de las ciudades latinoamericanas.<\/p>\n\n\n\n<p>\u201cLos desaf\u00edos que implica la investigaci\u00f3n e intervenci\u00f3n en nuestras ciudades ponen en tensi\u00f3n las formas tradicionales de planificaci\u00f3n urbana y revelan la necesidad de contar con instrumentos y mecanismos innovadores en t\u00e9rminos de gobernanza, gesti\u00f3n del suelo, asociaci\u00f3n p\u00fablico-privada, e inclusi\u00f3n de las comunidades locales\u201d, explic\u00f3 Luis Fuentes, director del Instituto de Estudios Urbanos y Territoriales UC.<\/p>\n\n\n\n<p>A lo anterior, Fuentes agreg\u00f3 que \u201ceste curso puede sentar las bases de futuras colaboraciones muy fruct\u00edferas para la Regi\u00f3n, a fin de aunar criterios, compartir experiencias y ampliar los campos de acci\u00f3n tanto para nuestros estudiantes como para los propios profesores y profesoras que podr\u00e1n nutrirse de diferentes puntos de vista, modelos de gesti\u00f3n y realidades particulares\u201d.<\/p>\n\n\n\n<p><strong>An\u00e1lisis cr\u00edtico e interdisciplina<\/strong><\/p>\n\n\n\n<p>Magdalena Vicu\u00f1a, Directora de Investigaci\u00f3n y Postgrado FADEU, y acad\u00e9mica del Instituto de Estudios Urbanos y Territoriales, ser\u00e1 una de las profesoras a cargo de esta asignatura por parte de la UC (junto al profesor Pablo Guzm\u00e1n).<\/p>\n\n\n\n<p>Vicu\u00f1a explic\u00f3 que los objetivos del curso son \u201cfamiliarizar a los participantes con los principales conceptos, debates y teor\u00edas de la renovaci\u00f3n urbana desde un enfoque cr\u00edtico y con especial \u00e9nfasis en los retos actuales de las ciudades latinoamericanas; comprender los antecedentes hist\u00f3ricos de los procesos de renovaci\u00f3n urbana y las pol\u00edticas p\u00fablicas y mecanismos de planificaci\u00f3n y gesti\u00f3n asociadas a dichos procesos de transformaci\u00f3n urbana en Am\u00e9rica Latina; analizar de manera comparativa los procesos de renovaci\u00f3n urbana en diferentes ciudades de Am\u00e9rica Latina; y desarrollar habilidades de an\u00e1lisis cr\u00edtico e interdisciplinar que sirvan al estudiante para dise\u00f1ar, implementar y justificar pol\u00edticas e instrumentos de renovaci\u00f3n urbana con \u00e9nfasis en la inclusi\u00f3n\u201d.<\/p>\n\n\n\n<p>\u201cEsta iniciativa nos permitir\u00e1 reforzar lazos con los profesores y estudiantes de la Triada, aprender de la experiencia colombiana y mexicana, y ojal\u00e1 en un futuro podamos contar con un programa de formaci\u00f3n profesional conjunto que permita proyectar el campo de investigaci\u00f3n y desarrollo acad\u00e9mico y profesional de nuestra comunidad hacia la Regi\u00f3n. Tambi\u00e9n tenemos expectativa de que la Triada atraiga a estudiantes y acad\u00e9micos de otros pa\u00edses de Latinoam\u00e9rica y el mundo\u201d, agreg\u00f3.<\/p>\n\n\n\n<p>El curso se dividir\u00e1 en tres partes. La primera parte (m\u00f3dulo 1) hace una introducci\u00f3n a los principales debates de la planificaci\u00f3n urbana y la renovaci\u00f3n urbana haciendo especial \u00e9nfasis a los retos de la inclusi\u00f3n en Am\u00e9rica Latina. La segunda parte del curso (m\u00f3dulo 2) combinar\u00e1 teor\u00eda y pr\u00e1ctica para estudiar a fondo un caso de renovaci\u00f3n urbana en cada una de las ciudades participantes. Finalmente, la \u00faltima parte (m\u00f3dulo 3) se trata de una jornada de cierre donde los estudiantes presentar\u00e1n sus hallazgos y el equipo de profesores dar\u00e1 comentarios y escoger\u00e1 tres proyectos que ser\u00e1n publicados en forma de podcast y\/o policy paper en las tres universidades participantes.<\/p>\n\n\n\n<p>El curso tiene un cupo de 15 estudiantes por universidad, y las inscripciones son gestionadas por la Coordinadora Acad\u00e9mica IEUT, Dominique Yoma (<a href=\"mailto:dominique.yoma@uc.cl\">dominique.yoma@uc.cl<\/a>).<\/p>\n\n\n\n<figure class=\"wp-block-image size-full\"><img decoding=\"async\" width=\"663\" height=\"1024\" src=\"https:\/\/fadeu.urantiacos.cl\/wp-content\/uploads\/2023\/10\/Afiche-curso-04.jpg\" alt=\"\" class=\"wp-image-17867\" srcset=\"https:\/\/fadeu.urantiacos.cl\/wp-content\/uploads\/2023\/10\/Afiche-curso-04.jpg 663w, https:\/\/fadeu.urantiacos.cl\/wp-content\/uploads\/2023\/10\/Afiche-curso-04-194x300.jpg 194w\" sizes=\"(max-width: 663px) 100vw, 663px\" \/><figcaption class=\"wp-element-caption\">Cartel escuela de verano Renovaci\u00f3n Urbana Inclusiva<\/figcaption><\/figure>\n\n\n\n<p>INFORMACI\u00d3N PERIOD\u00cdSTICA<br>JUAN ANDR\u00c9S INZUNZA&nbsp;<\/p>\n","protected":false},"excerpt":{"rendered":"<p>\u201cRenovaci\u00f3n Urbana Inclusiva\u201d es el nombre del curso de postgrado que dictar\u00e1n este a\u00f1o, simult\u00e1neamente, el Instituto de Estudios Urbanos y Territoriales UC, la Escuela Nacional de Arquitectura, Arte y Dise\u00f1o del Tecnol\u00f3gico de Monterrey (M\u00e9xico), y el Centro Interdisciplinario de Estudios sobre Desarrollo (CIDER) de la Universidad de los Andes de Bogot\u00e1 (Colombia).<\/p>\n","protected":false},"author":1,"featured_media":7005,"comment_status":"open","ping_status":"open","sticky":false,"template":"","format":"standard","meta":{"_acf_changed":false,"footnotes":""},"categories":[1],"tags":[],"class_list":["post-7004","post","type-post","status-publish","format-standard","has-post-thumbnail","hentry","category-sin-categorizar"],"acf":[],"yoast_head":"<!-- This site is optimized with the Yoast SEO plugin v27.1.1 - https:\/\/yoast.com\/product\/yoast-seo-wordpress\/ -->\n<title>Triada Urbana realizar\u00e1 curso de postgrado simult\u00e1neo para Chile, Colombia y M\u00e9xico - Facultad de Arquitectura, Dise\u00f1o y Estudios Urbanos<\/title>\n<meta name=\"description\" content=\"\u201cRenovaci\u00f3n Urbana Inclusiva\u201d es el nombre del curso de postgrado que dictar\u00e1n este a\u00f1o, simult\u00e1neamente, el Instituto de Estudios Urbanos y Territoriales UC, la Escuela Nacional de Arquitectura, Arte y Dise\u00f1o del Tecnol\u00f3gico de Monterrey (M\u00e9xico), y el Centro Interdisciplinario de Estudios sobre Desarrollo (CIDER) de la Universidad de los Andes de Bogot\u00e1 (Colombia).\" \/>\n<meta name=\"robots\" content=\"index, follow, max-snippet:-1, max-image-preview:large, max-video-preview:-1\" \/>\n<link rel=\"canonical\" href=\"https:\/\/fadeu.urantiacos.cl\/en\/2021\/05\/17\/triada-urbana-realizara-curso-de-postgrado-simultaneo-para-chile-colombia-y-mexico\/\" \/>\n<meta property=\"og:locale\" content=\"en_US\" \/>\n<meta property=\"og:type\" content=\"article\" \/>\n<meta property=\"og:title\" content=\"Triada Urbana realizar\u00e1 curso de postgrado simult\u00e1neo para Chile, Colombia y M\u00e9xico - Facultad de Arquitectura, Dise\u00f1o y Estudios Urbanos\" \/>\n<meta property=\"og:description\" content=\"\u201cRenovaci\u00f3n Urbana Inclusiva\u201d es el nombre del curso de postgrado que dictar\u00e1n este a\u00f1o, simult\u00e1neamente, el Instituto de Estudios Urbanos y Territoriales UC, la Escuela Nacional de Arquitectura, Arte y Dise\u00f1o del Tecnol\u00f3gico de Monterrey (M\u00e9xico), y el Centro Interdisciplinario de Estudios sobre Desarrollo (CIDER) de la Universidad de los Andes de Bogot\u00e1 (Colombia).\" \/>\n<meta property=\"og:url\" content=\"https:\/\/fadeu.urantiacos.cl\/en\/2021\/05\/17\/triada-urbana-realizara-curso-de-postgrado-simultaneo-para-chile-colombia-y-mexico\/\" \/>\n<meta property=\"og:site_name\" content=\"Facultad de Arquitectura, Dise\u00f1o y Estudios Urbanos\" \/>\n<meta property=\"article:published_time\" content=\"2021-05-17T13:06:00+00:00\" \/>\n<meta property=\"article:modified_time\" content=\"2023-10-24T18:03:04+00:00\" \/>\n<meta property=\"og:image\" content=\"https:\/\/fadeu.urantiacos.cl\/wp-content\/uploads\/2023\/09\/WEB_Afiche-curso-04.jpg\" \/>\n\t<meta property=\"og:image:width\" content=\"350\" \/>\n\t<meta property=\"og:image:height\" content=\"250\" \/>\n\t<meta property=\"og:image:type\" content=\"image\/jpeg\" \/>\n<meta name=\"author\" content=\"manadmin\" \/>\n<meta name=\"twitter:card\" content=\"summary_large_image\" \/>\n<meta name=\"twitter:label1\" content=\"Written by\" \/>\n\t<meta name=\"twitter:data1\" content=\"manadmin\" \/>\n\t<meta name=\"twitter:label2\" content=\"Est. reading time\" \/>\n\t<meta name=\"twitter:data2\" content=\"4 minutes\" \/>\n<script type=\"application\/ld+json\" class=\"yoast-schema-graph\">{\"@context\":\"https:\/\/schema.org\",\"@graph\":[{\"@type\":\"Article\",\"@id\":\"https:\/\/fadeu.urantiacos.cl\/en\/2021\/05\/17\/triada-urbana-realizara-curso-de-postgrado-simultaneo-para-chile-colombia-y-mexico\/#article\",\"isPartOf\":{\"@id\":\"https:\/\/fadeu.urantiacos.cl\/en\/2021\/05\/17\/triada-urbana-realizara-curso-de-postgrado-simultaneo-para-chile-colombia-y-mexico\/\"},\"author\":{\"name\":\"manadmin\",\"@id\":\"https:\/\/fadeu.urantiacos.cl\/en\/#\/schema\/person\/d203e2e84b1c40275eac77b3061a19a2\"},\"headline\":\"Triada Urbana realizar\u00e1 curso de postgrado simult\u00e1neo para Chile, Colombia y M\u00e9xico\",\"datePublished\":\"2021-05-17T13:06:00+00:00\",\"dateModified\":\"2023-10-24T18:03:04+00:00\",\"mainEntityOfPage\":{\"@id\":\"https:\/\/fadeu.urantiacos.cl\/en\/2021\/05\/17\/triada-urbana-realizara-curso-de-postgrado-simultaneo-para-chile-colombia-y-mexico\/\"},\"wordCount\":735,\"commentCount\":0,\"image\":{\"@id\":\"https:\/\/fadeu.urantiacos.cl\/en\/2021\/05\/17\/triada-urbana-realizara-curso-de-postgrado-simultaneo-para-chile-colombia-y-mexico\/#primaryimage\"},\"thumbnailUrl\":\"https:\/\/fadeu.urantiacos.cl\/wp-content\/uploads\/2023\/09\/WEB_Afiche-curso-04.jpg\",\"articleSection\":[\"Sin categorizar\"],\"inLanguage\":\"en-US\",\"potentialAction\":[{\"@type\":\"CommentAction\",\"name\":\"Comment\",\"target\":[\"https:\/\/fadeu.urantiacos.cl\/en\/2021\/05\/17\/triada-urbana-realizara-curso-de-postgrado-simultaneo-para-chile-colombia-y-mexico\/#respond\"]}]},{\"@type\":\"WebPage\",\"@id\":\"https:\/\/fadeu.urantiacos.cl\/en\/2021\/05\/17\/triada-urbana-realizara-curso-de-postgrado-simultaneo-para-chile-colombia-y-mexico\/\",\"url\":\"https:\/\/fadeu.urantiacos.cl\/en\/2021\/05\/17\/triada-urbana-realizara-curso-de-postgrado-simultaneo-para-chile-colombia-y-mexico\/\",\"name\":\"Triada Urbana realizar\u00e1 curso de postgrado simult\u00e1neo para Chile, Colombia y M\u00e9xico - Facultad de Arquitectura, Dise\u00f1o y Estudios Urbanos\",\"isPartOf\":{\"@id\":\"https:\/\/fadeu.urantiacos.cl\/en\/#website\"},\"primaryImageOfPage\":{\"@id\":\"https:\/\/fadeu.urantiacos.cl\/en\/2021\/05\/17\/triada-urbana-realizara-curso-de-postgrado-simultaneo-para-chile-colombia-y-mexico\/#primaryimage\"},\"image\":{\"@id\":\"https:\/\/fadeu.urantiacos.cl\/en\/2021\/05\/17\/triada-urbana-realizara-curso-de-postgrado-simultaneo-para-chile-colombia-y-mexico\/#primaryimage\"},\"thumbnailUrl\":\"https:\/\/fadeu.urantiacos.cl\/wp-content\/uploads\/2023\/09\/WEB_Afiche-curso-04.jpg\",\"datePublished\":\"2021-05-17T13:06:00+00:00\",\"dateModified\":\"2023-10-24T18:03:04+00:00\",\"author\":{\"@id\":\"https:\/\/fadeu.urantiacos.cl\/en\/#\/schema\/person\/d203e2e84b1c40275eac77b3061a19a2\"},\"description\":\"\u201cRenovaci\u00f3n Urbana Inclusiva\u201d es el nombre del curso de postgrado que dictar\u00e1n este a\u00f1o, simult\u00e1neamente, el Instituto de Estudios Urbanos y Territoriales UC, la Escuela Nacional de Arquitectura, Arte y Dise\u00f1o del Tecnol\u00f3gico de Monterrey (M\u00e9xico), y el Centro Interdisciplinario de Estudios sobre Desarrollo (CIDER) de la Universidad de los Andes de Bogot\u00e1 (Colombia).\",\"breadcrumb\":{\"@id\":\"https:\/\/fadeu.urantiacos.cl\/en\/2021\/05\/17\/triada-urbana-realizara-curso-de-postgrado-simultaneo-para-chile-colombia-y-mexico\/#breadcrumb\"},\"inLanguage\":\"en-US\",\"potentialAction\":[{\"@type\":\"ReadAction\",\"target\":[\"https:\/\/fadeu.urantiacos.cl\/en\/2021\/05\/17\/triada-urbana-realizara-curso-de-postgrado-simultaneo-para-chile-colombia-y-mexico\/\"]}]},{\"@type\":\"ImageObject\",\"inLanguage\":\"en-US\",\"@id\":\"https:\/\/fadeu.urantiacos.cl\/en\/2021\/05\/17\/triada-urbana-realizara-curso-de-postgrado-simultaneo-para-chile-colombia-y-mexico\/#primaryimage\",\"url\":\"https:\/\/fadeu.urantiacos.cl\/wp-content\/uploads\/2023\/09\/WEB_Afiche-curso-04.jpg\",\"contentUrl\":\"https:\/\/fadeu.urantiacos.cl\/wp-content\/uploads\/2023\/09\/WEB_Afiche-curso-04.jpg\",\"width\":350,\"height\":250},{\"@type\":\"BreadcrumbList\",\"@id\":\"https:\/\/fadeu.urantiacos.cl\/en\/2021\/05\/17\/triada-urbana-realizara-curso-de-postgrado-simultaneo-para-chile-colombia-y-mexico\/#breadcrumb\",\"itemListElement\":[{\"@type\":\"ListItem\",\"position\":1,\"name\":\"Portada\",\"item\":\"https:\/\/fadeu.urantiacos.cl\/en\/\"},{\"@type\":\"ListItem\",\"position\":2,\"name\":\"Triada Urbana realizar\u00e1 curso de postgrado simult\u00e1neo para Chile, Colombia y M\u00e9xico\"}]},{\"@type\":\"WebSite\",\"@id\":\"https:\/\/fadeu.urantiacos.cl\/en\/#website\",\"url\":\"https:\/\/fadeu.urantiacos.cl\/en\/\",\"name\":\"Facultad de Arquitectura, Dise\u00f1o y Estudios Urbanos\",\"description\":\"Campus Lo Contador\",\"potentialAction\":[{\"@type\":\"SearchAction\",\"target\":{\"@type\":\"EntryPoint\",\"urlTemplate\":\"https:\/\/fadeu.urantiacos.cl\/en\/?s={search_term_string}\"},\"query-input\":{\"@type\":\"PropertyValueSpecification\",\"valueRequired\":true,\"valueName\":\"search_term_string\"}}],\"inLanguage\":\"en-US\"},{\"@type\":\"Person\",\"@id\":\"https:\/\/fadeu.urantiacos.cl\/en\/#\/schema\/person\/d203e2e84b1c40275eac77b3061a19a2\",\"name\":\"manadmin\",\"image\":{\"@type\":\"ImageObject\",\"inLanguage\":\"en-US\",\"@id\":\"https:\/\/fadeu.urantiacos.cl\/en\/#\/schema\/person\/image\/\",\"url\":\"https:\/\/secure.gravatar.com\/avatar\/4b1d8e3303b4a9d8968ac578947d8bc80d9aea359f388cdd4aac15cadc0e8447?s=96&d=mm&r=g\",\"contentUrl\":\"https:\/\/secure.gravatar.com\/avatar\/4b1d8e3303b4a9d8968ac578947d8bc80d9aea359f388cdd4aac15cadc0e8447?s=96&d=mm&r=g\",\"caption\":\"manadmin\"},\"sameAs\":[\"https:\/\/fadeu.urantiacos.cl\"]}]}<\/script>\n<!-- \/ Yoast SEO plugin. -->","yoast_head_json":{"title":"Triada Urbana realizar\u00e1 curso de postgrado simult\u00e1neo para Chile, Colombia y M\u00e9xico - Facultad de Arquitectura, Dise\u00f1o y Estudios Urbanos","description":"\u201cRenovaci\u00f3n Urbana Inclusiva\u201d es el nombre del curso de postgrado que dictar\u00e1n este a\u00f1o, simult\u00e1neamente, el Instituto de Estudios Urbanos y Territoriales UC, la Escuela Nacional de Arquitectura, Arte y Dise\u00f1o del Tecnol\u00f3gico de Monterrey (M\u00e9xico), y el Centro Interdisciplinario de Estudios sobre Desarrollo (CIDER) de la Universidad de los Andes de Bogot\u00e1 (Colombia).","robots":{"index":"index","follow":"follow","max-snippet":"max-snippet:-1","max-image-preview":"max-image-preview:large","max-video-preview":"max-video-preview:-1"},"canonical":"https:\/\/fadeu.urantiacos.cl\/en\/2021\/05\/17\/triada-urbana-realizara-curso-de-postgrado-simultaneo-para-chile-colombia-y-mexico\/","og_locale":"en_US","og_type":"article","og_title":"Triada Urbana realizar\u00e1 curso de postgrado simult\u00e1neo para Chile, Colombia y M\u00e9xico - Facultad de Arquitectura, Dise\u00f1o y Estudios Urbanos","og_description":"\u201cRenovaci\u00f3n Urbana Inclusiva\u201d es el nombre del curso de postgrado que dictar\u00e1n este a\u00f1o, simult\u00e1neamente, el Instituto de Estudios Urbanos y Territoriales UC, la Escuela Nacional de Arquitectura, Arte y Dise\u00f1o del Tecnol\u00f3gico de Monterrey (M\u00e9xico), y el Centro Interdisciplinario de Estudios sobre Desarrollo (CIDER) de la Universidad de los Andes de Bogot\u00e1 (Colombia).","og_url":"https:\/\/fadeu.urantiacos.cl\/en\/2021\/05\/17\/triada-urbana-realizara-curso-de-postgrado-simultaneo-para-chile-colombia-y-mexico\/","og_site_name":"Facultad de Arquitectura, Dise\u00f1o y Estudios Urbanos","article_published_time":"2021-05-17T13:06:00+00:00","article_modified_time":"2023-10-24T18:03:04+00:00","og_image":[{"width":350,"height":250,"url":"https:\/\/fadeu.urantiacos.cl\/wp-content\/uploads\/2023\/09\/WEB_Afiche-curso-04.jpg","type":"image\/jpeg"}],"author":"manadmin","twitter_card":"summary_large_image","twitter_misc":{"Written by":"manadmin","Est. reading time":"4 minutes"},"schema":{"@context":"https:\/\/schema.org","@graph":[{"@type":"Article","@id":"https:\/\/fadeu.urantiacos.cl\/en\/2021\/05\/17\/triada-urbana-realizara-curso-de-postgrado-simultaneo-para-chile-colombia-y-mexico\/#article","isPartOf":{"@id":"https:\/\/fadeu.urantiacos.cl\/en\/2021\/05\/17\/triada-urbana-realizara-curso-de-postgrado-simultaneo-para-chile-colombia-y-mexico\/"},"author":{"name":"manadmin","@id":"https:\/\/fadeu.urantiacos.cl\/en\/#\/schema\/person\/d203e2e84b1c40275eac77b3061a19a2"},"headline":"Triada Urbana realizar\u00e1 curso de postgrado simult\u00e1neo para Chile, Colombia y M\u00e9xico","datePublished":"2021-05-17T13:06:00+00:00","dateModified":"2023-10-24T18:03:04+00:00","mainEntityOfPage":{"@id":"https:\/\/fadeu.urantiacos.cl\/en\/2021\/05\/17\/triada-urbana-realizara-curso-de-postgrado-simultaneo-para-chile-colombia-y-mexico\/"},"wordCount":735,"commentCount":0,"image":{"@id":"https:\/\/fadeu.urantiacos.cl\/en\/2021\/05\/17\/triada-urbana-realizara-curso-de-postgrado-simultaneo-para-chile-colombia-y-mexico\/#primaryimage"},"thumbnailUrl":"https:\/\/fadeu.urantiacos.cl\/wp-content\/uploads\/2023\/09\/WEB_Afiche-curso-04.jpg","articleSection":["Sin categorizar"],"inLanguage":"en-US","potentialAction":[{"@type":"CommentAction","name":"Comment","target":["https:\/\/fadeu.urantiacos.cl\/en\/2021\/05\/17\/triada-urbana-realizara-curso-de-postgrado-simultaneo-para-chile-colombia-y-mexico\/#respond"]}]},{"@type":"WebPage","@id":"https:\/\/fadeu.urantiacos.cl\/en\/2021\/05\/17\/triada-urbana-realizara-curso-de-postgrado-simultaneo-para-chile-colombia-y-mexico\/","url":"https:\/\/fadeu.urantiacos.cl\/en\/2021\/05\/17\/triada-urbana-realizara-curso-de-postgrado-simultaneo-para-chile-colombia-y-mexico\/","name":"Triada Urbana realizar\u00e1 curso de postgrado simult\u00e1neo para Chile, Colombia y M\u00e9xico - Facultad de Arquitectura, Dise\u00f1o y Estudios Urbanos","isPartOf":{"@id":"https:\/\/fadeu.urantiacos.cl\/en\/#website"},"primaryImageOfPage":{"@id":"https:\/\/fadeu.urantiacos.cl\/en\/2021\/05\/17\/triada-urbana-realizara-curso-de-postgrado-simultaneo-para-chile-colombia-y-mexico\/#primaryimage"},"image":{"@id":"https:\/\/fadeu.urantiacos.cl\/en\/2021\/05\/17\/triada-urbana-realizara-curso-de-postgrado-simultaneo-para-chile-colombia-y-mexico\/#primaryimage"},"thumbnailUrl":"https:\/\/fadeu.urantiacos.cl\/wp-content\/uploads\/2023\/09\/WEB_Afiche-curso-04.jpg","datePublished":"2021-05-17T13:06:00+00:00","dateModified":"2023-10-24T18:03:04+00:00","author":{"@id":"https:\/\/fadeu.urantiacos.cl\/en\/#\/schema\/person\/d203e2e84b1c40275eac77b3061a19a2"},"description":"\u201cRenovaci\u00f3n Urbana Inclusiva\u201d es el nombre del curso de postgrado que dictar\u00e1n este a\u00f1o, simult\u00e1neamente, el Instituto de Estudios Urbanos y Territoriales UC, la Escuela Nacional de Arquitectura, Arte y Dise\u00f1o del Tecnol\u00f3gico de Monterrey (M\u00e9xico), y el Centro Interdisciplinario de Estudios sobre Desarrollo (CIDER) de la Universidad de los Andes de Bogot\u00e1 (Colombia).","breadcrumb":{"@id":"https:\/\/fadeu.urantiacos.cl\/en\/2021\/05\/17\/triada-urbana-realizara-curso-de-postgrado-simultaneo-para-chile-colombia-y-mexico\/#breadcrumb"},"inLanguage":"en-US","potentialAction":[{"@type":"ReadAction","target":["https:\/\/fadeu.urantiacos.cl\/en\/2021\/05\/17\/triada-urbana-realizara-curso-de-postgrado-simultaneo-para-chile-colombia-y-mexico\/"]}]},{"@type":"ImageObject","inLanguage":"en-US","@id":"https:\/\/fadeu.urantiacos.cl\/en\/2021\/05\/17\/triada-urbana-realizara-curso-de-postgrado-simultaneo-para-chile-colombia-y-mexico\/#primaryimage","url":"https:\/\/fadeu.urantiacos.cl\/wp-content\/uploads\/2023\/09\/WEB_Afiche-curso-04.jpg","contentUrl":"https:\/\/fadeu.urantiacos.cl\/wp-content\/uploads\/2023\/09\/WEB_Afiche-curso-04.jpg","width":350,"height":250},{"@type":"BreadcrumbList","@id":"https:\/\/fadeu.urantiacos.cl\/en\/2021\/05\/17\/triada-urbana-realizara-curso-de-postgrado-simultaneo-para-chile-colombia-y-mexico\/#breadcrumb","itemListElement":[{"@type":"ListItem","position":1,"name":"Portada","item":"https:\/\/fadeu.urantiacos.cl\/en\/"},{"@type":"ListItem","position":2,"name":"Triada Urbana realizar\u00e1 curso de postgrado simult\u00e1neo para Chile, Colombia y M\u00e9xico"}]},{"@type":"WebSite","@id":"https:\/\/fadeu.urantiacos.cl\/en\/#website","url":"https:\/\/fadeu.urantiacos.cl\/en\/","name":"Facultad de Arquitectura, Dise\u00f1o y Estudios Urbanos","description":"Campus Lo Contador","potentialAction":[{"@type":"SearchAction","target":{"@type":"EntryPoint","urlTemplate":"https:\/\/fadeu.urantiacos.cl\/en\/?s={search_term_string}"},"query-input":{"@type":"PropertyValueSpecification","valueRequired":true,"valueName":"search_term_string"}}],"inLanguage":"en-US"},{"@type":"Person","@id":"https:\/\/fadeu.urantiacos.cl\/en\/#\/schema\/person\/d203e2e84b1c40275eac77b3061a19a2","name":"manadmin","image":{"@type":"ImageObject","inLanguage":"en-US","@id":"https:\/\/fadeu.urantiacos.cl\/en\/#\/schema\/person\/image\/","url":"https:\/\/secure.gravatar.com\/avatar\/4b1d8e3303b4a9d8968ac578947d8bc80d9aea359f388cdd4aac15cadc0e8447?s=96&d=mm&r=g","contentUrl":"https:\/\/secure.gravatar.com\/avatar\/4b1d8e3303b4a9d8968ac578947d8bc80d9aea359f388cdd4aac15cadc0e8447?s=96&d=mm&r=g","caption":"manadmin"},"sameAs":["https:\/\/fadeu.urantiacos.cl"]}]}},"_links":{"self":[{"href":"https:\/\/fadeu.urantiacos.cl\/en\/wp-json\/wp\/v2\/posts\/7004","targetHints":{"allow":["GET"]}}],"collection":[{"href":"https:\/\/fadeu.urantiacos.cl\/en\/wp-json\/wp\/v2\/posts"}],"about":[{"href":"https:\/\/fadeu.urantiacos.cl\/en\/wp-json\/wp\/v2\/types\/post"}],"author":[{"embeddable":true,"href":"https:\/\/fadeu.urantiacos.cl\/en\/wp-json\/wp\/v2\/users\/1"}],"replies":[{"embeddable":true,"href":"https:\/\/fadeu.urantiacos.cl\/en\/wp-json\/wp\/v2\/comments?post=7004"}],"version-history":[{"count":2,"href":"https:\/\/fadeu.urantiacos.cl\/en\/wp-json\/wp\/v2\/posts\/7004\/revisions"}],"predecessor-version":[{"id":17868,"href":"https:\/\/fadeu.urantiacos.cl\/en\/wp-json\/wp\/v2\/posts\/7004\/revisions\/17868"}],"wp:featuredmedia":[{"embeddable":true,"href":"https:\/\/fadeu.urantiacos.cl\/en\/wp-json\/wp\/v2\/media\/7005"}],"wp:attachment":[{"href":"https:\/\/fadeu.urantiacos.cl\/en\/wp-json\/wp\/v2\/media?parent=7004"}],"wp:term":[{"taxonomy":"category","embeddable":true,"href":"https:\/\/fadeu.urantiacos.cl\/en\/wp-json\/wp\/v2\/categories?post=7004"},{"taxonomy":"post_tag","embeddable":true,"href":"https:\/\/fadeu.urantiacos.cl\/en\/wp-json\/wp\/v2\/tags?post=7004"}],"curies":[{"name":"wp","href":"https:\/\/api.w.org\/{rel}","templated":true}]}}