{"id":6994,"date":"2021-05-19T10:00:00","date_gmt":"2021-05-19T13:00:00","guid":{"rendered":"https:\/\/fadeu.urantiacos.cl\/?p=6994"},"modified":"2023-09-08T10:02:24","modified_gmt":"2023-09-08T13:02:24","slug":"uc-covid-y-vacunas-charla-convoco-a-la-comunidad-de-lo-contador","status":"publish","type":"post","link":"https:\/\/fadeu.urantiacos.cl\/en\/2021\/05\/19\/uc-covid-y-vacunas-charla-convoco-a-la-comunidad-de-lo-contador\/","title":{"rendered":"&#8220;UC, Covid y Vacunas&#8221;: charla convoc\u00f3 a la comunidad de Lo Contador"},"content":{"rendered":"\n<figure class=\"wp-block-image size-full\"><img decoding=\"async\" width=\"350\" height=\"250\" src=\"https:\/\/fadeu.urantiacos.cl\/wp-content\/uploads\/2023\/09\/charla_covid19.png\" alt=\"\" class=\"wp-image-6995\" srcset=\"https:\/\/fadeu.urantiacos.cl\/wp-content\/uploads\/2023\/09\/charla_covid19.png 350w, https:\/\/fadeu.urantiacos.cl\/wp-content\/uploads\/2023\/09\/charla_covid19-300x214.png 300w\" sizes=\"(max-width: 350px) 100vw, 350px\" \/><\/figure>\n\n\n\n<p>Fueron la Vicerrectora de Asuntos Internacionales, Lilian Ferrer; el doctor Jaime Labarca, jefe del Departamento de Enfermedades Infecciosas UC; y la enfermera Camila Carvajal, quienes impartieron la charla para el campus Lo Contador durante la semana pasada, luego de una organizaci\u00f3n conjunta realizada directamente con el Decano Mario Ubilla y la Direcci\u00f3n de Comunicaciones FADEU que dirige la profesora Macarena Cort\u00e9s.<\/p>\n\n\n\n<p>En su intervenci\u00f3n, Ferrer sostuvo que el eje central de la gesti\u00f3n UC para hacer frente a la pandemia \u201csigue siendo el autocuidado y la flexibilidad, para estar atentos a la evoluci\u00f3n de la enfermedad en el mundo y en el pa\u00eds y en estar atentos a la nueva evidencia; junto con la participaci\u00f3n, gradualidad y evaluaciones y ajustes permanentes, ya que cada momento es distinto y para eso es importante saber qu\u00e9 ocurre con nuestra comunidad para conocer c\u00f3mo evoluciona el proceso de vacunaci\u00f3n\u201d.<\/p>\n\n\n\n<p>Para el monitoreo de la enfermedad, se conform\u00f3 un comit\u00e9 COVID-19 UC, integrado por representantes de distintos estamentos de todos los campus, que funciona en base a tres subcomit\u00e9s (Implementaci\u00f3n, Investigaci\u00f3n-Creaci\u00f3n, y Comunicaci\u00f3n).<\/p>\n\n\n\n<p>\u201cNosotros hemos definido un plan Paso a Paso UC, que resume todas las actividades que se producen al interior de los campus, definiendo qu\u00e9 est\u00e1 o no permitido en cada una de las etapas, adicional al plan Paso a Paso de la Autoridad Sanitaria, para resguardar la salud de nuestra comunidad, propendiendo a definir una serie de variables que nos permitan mantener fuera de los campus a aquellas personas que tengan COVID o que hayan estado en contacto con personas positivas a COVID, lo que permite mantener sana a la comunidad que est\u00e1 asistiendo presencialmente a nuestros lugares de trabajo\u201d, agreg\u00f3 Ferrer.<\/p>\n\n\n\n<p>El doctor Labarca hizo hincapi\u00e9 en asumir que el COVID-19 es una enfermedad nueva y \u201caltamente contagiosa, que ha tenido en Chile dos olas de contagios, que se comportaron de manera distinta dependiendo de las regiones de Chile, que han vivido situaciones distintas al contexto de la regi\u00f3n Metropolitana\u201d.<\/p>\n\n\n\n<p>Asimismo, agreg\u00f3 que \u201ceste verano que acaba de pasar ingresaron variantes nuevas de la enfermedad, con mayor transmisibilidad, durante la segunda ola, lo que trajo una circulaci\u00f3n m\u00e1s importante y m\u00e1s contagiosa y grave\u201d.<\/p>\n\n\n\n<p>Por lo mismo, Labarca enfatiz\u00f3 en la importancia de vacunarse. \u201cDebemos inmunizarnos principalmente por dos motivos: primero, por un motivo de salud personal, para evitar hospitalizaciones y cuadros graves que pueden llevar a la muerte, y, segundo, porque necesitamos que las personas se vacunen para controlar la pandemia, por un asunto de salud p\u00fablica, para obtener inmunidad de reba\u00f1o, lo que se traduce en tener una poblaci\u00f3n importante vacunada para no tener que convivir con este virus durante varios a\u00f1os m\u00e1s\u201d.<\/p>\n\n\n\n<p>El llamado transversal de las autoridades de la Universidad apunta a asumir consciencia respecto de la responsabilidad social que supone el autocuidado y la vacunaci\u00f3n, por cuanto la inmunizaci\u00f3n no solo protege a la persona, sino tambi\u00e9n a quienes le rodean, potenciando espacios m\u00e1s seguros y avanzando hacia una inmunidad mayor en el pa\u00eds que permita que disminuya la circulaci\u00f3n viral.<\/p>\n\n\n\n<p>INFORMACI\u00d3N PERIOD\u00cdSTICA<br>JUAN ANDR\u00c9S INZUNZA<\/p>\n","protected":false},"excerpt":{"rendered":"<p>\u201cUC, COVID y Vacunas\u201d es una iniciativa que desarroll\u00f3 la Universidad Cat\u00f3lica para conversar con todos los campus y sus comunidades respecto de la importancia del autocuidado y la inmunizaci\u00f3n contra el Sars-Cov2, instancia que est\u00e1 a cargo del Comit\u00e9 Covid-19.<\/p>\n","protected":false},"author":1,"featured_media":6995,"comment_status":"open","ping_status":"open","sticky":false,"template":"","format":"standard","meta":{"_acf_changed":false,"footnotes":""},"categories":[1],"tags":[],"class_list":["post-6994","post","type-post","status-publish","format-standard","has-post-thumbnail","hentry","category-sin-categorizar"],"acf":[],"yoast_head":"<!-- This site is optimized with the Yoast SEO plugin v27.1.1 - https:\/\/yoast.com\/product\/yoast-seo-wordpress\/ -->\n<title>&quot;UC, Covid y Vacunas&quot;: charla convoc\u00f3 a la comunidad de Lo Contador - Facultad de Arquitectura, Dise\u00f1o y Estudios Urbanos<\/title>\n<meta name=\"description\" content=\"\u201cUC, COVID y Vacunas\u201d es una iniciativa que desarroll\u00f3 la Universidad Cat\u00f3lica para conversar con todos los campus y sus comunidades respecto de la importancia del autocuidado y la inmunizaci\u00f3n contra el Sars-Cov2, instancia que est\u00e1 a cargo del Comit\u00e9 Covid-19.\" \/>\n<meta name=\"robots\" content=\"index, follow, max-snippet:-1, max-image-preview:large, max-video-preview:-1\" \/>\n<link rel=\"canonical\" href=\"https:\/\/fadeu.urantiacos.cl\/en\/2021\/05\/19\/uc-covid-y-vacunas-charla-convoco-a-la-comunidad-de-lo-contador\/\" \/>\n<meta property=\"og:locale\" content=\"en_US\" \/>\n<meta property=\"og:type\" content=\"article\" \/>\n<meta property=\"og:title\" content=\"&quot;UC, Covid y Vacunas&quot;: charla convoc\u00f3 a la comunidad de Lo Contador - Facultad de Arquitectura, Dise\u00f1o y Estudios Urbanos\" \/>\n<meta property=\"og:description\" content=\"\u201cUC, COVID y Vacunas\u201d es una iniciativa que desarroll\u00f3 la Universidad Cat\u00f3lica para conversar con todos los campus y sus comunidades respecto de la importancia del autocuidado y la inmunizaci\u00f3n contra el Sars-Cov2, instancia que est\u00e1 a cargo del Comit\u00e9 Covid-19.\" \/>\n<meta property=\"og:url\" content=\"https:\/\/fadeu.urantiacos.cl\/en\/2021\/05\/19\/uc-covid-y-vacunas-charla-convoco-a-la-comunidad-de-lo-contador\/\" \/>\n<meta property=\"og:site_name\" content=\"Facultad de Arquitectura, Dise\u00f1o y Estudios Urbanos\" \/>\n<meta property=\"article:published_time\" content=\"2021-05-19T13:00:00+00:00\" \/>\n<meta property=\"article:modified_time\" content=\"2023-09-08T13:02:24+00:00\" \/>\n<meta property=\"og:image\" content=\"https:\/\/fadeu.urantiacos.cl\/wp-content\/uploads\/2023\/09\/charla_covid19.png\" \/>\n\t<meta property=\"og:image:width\" content=\"350\" \/>\n\t<meta property=\"og:image:height\" content=\"250\" \/>\n\t<meta property=\"og:image:type\" content=\"image\/png\" \/>\n<meta name=\"author\" content=\"manadmin\" \/>\n<meta name=\"twitter:card\" content=\"summary_large_image\" \/>\n<meta name=\"twitter:label1\" content=\"Written by\" \/>\n\t<meta name=\"twitter:data1\" content=\"manadmin\" \/>\n\t<meta name=\"twitter:label2\" content=\"Est. reading time\" \/>\n\t<meta name=\"twitter:data2\" content=\"3 minutes\" \/>\n<script type=\"application\/ld+json\" class=\"yoast-schema-graph\">{\"@context\":\"https:\/\/schema.org\",\"@graph\":[{\"@type\":\"Article\",\"@id\":\"https:\/\/fadeu.urantiacos.cl\/en\/2021\/05\/19\/uc-covid-y-vacunas-charla-convoco-a-la-comunidad-de-lo-contador\/#article\",\"isPartOf\":{\"@id\":\"https:\/\/fadeu.urantiacos.cl\/en\/2021\/05\/19\/uc-covid-y-vacunas-charla-convoco-a-la-comunidad-de-lo-contador\/\"},\"author\":{\"name\":\"manadmin\",\"@id\":\"https:\/\/fadeu.urantiacos.cl\/en\/#\/schema\/person\/d203e2e84b1c40275eac77b3061a19a2\"},\"headline\":\"&#8220;UC, Covid y Vacunas&#8221;: charla convoc\u00f3 a la comunidad de Lo Contador\",\"datePublished\":\"2021-05-19T13:00:00+00:00\",\"dateModified\":\"2023-09-08T13:02:24+00:00\",\"mainEntityOfPage\":{\"@id\":\"https:\/\/fadeu.urantiacos.cl\/en\/2021\/05\/19\/uc-covid-y-vacunas-charla-convoco-a-la-comunidad-de-lo-contador\/\"},\"wordCount\":555,\"commentCount\":0,\"image\":{\"@id\":\"https:\/\/fadeu.urantiacos.cl\/en\/2021\/05\/19\/uc-covid-y-vacunas-charla-convoco-a-la-comunidad-de-lo-contador\/#primaryimage\"},\"thumbnailUrl\":\"https:\/\/fadeu.urantiacos.cl\/wp-content\/uploads\/2023\/09\/charla_covid19.png\",\"articleSection\":[\"Sin categorizar\"],\"inLanguage\":\"en-US\",\"potentialAction\":[{\"@type\":\"CommentAction\",\"name\":\"Comment\",\"target\":[\"https:\/\/fadeu.urantiacos.cl\/en\/2021\/05\/19\/uc-covid-y-vacunas-charla-convoco-a-la-comunidad-de-lo-contador\/#respond\"]}]},{\"@type\":\"WebPage\",\"@id\":\"https:\/\/fadeu.urantiacos.cl\/en\/2021\/05\/19\/uc-covid-y-vacunas-charla-convoco-a-la-comunidad-de-lo-contador\/\",\"url\":\"https:\/\/fadeu.urantiacos.cl\/en\/2021\/05\/19\/uc-covid-y-vacunas-charla-convoco-a-la-comunidad-de-lo-contador\/\",\"name\":\"\\\"UC, Covid y Vacunas\\\": charla convoc\u00f3 a la comunidad de Lo Contador - Facultad de Arquitectura, Dise\u00f1o y Estudios Urbanos\",\"isPartOf\":{\"@id\":\"https:\/\/fadeu.urantiacos.cl\/en\/#website\"},\"primaryImageOfPage\":{\"@id\":\"https:\/\/fadeu.urantiacos.cl\/en\/2021\/05\/19\/uc-covid-y-vacunas-charla-convoco-a-la-comunidad-de-lo-contador\/#primaryimage\"},\"image\":{\"@id\":\"https:\/\/fadeu.urantiacos.cl\/en\/2021\/05\/19\/uc-covid-y-vacunas-charla-convoco-a-la-comunidad-de-lo-contador\/#primaryimage\"},\"thumbnailUrl\":\"https:\/\/fadeu.urantiacos.cl\/wp-content\/uploads\/2023\/09\/charla_covid19.png\",\"datePublished\":\"2021-05-19T13:00:00+00:00\",\"dateModified\":\"2023-09-08T13:02:24+00:00\",\"author\":{\"@id\":\"https:\/\/fadeu.urantiacos.cl\/en\/#\/schema\/person\/d203e2e84b1c40275eac77b3061a19a2\"},\"description\":\"\u201cUC, COVID y Vacunas\u201d es una iniciativa que desarroll\u00f3 la Universidad Cat\u00f3lica para conversar con todos los campus y sus comunidades respecto de la importancia del autocuidado y la inmunizaci\u00f3n contra el Sars-Cov2, instancia que est\u00e1 a cargo del Comit\u00e9 Covid-19.\",\"breadcrumb\":{\"@id\":\"https:\/\/fadeu.urantiacos.cl\/en\/2021\/05\/19\/uc-covid-y-vacunas-charla-convoco-a-la-comunidad-de-lo-contador\/#breadcrumb\"},\"inLanguage\":\"en-US\",\"potentialAction\":[{\"@type\":\"ReadAction\",\"target\":[\"https:\/\/fadeu.urantiacos.cl\/en\/2021\/05\/19\/uc-covid-y-vacunas-charla-convoco-a-la-comunidad-de-lo-contador\/\"]}]},{\"@type\":\"ImageObject\",\"inLanguage\":\"en-US\",\"@id\":\"https:\/\/fadeu.urantiacos.cl\/en\/2021\/05\/19\/uc-covid-y-vacunas-charla-convoco-a-la-comunidad-de-lo-contador\/#primaryimage\",\"url\":\"https:\/\/fadeu.urantiacos.cl\/wp-content\/uploads\/2023\/09\/charla_covid19.png\",\"contentUrl\":\"https:\/\/fadeu.urantiacos.cl\/wp-content\/uploads\/2023\/09\/charla_covid19.png\",\"width\":350,\"height\":250},{\"@type\":\"BreadcrumbList\",\"@id\":\"https:\/\/fadeu.urantiacos.cl\/en\/2021\/05\/19\/uc-covid-y-vacunas-charla-convoco-a-la-comunidad-de-lo-contador\/#breadcrumb\",\"itemListElement\":[{\"@type\":\"ListItem\",\"position\":1,\"name\":\"Portada\",\"item\":\"https:\/\/fadeu.urantiacos.cl\/en\/\"},{\"@type\":\"ListItem\",\"position\":2,\"name\":\"&#8220;UC, Covid y Vacunas&#8221;: charla convoc\u00f3 a la comunidad de Lo Contador\"}]},{\"@type\":\"WebSite\",\"@id\":\"https:\/\/fadeu.urantiacos.cl\/en\/#website\",\"url\":\"https:\/\/fadeu.urantiacos.cl\/en\/\",\"name\":\"Facultad de Arquitectura, Dise\u00f1o y Estudios Urbanos\",\"description\":\"Campus Lo Contador\",\"potentialAction\":[{\"@type\":\"SearchAction\",\"target\":{\"@type\":\"EntryPoint\",\"urlTemplate\":\"https:\/\/fadeu.urantiacos.cl\/en\/?s={search_term_string}\"},\"query-input\":{\"@type\":\"PropertyValueSpecification\",\"valueRequired\":true,\"valueName\":\"search_term_string\"}}],\"inLanguage\":\"en-US\"},{\"@type\":\"Person\",\"@id\":\"https:\/\/fadeu.urantiacos.cl\/en\/#\/schema\/person\/d203e2e84b1c40275eac77b3061a19a2\",\"name\":\"manadmin\",\"image\":{\"@type\":\"ImageObject\",\"inLanguage\":\"en-US\",\"@id\":\"https:\/\/fadeu.urantiacos.cl\/en\/#\/schema\/person\/image\/\",\"url\":\"https:\/\/secure.gravatar.com\/avatar\/4b1d8e3303b4a9d8968ac578947d8bc80d9aea359f388cdd4aac15cadc0e8447?s=96&d=mm&r=g\",\"contentUrl\":\"https:\/\/secure.gravatar.com\/avatar\/4b1d8e3303b4a9d8968ac578947d8bc80d9aea359f388cdd4aac15cadc0e8447?s=96&d=mm&r=g\",\"caption\":\"manadmin\"},\"sameAs\":[\"https:\/\/fadeu.urantiacos.cl\"]}]}<\/script>\n<!-- \/ Yoast SEO plugin. -->","yoast_head_json":{"title":"\"UC, Covid y Vacunas\": charla convoc\u00f3 a la comunidad de Lo Contador - Facultad de Arquitectura, Dise\u00f1o y Estudios Urbanos","description":"\u201cUC, COVID y Vacunas\u201d es una iniciativa que desarroll\u00f3 la Universidad Cat\u00f3lica para conversar con todos los campus y sus comunidades respecto de la importancia del autocuidado y la inmunizaci\u00f3n contra el Sars-Cov2, instancia que est\u00e1 a cargo del Comit\u00e9 Covid-19.","robots":{"index":"index","follow":"follow","max-snippet":"max-snippet:-1","max-image-preview":"max-image-preview:large","max-video-preview":"max-video-preview:-1"},"canonical":"https:\/\/fadeu.urantiacos.cl\/en\/2021\/05\/19\/uc-covid-y-vacunas-charla-convoco-a-la-comunidad-de-lo-contador\/","og_locale":"en_US","og_type":"article","og_title":"\"UC, Covid y Vacunas\": charla convoc\u00f3 a la comunidad de Lo Contador - Facultad de Arquitectura, Dise\u00f1o y Estudios Urbanos","og_description":"\u201cUC, COVID y Vacunas\u201d es una iniciativa que desarroll\u00f3 la Universidad Cat\u00f3lica para conversar con todos los campus y sus comunidades respecto de la importancia del autocuidado y la inmunizaci\u00f3n contra el Sars-Cov2, instancia que est\u00e1 a cargo del Comit\u00e9 Covid-19.","og_url":"https:\/\/fadeu.urantiacos.cl\/en\/2021\/05\/19\/uc-covid-y-vacunas-charla-convoco-a-la-comunidad-de-lo-contador\/","og_site_name":"Facultad de Arquitectura, Dise\u00f1o y Estudios Urbanos","article_published_time":"2021-05-19T13:00:00+00:00","article_modified_time":"2023-09-08T13:02:24+00:00","og_image":[{"width":350,"height":250,"url":"https:\/\/fadeu.urantiacos.cl\/wp-content\/uploads\/2023\/09\/charla_covid19.png","type":"image\/png"}],"author":"manadmin","twitter_card":"summary_large_image","twitter_misc":{"Written by":"manadmin","Est. reading time":"3 minutes"},"schema":{"@context":"https:\/\/schema.org","@graph":[{"@type":"Article","@id":"https:\/\/fadeu.urantiacos.cl\/en\/2021\/05\/19\/uc-covid-y-vacunas-charla-convoco-a-la-comunidad-de-lo-contador\/#article","isPartOf":{"@id":"https:\/\/fadeu.urantiacos.cl\/en\/2021\/05\/19\/uc-covid-y-vacunas-charla-convoco-a-la-comunidad-de-lo-contador\/"},"author":{"name":"manadmin","@id":"https:\/\/fadeu.urantiacos.cl\/en\/#\/schema\/person\/d203e2e84b1c40275eac77b3061a19a2"},"headline":"&#8220;UC, Covid y Vacunas&#8221;: charla convoc\u00f3 a la comunidad de Lo Contador","datePublished":"2021-05-19T13:00:00+00:00","dateModified":"2023-09-08T13:02:24+00:00","mainEntityOfPage":{"@id":"https:\/\/fadeu.urantiacos.cl\/en\/2021\/05\/19\/uc-covid-y-vacunas-charla-convoco-a-la-comunidad-de-lo-contador\/"},"wordCount":555,"commentCount":0,"image":{"@id":"https:\/\/fadeu.urantiacos.cl\/en\/2021\/05\/19\/uc-covid-y-vacunas-charla-convoco-a-la-comunidad-de-lo-contador\/#primaryimage"},"thumbnailUrl":"https:\/\/fadeu.urantiacos.cl\/wp-content\/uploads\/2023\/09\/charla_covid19.png","articleSection":["Sin categorizar"],"inLanguage":"en-US","potentialAction":[{"@type":"CommentAction","name":"Comment","target":["https:\/\/fadeu.urantiacos.cl\/en\/2021\/05\/19\/uc-covid-y-vacunas-charla-convoco-a-la-comunidad-de-lo-contador\/#respond"]}]},{"@type":"WebPage","@id":"https:\/\/fadeu.urantiacos.cl\/en\/2021\/05\/19\/uc-covid-y-vacunas-charla-convoco-a-la-comunidad-de-lo-contador\/","url":"https:\/\/fadeu.urantiacos.cl\/en\/2021\/05\/19\/uc-covid-y-vacunas-charla-convoco-a-la-comunidad-de-lo-contador\/","name":"\"UC, Covid y Vacunas\": charla convoc\u00f3 a la comunidad de Lo Contador - Facultad de Arquitectura, Dise\u00f1o y Estudios Urbanos","isPartOf":{"@id":"https:\/\/fadeu.urantiacos.cl\/en\/#website"},"primaryImageOfPage":{"@id":"https:\/\/fadeu.urantiacos.cl\/en\/2021\/05\/19\/uc-covid-y-vacunas-charla-convoco-a-la-comunidad-de-lo-contador\/#primaryimage"},"image":{"@id":"https:\/\/fadeu.urantiacos.cl\/en\/2021\/05\/19\/uc-covid-y-vacunas-charla-convoco-a-la-comunidad-de-lo-contador\/#primaryimage"},"thumbnailUrl":"https:\/\/fadeu.urantiacos.cl\/wp-content\/uploads\/2023\/09\/charla_covid19.png","datePublished":"2021-05-19T13:00:00+00:00","dateModified":"2023-09-08T13:02:24+00:00","author":{"@id":"https:\/\/fadeu.urantiacos.cl\/en\/#\/schema\/person\/d203e2e84b1c40275eac77b3061a19a2"},"description":"\u201cUC, COVID y Vacunas\u201d es una iniciativa que desarroll\u00f3 la Universidad Cat\u00f3lica para conversar con todos los campus y sus comunidades respecto de la importancia del autocuidado y la inmunizaci\u00f3n contra el Sars-Cov2, instancia que est\u00e1 a cargo del Comit\u00e9 Covid-19.","breadcrumb":{"@id":"https:\/\/fadeu.urantiacos.cl\/en\/2021\/05\/19\/uc-covid-y-vacunas-charla-convoco-a-la-comunidad-de-lo-contador\/#breadcrumb"},"inLanguage":"en-US","potentialAction":[{"@type":"ReadAction","target":["https:\/\/fadeu.urantiacos.cl\/en\/2021\/05\/19\/uc-covid-y-vacunas-charla-convoco-a-la-comunidad-de-lo-contador\/"]}]},{"@type":"ImageObject","inLanguage":"en-US","@id":"https:\/\/fadeu.urantiacos.cl\/en\/2021\/05\/19\/uc-covid-y-vacunas-charla-convoco-a-la-comunidad-de-lo-contador\/#primaryimage","url":"https:\/\/fadeu.urantiacos.cl\/wp-content\/uploads\/2023\/09\/charla_covid19.png","contentUrl":"https:\/\/fadeu.urantiacos.cl\/wp-content\/uploads\/2023\/09\/charla_covid19.png","width":350,"height":250},{"@type":"BreadcrumbList","@id":"https:\/\/fadeu.urantiacos.cl\/en\/2021\/05\/19\/uc-covid-y-vacunas-charla-convoco-a-la-comunidad-de-lo-contador\/#breadcrumb","itemListElement":[{"@type":"ListItem","position":1,"name":"Portada","item":"https:\/\/fadeu.urantiacos.cl\/en\/"},{"@type":"ListItem","position":2,"name":"&#8220;UC, Covid y Vacunas&#8221;: charla convoc\u00f3 a la comunidad de Lo Contador"}]},{"@type":"WebSite","@id":"https:\/\/fadeu.urantiacos.cl\/en\/#website","url":"https:\/\/fadeu.urantiacos.cl\/en\/","name":"Facultad de Arquitectura, Dise\u00f1o y Estudios Urbanos","description":"Campus Lo Contador","potentialAction":[{"@type":"SearchAction","target":{"@type":"EntryPoint","urlTemplate":"https:\/\/fadeu.urantiacos.cl\/en\/?s={search_term_string}"},"query-input":{"@type":"PropertyValueSpecification","valueRequired":true,"valueName":"search_term_string"}}],"inLanguage":"en-US"},{"@type":"Person","@id":"https:\/\/fadeu.urantiacos.cl\/en\/#\/schema\/person\/d203e2e84b1c40275eac77b3061a19a2","name":"manadmin","image":{"@type":"ImageObject","inLanguage":"en-US","@id":"https:\/\/fadeu.urantiacos.cl\/en\/#\/schema\/person\/image\/","url":"https:\/\/secure.gravatar.com\/avatar\/4b1d8e3303b4a9d8968ac578947d8bc80d9aea359f388cdd4aac15cadc0e8447?s=96&d=mm&r=g","contentUrl":"https:\/\/secure.gravatar.com\/avatar\/4b1d8e3303b4a9d8968ac578947d8bc80d9aea359f388cdd4aac15cadc0e8447?s=96&d=mm&r=g","caption":"manadmin"},"sameAs":["https:\/\/fadeu.urantiacos.cl"]}]}},"_links":{"self":[{"href":"https:\/\/fadeu.urantiacos.cl\/en\/wp-json\/wp\/v2\/posts\/6994","targetHints":{"allow":["GET"]}}],"collection":[{"href":"https:\/\/fadeu.urantiacos.cl\/en\/wp-json\/wp\/v2\/posts"}],"about":[{"href":"https:\/\/fadeu.urantiacos.cl\/en\/wp-json\/wp\/v2\/types\/post"}],"author":[{"embeddable":true,"href":"https:\/\/fadeu.urantiacos.cl\/en\/wp-json\/wp\/v2\/users\/1"}],"replies":[{"embeddable":true,"href":"https:\/\/fadeu.urantiacos.cl\/en\/wp-json\/wp\/v2\/comments?post=6994"}],"version-history":[{"count":1,"href":"https:\/\/fadeu.urantiacos.cl\/en\/wp-json\/wp\/v2\/posts\/6994\/revisions"}],"predecessor-version":[{"id":6996,"href":"https:\/\/fadeu.urantiacos.cl\/en\/wp-json\/wp\/v2\/posts\/6994\/revisions\/6996"}],"wp:featuredmedia":[{"embeddable":true,"href":"https:\/\/fadeu.urantiacos.cl\/en\/wp-json\/wp\/v2\/media\/6995"}],"wp:attachment":[{"href":"https:\/\/fadeu.urantiacos.cl\/en\/wp-json\/wp\/v2\/media?parent=6994"}],"wp:term":[{"taxonomy":"category","embeddable":true,"href":"https:\/\/fadeu.urantiacos.cl\/en\/wp-json\/wp\/v2\/categories?post=6994"},{"taxonomy":"post_tag","embeddable":true,"href":"https:\/\/fadeu.urantiacos.cl\/en\/wp-json\/wp\/v2\/tags?post=6994"}],"curies":[{"name":"wp","href":"https:\/\/api.w.org\/{rel}","templated":true}]}}