{"id":6990,"date":"2021-05-19T09:56:00","date_gmt":"2021-05-19T12:56:00","guid":{"rendered":"https:\/\/fadeu.urantiacos.cl\/?p=6990"},"modified":"2023-09-08T10:00:29","modified_gmt":"2023-09-08T13:00:29","slug":"montevideo-uruguay-convocan-a-concurso-de-ideas-para-iluminacion-de-paisajes","status":"publish","type":"post","link":"https:\/\/fadeu.urantiacos.cl\/en\/2021\/05\/19\/montevideo-uruguay-convocan-a-concurso-de-ideas-para-iluminacion-de-paisajes\/","title":{"rendered":"Montevideo, Uruguay: Convocan a concurso de ideas para iluminaci\u00f3n de paisajes"},"content":{"rendered":"\n<figure class=\"wp-block-image size-full\"><img decoding=\"async\" width=\"350\" height=\"250\" src=\"https:\/\/fadeu.urantiacos.cl\/wp-content\/uploads\/2023\/09\/web_afiche_concurso_y_flyer-03.jpg\" alt=\"\" class=\"wp-image-6991\" srcset=\"https:\/\/fadeu.urantiacos.cl\/wp-content\/uploads\/2023\/09\/web_afiche_concurso_y_flyer-03.jpg 350w, https:\/\/fadeu.urantiacos.cl\/wp-content\/uploads\/2023\/09\/web_afiche_concurso_y_flyer-03-300x214.jpg 300w\" sizes=\"(max-width: 350px) 100vw, 350px\" \/><\/figure>\n\n\n\n<p>El Parque del Prado, ubicado en Montevideo, Uruguay, tiene una superficie de 106 hect\u00e1reas, en torno al arroyo Miguelete, que sirve de columna vertebral al paseo. Alberga bajo sus frondosos \u00e1rboles, o pr\u00f3ximo al lago, estatuas y monumentos emblem\u00e1ticos, que homenajean al pe\u00f3n de estancia, a Los \u00faltimos charr\u00faas, al poeta oriental Bartolom\u00e9 Hidalgo, Mar\u00eda Stagnero de Munar, a la poetisa Mar\u00eda Eugenia Vaz Ferreira, a La Diligencia, entre tantos otros.<\/p>\n\n\n\n<p>En el parque y en sus aleda\u00f1os est\u00e1 el Hotel del Prado, que jam\u00e1s funcion\u00f3 como tal, sino como sal\u00f3n de fiestas; el Jard\u00edn Bot\u00e1nico; juegos para ni\u00f1os; el Museo Blanes; la residencia presidencial de Su\u00e1rez y Reyes; los pabellones y dem\u00e1s instalaciones para exposiciones de la Asociaci\u00f3n Rural.<\/p>\n\n\n\n<p>Pero el principal protagonista del parque es la combinaci\u00f3n de los colores de los caminos y arboledas que serenan el ritmo y producen armon\u00eda, convirtiendo al paseo en \u00fanico; y al instante, en eterno.<\/p>\n\n\n\n<p>Calendario<\/p>\n\n\n\n<p>17\/5\/2021: Apertura de inscripciones.<\/p>\n\n\n\n<p>31\/5\/2021: Cierre de Inscripciones.<\/p>\n\n\n\n<p>31\/5\/2021: Lanzamiento del concurso en v\u00eda zoom en&nbsp;<a href=\"https:\/\/salavirtual-udelar.zoom.us\/j\/83225454535?pwd=L0g1ZUJMYkd4UklqZm95ZW1CWXVEdz09\">https:\/\/salavirtual-udelar.zoom.us\/j\/83225454535?pwd=L0g1ZUJMYkd4UklqZm95ZW1CWXVEdz09<\/a><\/p>\n\n\n\n<p>2\/6\/2021: Capacitaci\u00f3n sobre iluminaci\u00f3n natural y artificial.<\/p>\n\n\n\n<p>16\/6\/2021: Fecha l\u00edmite de consultas.<\/p>\n\n\n\n<p>21\/6\/2021: Fecha l\u00edmite de respuesta a consultas realizadas.<\/p>\n\n\n\n<p>05\/7\/2021: Entrega de proyectos.<\/p>\n\n\n\n<p>12\/7\/2021: Entrega de fallos del jurado y premios.<\/p>\n\n\n\n<p>Bases de postulaci\u00f3n en el&nbsp;<a href=\"http:\/\/fadeu.urantiacos.cl\/images\/noticias\/2021\/Mayo\/BASES_Concurso_Ilumina_Prado_2_0_2_1-_FINAL_1_1.pdf\" target=\"_blank\" rel=\"noreferrer noopener\">PDF adjunto<\/a>.<\/p>\n\n\n\n<p>Para mayor informaci\u00f3n:&nbsp;<a href=\"mailto:iluminaprado@gmail.com\" target=\"_blank\" rel=\"noreferrer noopener\">iluminaprado@gmail.com<\/a><a href=\"mailto:%3Cspan%20id=\">Esta direcci\u00f3n de correo electr\u00f3nico est\u00e1 siendo protegida contra los robots de spam. Necesita tener JavaScript habilitado para poder verlo.&#8221;&gt;<\/a><\/p>\n\n\n\n<figure class=\"wp-block-image size-full\"><img decoding=\"async\" width=\"1024\" height=\"724\" src=\"https:\/\/fadeu.urantiacos.cl\/wp-content\/uploads\/2023\/09\/afiche_concurso_y_flyer-03.jpg\" alt=\"\" class=\"wp-image-6992\" srcset=\"https:\/\/fadeu.urantiacos.cl\/wp-content\/uploads\/2023\/09\/afiche_concurso_y_flyer-03.jpg 1024w, https:\/\/fadeu.urantiacos.cl\/wp-content\/uploads\/2023\/09\/afiche_concurso_y_flyer-03-300x212.jpg 300w, https:\/\/fadeu.urantiacos.cl\/wp-content\/uploads\/2023\/09\/afiche_concurso_y_flyer-03-768x543.jpg 768w\" sizes=\"(max-width: 1024px) 100vw, 1024px\" \/><figcaption class=\"wp-element-caption\">afiche concurso editable<\/figcaption><\/figure>\n","protected":false},"excerpt":{"rendered":"<p>\u201cIlumina Prado 2021, Uruguay\u201d es el nombre del concurso que convoca a \u201ctransformar el paisaje a trav\u00e9s de la luz\u201d, a trav\u00e9s de una organizaci\u00f3n conjunta entre el colectivo Dise\u00f1o de Paisaje y el Centro Universitario del Este<\/p>\n","protected":false},"author":1,"featured_media":6991,"comment_status":"open","ping_status":"open","sticky":false,"template":"","format":"standard","meta":{"_acf_changed":false,"footnotes":""},"categories":[1],"tags":[],"class_list":["post-6990","post","type-post","status-publish","format-standard","has-post-thumbnail","hentry","category-sin-categorizar"],"acf":[],"yoast_head":"<!-- This site is optimized with the Yoast SEO plugin v27.1.1 - https:\/\/yoast.com\/product\/yoast-seo-wordpress\/ -->\n<title>Montevideo, Uruguay: Convocan a concurso de ideas para iluminaci\u00f3n de paisajes - Facultad de Arquitectura, Dise\u00f1o y Estudios Urbanos<\/title>\n<meta name=\"description\" content=\"\u201cIlumina Prado 2021, Uruguay\u201d es el nombre del concurso que convoca a \u201ctransformar el paisaje a trav\u00e9s de la luz\u201d, a trav\u00e9s de una organizaci\u00f3n conjunta entre el colectivo Dise\u00f1o de Paisaje y el Centro Universitario del Este\" \/>\n<meta name=\"robots\" content=\"index, follow, max-snippet:-1, max-image-preview:large, max-video-preview:-1\" \/>\n<link rel=\"canonical\" href=\"https:\/\/fadeu.urantiacos.cl\/en\/2021\/05\/19\/montevideo-uruguay-convocan-a-concurso-de-ideas-para-iluminacion-de-paisajes\/\" \/>\n<meta property=\"og:locale\" content=\"en_US\" \/>\n<meta property=\"og:type\" content=\"article\" \/>\n<meta property=\"og:title\" content=\"Montevideo, Uruguay: Convocan a concurso de ideas para iluminaci\u00f3n de paisajes - Facultad de Arquitectura, Dise\u00f1o y Estudios Urbanos\" \/>\n<meta property=\"og:description\" content=\"\u201cIlumina Prado 2021, Uruguay\u201d es el nombre del concurso que convoca a \u201ctransformar el paisaje a trav\u00e9s de la luz\u201d, a trav\u00e9s de una organizaci\u00f3n conjunta entre el colectivo Dise\u00f1o de Paisaje y el Centro Universitario del Este\" \/>\n<meta property=\"og:url\" content=\"https:\/\/fadeu.urantiacos.cl\/en\/2021\/05\/19\/montevideo-uruguay-convocan-a-concurso-de-ideas-para-iluminacion-de-paisajes\/\" \/>\n<meta property=\"og:site_name\" content=\"Facultad de Arquitectura, Dise\u00f1o y Estudios Urbanos\" \/>\n<meta property=\"article:published_time\" content=\"2021-05-19T12:56:00+00:00\" \/>\n<meta property=\"article:modified_time\" content=\"2023-09-08T13:00:29+00:00\" \/>\n<meta property=\"og:image\" content=\"https:\/\/fadeu.urantiacos.cl\/wp-content\/uploads\/2023\/09\/web_afiche_concurso_y_flyer-03.jpg\" \/>\n\t<meta property=\"og:image:width\" content=\"350\" \/>\n\t<meta property=\"og:image:height\" content=\"250\" \/>\n\t<meta property=\"og:image:type\" content=\"image\/jpeg\" \/>\n<meta name=\"author\" content=\"manadmin\" \/>\n<meta name=\"twitter:card\" content=\"summary_large_image\" \/>\n<meta name=\"twitter:label1\" content=\"Written by\" \/>\n\t<meta name=\"twitter:data1\" content=\"manadmin\" \/>\n\t<meta name=\"twitter:label2\" content=\"Est. reading time\" \/>\n\t<meta name=\"twitter:data2\" content=\"1 minute\" \/>\n<script type=\"application\/ld+json\" class=\"yoast-schema-graph\">{\"@context\":\"https:\/\/schema.org\",\"@graph\":[{\"@type\":\"Article\",\"@id\":\"https:\/\/fadeu.urantiacos.cl\/en\/2021\/05\/19\/montevideo-uruguay-convocan-a-concurso-de-ideas-para-iluminacion-de-paisajes\/#article\",\"isPartOf\":{\"@id\":\"https:\/\/fadeu.urantiacos.cl\/en\/2021\/05\/19\/montevideo-uruguay-convocan-a-concurso-de-ideas-para-iluminacion-de-paisajes\/\"},\"author\":{\"name\":\"manadmin\",\"@id\":\"https:\/\/fadeu.urantiacos.cl\/en\/#\/schema\/person\/d203e2e84b1c40275eac77b3061a19a2\"},\"headline\":\"Montevideo, Uruguay: Convocan a concurso de ideas para iluminaci\u00f3n de paisajes\",\"datePublished\":\"2021-05-19T12:56:00+00:00\",\"dateModified\":\"2023-09-08T13:00:29+00:00\",\"mainEntityOfPage\":{\"@id\":\"https:\/\/fadeu.urantiacos.cl\/en\/2021\/05\/19\/montevideo-uruguay-convocan-a-concurso-de-ideas-para-iluminacion-de-paisajes\/\"},\"wordCount\":285,\"commentCount\":0,\"image\":{\"@id\":\"https:\/\/fadeu.urantiacos.cl\/en\/2021\/05\/19\/montevideo-uruguay-convocan-a-concurso-de-ideas-para-iluminacion-de-paisajes\/#primaryimage\"},\"thumbnailUrl\":\"https:\/\/fadeu.urantiacos.cl\/wp-content\/uploads\/2023\/09\/web_afiche_concurso_y_flyer-03.jpg\",\"articleSection\":[\"Sin categorizar\"],\"inLanguage\":\"en-US\",\"potentialAction\":[{\"@type\":\"CommentAction\",\"name\":\"Comment\",\"target\":[\"https:\/\/fadeu.urantiacos.cl\/en\/2021\/05\/19\/montevideo-uruguay-convocan-a-concurso-de-ideas-para-iluminacion-de-paisajes\/#respond\"]}]},{\"@type\":\"WebPage\",\"@id\":\"https:\/\/fadeu.urantiacos.cl\/en\/2021\/05\/19\/montevideo-uruguay-convocan-a-concurso-de-ideas-para-iluminacion-de-paisajes\/\",\"url\":\"https:\/\/fadeu.urantiacos.cl\/en\/2021\/05\/19\/montevideo-uruguay-convocan-a-concurso-de-ideas-para-iluminacion-de-paisajes\/\",\"name\":\"Montevideo, Uruguay: Convocan a concurso de ideas para iluminaci\u00f3n de paisajes - Facultad de Arquitectura, Dise\u00f1o y Estudios Urbanos\",\"isPartOf\":{\"@id\":\"https:\/\/fadeu.urantiacos.cl\/en\/#website\"},\"primaryImageOfPage\":{\"@id\":\"https:\/\/fadeu.urantiacos.cl\/en\/2021\/05\/19\/montevideo-uruguay-convocan-a-concurso-de-ideas-para-iluminacion-de-paisajes\/#primaryimage\"},\"image\":{\"@id\":\"https:\/\/fadeu.urantiacos.cl\/en\/2021\/05\/19\/montevideo-uruguay-convocan-a-concurso-de-ideas-para-iluminacion-de-paisajes\/#primaryimage\"},\"thumbnailUrl\":\"https:\/\/fadeu.urantiacos.cl\/wp-content\/uploads\/2023\/09\/web_afiche_concurso_y_flyer-03.jpg\",\"datePublished\":\"2021-05-19T12:56:00+00:00\",\"dateModified\":\"2023-09-08T13:00:29+00:00\",\"author\":{\"@id\":\"https:\/\/fadeu.urantiacos.cl\/en\/#\/schema\/person\/d203e2e84b1c40275eac77b3061a19a2\"},\"description\":\"\u201cIlumina Prado 2021, Uruguay\u201d es el nombre del concurso que convoca a \u201ctransformar el paisaje a trav\u00e9s de la luz\u201d, a trav\u00e9s de una organizaci\u00f3n conjunta entre el colectivo Dise\u00f1o de Paisaje y el Centro Universitario del Este\",\"breadcrumb\":{\"@id\":\"https:\/\/fadeu.urantiacos.cl\/en\/2021\/05\/19\/montevideo-uruguay-convocan-a-concurso-de-ideas-para-iluminacion-de-paisajes\/#breadcrumb\"},\"inLanguage\":\"en-US\",\"potentialAction\":[{\"@type\":\"ReadAction\",\"target\":[\"https:\/\/fadeu.urantiacos.cl\/en\/2021\/05\/19\/montevideo-uruguay-convocan-a-concurso-de-ideas-para-iluminacion-de-paisajes\/\"]}]},{\"@type\":\"ImageObject\",\"inLanguage\":\"en-US\",\"@id\":\"https:\/\/fadeu.urantiacos.cl\/en\/2021\/05\/19\/montevideo-uruguay-convocan-a-concurso-de-ideas-para-iluminacion-de-paisajes\/#primaryimage\",\"url\":\"https:\/\/fadeu.urantiacos.cl\/wp-content\/uploads\/2023\/09\/web_afiche_concurso_y_flyer-03.jpg\",\"contentUrl\":\"https:\/\/fadeu.urantiacos.cl\/wp-content\/uploads\/2023\/09\/web_afiche_concurso_y_flyer-03.jpg\",\"width\":350,\"height\":250},{\"@type\":\"BreadcrumbList\",\"@id\":\"https:\/\/fadeu.urantiacos.cl\/en\/2021\/05\/19\/montevideo-uruguay-convocan-a-concurso-de-ideas-para-iluminacion-de-paisajes\/#breadcrumb\",\"itemListElement\":[{\"@type\":\"ListItem\",\"position\":1,\"name\":\"Portada\",\"item\":\"https:\/\/fadeu.urantiacos.cl\/en\/\"},{\"@type\":\"ListItem\",\"position\":2,\"name\":\"Montevideo, Uruguay: Convocan a concurso de ideas para iluminaci\u00f3n de paisajes\"}]},{\"@type\":\"WebSite\",\"@id\":\"https:\/\/fadeu.urantiacos.cl\/en\/#website\",\"url\":\"https:\/\/fadeu.urantiacos.cl\/en\/\",\"name\":\"Facultad de Arquitectura, Dise\u00f1o y Estudios Urbanos\",\"description\":\"Campus Lo Contador\",\"potentialAction\":[{\"@type\":\"SearchAction\",\"target\":{\"@type\":\"EntryPoint\",\"urlTemplate\":\"https:\/\/fadeu.urantiacos.cl\/en\/?s={search_term_string}\"},\"query-input\":{\"@type\":\"PropertyValueSpecification\",\"valueRequired\":true,\"valueName\":\"search_term_string\"}}],\"inLanguage\":\"en-US\"},{\"@type\":\"Person\",\"@id\":\"https:\/\/fadeu.urantiacos.cl\/en\/#\/schema\/person\/d203e2e84b1c40275eac77b3061a19a2\",\"name\":\"manadmin\",\"image\":{\"@type\":\"ImageObject\",\"inLanguage\":\"en-US\",\"@id\":\"https:\/\/fadeu.urantiacos.cl\/en\/#\/schema\/person\/image\/\",\"url\":\"https:\/\/secure.gravatar.com\/avatar\/4b1d8e3303b4a9d8968ac578947d8bc80d9aea359f388cdd4aac15cadc0e8447?s=96&d=mm&r=g\",\"contentUrl\":\"https:\/\/secure.gravatar.com\/avatar\/4b1d8e3303b4a9d8968ac578947d8bc80d9aea359f388cdd4aac15cadc0e8447?s=96&d=mm&r=g\",\"caption\":\"manadmin\"},\"sameAs\":[\"https:\/\/fadeu.urantiacos.cl\"]}]}<\/script>\n<!-- \/ Yoast SEO plugin. -->","yoast_head_json":{"title":"Montevideo, Uruguay: Convocan a concurso de ideas para iluminaci\u00f3n de paisajes - Facultad de Arquitectura, Dise\u00f1o y Estudios Urbanos","description":"\u201cIlumina Prado 2021, Uruguay\u201d es el nombre del concurso que convoca a \u201ctransformar el paisaje a trav\u00e9s de la luz\u201d, a trav\u00e9s de una organizaci\u00f3n conjunta entre el colectivo Dise\u00f1o de Paisaje y el Centro Universitario del Este","robots":{"index":"index","follow":"follow","max-snippet":"max-snippet:-1","max-image-preview":"max-image-preview:large","max-video-preview":"max-video-preview:-1"},"canonical":"https:\/\/fadeu.urantiacos.cl\/en\/2021\/05\/19\/montevideo-uruguay-convocan-a-concurso-de-ideas-para-iluminacion-de-paisajes\/","og_locale":"en_US","og_type":"article","og_title":"Montevideo, Uruguay: Convocan a concurso de ideas para iluminaci\u00f3n de paisajes - Facultad de Arquitectura, Dise\u00f1o y Estudios Urbanos","og_description":"\u201cIlumina Prado 2021, Uruguay\u201d es el nombre del concurso que convoca a \u201ctransformar el paisaje a trav\u00e9s de la luz\u201d, a trav\u00e9s de una organizaci\u00f3n conjunta entre el colectivo Dise\u00f1o de Paisaje y el Centro Universitario del Este","og_url":"https:\/\/fadeu.urantiacos.cl\/en\/2021\/05\/19\/montevideo-uruguay-convocan-a-concurso-de-ideas-para-iluminacion-de-paisajes\/","og_site_name":"Facultad de Arquitectura, Dise\u00f1o y Estudios Urbanos","article_published_time":"2021-05-19T12:56:00+00:00","article_modified_time":"2023-09-08T13:00:29+00:00","og_image":[{"width":350,"height":250,"url":"https:\/\/fadeu.urantiacos.cl\/wp-content\/uploads\/2023\/09\/web_afiche_concurso_y_flyer-03.jpg","type":"image\/jpeg"}],"author":"manadmin","twitter_card":"summary_large_image","twitter_misc":{"Written by":"manadmin","Est. reading time":"1 minute"},"schema":{"@context":"https:\/\/schema.org","@graph":[{"@type":"Article","@id":"https:\/\/fadeu.urantiacos.cl\/en\/2021\/05\/19\/montevideo-uruguay-convocan-a-concurso-de-ideas-para-iluminacion-de-paisajes\/#article","isPartOf":{"@id":"https:\/\/fadeu.urantiacos.cl\/en\/2021\/05\/19\/montevideo-uruguay-convocan-a-concurso-de-ideas-para-iluminacion-de-paisajes\/"},"author":{"name":"manadmin","@id":"https:\/\/fadeu.urantiacos.cl\/en\/#\/schema\/person\/d203e2e84b1c40275eac77b3061a19a2"},"headline":"Montevideo, Uruguay: Convocan a concurso de ideas para iluminaci\u00f3n de paisajes","datePublished":"2021-05-19T12:56:00+00:00","dateModified":"2023-09-08T13:00:29+00:00","mainEntityOfPage":{"@id":"https:\/\/fadeu.urantiacos.cl\/en\/2021\/05\/19\/montevideo-uruguay-convocan-a-concurso-de-ideas-para-iluminacion-de-paisajes\/"},"wordCount":285,"commentCount":0,"image":{"@id":"https:\/\/fadeu.urantiacos.cl\/en\/2021\/05\/19\/montevideo-uruguay-convocan-a-concurso-de-ideas-para-iluminacion-de-paisajes\/#primaryimage"},"thumbnailUrl":"https:\/\/fadeu.urantiacos.cl\/wp-content\/uploads\/2023\/09\/web_afiche_concurso_y_flyer-03.jpg","articleSection":["Sin categorizar"],"inLanguage":"en-US","potentialAction":[{"@type":"CommentAction","name":"Comment","target":["https:\/\/fadeu.urantiacos.cl\/en\/2021\/05\/19\/montevideo-uruguay-convocan-a-concurso-de-ideas-para-iluminacion-de-paisajes\/#respond"]}]},{"@type":"WebPage","@id":"https:\/\/fadeu.urantiacos.cl\/en\/2021\/05\/19\/montevideo-uruguay-convocan-a-concurso-de-ideas-para-iluminacion-de-paisajes\/","url":"https:\/\/fadeu.urantiacos.cl\/en\/2021\/05\/19\/montevideo-uruguay-convocan-a-concurso-de-ideas-para-iluminacion-de-paisajes\/","name":"Montevideo, Uruguay: Convocan a concurso de ideas para iluminaci\u00f3n de paisajes - Facultad de Arquitectura, Dise\u00f1o y Estudios Urbanos","isPartOf":{"@id":"https:\/\/fadeu.urantiacos.cl\/en\/#website"},"primaryImageOfPage":{"@id":"https:\/\/fadeu.urantiacos.cl\/en\/2021\/05\/19\/montevideo-uruguay-convocan-a-concurso-de-ideas-para-iluminacion-de-paisajes\/#primaryimage"},"image":{"@id":"https:\/\/fadeu.urantiacos.cl\/en\/2021\/05\/19\/montevideo-uruguay-convocan-a-concurso-de-ideas-para-iluminacion-de-paisajes\/#primaryimage"},"thumbnailUrl":"https:\/\/fadeu.urantiacos.cl\/wp-content\/uploads\/2023\/09\/web_afiche_concurso_y_flyer-03.jpg","datePublished":"2021-05-19T12:56:00+00:00","dateModified":"2023-09-08T13:00:29+00:00","author":{"@id":"https:\/\/fadeu.urantiacos.cl\/en\/#\/schema\/person\/d203e2e84b1c40275eac77b3061a19a2"},"description":"\u201cIlumina Prado 2021, Uruguay\u201d es el nombre del concurso que convoca a \u201ctransformar el paisaje a trav\u00e9s de la luz\u201d, a trav\u00e9s de una organizaci\u00f3n conjunta entre el colectivo Dise\u00f1o de Paisaje y el Centro Universitario del Este","breadcrumb":{"@id":"https:\/\/fadeu.urantiacos.cl\/en\/2021\/05\/19\/montevideo-uruguay-convocan-a-concurso-de-ideas-para-iluminacion-de-paisajes\/#breadcrumb"},"inLanguage":"en-US","potentialAction":[{"@type":"ReadAction","target":["https:\/\/fadeu.urantiacos.cl\/en\/2021\/05\/19\/montevideo-uruguay-convocan-a-concurso-de-ideas-para-iluminacion-de-paisajes\/"]}]},{"@type":"ImageObject","inLanguage":"en-US","@id":"https:\/\/fadeu.urantiacos.cl\/en\/2021\/05\/19\/montevideo-uruguay-convocan-a-concurso-de-ideas-para-iluminacion-de-paisajes\/#primaryimage","url":"https:\/\/fadeu.urantiacos.cl\/wp-content\/uploads\/2023\/09\/web_afiche_concurso_y_flyer-03.jpg","contentUrl":"https:\/\/fadeu.urantiacos.cl\/wp-content\/uploads\/2023\/09\/web_afiche_concurso_y_flyer-03.jpg","width":350,"height":250},{"@type":"BreadcrumbList","@id":"https:\/\/fadeu.urantiacos.cl\/en\/2021\/05\/19\/montevideo-uruguay-convocan-a-concurso-de-ideas-para-iluminacion-de-paisajes\/#breadcrumb","itemListElement":[{"@type":"ListItem","position":1,"name":"Portada","item":"https:\/\/fadeu.urantiacos.cl\/en\/"},{"@type":"ListItem","position":2,"name":"Montevideo, Uruguay: Convocan a concurso de ideas para iluminaci\u00f3n de paisajes"}]},{"@type":"WebSite","@id":"https:\/\/fadeu.urantiacos.cl\/en\/#website","url":"https:\/\/fadeu.urantiacos.cl\/en\/","name":"Facultad de Arquitectura, Dise\u00f1o y Estudios Urbanos","description":"Campus Lo Contador","potentialAction":[{"@type":"SearchAction","target":{"@type":"EntryPoint","urlTemplate":"https:\/\/fadeu.urantiacos.cl\/en\/?s={search_term_string}"},"query-input":{"@type":"PropertyValueSpecification","valueRequired":true,"valueName":"search_term_string"}}],"inLanguage":"en-US"},{"@type":"Person","@id":"https:\/\/fadeu.urantiacos.cl\/en\/#\/schema\/person\/d203e2e84b1c40275eac77b3061a19a2","name":"manadmin","image":{"@type":"ImageObject","inLanguage":"en-US","@id":"https:\/\/fadeu.urantiacos.cl\/en\/#\/schema\/person\/image\/","url":"https:\/\/secure.gravatar.com\/avatar\/4b1d8e3303b4a9d8968ac578947d8bc80d9aea359f388cdd4aac15cadc0e8447?s=96&d=mm&r=g","contentUrl":"https:\/\/secure.gravatar.com\/avatar\/4b1d8e3303b4a9d8968ac578947d8bc80d9aea359f388cdd4aac15cadc0e8447?s=96&d=mm&r=g","caption":"manadmin"},"sameAs":["https:\/\/fadeu.urantiacos.cl"]}]}},"_links":{"self":[{"href":"https:\/\/fadeu.urantiacos.cl\/en\/wp-json\/wp\/v2\/posts\/6990","targetHints":{"allow":["GET"]}}],"collection":[{"href":"https:\/\/fadeu.urantiacos.cl\/en\/wp-json\/wp\/v2\/posts"}],"about":[{"href":"https:\/\/fadeu.urantiacos.cl\/en\/wp-json\/wp\/v2\/types\/post"}],"author":[{"embeddable":true,"href":"https:\/\/fadeu.urantiacos.cl\/en\/wp-json\/wp\/v2\/users\/1"}],"replies":[{"embeddable":true,"href":"https:\/\/fadeu.urantiacos.cl\/en\/wp-json\/wp\/v2\/comments?post=6990"}],"version-history":[{"count":1,"href":"https:\/\/fadeu.urantiacos.cl\/en\/wp-json\/wp\/v2\/posts\/6990\/revisions"}],"predecessor-version":[{"id":6993,"href":"https:\/\/fadeu.urantiacos.cl\/en\/wp-json\/wp\/v2\/posts\/6990\/revisions\/6993"}],"wp:featuredmedia":[{"embeddable":true,"href":"https:\/\/fadeu.urantiacos.cl\/en\/wp-json\/wp\/v2\/media\/6991"}],"wp:attachment":[{"href":"https:\/\/fadeu.urantiacos.cl\/en\/wp-json\/wp\/v2\/media?parent=6990"}],"wp:term":[{"taxonomy":"category","embeddable":true,"href":"https:\/\/fadeu.urantiacos.cl\/en\/wp-json\/wp\/v2\/categories?post=6990"},{"taxonomy":"post_tag","embeddable":true,"href":"https:\/\/fadeu.urantiacos.cl\/en\/wp-json\/wp\/v2\/tags?post=6990"}],"curies":[{"name":"wp","href":"https:\/\/api.w.org\/{rel}","templated":true}]}}