{"id":6982,"date":"2021-05-20T09:50:00","date_gmt":"2021-05-20T12:50:00","guid":{"rendered":"https:\/\/fadeu.urantiacos.cl\/?p=6982"},"modified":"2023-09-08T09:56:39","modified_gmt":"2023-09-08T12:56:39","slug":"proyecto-anid-covid-del-ieut-presenta-primeros-resultados-sobre-la-huella-de-carbono-en-hogares-de-chile-en-pandemia","status":"publish","type":"post","link":"https:\/\/fadeu.urantiacos.cl\/en\/2021\/05\/20\/proyecto-anid-covid-del-ieut-presenta-primeros-resultados-sobre-la-huella-de-carbono-en-hogares-de-chile-en-pandemia\/","title":{"rendered":"Proyecto ANID-COVID del IEUT presenta primeros resultados sobre la huella de carbono en hogares de Chile en Pandemia"},"content":{"rendered":"\n<figure class=\"wp-block-image size-full\"><img decoding=\"async\" width=\"350\" height=\"250\" src=\"https:\/\/fadeu.urantiacos.cl\/wp-content\/uploads\/2023\/09\/web_info-huella-1.jpg\" alt=\"\" class=\"wp-image-6983\" srcset=\"https:\/\/fadeu.urantiacos.cl\/wp-content\/uploads\/2023\/09\/web_info-huella-1.jpg 350w, https:\/\/fadeu.urantiacos.cl\/wp-content\/uploads\/2023\/09\/web_info-huella-1-300x214.jpg 300w\" sizes=\"(max-width: 350px) 100vw, 350px\" \/><\/figure>\n\n\n\n<p>Debido a lo anterior, el proyecto titulado \u201cImpactos del COVID en la huella de carbono de hogares de Chile\u201d (dirigido por la profesora Carolina Rojas, y en el que participan los profesores Felipe Irarr\u00e1zaval, Kay Bergamini, Gonzalo Salazar y Caroline Stamm, y en el que tambi\u00e9n participan investigadores j\u00f3venes como Marc Quintana e investigadores CEDEUS como Francois Simon, Helen de la Fuente y Bryan Castillo, adem\u00e1s de colaboradores regionales y estudiantes de doctorado UC), tiene por objetivo medir la huella de carbono de los hogares en ciudades chilenas afectadas por el COVID-19 pre, durante y post medidas de confinamiento para estimar cambios en los consumos de los hogares chilenos, con la finalidad de aportar con propuestas para la sustentabilidad ambiental y econ\u00f3mica en las emisiones CO2 y los presupuestos familiares de los hogares.<\/p>\n\n\n\n<p>\u201cAnte los desaf\u00edos que impone el COVID-19, el cambio clim\u00e1tico y la Agenda 2030 de sustentabilidad es relevante conocer estos aspectos en hogares situados en ciudades intermedias vulnerables al aumento de enfermedades respiratorias por sus condiciones socio-ambientales para enfrentar un escenario de crisis por la pandemia y crisis econ\u00f3mica global\u201d, plantea el equipo investigador, por lo tanto, se seleccionaron cuatro \u00e1reas de estudio del centro-sur de Chile: Coronel (Biob\u00edo), Temuco (La Araucan\u00eda), Valdivia (Los R\u00edos) y Osorno (Los Lagos).<\/p>\n\n\n\n<h3 class=\"wp-block-heading\">Primeros resultados<\/h3>\n\n\n\n<p>El pasado 17 de mayo, la profesora Rojas present\u00f3 los primeros resultados del proyecto en un conversatorio organizado por el Instituto de Estudios Urbanos y la Direcci\u00f3n de Sustentabilidad UC, en el que participaron, adem\u00e1s, el director del Instituto de Estudios Urbanos, Luis Fuentes; la Seremi de Ciencia, Tecnolog\u00eda, Conocimiento e Innovaci\u00f3n de la Macrozona Centro Sur de Chile, Paulina Assman; el Seremi de Medio Ambiente de Los R\u00edos, Daniel del Campo; y el jefe de la Divisi\u00f3n de Estudios y Pol\u00edticas del Ministerio de Energ\u00eda, Carlos Barr\u00eda.<\/p>\n\n\n\n<p>\u201cSe encuestaron 1.200 hogares en invierno de 2020 y 1.200 en verano de 2021. Entre sus principales caracter\u00edsticas est\u00e1n que son hogares con 3 integrantes, viviendas de materiales mixtos, en promedio de 85 metros cuadrados con 4 habitaciones, y en un 30% son completamente de Madera. Los datos recolectados permiten analizar c\u00f3mo han cambiado los consumos en los hogares de las ciudades de coronel, Temuco, Osorno y Valdivia, durante la pandemia, cambios de comportamiento que repercuten en las emisiones de CO2 de las ciudades\u201d, explic\u00f3 Rojas.<\/p>\n\n\n\n<figure class=\"wp-block-image size-full\"><img decoding=\"async\" width=\"842\" height=\"746\" src=\"https:\/\/fadeu.urantiacos.cl\/wp-content\/uploads\/2023\/09\/info-huella-1.jpg\" alt=\"\" class=\"wp-image-6984\" srcset=\"https:\/\/fadeu.urantiacos.cl\/wp-content\/uploads\/2023\/09\/info-huella-1.jpg 842w, https:\/\/fadeu.urantiacos.cl\/wp-content\/uploads\/2023\/09\/info-huella-1-300x266.jpg 300w, https:\/\/fadeu.urantiacos.cl\/wp-content\/uploads\/2023\/09\/info-huella-1-768x680.jpg 768w\" sizes=\"(max-width: 842px) 100vw, 842px\" \/><\/figure>\n\n\n\n<p>https:\/\/estudiosurbanos.uc.cl\/wp-content\/uploads\/2021\/05\/info-huella-1-300&#215;266.jpg 300w,&nbsp;<a href=\"https:\/\/estudiosurbanos.uc.cl\/wp-content\/uploads\/2021\/05\/info-huella-1-768x680.jpg\">https:\/\/estudiosurbanos.uc.cl\/wp-content\/uploads\/2021\/05\/info-huella-1-768&#215;680.jpg<\/a>&nbsp;768w&#8221; sizes=&#8221;(max-width: 842px) 100vw, 842px&#8221; style=&#8221;box-sizing: border-box; vertical-align: middle; border-style: none; max-width: 100%; height: auto; border-radius: inherit;&#8221;&gt;<\/p>\n\n\n\n<p>Los resultados arrojaron que, en promedio, el 79% de los hogares usa la le\u00f1a como principal energ\u00e9tico de calefacci\u00f3n durante siete meses del a\u00f1o, con un gasto promedio en pandemia superior a los 250 mil pesos (en el caso de Valdivia, es la ciudad con m\u00e1s gasto en calefacci\u00f3n, superando los 300 mil pesos, y Osorno es la ciudad con la calefacci\u00f3n encendida durante m\u00e1s meses del a\u00f1o, alrededor de ocho meses).<\/p>\n\n\n\n<p>El 22% de los hogares usa electricidad para calefacci\u00f3n, con un gasto promedio que se increment\u00f3 en pandemia a 160 mil pesos. El gas licuado es fundamental para cocinar y tener agua caliente en los hogares, y la pandemia aument\u00f3 el consumo en 10 mil pesos.<\/p>\n\n\n\n<p>El consumo promedio de electricidad super\u00f3 los 50 mil pesos, siendo Valdivia la ciudad que m\u00e1s uso esta fuente de energ\u00eda.<\/p>\n\n\n\n<figure class=\"wp-block-image size-full\"><img decoding=\"async\" width=\"747\" height=\"1024\" src=\"https:\/\/fadeu.urantiacos.cl\/wp-content\/uploads\/2023\/09\/info-huella-2-747x1024-2.jpg\" alt=\"\" class=\"wp-image-6986\" srcset=\"https:\/\/fadeu.urantiacos.cl\/wp-content\/uploads\/2023\/09\/info-huella-2-747x1024-2.jpg 747w, https:\/\/fadeu.urantiacos.cl\/wp-content\/uploads\/2023\/09\/info-huella-2-747x1024-2-219x300.jpg 219w\" sizes=\"(max-width: 747px) 100vw, 747px\" \/><\/figure>\n\n\n\n<p>https:\/\/estudiosurbanos.uc.cl\/wp-content\/uploads\/2021\/05\/info-huella-2-219&#215;300.jpg 219w,&nbsp;<a href=\"https:\/\/estudiosurbanos.uc.cl\/wp-content\/uploads\/2021\/05\/info-huella-2-768x1053.jpg\">https:\/\/estudiosurbanos.uc.cl\/wp-content\/uploads\/2021\/05\/info-huella-2-768&#215;1053.jpg<\/a>&nbsp;768w,&nbsp;<a href=\"https:\/\/estudiosurbanos.uc.cl\/wp-content\/uploads\/2021\/05\/info-huella-2-1120x1536.jpg\">https:\/\/estudiosurbanos.uc.cl\/wp-content\/uploads\/2021\/05\/info-huella-2-1120&#215;1536.jpg<\/a>&nbsp;1120w,&nbsp;<a href=\"https:\/\/estudiosurbanos.uc.cl\/wp-content\/uploads\/2021\/05\/info-huella-2-1493x2048.jpg\">https:\/\/estudiosurbanos.uc.cl\/wp-content\/uploads\/2021\/05\/info-huella-2-1493&#215;2048.jpg<\/a>&nbsp;1493w,&nbsp;<a href=\"https:\/\/estudiosurbanos.uc.cl\/wp-content\/uploads\/2021\/05\/info-huella-2-scaled.jpg\">https:\/\/estudiosurbanos.uc.cl\/wp-content\/uploads\/2021\/05\/info-huella-2-scaled.jpg<\/a>&nbsp;1866w&#8221; sizes=&#8221;(max-width: 747px) 100vw, 747px&#8221; style=&#8221;box-sizing: border-box; vertical-align: middle; border-style: none; max-width: 100%; height: auto; border-radius: inherit;&#8221;&gt;<\/p>\n\n\n\n<h3 class=\"wp-block-heading\">Movilidad<\/h3>\n\n\n\n<p>El equipo investigador inform\u00f3 que el 75% de los hogares declar\u00f3 tener auto como principal modo de transporte para ir al trabajo (la gran mayor\u00eda de ellos con funcionamiento a base de gasolina, con un consumo promedio de 76 mil pesos en invierno).<\/p>\n\n\n\n<p>\u201cValdivia es la ciudad que m\u00e1s usa el autom\u00f3vil; el transporte p\u00fablico era el principal modo para ir a estudiar; Coronel es la ciudad que m\u00e1s usa el transporte p\u00fablico; durante la pandemia una persona del hogar sigue trabajando fuera de casa; y cuando se trabaja dentro de la ciudad el promedio del viaje laboral es de menos de 5 kil\u00f3metros\u201d, son algunos de los datos m\u00e1s interesantes en lo que refiere a movilidad.<\/p>\n\n\n\n<p>Asimismo, informaron, los resultados mostraron que en uno de cada tres hogares encuestado hay una persona con modalidad de teletrabajo, y que el 16% de los hogares declar\u00f3 haber adquirido un veh\u00edculo durante la pandemia, aumentando el uso del auto particular en desmedro del transporte p\u00fablico.<\/p>\n\n\n\n<p>Los desplazamientos por ocio disminuyeron durante la pandemia (solo un 36% de los hogares sale los fines de semana, y de estos un 50% lo hace fuera de la comuna).<\/p>\n\n\n\n<p>Adem\u00e1s, la muestra arroja que si antes de la pandemia las personas declaraban salir siete veces a la semana a comprar alimentos, hoy manifiestan que salen solo cuatro veces, un 74% lo hace en supermercados, un 30% en ferias, y un 21% en almacenes de barrio, mientras que un 32% declar\u00f3 hacer compras por delievery, modalidad que se triplic\u00f3 durante la pandemia. \u201cUn 33% declar\u00f3 pedir comida r\u00e1pida, y un 19% frutas y verduras, productos que llegan en autom\u00f3viles o motocicletas. Con ello, los emprendimientos locales han emergido con mucha fuerza, representando el 63% de las compras de comida a domicilio\u201d, sostuvo Rojas.<\/p>\n\n\n\n<figure class=\"wp-block-image size-full\"><img decoding=\"async\" width=\"586\" height=\"1024\" src=\"https:\/\/fadeu.urantiacos.cl\/wp-content\/uploads\/2023\/09\/info-huella-3-586x1024-1.jpg\" alt=\"\" class=\"wp-image-6987\" srcset=\"https:\/\/fadeu.urantiacos.cl\/wp-content\/uploads\/2023\/09\/info-huella-3-586x1024-1.jpg 586w, https:\/\/fadeu.urantiacos.cl\/wp-content\/uploads\/2023\/09\/info-huella-3-586x1024-1-172x300.jpg 172w\" sizes=\"(max-width: 586px) 100vw, 586px\" \/><\/figure>\n\n\n\n<p>https:\/\/estudiosurbanos.uc.cl\/wp-content\/uploads\/2021\/05\/info-huella-3-172&#215;300.jpg 172w,&nbsp;<a href=\"https:\/\/estudiosurbanos.uc.cl\/wp-content\/uploads\/2021\/05\/info-huella-3-768x1341.jpg\">https:\/\/estudiosurbanos.uc.cl\/wp-content\/uploads\/2021\/05\/info-huella-3-768&#215;1341.jpg<\/a>&nbsp;768w,&nbsp;<a href=\"https:\/\/estudiosurbanos.uc.cl\/wp-content\/uploads\/2021\/05\/info-huella-3-880x1536.jpg\">https:\/\/estudiosurbanos.uc.cl\/wp-content\/uploads\/2021\/05\/info-huella-3-880&#215;1536.jpg<\/a>&nbsp;880w,&nbsp;<a href=\"https:\/\/estudiosurbanos.uc.cl\/wp-content\/uploads\/2021\/05\/info-huella-3-1173x2048.jpg\">https:\/\/estudiosurbanos.uc.cl\/wp-content\/uploads\/2021\/05\/info-huella-3-1173&#215;2048.jpg<\/a>&nbsp;1173w,&nbsp;<a href=\"https:\/\/estudiosurbanos.uc.cl\/wp-content\/uploads\/2021\/05\/info-huella-3-scaled.jpg\">https:\/\/estudiosurbanos.uc.cl\/wp-content\/uploads\/2021\/05\/info-huella-3-scaled.jpg<\/a>&nbsp;1466w&#8221; sizes=&#8221;(max-width: 586px) 100vw, 586px&#8221; style=&#8221;box-sizing: border-box; vertical-align: middle; border-style: none; max-width: 100%; height: auto; border-radius: inherit;&#8221;&gt;<\/p>\n\n\n\n<h3 class=\"wp-block-heading\">Conciencia ambiental y cambios sustentables<\/h3>\n\n\n\n<p>\u201cA pesar de todos los efectos negativos de la pandemia, los hogares han hecho algunos cambios de comportamientos positivos en la reducci\u00f3n de emisiones\u201d, explic\u00f3 el equipo.<\/p>\n\n\n\n<p>Al respecto, un 31% de los hogares declar\u00f3 haber aislado t\u00e9rmicamente su vivienda en el invierno en pandemia; un 11% dijo haber cambiado sus calefactores en invierno en pandemia; el 42% de los hogares se\u00f1ala haber usado m\u00e1s la bicicleta o caminado m\u00e1s en verano; m\u00e1s del 50% de los hogares dijo haber modificado sus h\u00e1bitos alimenticios a dietas m\u00e1s saludables en verano; y el 43% de los declar\u00f3 haber hecho una huerta en casa durante la pandemia en verano.<\/p>\n\n\n\n<figure class=\"wp-block-image size-full\"><img decoding=\"async\" width=\"788\" height=\"1024\" src=\"https:\/\/fadeu.urantiacos.cl\/wp-content\/uploads\/2023\/09\/info-huella-4-788x1024-1.jpg\" alt=\"\" class=\"wp-image-6988\" srcset=\"https:\/\/fadeu.urantiacos.cl\/wp-content\/uploads\/2023\/09\/info-huella-4-788x1024-1.jpg 788w, https:\/\/fadeu.urantiacos.cl\/wp-content\/uploads\/2023\/09\/info-huella-4-788x1024-1-231x300.jpg 231w, https:\/\/fadeu.urantiacos.cl\/wp-content\/uploads\/2023\/09\/info-huella-4-788x1024-1-768x998.jpg 768w\" sizes=\"(max-width: 788px) 100vw, 788px\" \/><\/figure>\n\n\n\n<p>https:\/\/estudiosurbanos.uc.cl\/wp-content\/uploads\/2021\/05\/info-huella-4-231&#215;300.jpg 231w,&nbsp;<a href=\"https:\/\/estudiosurbanos.uc.cl\/wp-content\/uploads\/2021\/05\/info-huella-4-768x998.jpg\">https:\/\/estudiosurbanos.uc.cl\/wp-content\/uploads\/2021\/05\/info-huella-4-768&#215;998.jpg<\/a>&nbsp;768w,&nbsp;<a href=\"https:\/\/estudiosurbanos.uc.cl\/wp-content\/uploads\/2021\/05\/info-huella-4-1181x1536.jpg\">https:\/\/estudiosurbanos.uc.cl\/wp-content\/uploads\/2021\/05\/info-huella-4-1181&#215;1536.jpg<\/a>&nbsp;1181w,&nbsp;<a href=\"https:\/\/estudiosurbanos.uc.cl\/wp-content\/uploads\/2021\/05\/info-huella-4-1575x2048.jpg\">https:\/\/estudiosurbanos.uc.cl\/wp-content\/uploads\/2021\/05\/info-huella-4-1575&#215;2048.jpg<\/a>&nbsp;1575w,&nbsp;<a href=\"https:\/\/estudiosurbanos.uc.cl\/wp-content\/uploads\/2021\/05\/info-huella-4-scaled.jpg\">https:\/\/estudiosurbanos.uc.cl\/wp-content\/uploads\/2021\/05\/info-huella-4-scaled.jpg<\/a>&nbsp;1969w&#8221; sizes=&#8221;(max-width: 788px) 100vw, 788px&#8221; style=&#8221;box-sizing: border-box; vertical-align: middle; border-style: none; max-width: 100%; height: auto; border-radius: inherit;&#8221;&gt;<\/p>\n\n\n\n<p>Por supuesto, a trav\u00e9s de estos patrones de consumo y comportamientos detectados se estimaron las emisiones de CO2&nbsp;de los hogares en tres tiempos: antes de la pandemia, en invierno y en verano, determinado la trayectoria de las emisiones en pandemia, las cuales se espera publicar en art\u00edculos cient\u00edficos, as\u00ed como en documentos de trabajo. &nbsp;\u201cEn resumen se han identificado cambios positivos a potenciar como una tendencia leve de cambio de calefacci\u00f3n de le\u00f1a a electricidad, la cual se debe potenciar con incentivos a los hogares, adem\u00e1s de las medidas que implica la transici\u00f3n energ\u00e9tica del pa\u00eds, y la compra de alimentos en locales de proximidad, reduciendo movilidad y fortaleciendo el comercio local , as\u00ed como el avance en efectos m\u00e1s nocivos, a los cuales se debe poner atenci\u00f3n en las ciudades post COVID de tama\u00f1o medio como el considerable aumento del parque automotriz y el comercio online que pude implicar un aumento de embalaje y de modos de transporte altos en emisi\u00f3n y contaminaci\u00f3n\u201d, advirti\u00f3 Rojas<\/p>\n\n\n\n<h3 class=\"wp-block-heading\">Impresiones<\/h3>\n\n\n\n<p>El Seremi de Medio Ambiente de Los R\u00edos, Daniel Del Campo, agradeci\u00f3 los resultados y sostuvo que \u201cefectivamente en Valdivia existe un mayor consumo de le\u00f1a que en otras ciudades del centro-sur de Chile, y nos sorprende mucho la cifra de personas que manifestaron haber realizado alg\u00fan tipo de aislamiento t\u00e9rmico en sus hogares\u201d, agradeciendo el trabajo realizado, destacando \u201ceste gran primer paso en este an\u00e1lisis a la huella de carbono\u201d.<\/p>\n\n\n\n<p>La seremi de Ciencia, Tecnolog\u00eda, Conocimiento e Innovaci\u00f3n de la Macrozona Centro Sur de Chile, Paulina Assman, advirti\u00f3 que \u201cuno de los grandes desaf\u00edos que hemos tenido como Ministerio es poner la evidencia cient\u00edfica a disposici\u00f3n de la pol\u00edtica p\u00fablica y la toma de decisiones, y este es un tremendo insumo para ir en esa l\u00ednea, porque apoya decisiones con informaci\u00f3n relevante que nace de un trabajo serio y responsable, y que se constituye como un punto de partida para futuras pol\u00edticas p\u00fablicas en la materia\u201d.<\/p>\n\n\n\n<p>Por su parte, el jefe de la Divisi\u00f3n de Estudios y Pol\u00edticas del Ministerio de Energ\u00eda, Carlos Barr\u00eda, junto con agradecer los resultados, sostuvo que \u201cuna de las cosas que nos falta para enfrentar estos grandes desaf\u00edos que plantea la contaminaci\u00f3n atmosf\u00e9rica es justamente la informaci\u00f3n, que nos permita tomar decisiones y resolver problemas\u201d. Sobre esa base, agreg\u00f3 que \u201cser\u00eda muy \u00fatil proyectar estos resultados hacia otras zonas del pa\u00eds y orientar los resultados para construir pol\u00edticas p\u00fablicas que vayan a mejorar la calidad de vida de las personas\u201d.<\/p>\n\n\n\n<p>Al cierre de la ronda de comentarios, el director del Instituto de Estudios Urbanos, Luis Fuentes, agradeci\u00f3 la invitaci\u00f3n y advirti\u00f3 que \u201cel solo hecho de haberse adjudicado este proyecto ya es un gran m\u00e9rito, y los resultados no solamente tienen un inter\u00e9s acad\u00e9mico, cient\u00edfico, sino tambi\u00e9n de trascender hacia desaf\u00edos de pol\u00edtica p\u00fablica gigantescos\u201d.<\/p>\n\n\n\n<p>\u201cCuando hay incertidumbre sobre c\u00f3mo ser\u00e1n las ciudades post-pandemia, se hace imprescindible tener datos, informaci\u00f3n y certezas sobre diversos temas, para poder establecer estrategias en todo \u00e1mbito, y ac\u00e1 nos convoca una tem\u00e1tica que nos convoca desde distintos \u00e1ngulos de acci\u00f3n, para lo cual ser\u00eda interesante que estas tem\u00e1ticas fueran incorporadas a la planificaci\u00f3n urbana, para que al momento de planificar la ciudad y los distintos territorios las instituciones cuenten con la mayor cantidad de informaci\u00f3n posible, y en ese sentido este proyecto y sus resultados es fundamental\u201d, agreg\u00f3 Fuentes.<\/p>\n\n\n\n<p>El proyecto responde a una convocatoria de la Agencia Nacional de Investigaci\u00f3n y Desarrollo (ANID) 2020-201, en la l\u00ednea de estudio de Sustentabilidad, Territorio y cambio clim\u00e1tico, en la escala de Ciudades Intermedias.<\/p>\n\n\n\n<h3 class=\"wp-block-heading\">Revisa el conversatorio en el canal de YouTube de UC Sustentable<\/h3>\n\n\n\n<figure class=\"wp-block-embed is-type-video is-provider-youtube wp-block-embed-youtube wp-embed-aspect-16-9 wp-has-aspect-ratio\"><div class=\"wp-block-embed__wrapper\">\n<iframe loading=\"lazy\" title=\"Conversatorio \u201cImpactos del Covid-19 en la Huella de Carbono de hogares de Chile\u201d\" width=\"500\" height=\"281\" src=\"https:\/\/www.youtube.com\/embed\/_E57D_ZJ8N0?feature=oembed\" frameborder=\"0\" allow=\"accelerometer; autoplay; clipboard-write; encrypted-media; gyroscope; picture-in-picture; web-share\" referrerpolicy=\"strict-origin-when-cross-origin\" allowfullscreen><\/iframe>\n<\/div><\/figure>\n","protected":false},"excerpt":{"rendered":"<p>Uno de los impactos positivos del COVID-19, destacado a nivel internacional ha sido la reducci\u00f3n de las emisiones de CO2 y de la huella de carbono, lo cual puede ser una excelente oportunidad para implementar medidas que ayuden a la sustentabilidad de las ciudades. Sin embargo, las cifras globales no indagan suficientemente en el tema de la huella de carbono de los hogares, la cual podr\u00eda haber bajado en algunas dimensiones como la movilidad, pero subido en otras, y tampoco sobre zonas con alta contaminaci\u00f3n del aire como las ciudades del centro-sur de Chile.<\/p>\n","protected":false},"author":1,"featured_media":6983,"comment_status":"open","ping_status":"open","sticky":false,"template":"","format":"standard","meta":{"_acf_changed":false,"footnotes":""},"categories":[1],"tags":[],"class_list":["post-6982","post","type-post","status-publish","format-standard","has-post-thumbnail","hentry","category-sin-categorizar"],"acf":[],"yoast_head":"<!-- This site is optimized with the Yoast SEO plugin v27.1.1 - https:\/\/yoast.com\/product\/yoast-seo-wordpress\/ -->\n<title>Proyecto ANID-COVID del IEUT presenta primeros resultados sobre la huella de carbono en hogares de Chile en Pandemia - Facultad de Arquitectura, Dise\u00f1o y Estudios Urbanos<\/title>\n<meta name=\"description\" content=\"Uno de los impactos positivos del COVID-19, destacado a nivel internacional ha sido la reducci\u00f3n de las emisiones de CO2 y de la huella de carbono, lo cual puede ser una excelente oportunidad para implementar medidas que ayuden a la sustentabilidad de las ciudades. Sin embargo, las cifras globales no indagan suficientemente en el tema de la huella de carbono de los hogares, la cual podr\u00eda haber bajado en algunas dimensiones como la movilidad, pero subido en otras, y tampoco sobre zonas con alta contaminaci\u00f3n del aire como las ciudades del centro-sur de Chile.\" \/>\n<meta name=\"robots\" content=\"index, follow, max-snippet:-1, max-image-preview:large, max-video-preview:-1\" \/>\n<link rel=\"canonical\" href=\"https:\/\/fadeu.urantiacos.cl\/en\/2021\/05\/20\/proyecto-anid-covid-del-ieut-presenta-primeros-resultados-sobre-la-huella-de-carbono-en-hogares-de-chile-en-pandemia\/\" \/>\n<meta property=\"og:locale\" content=\"en_US\" \/>\n<meta property=\"og:type\" content=\"article\" \/>\n<meta property=\"og:title\" content=\"Proyecto ANID-COVID del IEUT presenta primeros resultados sobre la huella de carbono en hogares de Chile en Pandemia - Facultad de Arquitectura, Dise\u00f1o y Estudios Urbanos\" \/>\n<meta property=\"og:description\" content=\"Uno de los impactos positivos del COVID-19, destacado a nivel internacional ha sido la reducci\u00f3n de las emisiones de CO2 y de la huella de carbono, lo cual puede ser una excelente oportunidad para implementar medidas que ayuden a la sustentabilidad de las ciudades. Sin embargo, las cifras globales no indagan suficientemente en el tema de la huella de carbono de los hogares, la cual podr\u00eda haber bajado en algunas dimensiones como la movilidad, pero subido en otras, y tampoco sobre zonas con alta contaminaci\u00f3n del aire como las ciudades del centro-sur de Chile.\" \/>\n<meta property=\"og:url\" content=\"https:\/\/fadeu.urantiacos.cl\/en\/2021\/05\/20\/proyecto-anid-covid-del-ieut-presenta-primeros-resultados-sobre-la-huella-de-carbono-en-hogares-de-chile-en-pandemia\/\" \/>\n<meta property=\"og:site_name\" content=\"Facultad de Arquitectura, Dise\u00f1o y Estudios Urbanos\" \/>\n<meta property=\"article:published_time\" content=\"2021-05-20T12:50:00+00:00\" \/>\n<meta property=\"article:modified_time\" content=\"2023-09-08T12:56:39+00:00\" \/>\n<meta property=\"og:image\" content=\"https:\/\/fadeu.urantiacos.cl\/wp-content\/uploads\/2023\/09\/web_info-huella-1.jpg\" \/>\n\t<meta property=\"og:image:width\" content=\"350\" \/>\n\t<meta property=\"og:image:height\" content=\"250\" \/>\n\t<meta property=\"og:image:type\" content=\"image\/jpeg\" \/>\n<meta name=\"author\" content=\"manadmin\" \/>\n<meta name=\"twitter:card\" content=\"summary_large_image\" \/>\n<meta name=\"twitter:label1\" content=\"Written by\" \/>\n\t<meta name=\"twitter:data1\" content=\"manadmin\" \/>\n\t<meta name=\"twitter:label2\" content=\"Est. reading time\" \/>\n\t<meta name=\"twitter:data2\" content=\"10 minutes\" \/>\n<script type=\"application\/ld+json\" class=\"yoast-schema-graph\">{\"@context\":\"https:\/\/schema.org\",\"@graph\":[{\"@type\":\"Article\",\"@id\":\"https:\/\/fadeu.urantiacos.cl\/en\/2021\/05\/20\/proyecto-anid-covid-del-ieut-presenta-primeros-resultados-sobre-la-huella-de-carbono-en-hogares-de-chile-en-pandemia\/#article\",\"isPartOf\":{\"@id\":\"https:\/\/fadeu.urantiacos.cl\/en\/2021\/05\/20\/proyecto-anid-covid-del-ieut-presenta-primeros-resultados-sobre-la-huella-de-carbono-en-hogares-de-chile-en-pandemia\/\"},\"author\":{\"name\":\"manadmin\",\"@id\":\"https:\/\/fadeu.urantiacos.cl\/en\/#\/schema\/person\/d203e2e84b1c40275eac77b3061a19a2\"},\"headline\":\"Proyecto ANID-COVID del IEUT presenta primeros resultados sobre la huella de carbono en hogares de Chile en Pandemia\",\"datePublished\":\"2021-05-20T12:50:00+00:00\",\"dateModified\":\"2023-09-08T12:56:39+00:00\",\"mainEntityOfPage\":{\"@id\":\"https:\/\/fadeu.urantiacos.cl\/en\/2021\/05\/20\/proyecto-anid-covid-del-ieut-presenta-primeros-resultados-sobre-la-huella-de-carbono-en-hogares-de-chile-en-pandemia\/\"},\"wordCount\":1931,\"commentCount\":0,\"image\":{\"@id\":\"https:\/\/fadeu.urantiacos.cl\/en\/2021\/05\/20\/proyecto-anid-covid-del-ieut-presenta-primeros-resultados-sobre-la-huella-de-carbono-en-hogares-de-chile-en-pandemia\/#primaryimage\"},\"thumbnailUrl\":\"https:\/\/fadeu.urantiacos.cl\/wp-content\/uploads\/2023\/09\/web_info-huella-1.jpg\",\"articleSection\":[\"Sin categorizar\"],\"inLanguage\":\"en-US\",\"potentialAction\":[{\"@type\":\"CommentAction\",\"name\":\"Comment\",\"target\":[\"https:\/\/fadeu.urantiacos.cl\/en\/2021\/05\/20\/proyecto-anid-covid-del-ieut-presenta-primeros-resultados-sobre-la-huella-de-carbono-en-hogares-de-chile-en-pandemia\/#respond\"]}]},{\"@type\":\"WebPage\",\"@id\":\"https:\/\/fadeu.urantiacos.cl\/en\/2021\/05\/20\/proyecto-anid-covid-del-ieut-presenta-primeros-resultados-sobre-la-huella-de-carbono-en-hogares-de-chile-en-pandemia\/\",\"url\":\"https:\/\/fadeu.urantiacos.cl\/en\/2021\/05\/20\/proyecto-anid-covid-del-ieut-presenta-primeros-resultados-sobre-la-huella-de-carbono-en-hogares-de-chile-en-pandemia\/\",\"name\":\"Proyecto ANID-COVID del IEUT presenta primeros resultados sobre la huella de carbono en hogares de Chile en Pandemia - Facultad de Arquitectura, Dise\u00f1o y Estudios Urbanos\",\"isPartOf\":{\"@id\":\"https:\/\/fadeu.urantiacos.cl\/en\/#website\"},\"primaryImageOfPage\":{\"@id\":\"https:\/\/fadeu.urantiacos.cl\/en\/2021\/05\/20\/proyecto-anid-covid-del-ieut-presenta-primeros-resultados-sobre-la-huella-de-carbono-en-hogares-de-chile-en-pandemia\/#primaryimage\"},\"image\":{\"@id\":\"https:\/\/fadeu.urantiacos.cl\/en\/2021\/05\/20\/proyecto-anid-covid-del-ieut-presenta-primeros-resultados-sobre-la-huella-de-carbono-en-hogares-de-chile-en-pandemia\/#primaryimage\"},\"thumbnailUrl\":\"https:\/\/fadeu.urantiacos.cl\/wp-content\/uploads\/2023\/09\/web_info-huella-1.jpg\",\"datePublished\":\"2021-05-20T12:50:00+00:00\",\"dateModified\":\"2023-09-08T12:56:39+00:00\",\"author\":{\"@id\":\"https:\/\/fadeu.urantiacos.cl\/en\/#\/schema\/person\/d203e2e84b1c40275eac77b3061a19a2\"},\"description\":\"Uno de los impactos positivos del COVID-19, destacado a nivel internacional ha sido la reducci\u00f3n de las emisiones de CO2 y de la huella de carbono, lo cual puede ser una excelente oportunidad para implementar medidas que ayuden a la sustentabilidad de las ciudades. Sin embargo, las cifras globales no indagan suficientemente en el tema de la huella de carbono de los hogares, la cual podr\u00eda haber bajado en algunas dimensiones como la movilidad, pero subido en otras, y tampoco sobre zonas con alta contaminaci\u00f3n del aire como las ciudades del centro-sur de Chile.\",\"breadcrumb\":{\"@id\":\"https:\/\/fadeu.urantiacos.cl\/en\/2021\/05\/20\/proyecto-anid-covid-del-ieut-presenta-primeros-resultados-sobre-la-huella-de-carbono-en-hogares-de-chile-en-pandemia\/#breadcrumb\"},\"inLanguage\":\"en-US\",\"potentialAction\":[{\"@type\":\"ReadAction\",\"target\":[\"https:\/\/fadeu.urantiacos.cl\/en\/2021\/05\/20\/proyecto-anid-covid-del-ieut-presenta-primeros-resultados-sobre-la-huella-de-carbono-en-hogares-de-chile-en-pandemia\/\"]}]},{\"@type\":\"ImageObject\",\"inLanguage\":\"en-US\",\"@id\":\"https:\/\/fadeu.urantiacos.cl\/en\/2021\/05\/20\/proyecto-anid-covid-del-ieut-presenta-primeros-resultados-sobre-la-huella-de-carbono-en-hogares-de-chile-en-pandemia\/#primaryimage\",\"url\":\"https:\/\/fadeu.urantiacos.cl\/wp-content\/uploads\/2023\/09\/web_info-huella-1.jpg\",\"contentUrl\":\"https:\/\/fadeu.urantiacos.cl\/wp-content\/uploads\/2023\/09\/web_info-huella-1.jpg\",\"width\":350,\"height\":250},{\"@type\":\"BreadcrumbList\",\"@id\":\"https:\/\/fadeu.urantiacos.cl\/en\/2021\/05\/20\/proyecto-anid-covid-del-ieut-presenta-primeros-resultados-sobre-la-huella-de-carbono-en-hogares-de-chile-en-pandemia\/#breadcrumb\",\"itemListElement\":[{\"@type\":\"ListItem\",\"position\":1,\"name\":\"Portada\",\"item\":\"https:\/\/fadeu.urantiacos.cl\/en\/\"},{\"@type\":\"ListItem\",\"position\":2,\"name\":\"Proyecto ANID-COVID del IEUT presenta primeros resultados sobre la huella de carbono en hogares de Chile en Pandemia\"}]},{\"@type\":\"WebSite\",\"@id\":\"https:\/\/fadeu.urantiacos.cl\/en\/#website\",\"url\":\"https:\/\/fadeu.urantiacos.cl\/en\/\",\"name\":\"Facultad de Arquitectura, Dise\u00f1o y Estudios Urbanos\",\"description\":\"Campus Lo Contador\",\"potentialAction\":[{\"@type\":\"SearchAction\",\"target\":{\"@type\":\"EntryPoint\",\"urlTemplate\":\"https:\/\/fadeu.urantiacos.cl\/en\/?s={search_term_string}\"},\"query-input\":{\"@type\":\"PropertyValueSpecification\",\"valueRequired\":true,\"valueName\":\"search_term_string\"}}],\"inLanguage\":\"en-US\"},{\"@type\":\"Person\",\"@id\":\"https:\/\/fadeu.urantiacos.cl\/en\/#\/schema\/person\/d203e2e84b1c40275eac77b3061a19a2\",\"name\":\"manadmin\",\"image\":{\"@type\":\"ImageObject\",\"inLanguage\":\"en-US\",\"@id\":\"https:\/\/fadeu.urantiacos.cl\/en\/#\/schema\/person\/image\/\",\"url\":\"https:\/\/secure.gravatar.com\/avatar\/4b1d8e3303b4a9d8968ac578947d8bc80d9aea359f388cdd4aac15cadc0e8447?s=96&d=mm&r=g\",\"contentUrl\":\"https:\/\/secure.gravatar.com\/avatar\/4b1d8e3303b4a9d8968ac578947d8bc80d9aea359f388cdd4aac15cadc0e8447?s=96&d=mm&r=g\",\"caption\":\"manadmin\"},\"sameAs\":[\"https:\/\/fadeu.urantiacos.cl\"]}]}<\/script>\n<!-- \/ Yoast SEO plugin. -->","yoast_head_json":{"title":"Proyecto ANID-COVID del IEUT presenta primeros resultados sobre la huella de carbono en hogares de Chile en Pandemia - Facultad de Arquitectura, Dise\u00f1o y Estudios Urbanos","description":"Uno de los impactos positivos del COVID-19, destacado a nivel internacional ha sido la reducci\u00f3n de las emisiones de CO2 y de la huella de carbono, lo cual puede ser una excelente oportunidad para implementar medidas que ayuden a la sustentabilidad de las ciudades. Sin embargo, las cifras globales no indagan suficientemente en el tema de la huella de carbono de los hogares, la cual podr\u00eda haber bajado en algunas dimensiones como la movilidad, pero subido en otras, y tampoco sobre zonas con alta contaminaci\u00f3n del aire como las ciudades del centro-sur de Chile.","robots":{"index":"index","follow":"follow","max-snippet":"max-snippet:-1","max-image-preview":"max-image-preview:large","max-video-preview":"max-video-preview:-1"},"canonical":"https:\/\/fadeu.urantiacos.cl\/en\/2021\/05\/20\/proyecto-anid-covid-del-ieut-presenta-primeros-resultados-sobre-la-huella-de-carbono-en-hogares-de-chile-en-pandemia\/","og_locale":"en_US","og_type":"article","og_title":"Proyecto ANID-COVID del IEUT presenta primeros resultados sobre la huella de carbono en hogares de Chile en Pandemia - Facultad de Arquitectura, Dise\u00f1o y Estudios Urbanos","og_description":"Uno de los impactos positivos del COVID-19, destacado a nivel internacional ha sido la reducci\u00f3n de las emisiones de CO2 y de la huella de carbono, lo cual puede ser una excelente oportunidad para implementar medidas que ayuden a la sustentabilidad de las ciudades. Sin embargo, las cifras globales no indagan suficientemente en el tema de la huella de carbono de los hogares, la cual podr\u00eda haber bajado en algunas dimensiones como la movilidad, pero subido en otras, y tampoco sobre zonas con alta contaminaci\u00f3n del aire como las ciudades del centro-sur de Chile.","og_url":"https:\/\/fadeu.urantiacos.cl\/en\/2021\/05\/20\/proyecto-anid-covid-del-ieut-presenta-primeros-resultados-sobre-la-huella-de-carbono-en-hogares-de-chile-en-pandemia\/","og_site_name":"Facultad de Arquitectura, Dise\u00f1o y Estudios Urbanos","article_published_time":"2021-05-20T12:50:00+00:00","article_modified_time":"2023-09-08T12:56:39+00:00","og_image":[{"width":350,"height":250,"url":"https:\/\/fadeu.urantiacos.cl\/wp-content\/uploads\/2023\/09\/web_info-huella-1.jpg","type":"image\/jpeg"}],"author":"manadmin","twitter_card":"summary_large_image","twitter_misc":{"Written by":"manadmin","Est. reading time":"10 minutes"},"schema":{"@context":"https:\/\/schema.org","@graph":[{"@type":"Article","@id":"https:\/\/fadeu.urantiacos.cl\/en\/2021\/05\/20\/proyecto-anid-covid-del-ieut-presenta-primeros-resultados-sobre-la-huella-de-carbono-en-hogares-de-chile-en-pandemia\/#article","isPartOf":{"@id":"https:\/\/fadeu.urantiacos.cl\/en\/2021\/05\/20\/proyecto-anid-covid-del-ieut-presenta-primeros-resultados-sobre-la-huella-de-carbono-en-hogares-de-chile-en-pandemia\/"},"author":{"name":"manadmin","@id":"https:\/\/fadeu.urantiacos.cl\/en\/#\/schema\/person\/d203e2e84b1c40275eac77b3061a19a2"},"headline":"Proyecto ANID-COVID del IEUT presenta primeros resultados sobre la huella de carbono en hogares de Chile en Pandemia","datePublished":"2021-05-20T12:50:00+00:00","dateModified":"2023-09-08T12:56:39+00:00","mainEntityOfPage":{"@id":"https:\/\/fadeu.urantiacos.cl\/en\/2021\/05\/20\/proyecto-anid-covid-del-ieut-presenta-primeros-resultados-sobre-la-huella-de-carbono-en-hogares-de-chile-en-pandemia\/"},"wordCount":1931,"commentCount":0,"image":{"@id":"https:\/\/fadeu.urantiacos.cl\/en\/2021\/05\/20\/proyecto-anid-covid-del-ieut-presenta-primeros-resultados-sobre-la-huella-de-carbono-en-hogares-de-chile-en-pandemia\/#primaryimage"},"thumbnailUrl":"https:\/\/fadeu.urantiacos.cl\/wp-content\/uploads\/2023\/09\/web_info-huella-1.jpg","articleSection":["Sin categorizar"],"inLanguage":"en-US","potentialAction":[{"@type":"CommentAction","name":"Comment","target":["https:\/\/fadeu.urantiacos.cl\/en\/2021\/05\/20\/proyecto-anid-covid-del-ieut-presenta-primeros-resultados-sobre-la-huella-de-carbono-en-hogares-de-chile-en-pandemia\/#respond"]}]},{"@type":"WebPage","@id":"https:\/\/fadeu.urantiacos.cl\/en\/2021\/05\/20\/proyecto-anid-covid-del-ieut-presenta-primeros-resultados-sobre-la-huella-de-carbono-en-hogares-de-chile-en-pandemia\/","url":"https:\/\/fadeu.urantiacos.cl\/en\/2021\/05\/20\/proyecto-anid-covid-del-ieut-presenta-primeros-resultados-sobre-la-huella-de-carbono-en-hogares-de-chile-en-pandemia\/","name":"Proyecto ANID-COVID del IEUT presenta primeros resultados sobre la huella de carbono en hogares de Chile en Pandemia - Facultad de Arquitectura, Dise\u00f1o y Estudios Urbanos","isPartOf":{"@id":"https:\/\/fadeu.urantiacos.cl\/en\/#website"},"primaryImageOfPage":{"@id":"https:\/\/fadeu.urantiacos.cl\/en\/2021\/05\/20\/proyecto-anid-covid-del-ieut-presenta-primeros-resultados-sobre-la-huella-de-carbono-en-hogares-de-chile-en-pandemia\/#primaryimage"},"image":{"@id":"https:\/\/fadeu.urantiacos.cl\/en\/2021\/05\/20\/proyecto-anid-covid-del-ieut-presenta-primeros-resultados-sobre-la-huella-de-carbono-en-hogares-de-chile-en-pandemia\/#primaryimage"},"thumbnailUrl":"https:\/\/fadeu.urantiacos.cl\/wp-content\/uploads\/2023\/09\/web_info-huella-1.jpg","datePublished":"2021-05-20T12:50:00+00:00","dateModified":"2023-09-08T12:56:39+00:00","author":{"@id":"https:\/\/fadeu.urantiacos.cl\/en\/#\/schema\/person\/d203e2e84b1c40275eac77b3061a19a2"},"description":"Uno de los impactos positivos del COVID-19, destacado a nivel internacional ha sido la reducci\u00f3n de las emisiones de CO2 y de la huella de carbono, lo cual puede ser una excelente oportunidad para implementar medidas que ayuden a la sustentabilidad de las ciudades. Sin embargo, las cifras globales no indagan suficientemente en el tema de la huella de carbono de los hogares, la cual podr\u00eda haber bajado en algunas dimensiones como la movilidad, pero subido en otras, y tampoco sobre zonas con alta contaminaci\u00f3n del aire como las ciudades del centro-sur de Chile.","breadcrumb":{"@id":"https:\/\/fadeu.urantiacos.cl\/en\/2021\/05\/20\/proyecto-anid-covid-del-ieut-presenta-primeros-resultados-sobre-la-huella-de-carbono-en-hogares-de-chile-en-pandemia\/#breadcrumb"},"inLanguage":"en-US","potentialAction":[{"@type":"ReadAction","target":["https:\/\/fadeu.urantiacos.cl\/en\/2021\/05\/20\/proyecto-anid-covid-del-ieut-presenta-primeros-resultados-sobre-la-huella-de-carbono-en-hogares-de-chile-en-pandemia\/"]}]},{"@type":"ImageObject","inLanguage":"en-US","@id":"https:\/\/fadeu.urantiacos.cl\/en\/2021\/05\/20\/proyecto-anid-covid-del-ieut-presenta-primeros-resultados-sobre-la-huella-de-carbono-en-hogares-de-chile-en-pandemia\/#primaryimage","url":"https:\/\/fadeu.urantiacos.cl\/wp-content\/uploads\/2023\/09\/web_info-huella-1.jpg","contentUrl":"https:\/\/fadeu.urantiacos.cl\/wp-content\/uploads\/2023\/09\/web_info-huella-1.jpg","width":350,"height":250},{"@type":"BreadcrumbList","@id":"https:\/\/fadeu.urantiacos.cl\/en\/2021\/05\/20\/proyecto-anid-covid-del-ieut-presenta-primeros-resultados-sobre-la-huella-de-carbono-en-hogares-de-chile-en-pandemia\/#breadcrumb","itemListElement":[{"@type":"ListItem","position":1,"name":"Portada","item":"https:\/\/fadeu.urantiacos.cl\/en\/"},{"@type":"ListItem","position":2,"name":"Proyecto ANID-COVID del IEUT presenta primeros resultados sobre la huella de carbono en hogares de Chile en Pandemia"}]},{"@type":"WebSite","@id":"https:\/\/fadeu.urantiacos.cl\/en\/#website","url":"https:\/\/fadeu.urantiacos.cl\/en\/","name":"Facultad de Arquitectura, Dise\u00f1o y Estudios Urbanos","description":"Campus Lo Contador","potentialAction":[{"@type":"SearchAction","target":{"@type":"EntryPoint","urlTemplate":"https:\/\/fadeu.urantiacos.cl\/en\/?s={search_term_string}"},"query-input":{"@type":"PropertyValueSpecification","valueRequired":true,"valueName":"search_term_string"}}],"inLanguage":"en-US"},{"@type":"Person","@id":"https:\/\/fadeu.urantiacos.cl\/en\/#\/schema\/person\/d203e2e84b1c40275eac77b3061a19a2","name":"manadmin","image":{"@type":"ImageObject","inLanguage":"en-US","@id":"https:\/\/fadeu.urantiacos.cl\/en\/#\/schema\/person\/image\/","url":"https:\/\/secure.gravatar.com\/avatar\/4b1d8e3303b4a9d8968ac578947d8bc80d9aea359f388cdd4aac15cadc0e8447?s=96&d=mm&r=g","contentUrl":"https:\/\/secure.gravatar.com\/avatar\/4b1d8e3303b4a9d8968ac578947d8bc80d9aea359f388cdd4aac15cadc0e8447?s=96&d=mm&r=g","caption":"manadmin"},"sameAs":["https:\/\/fadeu.urantiacos.cl"]}]}},"_links":{"self":[{"href":"https:\/\/fadeu.urantiacos.cl\/en\/wp-json\/wp\/v2\/posts\/6982","targetHints":{"allow":["GET"]}}],"collection":[{"href":"https:\/\/fadeu.urantiacos.cl\/en\/wp-json\/wp\/v2\/posts"}],"about":[{"href":"https:\/\/fadeu.urantiacos.cl\/en\/wp-json\/wp\/v2\/types\/post"}],"author":[{"embeddable":true,"href":"https:\/\/fadeu.urantiacos.cl\/en\/wp-json\/wp\/v2\/users\/1"}],"replies":[{"embeddable":true,"href":"https:\/\/fadeu.urantiacos.cl\/en\/wp-json\/wp\/v2\/comments?post=6982"}],"version-history":[{"count":1,"href":"https:\/\/fadeu.urantiacos.cl\/en\/wp-json\/wp\/v2\/posts\/6982\/revisions"}],"predecessor-version":[{"id":6989,"href":"https:\/\/fadeu.urantiacos.cl\/en\/wp-json\/wp\/v2\/posts\/6982\/revisions\/6989"}],"wp:featuredmedia":[{"embeddable":true,"href":"https:\/\/fadeu.urantiacos.cl\/en\/wp-json\/wp\/v2\/media\/6983"}],"wp:attachment":[{"href":"https:\/\/fadeu.urantiacos.cl\/en\/wp-json\/wp\/v2\/media?parent=6982"}],"wp:term":[{"taxonomy":"category","embeddable":true,"href":"https:\/\/fadeu.urantiacos.cl\/en\/wp-json\/wp\/v2\/categories?post=6982"},{"taxonomy":"post_tag","embeddable":true,"href":"https:\/\/fadeu.urantiacos.cl\/en\/wp-json\/wp\/v2\/tags?post=6982"}],"curies":[{"name":"wp","href":"https:\/\/api.w.org\/{rel}","templated":true}]}}