{"id":6979,"date":"2021-05-21T09:48:00","date_gmt":"2021-05-21T12:48:00","guid":{"rendered":"https:\/\/fadeu.urantiacos.cl\/?p=6979"},"modified":"2023-09-08T09:50:30","modified_gmt":"2023-09-08T12:50:30","slug":"el-programa-de-artesania-uc-anuncia-el-formato-de-la-48-version-de-la-muestra-de-artesania-uc-y-abre-su-convocatoria","status":"publish","type":"post","link":"https:\/\/fadeu.urantiacos.cl\/en\/2021\/05\/21\/el-programa-de-artesania-uc-anuncia-el-formato-de-la-48-version-de-la-muestra-de-artesania-uc-y-abre-su-convocatoria\/","title":{"rendered":"El programa de Artesan\u00eda UC anuncia el formato de la 48 versi\u00f3n de la Muestra de Artesan\u00eda UC y abre su convocatoria."},"content":{"rendered":"\n<figure class=\"wp-block-image size-full\"><img decoding=\"async\" width=\"350\" height=\"250\" src=\"https:\/\/fadeu.urantiacos.cl\/wp-content\/uploads\/2023\/09\/web_artesania_2021.jpg\" alt=\"\" class=\"wp-image-6980\" srcset=\"https:\/\/fadeu.urantiacos.cl\/wp-content\/uploads\/2023\/09\/web_artesania_2021.jpg 350w, https:\/\/fadeu.urantiacos.cl\/wp-content\/uploads\/2023\/09\/web_artesania_2021-300x214.jpg 300w\" sizes=\"(max-width: 350px) 100vw, 350px\" \/><\/figure>\n\n\n\n<p>En el contexto del 2020, la Muestra de Artesan\u00eda UC apost\u00f3 por la virtualizaci\u00f3n de su experiencia, tanto comercial como de contenido, con resultados muy positivos a juicio de la organizaci\u00f3n y con indicadores que lo , por lo que en esta versi\u00f3n las expectativas son altas y la apuesta se consolida para llegar a m\u00e1s personas dentro del territorio.<\/p>\n\n\n\n<p>\u201cAhora los artesanos y nosotras sabemos m\u00e1s del formato virtual que inauguramos el a\u00f1o pasado con gran \u00e9xito, as\u00ed que este a\u00f1o los esfuerzos estar\u00e1n puestos en seguir el trabajo conjunto con los y las cultoras y aumentar el impacto de la iniciativa subiendo el n\u00famero de participantes y productos y mejorando la experiencia digital, entre otras novedades que contaremos m\u00e1s adelante, cuando la situaci\u00f3n sanitaria mejore\u201d, explica Elena.<\/p>\n\n\n\n<p>En esta versi\u00f3n el tema central ser\u00e1 los&nbsp;ornamentos corporales&nbsp;y la muestra seguir\u00e1 contando con el apoyo de INDAP y el Ministerio de las Culturas, las Artes&nbsp;y el Patrimonio a trav\u00e9s del Fondart Nacional.&nbsp;<\/p>\n\n\n\n<p><strong>Abierta convocatoria<\/strong><\/p>\n\n\n\n<p>Ya es posible descargar las Bases y el Ficha de Postulaci\u00f3n para participar en la 48 Muestra de Artesan\u00eda UC.<\/p>\n\n\n\n<p>Si tiene dificultades para descargar el documento, puede escribir un mensaje al correo&nbsp;<a href=\"mailto:artesania@uc.cl\">artesania@uc.cl<\/a>&nbsp;solicit\u00e1ndolo.<\/p>\n\n\n\n<p>Como apoyo a este proceso de postulaci\u00f3n, se realizar\u00e1 una Charla explicativa y un Taller de fotograf\u00eda.<\/p>\n\n\n\n<p><strong>Plazo hasta el 11 de junio para postular<\/strong><\/p>\n\n\n\n<p>Las postulaciones a la Muestra se realizar\u00e1n de manera digital y estar\u00e1n abiertas durante el mes de mayo, tiempo durante el que se llevar\u00e1n a cabo charlas para explicar las implicancias de la participaci\u00f3n en el formato online.&nbsp;<\/p>\n","protected":false},"excerpt":{"rendered":"<p>Nuevamente, en modalidad virtual, se llevar\u00e1 a cabo en el mes de diciembre de 2021, la 48 Muestra de Artesan\u00eda UC . \u201cAunque sabemos que las y los artesanos, el p\u00fablico y nosotras mismas echaremos de menos el encuentro presencial, sabemos que es relevante que la Universidad persevere en la realizaci\u00f3n de esta instancia cultural\u201d, explica Elena Alfaro, directora del Programa de Artesan\u00eda UC en relaci\u00f3n al anuncio.<\/p>\n","protected":false},"author":1,"featured_media":6980,"comment_status":"open","ping_status":"open","sticky":false,"template":"","format":"standard","meta":{"_acf_changed":false,"footnotes":""},"categories":[1],"tags":[],"class_list":["post-6979","post","type-post","status-publish","format-standard","has-post-thumbnail","hentry","category-sin-categorizar"],"acf":[],"yoast_head":"<!-- This site is optimized with the Yoast SEO plugin v27.1.1 - https:\/\/yoast.com\/product\/yoast-seo-wordpress\/ -->\n<title>El programa de Artesan\u00eda UC anuncia el formato de la 48 versi\u00f3n de la Muestra de Artesan\u00eda UC y abre su convocatoria. - Facultad de Arquitectura, Dise\u00f1o y Estudios Urbanos<\/title>\n<meta name=\"description\" content=\"Nuevamente, en modalidad virtual, se llevar\u00e1 a cabo en el mes de diciembre de 2021, la 48 Muestra de Artesan\u00eda UC . \u201cAunque sabemos que las y los artesanos, el p\u00fablico y nosotras mismas echaremos de menos el encuentro presencial, sabemos que es relevante que la Universidad persevere en la realizaci\u00f3n de esta instancia cultural\u201d, explica Elena Alfaro, directora del Programa de Artesan\u00eda UC en relaci\u00f3n al anuncio.\" \/>\n<meta name=\"robots\" content=\"index, follow, max-snippet:-1, max-image-preview:large, max-video-preview:-1\" \/>\n<link rel=\"canonical\" href=\"https:\/\/fadeu.urantiacos.cl\/en\/2021\/05\/21\/el-programa-de-artesania-uc-anuncia-el-formato-de-la-48-version-de-la-muestra-de-artesania-uc-y-abre-su-convocatoria\/\" \/>\n<meta property=\"og:locale\" content=\"en_US\" \/>\n<meta property=\"og:type\" content=\"article\" \/>\n<meta property=\"og:title\" content=\"El programa de Artesan\u00eda UC anuncia el formato de la 48 versi\u00f3n de la Muestra de Artesan\u00eda UC y abre su convocatoria. - Facultad de Arquitectura, Dise\u00f1o y Estudios Urbanos\" \/>\n<meta property=\"og:description\" content=\"Nuevamente, en modalidad virtual, se llevar\u00e1 a cabo en el mes de diciembre de 2021, la 48 Muestra de Artesan\u00eda UC . \u201cAunque sabemos que las y los artesanos, el p\u00fablico y nosotras mismas echaremos de menos el encuentro presencial, sabemos que es relevante que la Universidad persevere en la realizaci\u00f3n de esta instancia cultural\u201d, explica Elena Alfaro, directora del Programa de Artesan\u00eda UC en relaci\u00f3n al anuncio.\" \/>\n<meta property=\"og:url\" content=\"https:\/\/fadeu.urantiacos.cl\/en\/2021\/05\/21\/el-programa-de-artesania-uc-anuncia-el-formato-de-la-48-version-de-la-muestra-de-artesania-uc-y-abre-su-convocatoria\/\" \/>\n<meta property=\"og:site_name\" content=\"Facultad de Arquitectura, Dise\u00f1o y Estudios Urbanos\" \/>\n<meta property=\"article:published_time\" content=\"2021-05-21T12:48:00+00:00\" \/>\n<meta property=\"article:modified_time\" content=\"2023-09-08T12:50:30+00:00\" \/>\n<meta property=\"og:image\" content=\"https:\/\/fadeu.urantiacos.cl\/wp-content\/uploads\/2023\/09\/web_artesania_2021.jpg\" \/>\n\t<meta property=\"og:image:width\" content=\"350\" \/>\n\t<meta property=\"og:image:height\" content=\"250\" \/>\n\t<meta property=\"og:image:type\" content=\"image\/jpeg\" \/>\n<meta name=\"author\" content=\"manadmin\" \/>\n<meta name=\"twitter:card\" content=\"summary_large_image\" \/>\n<meta name=\"twitter:label1\" content=\"Written by\" \/>\n\t<meta name=\"twitter:data1\" content=\"manadmin\" \/>\n\t<meta name=\"twitter:label2\" content=\"Est. reading time\" \/>\n\t<meta name=\"twitter:data2\" content=\"1 minute\" \/>\n<script type=\"application\/ld+json\" class=\"yoast-schema-graph\">{\"@context\":\"https:\/\/schema.org\",\"@graph\":[{\"@type\":\"Article\",\"@id\":\"https:\/\/fadeu.urantiacos.cl\/en\/2021\/05\/21\/el-programa-de-artesania-uc-anuncia-el-formato-de-la-48-version-de-la-muestra-de-artesania-uc-y-abre-su-convocatoria\/#article\",\"isPartOf\":{\"@id\":\"https:\/\/fadeu.urantiacos.cl\/en\/2021\/05\/21\/el-programa-de-artesania-uc-anuncia-el-formato-de-la-48-version-de-la-muestra-de-artesania-uc-y-abre-su-convocatoria\/\"},\"author\":{\"name\":\"manadmin\",\"@id\":\"https:\/\/fadeu.urantiacos.cl\/en\/#\/schema\/person\/d203e2e84b1c40275eac77b3061a19a2\"},\"headline\":\"El programa de Artesan\u00eda UC anuncia el formato de la 48 versi\u00f3n de la Muestra de Artesan\u00eda UC y abre su convocatoria.\",\"datePublished\":\"2021-05-21T12:48:00+00:00\",\"dateModified\":\"2023-09-08T12:50:30+00:00\",\"mainEntityOfPage\":{\"@id\":\"https:\/\/fadeu.urantiacos.cl\/en\/2021\/05\/21\/el-programa-de-artesania-uc-anuncia-el-formato-de-la-48-version-de-la-muestra-de-artesania-uc-y-abre-su-convocatoria\/\"},\"wordCount\":317,\"commentCount\":0,\"image\":{\"@id\":\"https:\/\/fadeu.urantiacos.cl\/en\/2021\/05\/21\/el-programa-de-artesania-uc-anuncia-el-formato-de-la-48-version-de-la-muestra-de-artesania-uc-y-abre-su-convocatoria\/#primaryimage\"},\"thumbnailUrl\":\"https:\/\/fadeu.urantiacos.cl\/wp-content\/uploads\/2023\/09\/web_artesania_2021.jpg\",\"articleSection\":[\"Sin categorizar\"],\"inLanguage\":\"en-US\",\"potentialAction\":[{\"@type\":\"CommentAction\",\"name\":\"Comment\",\"target\":[\"https:\/\/fadeu.urantiacos.cl\/en\/2021\/05\/21\/el-programa-de-artesania-uc-anuncia-el-formato-de-la-48-version-de-la-muestra-de-artesania-uc-y-abre-su-convocatoria\/#respond\"]}]},{\"@type\":\"WebPage\",\"@id\":\"https:\/\/fadeu.urantiacos.cl\/en\/2021\/05\/21\/el-programa-de-artesania-uc-anuncia-el-formato-de-la-48-version-de-la-muestra-de-artesania-uc-y-abre-su-convocatoria\/\",\"url\":\"https:\/\/fadeu.urantiacos.cl\/en\/2021\/05\/21\/el-programa-de-artesania-uc-anuncia-el-formato-de-la-48-version-de-la-muestra-de-artesania-uc-y-abre-su-convocatoria\/\",\"name\":\"El programa de Artesan\u00eda UC anuncia el formato de la 48 versi\u00f3n de la Muestra de Artesan\u00eda UC y abre su convocatoria. - Facultad de Arquitectura, Dise\u00f1o y Estudios Urbanos\",\"isPartOf\":{\"@id\":\"https:\/\/fadeu.urantiacos.cl\/en\/#website\"},\"primaryImageOfPage\":{\"@id\":\"https:\/\/fadeu.urantiacos.cl\/en\/2021\/05\/21\/el-programa-de-artesania-uc-anuncia-el-formato-de-la-48-version-de-la-muestra-de-artesania-uc-y-abre-su-convocatoria\/#primaryimage\"},\"image\":{\"@id\":\"https:\/\/fadeu.urantiacos.cl\/en\/2021\/05\/21\/el-programa-de-artesania-uc-anuncia-el-formato-de-la-48-version-de-la-muestra-de-artesania-uc-y-abre-su-convocatoria\/#primaryimage\"},\"thumbnailUrl\":\"https:\/\/fadeu.urantiacos.cl\/wp-content\/uploads\/2023\/09\/web_artesania_2021.jpg\",\"datePublished\":\"2021-05-21T12:48:00+00:00\",\"dateModified\":\"2023-09-08T12:50:30+00:00\",\"author\":{\"@id\":\"https:\/\/fadeu.urantiacos.cl\/en\/#\/schema\/person\/d203e2e84b1c40275eac77b3061a19a2\"},\"description\":\"Nuevamente, en modalidad virtual, se llevar\u00e1 a cabo en el mes de diciembre de 2021, la 48 Muestra de Artesan\u00eda UC . \u201cAunque sabemos que las y los artesanos, el p\u00fablico y nosotras mismas echaremos de menos el encuentro presencial, sabemos que es relevante que la Universidad persevere en la realizaci\u00f3n de esta instancia cultural\u201d, explica Elena Alfaro, directora del Programa de Artesan\u00eda UC en relaci\u00f3n al anuncio.\",\"breadcrumb\":{\"@id\":\"https:\/\/fadeu.urantiacos.cl\/en\/2021\/05\/21\/el-programa-de-artesania-uc-anuncia-el-formato-de-la-48-version-de-la-muestra-de-artesania-uc-y-abre-su-convocatoria\/#breadcrumb\"},\"inLanguage\":\"en-US\",\"potentialAction\":[{\"@type\":\"ReadAction\",\"target\":[\"https:\/\/fadeu.urantiacos.cl\/en\/2021\/05\/21\/el-programa-de-artesania-uc-anuncia-el-formato-de-la-48-version-de-la-muestra-de-artesania-uc-y-abre-su-convocatoria\/\"]}]},{\"@type\":\"ImageObject\",\"inLanguage\":\"en-US\",\"@id\":\"https:\/\/fadeu.urantiacos.cl\/en\/2021\/05\/21\/el-programa-de-artesania-uc-anuncia-el-formato-de-la-48-version-de-la-muestra-de-artesania-uc-y-abre-su-convocatoria\/#primaryimage\",\"url\":\"https:\/\/fadeu.urantiacos.cl\/wp-content\/uploads\/2023\/09\/web_artesania_2021.jpg\",\"contentUrl\":\"https:\/\/fadeu.urantiacos.cl\/wp-content\/uploads\/2023\/09\/web_artesania_2021.jpg\",\"width\":350,\"height\":250},{\"@type\":\"BreadcrumbList\",\"@id\":\"https:\/\/fadeu.urantiacos.cl\/en\/2021\/05\/21\/el-programa-de-artesania-uc-anuncia-el-formato-de-la-48-version-de-la-muestra-de-artesania-uc-y-abre-su-convocatoria\/#breadcrumb\",\"itemListElement\":[{\"@type\":\"ListItem\",\"position\":1,\"name\":\"Portada\",\"item\":\"https:\/\/fadeu.urantiacos.cl\/en\/\"},{\"@type\":\"ListItem\",\"position\":2,\"name\":\"El programa de Artesan\u00eda UC anuncia el formato de la 48 versi\u00f3n de la Muestra de Artesan\u00eda UC y abre su convocatoria.\"}]},{\"@type\":\"WebSite\",\"@id\":\"https:\/\/fadeu.urantiacos.cl\/en\/#website\",\"url\":\"https:\/\/fadeu.urantiacos.cl\/en\/\",\"name\":\"Facultad de Arquitectura, Dise\u00f1o y Estudios Urbanos\",\"description\":\"Campus Lo Contador\",\"potentialAction\":[{\"@type\":\"SearchAction\",\"target\":{\"@type\":\"EntryPoint\",\"urlTemplate\":\"https:\/\/fadeu.urantiacos.cl\/en\/?s={search_term_string}\"},\"query-input\":{\"@type\":\"PropertyValueSpecification\",\"valueRequired\":true,\"valueName\":\"search_term_string\"}}],\"inLanguage\":\"en-US\"},{\"@type\":\"Person\",\"@id\":\"https:\/\/fadeu.urantiacos.cl\/en\/#\/schema\/person\/d203e2e84b1c40275eac77b3061a19a2\",\"name\":\"manadmin\",\"image\":{\"@type\":\"ImageObject\",\"inLanguage\":\"en-US\",\"@id\":\"https:\/\/fadeu.urantiacos.cl\/en\/#\/schema\/person\/image\/\",\"url\":\"https:\/\/secure.gravatar.com\/avatar\/4b1d8e3303b4a9d8968ac578947d8bc80d9aea359f388cdd4aac15cadc0e8447?s=96&d=mm&r=g\",\"contentUrl\":\"https:\/\/secure.gravatar.com\/avatar\/4b1d8e3303b4a9d8968ac578947d8bc80d9aea359f388cdd4aac15cadc0e8447?s=96&d=mm&r=g\",\"caption\":\"manadmin\"},\"sameAs\":[\"https:\/\/fadeu.urantiacos.cl\"]}]}<\/script>\n<!-- \/ Yoast SEO plugin. -->","yoast_head_json":{"title":"El programa de Artesan\u00eda UC anuncia el formato de la 48 versi\u00f3n de la Muestra de Artesan\u00eda UC y abre su convocatoria. - Facultad de Arquitectura, Dise\u00f1o y Estudios Urbanos","description":"Nuevamente, en modalidad virtual, se llevar\u00e1 a cabo en el mes de diciembre de 2021, la 48 Muestra de Artesan\u00eda UC . \u201cAunque sabemos que las y los artesanos, el p\u00fablico y nosotras mismas echaremos de menos el encuentro presencial, sabemos que es relevante que la Universidad persevere en la realizaci\u00f3n de esta instancia cultural\u201d, explica Elena Alfaro, directora del Programa de Artesan\u00eda UC en relaci\u00f3n al anuncio.","robots":{"index":"index","follow":"follow","max-snippet":"max-snippet:-1","max-image-preview":"max-image-preview:large","max-video-preview":"max-video-preview:-1"},"canonical":"https:\/\/fadeu.urantiacos.cl\/en\/2021\/05\/21\/el-programa-de-artesania-uc-anuncia-el-formato-de-la-48-version-de-la-muestra-de-artesania-uc-y-abre-su-convocatoria\/","og_locale":"en_US","og_type":"article","og_title":"El programa de Artesan\u00eda UC anuncia el formato de la 48 versi\u00f3n de la Muestra de Artesan\u00eda UC y abre su convocatoria. - Facultad de Arquitectura, Dise\u00f1o y Estudios Urbanos","og_description":"Nuevamente, en modalidad virtual, se llevar\u00e1 a cabo en el mes de diciembre de 2021, la 48 Muestra de Artesan\u00eda UC . \u201cAunque sabemos que las y los artesanos, el p\u00fablico y nosotras mismas echaremos de menos el encuentro presencial, sabemos que es relevante que la Universidad persevere en la realizaci\u00f3n de esta instancia cultural\u201d, explica Elena Alfaro, directora del Programa de Artesan\u00eda UC en relaci\u00f3n al anuncio.","og_url":"https:\/\/fadeu.urantiacos.cl\/en\/2021\/05\/21\/el-programa-de-artesania-uc-anuncia-el-formato-de-la-48-version-de-la-muestra-de-artesania-uc-y-abre-su-convocatoria\/","og_site_name":"Facultad de Arquitectura, Dise\u00f1o y Estudios Urbanos","article_published_time":"2021-05-21T12:48:00+00:00","article_modified_time":"2023-09-08T12:50:30+00:00","og_image":[{"width":350,"height":250,"url":"https:\/\/fadeu.urantiacos.cl\/wp-content\/uploads\/2023\/09\/web_artesania_2021.jpg","type":"image\/jpeg"}],"author":"manadmin","twitter_card":"summary_large_image","twitter_misc":{"Written by":"manadmin","Est. reading time":"1 minute"},"schema":{"@context":"https:\/\/schema.org","@graph":[{"@type":"Article","@id":"https:\/\/fadeu.urantiacos.cl\/en\/2021\/05\/21\/el-programa-de-artesania-uc-anuncia-el-formato-de-la-48-version-de-la-muestra-de-artesania-uc-y-abre-su-convocatoria\/#article","isPartOf":{"@id":"https:\/\/fadeu.urantiacos.cl\/en\/2021\/05\/21\/el-programa-de-artesania-uc-anuncia-el-formato-de-la-48-version-de-la-muestra-de-artesania-uc-y-abre-su-convocatoria\/"},"author":{"name":"manadmin","@id":"https:\/\/fadeu.urantiacos.cl\/en\/#\/schema\/person\/d203e2e84b1c40275eac77b3061a19a2"},"headline":"El programa de Artesan\u00eda UC anuncia el formato de la 48 versi\u00f3n de la Muestra de Artesan\u00eda UC y abre su convocatoria.","datePublished":"2021-05-21T12:48:00+00:00","dateModified":"2023-09-08T12:50:30+00:00","mainEntityOfPage":{"@id":"https:\/\/fadeu.urantiacos.cl\/en\/2021\/05\/21\/el-programa-de-artesania-uc-anuncia-el-formato-de-la-48-version-de-la-muestra-de-artesania-uc-y-abre-su-convocatoria\/"},"wordCount":317,"commentCount":0,"image":{"@id":"https:\/\/fadeu.urantiacos.cl\/en\/2021\/05\/21\/el-programa-de-artesania-uc-anuncia-el-formato-de-la-48-version-de-la-muestra-de-artesania-uc-y-abre-su-convocatoria\/#primaryimage"},"thumbnailUrl":"https:\/\/fadeu.urantiacos.cl\/wp-content\/uploads\/2023\/09\/web_artesania_2021.jpg","articleSection":["Sin categorizar"],"inLanguage":"en-US","potentialAction":[{"@type":"CommentAction","name":"Comment","target":["https:\/\/fadeu.urantiacos.cl\/en\/2021\/05\/21\/el-programa-de-artesania-uc-anuncia-el-formato-de-la-48-version-de-la-muestra-de-artesania-uc-y-abre-su-convocatoria\/#respond"]}]},{"@type":"WebPage","@id":"https:\/\/fadeu.urantiacos.cl\/en\/2021\/05\/21\/el-programa-de-artesania-uc-anuncia-el-formato-de-la-48-version-de-la-muestra-de-artesania-uc-y-abre-su-convocatoria\/","url":"https:\/\/fadeu.urantiacos.cl\/en\/2021\/05\/21\/el-programa-de-artesania-uc-anuncia-el-formato-de-la-48-version-de-la-muestra-de-artesania-uc-y-abre-su-convocatoria\/","name":"El programa de Artesan\u00eda UC anuncia el formato de la 48 versi\u00f3n de la Muestra de Artesan\u00eda UC y abre su convocatoria. - Facultad de Arquitectura, Dise\u00f1o y Estudios Urbanos","isPartOf":{"@id":"https:\/\/fadeu.urantiacos.cl\/en\/#website"},"primaryImageOfPage":{"@id":"https:\/\/fadeu.urantiacos.cl\/en\/2021\/05\/21\/el-programa-de-artesania-uc-anuncia-el-formato-de-la-48-version-de-la-muestra-de-artesania-uc-y-abre-su-convocatoria\/#primaryimage"},"image":{"@id":"https:\/\/fadeu.urantiacos.cl\/en\/2021\/05\/21\/el-programa-de-artesania-uc-anuncia-el-formato-de-la-48-version-de-la-muestra-de-artesania-uc-y-abre-su-convocatoria\/#primaryimage"},"thumbnailUrl":"https:\/\/fadeu.urantiacos.cl\/wp-content\/uploads\/2023\/09\/web_artesania_2021.jpg","datePublished":"2021-05-21T12:48:00+00:00","dateModified":"2023-09-08T12:50:30+00:00","author":{"@id":"https:\/\/fadeu.urantiacos.cl\/en\/#\/schema\/person\/d203e2e84b1c40275eac77b3061a19a2"},"description":"Nuevamente, en modalidad virtual, se llevar\u00e1 a cabo en el mes de diciembre de 2021, la 48 Muestra de Artesan\u00eda UC . \u201cAunque sabemos que las y los artesanos, el p\u00fablico y nosotras mismas echaremos de menos el encuentro presencial, sabemos que es relevante que la Universidad persevere en la realizaci\u00f3n de esta instancia cultural\u201d, explica Elena Alfaro, directora del Programa de Artesan\u00eda UC en relaci\u00f3n al anuncio.","breadcrumb":{"@id":"https:\/\/fadeu.urantiacos.cl\/en\/2021\/05\/21\/el-programa-de-artesania-uc-anuncia-el-formato-de-la-48-version-de-la-muestra-de-artesania-uc-y-abre-su-convocatoria\/#breadcrumb"},"inLanguage":"en-US","potentialAction":[{"@type":"ReadAction","target":["https:\/\/fadeu.urantiacos.cl\/en\/2021\/05\/21\/el-programa-de-artesania-uc-anuncia-el-formato-de-la-48-version-de-la-muestra-de-artesania-uc-y-abre-su-convocatoria\/"]}]},{"@type":"ImageObject","inLanguage":"en-US","@id":"https:\/\/fadeu.urantiacos.cl\/en\/2021\/05\/21\/el-programa-de-artesania-uc-anuncia-el-formato-de-la-48-version-de-la-muestra-de-artesania-uc-y-abre-su-convocatoria\/#primaryimage","url":"https:\/\/fadeu.urantiacos.cl\/wp-content\/uploads\/2023\/09\/web_artesania_2021.jpg","contentUrl":"https:\/\/fadeu.urantiacos.cl\/wp-content\/uploads\/2023\/09\/web_artesania_2021.jpg","width":350,"height":250},{"@type":"BreadcrumbList","@id":"https:\/\/fadeu.urantiacos.cl\/en\/2021\/05\/21\/el-programa-de-artesania-uc-anuncia-el-formato-de-la-48-version-de-la-muestra-de-artesania-uc-y-abre-su-convocatoria\/#breadcrumb","itemListElement":[{"@type":"ListItem","position":1,"name":"Portada","item":"https:\/\/fadeu.urantiacos.cl\/en\/"},{"@type":"ListItem","position":2,"name":"El programa de Artesan\u00eda UC anuncia el formato de la 48 versi\u00f3n de la Muestra de Artesan\u00eda UC y abre su convocatoria."}]},{"@type":"WebSite","@id":"https:\/\/fadeu.urantiacos.cl\/en\/#website","url":"https:\/\/fadeu.urantiacos.cl\/en\/","name":"Facultad de Arquitectura, Dise\u00f1o y Estudios Urbanos","description":"Campus Lo Contador","potentialAction":[{"@type":"SearchAction","target":{"@type":"EntryPoint","urlTemplate":"https:\/\/fadeu.urantiacos.cl\/en\/?s={search_term_string}"},"query-input":{"@type":"PropertyValueSpecification","valueRequired":true,"valueName":"search_term_string"}}],"inLanguage":"en-US"},{"@type":"Person","@id":"https:\/\/fadeu.urantiacos.cl\/en\/#\/schema\/person\/d203e2e84b1c40275eac77b3061a19a2","name":"manadmin","image":{"@type":"ImageObject","inLanguage":"en-US","@id":"https:\/\/fadeu.urantiacos.cl\/en\/#\/schema\/person\/image\/","url":"https:\/\/secure.gravatar.com\/avatar\/4b1d8e3303b4a9d8968ac578947d8bc80d9aea359f388cdd4aac15cadc0e8447?s=96&d=mm&r=g","contentUrl":"https:\/\/secure.gravatar.com\/avatar\/4b1d8e3303b4a9d8968ac578947d8bc80d9aea359f388cdd4aac15cadc0e8447?s=96&d=mm&r=g","caption":"manadmin"},"sameAs":["https:\/\/fadeu.urantiacos.cl"]}]}},"_links":{"self":[{"href":"https:\/\/fadeu.urantiacos.cl\/en\/wp-json\/wp\/v2\/posts\/6979","targetHints":{"allow":["GET"]}}],"collection":[{"href":"https:\/\/fadeu.urantiacos.cl\/en\/wp-json\/wp\/v2\/posts"}],"about":[{"href":"https:\/\/fadeu.urantiacos.cl\/en\/wp-json\/wp\/v2\/types\/post"}],"author":[{"embeddable":true,"href":"https:\/\/fadeu.urantiacos.cl\/en\/wp-json\/wp\/v2\/users\/1"}],"replies":[{"embeddable":true,"href":"https:\/\/fadeu.urantiacos.cl\/en\/wp-json\/wp\/v2\/comments?post=6979"}],"version-history":[{"count":1,"href":"https:\/\/fadeu.urantiacos.cl\/en\/wp-json\/wp\/v2\/posts\/6979\/revisions"}],"predecessor-version":[{"id":6981,"href":"https:\/\/fadeu.urantiacos.cl\/en\/wp-json\/wp\/v2\/posts\/6979\/revisions\/6981"}],"wp:featuredmedia":[{"embeddable":true,"href":"https:\/\/fadeu.urantiacos.cl\/en\/wp-json\/wp\/v2\/media\/6980"}],"wp:attachment":[{"href":"https:\/\/fadeu.urantiacos.cl\/en\/wp-json\/wp\/v2\/media?parent=6979"}],"wp:term":[{"taxonomy":"category","embeddable":true,"href":"https:\/\/fadeu.urantiacos.cl\/en\/wp-json\/wp\/v2\/categories?post=6979"},{"taxonomy":"post_tag","embeddable":true,"href":"https:\/\/fadeu.urantiacos.cl\/en\/wp-json\/wp\/v2\/tags?post=6979"}],"curies":[{"name":"wp","href":"https:\/\/api.w.org\/{rel}","templated":true}]}}