{"id":6972,"date":"2021-05-21T09:44:00","date_gmt":"2021-05-21T12:44:00","guid":{"rendered":"https:\/\/fadeu.urantiacos.cl\/?p=6972"},"modified":"2023-09-08T09:47:21","modified_gmt":"2023-09-08T12:47:21","slug":"resultados-de-workshops-con-colaboracion-arq-uc-fueron-presentados-en-el-marco-de-la-bienal-de-venecia-2021","status":"publish","type":"post","link":"https:\/\/fadeu.urantiacos.cl\/en\/2021\/05\/21\/resultados-de-workshops-con-colaboracion-arq-uc-fueron-presentados-en-el-marco-de-la-bienal-de-venecia-2021\/","title":{"rendered":"Resultados de workshops con colaboraci\u00f3n ARQ UC fueron presentados en el marco de la Bienal de Venecia 2021"},"content":{"rendered":"\n<figure class=\"wp-block-image size-full\"><img decoding=\"async\" width=\"350\" height=\"250\" src=\"https:\/\/fadeu.urantiacos.cl\/wp-content\/uploads\/2023\/09\/web_HDWL-ECC_1.jpg\" alt=\"\" class=\"wp-image-6973\" srcset=\"https:\/\/fadeu.urantiacos.cl\/wp-content\/uploads\/2023\/09\/web_HDWL-ECC_1.jpg 350w, https:\/\/fadeu.urantiacos.cl\/wp-content\/uploads\/2023\/09\/web_HDWL-ECC_1-300x214.jpg 300w\" sizes=\"(max-width: 350px) 100vw, 350px\" \/><\/figure>\n\n\n\n<p>La inauguraci\u00f3n de la exposici\u00f3n \u2014que tiene por lugar el European Cultural Centre (ECC) o Palazzo Mora en Venecia\u2014 se realiz\u00f3 el jueves 20 de mayo en formato h\u00edbrido (presencial desde el palacio y virtual a trav\u00e9s de las redes del ECC). El material seleccionado para presentar el proyecto con los resultados de los workshops fue evaluado y dise\u00f1ado con la colaboraci\u00f3n del profesor ARQ UC Camilo Meneses y los arquitectos Henry Lyle, Maxime Turner, Harry Lewis, George Clarke y James Gordon.<\/p>\n\n\n\n<p>La Bienal de Arquitectura de Venecia, originalmente fijada para 2020, pero postergada por la crisis sanitaria mundial, inaugur\u00f3 oficialmente al p\u00fablico general el s\u00e1bado 22 de mayo y estar\u00e1 abierta hasta el 21 de noviembre de 2021.<\/p>\n\n\n\n<p>Sobre \u201cHow do we live?\u201d_<br>\u201cHow do we live? Santiago-Londres-Shanghai\u201d es una investigaci\u00f3n en curso y una colaboraci\u00f3n docente sobre la tem\u00e1tica de la vivienda, que abarca tres continentes y analiza los tipos de vivienda y la noci\u00f3n de crisis particular de cada contexto metropolitano. La exposici\u00f3n mostrar\u00e1 tanto un an\u00e1lisis de la producci\u00f3n actual de vivienda en estas tres ciudades como soluciones de dise\u00f1o ideadas por estudiantes, que responden a diversos aspectos de la crisis.<\/p>\n\n\n\n<p>Esta investigaci\u00f3n examina desde los edificios residenciales banales hasta los ejemplares actualmente en el mercado como una lente para comprender los estilos de vida y las urbanidades. El resultado se ha llevado a cabo en base a una serie de workshops internacionales, con la participaci\u00f3n de 70 estudiantes de principalmente 4 universidades: Liverpool Architecture School, Cambridge University, Department of Architecture, Xi&#8217;An Jiatong Liverpool University y la Universidad Cat\u00f3lica de Chile; en las ciudades de Santiago, Londres y Shanghai.<\/p>\n\n\n\n<p>Para m\u00e1s informaci\u00f3n en el siguiente&nbsp;<a href=\"https:\/\/europeanculturalcentre.eu\/exhibitions\/exhibitions\" target=\"_blank\" rel=\"noreferrer noopener\">link<\/a>&nbsp;<\/p>\n\n\n\n<figure class=\"wp-block-image size-large\"><img decoding=\"async\" width=\"981\" height=\"1024\" src=\"https:\/\/fadeu.urantiacos.cl\/wp-content\/uploads\/2023\/09\/HDWL-ECC_1-981x1024.jpg\" alt=\"\" class=\"wp-image-6974\" srcset=\"https:\/\/fadeu.urantiacos.cl\/wp-content\/uploads\/2023\/09\/HDWL-ECC_1-981x1024.jpg 981w, https:\/\/fadeu.urantiacos.cl\/wp-content\/uploads\/2023\/09\/HDWL-ECC_1-287x300.jpg 287w, https:\/\/fadeu.urantiacos.cl\/wp-content\/uploads\/2023\/09\/HDWL-ECC_1-768x802.jpg 768w, https:\/\/fadeu.urantiacos.cl\/wp-content\/uploads\/2023\/09\/HDWL-ECC_1-1472x1536.jpg 1472w, https:\/\/fadeu.urantiacos.cl\/wp-content\/uploads\/2023\/09\/HDWL-ECC_1.jpg 1150w\" sizes=\"(max-width: 981px) 100vw, 981px\" \/><\/figure>\n\n\n\n<p>Noticias<\/p>\n\n\n\n<p>Contacto:&nbsp;<a href=\"mailto:redesarq@uc.cl\">redesarq@uc.cl<\/a>&nbsp;| +56 2 2354 7747<br>www.arquitectura.uc.cl<\/p>\n","protected":false},"excerpt":{"rendered":"<p>El proyecto \u201cHow do we live?\u201d, liderado por las arquitectas e investigadoras Jocelyn Froimovich de la Escuela de Arquitectura UC y Johanna Muszbek de la Universidad de Liverpool, ser\u00e1 parte de la exhibici\u00f3n \u201cTime Space Existence\u201d.<\/p>\n","protected":false},"author":1,"featured_media":6973,"comment_status":"open","ping_status":"open","sticky":false,"template":"","format":"standard","meta":{"_acf_changed":false,"footnotes":""},"categories":[1],"tags":[],"class_list":["post-6972","post","type-post","status-publish","format-standard","has-post-thumbnail","hentry","category-sin-categorizar"],"acf":[],"yoast_head":"<!-- This site is optimized with the Yoast SEO plugin v27.1.1 - https:\/\/yoast.com\/product\/yoast-seo-wordpress\/ -->\n<title>Resultados de workshops con colaboraci\u00f3n ARQ UC fueron presentados en el marco de la Bienal de Venecia 2021 - Facultad de Arquitectura, Dise\u00f1o y Estudios Urbanos<\/title>\n<meta name=\"description\" content=\"El proyecto \u201cHow do we live?\u201d, liderado por las arquitectas e investigadoras Jocelyn Froimovich de la Escuela de Arquitectura UC y Johanna Muszbek de la Universidad de Liverpool, ser\u00e1 parte de la exhibici\u00f3n \u201cTime Space Existence\u201d.\" \/>\n<meta name=\"robots\" content=\"index, follow, max-snippet:-1, max-image-preview:large, max-video-preview:-1\" \/>\n<link rel=\"canonical\" href=\"https:\/\/fadeu.urantiacos.cl\/en\/2021\/05\/21\/resultados-de-workshops-con-colaboracion-arq-uc-fueron-presentados-en-el-marco-de-la-bienal-de-venecia-2021\/\" \/>\n<meta property=\"og:locale\" content=\"en_US\" \/>\n<meta property=\"og:type\" content=\"article\" \/>\n<meta property=\"og:title\" content=\"Resultados de workshops con colaboraci\u00f3n ARQ UC fueron presentados en el marco de la Bienal de Venecia 2021 - Facultad de Arquitectura, Dise\u00f1o y Estudios Urbanos\" \/>\n<meta property=\"og:description\" content=\"El proyecto \u201cHow do we live?\u201d, liderado por las arquitectas e investigadoras Jocelyn Froimovich de la Escuela de Arquitectura UC y Johanna Muszbek de la Universidad de Liverpool, ser\u00e1 parte de la exhibici\u00f3n \u201cTime Space Existence\u201d.\" \/>\n<meta property=\"og:url\" content=\"https:\/\/fadeu.urantiacos.cl\/en\/2021\/05\/21\/resultados-de-workshops-con-colaboracion-arq-uc-fueron-presentados-en-el-marco-de-la-bienal-de-venecia-2021\/\" \/>\n<meta property=\"og:site_name\" content=\"Facultad de Arquitectura, Dise\u00f1o y Estudios Urbanos\" \/>\n<meta property=\"article:published_time\" content=\"2021-05-21T12:44:00+00:00\" \/>\n<meta property=\"article:modified_time\" content=\"2023-09-08T12:47:21+00:00\" \/>\n<meta property=\"og:image\" content=\"https:\/\/fadeu.urantiacos.cl\/wp-content\/uploads\/2023\/09\/web_HDWL-ECC_1.jpg\" \/>\n\t<meta property=\"og:image:width\" content=\"350\" \/>\n\t<meta property=\"og:image:height\" content=\"250\" \/>\n\t<meta property=\"og:image:type\" content=\"image\/jpeg\" \/>\n<meta name=\"author\" content=\"manadmin\" \/>\n<meta name=\"twitter:card\" content=\"summary_large_image\" \/>\n<meta name=\"twitter:label1\" content=\"Written by\" \/>\n\t<meta name=\"twitter:data1\" content=\"manadmin\" \/>\n\t<meta name=\"twitter:label2\" content=\"Est. reading time\" \/>\n\t<meta name=\"twitter:data2\" content=\"2 minutes\" \/>\n<script type=\"application\/ld+json\" class=\"yoast-schema-graph\">{\"@context\":\"https:\/\/schema.org\",\"@graph\":[{\"@type\":\"Article\",\"@id\":\"https:\/\/fadeu.urantiacos.cl\/en\/2021\/05\/21\/resultados-de-workshops-con-colaboracion-arq-uc-fueron-presentados-en-el-marco-de-la-bienal-de-venecia-2021\/#article\",\"isPartOf\":{\"@id\":\"https:\/\/fadeu.urantiacos.cl\/en\/2021\/05\/21\/resultados-de-workshops-con-colaboracion-arq-uc-fueron-presentados-en-el-marco-de-la-bienal-de-venecia-2021\/\"},\"author\":{\"name\":\"manadmin\",\"@id\":\"https:\/\/fadeu.urantiacos.cl\/en\/#\/schema\/person\/d203e2e84b1c40275eac77b3061a19a2\"},\"headline\":\"Resultados de workshops con colaboraci\u00f3n ARQ UC fueron presentados en el marco de la Bienal de Venecia 2021\",\"datePublished\":\"2021-05-21T12:44:00+00:00\",\"dateModified\":\"2023-09-08T12:47:21+00:00\",\"mainEntityOfPage\":{\"@id\":\"https:\/\/fadeu.urantiacos.cl\/en\/2021\/05\/21\/resultados-de-workshops-con-colaboracion-arq-uc-fueron-presentados-en-el-marco-de-la-bienal-de-venecia-2021\/\"},\"wordCount\":325,\"commentCount\":0,\"image\":{\"@id\":\"https:\/\/fadeu.urantiacos.cl\/en\/2021\/05\/21\/resultados-de-workshops-con-colaboracion-arq-uc-fueron-presentados-en-el-marco-de-la-bienal-de-venecia-2021\/#primaryimage\"},\"thumbnailUrl\":\"https:\/\/fadeu.urantiacos.cl\/wp-content\/uploads\/2023\/09\/web_HDWL-ECC_1.jpg\",\"articleSection\":[\"Sin categorizar\"],\"inLanguage\":\"en-US\",\"potentialAction\":[{\"@type\":\"CommentAction\",\"name\":\"Comment\",\"target\":[\"https:\/\/fadeu.urantiacos.cl\/en\/2021\/05\/21\/resultados-de-workshops-con-colaboracion-arq-uc-fueron-presentados-en-el-marco-de-la-bienal-de-venecia-2021\/#respond\"]}]},{\"@type\":\"WebPage\",\"@id\":\"https:\/\/fadeu.urantiacos.cl\/en\/2021\/05\/21\/resultados-de-workshops-con-colaboracion-arq-uc-fueron-presentados-en-el-marco-de-la-bienal-de-venecia-2021\/\",\"url\":\"https:\/\/fadeu.urantiacos.cl\/en\/2021\/05\/21\/resultados-de-workshops-con-colaboracion-arq-uc-fueron-presentados-en-el-marco-de-la-bienal-de-venecia-2021\/\",\"name\":\"Resultados de workshops con colaboraci\u00f3n ARQ UC fueron presentados en el marco de la Bienal de Venecia 2021 - Facultad de Arquitectura, Dise\u00f1o y Estudios Urbanos\",\"isPartOf\":{\"@id\":\"https:\/\/fadeu.urantiacos.cl\/en\/#website\"},\"primaryImageOfPage\":{\"@id\":\"https:\/\/fadeu.urantiacos.cl\/en\/2021\/05\/21\/resultados-de-workshops-con-colaboracion-arq-uc-fueron-presentados-en-el-marco-de-la-bienal-de-venecia-2021\/#primaryimage\"},\"image\":{\"@id\":\"https:\/\/fadeu.urantiacos.cl\/en\/2021\/05\/21\/resultados-de-workshops-con-colaboracion-arq-uc-fueron-presentados-en-el-marco-de-la-bienal-de-venecia-2021\/#primaryimage\"},\"thumbnailUrl\":\"https:\/\/fadeu.urantiacos.cl\/wp-content\/uploads\/2023\/09\/web_HDWL-ECC_1.jpg\",\"datePublished\":\"2021-05-21T12:44:00+00:00\",\"dateModified\":\"2023-09-08T12:47:21+00:00\",\"author\":{\"@id\":\"https:\/\/fadeu.urantiacos.cl\/en\/#\/schema\/person\/d203e2e84b1c40275eac77b3061a19a2\"},\"description\":\"El proyecto \u201cHow do we live?\u201d, liderado por las arquitectas e investigadoras Jocelyn Froimovich de la Escuela de Arquitectura UC y Johanna Muszbek de la Universidad de Liverpool, ser\u00e1 parte de la exhibici\u00f3n \u201cTime Space Existence\u201d.\",\"breadcrumb\":{\"@id\":\"https:\/\/fadeu.urantiacos.cl\/en\/2021\/05\/21\/resultados-de-workshops-con-colaboracion-arq-uc-fueron-presentados-en-el-marco-de-la-bienal-de-venecia-2021\/#breadcrumb\"},\"inLanguage\":\"en-US\",\"potentialAction\":[{\"@type\":\"ReadAction\",\"target\":[\"https:\/\/fadeu.urantiacos.cl\/en\/2021\/05\/21\/resultados-de-workshops-con-colaboracion-arq-uc-fueron-presentados-en-el-marco-de-la-bienal-de-venecia-2021\/\"]}]},{\"@type\":\"ImageObject\",\"inLanguage\":\"en-US\",\"@id\":\"https:\/\/fadeu.urantiacos.cl\/en\/2021\/05\/21\/resultados-de-workshops-con-colaboracion-arq-uc-fueron-presentados-en-el-marco-de-la-bienal-de-venecia-2021\/#primaryimage\",\"url\":\"https:\/\/fadeu.urantiacos.cl\/wp-content\/uploads\/2023\/09\/web_HDWL-ECC_1.jpg\",\"contentUrl\":\"https:\/\/fadeu.urantiacos.cl\/wp-content\/uploads\/2023\/09\/web_HDWL-ECC_1.jpg\",\"width\":350,\"height\":250},{\"@type\":\"BreadcrumbList\",\"@id\":\"https:\/\/fadeu.urantiacos.cl\/en\/2021\/05\/21\/resultados-de-workshops-con-colaboracion-arq-uc-fueron-presentados-en-el-marco-de-la-bienal-de-venecia-2021\/#breadcrumb\",\"itemListElement\":[{\"@type\":\"ListItem\",\"position\":1,\"name\":\"Portada\",\"item\":\"https:\/\/fadeu.urantiacos.cl\/en\/\"},{\"@type\":\"ListItem\",\"position\":2,\"name\":\"Resultados de workshops con colaboraci\u00f3n ARQ UC fueron presentados en el marco de la Bienal de Venecia 2021\"}]},{\"@type\":\"WebSite\",\"@id\":\"https:\/\/fadeu.urantiacos.cl\/en\/#website\",\"url\":\"https:\/\/fadeu.urantiacos.cl\/en\/\",\"name\":\"Facultad de Arquitectura, Dise\u00f1o y Estudios Urbanos\",\"description\":\"Campus Lo Contador\",\"potentialAction\":[{\"@type\":\"SearchAction\",\"target\":{\"@type\":\"EntryPoint\",\"urlTemplate\":\"https:\/\/fadeu.urantiacos.cl\/en\/?s={search_term_string}\"},\"query-input\":{\"@type\":\"PropertyValueSpecification\",\"valueRequired\":true,\"valueName\":\"search_term_string\"}}],\"inLanguage\":\"en-US\"},{\"@type\":\"Person\",\"@id\":\"https:\/\/fadeu.urantiacos.cl\/en\/#\/schema\/person\/d203e2e84b1c40275eac77b3061a19a2\",\"name\":\"manadmin\",\"image\":{\"@type\":\"ImageObject\",\"inLanguage\":\"en-US\",\"@id\":\"https:\/\/fadeu.urantiacos.cl\/en\/#\/schema\/person\/image\/\",\"url\":\"https:\/\/secure.gravatar.com\/avatar\/4b1d8e3303b4a9d8968ac578947d8bc80d9aea359f388cdd4aac15cadc0e8447?s=96&d=mm&r=g\",\"contentUrl\":\"https:\/\/secure.gravatar.com\/avatar\/4b1d8e3303b4a9d8968ac578947d8bc80d9aea359f388cdd4aac15cadc0e8447?s=96&d=mm&r=g\",\"caption\":\"manadmin\"},\"sameAs\":[\"https:\/\/fadeu.urantiacos.cl\"]}]}<\/script>\n<!-- \/ Yoast SEO plugin. -->","yoast_head_json":{"title":"Resultados de workshops con colaboraci\u00f3n ARQ UC fueron presentados en el marco de la Bienal de Venecia 2021 - Facultad de Arquitectura, Dise\u00f1o y Estudios Urbanos","description":"El proyecto \u201cHow do we live?\u201d, liderado por las arquitectas e investigadoras Jocelyn Froimovich de la Escuela de Arquitectura UC y Johanna Muszbek de la Universidad de Liverpool, ser\u00e1 parte de la exhibici\u00f3n \u201cTime Space Existence\u201d.","robots":{"index":"index","follow":"follow","max-snippet":"max-snippet:-1","max-image-preview":"max-image-preview:large","max-video-preview":"max-video-preview:-1"},"canonical":"https:\/\/fadeu.urantiacos.cl\/en\/2021\/05\/21\/resultados-de-workshops-con-colaboracion-arq-uc-fueron-presentados-en-el-marco-de-la-bienal-de-venecia-2021\/","og_locale":"en_US","og_type":"article","og_title":"Resultados de workshops con colaboraci\u00f3n ARQ UC fueron presentados en el marco de la Bienal de Venecia 2021 - Facultad de Arquitectura, Dise\u00f1o y Estudios Urbanos","og_description":"El proyecto \u201cHow do we live?\u201d, liderado por las arquitectas e investigadoras Jocelyn Froimovich de la Escuela de Arquitectura UC y Johanna Muszbek de la Universidad de Liverpool, ser\u00e1 parte de la exhibici\u00f3n \u201cTime Space Existence\u201d.","og_url":"https:\/\/fadeu.urantiacos.cl\/en\/2021\/05\/21\/resultados-de-workshops-con-colaboracion-arq-uc-fueron-presentados-en-el-marco-de-la-bienal-de-venecia-2021\/","og_site_name":"Facultad de Arquitectura, Dise\u00f1o y Estudios Urbanos","article_published_time":"2021-05-21T12:44:00+00:00","article_modified_time":"2023-09-08T12:47:21+00:00","og_image":[{"width":350,"height":250,"url":"https:\/\/fadeu.urantiacos.cl\/wp-content\/uploads\/2023\/09\/web_HDWL-ECC_1.jpg","type":"image\/jpeg"}],"author":"manadmin","twitter_card":"summary_large_image","twitter_misc":{"Written by":"manadmin","Est. reading time":"2 minutes"},"schema":{"@context":"https:\/\/schema.org","@graph":[{"@type":"Article","@id":"https:\/\/fadeu.urantiacos.cl\/en\/2021\/05\/21\/resultados-de-workshops-con-colaboracion-arq-uc-fueron-presentados-en-el-marco-de-la-bienal-de-venecia-2021\/#article","isPartOf":{"@id":"https:\/\/fadeu.urantiacos.cl\/en\/2021\/05\/21\/resultados-de-workshops-con-colaboracion-arq-uc-fueron-presentados-en-el-marco-de-la-bienal-de-venecia-2021\/"},"author":{"name":"manadmin","@id":"https:\/\/fadeu.urantiacos.cl\/en\/#\/schema\/person\/d203e2e84b1c40275eac77b3061a19a2"},"headline":"Resultados de workshops con colaboraci\u00f3n ARQ UC fueron presentados en el marco de la Bienal de Venecia 2021","datePublished":"2021-05-21T12:44:00+00:00","dateModified":"2023-09-08T12:47:21+00:00","mainEntityOfPage":{"@id":"https:\/\/fadeu.urantiacos.cl\/en\/2021\/05\/21\/resultados-de-workshops-con-colaboracion-arq-uc-fueron-presentados-en-el-marco-de-la-bienal-de-venecia-2021\/"},"wordCount":325,"commentCount":0,"image":{"@id":"https:\/\/fadeu.urantiacos.cl\/en\/2021\/05\/21\/resultados-de-workshops-con-colaboracion-arq-uc-fueron-presentados-en-el-marco-de-la-bienal-de-venecia-2021\/#primaryimage"},"thumbnailUrl":"https:\/\/fadeu.urantiacos.cl\/wp-content\/uploads\/2023\/09\/web_HDWL-ECC_1.jpg","articleSection":["Sin categorizar"],"inLanguage":"en-US","potentialAction":[{"@type":"CommentAction","name":"Comment","target":["https:\/\/fadeu.urantiacos.cl\/en\/2021\/05\/21\/resultados-de-workshops-con-colaboracion-arq-uc-fueron-presentados-en-el-marco-de-la-bienal-de-venecia-2021\/#respond"]}]},{"@type":"WebPage","@id":"https:\/\/fadeu.urantiacos.cl\/en\/2021\/05\/21\/resultados-de-workshops-con-colaboracion-arq-uc-fueron-presentados-en-el-marco-de-la-bienal-de-venecia-2021\/","url":"https:\/\/fadeu.urantiacos.cl\/en\/2021\/05\/21\/resultados-de-workshops-con-colaboracion-arq-uc-fueron-presentados-en-el-marco-de-la-bienal-de-venecia-2021\/","name":"Resultados de workshops con colaboraci\u00f3n ARQ UC fueron presentados en el marco de la Bienal de Venecia 2021 - Facultad de Arquitectura, Dise\u00f1o y Estudios Urbanos","isPartOf":{"@id":"https:\/\/fadeu.urantiacos.cl\/en\/#website"},"primaryImageOfPage":{"@id":"https:\/\/fadeu.urantiacos.cl\/en\/2021\/05\/21\/resultados-de-workshops-con-colaboracion-arq-uc-fueron-presentados-en-el-marco-de-la-bienal-de-venecia-2021\/#primaryimage"},"image":{"@id":"https:\/\/fadeu.urantiacos.cl\/en\/2021\/05\/21\/resultados-de-workshops-con-colaboracion-arq-uc-fueron-presentados-en-el-marco-de-la-bienal-de-venecia-2021\/#primaryimage"},"thumbnailUrl":"https:\/\/fadeu.urantiacos.cl\/wp-content\/uploads\/2023\/09\/web_HDWL-ECC_1.jpg","datePublished":"2021-05-21T12:44:00+00:00","dateModified":"2023-09-08T12:47:21+00:00","author":{"@id":"https:\/\/fadeu.urantiacos.cl\/en\/#\/schema\/person\/d203e2e84b1c40275eac77b3061a19a2"},"description":"El proyecto \u201cHow do we live?\u201d, liderado por las arquitectas e investigadoras Jocelyn Froimovich de la Escuela de Arquitectura UC y Johanna Muszbek de la Universidad de Liverpool, ser\u00e1 parte de la exhibici\u00f3n \u201cTime Space Existence\u201d.","breadcrumb":{"@id":"https:\/\/fadeu.urantiacos.cl\/en\/2021\/05\/21\/resultados-de-workshops-con-colaboracion-arq-uc-fueron-presentados-en-el-marco-de-la-bienal-de-venecia-2021\/#breadcrumb"},"inLanguage":"en-US","potentialAction":[{"@type":"ReadAction","target":["https:\/\/fadeu.urantiacos.cl\/en\/2021\/05\/21\/resultados-de-workshops-con-colaboracion-arq-uc-fueron-presentados-en-el-marco-de-la-bienal-de-venecia-2021\/"]}]},{"@type":"ImageObject","inLanguage":"en-US","@id":"https:\/\/fadeu.urantiacos.cl\/en\/2021\/05\/21\/resultados-de-workshops-con-colaboracion-arq-uc-fueron-presentados-en-el-marco-de-la-bienal-de-venecia-2021\/#primaryimage","url":"https:\/\/fadeu.urantiacos.cl\/wp-content\/uploads\/2023\/09\/web_HDWL-ECC_1.jpg","contentUrl":"https:\/\/fadeu.urantiacos.cl\/wp-content\/uploads\/2023\/09\/web_HDWL-ECC_1.jpg","width":350,"height":250},{"@type":"BreadcrumbList","@id":"https:\/\/fadeu.urantiacos.cl\/en\/2021\/05\/21\/resultados-de-workshops-con-colaboracion-arq-uc-fueron-presentados-en-el-marco-de-la-bienal-de-venecia-2021\/#breadcrumb","itemListElement":[{"@type":"ListItem","position":1,"name":"Portada","item":"https:\/\/fadeu.urantiacos.cl\/en\/"},{"@type":"ListItem","position":2,"name":"Resultados de workshops con colaboraci\u00f3n ARQ UC fueron presentados en el marco de la Bienal de Venecia 2021"}]},{"@type":"WebSite","@id":"https:\/\/fadeu.urantiacos.cl\/en\/#website","url":"https:\/\/fadeu.urantiacos.cl\/en\/","name":"Facultad de Arquitectura, Dise\u00f1o y Estudios Urbanos","description":"Campus Lo Contador","potentialAction":[{"@type":"SearchAction","target":{"@type":"EntryPoint","urlTemplate":"https:\/\/fadeu.urantiacos.cl\/en\/?s={search_term_string}"},"query-input":{"@type":"PropertyValueSpecification","valueRequired":true,"valueName":"search_term_string"}}],"inLanguage":"en-US"},{"@type":"Person","@id":"https:\/\/fadeu.urantiacos.cl\/en\/#\/schema\/person\/d203e2e84b1c40275eac77b3061a19a2","name":"manadmin","image":{"@type":"ImageObject","inLanguage":"en-US","@id":"https:\/\/fadeu.urantiacos.cl\/en\/#\/schema\/person\/image\/","url":"https:\/\/secure.gravatar.com\/avatar\/4b1d8e3303b4a9d8968ac578947d8bc80d9aea359f388cdd4aac15cadc0e8447?s=96&d=mm&r=g","contentUrl":"https:\/\/secure.gravatar.com\/avatar\/4b1d8e3303b4a9d8968ac578947d8bc80d9aea359f388cdd4aac15cadc0e8447?s=96&d=mm&r=g","caption":"manadmin"},"sameAs":["https:\/\/fadeu.urantiacos.cl"]}]}},"_links":{"self":[{"href":"https:\/\/fadeu.urantiacos.cl\/en\/wp-json\/wp\/v2\/posts\/6972","targetHints":{"allow":["GET"]}}],"collection":[{"href":"https:\/\/fadeu.urantiacos.cl\/en\/wp-json\/wp\/v2\/posts"}],"about":[{"href":"https:\/\/fadeu.urantiacos.cl\/en\/wp-json\/wp\/v2\/types\/post"}],"author":[{"embeddable":true,"href":"https:\/\/fadeu.urantiacos.cl\/en\/wp-json\/wp\/v2\/users\/1"}],"replies":[{"embeddable":true,"href":"https:\/\/fadeu.urantiacos.cl\/en\/wp-json\/wp\/v2\/comments?post=6972"}],"version-history":[{"count":1,"href":"https:\/\/fadeu.urantiacos.cl\/en\/wp-json\/wp\/v2\/posts\/6972\/revisions"}],"predecessor-version":[{"id":6975,"href":"https:\/\/fadeu.urantiacos.cl\/en\/wp-json\/wp\/v2\/posts\/6972\/revisions\/6975"}],"wp:featuredmedia":[{"embeddable":true,"href":"https:\/\/fadeu.urantiacos.cl\/en\/wp-json\/wp\/v2\/media\/6973"}],"wp:attachment":[{"href":"https:\/\/fadeu.urantiacos.cl\/en\/wp-json\/wp\/v2\/media?parent=6972"}],"wp:term":[{"taxonomy":"category","embeddable":true,"href":"https:\/\/fadeu.urantiacos.cl\/en\/wp-json\/wp\/v2\/categories?post=6972"},{"taxonomy":"post_tag","embeddable":true,"href":"https:\/\/fadeu.urantiacos.cl\/en\/wp-json\/wp\/v2\/tags?post=6972"}],"curies":[{"name":"wp","href":"https:\/\/api.w.org\/{rel}","templated":true}]}}