{"id":6968,"date":"2021-05-23T09:41:00","date_gmt":"2021-05-23T12:41:00","guid":{"rendered":"https:\/\/fadeu.urantiacos.cl\/?p=6968"},"modified":"2023-09-08T09:44:49","modified_gmt":"2023-09-08T12:44:49","slug":"revista-arq-alcanzo-el-q1-en-el-ranking-scimago-scientific-journal","status":"publish","type":"post","link":"https:\/\/fadeu.urantiacos.cl\/en\/2021\/05\/23\/revista-arq-alcanzo-el-q1-en-el-ranking-scimago-scientific-journal\/","title":{"rendered":"Revista ARQ alcanz\u00f3 el Q1 en el ranking SCImago Scientific Journal"},"content":{"rendered":"\n<figure class=\"wp-block-image size-full\"><img decoding=\"async\" width=\"350\" height=\"250\" src=\"https:\/\/fadeu.urantiacos.cl\/wp-content\/uploads\/2023\/09\/ARQ_REVISTA_web.png\" alt=\"\" class=\"wp-image-6969\" srcset=\"https:\/\/fadeu.urantiacos.cl\/wp-content\/uploads\/2023\/09\/ARQ_REVISTA_web.png 350w, https:\/\/fadeu.urantiacos.cl\/wp-content\/uploads\/2023\/09\/ARQ_REVISTA_web-300x214.png 300w\" sizes=\"(max-width: 350px) 100vw, 350px\" \/><\/figure>\n\n\n\n<p>En el \u00edndice de citas SJR (SCImago Scientific Journal Ranking), las revistas cient\u00edficas se dividen en cuatro cuartiles (Q1, Q2, Q3 y Q4). Este ranking mide la cantidad de citas en un per\u00edodo m\u00f3vil de tres a\u00f1os. Es decir, una revista cuyos art\u00edculos son m\u00e1s citados por otras revistas tiene un mejor ranking. Tambi\u00e9n se pondera la importancia o prestigio de las revistas de las que proceden dichas citas. Por lo mismo, estar en ranking Q1 significa que ARQ est\u00e1 entre las revistas m\u00e1s citadas de su \u00e1rea, lo que no s\u00f3lo implica que es le\u00edda, sino tambi\u00e9n que su lectura influye en la producci\u00f3n de conocimientos y que se ha consolidado como una plataforma para discusiones y contenidos de alcance global.<\/p>\n\n\n\n<p>Frente a la noticia, Francisco D\u00edaz, editor general de Ediciones ARQ, se\u00f1al\u00f3: &#8220;Este es un logro colectivo. Va desde la Escuela de Arquitectura UC, sin cuya superestructura y apoyo la revista no existir\u00eda; al comit\u00e9 editorial que incansablemente exige que la revista no decaiga en calidad; a las y los evaluadores que filtran las contribuciones que recibimos en funci\u00f3n de su aporte al conocimiento; al equipo editorial que mantiene el rigor tanto en la edici\u00f3n de los contenidos como en su publicaci\u00f3n y difusi\u00f3n; y llega incluso hasta nuestros lectores, que encuentran en nuestros contenidos ideas que luego impactan en sus propias producciones. En t\u00e9rminos pr\u00e1cticos adem\u00e1s, influye el que seamos una revista 100% biling\u00fce, que hayamos establecido una estrategia sostenida de internacionalizaci\u00f3n y que, gracias a los fondos adjudicados en concursos de Conicyt y Anid, hayamos desarrollado junto a dpr-Barcelona la web&nbsp;<a href=\"https:\/\/archives.cl\/\" target=\"_blank\" rel=\"noreferrer noopener\">archives.cl<\/a>&nbsp;que ha ayudado a visibilizar a\u00fan m\u00e1s nuestros contenidos&#8221;.<\/p>\n\n\n\n<p>Ver m\u00e1s en el siguiente&nbsp;<a href=\"https:\/\/www.scimagojr.com\/journalsearch.php?q=5800173395&amp;tip=sid&amp;clean=0\" target=\"_blank\" rel=\"noreferrer noopener\">link<\/a>&nbsp;<\/p>\n\n\n\n<p>Noticias<\/p>\n\n\n\n<p>Contacto:&nbsp;<a href=\"mailto:redesarq@uc.cl\">redesarq@uc.cl<\/a>&nbsp;| +56 2 2354 7747<br><a href=\"http:\/\/www.arquitectura.uc.cl\/\">www.arquitectura.uc.cl<\/a><\/p>\n\n\n\n<figure class=\"wp-block-image size-full\"><img decoding=\"async\" width=\"1024\" height=\"768\" src=\"https:\/\/fadeu.urantiacos.cl\/wp-content\/uploads\/2023\/09\/ARQ_REVISTA.jpg\" alt=\"\" class=\"wp-image-6970\" srcset=\"https:\/\/fadeu.urantiacos.cl\/wp-content\/uploads\/2023\/09\/ARQ_REVISTA.jpg 1024w, https:\/\/fadeu.urantiacos.cl\/wp-content\/uploads\/2023\/09\/ARQ_REVISTA-300x225.jpg 300w, https:\/\/fadeu.urantiacos.cl\/wp-content\/uploads\/2023\/09\/ARQ_REVISTA-768x576.jpg 768w\" sizes=\"(max-width: 1024px) 100vw, 1024px\" \/><\/figure>\n","protected":false},"excerpt":{"rendered":"<p>Por primera vez en sus m\u00e1s de 40 a\u00f1os de historia, la revista ARQ subi\u00f3 al cuartil Q1, lo que la ubica en la categor\u00eda m\u00e1s alta que puede alcanzar una revista con indexaci\u00f3n cient\u00edfica a nivel mundial.<\/p>\n","protected":false},"author":1,"featured_media":6969,"comment_status":"open","ping_status":"open","sticky":false,"template":"","format":"standard","meta":{"_acf_changed":false,"footnotes":""},"categories":[1],"tags":[],"class_list":["post-6968","post","type-post","status-publish","format-standard","has-post-thumbnail","hentry","category-sin-categorizar"],"acf":[],"yoast_head":"<!-- This site is optimized with the Yoast SEO plugin v27.1.1 - https:\/\/yoast.com\/product\/yoast-seo-wordpress\/ -->\n<title>Revista ARQ alcanz\u00f3 el Q1 en el ranking SCImago Scientific Journal - Facultad de Arquitectura, Dise\u00f1o y Estudios Urbanos<\/title>\n<meta name=\"description\" content=\"Por primera vez en sus m\u00e1s de 40 a\u00f1os de historia, la revista ARQ subi\u00f3 al cuartil Q1, lo que la ubica en la categor\u00eda m\u00e1s alta que puede alcanzar una revista con indexaci\u00f3n cient\u00edfica a nivel mundial.\" \/>\n<meta name=\"robots\" content=\"index, follow, max-snippet:-1, max-image-preview:large, max-video-preview:-1\" \/>\n<link rel=\"canonical\" href=\"https:\/\/fadeu.urantiacos.cl\/en\/2021\/05\/23\/revista-arq-alcanzo-el-q1-en-el-ranking-scimago-scientific-journal\/\" \/>\n<meta property=\"og:locale\" content=\"en_US\" \/>\n<meta property=\"og:type\" content=\"article\" \/>\n<meta property=\"og:title\" content=\"Revista ARQ alcanz\u00f3 el Q1 en el ranking SCImago Scientific Journal - Facultad de Arquitectura, Dise\u00f1o y Estudios Urbanos\" \/>\n<meta property=\"og:description\" content=\"Por primera vez en sus m\u00e1s de 40 a\u00f1os de historia, la revista ARQ subi\u00f3 al cuartil Q1, lo que la ubica en la categor\u00eda m\u00e1s alta que puede alcanzar una revista con indexaci\u00f3n cient\u00edfica a nivel mundial.\" \/>\n<meta property=\"og:url\" content=\"https:\/\/fadeu.urantiacos.cl\/en\/2021\/05\/23\/revista-arq-alcanzo-el-q1-en-el-ranking-scimago-scientific-journal\/\" \/>\n<meta property=\"og:site_name\" content=\"Facultad de Arquitectura, Dise\u00f1o y Estudios Urbanos\" \/>\n<meta property=\"article:published_time\" content=\"2021-05-23T12:41:00+00:00\" \/>\n<meta property=\"article:modified_time\" content=\"2023-09-08T12:44:49+00:00\" \/>\n<meta property=\"og:image\" content=\"https:\/\/fadeu.urantiacos.cl\/wp-content\/uploads\/2023\/09\/ARQ_REVISTA_web.png\" \/>\n\t<meta property=\"og:image:width\" content=\"350\" \/>\n\t<meta property=\"og:image:height\" content=\"250\" \/>\n\t<meta property=\"og:image:type\" content=\"image\/png\" \/>\n<meta name=\"author\" content=\"manadmin\" \/>\n<meta name=\"twitter:card\" content=\"summary_large_image\" \/>\n<meta name=\"twitter:label1\" content=\"Written by\" \/>\n\t<meta name=\"twitter:data1\" content=\"manadmin\" \/>\n\t<meta name=\"twitter:label2\" content=\"Est. reading time\" \/>\n\t<meta name=\"twitter:data2\" content=\"2 minutes\" \/>\n<script type=\"application\/ld+json\" class=\"yoast-schema-graph\">{\"@context\":\"https:\/\/schema.org\",\"@graph\":[{\"@type\":\"Article\",\"@id\":\"https:\/\/fadeu.urantiacos.cl\/en\/2021\/05\/23\/revista-arq-alcanzo-el-q1-en-el-ranking-scimago-scientific-journal\/#article\",\"isPartOf\":{\"@id\":\"https:\/\/fadeu.urantiacos.cl\/en\/2021\/05\/23\/revista-arq-alcanzo-el-q1-en-el-ranking-scimago-scientific-journal\/\"},\"author\":{\"name\":\"manadmin\",\"@id\":\"https:\/\/fadeu.urantiacos.cl\/en\/#\/schema\/person\/d203e2e84b1c40275eac77b3061a19a2\"},\"headline\":\"Revista ARQ alcanz\u00f3 el Q1 en el ranking SCImago Scientific Journal\",\"datePublished\":\"2021-05-23T12:41:00+00:00\",\"dateModified\":\"2023-09-08T12:44:49+00:00\",\"mainEntityOfPage\":{\"@id\":\"https:\/\/fadeu.urantiacos.cl\/en\/2021\/05\/23\/revista-arq-alcanzo-el-q1-en-el-ranking-scimago-scientific-journal\/\"},\"wordCount\":334,\"commentCount\":0,\"image\":{\"@id\":\"https:\/\/fadeu.urantiacos.cl\/en\/2021\/05\/23\/revista-arq-alcanzo-el-q1-en-el-ranking-scimago-scientific-journal\/#primaryimage\"},\"thumbnailUrl\":\"https:\/\/fadeu.urantiacos.cl\/wp-content\/uploads\/2023\/09\/ARQ_REVISTA_web.png\",\"articleSection\":[\"Sin categorizar\"],\"inLanguage\":\"en-US\",\"potentialAction\":[{\"@type\":\"CommentAction\",\"name\":\"Comment\",\"target\":[\"https:\/\/fadeu.urantiacos.cl\/en\/2021\/05\/23\/revista-arq-alcanzo-el-q1-en-el-ranking-scimago-scientific-journal\/#respond\"]}]},{\"@type\":\"WebPage\",\"@id\":\"https:\/\/fadeu.urantiacos.cl\/en\/2021\/05\/23\/revista-arq-alcanzo-el-q1-en-el-ranking-scimago-scientific-journal\/\",\"url\":\"https:\/\/fadeu.urantiacos.cl\/en\/2021\/05\/23\/revista-arq-alcanzo-el-q1-en-el-ranking-scimago-scientific-journal\/\",\"name\":\"Revista ARQ alcanz\u00f3 el Q1 en el ranking SCImago Scientific Journal - Facultad de Arquitectura, Dise\u00f1o y Estudios Urbanos\",\"isPartOf\":{\"@id\":\"https:\/\/fadeu.urantiacos.cl\/en\/#website\"},\"primaryImageOfPage\":{\"@id\":\"https:\/\/fadeu.urantiacos.cl\/en\/2021\/05\/23\/revista-arq-alcanzo-el-q1-en-el-ranking-scimago-scientific-journal\/#primaryimage\"},\"image\":{\"@id\":\"https:\/\/fadeu.urantiacos.cl\/en\/2021\/05\/23\/revista-arq-alcanzo-el-q1-en-el-ranking-scimago-scientific-journal\/#primaryimage\"},\"thumbnailUrl\":\"https:\/\/fadeu.urantiacos.cl\/wp-content\/uploads\/2023\/09\/ARQ_REVISTA_web.png\",\"datePublished\":\"2021-05-23T12:41:00+00:00\",\"dateModified\":\"2023-09-08T12:44:49+00:00\",\"author\":{\"@id\":\"https:\/\/fadeu.urantiacos.cl\/en\/#\/schema\/person\/d203e2e84b1c40275eac77b3061a19a2\"},\"description\":\"Por primera vez en sus m\u00e1s de 40 a\u00f1os de historia, la revista ARQ subi\u00f3 al cuartil Q1, lo que la ubica en la categor\u00eda m\u00e1s alta que puede alcanzar una revista con indexaci\u00f3n cient\u00edfica a nivel mundial.\",\"breadcrumb\":{\"@id\":\"https:\/\/fadeu.urantiacos.cl\/en\/2021\/05\/23\/revista-arq-alcanzo-el-q1-en-el-ranking-scimago-scientific-journal\/#breadcrumb\"},\"inLanguage\":\"en-US\",\"potentialAction\":[{\"@type\":\"ReadAction\",\"target\":[\"https:\/\/fadeu.urantiacos.cl\/en\/2021\/05\/23\/revista-arq-alcanzo-el-q1-en-el-ranking-scimago-scientific-journal\/\"]}]},{\"@type\":\"ImageObject\",\"inLanguage\":\"en-US\",\"@id\":\"https:\/\/fadeu.urantiacos.cl\/en\/2021\/05\/23\/revista-arq-alcanzo-el-q1-en-el-ranking-scimago-scientific-journal\/#primaryimage\",\"url\":\"https:\/\/fadeu.urantiacos.cl\/wp-content\/uploads\/2023\/09\/ARQ_REVISTA_web.png\",\"contentUrl\":\"https:\/\/fadeu.urantiacos.cl\/wp-content\/uploads\/2023\/09\/ARQ_REVISTA_web.png\",\"width\":350,\"height\":250},{\"@type\":\"BreadcrumbList\",\"@id\":\"https:\/\/fadeu.urantiacos.cl\/en\/2021\/05\/23\/revista-arq-alcanzo-el-q1-en-el-ranking-scimago-scientific-journal\/#breadcrumb\",\"itemListElement\":[{\"@type\":\"ListItem\",\"position\":1,\"name\":\"Portada\",\"item\":\"https:\/\/fadeu.urantiacos.cl\/en\/\"},{\"@type\":\"ListItem\",\"position\":2,\"name\":\"Revista ARQ alcanz\u00f3 el Q1 en el ranking SCImago Scientific Journal\"}]},{\"@type\":\"WebSite\",\"@id\":\"https:\/\/fadeu.urantiacos.cl\/en\/#website\",\"url\":\"https:\/\/fadeu.urantiacos.cl\/en\/\",\"name\":\"Facultad de Arquitectura, Dise\u00f1o y Estudios Urbanos\",\"description\":\"Campus Lo Contador\",\"potentialAction\":[{\"@type\":\"SearchAction\",\"target\":{\"@type\":\"EntryPoint\",\"urlTemplate\":\"https:\/\/fadeu.urantiacos.cl\/en\/?s={search_term_string}\"},\"query-input\":{\"@type\":\"PropertyValueSpecification\",\"valueRequired\":true,\"valueName\":\"search_term_string\"}}],\"inLanguage\":\"en-US\"},{\"@type\":\"Person\",\"@id\":\"https:\/\/fadeu.urantiacos.cl\/en\/#\/schema\/person\/d203e2e84b1c40275eac77b3061a19a2\",\"name\":\"manadmin\",\"image\":{\"@type\":\"ImageObject\",\"inLanguage\":\"en-US\",\"@id\":\"https:\/\/fadeu.urantiacos.cl\/en\/#\/schema\/person\/image\/\",\"url\":\"https:\/\/secure.gravatar.com\/avatar\/4b1d8e3303b4a9d8968ac578947d8bc80d9aea359f388cdd4aac15cadc0e8447?s=96&d=mm&r=g\",\"contentUrl\":\"https:\/\/secure.gravatar.com\/avatar\/4b1d8e3303b4a9d8968ac578947d8bc80d9aea359f388cdd4aac15cadc0e8447?s=96&d=mm&r=g\",\"caption\":\"manadmin\"},\"sameAs\":[\"https:\/\/fadeu.urantiacos.cl\"]}]}<\/script>\n<!-- \/ Yoast SEO plugin. -->","yoast_head_json":{"title":"Revista ARQ alcanz\u00f3 el Q1 en el ranking SCImago Scientific Journal - Facultad de Arquitectura, Dise\u00f1o y Estudios Urbanos","description":"Por primera vez en sus m\u00e1s de 40 a\u00f1os de historia, la revista ARQ subi\u00f3 al cuartil Q1, lo que la ubica en la categor\u00eda m\u00e1s alta que puede alcanzar una revista con indexaci\u00f3n cient\u00edfica a nivel mundial.","robots":{"index":"index","follow":"follow","max-snippet":"max-snippet:-1","max-image-preview":"max-image-preview:large","max-video-preview":"max-video-preview:-1"},"canonical":"https:\/\/fadeu.urantiacos.cl\/en\/2021\/05\/23\/revista-arq-alcanzo-el-q1-en-el-ranking-scimago-scientific-journal\/","og_locale":"en_US","og_type":"article","og_title":"Revista ARQ alcanz\u00f3 el Q1 en el ranking SCImago Scientific Journal - Facultad de Arquitectura, Dise\u00f1o y Estudios Urbanos","og_description":"Por primera vez en sus m\u00e1s de 40 a\u00f1os de historia, la revista ARQ subi\u00f3 al cuartil Q1, lo que la ubica en la categor\u00eda m\u00e1s alta que puede alcanzar una revista con indexaci\u00f3n cient\u00edfica a nivel mundial.","og_url":"https:\/\/fadeu.urantiacos.cl\/en\/2021\/05\/23\/revista-arq-alcanzo-el-q1-en-el-ranking-scimago-scientific-journal\/","og_site_name":"Facultad de Arquitectura, Dise\u00f1o y Estudios Urbanos","article_published_time":"2021-05-23T12:41:00+00:00","article_modified_time":"2023-09-08T12:44:49+00:00","og_image":[{"width":350,"height":250,"url":"https:\/\/fadeu.urantiacos.cl\/wp-content\/uploads\/2023\/09\/ARQ_REVISTA_web.png","type":"image\/png"}],"author":"manadmin","twitter_card":"summary_large_image","twitter_misc":{"Written by":"manadmin","Est. reading time":"2 minutes"},"schema":{"@context":"https:\/\/schema.org","@graph":[{"@type":"Article","@id":"https:\/\/fadeu.urantiacos.cl\/en\/2021\/05\/23\/revista-arq-alcanzo-el-q1-en-el-ranking-scimago-scientific-journal\/#article","isPartOf":{"@id":"https:\/\/fadeu.urantiacos.cl\/en\/2021\/05\/23\/revista-arq-alcanzo-el-q1-en-el-ranking-scimago-scientific-journal\/"},"author":{"name":"manadmin","@id":"https:\/\/fadeu.urantiacos.cl\/en\/#\/schema\/person\/d203e2e84b1c40275eac77b3061a19a2"},"headline":"Revista ARQ alcanz\u00f3 el Q1 en el ranking SCImago Scientific Journal","datePublished":"2021-05-23T12:41:00+00:00","dateModified":"2023-09-08T12:44:49+00:00","mainEntityOfPage":{"@id":"https:\/\/fadeu.urantiacos.cl\/en\/2021\/05\/23\/revista-arq-alcanzo-el-q1-en-el-ranking-scimago-scientific-journal\/"},"wordCount":334,"commentCount":0,"image":{"@id":"https:\/\/fadeu.urantiacos.cl\/en\/2021\/05\/23\/revista-arq-alcanzo-el-q1-en-el-ranking-scimago-scientific-journal\/#primaryimage"},"thumbnailUrl":"https:\/\/fadeu.urantiacos.cl\/wp-content\/uploads\/2023\/09\/ARQ_REVISTA_web.png","articleSection":["Sin categorizar"],"inLanguage":"en-US","potentialAction":[{"@type":"CommentAction","name":"Comment","target":["https:\/\/fadeu.urantiacos.cl\/en\/2021\/05\/23\/revista-arq-alcanzo-el-q1-en-el-ranking-scimago-scientific-journal\/#respond"]}]},{"@type":"WebPage","@id":"https:\/\/fadeu.urantiacos.cl\/en\/2021\/05\/23\/revista-arq-alcanzo-el-q1-en-el-ranking-scimago-scientific-journal\/","url":"https:\/\/fadeu.urantiacos.cl\/en\/2021\/05\/23\/revista-arq-alcanzo-el-q1-en-el-ranking-scimago-scientific-journal\/","name":"Revista ARQ alcanz\u00f3 el Q1 en el ranking SCImago Scientific Journal - Facultad de Arquitectura, Dise\u00f1o y Estudios Urbanos","isPartOf":{"@id":"https:\/\/fadeu.urantiacos.cl\/en\/#website"},"primaryImageOfPage":{"@id":"https:\/\/fadeu.urantiacos.cl\/en\/2021\/05\/23\/revista-arq-alcanzo-el-q1-en-el-ranking-scimago-scientific-journal\/#primaryimage"},"image":{"@id":"https:\/\/fadeu.urantiacos.cl\/en\/2021\/05\/23\/revista-arq-alcanzo-el-q1-en-el-ranking-scimago-scientific-journal\/#primaryimage"},"thumbnailUrl":"https:\/\/fadeu.urantiacos.cl\/wp-content\/uploads\/2023\/09\/ARQ_REVISTA_web.png","datePublished":"2021-05-23T12:41:00+00:00","dateModified":"2023-09-08T12:44:49+00:00","author":{"@id":"https:\/\/fadeu.urantiacos.cl\/en\/#\/schema\/person\/d203e2e84b1c40275eac77b3061a19a2"},"description":"Por primera vez en sus m\u00e1s de 40 a\u00f1os de historia, la revista ARQ subi\u00f3 al cuartil Q1, lo que la ubica en la categor\u00eda m\u00e1s alta que puede alcanzar una revista con indexaci\u00f3n cient\u00edfica a nivel mundial.","breadcrumb":{"@id":"https:\/\/fadeu.urantiacos.cl\/en\/2021\/05\/23\/revista-arq-alcanzo-el-q1-en-el-ranking-scimago-scientific-journal\/#breadcrumb"},"inLanguage":"en-US","potentialAction":[{"@type":"ReadAction","target":["https:\/\/fadeu.urantiacos.cl\/en\/2021\/05\/23\/revista-arq-alcanzo-el-q1-en-el-ranking-scimago-scientific-journal\/"]}]},{"@type":"ImageObject","inLanguage":"en-US","@id":"https:\/\/fadeu.urantiacos.cl\/en\/2021\/05\/23\/revista-arq-alcanzo-el-q1-en-el-ranking-scimago-scientific-journal\/#primaryimage","url":"https:\/\/fadeu.urantiacos.cl\/wp-content\/uploads\/2023\/09\/ARQ_REVISTA_web.png","contentUrl":"https:\/\/fadeu.urantiacos.cl\/wp-content\/uploads\/2023\/09\/ARQ_REVISTA_web.png","width":350,"height":250},{"@type":"BreadcrumbList","@id":"https:\/\/fadeu.urantiacos.cl\/en\/2021\/05\/23\/revista-arq-alcanzo-el-q1-en-el-ranking-scimago-scientific-journal\/#breadcrumb","itemListElement":[{"@type":"ListItem","position":1,"name":"Portada","item":"https:\/\/fadeu.urantiacos.cl\/en\/"},{"@type":"ListItem","position":2,"name":"Revista ARQ alcanz\u00f3 el Q1 en el ranking SCImago Scientific Journal"}]},{"@type":"WebSite","@id":"https:\/\/fadeu.urantiacos.cl\/en\/#website","url":"https:\/\/fadeu.urantiacos.cl\/en\/","name":"Facultad de Arquitectura, Dise\u00f1o y Estudios Urbanos","description":"Campus Lo Contador","potentialAction":[{"@type":"SearchAction","target":{"@type":"EntryPoint","urlTemplate":"https:\/\/fadeu.urantiacos.cl\/en\/?s={search_term_string}"},"query-input":{"@type":"PropertyValueSpecification","valueRequired":true,"valueName":"search_term_string"}}],"inLanguage":"en-US"},{"@type":"Person","@id":"https:\/\/fadeu.urantiacos.cl\/en\/#\/schema\/person\/d203e2e84b1c40275eac77b3061a19a2","name":"manadmin","image":{"@type":"ImageObject","inLanguage":"en-US","@id":"https:\/\/fadeu.urantiacos.cl\/en\/#\/schema\/person\/image\/","url":"https:\/\/secure.gravatar.com\/avatar\/4b1d8e3303b4a9d8968ac578947d8bc80d9aea359f388cdd4aac15cadc0e8447?s=96&d=mm&r=g","contentUrl":"https:\/\/secure.gravatar.com\/avatar\/4b1d8e3303b4a9d8968ac578947d8bc80d9aea359f388cdd4aac15cadc0e8447?s=96&d=mm&r=g","caption":"manadmin"},"sameAs":["https:\/\/fadeu.urantiacos.cl"]}]}},"_links":{"self":[{"href":"https:\/\/fadeu.urantiacos.cl\/en\/wp-json\/wp\/v2\/posts\/6968","targetHints":{"allow":["GET"]}}],"collection":[{"href":"https:\/\/fadeu.urantiacos.cl\/en\/wp-json\/wp\/v2\/posts"}],"about":[{"href":"https:\/\/fadeu.urantiacos.cl\/en\/wp-json\/wp\/v2\/types\/post"}],"author":[{"embeddable":true,"href":"https:\/\/fadeu.urantiacos.cl\/en\/wp-json\/wp\/v2\/users\/1"}],"replies":[{"embeddable":true,"href":"https:\/\/fadeu.urantiacos.cl\/en\/wp-json\/wp\/v2\/comments?post=6968"}],"version-history":[{"count":1,"href":"https:\/\/fadeu.urantiacos.cl\/en\/wp-json\/wp\/v2\/posts\/6968\/revisions"}],"predecessor-version":[{"id":6971,"href":"https:\/\/fadeu.urantiacos.cl\/en\/wp-json\/wp\/v2\/posts\/6968\/revisions\/6971"}],"wp:featuredmedia":[{"embeddable":true,"href":"https:\/\/fadeu.urantiacos.cl\/en\/wp-json\/wp\/v2\/media\/6969"}],"wp:attachment":[{"href":"https:\/\/fadeu.urantiacos.cl\/en\/wp-json\/wp\/v2\/media?parent=6968"}],"wp:term":[{"taxonomy":"category","embeddable":true,"href":"https:\/\/fadeu.urantiacos.cl\/en\/wp-json\/wp\/v2\/categories?post=6968"},{"taxonomy":"post_tag","embeddable":true,"href":"https:\/\/fadeu.urantiacos.cl\/en\/wp-json\/wp\/v2\/tags?post=6968"}],"curies":[{"name":"wp","href":"https:\/\/api.w.org\/{rel}","templated":true}]}}