{"id":6958,"date":"2021-05-24T09:30:00","date_gmt":"2021-05-24T12:30:00","guid":{"rendered":"https:\/\/fadeu.urantiacos.cl\/?p=6958"},"modified":"2023-09-08T09:41:31","modified_gmt":"2023-09-08T12:41:31","slug":"rector-ignacio-sanchez-y-decano-mario-ubilla-participaron-de-la-bendicion-de-la-galeria-gallo-del-campus-lo-contador","status":"publish","type":"post","link":"https:\/\/fadeu.urantiacos.cl\/en\/2021\/05\/24\/rector-ignacio-sanchez-y-decano-mario-ubilla-participaron-de-la-bendicion-de-la-galeria-gallo-del-campus-lo-contador\/","title":{"rendered":"Rector Ignacio S\u00e1nchez y Decano Mario Ubilla participaron de la Bendici\u00f3n de la Galer\u00eda Gallo del campus Lo Contador"},"content":{"rendered":"\n<figure class=\"wp-block-image size-full\"><img decoding=\"async\" width=\"350\" height=\"250\" src=\"https:\/\/fadeu.urantiacos.cl\/wp-content\/uploads\/2023\/09\/0B0A2384_WEB.jpg\" alt=\"\" class=\"wp-image-6959\" srcset=\"https:\/\/fadeu.urantiacos.cl\/wp-content\/uploads\/2023\/09\/0B0A2384_WEB.jpg 350w, https:\/\/fadeu.urantiacos.cl\/wp-content\/uploads\/2023\/09\/0B0A2384_WEB-300x214.jpg 300w\" sizes=\"(max-width: 350px) 100vw, 350px\" \/><\/figure>\n\n\n\n<p>A la instancia asistieron tambi\u00e9n la Vicerrectora de Comunicaciones UC, Magdalena Amen\u00e1bar; los directores de la escuela de Arquitectura y Dise\u00f1o, Luis Eduardo Bresciani y Rodrigo Ram\u00edrez; el director del Instituto de Estudios Urbanos y Territoriales, Luis Fuentes; el director del Centro del Patrimonio Cultural UC, Umberto Bonomo; y la Directora de Comunicaciones y Extensi\u00f3n FADEU, Macarena Cort\u00e9s.<\/p>\n\n\n\n<p>En su intervenci\u00f3n, el Rector S\u00e1nchez elogi\u00f3 la iniciativa, recalcando que \u201ctiene especial sentido que esta actividad sea la primera presencial despu\u00e9s de salir del confinamiento, lo que hace que hoy sea un d\u00eda especial, y es relevante destacar que el lugar donde se emplaza la galer\u00eda es tremendamente simb\u00f3lico para el campus, a un costado de la capilla, en un lugar donde se encuentran el patio de Madera con la Casona, de manera muy original en su espacialidad y su sistema de iluminaci\u00f3n\u201d.<\/p>\n\n\n\n<p>\u201cVolver a las actividades presenciales inaugurando una galer\u00eda de arte es, adem\u00e1s, especialmente simb\u00f3lico, porque a ra\u00edz de las brechas que existen hoy en nuestro pa\u00eds a nivel cultural y art\u00edstico, iniciativas como \u00e9sta puede ayudarnos de a poco a acortar esas brechas y contribuir de alguna manera a potenciar el arte y las disciplinas como la arquitectura y el dise\u00f1o\u201d, agreg\u00f3.<\/p>\n\n\n\n<p>Asimismo, el Decano Ubilla asever\u00f3 que \u201cse est\u00e1 haciendo posible un sue\u00f1o que se fragu\u00f3 por mucho tiempo, y cuyo gui\u00f3n inclu\u00eda esta celebraci\u00f3n, pensada por los profesores Irarr\u00e1zaval y Pozo, para celebrar la ciudad, la arquitectura, el dise\u00f1o y el arte\u201d.<\/p>\n\n\n\n<p>Ubilla sostuvo, adem\u00e1s, que \u201cesta galer\u00eda celebra todas las artes y las obras que se producen desde el seno de nuestra Facultad, abierta, adem\u00e1s, a todos los contextos de la creaci\u00f3n, como lo planteaba la Bauhaus, cuando sosten\u00eda que los hechos art\u00edsticos son el producto de una reflexi\u00f3n donde concurren todas las artes proyectuales, donde la imaginaci\u00f3n abierta y la racionalidad constructiva dialogaban y eran capaces de generar bellezas en el siglo XX\u201d.<\/p>\n\n\n\n<p>Las exposiciones, eventos, conferencias, publicaciones y proyectos de GALLO proponen proporcionar plataformas alternativas para el di\u00e1logo y la colaboraci\u00f3n de las disicplinas que se imparten y conviven en nuestra Facultad,<\/p>\n\n\n\n<p>\u201cProyectamos este espacio para la exhibici\u00f3n para las nuevas ideas que se encuentran en la intersecci\u00f3n de la ciudad, la arquitectura, el dise\u00f1o y el arte, abordando problemas desde las nuevas tecnolog\u00edas, medio ambiente, cultura y fuerzas sociales que inciden en el entorno construido, investigando problemas sociales cr\u00edticos y revisando la historia disciplinar en cada contexto para dar oportunidad de exhibir siempre nuevos proyectos de experimentaci\u00f3n espacial e innovaci\u00f3n\u201d, asegur\u00f3 el profesor Patricio Pozo.<\/p>\n\n\n\n<p><strong>Agradecimientos<\/strong><\/p>\n\n\n\n<p>La Directora de Comunicaciones FADEU, Macarena Cort\u00e9s, agradeci\u00f3 a quienes estuvieron detr\u00e1s de la organizaci\u00f3n, \u201cen lo que se ha concebido como un proyecto colaborativo impulsado por el Decano Ubilla y la Direcci\u00f3n de Comunicaciones, bajo la direcci\u00f3n curatorial de los profesores Sebasti\u00e1n Irarr\u00e1zaval (Escuela de Arquitectura) y Patricio Pozo (Escuela de Dise\u00f1o)\u201d, dijo, agregando que \u201ces importante agradecer entonces a todos quienes han colaborado desde muy de cerca\u201d.<\/p>\n\n\n\n<p>\u201cQueremos agradecer a quienes han colaborado con su asesor\u00eda. Al profesor Umberto Bonomo (Director Centro del Patrimonio Cultural) por sus sugerencias en la intervenci\u00f3n de la sala, que como sabemos se ubicada en un Monumento Nacional. A Douglas Leonard (Director&nbsp; del Laboratorio de Iluminaci\u00f3n) por el proyecto y asesor\u00eda en la iluminaci\u00f3n. A Mois\u00e9s Arancibia por el video que se proyecta al interior de la sala el d\u00eda de hoy. Finalmente, al generoso auspicio de BTG Pactual y Arteknia, y en especial a su gerente Mart\u00edn Irarr\u00e1zaval quien trambi\u00e9n nos acompa\u00f1a hoy\u201d.<\/p>\n\n\n\n<p>En 2019, la Facultad en colaboraci\u00f3n con GALLO realiz\u00f3 un concurso de arquitectura para el dise\u00f1o y construcci\u00f3n de la sala, siendo ganadores los j\u00f3venes arquitectos a los arquitectos del proyecto, Benjam\u00edn Lazaeta, Juan Ram\u00f3n Samaniego y Emilia Lavanchy, quienes tambi\u00e9n fueron reconocidos en la instancia.<\/p>\n\n\n\n<p>Luego de los discursos, el padre Fernando Valdivieso, Capell\u00e1n General, realiz\u00f3 la bendici\u00f3n de la Sala, celebrando la creatividad como experiencia del esp\u00edritu. Para finalizar la actividad, y dada las condiciones de pandemia, entraron grupos de a tres y m\u00e1ximo cinco personas a visitar el interior.<\/p>\n\n\n\n<p>INFORMACI\u00d3N PERIOD\u00cdSTICA<br>JUAN ANDR\u00c9S INZUNZA<\/p>\n\n\n\n<p>FOTOGRAF\u00cdAS<br>KARINA ARANCIBIA<\/p>\n\n\n\n<figure class=\"wp-block-image size-full\"><img decoding=\"async\" width=\"1024\" height=\"683\" src=\"https:\/\/fadeu.urantiacos.cl\/wp-content\/uploads\/2023\/09\/0B0A2293.jpg\" alt=\"\" class=\"wp-image-6960\" srcset=\"https:\/\/fadeu.urantiacos.cl\/wp-content\/uploads\/2023\/09\/0B0A2293.jpg 1024w, https:\/\/fadeu.urantiacos.cl\/wp-content\/uploads\/2023\/09\/0B0A2293-300x200.jpg 300w, https:\/\/fadeu.urantiacos.cl\/wp-content\/uploads\/2023\/09\/0B0A2293-768x512.jpg 768w\" sizes=\"(max-width: 1024px) 100vw, 1024px\" \/><\/figure>\n\n\n\n<figure class=\"wp-block-image size-full\"><img decoding=\"async\" width=\"1024\" height=\"683\" src=\"https:\/\/fadeu.urantiacos.cl\/wp-content\/uploads\/2023\/09\/0B0A2314.jpg\" alt=\"\" class=\"wp-image-6961\" srcset=\"https:\/\/fadeu.urantiacos.cl\/wp-content\/uploads\/2023\/09\/0B0A2314.jpg 1024w, https:\/\/fadeu.urantiacos.cl\/wp-content\/uploads\/2023\/09\/0B0A2314-300x200.jpg 300w, https:\/\/fadeu.urantiacos.cl\/wp-content\/uploads\/2023\/09\/0B0A2314-768x512.jpg 768w\" sizes=\"(max-width: 1024px) 100vw, 1024px\" \/><\/figure>\n\n\n\n<figure class=\"wp-block-image size-full\"><img decoding=\"async\" width=\"1024\" height=\"683\" src=\"https:\/\/fadeu.urantiacos.cl\/wp-content\/uploads\/2023\/09\/0B0A2320.jpg\" alt=\"\" class=\"wp-image-6962\" srcset=\"https:\/\/fadeu.urantiacos.cl\/wp-content\/uploads\/2023\/09\/0B0A2320.jpg 1024w, https:\/\/fadeu.urantiacos.cl\/wp-content\/uploads\/2023\/09\/0B0A2320-300x200.jpg 300w, https:\/\/fadeu.urantiacos.cl\/wp-content\/uploads\/2023\/09\/0B0A2320-768x512.jpg 768w\" sizes=\"(max-width: 1024px) 100vw, 1024px\" \/><\/figure>\n\n\n\n<figure class=\"wp-block-image size-full\"><img decoding=\"async\" width=\"1024\" height=\"683\" src=\"https:\/\/fadeu.urantiacos.cl\/wp-content\/uploads\/2023\/09\/0B0A2269.jpg\" alt=\"\" class=\"wp-image-6963\" srcset=\"https:\/\/fadeu.urantiacos.cl\/wp-content\/uploads\/2023\/09\/0B0A2269.jpg 1024w, https:\/\/fadeu.urantiacos.cl\/wp-content\/uploads\/2023\/09\/0B0A2269-300x200.jpg 300w, https:\/\/fadeu.urantiacos.cl\/wp-content\/uploads\/2023\/09\/0B0A2269-768x512.jpg 768w\" sizes=\"(max-width: 1024px) 100vw, 1024px\" \/><\/figure>\n\n\n\n<figure class=\"wp-block-image size-full\"><img decoding=\"async\" width=\"1024\" height=\"683\" src=\"https:\/\/fadeu.urantiacos.cl\/wp-content\/uploads\/2023\/09\/0B0A2355.jpg\" alt=\"\" class=\"wp-image-6964\" srcset=\"https:\/\/fadeu.urantiacos.cl\/wp-content\/uploads\/2023\/09\/0B0A2355.jpg 1024w, https:\/\/fadeu.urantiacos.cl\/wp-content\/uploads\/2023\/09\/0B0A2355-300x200.jpg 300w, https:\/\/fadeu.urantiacos.cl\/wp-content\/uploads\/2023\/09\/0B0A2355-768x512.jpg 768w\" sizes=\"(max-width: 1024px) 100vw, 1024px\" \/><\/figure>\n\n\n\n<figure class=\"wp-block-image size-full\"><img decoding=\"async\" width=\"1024\" height=\"683\" src=\"https:\/\/fadeu.urantiacos.cl\/wp-content\/uploads\/2023\/09\/0B0A2382.jpg\" alt=\"\" class=\"wp-image-6965\" srcset=\"https:\/\/fadeu.urantiacos.cl\/wp-content\/uploads\/2023\/09\/0B0A2382.jpg 1024w, https:\/\/fadeu.urantiacos.cl\/wp-content\/uploads\/2023\/09\/0B0A2382-300x200.jpg 300w, https:\/\/fadeu.urantiacos.cl\/wp-content\/uploads\/2023\/09\/0B0A2382-768x512.jpg 768w\" sizes=\"(max-width: 1024px) 100vw, 1024px\" \/><\/figure>\n\n\n\n<figure class=\"wp-block-image size-full\"><img decoding=\"async\" width=\"1024\" height=\"682\" src=\"https:\/\/fadeu.urantiacos.cl\/wp-content\/uploads\/2023\/09\/placa_GALLO.jpeg\" alt=\"\" class=\"wp-image-6966\" srcset=\"https:\/\/fadeu.urantiacos.cl\/wp-content\/uploads\/2023\/09\/placa_GALLO.jpeg 1024w, https:\/\/fadeu.urantiacos.cl\/wp-content\/uploads\/2023\/09\/placa_GALLO-300x200.jpeg 300w, https:\/\/fadeu.urantiacos.cl\/wp-content\/uploads\/2023\/09\/placa_GALLO-768x512.jpeg 768w\" sizes=\"(max-width: 1024px) 100vw, 1024px\" \/><\/figure>\n","protected":false},"excerpt":{"rendered":"<p>Con la presencia del Capell\u00e1n General de la Universidad Cat\u00f3lica, Padre Fernando Valdivieso, el Rector Ignacio S\u00e1nchez y el Decano de la Facultad de Arquitectura, Dise\u00f1o y Estudios Urbanos de la misma casa de estudios superiores, Mario Ubilla, se realiz\u00f3 la ceremonia de bendici\u00f3n de la Galer\u00eda Gallo, un espacio expositivo que propone exhibir problem\u00e1ticas relativas a la ciudad, la arquitectura, el dise\u00f1o y el arte, curado y dirigido por los profesores Patricio Pozo (docente de la Escuela de Dise\u00f1o) y Sebasti\u00e1n Irarr\u00e1zaval (docente de la Escuela de Arquitectura).<\/p>\n","protected":false},"author":1,"featured_media":6959,"comment_status":"open","ping_status":"open","sticky":false,"template":"","format":"standard","meta":{"_acf_changed":false,"footnotes":""},"categories":[1],"tags":[],"class_list":["post-6958","post","type-post","status-publish","format-standard","has-post-thumbnail","hentry","category-sin-categorizar"],"acf":[],"yoast_head":"<!-- This site is optimized with the Yoast SEO plugin v27.1.1 - https:\/\/yoast.com\/product\/yoast-seo-wordpress\/ -->\n<title>Rector Ignacio S\u00e1nchez y Decano Mario Ubilla participaron de la Bendici\u00f3n de la Galer\u00eda Gallo del campus Lo Contador - Facultad de Arquitectura, Dise\u00f1o y Estudios Urbanos<\/title>\n<meta name=\"description\" content=\"Con la presencia del Capell\u00e1n General de la Universidad Cat\u00f3lica, Padre Fernando Valdivieso, el Rector Ignacio S\u00e1nchez y el Decano de la Facultad de Arquitectura, Dise\u00f1o y Estudios Urbanos de la misma casa de estudios superiores, Mario Ubilla, se realiz\u00f3 la ceremonia de bendici\u00f3n de la Galer\u00eda Gallo, un espacio expositivo que propone exhibir problem\u00e1ticas relativas a la ciudad, la arquitectura, el dise\u00f1o y el arte, curado y dirigido por los profesores Patricio Pozo (docente de la Escuela de Dise\u00f1o) y Sebasti\u00e1n Irarr\u00e1zaval (docente de la Escuela de Arquitectura).\" \/>\n<meta name=\"robots\" content=\"index, follow, max-snippet:-1, max-image-preview:large, max-video-preview:-1\" \/>\n<link rel=\"canonical\" href=\"https:\/\/fadeu.urantiacos.cl\/en\/2021\/05\/24\/rector-ignacio-sanchez-y-decano-mario-ubilla-participaron-de-la-bendicion-de-la-galeria-gallo-del-campus-lo-contador\/\" \/>\n<meta property=\"og:locale\" content=\"en_US\" \/>\n<meta property=\"og:type\" content=\"article\" \/>\n<meta property=\"og:title\" content=\"Rector Ignacio S\u00e1nchez y Decano Mario Ubilla participaron de la Bendici\u00f3n de la Galer\u00eda Gallo del campus Lo Contador - Facultad de Arquitectura, Dise\u00f1o y Estudios Urbanos\" \/>\n<meta property=\"og:description\" content=\"Con la presencia del Capell\u00e1n General de la Universidad Cat\u00f3lica, Padre Fernando Valdivieso, el Rector Ignacio S\u00e1nchez y el Decano de la Facultad de Arquitectura, Dise\u00f1o y Estudios Urbanos de la misma casa de estudios superiores, Mario Ubilla, se realiz\u00f3 la ceremonia de bendici\u00f3n de la Galer\u00eda Gallo, un espacio expositivo que propone exhibir problem\u00e1ticas relativas a la ciudad, la arquitectura, el dise\u00f1o y el arte, curado y dirigido por los profesores Patricio Pozo (docente de la Escuela de Dise\u00f1o) y Sebasti\u00e1n Irarr\u00e1zaval (docente de la Escuela de Arquitectura).\" \/>\n<meta property=\"og:url\" content=\"https:\/\/fadeu.urantiacos.cl\/en\/2021\/05\/24\/rector-ignacio-sanchez-y-decano-mario-ubilla-participaron-de-la-bendicion-de-la-galeria-gallo-del-campus-lo-contador\/\" \/>\n<meta property=\"og:site_name\" content=\"Facultad de Arquitectura, Dise\u00f1o y Estudios Urbanos\" \/>\n<meta property=\"article:published_time\" content=\"2021-05-24T12:30:00+00:00\" \/>\n<meta property=\"article:modified_time\" content=\"2023-09-08T12:41:31+00:00\" \/>\n<meta property=\"og:image\" content=\"https:\/\/fadeu.urantiacos.cl\/wp-content\/uploads\/2023\/09\/0B0A2384_WEB.jpg\" \/>\n\t<meta property=\"og:image:width\" content=\"350\" \/>\n\t<meta property=\"og:image:height\" content=\"250\" \/>\n\t<meta property=\"og:image:type\" content=\"image\/jpeg\" \/>\n<meta name=\"author\" content=\"manadmin\" \/>\n<meta name=\"twitter:card\" content=\"summary_large_image\" \/>\n<meta name=\"twitter:label1\" content=\"Written by\" \/>\n\t<meta name=\"twitter:data1\" content=\"manadmin\" \/>\n\t<meta name=\"twitter:label2\" content=\"Est. reading time\" \/>\n\t<meta name=\"twitter:data2\" content=\"4 minutes\" \/>\n<script type=\"application\/ld+json\" class=\"yoast-schema-graph\">{\"@context\":\"https:\/\/schema.org\",\"@graph\":[{\"@type\":\"Article\",\"@id\":\"https:\/\/fadeu.urantiacos.cl\/en\/2021\/05\/24\/rector-ignacio-sanchez-y-decano-mario-ubilla-participaron-de-la-bendicion-de-la-galeria-gallo-del-campus-lo-contador\/#article\",\"isPartOf\":{\"@id\":\"https:\/\/fadeu.urantiacos.cl\/en\/2021\/05\/24\/rector-ignacio-sanchez-y-decano-mario-ubilla-participaron-de-la-bendicion-de-la-galeria-gallo-del-campus-lo-contador\/\"},\"author\":{\"name\":\"manadmin\",\"@id\":\"https:\/\/fadeu.urantiacos.cl\/en\/#\/schema\/person\/d203e2e84b1c40275eac77b3061a19a2\"},\"headline\":\"Rector Ignacio S\u00e1nchez y Decano Mario Ubilla participaron de la Bendici\u00f3n de la Galer\u00eda Gallo del campus Lo Contador\",\"datePublished\":\"2021-05-24T12:30:00+00:00\",\"dateModified\":\"2023-09-08T12:41:31+00:00\",\"mainEntityOfPage\":{\"@id\":\"https:\/\/fadeu.urantiacos.cl\/en\/2021\/05\/24\/rector-ignacio-sanchez-y-decano-mario-ubilla-participaron-de-la-bendicion-de-la-galeria-gallo-del-campus-lo-contador\/\"},\"wordCount\":782,\"commentCount\":0,\"image\":{\"@id\":\"https:\/\/fadeu.urantiacos.cl\/en\/2021\/05\/24\/rector-ignacio-sanchez-y-decano-mario-ubilla-participaron-de-la-bendicion-de-la-galeria-gallo-del-campus-lo-contador\/#primaryimage\"},\"thumbnailUrl\":\"https:\/\/fadeu.urantiacos.cl\/wp-content\/uploads\/2023\/09\/0B0A2384_WEB.jpg\",\"articleSection\":[\"Sin categorizar\"],\"inLanguage\":\"en-US\",\"potentialAction\":[{\"@type\":\"CommentAction\",\"name\":\"Comment\",\"target\":[\"https:\/\/fadeu.urantiacos.cl\/en\/2021\/05\/24\/rector-ignacio-sanchez-y-decano-mario-ubilla-participaron-de-la-bendicion-de-la-galeria-gallo-del-campus-lo-contador\/#respond\"]}]},{\"@type\":\"WebPage\",\"@id\":\"https:\/\/fadeu.urantiacos.cl\/en\/2021\/05\/24\/rector-ignacio-sanchez-y-decano-mario-ubilla-participaron-de-la-bendicion-de-la-galeria-gallo-del-campus-lo-contador\/\",\"url\":\"https:\/\/fadeu.urantiacos.cl\/en\/2021\/05\/24\/rector-ignacio-sanchez-y-decano-mario-ubilla-participaron-de-la-bendicion-de-la-galeria-gallo-del-campus-lo-contador\/\",\"name\":\"Rector Ignacio S\u00e1nchez y Decano Mario Ubilla participaron de la Bendici\u00f3n de la Galer\u00eda Gallo del campus Lo Contador - Facultad de Arquitectura, Dise\u00f1o y Estudios Urbanos\",\"isPartOf\":{\"@id\":\"https:\/\/fadeu.urantiacos.cl\/en\/#website\"},\"primaryImageOfPage\":{\"@id\":\"https:\/\/fadeu.urantiacos.cl\/en\/2021\/05\/24\/rector-ignacio-sanchez-y-decano-mario-ubilla-participaron-de-la-bendicion-de-la-galeria-gallo-del-campus-lo-contador\/#primaryimage\"},\"image\":{\"@id\":\"https:\/\/fadeu.urantiacos.cl\/en\/2021\/05\/24\/rector-ignacio-sanchez-y-decano-mario-ubilla-participaron-de-la-bendicion-de-la-galeria-gallo-del-campus-lo-contador\/#primaryimage\"},\"thumbnailUrl\":\"https:\/\/fadeu.urantiacos.cl\/wp-content\/uploads\/2023\/09\/0B0A2384_WEB.jpg\",\"datePublished\":\"2021-05-24T12:30:00+00:00\",\"dateModified\":\"2023-09-08T12:41:31+00:00\",\"author\":{\"@id\":\"https:\/\/fadeu.urantiacos.cl\/en\/#\/schema\/person\/d203e2e84b1c40275eac77b3061a19a2\"},\"description\":\"Con la presencia del Capell\u00e1n General de la Universidad Cat\u00f3lica, Padre Fernando Valdivieso, el Rector Ignacio S\u00e1nchez y el Decano de la Facultad de Arquitectura, Dise\u00f1o y Estudios Urbanos de la misma casa de estudios superiores, Mario Ubilla, se realiz\u00f3 la ceremonia de bendici\u00f3n de la Galer\u00eda Gallo, un espacio expositivo que propone exhibir problem\u00e1ticas relativas a la ciudad, la arquitectura, el dise\u00f1o y el arte, curado y dirigido por los profesores Patricio Pozo (docente de la Escuela de Dise\u00f1o) y Sebasti\u00e1n Irarr\u00e1zaval (docente de la Escuela de Arquitectura).\",\"breadcrumb\":{\"@id\":\"https:\/\/fadeu.urantiacos.cl\/en\/2021\/05\/24\/rector-ignacio-sanchez-y-decano-mario-ubilla-participaron-de-la-bendicion-de-la-galeria-gallo-del-campus-lo-contador\/#breadcrumb\"},\"inLanguage\":\"en-US\",\"potentialAction\":[{\"@type\":\"ReadAction\",\"target\":[\"https:\/\/fadeu.urantiacos.cl\/en\/2021\/05\/24\/rector-ignacio-sanchez-y-decano-mario-ubilla-participaron-de-la-bendicion-de-la-galeria-gallo-del-campus-lo-contador\/\"]}]},{\"@type\":\"ImageObject\",\"inLanguage\":\"en-US\",\"@id\":\"https:\/\/fadeu.urantiacos.cl\/en\/2021\/05\/24\/rector-ignacio-sanchez-y-decano-mario-ubilla-participaron-de-la-bendicion-de-la-galeria-gallo-del-campus-lo-contador\/#primaryimage\",\"url\":\"https:\/\/fadeu.urantiacos.cl\/wp-content\/uploads\/2023\/09\/0B0A2384_WEB.jpg\",\"contentUrl\":\"https:\/\/fadeu.urantiacos.cl\/wp-content\/uploads\/2023\/09\/0B0A2384_WEB.jpg\",\"width\":350,\"height\":250},{\"@type\":\"BreadcrumbList\",\"@id\":\"https:\/\/fadeu.urantiacos.cl\/en\/2021\/05\/24\/rector-ignacio-sanchez-y-decano-mario-ubilla-participaron-de-la-bendicion-de-la-galeria-gallo-del-campus-lo-contador\/#breadcrumb\",\"itemListElement\":[{\"@type\":\"ListItem\",\"position\":1,\"name\":\"Portada\",\"item\":\"https:\/\/fadeu.urantiacos.cl\/en\/\"},{\"@type\":\"ListItem\",\"position\":2,\"name\":\"Rector Ignacio S\u00e1nchez y Decano Mario Ubilla participaron de la Bendici\u00f3n de la Galer\u00eda Gallo del campus Lo Contador\"}]},{\"@type\":\"WebSite\",\"@id\":\"https:\/\/fadeu.urantiacos.cl\/en\/#website\",\"url\":\"https:\/\/fadeu.urantiacos.cl\/en\/\",\"name\":\"Facultad de Arquitectura, Dise\u00f1o y Estudios Urbanos\",\"description\":\"Campus Lo Contador\",\"potentialAction\":[{\"@type\":\"SearchAction\",\"target\":{\"@type\":\"EntryPoint\",\"urlTemplate\":\"https:\/\/fadeu.urantiacos.cl\/en\/?s={search_term_string}\"},\"query-input\":{\"@type\":\"PropertyValueSpecification\",\"valueRequired\":true,\"valueName\":\"search_term_string\"}}],\"inLanguage\":\"en-US\"},{\"@type\":\"Person\",\"@id\":\"https:\/\/fadeu.urantiacos.cl\/en\/#\/schema\/person\/d203e2e84b1c40275eac77b3061a19a2\",\"name\":\"manadmin\",\"image\":{\"@type\":\"ImageObject\",\"inLanguage\":\"en-US\",\"@id\":\"https:\/\/fadeu.urantiacos.cl\/en\/#\/schema\/person\/image\/\",\"url\":\"https:\/\/secure.gravatar.com\/avatar\/4b1d8e3303b4a9d8968ac578947d8bc80d9aea359f388cdd4aac15cadc0e8447?s=96&d=mm&r=g\",\"contentUrl\":\"https:\/\/secure.gravatar.com\/avatar\/4b1d8e3303b4a9d8968ac578947d8bc80d9aea359f388cdd4aac15cadc0e8447?s=96&d=mm&r=g\",\"caption\":\"manadmin\"},\"sameAs\":[\"https:\/\/fadeu.urantiacos.cl\"]}]}<\/script>\n<!-- \/ Yoast SEO plugin. -->","yoast_head_json":{"title":"Rector Ignacio S\u00e1nchez y Decano Mario Ubilla participaron de la Bendici\u00f3n de la Galer\u00eda Gallo del campus Lo Contador - Facultad de Arquitectura, Dise\u00f1o y Estudios Urbanos","description":"Con la presencia del Capell\u00e1n General de la Universidad Cat\u00f3lica, Padre Fernando Valdivieso, el Rector Ignacio S\u00e1nchez y el Decano de la Facultad de Arquitectura, Dise\u00f1o y Estudios Urbanos de la misma casa de estudios superiores, Mario Ubilla, se realiz\u00f3 la ceremonia de bendici\u00f3n de la Galer\u00eda Gallo, un espacio expositivo que propone exhibir problem\u00e1ticas relativas a la ciudad, la arquitectura, el dise\u00f1o y el arte, curado y dirigido por los profesores Patricio Pozo (docente de la Escuela de Dise\u00f1o) y Sebasti\u00e1n Irarr\u00e1zaval (docente de la Escuela de Arquitectura).","robots":{"index":"index","follow":"follow","max-snippet":"max-snippet:-1","max-image-preview":"max-image-preview:large","max-video-preview":"max-video-preview:-1"},"canonical":"https:\/\/fadeu.urantiacos.cl\/en\/2021\/05\/24\/rector-ignacio-sanchez-y-decano-mario-ubilla-participaron-de-la-bendicion-de-la-galeria-gallo-del-campus-lo-contador\/","og_locale":"en_US","og_type":"article","og_title":"Rector Ignacio S\u00e1nchez y Decano Mario Ubilla participaron de la Bendici\u00f3n de la Galer\u00eda Gallo del campus Lo Contador - Facultad de Arquitectura, Dise\u00f1o y Estudios Urbanos","og_description":"Con la presencia del Capell\u00e1n General de la Universidad Cat\u00f3lica, Padre Fernando Valdivieso, el Rector Ignacio S\u00e1nchez y el Decano de la Facultad de Arquitectura, Dise\u00f1o y Estudios Urbanos de la misma casa de estudios superiores, Mario Ubilla, se realiz\u00f3 la ceremonia de bendici\u00f3n de la Galer\u00eda Gallo, un espacio expositivo que propone exhibir problem\u00e1ticas relativas a la ciudad, la arquitectura, el dise\u00f1o y el arte, curado y dirigido por los profesores Patricio Pozo (docente de la Escuela de Dise\u00f1o) y Sebasti\u00e1n Irarr\u00e1zaval (docente de la Escuela de Arquitectura).","og_url":"https:\/\/fadeu.urantiacos.cl\/en\/2021\/05\/24\/rector-ignacio-sanchez-y-decano-mario-ubilla-participaron-de-la-bendicion-de-la-galeria-gallo-del-campus-lo-contador\/","og_site_name":"Facultad de Arquitectura, Dise\u00f1o y Estudios Urbanos","article_published_time":"2021-05-24T12:30:00+00:00","article_modified_time":"2023-09-08T12:41:31+00:00","og_image":[{"width":350,"height":250,"url":"https:\/\/fadeu.urantiacos.cl\/wp-content\/uploads\/2023\/09\/0B0A2384_WEB.jpg","type":"image\/jpeg"}],"author":"manadmin","twitter_card":"summary_large_image","twitter_misc":{"Written by":"manadmin","Est. reading time":"4 minutes"},"schema":{"@context":"https:\/\/schema.org","@graph":[{"@type":"Article","@id":"https:\/\/fadeu.urantiacos.cl\/en\/2021\/05\/24\/rector-ignacio-sanchez-y-decano-mario-ubilla-participaron-de-la-bendicion-de-la-galeria-gallo-del-campus-lo-contador\/#article","isPartOf":{"@id":"https:\/\/fadeu.urantiacos.cl\/en\/2021\/05\/24\/rector-ignacio-sanchez-y-decano-mario-ubilla-participaron-de-la-bendicion-de-la-galeria-gallo-del-campus-lo-contador\/"},"author":{"name":"manadmin","@id":"https:\/\/fadeu.urantiacos.cl\/en\/#\/schema\/person\/d203e2e84b1c40275eac77b3061a19a2"},"headline":"Rector Ignacio S\u00e1nchez y Decano Mario Ubilla participaron de la Bendici\u00f3n de la Galer\u00eda Gallo del campus Lo Contador","datePublished":"2021-05-24T12:30:00+00:00","dateModified":"2023-09-08T12:41:31+00:00","mainEntityOfPage":{"@id":"https:\/\/fadeu.urantiacos.cl\/en\/2021\/05\/24\/rector-ignacio-sanchez-y-decano-mario-ubilla-participaron-de-la-bendicion-de-la-galeria-gallo-del-campus-lo-contador\/"},"wordCount":782,"commentCount":0,"image":{"@id":"https:\/\/fadeu.urantiacos.cl\/en\/2021\/05\/24\/rector-ignacio-sanchez-y-decano-mario-ubilla-participaron-de-la-bendicion-de-la-galeria-gallo-del-campus-lo-contador\/#primaryimage"},"thumbnailUrl":"https:\/\/fadeu.urantiacos.cl\/wp-content\/uploads\/2023\/09\/0B0A2384_WEB.jpg","articleSection":["Sin categorizar"],"inLanguage":"en-US","potentialAction":[{"@type":"CommentAction","name":"Comment","target":["https:\/\/fadeu.urantiacos.cl\/en\/2021\/05\/24\/rector-ignacio-sanchez-y-decano-mario-ubilla-participaron-de-la-bendicion-de-la-galeria-gallo-del-campus-lo-contador\/#respond"]}]},{"@type":"WebPage","@id":"https:\/\/fadeu.urantiacos.cl\/en\/2021\/05\/24\/rector-ignacio-sanchez-y-decano-mario-ubilla-participaron-de-la-bendicion-de-la-galeria-gallo-del-campus-lo-contador\/","url":"https:\/\/fadeu.urantiacos.cl\/en\/2021\/05\/24\/rector-ignacio-sanchez-y-decano-mario-ubilla-participaron-de-la-bendicion-de-la-galeria-gallo-del-campus-lo-contador\/","name":"Rector Ignacio S\u00e1nchez y Decano Mario Ubilla participaron de la Bendici\u00f3n de la Galer\u00eda Gallo del campus Lo Contador - Facultad de Arquitectura, Dise\u00f1o y Estudios Urbanos","isPartOf":{"@id":"https:\/\/fadeu.urantiacos.cl\/en\/#website"},"primaryImageOfPage":{"@id":"https:\/\/fadeu.urantiacos.cl\/en\/2021\/05\/24\/rector-ignacio-sanchez-y-decano-mario-ubilla-participaron-de-la-bendicion-de-la-galeria-gallo-del-campus-lo-contador\/#primaryimage"},"image":{"@id":"https:\/\/fadeu.urantiacos.cl\/en\/2021\/05\/24\/rector-ignacio-sanchez-y-decano-mario-ubilla-participaron-de-la-bendicion-de-la-galeria-gallo-del-campus-lo-contador\/#primaryimage"},"thumbnailUrl":"https:\/\/fadeu.urantiacos.cl\/wp-content\/uploads\/2023\/09\/0B0A2384_WEB.jpg","datePublished":"2021-05-24T12:30:00+00:00","dateModified":"2023-09-08T12:41:31+00:00","author":{"@id":"https:\/\/fadeu.urantiacos.cl\/en\/#\/schema\/person\/d203e2e84b1c40275eac77b3061a19a2"},"description":"Con la presencia del Capell\u00e1n General de la Universidad Cat\u00f3lica, Padre Fernando Valdivieso, el Rector Ignacio S\u00e1nchez y el Decano de la Facultad de Arquitectura, Dise\u00f1o y Estudios Urbanos de la misma casa de estudios superiores, Mario Ubilla, se realiz\u00f3 la ceremonia de bendici\u00f3n de la Galer\u00eda Gallo, un espacio expositivo que propone exhibir problem\u00e1ticas relativas a la ciudad, la arquitectura, el dise\u00f1o y el arte, curado y dirigido por los profesores Patricio Pozo (docente de la Escuela de Dise\u00f1o) y Sebasti\u00e1n Irarr\u00e1zaval (docente de la Escuela de Arquitectura).","breadcrumb":{"@id":"https:\/\/fadeu.urantiacos.cl\/en\/2021\/05\/24\/rector-ignacio-sanchez-y-decano-mario-ubilla-participaron-de-la-bendicion-de-la-galeria-gallo-del-campus-lo-contador\/#breadcrumb"},"inLanguage":"en-US","potentialAction":[{"@type":"ReadAction","target":["https:\/\/fadeu.urantiacos.cl\/en\/2021\/05\/24\/rector-ignacio-sanchez-y-decano-mario-ubilla-participaron-de-la-bendicion-de-la-galeria-gallo-del-campus-lo-contador\/"]}]},{"@type":"ImageObject","inLanguage":"en-US","@id":"https:\/\/fadeu.urantiacos.cl\/en\/2021\/05\/24\/rector-ignacio-sanchez-y-decano-mario-ubilla-participaron-de-la-bendicion-de-la-galeria-gallo-del-campus-lo-contador\/#primaryimage","url":"https:\/\/fadeu.urantiacos.cl\/wp-content\/uploads\/2023\/09\/0B0A2384_WEB.jpg","contentUrl":"https:\/\/fadeu.urantiacos.cl\/wp-content\/uploads\/2023\/09\/0B0A2384_WEB.jpg","width":350,"height":250},{"@type":"BreadcrumbList","@id":"https:\/\/fadeu.urantiacos.cl\/en\/2021\/05\/24\/rector-ignacio-sanchez-y-decano-mario-ubilla-participaron-de-la-bendicion-de-la-galeria-gallo-del-campus-lo-contador\/#breadcrumb","itemListElement":[{"@type":"ListItem","position":1,"name":"Portada","item":"https:\/\/fadeu.urantiacos.cl\/en\/"},{"@type":"ListItem","position":2,"name":"Rector Ignacio S\u00e1nchez y Decano Mario Ubilla participaron de la Bendici\u00f3n de la Galer\u00eda Gallo del campus Lo Contador"}]},{"@type":"WebSite","@id":"https:\/\/fadeu.urantiacos.cl\/en\/#website","url":"https:\/\/fadeu.urantiacos.cl\/en\/","name":"Facultad de Arquitectura, Dise\u00f1o y Estudios Urbanos","description":"Campus Lo Contador","potentialAction":[{"@type":"SearchAction","target":{"@type":"EntryPoint","urlTemplate":"https:\/\/fadeu.urantiacos.cl\/en\/?s={search_term_string}"},"query-input":{"@type":"PropertyValueSpecification","valueRequired":true,"valueName":"search_term_string"}}],"inLanguage":"en-US"},{"@type":"Person","@id":"https:\/\/fadeu.urantiacos.cl\/en\/#\/schema\/person\/d203e2e84b1c40275eac77b3061a19a2","name":"manadmin","image":{"@type":"ImageObject","inLanguage":"en-US","@id":"https:\/\/fadeu.urantiacos.cl\/en\/#\/schema\/person\/image\/","url":"https:\/\/secure.gravatar.com\/avatar\/4b1d8e3303b4a9d8968ac578947d8bc80d9aea359f388cdd4aac15cadc0e8447?s=96&d=mm&r=g","contentUrl":"https:\/\/secure.gravatar.com\/avatar\/4b1d8e3303b4a9d8968ac578947d8bc80d9aea359f388cdd4aac15cadc0e8447?s=96&d=mm&r=g","caption":"manadmin"},"sameAs":["https:\/\/fadeu.urantiacos.cl"]}]}},"_links":{"self":[{"href":"https:\/\/fadeu.urantiacos.cl\/en\/wp-json\/wp\/v2\/posts\/6958","targetHints":{"allow":["GET"]}}],"collection":[{"href":"https:\/\/fadeu.urantiacos.cl\/en\/wp-json\/wp\/v2\/posts"}],"about":[{"href":"https:\/\/fadeu.urantiacos.cl\/en\/wp-json\/wp\/v2\/types\/post"}],"author":[{"embeddable":true,"href":"https:\/\/fadeu.urantiacos.cl\/en\/wp-json\/wp\/v2\/users\/1"}],"replies":[{"embeddable":true,"href":"https:\/\/fadeu.urantiacos.cl\/en\/wp-json\/wp\/v2\/comments?post=6958"}],"version-history":[{"count":1,"href":"https:\/\/fadeu.urantiacos.cl\/en\/wp-json\/wp\/v2\/posts\/6958\/revisions"}],"predecessor-version":[{"id":6967,"href":"https:\/\/fadeu.urantiacos.cl\/en\/wp-json\/wp\/v2\/posts\/6958\/revisions\/6967"}],"wp:featuredmedia":[{"embeddable":true,"href":"https:\/\/fadeu.urantiacos.cl\/en\/wp-json\/wp\/v2\/media\/6959"}],"wp:attachment":[{"href":"https:\/\/fadeu.urantiacos.cl\/en\/wp-json\/wp\/v2\/media?parent=6958"}],"wp:term":[{"taxonomy":"category","embeddable":true,"href":"https:\/\/fadeu.urantiacos.cl\/en\/wp-json\/wp\/v2\/categories?post=6958"},{"taxonomy":"post_tag","embeddable":true,"href":"https:\/\/fadeu.urantiacos.cl\/en\/wp-json\/wp\/v2\/tags?post=6958"}],"curies":[{"name":"wp","href":"https:\/\/api.w.org\/{rel}","templated":true}]}}