{"id":6955,"date":"2021-05-24T09:28:00","date_gmt":"2021-05-24T12:28:00","guid":{"rendered":"https:\/\/fadeu.urantiacos.cl\/?p=6955"},"modified":"2023-09-08T09:30:20","modified_gmt":"2023-09-08T12:30:20","slug":"direccion-de-equidad-de-genero-uc-presento-su-plan-de-trabajo-a-la-comunidad-de-lo-contador","status":"publish","type":"post","link":"https:\/\/fadeu.urantiacos.cl\/en\/2021\/05\/24\/direccion-de-equidad-de-genero-uc-presento-su-plan-de-trabajo-a-la-comunidad-de-lo-contador\/","title":{"rendered":"Direcci\u00f3n de Equidad de G\u00e9nero UC present\u00f3 su plan de trabajo a la comunidad de Lo Contador"},"content":{"rendered":"\n<figure class=\"wp-block-image size-full\"><img decoding=\"async\" width=\"350\" height=\"250\" src=\"https:\/\/fadeu.urantiacos.cl\/wp-content\/uploads\/2023\/09\/mujer_y_academia_1_web.jpg\" alt=\"\" class=\"wp-image-6956\" srcset=\"https:\/\/fadeu.urantiacos.cl\/wp-content\/uploads\/2023\/09\/mujer_y_academia_1_web.jpg 350w, https:\/\/fadeu.urantiacos.cl\/wp-content\/uploads\/2023\/09\/mujer_y_academia_1_web-300x214.jpg 300w\" sizes=\"(max-width: 350px) 100vw, 350px\" \/><\/figure>\n\n\n\n<p>La instancia fue presentada por la Directora de Comunicaciones y Extensi\u00f3n FADEU, Macarena Cort\u00e9s, y fue presidida, adem\u00e1s, por el Decano Mario Ubilla, y convoc\u00f3 a acad\u00e9micos\/as de las distintas unidades.<\/p>\n\n\n\n<p>Silvana Sanlugo fue la encargada de presentar los objetivos de la Direcci\u00f3n de Equidad de G\u00e9nero, cuya misi\u00f3n, sostuvo, es \u201cpromover el desarrollo acad\u00e9mico de las mujeres y generar las condiciones para incorporar la equidad de g\u00e9nero en el proyecto educativo de la Universidad\u201d.<\/p>\n\n\n\n<p>Asimismo, explic\u00f3 los tres objetivos de la Unidad: propiciar el avance en las trayectorias acad\u00e9micas de las mujeres impulsando medidas que favorezcan procesos y condiciones equitativas para su desarrollo, tanto en el \u00e1mbito de la academia como en el ejercicio de cargos de autoridad y jerarqu\u00eda; integrar el principio de equidad de g\u00e9nero en el Proyecto Educativo de la UC, vale decir en la impronta, en el perfil de egreso y en las practicas pedag\u00f3gicas de la universidad; y promover la conciliaci\u00f3n entre el trabajo, la familia y la vida personal al interior de la comunidad acad\u00e9mica UC.<\/p>\n\n\n\n<p>Sanlugo explic\u00f3, adem\u00e1s, que la Direcci\u00f3n de Equidad de G\u00e9nero responde a una meta impuesta por la propia Universidad, en el Decreto de Rector\u00eda N\u00b0149 (2019), que dispuso:<\/p>\n\n\n\n<p>1. Aumentar la proporci\u00f3n de mujeres en Planta Ordinaria y Especial, velando por la realizaci\u00f3n de procesos equitativos en la selecci\u00f3n de profesores y profesoras en la categor\u00eda Asistente.<\/p>\n\n\n\n<p>2. Promover la Equidad de G\u00e9nero en las instancias de tomas de decisiones o de cargos de autoridad.<\/p>\n\n\n\n<p>3. Mejorar los procesos para asegurar el desarrollo adecuado de la carrera acad\u00e9mica de las mujeres.<\/p>\n\n\n\n<p>4. Integrar la equidad de g\u00e9nero en el proyecto educativo y las pr\u00e1cticas pedag\u00f3gicas.<\/p>\n\n\n\n<p>5. Promover acciones que permitan la conciliaci\u00f3n entre el trabajo, la familia y la vida personal.<\/p>\n\n\n\n<p>6. Crear una Direcci\u00f3n de Equidad de G\u00e9nero que permita implementar estas medidas<\/p>\n\n\n\n<p>Asimismo, se plantea un aumento de mujeres en la planta acad\u00e9mica e igualdad de oportunidades para el avance en la carrera acad\u00e9mica y la participaci\u00f3n de mujeres en cargos de autoridad; conciliaci\u00f3n de actividades laborales y familiares, para compatibilizar de buena manera la labor acad\u00e9mica o de gesti\u00f3n con la vida familiar y personal; y un proyecto educativo de inserci\u00f3n paulatina de equidad de g\u00e9nero en perfiles de egreso y planes de estudio, adem\u00e1s de acompa\u00f1amiento en procesos de ense\u00f1anza aprendizaje.<\/p>\n\n\n\n<p>Por su parte, la profesora Pilar Garc\u00eda agradeci\u00f3 la presentaci\u00f3n felicit\u00f3 el trabajo realizado por la Direcci\u00f3n, y asever\u00f3 que la Facultad se encuentra \u201cconstruyendo un relato propio de Facultad, con nuestra propia cultura e idiosincrasia para bajar estos temas al contexto de nuestra comunidad, para lo cual podr\u00edamos armar distintos grupos de trabajo para visibilizar el trabajo de nuestras acad\u00e9micas\u201d.<\/p>\n\n\n\n<p>\u201cHay otros ejes que nos importa mucho potenciar, lo primero es levantar la realidad y el contexto actual de las acad\u00e9micas de nuestro campus, respecto de las categor\u00edas y otros aspectos, y en segundo lugar, la encuesta que realizamos a las acad\u00e9micas, administrativas y profesionales para conocer un poco c\u00f3mo la pandemia ha afectado su trabajo remoto con todas las dificultados que ello implica\u201d, explic\u00f3 Garc\u00eda.<\/p>\n\n\n\n<p>Seg\u00fan ha informado la propia Facultad, la profesora Garc\u00eda ser\u00e1 la encargada de llevar estos temas al interior de la comunidad de Lo Contador. Para cualquier solicitud de informaci\u00f3n, pueden escribir al correo electr\u00f3nico&nbsp;<a href=\"mailto:pgarciaa@uc.cl\">pgarciaa@uc.cl<\/a>&nbsp;y tambi\u00e9n a la Directora de Comunicaciones y Extensi\u00f3n, Macarena Cort\u00e9s al mail&nbsp;<a href=\"mailto:mmcortes@uc.cl\">mmcortes@uc.cl<\/a><\/p>\n","protected":false},"excerpt":{"rendered":"<p>Una fruct\u00edfera reuni\u00f3n se llev\u00f3 a cabo entre la comunidad de Lo Contador y Pilar Bont\u00e1 (jefa de la Direcci\u00f3n de Equidad de G\u00e9nero) junto a Silvana Sanlugo (Directora de la Direcci\u00f3n de Equidad de G\u00e9nero), quienes presentaron los alcances de la unidad y aprovecharon de interiorizarse de la reciente unidad, de la misma naturaleza, creada en la Facultad de Arquitectura, Dise\u00f1o y Estudios Urbanos, que dirige la profesora Pilar Garc\u00eda.<\/p>\n","protected":false},"author":1,"featured_media":6956,"comment_status":"open","ping_status":"open","sticky":false,"template":"","format":"standard","meta":{"_acf_changed":false,"footnotes":""},"categories":[1],"tags":[],"class_list":["post-6955","post","type-post","status-publish","format-standard","has-post-thumbnail","hentry","category-sin-categorizar"],"acf":[],"yoast_head":"<!-- This site is optimized with the Yoast SEO plugin v27.1.1 - https:\/\/yoast.com\/product\/yoast-seo-wordpress\/ -->\n<title>Direcci\u00f3n de Equidad de G\u00e9nero UC present\u00f3 su plan de trabajo a la comunidad de Lo Contador - Facultad de Arquitectura, Dise\u00f1o y Estudios Urbanos<\/title>\n<meta name=\"description\" content=\"Una fruct\u00edfera reuni\u00f3n se llev\u00f3 a cabo entre la comunidad de Lo Contador y Pilar Bont\u00e1 (jefa de la Direcci\u00f3n de Equidad de G\u00e9nero) junto a Silvana Sanlugo (Directora de la Direcci\u00f3n de Equidad de G\u00e9nero), quienes presentaron los alcances de la unidad y aprovecharon de interiorizarse de la reciente unidad, de la misma naturaleza, creada en la Facultad de Arquitectura, Dise\u00f1o y Estudios Urbanos, que dirige la profesora Pilar Garc\u00eda.\" \/>\n<meta name=\"robots\" content=\"index, follow, max-snippet:-1, max-image-preview:large, max-video-preview:-1\" \/>\n<link rel=\"canonical\" href=\"https:\/\/fadeu.urantiacos.cl\/en\/2021\/05\/24\/direccion-de-equidad-de-genero-uc-presento-su-plan-de-trabajo-a-la-comunidad-de-lo-contador\/\" \/>\n<meta property=\"og:locale\" content=\"en_US\" \/>\n<meta property=\"og:type\" content=\"article\" \/>\n<meta property=\"og:title\" content=\"Direcci\u00f3n de Equidad de G\u00e9nero UC present\u00f3 su plan de trabajo a la comunidad de Lo Contador - Facultad de Arquitectura, Dise\u00f1o y Estudios Urbanos\" \/>\n<meta property=\"og:description\" content=\"Una fruct\u00edfera reuni\u00f3n se llev\u00f3 a cabo entre la comunidad de Lo Contador y Pilar Bont\u00e1 (jefa de la Direcci\u00f3n de Equidad de G\u00e9nero) junto a Silvana Sanlugo (Directora de la Direcci\u00f3n de Equidad de G\u00e9nero), quienes presentaron los alcances de la unidad y aprovecharon de interiorizarse de la reciente unidad, de la misma naturaleza, creada en la Facultad de Arquitectura, Dise\u00f1o y Estudios Urbanos, que dirige la profesora Pilar Garc\u00eda.\" \/>\n<meta property=\"og:url\" content=\"https:\/\/fadeu.urantiacos.cl\/en\/2021\/05\/24\/direccion-de-equidad-de-genero-uc-presento-su-plan-de-trabajo-a-la-comunidad-de-lo-contador\/\" \/>\n<meta property=\"og:site_name\" content=\"Facultad de Arquitectura, Dise\u00f1o y Estudios Urbanos\" \/>\n<meta property=\"article:published_time\" content=\"2021-05-24T12:28:00+00:00\" \/>\n<meta property=\"article:modified_time\" content=\"2023-09-08T12:30:20+00:00\" \/>\n<meta property=\"og:image\" content=\"https:\/\/fadeu.urantiacos.cl\/wp-content\/uploads\/2023\/09\/mujer_y_academia_1_web.jpg\" \/>\n\t<meta property=\"og:image:width\" content=\"350\" \/>\n\t<meta property=\"og:image:height\" content=\"250\" \/>\n\t<meta property=\"og:image:type\" content=\"image\/jpeg\" \/>\n<meta name=\"author\" content=\"manadmin\" \/>\n<meta name=\"twitter:card\" content=\"summary_large_image\" \/>\n<meta name=\"twitter:label1\" content=\"Written by\" \/>\n\t<meta name=\"twitter:data1\" content=\"manadmin\" \/>\n\t<meta name=\"twitter:label2\" content=\"Est. reading time\" \/>\n\t<meta name=\"twitter:data2\" content=\"3 minutes\" \/>\n<script type=\"application\/ld+json\" class=\"yoast-schema-graph\">{\"@context\":\"https:\/\/schema.org\",\"@graph\":[{\"@type\":\"Article\",\"@id\":\"https:\/\/fadeu.urantiacos.cl\/en\/2021\/05\/24\/direccion-de-equidad-de-genero-uc-presento-su-plan-de-trabajo-a-la-comunidad-de-lo-contador\/#article\",\"isPartOf\":{\"@id\":\"https:\/\/fadeu.urantiacos.cl\/en\/2021\/05\/24\/direccion-de-equidad-de-genero-uc-presento-su-plan-de-trabajo-a-la-comunidad-de-lo-contador\/\"},\"author\":{\"name\":\"manadmin\",\"@id\":\"https:\/\/fadeu.urantiacos.cl\/en\/#\/schema\/person\/d203e2e84b1c40275eac77b3061a19a2\"},\"headline\":\"Direcci\u00f3n de Equidad de G\u00e9nero UC present\u00f3 su plan de trabajo a la comunidad de Lo Contador\",\"datePublished\":\"2021-05-24T12:28:00+00:00\",\"dateModified\":\"2023-09-08T12:30:20+00:00\",\"mainEntityOfPage\":{\"@id\":\"https:\/\/fadeu.urantiacos.cl\/en\/2021\/05\/24\/direccion-de-equidad-de-genero-uc-presento-su-plan-de-trabajo-a-la-comunidad-de-lo-contador\/\"},\"wordCount\":643,\"commentCount\":0,\"image\":{\"@id\":\"https:\/\/fadeu.urantiacos.cl\/en\/2021\/05\/24\/direccion-de-equidad-de-genero-uc-presento-su-plan-de-trabajo-a-la-comunidad-de-lo-contador\/#primaryimage\"},\"thumbnailUrl\":\"https:\/\/fadeu.urantiacos.cl\/wp-content\/uploads\/2023\/09\/mujer_y_academia_1_web.jpg\",\"articleSection\":[\"Sin categorizar\"],\"inLanguage\":\"en-US\",\"potentialAction\":[{\"@type\":\"CommentAction\",\"name\":\"Comment\",\"target\":[\"https:\/\/fadeu.urantiacos.cl\/en\/2021\/05\/24\/direccion-de-equidad-de-genero-uc-presento-su-plan-de-trabajo-a-la-comunidad-de-lo-contador\/#respond\"]}]},{\"@type\":\"WebPage\",\"@id\":\"https:\/\/fadeu.urantiacos.cl\/en\/2021\/05\/24\/direccion-de-equidad-de-genero-uc-presento-su-plan-de-trabajo-a-la-comunidad-de-lo-contador\/\",\"url\":\"https:\/\/fadeu.urantiacos.cl\/en\/2021\/05\/24\/direccion-de-equidad-de-genero-uc-presento-su-plan-de-trabajo-a-la-comunidad-de-lo-contador\/\",\"name\":\"Direcci\u00f3n de Equidad de G\u00e9nero UC present\u00f3 su plan de trabajo a la comunidad de Lo Contador - Facultad de Arquitectura, Dise\u00f1o y Estudios Urbanos\",\"isPartOf\":{\"@id\":\"https:\/\/fadeu.urantiacos.cl\/en\/#website\"},\"primaryImageOfPage\":{\"@id\":\"https:\/\/fadeu.urantiacos.cl\/en\/2021\/05\/24\/direccion-de-equidad-de-genero-uc-presento-su-plan-de-trabajo-a-la-comunidad-de-lo-contador\/#primaryimage\"},\"image\":{\"@id\":\"https:\/\/fadeu.urantiacos.cl\/en\/2021\/05\/24\/direccion-de-equidad-de-genero-uc-presento-su-plan-de-trabajo-a-la-comunidad-de-lo-contador\/#primaryimage\"},\"thumbnailUrl\":\"https:\/\/fadeu.urantiacos.cl\/wp-content\/uploads\/2023\/09\/mujer_y_academia_1_web.jpg\",\"datePublished\":\"2021-05-24T12:28:00+00:00\",\"dateModified\":\"2023-09-08T12:30:20+00:00\",\"author\":{\"@id\":\"https:\/\/fadeu.urantiacos.cl\/en\/#\/schema\/person\/d203e2e84b1c40275eac77b3061a19a2\"},\"description\":\"Una fruct\u00edfera reuni\u00f3n se llev\u00f3 a cabo entre la comunidad de Lo Contador y Pilar Bont\u00e1 (jefa de la Direcci\u00f3n de Equidad de G\u00e9nero) junto a Silvana Sanlugo (Directora de la Direcci\u00f3n de Equidad de G\u00e9nero), quienes presentaron los alcances de la unidad y aprovecharon de interiorizarse de la reciente unidad, de la misma naturaleza, creada en la Facultad de Arquitectura, Dise\u00f1o y Estudios Urbanos, que dirige la profesora Pilar Garc\u00eda.\",\"breadcrumb\":{\"@id\":\"https:\/\/fadeu.urantiacos.cl\/en\/2021\/05\/24\/direccion-de-equidad-de-genero-uc-presento-su-plan-de-trabajo-a-la-comunidad-de-lo-contador\/#breadcrumb\"},\"inLanguage\":\"en-US\",\"potentialAction\":[{\"@type\":\"ReadAction\",\"target\":[\"https:\/\/fadeu.urantiacos.cl\/en\/2021\/05\/24\/direccion-de-equidad-de-genero-uc-presento-su-plan-de-trabajo-a-la-comunidad-de-lo-contador\/\"]}]},{\"@type\":\"ImageObject\",\"inLanguage\":\"en-US\",\"@id\":\"https:\/\/fadeu.urantiacos.cl\/en\/2021\/05\/24\/direccion-de-equidad-de-genero-uc-presento-su-plan-de-trabajo-a-la-comunidad-de-lo-contador\/#primaryimage\",\"url\":\"https:\/\/fadeu.urantiacos.cl\/wp-content\/uploads\/2023\/09\/mujer_y_academia_1_web.jpg\",\"contentUrl\":\"https:\/\/fadeu.urantiacos.cl\/wp-content\/uploads\/2023\/09\/mujer_y_academia_1_web.jpg\",\"width\":350,\"height\":250},{\"@type\":\"BreadcrumbList\",\"@id\":\"https:\/\/fadeu.urantiacos.cl\/en\/2021\/05\/24\/direccion-de-equidad-de-genero-uc-presento-su-plan-de-trabajo-a-la-comunidad-de-lo-contador\/#breadcrumb\",\"itemListElement\":[{\"@type\":\"ListItem\",\"position\":1,\"name\":\"Portada\",\"item\":\"https:\/\/fadeu.urantiacos.cl\/en\/\"},{\"@type\":\"ListItem\",\"position\":2,\"name\":\"Direcci\u00f3n de Equidad de G\u00e9nero UC present\u00f3 su plan de trabajo a la comunidad de Lo Contador\"}]},{\"@type\":\"WebSite\",\"@id\":\"https:\/\/fadeu.urantiacos.cl\/en\/#website\",\"url\":\"https:\/\/fadeu.urantiacos.cl\/en\/\",\"name\":\"Facultad de Arquitectura, Dise\u00f1o y Estudios Urbanos\",\"description\":\"Campus Lo Contador\",\"potentialAction\":[{\"@type\":\"SearchAction\",\"target\":{\"@type\":\"EntryPoint\",\"urlTemplate\":\"https:\/\/fadeu.urantiacos.cl\/en\/?s={search_term_string}\"},\"query-input\":{\"@type\":\"PropertyValueSpecification\",\"valueRequired\":true,\"valueName\":\"search_term_string\"}}],\"inLanguage\":\"en-US\"},{\"@type\":\"Person\",\"@id\":\"https:\/\/fadeu.urantiacos.cl\/en\/#\/schema\/person\/d203e2e84b1c40275eac77b3061a19a2\",\"name\":\"manadmin\",\"image\":{\"@type\":\"ImageObject\",\"inLanguage\":\"en-US\",\"@id\":\"https:\/\/fadeu.urantiacos.cl\/en\/#\/schema\/person\/image\/\",\"url\":\"https:\/\/secure.gravatar.com\/avatar\/4b1d8e3303b4a9d8968ac578947d8bc80d9aea359f388cdd4aac15cadc0e8447?s=96&d=mm&r=g\",\"contentUrl\":\"https:\/\/secure.gravatar.com\/avatar\/4b1d8e3303b4a9d8968ac578947d8bc80d9aea359f388cdd4aac15cadc0e8447?s=96&d=mm&r=g\",\"caption\":\"manadmin\"},\"sameAs\":[\"https:\/\/fadeu.urantiacos.cl\"]}]}<\/script>\n<!-- \/ Yoast SEO plugin. -->","yoast_head_json":{"title":"Direcci\u00f3n de Equidad de G\u00e9nero UC present\u00f3 su plan de trabajo a la comunidad de Lo Contador - Facultad de Arquitectura, Dise\u00f1o y Estudios Urbanos","description":"Una fruct\u00edfera reuni\u00f3n se llev\u00f3 a cabo entre la comunidad de Lo Contador y Pilar Bont\u00e1 (jefa de la Direcci\u00f3n de Equidad de G\u00e9nero) junto a Silvana Sanlugo (Directora de la Direcci\u00f3n de Equidad de G\u00e9nero), quienes presentaron los alcances de la unidad y aprovecharon de interiorizarse de la reciente unidad, de la misma naturaleza, creada en la Facultad de Arquitectura, Dise\u00f1o y Estudios Urbanos, que dirige la profesora Pilar Garc\u00eda.","robots":{"index":"index","follow":"follow","max-snippet":"max-snippet:-1","max-image-preview":"max-image-preview:large","max-video-preview":"max-video-preview:-1"},"canonical":"https:\/\/fadeu.urantiacos.cl\/en\/2021\/05\/24\/direccion-de-equidad-de-genero-uc-presento-su-plan-de-trabajo-a-la-comunidad-de-lo-contador\/","og_locale":"en_US","og_type":"article","og_title":"Direcci\u00f3n de Equidad de G\u00e9nero UC present\u00f3 su plan de trabajo a la comunidad de Lo Contador - Facultad de Arquitectura, Dise\u00f1o y Estudios Urbanos","og_description":"Una fruct\u00edfera reuni\u00f3n se llev\u00f3 a cabo entre la comunidad de Lo Contador y Pilar Bont\u00e1 (jefa de la Direcci\u00f3n de Equidad de G\u00e9nero) junto a Silvana Sanlugo (Directora de la Direcci\u00f3n de Equidad de G\u00e9nero), quienes presentaron los alcances de la unidad y aprovecharon de interiorizarse de la reciente unidad, de la misma naturaleza, creada en la Facultad de Arquitectura, Dise\u00f1o y Estudios Urbanos, que dirige la profesora Pilar Garc\u00eda.","og_url":"https:\/\/fadeu.urantiacos.cl\/en\/2021\/05\/24\/direccion-de-equidad-de-genero-uc-presento-su-plan-de-trabajo-a-la-comunidad-de-lo-contador\/","og_site_name":"Facultad de Arquitectura, Dise\u00f1o y Estudios Urbanos","article_published_time":"2021-05-24T12:28:00+00:00","article_modified_time":"2023-09-08T12:30:20+00:00","og_image":[{"width":350,"height":250,"url":"https:\/\/fadeu.urantiacos.cl\/wp-content\/uploads\/2023\/09\/mujer_y_academia_1_web.jpg","type":"image\/jpeg"}],"author":"manadmin","twitter_card":"summary_large_image","twitter_misc":{"Written by":"manadmin","Est. reading time":"3 minutes"},"schema":{"@context":"https:\/\/schema.org","@graph":[{"@type":"Article","@id":"https:\/\/fadeu.urantiacos.cl\/en\/2021\/05\/24\/direccion-de-equidad-de-genero-uc-presento-su-plan-de-trabajo-a-la-comunidad-de-lo-contador\/#article","isPartOf":{"@id":"https:\/\/fadeu.urantiacos.cl\/en\/2021\/05\/24\/direccion-de-equidad-de-genero-uc-presento-su-plan-de-trabajo-a-la-comunidad-de-lo-contador\/"},"author":{"name":"manadmin","@id":"https:\/\/fadeu.urantiacos.cl\/en\/#\/schema\/person\/d203e2e84b1c40275eac77b3061a19a2"},"headline":"Direcci\u00f3n de Equidad de G\u00e9nero UC present\u00f3 su plan de trabajo a la comunidad de Lo Contador","datePublished":"2021-05-24T12:28:00+00:00","dateModified":"2023-09-08T12:30:20+00:00","mainEntityOfPage":{"@id":"https:\/\/fadeu.urantiacos.cl\/en\/2021\/05\/24\/direccion-de-equidad-de-genero-uc-presento-su-plan-de-trabajo-a-la-comunidad-de-lo-contador\/"},"wordCount":643,"commentCount":0,"image":{"@id":"https:\/\/fadeu.urantiacos.cl\/en\/2021\/05\/24\/direccion-de-equidad-de-genero-uc-presento-su-plan-de-trabajo-a-la-comunidad-de-lo-contador\/#primaryimage"},"thumbnailUrl":"https:\/\/fadeu.urantiacos.cl\/wp-content\/uploads\/2023\/09\/mujer_y_academia_1_web.jpg","articleSection":["Sin categorizar"],"inLanguage":"en-US","potentialAction":[{"@type":"CommentAction","name":"Comment","target":["https:\/\/fadeu.urantiacos.cl\/en\/2021\/05\/24\/direccion-de-equidad-de-genero-uc-presento-su-plan-de-trabajo-a-la-comunidad-de-lo-contador\/#respond"]}]},{"@type":"WebPage","@id":"https:\/\/fadeu.urantiacos.cl\/en\/2021\/05\/24\/direccion-de-equidad-de-genero-uc-presento-su-plan-de-trabajo-a-la-comunidad-de-lo-contador\/","url":"https:\/\/fadeu.urantiacos.cl\/en\/2021\/05\/24\/direccion-de-equidad-de-genero-uc-presento-su-plan-de-trabajo-a-la-comunidad-de-lo-contador\/","name":"Direcci\u00f3n de Equidad de G\u00e9nero UC present\u00f3 su plan de trabajo a la comunidad de Lo Contador - Facultad de Arquitectura, Dise\u00f1o y Estudios Urbanos","isPartOf":{"@id":"https:\/\/fadeu.urantiacos.cl\/en\/#website"},"primaryImageOfPage":{"@id":"https:\/\/fadeu.urantiacos.cl\/en\/2021\/05\/24\/direccion-de-equidad-de-genero-uc-presento-su-plan-de-trabajo-a-la-comunidad-de-lo-contador\/#primaryimage"},"image":{"@id":"https:\/\/fadeu.urantiacos.cl\/en\/2021\/05\/24\/direccion-de-equidad-de-genero-uc-presento-su-plan-de-trabajo-a-la-comunidad-de-lo-contador\/#primaryimage"},"thumbnailUrl":"https:\/\/fadeu.urantiacos.cl\/wp-content\/uploads\/2023\/09\/mujer_y_academia_1_web.jpg","datePublished":"2021-05-24T12:28:00+00:00","dateModified":"2023-09-08T12:30:20+00:00","author":{"@id":"https:\/\/fadeu.urantiacos.cl\/en\/#\/schema\/person\/d203e2e84b1c40275eac77b3061a19a2"},"description":"Una fruct\u00edfera reuni\u00f3n se llev\u00f3 a cabo entre la comunidad de Lo Contador y Pilar Bont\u00e1 (jefa de la Direcci\u00f3n de Equidad de G\u00e9nero) junto a Silvana Sanlugo (Directora de la Direcci\u00f3n de Equidad de G\u00e9nero), quienes presentaron los alcances de la unidad y aprovecharon de interiorizarse de la reciente unidad, de la misma naturaleza, creada en la Facultad de Arquitectura, Dise\u00f1o y Estudios Urbanos, que dirige la profesora Pilar Garc\u00eda.","breadcrumb":{"@id":"https:\/\/fadeu.urantiacos.cl\/en\/2021\/05\/24\/direccion-de-equidad-de-genero-uc-presento-su-plan-de-trabajo-a-la-comunidad-de-lo-contador\/#breadcrumb"},"inLanguage":"en-US","potentialAction":[{"@type":"ReadAction","target":["https:\/\/fadeu.urantiacos.cl\/en\/2021\/05\/24\/direccion-de-equidad-de-genero-uc-presento-su-plan-de-trabajo-a-la-comunidad-de-lo-contador\/"]}]},{"@type":"ImageObject","inLanguage":"en-US","@id":"https:\/\/fadeu.urantiacos.cl\/en\/2021\/05\/24\/direccion-de-equidad-de-genero-uc-presento-su-plan-de-trabajo-a-la-comunidad-de-lo-contador\/#primaryimage","url":"https:\/\/fadeu.urantiacos.cl\/wp-content\/uploads\/2023\/09\/mujer_y_academia_1_web.jpg","contentUrl":"https:\/\/fadeu.urantiacos.cl\/wp-content\/uploads\/2023\/09\/mujer_y_academia_1_web.jpg","width":350,"height":250},{"@type":"BreadcrumbList","@id":"https:\/\/fadeu.urantiacos.cl\/en\/2021\/05\/24\/direccion-de-equidad-de-genero-uc-presento-su-plan-de-trabajo-a-la-comunidad-de-lo-contador\/#breadcrumb","itemListElement":[{"@type":"ListItem","position":1,"name":"Portada","item":"https:\/\/fadeu.urantiacos.cl\/en\/"},{"@type":"ListItem","position":2,"name":"Direcci\u00f3n de Equidad de G\u00e9nero UC present\u00f3 su plan de trabajo a la comunidad de Lo Contador"}]},{"@type":"WebSite","@id":"https:\/\/fadeu.urantiacos.cl\/en\/#website","url":"https:\/\/fadeu.urantiacos.cl\/en\/","name":"Facultad de Arquitectura, Dise\u00f1o y Estudios Urbanos","description":"Campus Lo Contador","potentialAction":[{"@type":"SearchAction","target":{"@type":"EntryPoint","urlTemplate":"https:\/\/fadeu.urantiacos.cl\/en\/?s={search_term_string}"},"query-input":{"@type":"PropertyValueSpecification","valueRequired":true,"valueName":"search_term_string"}}],"inLanguage":"en-US"},{"@type":"Person","@id":"https:\/\/fadeu.urantiacos.cl\/en\/#\/schema\/person\/d203e2e84b1c40275eac77b3061a19a2","name":"manadmin","image":{"@type":"ImageObject","inLanguage":"en-US","@id":"https:\/\/fadeu.urantiacos.cl\/en\/#\/schema\/person\/image\/","url":"https:\/\/secure.gravatar.com\/avatar\/4b1d8e3303b4a9d8968ac578947d8bc80d9aea359f388cdd4aac15cadc0e8447?s=96&d=mm&r=g","contentUrl":"https:\/\/secure.gravatar.com\/avatar\/4b1d8e3303b4a9d8968ac578947d8bc80d9aea359f388cdd4aac15cadc0e8447?s=96&d=mm&r=g","caption":"manadmin"},"sameAs":["https:\/\/fadeu.urantiacos.cl"]}]}},"_links":{"self":[{"href":"https:\/\/fadeu.urantiacos.cl\/en\/wp-json\/wp\/v2\/posts\/6955","targetHints":{"allow":["GET"]}}],"collection":[{"href":"https:\/\/fadeu.urantiacos.cl\/en\/wp-json\/wp\/v2\/posts"}],"about":[{"href":"https:\/\/fadeu.urantiacos.cl\/en\/wp-json\/wp\/v2\/types\/post"}],"author":[{"embeddable":true,"href":"https:\/\/fadeu.urantiacos.cl\/en\/wp-json\/wp\/v2\/users\/1"}],"replies":[{"embeddable":true,"href":"https:\/\/fadeu.urantiacos.cl\/en\/wp-json\/wp\/v2\/comments?post=6955"}],"version-history":[{"count":1,"href":"https:\/\/fadeu.urantiacos.cl\/en\/wp-json\/wp\/v2\/posts\/6955\/revisions"}],"predecessor-version":[{"id":6957,"href":"https:\/\/fadeu.urantiacos.cl\/en\/wp-json\/wp\/v2\/posts\/6955\/revisions\/6957"}],"wp:featuredmedia":[{"embeddable":true,"href":"https:\/\/fadeu.urantiacos.cl\/en\/wp-json\/wp\/v2\/media\/6956"}],"wp:attachment":[{"href":"https:\/\/fadeu.urantiacos.cl\/en\/wp-json\/wp\/v2\/media?parent=6955"}],"wp:term":[{"taxonomy":"category","embeddable":true,"href":"https:\/\/fadeu.urantiacos.cl\/en\/wp-json\/wp\/v2\/categories?post=6955"},{"taxonomy":"post_tag","embeddable":true,"href":"https:\/\/fadeu.urantiacos.cl\/en\/wp-json\/wp\/v2\/tags?post=6955"}],"curies":[{"name":"wp","href":"https:\/\/api.w.org\/{rel}","templated":true}]}}