{"id":6948,"date":"2021-05-25T09:25:00","date_gmt":"2021-05-25T12:25:00","guid":{"rendered":"https:\/\/fadeu.urantiacos.cl\/?p=6948"},"modified":"2023-09-08T09:26:40","modified_gmt":"2023-09-08T12:26:40","slug":"525-voces-de-pobladores-de-la-jose-maria-caro-conforman-el-pabellon-de-chile-en-la-17-bienal-de-arquitectura-de-venecia-2021","status":"publish","type":"post","link":"https:\/\/fadeu.urantiacos.cl\/en\/2021\/05\/25\/525-voces-de-pobladores-de-la-jose-maria-caro-conforman-el-pabellon-de-chile-en-la-17-bienal-de-arquitectura-de-venecia-2021\/","title":{"rendered":"525 voces de pobladores de la Jos\u00e9 Mar\u00eda Caro conforman el Pabell\u00f3n de Chile en la 17 Bienal de Arquitectura de Venecia 2021"},"content":{"rendered":"\n<figure class=\"wp-block-image size-full\"><img decoding=\"async\" width=\"350\" height=\"250\" src=\"https:\/\/fadeu.urantiacos.cl\/wp-content\/uploads\/2023\/09\/web_210518-Cile-Biennale-Architettura-2021-Venezia-gerdastudio-C5DS4765-700x467-1.jpg\" alt=\"\" class=\"wp-image-6949\" srcset=\"https:\/\/fadeu.urantiacos.cl\/wp-content\/uploads\/2023\/09\/web_210518-Cile-Biennale-Architettura-2021-Venezia-gerdastudio-C5DS4765-700x467-1.jpg 350w, https:\/\/fadeu.urantiacos.cl\/wp-content\/uploads\/2023\/09\/web_210518-Cile-Biennale-Architettura-2021-Venezia-gerdastudio-C5DS4765-700x467-1-300x214.jpg 300w\" sizes=\"(max-width: 350px) 100vw, 350px\" \/><\/figure>\n\n\n\n<p>El Mostrador destaca que el pabell\u00f3n de Chile en la 17 Bienal de Arquitectura de Venecia 2021 exhibir\u00e1 como pieza principal los testimonios de vecinos de la poblaci\u00f3n Jos\u00e9 Mar\u00eda Caro. Sus curadores son el profesor UC Emilio Mar\u00edn y Rodrigo Sep\u00falveda, acad\u00e9mico de la Facultad de Arquitectura y Urbanismo de la U. de Chile.<\/p>\n\n\n\n<h6 class=\"wp-block-heading\">+ Revisa nota completa&nbsp;<a href=\"https:\/\/www.elmostrador.cl\/cultura\/2021\/05\/25\/525-voces-de-pobladores-de-la-jose-maria-caro-conforman-el-pabellon-de-chile-en-la-17-bienal-de-arquitectura-de-venecia-2021\/\" target=\"_blank\" rel=\"noreferrer noopener\">aqu\u00ed<\/a>.<\/h6>\n","protected":false},"excerpt":{"rendered":"<p>El Mostrador destaca que el pabell\u00f3n de Chile en la 17 Bienal de Arquitectura de Venecia 2021 exhibir\u00e1 como pieza principal los testimonios de vecinos de la poblaci\u00f3n Jos\u00e9 Mar\u00eda Caro. Sus curadores son el profesor UC Emilio Mar\u00edn y Rodrigo Sep\u00falveda, acad\u00e9mico de la Facultad de Arquitectura y Urbanismo de la U. de Chile. [&hellip;]<\/p>\n","protected":false},"author":1,"featured_media":6949,"comment_status":"open","ping_status":"open","sticky":false,"template":"","format":"standard","meta":{"_acf_changed":false,"footnotes":""},"categories":[1],"tags":[],"class_list":["post-6948","post","type-post","status-publish","format-standard","has-post-thumbnail","hentry","category-sin-categorizar"],"acf":[],"yoast_head":"<!-- This site is optimized with the Yoast SEO plugin v27.1.1 - https:\/\/yoast.com\/product\/yoast-seo-wordpress\/ -->\n<title>525 voces de pobladores de la Jos\u00e9 Mar\u00eda Caro conforman el Pabell\u00f3n de Chile en la 17 Bienal de Arquitectura de Venecia 2021 - Facultad de Arquitectura, Dise\u00f1o y Estudios Urbanos<\/title>\n<meta name=\"description\" content=\"El Mostrador destaca que el pabell\u00f3n de Chile en la 17 Bienal de Arquitectura de Venecia 2021 exhibir\u00e1 como pieza principal los testimonios de vecinos de\" \/>\n<meta name=\"robots\" content=\"index, follow, max-snippet:-1, max-image-preview:large, max-video-preview:-1\" \/>\n<link rel=\"canonical\" href=\"https:\/\/fadeu.urantiacos.cl\/en\/2021\/05\/25\/525-voces-de-pobladores-de-la-jose-maria-caro-conforman-el-pabellon-de-chile-en-la-17-bienal-de-arquitectura-de-venecia-2021\/\" \/>\n<meta property=\"og:locale\" content=\"en_US\" \/>\n<meta property=\"og:type\" content=\"article\" \/>\n<meta property=\"og:title\" content=\"525 voces de pobladores de la Jos\u00e9 Mar\u00eda Caro conforman el Pabell\u00f3n de Chile en la 17 Bienal de Arquitectura de Venecia 2021 - Facultad de Arquitectura, Dise\u00f1o y Estudios Urbanos\" \/>\n<meta property=\"og:description\" content=\"El Mostrador destaca que el pabell\u00f3n de Chile en la 17 Bienal de Arquitectura de Venecia 2021 exhibir\u00e1 como pieza principal los testimonios de vecinos de\" \/>\n<meta property=\"og:url\" content=\"https:\/\/fadeu.urantiacos.cl\/en\/2021\/05\/25\/525-voces-de-pobladores-de-la-jose-maria-caro-conforman-el-pabellon-de-chile-en-la-17-bienal-de-arquitectura-de-venecia-2021\/\" \/>\n<meta property=\"og:site_name\" content=\"Facultad de Arquitectura, Dise\u00f1o y Estudios Urbanos\" \/>\n<meta property=\"article:published_time\" content=\"2021-05-25T12:25:00+00:00\" \/>\n<meta property=\"article:modified_time\" content=\"2023-09-08T12:26:40+00:00\" \/>\n<meta property=\"og:image\" content=\"https:\/\/fadeu.urantiacos.cl\/wp-content\/uploads\/2023\/09\/web_210518-Cile-Biennale-Architettura-2021-Venezia-gerdastudio-C5DS4765-700x467-1.jpg\" \/>\n\t<meta property=\"og:image:width\" content=\"350\" \/>\n\t<meta property=\"og:image:height\" content=\"250\" \/>\n\t<meta property=\"og:image:type\" content=\"image\/jpeg\" \/>\n<meta name=\"author\" content=\"manadmin\" \/>\n<meta name=\"twitter:card\" content=\"summary_large_image\" \/>\n<meta name=\"twitter:label1\" content=\"Written by\" \/>\n\t<meta name=\"twitter:data1\" content=\"manadmin\" \/>\n<script type=\"application\/ld+json\" class=\"yoast-schema-graph\">{\"@context\":\"https:\/\/schema.org\",\"@graph\":[{\"@type\":\"Article\",\"@id\":\"https:\/\/fadeu.urantiacos.cl\/en\/2021\/05\/25\/525-voces-de-pobladores-de-la-jose-maria-caro-conforman-el-pabellon-de-chile-en-la-17-bienal-de-arquitectura-de-venecia-2021\/#article\",\"isPartOf\":{\"@id\":\"https:\/\/fadeu.urantiacos.cl\/en\/2021\/05\/25\/525-voces-de-pobladores-de-la-jose-maria-caro-conforman-el-pabellon-de-chile-en-la-17-bienal-de-arquitectura-de-venecia-2021\/\"},\"author\":{\"name\":\"manadmin\",\"@id\":\"https:\/\/fadeu.urantiacos.cl\/en\/#\/schema\/person\/d203e2e84b1c40275eac77b3061a19a2\"},\"headline\":\"525 voces de pobladores de la Jos\u00e9 Mar\u00eda Caro conforman el Pabell\u00f3n de Chile en la 17 Bienal de Arquitectura de Venecia 2021\",\"datePublished\":\"2021-05-25T12:25:00+00:00\",\"dateModified\":\"2023-09-08T12:26:40+00:00\",\"mainEntityOfPage\":{\"@id\":\"https:\/\/fadeu.urantiacos.cl\/en\/2021\/05\/25\/525-voces-de-pobladores-de-la-jose-maria-caro-conforman-el-pabellon-de-chile-en-la-17-bienal-de-arquitectura-de-venecia-2021\/\"},\"wordCount\":86,\"commentCount\":0,\"image\":{\"@id\":\"https:\/\/fadeu.urantiacos.cl\/en\/2021\/05\/25\/525-voces-de-pobladores-de-la-jose-maria-caro-conforman-el-pabellon-de-chile-en-la-17-bienal-de-arquitectura-de-venecia-2021\/#primaryimage\"},\"thumbnailUrl\":\"https:\/\/fadeu.urantiacos.cl\/wp-content\/uploads\/2023\/09\/web_210518-Cile-Biennale-Architettura-2021-Venezia-gerdastudio-C5DS4765-700x467-1.jpg\",\"articleSection\":[\"Sin categorizar\"],\"inLanguage\":\"en-US\",\"potentialAction\":[{\"@type\":\"CommentAction\",\"name\":\"Comment\",\"target\":[\"https:\/\/fadeu.urantiacos.cl\/en\/2021\/05\/25\/525-voces-de-pobladores-de-la-jose-maria-caro-conforman-el-pabellon-de-chile-en-la-17-bienal-de-arquitectura-de-venecia-2021\/#respond\"]}]},{\"@type\":\"WebPage\",\"@id\":\"https:\/\/fadeu.urantiacos.cl\/en\/2021\/05\/25\/525-voces-de-pobladores-de-la-jose-maria-caro-conforman-el-pabellon-de-chile-en-la-17-bienal-de-arquitectura-de-venecia-2021\/\",\"url\":\"https:\/\/fadeu.urantiacos.cl\/en\/2021\/05\/25\/525-voces-de-pobladores-de-la-jose-maria-caro-conforman-el-pabellon-de-chile-en-la-17-bienal-de-arquitectura-de-venecia-2021\/\",\"name\":\"525 voces de pobladores de la Jos\u00e9 Mar\u00eda Caro conforman el Pabell\u00f3n de Chile en la 17 Bienal de Arquitectura de Venecia 2021 - Facultad de Arquitectura, Dise\u00f1o y Estudios Urbanos\",\"isPartOf\":{\"@id\":\"https:\/\/fadeu.urantiacos.cl\/en\/#website\"},\"primaryImageOfPage\":{\"@id\":\"https:\/\/fadeu.urantiacos.cl\/en\/2021\/05\/25\/525-voces-de-pobladores-de-la-jose-maria-caro-conforman-el-pabellon-de-chile-en-la-17-bienal-de-arquitectura-de-venecia-2021\/#primaryimage\"},\"image\":{\"@id\":\"https:\/\/fadeu.urantiacos.cl\/en\/2021\/05\/25\/525-voces-de-pobladores-de-la-jose-maria-caro-conforman-el-pabellon-de-chile-en-la-17-bienal-de-arquitectura-de-venecia-2021\/#primaryimage\"},\"thumbnailUrl\":\"https:\/\/fadeu.urantiacos.cl\/wp-content\/uploads\/2023\/09\/web_210518-Cile-Biennale-Architettura-2021-Venezia-gerdastudio-C5DS4765-700x467-1.jpg\",\"datePublished\":\"2021-05-25T12:25:00+00:00\",\"dateModified\":\"2023-09-08T12:26:40+00:00\",\"author\":{\"@id\":\"https:\/\/fadeu.urantiacos.cl\/en\/#\/schema\/person\/d203e2e84b1c40275eac77b3061a19a2\"},\"description\":\"El Mostrador destaca que el pabell\u00f3n de Chile en la 17 Bienal de Arquitectura de Venecia 2021 exhibir\u00e1 como pieza principal los testimonios de vecinos de\",\"breadcrumb\":{\"@id\":\"https:\/\/fadeu.urantiacos.cl\/en\/2021\/05\/25\/525-voces-de-pobladores-de-la-jose-maria-caro-conforman-el-pabellon-de-chile-en-la-17-bienal-de-arquitectura-de-venecia-2021\/#breadcrumb\"},\"inLanguage\":\"en-US\",\"potentialAction\":[{\"@type\":\"ReadAction\",\"target\":[\"https:\/\/fadeu.urantiacos.cl\/en\/2021\/05\/25\/525-voces-de-pobladores-de-la-jose-maria-caro-conforman-el-pabellon-de-chile-en-la-17-bienal-de-arquitectura-de-venecia-2021\/\"]}]},{\"@type\":\"ImageObject\",\"inLanguage\":\"en-US\",\"@id\":\"https:\/\/fadeu.urantiacos.cl\/en\/2021\/05\/25\/525-voces-de-pobladores-de-la-jose-maria-caro-conforman-el-pabellon-de-chile-en-la-17-bienal-de-arquitectura-de-venecia-2021\/#primaryimage\",\"url\":\"https:\/\/fadeu.urantiacos.cl\/wp-content\/uploads\/2023\/09\/web_210518-Cile-Biennale-Architettura-2021-Venezia-gerdastudio-C5DS4765-700x467-1.jpg\",\"contentUrl\":\"https:\/\/fadeu.urantiacos.cl\/wp-content\/uploads\/2023\/09\/web_210518-Cile-Biennale-Architettura-2021-Venezia-gerdastudio-C5DS4765-700x467-1.jpg\",\"width\":350,\"height\":250},{\"@type\":\"BreadcrumbList\",\"@id\":\"https:\/\/fadeu.urantiacos.cl\/en\/2021\/05\/25\/525-voces-de-pobladores-de-la-jose-maria-caro-conforman-el-pabellon-de-chile-en-la-17-bienal-de-arquitectura-de-venecia-2021\/#breadcrumb\",\"itemListElement\":[{\"@type\":\"ListItem\",\"position\":1,\"name\":\"Portada\",\"item\":\"https:\/\/fadeu.urantiacos.cl\/en\/\"},{\"@type\":\"ListItem\",\"position\":2,\"name\":\"525 voces de pobladores de la Jos\u00e9 Mar\u00eda Caro conforman el Pabell\u00f3n de Chile en la 17 Bienal de Arquitectura de Venecia 2021\"}]},{\"@type\":\"WebSite\",\"@id\":\"https:\/\/fadeu.urantiacos.cl\/en\/#website\",\"url\":\"https:\/\/fadeu.urantiacos.cl\/en\/\",\"name\":\"Facultad de Arquitectura, Dise\u00f1o y Estudios Urbanos\",\"description\":\"Campus Lo Contador\",\"potentialAction\":[{\"@type\":\"SearchAction\",\"target\":{\"@type\":\"EntryPoint\",\"urlTemplate\":\"https:\/\/fadeu.urantiacos.cl\/en\/?s={search_term_string}\"},\"query-input\":{\"@type\":\"PropertyValueSpecification\",\"valueRequired\":true,\"valueName\":\"search_term_string\"}}],\"inLanguage\":\"en-US\"},{\"@type\":\"Person\",\"@id\":\"https:\/\/fadeu.urantiacos.cl\/en\/#\/schema\/person\/d203e2e84b1c40275eac77b3061a19a2\",\"name\":\"manadmin\",\"image\":{\"@type\":\"ImageObject\",\"inLanguage\":\"en-US\",\"@id\":\"https:\/\/fadeu.urantiacos.cl\/en\/#\/schema\/person\/image\/\",\"url\":\"https:\/\/secure.gravatar.com\/avatar\/4b1d8e3303b4a9d8968ac578947d8bc80d9aea359f388cdd4aac15cadc0e8447?s=96&d=mm&r=g\",\"contentUrl\":\"https:\/\/secure.gravatar.com\/avatar\/4b1d8e3303b4a9d8968ac578947d8bc80d9aea359f388cdd4aac15cadc0e8447?s=96&d=mm&r=g\",\"caption\":\"manadmin\"},\"sameAs\":[\"https:\/\/fadeu.urantiacos.cl\"]}]}<\/script>\n<!-- \/ Yoast SEO plugin. -->","yoast_head_json":{"title":"525 voces de pobladores de la Jos\u00e9 Mar\u00eda Caro conforman el Pabell\u00f3n de Chile en la 17 Bienal de Arquitectura de Venecia 2021 - Facultad de Arquitectura, Dise\u00f1o y Estudios Urbanos","description":"El Mostrador destaca que el pabell\u00f3n de Chile en la 17 Bienal de Arquitectura de Venecia 2021 exhibir\u00e1 como pieza principal los testimonios de vecinos de","robots":{"index":"index","follow":"follow","max-snippet":"max-snippet:-1","max-image-preview":"max-image-preview:large","max-video-preview":"max-video-preview:-1"},"canonical":"https:\/\/fadeu.urantiacos.cl\/en\/2021\/05\/25\/525-voces-de-pobladores-de-la-jose-maria-caro-conforman-el-pabellon-de-chile-en-la-17-bienal-de-arquitectura-de-venecia-2021\/","og_locale":"en_US","og_type":"article","og_title":"525 voces de pobladores de la Jos\u00e9 Mar\u00eda Caro conforman el Pabell\u00f3n de Chile en la 17 Bienal de Arquitectura de Venecia 2021 - Facultad de Arquitectura, Dise\u00f1o y Estudios Urbanos","og_description":"El Mostrador destaca que el pabell\u00f3n de Chile en la 17 Bienal de Arquitectura de Venecia 2021 exhibir\u00e1 como pieza principal los testimonios de vecinos de","og_url":"https:\/\/fadeu.urantiacos.cl\/en\/2021\/05\/25\/525-voces-de-pobladores-de-la-jose-maria-caro-conforman-el-pabellon-de-chile-en-la-17-bienal-de-arquitectura-de-venecia-2021\/","og_site_name":"Facultad de Arquitectura, Dise\u00f1o y Estudios Urbanos","article_published_time":"2021-05-25T12:25:00+00:00","article_modified_time":"2023-09-08T12:26:40+00:00","og_image":[{"width":350,"height":250,"url":"https:\/\/fadeu.urantiacos.cl\/wp-content\/uploads\/2023\/09\/web_210518-Cile-Biennale-Architettura-2021-Venezia-gerdastudio-C5DS4765-700x467-1.jpg","type":"image\/jpeg"}],"author":"manadmin","twitter_card":"summary_large_image","twitter_misc":{"Written by":"manadmin"},"schema":{"@context":"https:\/\/schema.org","@graph":[{"@type":"Article","@id":"https:\/\/fadeu.urantiacos.cl\/en\/2021\/05\/25\/525-voces-de-pobladores-de-la-jose-maria-caro-conforman-el-pabellon-de-chile-en-la-17-bienal-de-arquitectura-de-venecia-2021\/#article","isPartOf":{"@id":"https:\/\/fadeu.urantiacos.cl\/en\/2021\/05\/25\/525-voces-de-pobladores-de-la-jose-maria-caro-conforman-el-pabellon-de-chile-en-la-17-bienal-de-arquitectura-de-venecia-2021\/"},"author":{"name":"manadmin","@id":"https:\/\/fadeu.urantiacos.cl\/en\/#\/schema\/person\/d203e2e84b1c40275eac77b3061a19a2"},"headline":"525 voces de pobladores de la Jos\u00e9 Mar\u00eda Caro conforman el Pabell\u00f3n de Chile en la 17 Bienal de Arquitectura de Venecia 2021","datePublished":"2021-05-25T12:25:00+00:00","dateModified":"2023-09-08T12:26:40+00:00","mainEntityOfPage":{"@id":"https:\/\/fadeu.urantiacos.cl\/en\/2021\/05\/25\/525-voces-de-pobladores-de-la-jose-maria-caro-conforman-el-pabellon-de-chile-en-la-17-bienal-de-arquitectura-de-venecia-2021\/"},"wordCount":86,"commentCount":0,"image":{"@id":"https:\/\/fadeu.urantiacos.cl\/en\/2021\/05\/25\/525-voces-de-pobladores-de-la-jose-maria-caro-conforman-el-pabellon-de-chile-en-la-17-bienal-de-arquitectura-de-venecia-2021\/#primaryimage"},"thumbnailUrl":"https:\/\/fadeu.urantiacos.cl\/wp-content\/uploads\/2023\/09\/web_210518-Cile-Biennale-Architettura-2021-Venezia-gerdastudio-C5DS4765-700x467-1.jpg","articleSection":["Sin categorizar"],"inLanguage":"en-US","potentialAction":[{"@type":"CommentAction","name":"Comment","target":["https:\/\/fadeu.urantiacos.cl\/en\/2021\/05\/25\/525-voces-de-pobladores-de-la-jose-maria-caro-conforman-el-pabellon-de-chile-en-la-17-bienal-de-arquitectura-de-venecia-2021\/#respond"]}]},{"@type":"WebPage","@id":"https:\/\/fadeu.urantiacos.cl\/en\/2021\/05\/25\/525-voces-de-pobladores-de-la-jose-maria-caro-conforman-el-pabellon-de-chile-en-la-17-bienal-de-arquitectura-de-venecia-2021\/","url":"https:\/\/fadeu.urantiacos.cl\/en\/2021\/05\/25\/525-voces-de-pobladores-de-la-jose-maria-caro-conforman-el-pabellon-de-chile-en-la-17-bienal-de-arquitectura-de-venecia-2021\/","name":"525 voces de pobladores de la Jos\u00e9 Mar\u00eda Caro conforman el Pabell\u00f3n de Chile en la 17 Bienal de Arquitectura de Venecia 2021 - Facultad de Arquitectura, Dise\u00f1o y Estudios Urbanos","isPartOf":{"@id":"https:\/\/fadeu.urantiacos.cl\/en\/#website"},"primaryImageOfPage":{"@id":"https:\/\/fadeu.urantiacos.cl\/en\/2021\/05\/25\/525-voces-de-pobladores-de-la-jose-maria-caro-conforman-el-pabellon-de-chile-en-la-17-bienal-de-arquitectura-de-venecia-2021\/#primaryimage"},"image":{"@id":"https:\/\/fadeu.urantiacos.cl\/en\/2021\/05\/25\/525-voces-de-pobladores-de-la-jose-maria-caro-conforman-el-pabellon-de-chile-en-la-17-bienal-de-arquitectura-de-venecia-2021\/#primaryimage"},"thumbnailUrl":"https:\/\/fadeu.urantiacos.cl\/wp-content\/uploads\/2023\/09\/web_210518-Cile-Biennale-Architettura-2021-Venezia-gerdastudio-C5DS4765-700x467-1.jpg","datePublished":"2021-05-25T12:25:00+00:00","dateModified":"2023-09-08T12:26:40+00:00","author":{"@id":"https:\/\/fadeu.urantiacos.cl\/en\/#\/schema\/person\/d203e2e84b1c40275eac77b3061a19a2"},"description":"El Mostrador destaca que el pabell\u00f3n de Chile en la 17 Bienal de Arquitectura de Venecia 2021 exhibir\u00e1 como pieza principal los testimonios de vecinos de","breadcrumb":{"@id":"https:\/\/fadeu.urantiacos.cl\/en\/2021\/05\/25\/525-voces-de-pobladores-de-la-jose-maria-caro-conforman-el-pabellon-de-chile-en-la-17-bienal-de-arquitectura-de-venecia-2021\/#breadcrumb"},"inLanguage":"en-US","potentialAction":[{"@type":"ReadAction","target":["https:\/\/fadeu.urantiacos.cl\/en\/2021\/05\/25\/525-voces-de-pobladores-de-la-jose-maria-caro-conforman-el-pabellon-de-chile-en-la-17-bienal-de-arquitectura-de-venecia-2021\/"]}]},{"@type":"ImageObject","inLanguage":"en-US","@id":"https:\/\/fadeu.urantiacos.cl\/en\/2021\/05\/25\/525-voces-de-pobladores-de-la-jose-maria-caro-conforman-el-pabellon-de-chile-en-la-17-bienal-de-arquitectura-de-venecia-2021\/#primaryimage","url":"https:\/\/fadeu.urantiacos.cl\/wp-content\/uploads\/2023\/09\/web_210518-Cile-Biennale-Architettura-2021-Venezia-gerdastudio-C5DS4765-700x467-1.jpg","contentUrl":"https:\/\/fadeu.urantiacos.cl\/wp-content\/uploads\/2023\/09\/web_210518-Cile-Biennale-Architettura-2021-Venezia-gerdastudio-C5DS4765-700x467-1.jpg","width":350,"height":250},{"@type":"BreadcrumbList","@id":"https:\/\/fadeu.urantiacos.cl\/en\/2021\/05\/25\/525-voces-de-pobladores-de-la-jose-maria-caro-conforman-el-pabellon-de-chile-en-la-17-bienal-de-arquitectura-de-venecia-2021\/#breadcrumb","itemListElement":[{"@type":"ListItem","position":1,"name":"Portada","item":"https:\/\/fadeu.urantiacos.cl\/en\/"},{"@type":"ListItem","position":2,"name":"525 voces de pobladores de la Jos\u00e9 Mar\u00eda Caro conforman el Pabell\u00f3n de Chile en la 17 Bienal de Arquitectura de Venecia 2021"}]},{"@type":"WebSite","@id":"https:\/\/fadeu.urantiacos.cl\/en\/#website","url":"https:\/\/fadeu.urantiacos.cl\/en\/","name":"Facultad de Arquitectura, Dise\u00f1o y Estudios Urbanos","description":"Campus Lo Contador","potentialAction":[{"@type":"SearchAction","target":{"@type":"EntryPoint","urlTemplate":"https:\/\/fadeu.urantiacos.cl\/en\/?s={search_term_string}"},"query-input":{"@type":"PropertyValueSpecification","valueRequired":true,"valueName":"search_term_string"}}],"inLanguage":"en-US"},{"@type":"Person","@id":"https:\/\/fadeu.urantiacos.cl\/en\/#\/schema\/person\/d203e2e84b1c40275eac77b3061a19a2","name":"manadmin","image":{"@type":"ImageObject","inLanguage":"en-US","@id":"https:\/\/fadeu.urantiacos.cl\/en\/#\/schema\/person\/image\/","url":"https:\/\/secure.gravatar.com\/avatar\/4b1d8e3303b4a9d8968ac578947d8bc80d9aea359f388cdd4aac15cadc0e8447?s=96&d=mm&r=g","contentUrl":"https:\/\/secure.gravatar.com\/avatar\/4b1d8e3303b4a9d8968ac578947d8bc80d9aea359f388cdd4aac15cadc0e8447?s=96&d=mm&r=g","caption":"manadmin"},"sameAs":["https:\/\/fadeu.urantiacos.cl"]}]}},"_links":{"self":[{"href":"https:\/\/fadeu.urantiacos.cl\/en\/wp-json\/wp\/v2\/posts\/6948","targetHints":{"allow":["GET"]}}],"collection":[{"href":"https:\/\/fadeu.urantiacos.cl\/en\/wp-json\/wp\/v2\/posts"}],"about":[{"href":"https:\/\/fadeu.urantiacos.cl\/en\/wp-json\/wp\/v2\/types\/post"}],"author":[{"embeddable":true,"href":"https:\/\/fadeu.urantiacos.cl\/en\/wp-json\/wp\/v2\/users\/1"}],"replies":[{"embeddable":true,"href":"https:\/\/fadeu.urantiacos.cl\/en\/wp-json\/wp\/v2\/comments?post=6948"}],"version-history":[{"count":1,"href":"https:\/\/fadeu.urantiacos.cl\/en\/wp-json\/wp\/v2\/posts\/6948\/revisions"}],"predecessor-version":[{"id":6950,"href":"https:\/\/fadeu.urantiacos.cl\/en\/wp-json\/wp\/v2\/posts\/6948\/revisions\/6950"}],"wp:featuredmedia":[{"embeddable":true,"href":"https:\/\/fadeu.urantiacos.cl\/en\/wp-json\/wp\/v2\/media\/6949"}],"wp:attachment":[{"href":"https:\/\/fadeu.urantiacos.cl\/en\/wp-json\/wp\/v2\/media?parent=6948"}],"wp:term":[{"taxonomy":"category","embeddable":true,"href":"https:\/\/fadeu.urantiacos.cl\/en\/wp-json\/wp\/v2\/categories?post=6948"},{"taxonomy":"post_tag","embeddable":true,"href":"https:\/\/fadeu.urantiacos.cl\/en\/wp-json\/wp\/v2\/tags?post=6948"}],"curies":[{"name":"wp","href":"https:\/\/api.w.org\/{rel}","templated":true}]}}