{"id":6925,"date":"2021-05-30T09:03:00","date_gmt":"2021-05-30T12:03:00","guid":{"rendered":"https:\/\/fadeu.urantiacos.cl\/?p=6925"},"modified":"2023-09-08T09:06:07","modified_gmt":"2023-09-08T12:06:07","slug":"profesores-arq-uc-participaron-en-serie-de-entrevistas-del-canadian-centre-for-architecture","status":"publish","type":"post","link":"https:\/\/fadeu.urantiacos.cl\/en\/2021\/05\/30\/profesores-arq-uc-participaron-en-serie-de-entrevistas-del-canadian-centre-for-architecture\/","title":{"rendered":"Profesores ARQ UC participaron en serie de entrevistas del Canadian Centre for Architecture"},"content":{"rendered":"\n<figure class=\"wp-block-image size-full\"><img decoding=\"async\" width=\"350\" height=\"250\" src=\"https:\/\/fadeu.urantiacos.cl\/wp-content\/uploads\/2023\/09\/profesores_canada_mayo_web.jpg\" alt=\"\" class=\"wp-image-6926\" srcset=\"https:\/\/fadeu.urantiacos.cl\/wp-content\/uploads\/2023\/09\/profesores_canada_mayo_web.jpg 350w, https:\/\/fadeu.urantiacos.cl\/wp-content\/uploads\/2023\/09\/profesores_canada_mayo_web-300x214.jpg 300w\" sizes=\"(max-width: 350px) 100vw, 350px\" \/><\/figure>\n\n\n\n<p>Con el objetivo de ampliar la discusi\u00f3n iniciada con la web &#8220;With and Within&#8221; y la exposici\u00f3n &#8220;The Things Around Us&#8221;, el CCA invit\u00f3 a la oficina franco-chilena Plan Com\u00fan a realizar una serie de entrevistas a cinco pr\u00e1cticas alrededor del mundo, entre las que estuvieron Umwelt con la entrevista titulada &#8220;Working with Energy&#8221;. Realizado por De Ferrari en conjunto con Kim Courr\u00e8ges, el ciclo cont\u00f3 tambi\u00e9n con la participaci\u00f3n de Jack Self de la fundaci\u00f3n inglesa REAL, la arquitecta mexicana Rozana Montiel, el arquitecto franc\u00e9s Grand Huit y el colectivo catal\u00e1n Lacol.<\/p>\n\n\n\n<p>Las entrevistas ahondaron en la idea de la &#8220;oficina como proyecto&#8221;, y en la comprensi\u00f3n de condiciones locales concretas en relaci\u00f3n a ciertas preguntas globales urgentes como los bienes comunes, el neoliberalismo, la vivienda y la ecolog\u00eda. Cada entrevista de la serie fue publicada semanalmente en ingl\u00e9s y en franc\u00e9s como un art\u00edculo en el sitio web del CCA, mientras que las entrevistas en formato audiovisual estar\u00e1n disponibles a partir de julio de 2021 en&nbsp;<a href=\"http:\/\/www.onarchitecture.com\/\" target=\"_blank\" rel=\"noreferrer noopener\">OnArchitecture<\/a>.&nbsp;&nbsp;<\/p>\n\n\n\n<p>Ver art\u00edculo de Umwelt en el siguiente&nbsp;<a href=\"https:\/\/www.cca.qc.ca\/en\/articles\/issues\/28\/with-and-within\/79432\/working-with-energy\" target=\"_blank\" rel=\"noreferrer noopener\">link<\/a>&nbsp;<br>M\u00e1s sobre la web &#8220;With and Within&#8221; en el siguiente&nbsp;<a href=\"https:\/\/www.cca.qc.ca\/en\/articles\/issues\/28\/with-and-within\" target=\"_blank\" rel=\"noreferrer noopener\">link<\/a>&nbsp;<\/p>\n\n\n\n<p>Noticias<br>Contacto:&nbsp;<a href=\"mailto:redesarq@uc.cl\">redesarq@uc.cl<\/a>&nbsp;| +56 2 2354 7747<br>www.arquitectura.uc.cl<\/p>\n","protected":false},"excerpt":{"rendered":"<p>Arturo Scheidegger e Ignacio Garc\u00eda, profesores ARQ UC y fundadores de Umwelt, estuvieron entre las pr\u00e1cticas entrevistadas en la serie de conversaciones que el Canadian Centre for Architecture le encarg\u00f3 al profesor ARQ UC Felipe De Ferrari a trav\u00e9s de su oficina Plan Com\u00fan.<\/p>\n","protected":false},"author":1,"featured_media":6926,"comment_status":"open","ping_status":"open","sticky":false,"template":"","format":"standard","meta":{"_acf_changed":false,"footnotes":""},"categories":[1],"tags":[],"class_list":["post-6925","post","type-post","status-publish","format-standard","has-post-thumbnail","hentry","category-sin-categorizar"],"acf":[],"yoast_head":"<!-- This site is optimized with the Yoast SEO plugin v27.1.1 - https:\/\/yoast.com\/product\/yoast-seo-wordpress\/ -->\n<title>Profesores ARQ UC participaron en serie de entrevistas del Canadian Centre for Architecture - Facultad de Arquitectura, Dise\u00f1o y Estudios Urbanos<\/title>\n<meta name=\"description\" content=\"Arturo Scheidegger e Ignacio Garc\u00eda, profesores ARQ UC y fundadores de Umwelt, estuvieron entre las pr\u00e1cticas entrevistadas en la serie de conversaciones que el Canadian Centre for Architecture le encarg\u00f3 al profesor ARQ UC Felipe De Ferrari a trav\u00e9s de su oficina Plan Com\u00fan.\" \/>\n<meta name=\"robots\" content=\"index, follow, max-snippet:-1, max-image-preview:large, max-video-preview:-1\" \/>\n<link rel=\"canonical\" href=\"https:\/\/fadeu.urantiacos.cl\/en\/2021\/05\/30\/profesores-arq-uc-participaron-en-serie-de-entrevistas-del-canadian-centre-for-architecture\/\" \/>\n<meta property=\"og:locale\" content=\"en_US\" \/>\n<meta property=\"og:type\" content=\"article\" \/>\n<meta property=\"og:title\" content=\"Profesores ARQ UC participaron en serie de entrevistas del Canadian Centre for Architecture - Facultad de Arquitectura, Dise\u00f1o y Estudios Urbanos\" \/>\n<meta property=\"og:description\" content=\"Arturo Scheidegger e Ignacio Garc\u00eda, profesores ARQ UC y fundadores de Umwelt, estuvieron entre las pr\u00e1cticas entrevistadas en la serie de conversaciones que el Canadian Centre for Architecture le encarg\u00f3 al profesor ARQ UC Felipe De Ferrari a trav\u00e9s de su oficina Plan Com\u00fan.\" \/>\n<meta property=\"og:url\" content=\"https:\/\/fadeu.urantiacos.cl\/en\/2021\/05\/30\/profesores-arq-uc-participaron-en-serie-de-entrevistas-del-canadian-centre-for-architecture\/\" \/>\n<meta property=\"og:site_name\" content=\"Facultad de Arquitectura, Dise\u00f1o y Estudios Urbanos\" \/>\n<meta property=\"article:published_time\" content=\"2021-05-30T12:03:00+00:00\" \/>\n<meta property=\"article:modified_time\" content=\"2023-09-08T12:06:07+00:00\" \/>\n<meta property=\"og:image\" content=\"https:\/\/fadeu.urantiacos.cl\/wp-content\/uploads\/2023\/09\/profesores_canada_mayo_web.jpg\" \/>\n\t<meta property=\"og:image:width\" content=\"350\" \/>\n\t<meta property=\"og:image:height\" content=\"250\" \/>\n\t<meta property=\"og:image:type\" content=\"image\/jpeg\" \/>\n<meta name=\"author\" content=\"manadmin\" \/>\n<meta name=\"twitter:card\" content=\"summary_large_image\" \/>\n<meta name=\"twitter:label1\" content=\"Written by\" \/>\n\t<meta name=\"twitter:data1\" content=\"manadmin\" \/>\n\t<meta name=\"twitter:label2\" content=\"Est. reading time\" \/>\n\t<meta name=\"twitter:data2\" content=\"1 minute\" \/>\n<script type=\"application\/ld+json\" class=\"yoast-schema-graph\">{\"@context\":\"https:\/\/schema.org\",\"@graph\":[{\"@type\":\"Article\",\"@id\":\"https:\/\/fadeu.urantiacos.cl\/en\/2021\/05\/30\/profesores-arq-uc-participaron-en-serie-de-entrevistas-del-canadian-centre-for-architecture\/#article\",\"isPartOf\":{\"@id\":\"https:\/\/fadeu.urantiacos.cl\/en\/2021\/05\/30\/profesores-arq-uc-participaron-en-serie-de-entrevistas-del-canadian-centre-for-architecture\/\"},\"author\":{\"name\":\"manadmin\",\"@id\":\"https:\/\/fadeu.urantiacos.cl\/en\/#\/schema\/person\/d203e2e84b1c40275eac77b3061a19a2\"},\"headline\":\"Profesores ARQ UC participaron en serie de entrevistas del Canadian Centre for Architecture\",\"datePublished\":\"2021-05-30T12:03:00+00:00\",\"dateModified\":\"2023-09-08T12:06:07+00:00\",\"mainEntityOfPage\":{\"@id\":\"https:\/\/fadeu.urantiacos.cl\/en\/2021\/05\/30\/profesores-arq-uc-participaron-en-serie-de-entrevistas-del-canadian-centre-for-architecture\/\"},\"wordCount\":236,\"commentCount\":0,\"image\":{\"@id\":\"https:\/\/fadeu.urantiacos.cl\/en\/2021\/05\/30\/profesores-arq-uc-participaron-en-serie-de-entrevistas-del-canadian-centre-for-architecture\/#primaryimage\"},\"thumbnailUrl\":\"https:\/\/fadeu.urantiacos.cl\/wp-content\/uploads\/2023\/09\/profesores_canada_mayo_web.jpg\",\"articleSection\":[\"Sin categorizar\"],\"inLanguage\":\"en-US\",\"potentialAction\":[{\"@type\":\"CommentAction\",\"name\":\"Comment\",\"target\":[\"https:\/\/fadeu.urantiacos.cl\/en\/2021\/05\/30\/profesores-arq-uc-participaron-en-serie-de-entrevistas-del-canadian-centre-for-architecture\/#respond\"]}]},{\"@type\":\"WebPage\",\"@id\":\"https:\/\/fadeu.urantiacos.cl\/en\/2021\/05\/30\/profesores-arq-uc-participaron-en-serie-de-entrevistas-del-canadian-centre-for-architecture\/\",\"url\":\"https:\/\/fadeu.urantiacos.cl\/en\/2021\/05\/30\/profesores-arq-uc-participaron-en-serie-de-entrevistas-del-canadian-centre-for-architecture\/\",\"name\":\"Profesores ARQ UC participaron en serie de entrevistas del Canadian Centre for Architecture - Facultad de Arquitectura, Dise\u00f1o y Estudios Urbanos\",\"isPartOf\":{\"@id\":\"https:\/\/fadeu.urantiacos.cl\/en\/#website\"},\"primaryImageOfPage\":{\"@id\":\"https:\/\/fadeu.urantiacos.cl\/en\/2021\/05\/30\/profesores-arq-uc-participaron-en-serie-de-entrevistas-del-canadian-centre-for-architecture\/#primaryimage\"},\"image\":{\"@id\":\"https:\/\/fadeu.urantiacos.cl\/en\/2021\/05\/30\/profesores-arq-uc-participaron-en-serie-de-entrevistas-del-canadian-centre-for-architecture\/#primaryimage\"},\"thumbnailUrl\":\"https:\/\/fadeu.urantiacos.cl\/wp-content\/uploads\/2023\/09\/profesores_canada_mayo_web.jpg\",\"datePublished\":\"2021-05-30T12:03:00+00:00\",\"dateModified\":\"2023-09-08T12:06:07+00:00\",\"author\":{\"@id\":\"https:\/\/fadeu.urantiacos.cl\/en\/#\/schema\/person\/d203e2e84b1c40275eac77b3061a19a2\"},\"description\":\"Arturo Scheidegger e Ignacio Garc\u00eda, profesores ARQ UC y fundadores de Umwelt, estuvieron entre las pr\u00e1cticas entrevistadas en la serie de conversaciones que el Canadian Centre for Architecture le encarg\u00f3 al profesor ARQ UC Felipe De Ferrari a trav\u00e9s de su oficina Plan Com\u00fan.\",\"breadcrumb\":{\"@id\":\"https:\/\/fadeu.urantiacos.cl\/en\/2021\/05\/30\/profesores-arq-uc-participaron-en-serie-de-entrevistas-del-canadian-centre-for-architecture\/#breadcrumb\"},\"inLanguage\":\"en-US\",\"potentialAction\":[{\"@type\":\"ReadAction\",\"target\":[\"https:\/\/fadeu.urantiacos.cl\/en\/2021\/05\/30\/profesores-arq-uc-participaron-en-serie-de-entrevistas-del-canadian-centre-for-architecture\/\"]}]},{\"@type\":\"ImageObject\",\"inLanguage\":\"en-US\",\"@id\":\"https:\/\/fadeu.urantiacos.cl\/en\/2021\/05\/30\/profesores-arq-uc-participaron-en-serie-de-entrevistas-del-canadian-centre-for-architecture\/#primaryimage\",\"url\":\"https:\/\/fadeu.urantiacos.cl\/wp-content\/uploads\/2023\/09\/profesores_canada_mayo_web.jpg\",\"contentUrl\":\"https:\/\/fadeu.urantiacos.cl\/wp-content\/uploads\/2023\/09\/profesores_canada_mayo_web.jpg\",\"width\":350,\"height\":250},{\"@type\":\"BreadcrumbList\",\"@id\":\"https:\/\/fadeu.urantiacos.cl\/en\/2021\/05\/30\/profesores-arq-uc-participaron-en-serie-de-entrevistas-del-canadian-centre-for-architecture\/#breadcrumb\",\"itemListElement\":[{\"@type\":\"ListItem\",\"position\":1,\"name\":\"Portada\",\"item\":\"https:\/\/fadeu.urantiacos.cl\/en\/\"},{\"@type\":\"ListItem\",\"position\":2,\"name\":\"Profesores ARQ UC participaron en serie de entrevistas del Canadian Centre for Architecture\"}]},{\"@type\":\"WebSite\",\"@id\":\"https:\/\/fadeu.urantiacos.cl\/en\/#website\",\"url\":\"https:\/\/fadeu.urantiacos.cl\/en\/\",\"name\":\"Facultad de Arquitectura, Dise\u00f1o y Estudios Urbanos\",\"description\":\"Campus Lo Contador\",\"potentialAction\":[{\"@type\":\"SearchAction\",\"target\":{\"@type\":\"EntryPoint\",\"urlTemplate\":\"https:\/\/fadeu.urantiacos.cl\/en\/?s={search_term_string}\"},\"query-input\":{\"@type\":\"PropertyValueSpecification\",\"valueRequired\":true,\"valueName\":\"search_term_string\"}}],\"inLanguage\":\"en-US\"},{\"@type\":\"Person\",\"@id\":\"https:\/\/fadeu.urantiacos.cl\/en\/#\/schema\/person\/d203e2e84b1c40275eac77b3061a19a2\",\"name\":\"manadmin\",\"image\":{\"@type\":\"ImageObject\",\"inLanguage\":\"en-US\",\"@id\":\"https:\/\/fadeu.urantiacos.cl\/en\/#\/schema\/person\/image\/\",\"url\":\"https:\/\/secure.gravatar.com\/avatar\/4b1d8e3303b4a9d8968ac578947d8bc80d9aea359f388cdd4aac15cadc0e8447?s=96&d=mm&r=g\",\"contentUrl\":\"https:\/\/secure.gravatar.com\/avatar\/4b1d8e3303b4a9d8968ac578947d8bc80d9aea359f388cdd4aac15cadc0e8447?s=96&d=mm&r=g\",\"caption\":\"manadmin\"},\"sameAs\":[\"https:\/\/fadeu.urantiacos.cl\"]}]}<\/script>\n<!-- \/ Yoast SEO plugin. -->","yoast_head_json":{"title":"Profesores ARQ UC participaron en serie de entrevistas del Canadian Centre for Architecture - Facultad de Arquitectura, Dise\u00f1o y Estudios Urbanos","description":"Arturo Scheidegger e Ignacio Garc\u00eda, profesores ARQ UC y fundadores de Umwelt, estuvieron entre las pr\u00e1cticas entrevistadas en la serie de conversaciones que el Canadian Centre for Architecture le encarg\u00f3 al profesor ARQ UC Felipe De Ferrari a trav\u00e9s de su oficina Plan Com\u00fan.","robots":{"index":"index","follow":"follow","max-snippet":"max-snippet:-1","max-image-preview":"max-image-preview:large","max-video-preview":"max-video-preview:-1"},"canonical":"https:\/\/fadeu.urantiacos.cl\/en\/2021\/05\/30\/profesores-arq-uc-participaron-en-serie-de-entrevistas-del-canadian-centre-for-architecture\/","og_locale":"en_US","og_type":"article","og_title":"Profesores ARQ UC participaron en serie de entrevistas del Canadian Centre for Architecture - Facultad de Arquitectura, Dise\u00f1o y Estudios Urbanos","og_description":"Arturo Scheidegger e Ignacio Garc\u00eda, profesores ARQ UC y fundadores de Umwelt, estuvieron entre las pr\u00e1cticas entrevistadas en la serie de conversaciones que el Canadian Centre for Architecture le encarg\u00f3 al profesor ARQ UC Felipe De Ferrari a trav\u00e9s de su oficina Plan Com\u00fan.","og_url":"https:\/\/fadeu.urantiacos.cl\/en\/2021\/05\/30\/profesores-arq-uc-participaron-en-serie-de-entrevistas-del-canadian-centre-for-architecture\/","og_site_name":"Facultad de Arquitectura, Dise\u00f1o y Estudios Urbanos","article_published_time":"2021-05-30T12:03:00+00:00","article_modified_time":"2023-09-08T12:06:07+00:00","og_image":[{"width":350,"height":250,"url":"https:\/\/fadeu.urantiacos.cl\/wp-content\/uploads\/2023\/09\/profesores_canada_mayo_web.jpg","type":"image\/jpeg"}],"author":"manadmin","twitter_card":"summary_large_image","twitter_misc":{"Written by":"manadmin","Est. reading time":"1 minute"},"schema":{"@context":"https:\/\/schema.org","@graph":[{"@type":"Article","@id":"https:\/\/fadeu.urantiacos.cl\/en\/2021\/05\/30\/profesores-arq-uc-participaron-en-serie-de-entrevistas-del-canadian-centre-for-architecture\/#article","isPartOf":{"@id":"https:\/\/fadeu.urantiacos.cl\/en\/2021\/05\/30\/profesores-arq-uc-participaron-en-serie-de-entrevistas-del-canadian-centre-for-architecture\/"},"author":{"name":"manadmin","@id":"https:\/\/fadeu.urantiacos.cl\/en\/#\/schema\/person\/d203e2e84b1c40275eac77b3061a19a2"},"headline":"Profesores ARQ UC participaron en serie de entrevistas del Canadian Centre for Architecture","datePublished":"2021-05-30T12:03:00+00:00","dateModified":"2023-09-08T12:06:07+00:00","mainEntityOfPage":{"@id":"https:\/\/fadeu.urantiacos.cl\/en\/2021\/05\/30\/profesores-arq-uc-participaron-en-serie-de-entrevistas-del-canadian-centre-for-architecture\/"},"wordCount":236,"commentCount":0,"image":{"@id":"https:\/\/fadeu.urantiacos.cl\/en\/2021\/05\/30\/profesores-arq-uc-participaron-en-serie-de-entrevistas-del-canadian-centre-for-architecture\/#primaryimage"},"thumbnailUrl":"https:\/\/fadeu.urantiacos.cl\/wp-content\/uploads\/2023\/09\/profesores_canada_mayo_web.jpg","articleSection":["Sin categorizar"],"inLanguage":"en-US","potentialAction":[{"@type":"CommentAction","name":"Comment","target":["https:\/\/fadeu.urantiacos.cl\/en\/2021\/05\/30\/profesores-arq-uc-participaron-en-serie-de-entrevistas-del-canadian-centre-for-architecture\/#respond"]}]},{"@type":"WebPage","@id":"https:\/\/fadeu.urantiacos.cl\/en\/2021\/05\/30\/profesores-arq-uc-participaron-en-serie-de-entrevistas-del-canadian-centre-for-architecture\/","url":"https:\/\/fadeu.urantiacos.cl\/en\/2021\/05\/30\/profesores-arq-uc-participaron-en-serie-de-entrevistas-del-canadian-centre-for-architecture\/","name":"Profesores ARQ UC participaron en serie de entrevistas del Canadian Centre for Architecture - Facultad de Arquitectura, Dise\u00f1o y Estudios Urbanos","isPartOf":{"@id":"https:\/\/fadeu.urantiacos.cl\/en\/#website"},"primaryImageOfPage":{"@id":"https:\/\/fadeu.urantiacos.cl\/en\/2021\/05\/30\/profesores-arq-uc-participaron-en-serie-de-entrevistas-del-canadian-centre-for-architecture\/#primaryimage"},"image":{"@id":"https:\/\/fadeu.urantiacos.cl\/en\/2021\/05\/30\/profesores-arq-uc-participaron-en-serie-de-entrevistas-del-canadian-centre-for-architecture\/#primaryimage"},"thumbnailUrl":"https:\/\/fadeu.urantiacos.cl\/wp-content\/uploads\/2023\/09\/profesores_canada_mayo_web.jpg","datePublished":"2021-05-30T12:03:00+00:00","dateModified":"2023-09-08T12:06:07+00:00","author":{"@id":"https:\/\/fadeu.urantiacos.cl\/en\/#\/schema\/person\/d203e2e84b1c40275eac77b3061a19a2"},"description":"Arturo Scheidegger e Ignacio Garc\u00eda, profesores ARQ UC y fundadores de Umwelt, estuvieron entre las pr\u00e1cticas entrevistadas en la serie de conversaciones que el Canadian Centre for Architecture le encarg\u00f3 al profesor ARQ UC Felipe De Ferrari a trav\u00e9s de su oficina Plan Com\u00fan.","breadcrumb":{"@id":"https:\/\/fadeu.urantiacos.cl\/en\/2021\/05\/30\/profesores-arq-uc-participaron-en-serie-de-entrevistas-del-canadian-centre-for-architecture\/#breadcrumb"},"inLanguage":"en-US","potentialAction":[{"@type":"ReadAction","target":["https:\/\/fadeu.urantiacos.cl\/en\/2021\/05\/30\/profesores-arq-uc-participaron-en-serie-de-entrevistas-del-canadian-centre-for-architecture\/"]}]},{"@type":"ImageObject","inLanguage":"en-US","@id":"https:\/\/fadeu.urantiacos.cl\/en\/2021\/05\/30\/profesores-arq-uc-participaron-en-serie-de-entrevistas-del-canadian-centre-for-architecture\/#primaryimage","url":"https:\/\/fadeu.urantiacos.cl\/wp-content\/uploads\/2023\/09\/profesores_canada_mayo_web.jpg","contentUrl":"https:\/\/fadeu.urantiacos.cl\/wp-content\/uploads\/2023\/09\/profesores_canada_mayo_web.jpg","width":350,"height":250},{"@type":"BreadcrumbList","@id":"https:\/\/fadeu.urantiacos.cl\/en\/2021\/05\/30\/profesores-arq-uc-participaron-en-serie-de-entrevistas-del-canadian-centre-for-architecture\/#breadcrumb","itemListElement":[{"@type":"ListItem","position":1,"name":"Portada","item":"https:\/\/fadeu.urantiacos.cl\/en\/"},{"@type":"ListItem","position":2,"name":"Profesores ARQ UC participaron en serie de entrevistas del Canadian Centre for Architecture"}]},{"@type":"WebSite","@id":"https:\/\/fadeu.urantiacos.cl\/en\/#website","url":"https:\/\/fadeu.urantiacos.cl\/en\/","name":"Facultad de Arquitectura, Dise\u00f1o y Estudios Urbanos","description":"Campus Lo Contador","potentialAction":[{"@type":"SearchAction","target":{"@type":"EntryPoint","urlTemplate":"https:\/\/fadeu.urantiacos.cl\/en\/?s={search_term_string}"},"query-input":{"@type":"PropertyValueSpecification","valueRequired":true,"valueName":"search_term_string"}}],"inLanguage":"en-US"},{"@type":"Person","@id":"https:\/\/fadeu.urantiacos.cl\/en\/#\/schema\/person\/d203e2e84b1c40275eac77b3061a19a2","name":"manadmin","image":{"@type":"ImageObject","inLanguage":"en-US","@id":"https:\/\/fadeu.urantiacos.cl\/en\/#\/schema\/person\/image\/","url":"https:\/\/secure.gravatar.com\/avatar\/4b1d8e3303b4a9d8968ac578947d8bc80d9aea359f388cdd4aac15cadc0e8447?s=96&d=mm&r=g","contentUrl":"https:\/\/secure.gravatar.com\/avatar\/4b1d8e3303b4a9d8968ac578947d8bc80d9aea359f388cdd4aac15cadc0e8447?s=96&d=mm&r=g","caption":"manadmin"},"sameAs":["https:\/\/fadeu.urantiacos.cl"]}]}},"_links":{"self":[{"href":"https:\/\/fadeu.urantiacos.cl\/en\/wp-json\/wp\/v2\/posts\/6925","targetHints":{"allow":["GET"]}}],"collection":[{"href":"https:\/\/fadeu.urantiacos.cl\/en\/wp-json\/wp\/v2\/posts"}],"about":[{"href":"https:\/\/fadeu.urantiacos.cl\/en\/wp-json\/wp\/v2\/types\/post"}],"author":[{"embeddable":true,"href":"https:\/\/fadeu.urantiacos.cl\/en\/wp-json\/wp\/v2\/users\/1"}],"replies":[{"embeddable":true,"href":"https:\/\/fadeu.urantiacos.cl\/en\/wp-json\/wp\/v2\/comments?post=6925"}],"version-history":[{"count":1,"href":"https:\/\/fadeu.urantiacos.cl\/en\/wp-json\/wp\/v2\/posts\/6925\/revisions"}],"predecessor-version":[{"id":6927,"href":"https:\/\/fadeu.urantiacos.cl\/en\/wp-json\/wp\/v2\/posts\/6925\/revisions\/6927"}],"wp:featuredmedia":[{"embeddable":true,"href":"https:\/\/fadeu.urantiacos.cl\/en\/wp-json\/wp\/v2\/media\/6926"}],"wp:attachment":[{"href":"https:\/\/fadeu.urantiacos.cl\/en\/wp-json\/wp\/v2\/media?parent=6925"}],"wp:term":[{"taxonomy":"category","embeddable":true,"href":"https:\/\/fadeu.urantiacos.cl\/en\/wp-json\/wp\/v2\/categories?post=6925"},{"taxonomy":"post_tag","embeddable":true,"href":"https:\/\/fadeu.urantiacos.cl\/en\/wp-json\/wp\/v2\/tags?post=6925"}],"curies":[{"name":"wp","href":"https:\/\/api.w.org\/{rel}","templated":true}]}}