{"id":6891,"date":"2021-06-02T23:05:00","date_gmt":"2021-06-03T02:05:00","guid":{"rendered":"https:\/\/fadeu.urantiacos.cl\/?p=6891"},"modified":"2023-10-23T15:20:25","modified_gmt":"2023-10-23T18:20:25","slug":"uc-lanzo-guia-del-campus-oriente-en-el-marco-de-las-celebraciones-del-dia-del-patrimonio","status":"publish","type":"post","link":"https:\/\/fadeu.urantiacos.cl\/en\/2021\/06\/02\/uc-lanzo-guia-del-campus-oriente-en-el-marco-de-las-celebraciones-del-dia-del-patrimonio\/","title":{"rendered":"UC Lanz\u00f3 Gu\u00eda del Campus Oriente en el marco de las celebraciones del D\u00eda del Patrimonio"},"content":{"rendered":"\n<figure class=\"wp-block-image size-full\"><img decoding=\"async\" width=\"350\" height=\"250\" src=\"https:\/\/fadeu.urantiacos.cl\/wp-content\/uploads\/2023\/09\/web2019-ORIENTE007_baja.jpg\" alt=\"\" class=\"wp-image-6892\" srcset=\"https:\/\/fadeu.urantiacos.cl\/wp-content\/uploads\/2023\/09\/web2019-ORIENTE007_baja.jpg 350w, https:\/\/fadeu.urantiacos.cl\/wp-content\/uploads\/2023\/09\/web2019-ORIENTE007_baja-300x214.jpg 300w\" sizes=\"(max-width: 350px) 100vw, 350px\" \/><\/figure>\n\n\n\n<p>(C) Philippe Blanc<\/p>\n\n\n\n<p>instancia fue presidida por el Rector UC, Dr., Ignacio S\u00e1nchez; la Vicerrectora de Comunicaciones, Magdalena Amen\u00e1bar; el Decano FADEU, Mario Ubilla; el Director Centro del Patrimonio Cultural, Umberto Bonomo; la Directora Instituto de Est\u00e9tica, Lorena Amaro; autoridades, estudiantes y acad\u00e9micos que participaron v\u00eda Zoom y YouTube Live.<\/p>\n\n\n\n<p>La Gu\u00eda de Campus Oriente cuenta con el aporte de m\u00e1s de veinte docentes de las distintas escuelas e institutos pertenecientes a la universidad, y participaron como editores: Macarena Cort\u00e9s, Directora de Extensi\u00f3n y Comunicaciones FADEU y Jos\u00e9 Rosas, jefe del Programa de Doctorado en Arquitectura y Estudios Urbanos.<\/p>\n\n\n\n<p>El Rector S\u00e1nchez celebr\u00f3 la iniciativa y sostuvo que \u201cdebemos agradecer a los editores de esta gu\u00eda, y en este d\u00eda en que celebramos el D\u00eda del Patrimonio Cultural se hace a\u00fan m\u00e1s relevante, porque presentamos el segundo n\u00famero de la colecci\u00f3n en cuesti\u00f3n, un esfuerzo interdisciplinario que releva un campus que forma parte de nuestra Universidad desde hace 50 a\u00f1os, habiendo tenido varias transformaciones conforme las necesidades que los tiempos han exigido\u201d.<\/p>\n\n\n\n<p>\u201cQu\u00e9 mejor marco para presentar esta gu\u00eda que el D\u00eda del Patrimonio, una jornada que se instaura para destacar la relaci\u00f3n entre patrimonio y comunidad, y esta gu\u00eda evidencia el compromiso de la universidad con el patrimonio y su conservaci\u00f3n\u201d, agreg\u00f3.<\/p>\n\n\n\n<p>Por su parte, la Vicerrectora de Comunicaciones, Magdalena Amen\u00e1bar, afirm\u00f3 que&nbsp; \u201ccuando los profesores Bonomo, Rosas y Cort\u00e9s me comentaron de esta iniciativa, nos dimos cuenta que era una propuesta liderada por un grupo de expertos, y por lo tanto, nos pusimos a disposici\u00f3n para relevar esta idea e impulsarla, porque fue imposible no querer colaborar para que esta gu\u00eda saliera a la luz, sobre todo porque Campus Oriente ha sido siempre una caja de pandora inequ\u00edvocamente seductora, y nadie es indiferente a sus espacios. Se ha hecho aqu\u00ed un gran trabajo\u201d.<\/p>\n\n\n\n<p>Asimismo, el decano Ubilla sostuvo que \u201ceste esfuerzo y estas gu\u00edas quieren mostrar a las personas el patrimonio construido en nuestra Universidad. Ya lo hicimos el a\u00f1o pasado con el campus Lo Contador y hoy con el campus Oriente, gracias al trabajo y cohesi\u00f3n de distintos estamentos de nuestra Facultad y la Universidad en su conjunto\u201d.<\/p>\n\n\n\n<p>Ubilla agreg\u00f3 que \u201cOriente, ex convento y colegio, y hoy campus universitario, sigue entregando sus vac\u00edos y circulaciones con elegancia, solemnidad, tama\u00f1o y contundencia material. Recorrerlo y detenerse en sus patios permite apreciar la notoriedad de sus luces, sus altas sombras, la frescura en el rostro que uno siente al paso, tan bien recogidas en las im\u00e1genes de la c\u00e1mara y notable mano de Phillipe Blanc. Este es un trozo de ciudad al que la Universidad aporta poniendo en valor a trav\u00e9s de esta gu\u00eda\u201d.<\/p>\n\n\n\n<p>Misma opini\u00f3n comparti\u00f3 el profesor Umberto Bonomo, director del Centro del Patrimonio Cultural UC, quien relev\u00f3 la labor de \u201ctodos y todas quienes han participado en este proyecto para dar vida a esta gu\u00eda, y para m\u00ed es un verdadero placer estar aqu\u00ed hoy en esta jornada, porque creo que el sostenido apoyo que el Rector ha demostrado hacia el patrimonio se ve en las actividades que estamos ofreciendo como Universidad este d\u00eda, involucrando a acad\u00e9micos, estudiantes, trabajadores y comunidad toda\u201d.<\/p>\n\n\n\n<p><strong>Editores<\/strong><\/p>\n\n\n\n<p>Los editores de la gu\u00eda, profesores Macarena Cort\u00e9s y Jos\u00e9 Rosas, agradecieron a los presentes y relevaron lo que significa poner en valor los campus de la UC en sus dimensiones culturales, patrimoniales y art\u00edsticas.<\/p>\n\n\n\n<p>\u201cDesde el siglo XIX surgieron las gu\u00edas de viaje con la que antiguos viajeros pod\u00edan organizar sus viajes, y estas gu\u00edas fuero direccionando la mirada de los visitantes, esa mirada que se construye en base a dos elementos centrales: el relato y la imagen\u201d, afirm\u00f3 Cort\u00e9s, relevando que \u201cesta gu\u00eda surgi\u00f3 por una falta de informaci\u00f3n de nuestros campus como espacios arquitect\u00f3nicos y espacios sociales que son permanentemente visitados por arquitectos, turistas y diversos profesionales que aprecian la vida universitaria que se deselvuenve en estos espacios\u201d.<\/p>\n\n\n\n<p>\u201cPor ello naci\u00f3 esta gu\u00eda, y decidimos nuevamente utilizar una estrategia que permitiera orientar la mirada de los visitantes, con relatos de profesores que habitan estos espacios para poder descirbirlos desde sus propias experiencias, recogiendo las actividades y las funciones que cumplen, como tambi\u00e9n la experiencia espacial en el Campus. Estos relatos se dividen en secciones: Pr\u00f3logo, Introducci\u00f3n (Ram\u00f3n L\u00f3pez y Alejandra Wolff), Patrimonio, Archivo y difusi\u00f3n (Claudia Campa\u00f1a, Margarita Alvarado Manuela Flores, Iv\u00e1n Zambrano, Mar\u00eds de la Luz Hurtado y Mar\u00eda Cecilia Beas), Edificios (Fernando P\u00e9rez, Elvira P\u00e9rez, Jos\u00e9 Quintanilla, Marcelo Sarovic y Romy Hecht) y Ep\u00edlogo (Hans Muhr). As\u00ed fueron convocados los miembros de la comunidad que generosamente dieron su visi\u00f3n, adem\u00e1s del apoyo incondicional del Decano Alexie Vergara y ex Decano Luis Prato. Por otro lado, continuamos con una estrategia visual en base a dos tipos de im\u00e1genes: las hist\u00f3ricas facilitadas por la Direcci\u00f3n de Infraestructura y las contempor\u00e1neas realizadas por el arquitecto y fot\u00f3grafo Phillipe Blanc. Unas recuerdan el pasado del Campus, sus usos anteriores y su estado original, mientras que las actuales, proponen poner de relieve su condici\u00f3n patrimonial y el contraste de las nuevas obras realizadas\u201d, agreg\u00f3.<\/p>\n\n\n\n<p>Finalmente asegur\u00f3 que \u201cesta gu\u00eda, como la anterior de Campus Lo Contador, propone ser un proyecto editorial colaborativo, donde distintas voces construyen esa mirada compleja y m\u00faltiple del espacio universitario, que recoge la pluralidad y la diversidad de su comunidad, en un objeto bello y \u00fatil que permite apreciar y valorar lo que el Campus Oriente atesora.\u201d<\/p>\n\n\n\n<p>Los comentarios de la gu\u00eda estuvieron a cargo de la directora del Instituto de Est\u00e9tica UC, Lorena Amaro.<\/p>\n\n\n\n<p>Si quieres acceder a uno de los ejemplares de esta puedes comprarla en la web de\u00a0Ediciones UC.\u00a0\u00a0<\/p>\n\n\n\n<figure class=\"wp-block-embed is-type-video is-provider-youtube wp-block-embed-youtube wp-embed-aspect-16-9 wp-has-aspect-ratio\"><div class=\"wp-block-embed__wrapper\">\n<iframe loading=\"lazy\" title=\"Lanzamiento Gu\u00eda Campus Oriente\" width=\"500\" height=\"281\" src=\"https:\/\/www.youtube.com\/embed\/h14z9vjzJDQ?feature=oembed\" frameborder=\"0\" allow=\"accelerometer; autoplay; clipboard-write; encrypted-media; gyroscope; picture-in-picture; web-share\" referrerpolicy=\"strict-origin-when-cross-origin\" allowfullscreen><\/iframe>\n<\/div><\/figure>\n\n\n\n<figure class=\"wp-block-image size-large\"><img decoding=\"async\" width=\"1011\" height=\"1024\" src=\"https:\/\/fadeu.urantiacos.cl\/wp-content\/uploads\/2023\/09\/2021-ORIENTE119_baja-1011x1024.jpg\" alt=\"\" class=\"wp-image-6893\" srcset=\"https:\/\/fadeu.urantiacos.cl\/wp-content\/uploads\/2023\/09\/2021-ORIENTE119_baja-1011x1024.jpg 1011w, https:\/\/fadeu.urantiacos.cl\/wp-content\/uploads\/2023\/09\/2021-ORIENTE119_baja-296x300.jpg 296w, https:\/\/fadeu.urantiacos.cl\/wp-content\/uploads\/2023\/09\/2021-ORIENTE119_baja-768x778.jpg 768w, https:\/\/fadeu.urantiacos.cl\/wp-content\/uploads\/2023\/09\/2021-ORIENTE119_baja.jpg 1181w\" sizes=\"(max-width: 1011px) 100vw, 1011px\" \/><\/figure>\n\n\n\n<figure class=\"wp-block-image size-large\"><img decoding=\"async\" width=\"1022\" height=\"1024\" src=\"https:\/\/fadeu.urantiacos.cl\/wp-content\/uploads\/2023\/09\/2021-ORIENTE021_baja-1022x1024.jpg\" alt=\"\" class=\"wp-image-6894\" srcset=\"https:\/\/fadeu.urantiacos.cl\/wp-content\/uploads\/2023\/09\/2021-ORIENTE021_baja-1022x1024.jpg 1022w, https:\/\/fadeu.urantiacos.cl\/wp-content\/uploads\/2023\/09\/2021-ORIENTE021_baja-300x300.jpg 300w, https:\/\/fadeu.urantiacos.cl\/wp-content\/uploads\/2023\/09\/2021-ORIENTE021_baja-150x150.jpg 150w, https:\/\/fadeu.urantiacos.cl\/wp-content\/uploads\/2023\/09\/2021-ORIENTE021_baja-768x769.jpg 768w, https:\/\/fadeu.urantiacos.cl\/wp-content\/uploads\/2023\/09\/2021-ORIENTE021_baja.jpg 1181w\" sizes=\"(max-width: 1022px) 100vw, 1022px\" \/><\/figure>\n\n\n\n<p>(C) Philippe Blanc<\/p>\n","protected":false},"excerpt":{"rendered":"<p>Inaugurando oficialmente las actividades conmemorativas del D\u00eda del Patrimonio, la Pontificia Universidad Cat\u00f3lica de Chile present\u00f3 formalmente la Gu\u00eda del Campus Oriente, publicaci\u00f3n que forma parte de la colecci\u00f3n &#8220;El Patrimonio de la UC: Gu\u00edas de Arquitectura, Arte e Historia&#8221;, impulsado por el Centro del Patrimonio Cultural UC, en conjunto con la Facultad de Arquitectura, Dise\u00f1o y Estudios Urbanos, y que es resultado del trabajo editorial entre Ediciones ARQ y Ediciones UC.<\/p>\n","protected":false},"author":1,"featured_media":6892,"comment_status":"open","ping_status":"open","sticky":false,"template":"","format":"standard","meta":{"_acf_changed":false,"footnotes":""},"categories":[1],"tags":[],"class_list":["post-6891","post","type-post","status-publish","format-standard","has-post-thumbnail","hentry","category-sin-categorizar"],"acf":[],"yoast_head":"<!-- This site is optimized with the Yoast SEO plugin v27.1.1 - https:\/\/yoast.com\/product\/yoast-seo-wordpress\/ -->\n<title>UC Lanz\u00f3 Gu\u00eda del Campus Oriente en el marco de las celebraciones del D\u00eda del Patrimonio - Facultad de Arquitectura, Dise\u00f1o y Estudios Urbanos<\/title>\n<meta name=\"description\" content=\"Inaugurando oficialmente las actividades conmemorativas del D\u00eda del Patrimonio, la Pontificia Universidad Cat\u00f3lica de Chile present\u00f3 formalmente la Gu\u00eda del Campus Oriente, publicaci\u00f3n que forma parte de la colecci\u00f3n &quot;El Patrimonio de la UC: Gu\u00edas de Arquitectura, Arte e Historia&quot;, impulsado por el Centro del Patrimonio Cultural UC, en conjunto con la Facultad de Arquitectura, Dise\u00f1o y Estudios Urbanos, y que es resultado del trabajo editorial entre Ediciones ARQ y Ediciones UC.\" \/>\n<meta name=\"robots\" content=\"index, follow, max-snippet:-1, max-image-preview:large, max-video-preview:-1\" \/>\n<link rel=\"canonical\" href=\"https:\/\/fadeu.urantiacos.cl\/en\/2021\/06\/02\/uc-lanzo-guia-del-campus-oriente-en-el-marco-de-las-celebraciones-del-dia-del-patrimonio\/\" \/>\n<meta property=\"og:locale\" content=\"en_US\" \/>\n<meta property=\"og:type\" content=\"article\" \/>\n<meta property=\"og:title\" content=\"UC Lanz\u00f3 Gu\u00eda del Campus Oriente en el marco de las celebraciones del D\u00eda del Patrimonio - Facultad de Arquitectura, Dise\u00f1o y Estudios Urbanos\" \/>\n<meta property=\"og:description\" content=\"Inaugurando oficialmente las actividades conmemorativas del D\u00eda del Patrimonio, la Pontificia Universidad Cat\u00f3lica de Chile present\u00f3 formalmente la Gu\u00eda del Campus Oriente, publicaci\u00f3n que forma parte de la colecci\u00f3n &quot;El Patrimonio de la UC: Gu\u00edas de Arquitectura, Arte e Historia&quot;, impulsado por el Centro del Patrimonio Cultural UC, en conjunto con la Facultad de Arquitectura, Dise\u00f1o y Estudios Urbanos, y que es resultado del trabajo editorial entre Ediciones ARQ y Ediciones UC.\" \/>\n<meta property=\"og:url\" content=\"https:\/\/fadeu.urantiacos.cl\/en\/2021\/06\/02\/uc-lanzo-guia-del-campus-oriente-en-el-marco-de-las-celebraciones-del-dia-del-patrimonio\/\" \/>\n<meta property=\"og:site_name\" content=\"Facultad de Arquitectura, Dise\u00f1o y Estudios Urbanos\" \/>\n<meta property=\"article:published_time\" content=\"2021-06-03T02:05:00+00:00\" \/>\n<meta property=\"article:modified_time\" content=\"2023-10-23T18:20:25+00:00\" \/>\n<meta property=\"og:image\" content=\"https:\/\/fadeu.urantiacos.cl\/wp-content\/uploads\/2023\/09\/web2019-ORIENTE007_baja.jpg\" \/>\n\t<meta property=\"og:image:width\" content=\"350\" \/>\n\t<meta property=\"og:image:height\" content=\"250\" \/>\n\t<meta property=\"og:image:type\" content=\"image\/jpeg\" \/>\n<meta name=\"author\" content=\"manadmin\" \/>\n<meta name=\"twitter:card\" content=\"summary_large_image\" \/>\n<meta name=\"twitter:label1\" content=\"Written by\" \/>\n\t<meta name=\"twitter:data1\" content=\"manadmin\" \/>\n\t<meta name=\"twitter:label2\" content=\"Est. reading time\" \/>\n\t<meta name=\"twitter:data2\" content=\"5 minutes\" \/>\n<script type=\"application\/ld+json\" class=\"yoast-schema-graph\">{\"@context\":\"https:\/\/schema.org\",\"@graph\":[{\"@type\":\"Article\",\"@id\":\"https:\/\/fadeu.urantiacos.cl\/en\/2021\/06\/02\/uc-lanzo-guia-del-campus-oriente-en-el-marco-de-las-celebraciones-del-dia-del-patrimonio\/#article\",\"isPartOf\":{\"@id\":\"https:\/\/fadeu.urantiacos.cl\/en\/2021\/06\/02\/uc-lanzo-guia-del-campus-oriente-en-el-marco-de-las-celebraciones-del-dia-del-patrimonio\/\"},\"author\":{\"name\":\"manadmin\",\"@id\":\"https:\/\/fadeu.urantiacos.cl\/en\/#\/schema\/person\/d203e2e84b1c40275eac77b3061a19a2\"},\"headline\":\"UC Lanz\u00f3 Gu\u00eda del Campus Oriente en el marco de las celebraciones del D\u00eda del Patrimonio\",\"datePublished\":\"2021-06-03T02:05:00+00:00\",\"dateModified\":\"2023-10-23T18:20:25+00:00\",\"mainEntityOfPage\":{\"@id\":\"https:\/\/fadeu.urantiacos.cl\/en\/2021\/06\/02\/uc-lanzo-guia-del-campus-oriente-en-el-marco-de-las-celebraciones-del-dia-del-patrimonio\/\"},\"wordCount\":1040,\"commentCount\":0,\"image\":{\"@id\":\"https:\/\/fadeu.urantiacos.cl\/en\/2021\/06\/02\/uc-lanzo-guia-del-campus-oriente-en-el-marco-de-las-celebraciones-del-dia-del-patrimonio\/#primaryimage\"},\"thumbnailUrl\":\"https:\/\/fadeu.urantiacos.cl\/wp-content\/uploads\/2023\/09\/web2019-ORIENTE007_baja.jpg\",\"articleSection\":[\"Sin categorizar\"],\"inLanguage\":\"en-US\",\"potentialAction\":[{\"@type\":\"CommentAction\",\"name\":\"Comment\",\"target\":[\"https:\/\/fadeu.urantiacos.cl\/en\/2021\/06\/02\/uc-lanzo-guia-del-campus-oriente-en-el-marco-de-las-celebraciones-del-dia-del-patrimonio\/#respond\"]}]},{\"@type\":\"WebPage\",\"@id\":\"https:\/\/fadeu.urantiacos.cl\/en\/2021\/06\/02\/uc-lanzo-guia-del-campus-oriente-en-el-marco-de-las-celebraciones-del-dia-del-patrimonio\/\",\"url\":\"https:\/\/fadeu.urantiacos.cl\/en\/2021\/06\/02\/uc-lanzo-guia-del-campus-oriente-en-el-marco-de-las-celebraciones-del-dia-del-patrimonio\/\",\"name\":\"UC Lanz\u00f3 Gu\u00eda del Campus Oriente en el marco de las celebraciones del D\u00eda del Patrimonio - Facultad de Arquitectura, Dise\u00f1o y Estudios Urbanos\",\"isPartOf\":{\"@id\":\"https:\/\/fadeu.urantiacos.cl\/en\/#website\"},\"primaryImageOfPage\":{\"@id\":\"https:\/\/fadeu.urantiacos.cl\/en\/2021\/06\/02\/uc-lanzo-guia-del-campus-oriente-en-el-marco-de-las-celebraciones-del-dia-del-patrimonio\/#primaryimage\"},\"image\":{\"@id\":\"https:\/\/fadeu.urantiacos.cl\/en\/2021\/06\/02\/uc-lanzo-guia-del-campus-oriente-en-el-marco-de-las-celebraciones-del-dia-del-patrimonio\/#primaryimage\"},\"thumbnailUrl\":\"https:\/\/fadeu.urantiacos.cl\/wp-content\/uploads\/2023\/09\/web2019-ORIENTE007_baja.jpg\",\"datePublished\":\"2021-06-03T02:05:00+00:00\",\"dateModified\":\"2023-10-23T18:20:25+00:00\",\"author\":{\"@id\":\"https:\/\/fadeu.urantiacos.cl\/en\/#\/schema\/person\/d203e2e84b1c40275eac77b3061a19a2\"},\"description\":\"Inaugurando oficialmente las actividades conmemorativas del D\u00eda del Patrimonio, la Pontificia Universidad Cat\u00f3lica de Chile present\u00f3 formalmente la Gu\u00eda del Campus Oriente, publicaci\u00f3n que forma parte de la colecci\u00f3n \\\"El Patrimonio de la UC: Gu\u00edas de Arquitectura, Arte e Historia\\\", impulsado por el Centro del Patrimonio Cultural UC, en conjunto con la Facultad de Arquitectura, Dise\u00f1o y Estudios Urbanos, y que es resultado del trabajo editorial entre Ediciones ARQ y Ediciones UC.\",\"breadcrumb\":{\"@id\":\"https:\/\/fadeu.urantiacos.cl\/en\/2021\/06\/02\/uc-lanzo-guia-del-campus-oriente-en-el-marco-de-las-celebraciones-del-dia-del-patrimonio\/#breadcrumb\"},\"inLanguage\":\"en-US\",\"potentialAction\":[{\"@type\":\"ReadAction\",\"target\":[\"https:\/\/fadeu.urantiacos.cl\/en\/2021\/06\/02\/uc-lanzo-guia-del-campus-oriente-en-el-marco-de-las-celebraciones-del-dia-del-patrimonio\/\"]}]},{\"@type\":\"ImageObject\",\"inLanguage\":\"en-US\",\"@id\":\"https:\/\/fadeu.urantiacos.cl\/en\/2021\/06\/02\/uc-lanzo-guia-del-campus-oriente-en-el-marco-de-las-celebraciones-del-dia-del-patrimonio\/#primaryimage\",\"url\":\"https:\/\/fadeu.urantiacos.cl\/wp-content\/uploads\/2023\/09\/web2019-ORIENTE007_baja.jpg\",\"contentUrl\":\"https:\/\/fadeu.urantiacos.cl\/wp-content\/uploads\/2023\/09\/web2019-ORIENTE007_baja.jpg\",\"width\":350,\"height\":250},{\"@type\":\"BreadcrumbList\",\"@id\":\"https:\/\/fadeu.urantiacos.cl\/en\/2021\/06\/02\/uc-lanzo-guia-del-campus-oriente-en-el-marco-de-las-celebraciones-del-dia-del-patrimonio\/#breadcrumb\",\"itemListElement\":[{\"@type\":\"ListItem\",\"position\":1,\"name\":\"Portada\",\"item\":\"https:\/\/fadeu.urantiacos.cl\/en\/\"},{\"@type\":\"ListItem\",\"position\":2,\"name\":\"UC Lanz\u00f3 Gu\u00eda del Campus Oriente en el marco de las celebraciones del D\u00eda del Patrimonio\"}]},{\"@type\":\"WebSite\",\"@id\":\"https:\/\/fadeu.urantiacos.cl\/en\/#website\",\"url\":\"https:\/\/fadeu.urantiacos.cl\/en\/\",\"name\":\"Facultad de Arquitectura, Dise\u00f1o y Estudios Urbanos\",\"description\":\"Campus Lo Contador\",\"potentialAction\":[{\"@type\":\"SearchAction\",\"target\":{\"@type\":\"EntryPoint\",\"urlTemplate\":\"https:\/\/fadeu.urantiacos.cl\/en\/?s={search_term_string}\"},\"query-input\":{\"@type\":\"PropertyValueSpecification\",\"valueRequired\":true,\"valueName\":\"search_term_string\"}}],\"inLanguage\":\"en-US\"},{\"@type\":\"Person\",\"@id\":\"https:\/\/fadeu.urantiacos.cl\/en\/#\/schema\/person\/d203e2e84b1c40275eac77b3061a19a2\",\"name\":\"manadmin\",\"image\":{\"@type\":\"ImageObject\",\"inLanguage\":\"en-US\",\"@id\":\"https:\/\/fadeu.urantiacos.cl\/en\/#\/schema\/person\/image\/\",\"url\":\"https:\/\/secure.gravatar.com\/avatar\/4b1d8e3303b4a9d8968ac578947d8bc80d9aea359f388cdd4aac15cadc0e8447?s=96&d=mm&r=g\",\"contentUrl\":\"https:\/\/secure.gravatar.com\/avatar\/4b1d8e3303b4a9d8968ac578947d8bc80d9aea359f388cdd4aac15cadc0e8447?s=96&d=mm&r=g\",\"caption\":\"manadmin\"},\"sameAs\":[\"https:\/\/fadeu.urantiacos.cl\"]}]}<\/script>\n<!-- \/ Yoast SEO plugin. -->","yoast_head_json":{"title":"UC Lanz\u00f3 Gu\u00eda del Campus Oriente en el marco de las celebraciones del D\u00eda del Patrimonio - Facultad de Arquitectura, Dise\u00f1o y Estudios Urbanos","description":"Inaugurando oficialmente las actividades conmemorativas del D\u00eda del Patrimonio, la Pontificia Universidad Cat\u00f3lica de Chile present\u00f3 formalmente la Gu\u00eda del Campus Oriente, publicaci\u00f3n que forma parte de la colecci\u00f3n \"El Patrimonio de la UC: Gu\u00edas de Arquitectura, Arte e Historia\", impulsado por el Centro del Patrimonio Cultural UC, en conjunto con la Facultad de Arquitectura, Dise\u00f1o y Estudios Urbanos, y que es resultado del trabajo editorial entre Ediciones ARQ y Ediciones UC.","robots":{"index":"index","follow":"follow","max-snippet":"max-snippet:-1","max-image-preview":"max-image-preview:large","max-video-preview":"max-video-preview:-1"},"canonical":"https:\/\/fadeu.urantiacos.cl\/en\/2021\/06\/02\/uc-lanzo-guia-del-campus-oriente-en-el-marco-de-las-celebraciones-del-dia-del-patrimonio\/","og_locale":"en_US","og_type":"article","og_title":"UC Lanz\u00f3 Gu\u00eda del Campus Oriente en el marco de las celebraciones del D\u00eda del Patrimonio - Facultad de Arquitectura, Dise\u00f1o y Estudios Urbanos","og_description":"Inaugurando oficialmente las actividades conmemorativas del D\u00eda del Patrimonio, la Pontificia Universidad Cat\u00f3lica de Chile present\u00f3 formalmente la Gu\u00eda del Campus Oriente, publicaci\u00f3n que forma parte de la colecci\u00f3n \"El Patrimonio de la UC: Gu\u00edas de Arquitectura, Arte e Historia\", impulsado por el Centro del Patrimonio Cultural UC, en conjunto con la Facultad de Arquitectura, Dise\u00f1o y Estudios Urbanos, y que es resultado del trabajo editorial entre Ediciones ARQ y Ediciones UC.","og_url":"https:\/\/fadeu.urantiacos.cl\/en\/2021\/06\/02\/uc-lanzo-guia-del-campus-oriente-en-el-marco-de-las-celebraciones-del-dia-del-patrimonio\/","og_site_name":"Facultad de Arquitectura, Dise\u00f1o y Estudios Urbanos","article_published_time":"2021-06-03T02:05:00+00:00","article_modified_time":"2023-10-23T18:20:25+00:00","og_image":[{"width":350,"height":250,"url":"https:\/\/fadeu.urantiacos.cl\/wp-content\/uploads\/2023\/09\/web2019-ORIENTE007_baja.jpg","type":"image\/jpeg"}],"author":"manadmin","twitter_card":"summary_large_image","twitter_misc":{"Written by":"manadmin","Est. reading time":"5 minutes"},"schema":{"@context":"https:\/\/schema.org","@graph":[{"@type":"Article","@id":"https:\/\/fadeu.urantiacos.cl\/en\/2021\/06\/02\/uc-lanzo-guia-del-campus-oriente-en-el-marco-de-las-celebraciones-del-dia-del-patrimonio\/#article","isPartOf":{"@id":"https:\/\/fadeu.urantiacos.cl\/en\/2021\/06\/02\/uc-lanzo-guia-del-campus-oriente-en-el-marco-de-las-celebraciones-del-dia-del-patrimonio\/"},"author":{"name":"manadmin","@id":"https:\/\/fadeu.urantiacos.cl\/en\/#\/schema\/person\/d203e2e84b1c40275eac77b3061a19a2"},"headline":"UC Lanz\u00f3 Gu\u00eda del Campus Oriente en el marco de las celebraciones del D\u00eda del Patrimonio","datePublished":"2021-06-03T02:05:00+00:00","dateModified":"2023-10-23T18:20:25+00:00","mainEntityOfPage":{"@id":"https:\/\/fadeu.urantiacos.cl\/en\/2021\/06\/02\/uc-lanzo-guia-del-campus-oriente-en-el-marco-de-las-celebraciones-del-dia-del-patrimonio\/"},"wordCount":1040,"commentCount":0,"image":{"@id":"https:\/\/fadeu.urantiacos.cl\/en\/2021\/06\/02\/uc-lanzo-guia-del-campus-oriente-en-el-marco-de-las-celebraciones-del-dia-del-patrimonio\/#primaryimage"},"thumbnailUrl":"https:\/\/fadeu.urantiacos.cl\/wp-content\/uploads\/2023\/09\/web2019-ORIENTE007_baja.jpg","articleSection":["Sin categorizar"],"inLanguage":"en-US","potentialAction":[{"@type":"CommentAction","name":"Comment","target":["https:\/\/fadeu.urantiacos.cl\/en\/2021\/06\/02\/uc-lanzo-guia-del-campus-oriente-en-el-marco-de-las-celebraciones-del-dia-del-patrimonio\/#respond"]}]},{"@type":"WebPage","@id":"https:\/\/fadeu.urantiacos.cl\/en\/2021\/06\/02\/uc-lanzo-guia-del-campus-oriente-en-el-marco-de-las-celebraciones-del-dia-del-patrimonio\/","url":"https:\/\/fadeu.urantiacos.cl\/en\/2021\/06\/02\/uc-lanzo-guia-del-campus-oriente-en-el-marco-de-las-celebraciones-del-dia-del-patrimonio\/","name":"UC Lanz\u00f3 Gu\u00eda del Campus Oriente en el marco de las celebraciones del D\u00eda del Patrimonio - Facultad de Arquitectura, Dise\u00f1o y Estudios Urbanos","isPartOf":{"@id":"https:\/\/fadeu.urantiacos.cl\/en\/#website"},"primaryImageOfPage":{"@id":"https:\/\/fadeu.urantiacos.cl\/en\/2021\/06\/02\/uc-lanzo-guia-del-campus-oriente-en-el-marco-de-las-celebraciones-del-dia-del-patrimonio\/#primaryimage"},"image":{"@id":"https:\/\/fadeu.urantiacos.cl\/en\/2021\/06\/02\/uc-lanzo-guia-del-campus-oriente-en-el-marco-de-las-celebraciones-del-dia-del-patrimonio\/#primaryimage"},"thumbnailUrl":"https:\/\/fadeu.urantiacos.cl\/wp-content\/uploads\/2023\/09\/web2019-ORIENTE007_baja.jpg","datePublished":"2021-06-03T02:05:00+00:00","dateModified":"2023-10-23T18:20:25+00:00","author":{"@id":"https:\/\/fadeu.urantiacos.cl\/en\/#\/schema\/person\/d203e2e84b1c40275eac77b3061a19a2"},"description":"Inaugurando oficialmente las actividades conmemorativas del D\u00eda del Patrimonio, la Pontificia Universidad Cat\u00f3lica de Chile present\u00f3 formalmente la Gu\u00eda del Campus Oriente, publicaci\u00f3n que forma parte de la colecci\u00f3n \"El Patrimonio de la UC: Gu\u00edas de Arquitectura, Arte e Historia\", impulsado por el Centro del Patrimonio Cultural UC, en conjunto con la Facultad de Arquitectura, Dise\u00f1o y Estudios Urbanos, y que es resultado del trabajo editorial entre Ediciones ARQ y Ediciones UC.","breadcrumb":{"@id":"https:\/\/fadeu.urantiacos.cl\/en\/2021\/06\/02\/uc-lanzo-guia-del-campus-oriente-en-el-marco-de-las-celebraciones-del-dia-del-patrimonio\/#breadcrumb"},"inLanguage":"en-US","potentialAction":[{"@type":"ReadAction","target":["https:\/\/fadeu.urantiacos.cl\/en\/2021\/06\/02\/uc-lanzo-guia-del-campus-oriente-en-el-marco-de-las-celebraciones-del-dia-del-patrimonio\/"]}]},{"@type":"ImageObject","inLanguage":"en-US","@id":"https:\/\/fadeu.urantiacos.cl\/en\/2021\/06\/02\/uc-lanzo-guia-del-campus-oriente-en-el-marco-de-las-celebraciones-del-dia-del-patrimonio\/#primaryimage","url":"https:\/\/fadeu.urantiacos.cl\/wp-content\/uploads\/2023\/09\/web2019-ORIENTE007_baja.jpg","contentUrl":"https:\/\/fadeu.urantiacos.cl\/wp-content\/uploads\/2023\/09\/web2019-ORIENTE007_baja.jpg","width":350,"height":250},{"@type":"BreadcrumbList","@id":"https:\/\/fadeu.urantiacos.cl\/en\/2021\/06\/02\/uc-lanzo-guia-del-campus-oriente-en-el-marco-de-las-celebraciones-del-dia-del-patrimonio\/#breadcrumb","itemListElement":[{"@type":"ListItem","position":1,"name":"Portada","item":"https:\/\/fadeu.urantiacos.cl\/en\/"},{"@type":"ListItem","position":2,"name":"UC Lanz\u00f3 Gu\u00eda del Campus Oriente en el marco de las celebraciones del D\u00eda del Patrimonio"}]},{"@type":"WebSite","@id":"https:\/\/fadeu.urantiacos.cl\/en\/#website","url":"https:\/\/fadeu.urantiacos.cl\/en\/","name":"Facultad de Arquitectura, Dise\u00f1o y Estudios Urbanos","description":"Campus Lo Contador","potentialAction":[{"@type":"SearchAction","target":{"@type":"EntryPoint","urlTemplate":"https:\/\/fadeu.urantiacos.cl\/en\/?s={search_term_string}"},"query-input":{"@type":"PropertyValueSpecification","valueRequired":true,"valueName":"search_term_string"}}],"inLanguage":"en-US"},{"@type":"Person","@id":"https:\/\/fadeu.urantiacos.cl\/en\/#\/schema\/person\/d203e2e84b1c40275eac77b3061a19a2","name":"manadmin","image":{"@type":"ImageObject","inLanguage":"en-US","@id":"https:\/\/fadeu.urantiacos.cl\/en\/#\/schema\/person\/image\/","url":"https:\/\/secure.gravatar.com\/avatar\/4b1d8e3303b4a9d8968ac578947d8bc80d9aea359f388cdd4aac15cadc0e8447?s=96&d=mm&r=g","contentUrl":"https:\/\/secure.gravatar.com\/avatar\/4b1d8e3303b4a9d8968ac578947d8bc80d9aea359f388cdd4aac15cadc0e8447?s=96&d=mm&r=g","caption":"manadmin"},"sameAs":["https:\/\/fadeu.urantiacos.cl"]}]}},"_links":{"self":[{"href":"https:\/\/fadeu.urantiacos.cl\/en\/wp-json\/wp\/v2\/posts\/6891","targetHints":{"allow":["GET"]}}],"collection":[{"href":"https:\/\/fadeu.urantiacos.cl\/en\/wp-json\/wp\/v2\/posts"}],"about":[{"href":"https:\/\/fadeu.urantiacos.cl\/en\/wp-json\/wp\/v2\/types\/post"}],"author":[{"embeddable":true,"href":"https:\/\/fadeu.urantiacos.cl\/en\/wp-json\/wp\/v2\/users\/1"}],"replies":[{"embeddable":true,"href":"https:\/\/fadeu.urantiacos.cl\/en\/wp-json\/wp\/v2\/comments?post=6891"}],"version-history":[{"count":2,"href":"https:\/\/fadeu.urantiacos.cl\/en\/wp-json\/wp\/v2\/posts\/6891\/revisions"}],"predecessor-version":[{"id":17506,"href":"https:\/\/fadeu.urantiacos.cl\/en\/wp-json\/wp\/v2\/posts\/6891\/revisions\/17506"}],"wp:featuredmedia":[{"embeddable":true,"href":"https:\/\/fadeu.urantiacos.cl\/en\/wp-json\/wp\/v2\/media\/6892"}],"wp:attachment":[{"href":"https:\/\/fadeu.urantiacos.cl\/en\/wp-json\/wp\/v2\/media?parent=6891"}],"wp:term":[{"taxonomy":"category","embeddable":true,"href":"https:\/\/fadeu.urantiacos.cl\/en\/wp-json\/wp\/v2\/categories?post=6891"},{"taxonomy":"post_tag","embeddable":true,"href":"https:\/\/fadeu.urantiacos.cl\/en\/wp-json\/wp\/v2\/tags?post=6891"}],"curies":[{"name":"wp","href":"https:\/\/api.w.org\/{rel}","templated":true}]}}