{"id":6885,"date":"2021-06-03T23:01:00","date_gmt":"2021-06-04T02:01:00","guid":{"rendered":"https:\/\/fadeu.urantiacos.cl\/?p=6885"},"modified":"2023-09-07T23:05:18","modified_gmt":"2023-09-08T02:05:18","slug":"entre-todos-y-todas-nos-cuidamos-vacunate-contra-el-covid19","status":"publish","type":"post","link":"https:\/\/fadeu.urantiacos.cl\/en\/2021\/06\/03\/entre-todos-y-todas-nos-cuidamos-vacunate-contra-el-covid19\/","title":{"rendered":"Entre todos y todas nos cuidamos. \u00a1Vac\u00fanate contra el COVID19!"},"content":{"rendered":"\n<figure class=\"wp-block-image size-full\"><img decoding=\"async\" width=\"350\" height=\"250\" src=\"https:\/\/fadeu.urantiacos.cl\/wp-content\/uploads\/2023\/09\/web_2021_vacunacionjovenes_slider2.jpg\" alt=\"\" class=\"wp-image-6886\" srcset=\"https:\/\/fadeu.urantiacos.cl\/wp-content\/uploads\/2023\/09\/web_2021_vacunacionjovenes_slider2.jpg 350w, https:\/\/fadeu.urantiacos.cl\/wp-content\/uploads\/2023\/09\/web_2021_vacunacionjovenes_slider2-300x214.jpg 300w\" sizes=\"(max-width: 350px) 100vw, 350px\" \/><\/figure>\n\n\n\n<p>Este lunes 31 de mayo comenz\u00f3 el proceso de vacunaci\u00f3n contra el coronavirus para los(as) j\u00f3venes que tienen 25 a\u00f1os o menos, comenzando por el&nbsp;grupo de 25 a 23 a\u00f1os quienes recibir\u00e1n su primera dosis entre el 31 de mayo y el 4 de junio. Adicionalmente, durante el s\u00e1bado 5 y domingo 6 de junio, tambi\u00e9n se seguir\u00e1 vacunando&nbsp;a personas que vayan por sus segundas dosis (cuya primera dosis se les administr\u00f3 la segunda semana de mayo), embarazadas y rezagados de 23 a\u00f1os o m\u00e1s.<\/p>\n\n\n\n<p>El proceso de vacunaci\u00f3n es gratuito y voluntario, por lo que las personas solo deben llevar su carnet de identidad a los distintos centros de vacunaci\u00f3n implementados por cada municipio del pa\u00eds. Puedes encontrar el listado total de centros de vacunaci\u00f3n en la cuenta de Instagram del Minsa<\/p>\n\n\n\n<figure class=\"wp-block-image size-full\"><img decoding=\"async\" width=\"697\" height=\"420\" src=\"https:\/\/fadeu.urantiacos.cl\/wp-content\/uploads\/2023\/09\/2021_calendariovacunacioncovid_31mayo6junio.jpg\" alt=\"\" class=\"wp-image-6888\" srcset=\"https:\/\/fadeu.urantiacos.cl\/wp-content\/uploads\/2023\/09\/2021_calendariovacunacioncovid_31mayo6junio.jpg 697w, https:\/\/fadeu.urantiacos.cl\/wp-content\/uploads\/2023\/09\/2021_calendariovacunacioncovid_31mayo6junio-300x181.jpg 300w\" sizes=\"(max-width: 697px) 100vw, 697px\" \/><\/figure>\n\n\n\n<p>Durante el per\u00edodo del 31 de mayo y el 12 de junio, la universidad ha dispuesto medidas de flexibilidad,&nbsp;informadas debidamente a los(as) docentes, para que ellos(as) tomen en consideraci\u00f3n eventuales retrasos o ausencias de estudiantes, por los per\u00edodos de espera en los vacunatorios o posibles efectos adversos.&nbsp;As\u00ed, los y las estudiantes podr\u00e1n acudir tranquilamente a los centros de vacunaci\u00f3n y realizar el proceso de la mejor forma posible.&nbsp;<br><br>Recuerda que&nbsp;la vacunaci\u00f3n de la mayor parte de la poblaci\u00f3n es una medida clave para poder controlar la pandemia de COVID19. Si todos nos comprometemos a ello y continuamos aplicando las medidas de prevenci\u00f3n habituales -uso de mascarilla, frecuente lavado de manos, ventilar espacios cerrados, distancia f\u00edsica, respetar restricciones desplazmaiento y aforos permitidos- pronto tendremos bajo control la pandemia en Chile y podremos retornar a los campus, volver a reunirnos, abrazarnos y compartir.&nbsp;<br><br>Si quieres saber m\u00e1s informaci\u00f3n sobre el proceso de vacunaci\u00f3n, cifras de la pandemia en Chile, etc. te recomendamos los siguientes sitios:<br><\/p>\n\n\n\n<p>&#8211;\u00a0<a rel=\"noreferrer noopener\" href=\"https:\/\/www.icovidchile.cl\/\" target=\"_blank\">iCOVID Chile<\/a>. Plataforma creada por la UC, U. Chile y U. Concepci\u00f3n, con datos y estad\u00edsticas en distintos \u00e1mbitos, sobre la evoluci\u00f3n de la pandemia en nuestro pa\u00eds.<br>\u00a0<br>&#8211;\u00a0<a rel=\"noreferrer noopener\" href=\"http:\/\/www.instagram.com\/pandemia.feuc\" target=\"_blank\">IG @pandemia.feuc<\/a>.\u00a0<a rel=\"noreferrer noopener\" href=\"http:\/\/www.instagram.com\/pandemia.feuc\" target=\"_blank\"><\/a>La Federaci\u00f3n de Estudiantes ha dispuesto una \u00a0donde est\u00e1n entregando informaci\u00f3n m\u00e1s detallada sobre el proceso y aclarando dudas al respecto.<br><br>&#8211;\u00a0<a rel=\"noreferrer noopener\" href=\"https:\/\/www.minsal.cl\/preguntas-y-respuestas-sobre-vacunacion-covid-19\/\" target=\"_blank\">Preguntas y Respuestas sobre Plan de Vacunaci\u00f3n<\/a>\u00a0nacional contra el COVID19<br><br><br>#SinosVacunamosNosCuidamos<br><br>#EntreTodosnosCuidamos<\/p>\n\n\n\n<figure class=\"wp-block-image size-full\"><img decoding=\"async\" width=\"825\" height=\"400\" src=\"https:\/\/fadeu.urantiacos.cl\/wp-content\/uploads\/2023\/09\/2021_vacunacionjovenes_slider2.jpg\" alt=\"\" class=\"wp-image-6889\" srcset=\"https:\/\/fadeu.urantiacos.cl\/wp-content\/uploads\/2023\/09\/2021_vacunacionjovenes_slider2.jpg 825w, https:\/\/fadeu.urantiacos.cl\/wp-content\/uploads\/2023\/09\/2021_vacunacionjovenes_slider2-300x145.jpg 300w, https:\/\/fadeu.urantiacos.cl\/wp-content\/uploads\/2023\/09\/2021_vacunacionjovenes_slider2-768x372.jpg 768w\" sizes=\"(max-width: 825px) 100vw, 825px\" \/><\/figure>\n","protected":false},"excerpt":{"rendered":"<p>Si tienes 25 a\u00f1os o menos, ya es tu turno para vacunarte contra el coronavirus, pues la semana del 31 de mayo comenz\u00f3 el proceso de vacunaci\u00f3n gratuito para los(as) j\u00f3venes de ese grupo et\u00e1reo.<\/p>\n","protected":false},"author":1,"featured_media":6886,"comment_status":"open","ping_status":"open","sticky":false,"template":"","format":"standard","meta":{"_acf_changed":false,"footnotes":""},"categories":[1],"tags":[],"class_list":["post-6885","post","type-post","status-publish","format-standard","has-post-thumbnail","hentry","category-sin-categorizar"],"acf":[],"yoast_head":"<!-- This site is optimized with the Yoast SEO plugin v27.1.1 - https:\/\/yoast.com\/product\/yoast-seo-wordpress\/ -->\n<title>Entre todos y todas nos cuidamos. \u00a1Vac\u00fanate contra el COVID19! - Facultad de Arquitectura, Dise\u00f1o y Estudios Urbanos<\/title>\n<meta name=\"description\" content=\"Si tienes 25 a\u00f1os o menos, ya es tu turno para vacunarte contra el coronavirus, pues la semana del 31 de mayo comenz\u00f3 el proceso de vacunaci\u00f3n gratuito para los(as) j\u00f3venes de ese grupo et\u00e1reo.\" \/>\n<meta name=\"robots\" content=\"index, follow, max-snippet:-1, max-image-preview:large, max-video-preview:-1\" \/>\n<link rel=\"canonical\" href=\"https:\/\/fadeu.urantiacos.cl\/en\/2021\/06\/03\/entre-todos-y-todas-nos-cuidamos-vacunate-contra-el-covid19\/\" \/>\n<meta property=\"og:locale\" content=\"en_US\" \/>\n<meta property=\"og:type\" content=\"article\" \/>\n<meta property=\"og:title\" content=\"Entre todos y todas nos cuidamos. \u00a1Vac\u00fanate contra el COVID19! - Facultad de Arquitectura, Dise\u00f1o y Estudios Urbanos\" \/>\n<meta property=\"og:description\" content=\"Si tienes 25 a\u00f1os o menos, ya es tu turno para vacunarte contra el coronavirus, pues la semana del 31 de mayo comenz\u00f3 el proceso de vacunaci\u00f3n gratuito para los(as) j\u00f3venes de ese grupo et\u00e1reo.\" \/>\n<meta property=\"og:url\" content=\"https:\/\/fadeu.urantiacos.cl\/en\/2021\/06\/03\/entre-todos-y-todas-nos-cuidamos-vacunate-contra-el-covid19\/\" \/>\n<meta property=\"og:site_name\" content=\"Facultad de Arquitectura, Dise\u00f1o y Estudios Urbanos\" \/>\n<meta property=\"article:published_time\" content=\"2021-06-04T02:01:00+00:00\" \/>\n<meta property=\"article:modified_time\" content=\"2023-09-08T02:05:18+00:00\" \/>\n<meta property=\"og:image\" content=\"https:\/\/fadeu.urantiacos.cl\/wp-content\/uploads\/2023\/09\/web_2021_vacunacionjovenes_slider2.jpg\" \/>\n\t<meta property=\"og:image:width\" content=\"350\" \/>\n\t<meta property=\"og:image:height\" content=\"250\" \/>\n\t<meta property=\"og:image:type\" content=\"image\/jpeg\" \/>\n<meta name=\"author\" content=\"manadmin\" \/>\n<meta name=\"twitter:card\" content=\"summary_large_image\" \/>\n<meta name=\"twitter:label1\" content=\"Written by\" \/>\n\t<meta name=\"twitter:data1\" content=\"manadmin\" \/>\n\t<meta name=\"twitter:label2\" content=\"Est. reading time\" \/>\n\t<meta name=\"twitter:data2\" content=\"2 minutes\" \/>\n<script type=\"application\/ld+json\" class=\"yoast-schema-graph\">{\"@context\":\"https:\/\/schema.org\",\"@graph\":[{\"@type\":\"Article\",\"@id\":\"https:\/\/fadeu.urantiacos.cl\/en\/2021\/06\/03\/entre-todos-y-todas-nos-cuidamos-vacunate-contra-el-covid19\/#article\",\"isPartOf\":{\"@id\":\"https:\/\/fadeu.urantiacos.cl\/en\/2021\/06\/03\/entre-todos-y-todas-nos-cuidamos-vacunate-contra-el-covid19\/\"},\"author\":{\"name\":\"manadmin\",\"@id\":\"https:\/\/fadeu.urantiacos.cl\/en\/#\/schema\/person\/d203e2e84b1c40275eac77b3061a19a2\"},\"headline\":\"Entre todos y todas nos cuidamos. \u00a1Vac\u00fanate contra el COVID19!\",\"datePublished\":\"2021-06-04T02:01:00+00:00\",\"dateModified\":\"2023-09-08T02:05:18+00:00\",\"mainEntityOfPage\":{\"@id\":\"https:\/\/fadeu.urantiacos.cl\/en\/2021\/06\/03\/entre-todos-y-todas-nos-cuidamos-vacunate-contra-el-covid19\/\"},\"wordCount\":413,\"commentCount\":0,\"image\":{\"@id\":\"https:\/\/fadeu.urantiacos.cl\/en\/2021\/06\/03\/entre-todos-y-todas-nos-cuidamos-vacunate-contra-el-covid19\/#primaryimage\"},\"thumbnailUrl\":\"https:\/\/fadeu.urantiacos.cl\/wp-content\/uploads\/2023\/09\/web_2021_vacunacionjovenes_slider2.jpg\",\"articleSection\":[\"Sin categorizar\"],\"inLanguage\":\"en-US\",\"potentialAction\":[{\"@type\":\"CommentAction\",\"name\":\"Comment\",\"target\":[\"https:\/\/fadeu.urantiacos.cl\/en\/2021\/06\/03\/entre-todos-y-todas-nos-cuidamos-vacunate-contra-el-covid19\/#respond\"]}]},{\"@type\":\"WebPage\",\"@id\":\"https:\/\/fadeu.urantiacos.cl\/en\/2021\/06\/03\/entre-todos-y-todas-nos-cuidamos-vacunate-contra-el-covid19\/\",\"url\":\"https:\/\/fadeu.urantiacos.cl\/en\/2021\/06\/03\/entre-todos-y-todas-nos-cuidamos-vacunate-contra-el-covid19\/\",\"name\":\"Entre todos y todas nos cuidamos. \u00a1Vac\u00fanate contra el COVID19! - Facultad de Arquitectura, Dise\u00f1o y Estudios Urbanos\",\"isPartOf\":{\"@id\":\"https:\/\/fadeu.urantiacos.cl\/en\/#website\"},\"primaryImageOfPage\":{\"@id\":\"https:\/\/fadeu.urantiacos.cl\/en\/2021\/06\/03\/entre-todos-y-todas-nos-cuidamos-vacunate-contra-el-covid19\/#primaryimage\"},\"image\":{\"@id\":\"https:\/\/fadeu.urantiacos.cl\/en\/2021\/06\/03\/entre-todos-y-todas-nos-cuidamos-vacunate-contra-el-covid19\/#primaryimage\"},\"thumbnailUrl\":\"https:\/\/fadeu.urantiacos.cl\/wp-content\/uploads\/2023\/09\/web_2021_vacunacionjovenes_slider2.jpg\",\"datePublished\":\"2021-06-04T02:01:00+00:00\",\"dateModified\":\"2023-09-08T02:05:18+00:00\",\"author\":{\"@id\":\"https:\/\/fadeu.urantiacos.cl\/en\/#\/schema\/person\/d203e2e84b1c40275eac77b3061a19a2\"},\"description\":\"Si tienes 25 a\u00f1os o menos, ya es tu turno para vacunarte contra el coronavirus, pues la semana del 31 de mayo comenz\u00f3 el proceso de vacunaci\u00f3n gratuito para los(as) j\u00f3venes de ese grupo et\u00e1reo.\",\"breadcrumb\":{\"@id\":\"https:\/\/fadeu.urantiacos.cl\/en\/2021\/06\/03\/entre-todos-y-todas-nos-cuidamos-vacunate-contra-el-covid19\/#breadcrumb\"},\"inLanguage\":\"en-US\",\"potentialAction\":[{\"@type\":\"ReadAction\",\"target\":[\"https:\/\/fadeu.urantiacos.cl\/en\/2021\/06\/03\/entre-todos-y-todas-nos-cuidamos-vacunate-contra-el-covid19\/\"]}]},{\"@type\":\"ImageObject\",\"inLanguage\":\"en-US\",\"@id\":\"https:\/\/fadeu.urantiacos.cl\/en\/2021\/06\/03\/entre-todos-y-todas-nos-cuidamos-vacunate-contra-el-covid19\/#primaryimage\",\"url\":\"https:\/\/fadeu.urantiacos.cl\/wp-content\/uploads\/2023\/09\/web_2021_vacunacionjovenes_slider2.jpg\",\"contentUrl\":\"https:\/\/fadeu.urantiacos.cl\/wp-content\/uploads\/2023\/09\/web_2021_vacunacionjovenes_slider2.jpg\",\"width\":350,\"height\":250},{\"@type\":\"BreadcrumbList\",\"@id\":\"https:\/\/fadeu.urantiacos.cl\/en\/2021\/06\/03\/entre-todos-y-todas-nos-cuidamos-vacunate-contra-el-covid19\/#breadcrumb\",\"itemListElement\":[{\"@type\":\"ListItem\",\"position\":1,\"name\":\"Portada\",\"item\":\"https:\/\/fadeu.urantiacos.cl\/en\/\"},{\"@type\":\"ListItem\",\"position\":2,\"name\":\"Entre todos y todas nos cuidamos. \u00a1Vac\u00fanate contra el COVID19!\"}]},{\"@type\":\"WebSite\",\"@id\":\"https:\/\/fadeu.urantiacos.cl\/en\/#website\",\"url\":\"https:\/\/fadeu.urantiacos.cl\/en\/\",\"name\":\"Facultad de Arquitectura, Dise\u00f1o y Estudios Urbanos\",\"description\":\"Campus Lo Contador\",\"potentialAction\":[{\"@type\":\"SearchAction\",\"target\":{\"@type\":\"EntryPoint\",\"urlTemplate\":\"https:\/\/fadeu.urantiacos.cl\/en\/?s={search_term_string}\"},\"query-input\":{\"@type\":\"PropertyValueSpecification\",\"valueRequired\":true,\"valueName\":\"search_term_string\"}}],\"inLanguage\":\"en-US\"},{\"@type\":\"Person\",\"@id\":\"https:\/\/fadeu.urantiacos.cl\/en\/#\/schema\/person\/d203e2e84b1c40275eac77b3061a19a2\",\"name\":\"manadmin\",\"image\":{\"@type\":\"ImageObject\",\"inLanguage\":\"en-US\",\"@id\":\"https:\/\/fadeu.urantiacos.cl\/en\/#\/schema\/person\/image\/\",\"url\":\"https:\/\/secure.gravatar.com\/avatar\/4b1d8e3303b4a9d8968ac578947d8bc80d9aea359f388cdd4aac15cadc0e8447?s=96&d=mm&r=g\",\"contentUrl\":\"https:\/\/secure.gravatar.com\/avatar\/4b1d8e3303b4a9d8968ac578947d8bc80d9aea359f388cdd4aac15cadc0e8447?s=96&d=mm&r=g\",\"caption\":\"manadmin\"},\"sameAs\":[\"https:\/\/fadeu.urantiacos.cl\"]}]}<\/script>\n<!-- \/ Yoast SEO plugin. -->","yoast_head_json":{"title":"Entre todos y todas nos cuidamos. \u00a1Vac\u00fanate contra el COVID19! - Facultad de Arquitectura, Dise\u00f1o y Estudios Urbanos","description":"Si tienes 25 a\u00f1os o menos, ya es tu turno para vacunarte contra el coronavirus, pues la semana del 31 de mayo comenz\u00f3 el proceso de vacunaci\u00f3n gratuito para los(as) j\u00f3venes de ese grupo et\u00e1reo.","robots":{"index":"index","follow":"follow","max-snippet":"max-snippet:-1","max-image-preview":"max-image-preview:large","max-video-preview":"max-video-preview:-1"},"canonical":"https:\/\/fadeu.urantiacos.cl\/en\/2021\/06\/03\/entre-todos-y-todas-nos-cuidamos-vacunate-contra-el-covid19\/","og_locale":"en_US","og_type":"article","og_title":"Entre todos y todas nos cuidamos. \u00a1Vac\u00fanate contra el COVID19! - Facultad de Arquitectura, Dise\u00f1o y Estudios Urbanos","og_description":"Si tienes 25 a\u00f1os o menos, ya es tu turno para vacunarte contra el coronavirus, pues la semana del 31 de mayo comenz\u00f3 el proceso de vacunaci\u00f3n gratuito para los(as) j\u00f3venes de ese grupo et\u00e1reo.","og_url":"https:\/\/fadeu.urantiacos.cl\/en\/2021\/06\/03\/entre-todos-y-todas-nos-cuidamos-vacunate-contra-el-covid19\/","og_site_name":"Facultad de Arquitectura, Dise\u00f1o y Estudios Urbanos","article_published_time":"2021-06-04T02:01:00+00:00","article_modified_time":"2023-09-08T02:05:18+00:00","og_image":[{"width":350,"height":250,"url":"https:\/\/fadeu.urantiacos.cl\/wp-content\/uploads\/2023\/09\/web_2021_vacunacionjovenes_slider2.jpg","type":"image\/jpeg"}],"author":"manadmin","twitter_card":"summary_large_image","twitter_misc":{"Written by":"manadmin","Est. reading time":"2 minutes"},"schema":{"@context":"https:\/\/schema.org","@graph":[{"@type":"Article","@id":"https:\/\/fadeu.urantiacos.cl\/en\/2021\/06\/03\/entre-todos-y-todas-nos-cuidamos-vacunate-contra-el-covid19\/#article","isPartOf":{"@id":"https:\/\/fadeu.urantiacos.cl\/en\/2021\/06\/03\/entre-todos-y-todas-nos-cuidamos-vacunate-contra-el-covid19\/"},"author":{"name":"manadmin","@id":"https:\/\/fadeu.urantiacos.cl\/en\/#\/schema\/person\/d203e2e84b1c40275eac77b3061a19a2"},"headline":"Entre todos y todas nos cuidamos. \u00a1Vac\u00fanate contra el COVID19!","datePublished":"2021-06-04T02:01:00+00:00","dateModified":"2023-09-08T02:05:18+00:00","mainEntityOfPage":{"@id":"https:\/\/fadeu.urantiacos.cl\/en\/2021\/06\/03\/entre-todos-y-todas-nos-cuidamos-vacunate-contra-el-covid19\/"},"wordCount":413,"commentCount":0,"image":{"@id":"https:\/\/fadeu.urantiacos.cl\/en\/2021\/06\/03\/entre-todos-y-todas-nos-cuidamos-vacunate-contra-el-covid19\/#primaryimage"},"thumbnailUrl":"https:\/\/fadeu.urantiacos.cl\/wp-content\/uploads\/2023\/09\/web_2021_vacunacionjovenes_slider2.jpg","articleSection":["Sin categorizar"],"inLanguage":"en-US","potentialAction":[{"@type":"CommentAction","name":"Comment","target":["https:\/\/fadeu.urantiacos.cl\/en\/2021\/06\/03\/entre-todos-y-todas-nos-cuidamos-vacunate-contra-el-covid19\/#respond"]}]},{"@type":"WebPage","@id":"https:\/\/fadeu.urantiacos.cl\/en\/2021\/06\/03\/entre-todos-y-todas-nos-cuidamos-vacunate-contra-el-covid19\/","url":"https:\/\/fadeu.urantiacos.cl\/en\/2021\/06\/03\/entre-todos-y-todas-nos-cuidamos-vacunate-contra-el-covid19\/","name":"Entre todos y todas nos cuidamos. \u00a1Vac\u00fanate contra el COVID19! - Facultad de Arquitectura, Dise\u00f1o y Estudios Urbanos","isPartOf":{"@id":"https:\/\/fadeu.urantiacos.cl\/en\/#website"},"primaryImageOfPage":{"@id":"https:\/\/fadeu.urantiacos.cl\/en\/2021\/06\/03\/entre-todos-y-todas-nos-cuidamos-vacunate-contra-el-covid19\/#primaryimage"},"image":{"@id":"https:\/\/fadeu.urantiacos.cl\/en\/2021\/06\/03\/entre-todos-y-todas-nos-cuidamos-vacunate-contra-el-covid19\/#primaryimage"},"thumbnailUrl":"https:\/\/fadeu.urantiacos.cl\/wp-content\/uploads\/2023\/09\/web_2021_vacunacionjovenes_slider2.jpg","datePublished":"2021-06-04T02:01:00+00:00","dateModified":"2023-09-08T02:05:18+00:00","author":{"@id":"https:\/\/fadeu.urantiacos.cl\/en\/#\/schema\/person\/d203e2e84b1c40275eac77b3061a19a2"},"description":"Si tienes 25 a\u00f1os o menos, ya es tu turno para vacunarte contra el coronavirus, pues la semana del 31 de mayo comenz\u00f3 el proceso de vacunaci\u00f3n gratuito para los(as) j\u00f3venes de ese grupo et\u00e1reo.","breadcrumb":{"@id":"https:\/\/fadeu.urantiacos.cl\/en\/2021\/06\/03\/entre-todos-y-todas-nos-cuidamos-vacunate-contra-el-covid19\/#breadcrumb"},"inLanguage":"en-US","potentialAction":[{"@type":"ReadAction","target":["https:\/\/fadeu.urantiacos.cl\/en\/2021\/06\/03\/entre-todos-y-todas-nos-cuidamos-vacunate-contra-el-covid19\/"]}]},{"@type":"ImageObject","inLanguage":"en-US","@id":"https:\/\/fadeu.urantiacos.cl\/en\/2021\/06\/03\/entre-todos-y-todas-nos-cuidamos-vacunate-contra-el-covid19\/#primaryimage","url":"https:\/\/fadeu.urantiacos.cl\/wp-content\/uploads\/2023\/09\/web_2021_vacunacionjovenes_slider2.jpg","contentUrl":"https:\/\/fadeu.urantiacos.cl\/wp-content\/uploads\/2023\/09\/web_2021_vacunacionjovenes_slider2.jpg","width":350,"height":250},{"@type":"BreadcrumbList","@id":"https:\/\/fadeu.urantiacos.cl\/en\/2021\/06\/03\/entre-todos-y-todas-nos-cuidamos-vacunate-contra-el-covid19\/#breadcrumb","itemListElement":[{"@type":"ListItem","position":1,"name":"Portada","item":"https:\/\/fadeu.urantiacos.cl\/en\/"},{"@type":"ListItem","position":2,"name":"Entre todos y todas nos cuidamos. \u00a1Vac\u00fanate contra el COVID19!"}]},{"@type":"WebSite","@id":"https:\/\/fadeu.urantiacos.cl\/en\/#website","url":"https:\/\/fadeu.urantiacos.cl\/en\/","name":"Facultad de Arquitectura, Dise\u00f1o y Estudios Urbanos","description":"Campus Lo Contador","potentialAction":[{"@type":"SearchAction","target":{"@type":"EntryPoint","urlTemplate":"https:\/\/fadeu.urantiacos.cl\/en\/?s={search_term_string}"},"query-input":{"@type":"PropertyValueSpecification","valueRequired":true,"valueName":"search_term_string"}}],"inLanguage":"en-US"},{"@type":"Person","@id":"https:\/\/fadeu.urantiacos.cl\/en\/#\/schema\/person\/d203e2e84b1c40275eac77b3061a19a2","name":"manadmin","image":{"@type":"ImageObject","inLanguage":"en-US","@id":"https:\/\/fadeu.urantiacos.cl\/en\/#\/schema\/person\/image\/","url":"https:\/\/secure.gravatar.com\/avatar\/4b1d8e3303b4a9d8968ac578947d8bc80d9aea359f388cdd4aac15cadc0e8447?s=96&d=mm&r=g","contentUrl":"https:\/\/secure.gravatar.com\/avatar\/4b1d8e3303b4a9d8968ac578947d8bc80d9aea359f388cdd4aac15cadc0e8447?s=96&d=mm&r=g","caption":"manadmin"},"sameAs":["https:\/\/fadeu.urantiacos.cl"]}]}},"_links":{"self":[{"href":"https:\/\/fadeu.urantiacos.cl\/en\/wp-json\/wp\/v2\/posts\/6885","targetHints":{"allow":["GET"]}}],"collection":[{"href":"https:\/\/fadeu.urantiacos.cl\/en\/wp-json\/wp\/v2\/posts"}],"about":[{"href":"https:\/\/fadeu.urantiacos.cl\/en\/wp-json\/wp\/v2\/types\/post"}],"author":[{"embeddable":true,"href":"https:\/\/fadeu.urantiacos.cl\/en\/wp-json\/wp\/v2\/users\/1"}],"replies":[{"embeddable":true,"href":"https:\/\/fadeu.urantiacos.cl\/en\/wp-json\/wp\/v2\/comments?post=6885"}],"version-history":[{"count":1,"href":"https:\/\/fadeu.urantiacos.cl\/en\/wp-json\/wp\/v2\/posts\/6885\/revisions"}],"predecessor-version":[{"id":6890,"href":"https:\/\/fadeu.urantiacos.cl\/en\/wp-json\/wp\/v2\/posts\/6885\/revisions\/6890"}],"wp:featuredmedia":[{"embeddable":true,"href":"https:\/\/fadeu.urantiacos.cl\/en\/wp-json\/wp\/v2\/media\/6886"}],"wp:attachment":[{"href":"https:\/\/fadeu.urantiacos.cl\/en\/wp-json\/wp\/v2\/media?parent=6885"}],"wp:term":[{"taxonomy":"category","embeddable":true,"href":"https:\/\/fadeu.urantiacos.cl\/en\/wp-json\/wp\/v2\/categories?post=6885"},{"taxonomy":"post_tag","embeddable":true,"href":"https:\/\/fadeu.urantiacos.cl\/en\/wp-json\/wp\/v2\/tags?post=6885"}],"curies":[{"name":"wp","href":"https:\/\/api.w.org\/{rel}","templated":true}]}}