{"id":6881,"date":"2021-06-03T22:59:00","date_gmt":"2021-06-04T01:59:00","guid":{"rendered":"https:\/\/fadeu.urantiacos.cl\/?p=6881"},"modified":"2023-09-07T23:01:33","modified_gmt":"2023-09-08T02:01:33","slug":"proyecto-del-academico-oscar-huerta-sera-presentado-en-la-conferencia-life-cycle-management-2021","status":"publish","type":"post","link":"https:\/\/fadeu.urantiacos.cl\/en\/2021\/06\/03\/proyecto-del-academico-oscar-huerta-sera-presentado-en-la-conferencia-life-cycle-management-2021\/","title":{"rendered":"Proyecto del acad\u00e9mico \u00d3scar Huerta ser\u00e1 presentado en la Conferencia Life Cycle Management 2021"},"content":{"rendered":"\n<figure class=\"wp-block-image size-full\"><img decoding=\"async\" width=\"350\" height=\"250\" src=\"https:\/\/fadeu.urantiacos.cl\/wp-content\/uploads\/2023\/09\/web_Retrato_Oscar_Huerta_BW_lo-res.jpg\" alt=\"\" class=\"wp-image-6883\" srcset=\"https:\/\/fadeu.urantiacos.cl\/wp-content\/uploads\/2023\/09\/web_Retrato_Oscar_Huerta_BW_lo-res.jpg 350w, https:\/\/fadeu.urantiacos.cl\/wp-content\/uploads\/2023\/09\/web_Retrato_Oscar_Huerta_BW_lo-res-300x214.jpg 300w\" sizes=\"(max-width: 350px) 100vw, 350px\" \/><\/figure>\n\n\n\n<p>La prestigiosa serie de conferencias Life Cycle Management (LCM) es uno de los foros l\u00edderes en el mundo para la sostenibilidad ambiental, econ\u00f3mica y social. Se enfoca en soluciones pr\u00e1cticas para la implementaci\u00f3n de enfoques de ciclo de vida en la toma de decisiones estrat\u00e9gicas y operativas, ya sea en la ciencia, la industria, las ONG o las instituciones p\u00fablicas. Tiene lugar cada dos a\u00f1os, cada vez organizada por una instituci\u00f3n de investigaci\u00f3n y una industria l\u00edderes en el campo. LCM alienta a los autores a ilustrar la relevancia de su trabajo para los enfoques, ideas y discursos centrales de la gesti\u00f3n del ciclo de vida. Los trabajos que contribuyen a LCM son revisados por pares y evaluados en base a su novedad, calidad y alineaci\u00f3n con el tema de la conferencia.<\/p>\n\n\n\n<p>El M\u00e9todo de Dise\u00f1o Estrat\u00e9gico en el Sistema de Envases de Alimentos con que el Dr. Huerta nos representar\u00e1 en LCM 2021 incluye una serie de herramientas para levantar informaci\u00f3n relevante para caracterizar el sistema de envases de alimentos en su ciclo de vida, y para planificar y dise\u00f1ar estrat\u00e9gicamente soluciones ambientalmente responsables, efectivas y eficientes para el productor de alimentos, y que permitan otorgar buenas experiencias a consumidores y usuarios.<\/p>\n\n\n\n<p>Dicho m\u00e9todo se desarroll\u00f3 a partir de la investigaci\u00f3n realizada en el proyecto \u201cDesarrollo de Modelo Integrado de Gesti\u00f3n del Dise\u00f1o para Soluciones en Envases y Embalajes de la Industria de Alimentos Articulado a la Cadena de Valor\u201d, llevado a cabo en la Escuela de Dise\u00f1o entre 2017 y 2019. Dicho proyecto, formulado desde la Escuela de Dise\u00f1o, es parte de la \u201cPlataforma de Innovaci\u00f3n en Envases y Embalajes para Alimentos Co-Inventa\u201d, liderada por la Universidad de Santiago de Chile, y de la cual PUC es co-ejecutora junto a otras cinco prestigiosas universidades y centros de investigaci\u00f3n nacionales. Los proyectos de la plataforma cuentan con el financiamiento de CORFO a trav\u00e9s del Programa Tecnol\u00f3gico Estrat\u00e9gico Convocatoria Desarrollo de Envases y Embalajes para Alimentos.&#8221;<\/p>\n","protected":false},"excerpt":{"rendered":"<p>El proyecto Method for Strategic Design in the Food Packaging System, del acad\u00e9mico Oscar Huerta, ha sido aceptado para la conferencia Life Cycle Management 2021: Building a Sustainable Future Based on Innovation and Digitalization, la cual tendr\u00e1 lugar desde el 5 hasta el 8 de septiembre en Stuttgart, Alemania.<\/p>\n","protected":false},"author":1,"featured_media":6883,"comment_status":"open","ping_status":"open","sticky":false,"template":"","format":"standard","meta":{"_acf_changed":false,"footnotes":""},"categories":[1],"tags":[],"class_list":["post-6881","post","type-post","status-publish","format-standard","has-post-thumbnail","hentry","category-sin-categorizar"],"acf":[],"yoast_head":"<!-- This site is optimized with the Yoast SEO plugin v27.1.1 - https:\/\/yoast.com\/product\/yoast-seo-wordpress\/ -->\n<title>Proyecto del acad\u00e9mico \u00d3scar Huerta ser\u00e1 presentado en la Conferencia Life Cycle Management 2021 - Facultad de Arquitectura, Dise\u00f1o y Estudios Urbanos<\/title>\n<meta name=\"description\" content=\"El proyecto Method for Strategic Design in the Food Packaging System, del acad\u00e9mico Oscar Huerta, ha sido aceptado para la conferencia Life Cycle Management 2021: Building a Sustainable Future Based on Innovation and Digitalization, la cual tendr\u00e1 lugar desde el 5 hasta el 8 de septiembre en Stuttgart, Alemania.\" \/>\n<meta name=\"robots\" content=\"index, follow, max-snippet:-1, max-image-preview:large, max-video-preview:-1\" \/>\n<link rel=\"canonical\" href=\"https:\/\/fadeu.urantiacos.cl\/en\/2021\/06\/03\/proyecto-del-academico-oscar-huerta-sera-presentado-en-la-conferencia-life-cycle-management-2021\/\" \/>\n<meta property=\"og:locale\" content=\"en_US\" \/>\n<meta property=\"og:type\" content=\"article\" \/>\n<meta property=\"og:title\" content=\"Proyecto del acad\u00e9mico \u00d3scar Huerta ser\u00e1 presentado en la Conferencia Life Cycle Management 2021 - Facultad de Arquitectura, Dise\u00f1o y Estudios Urbanos\" \/>\n<meta property=\"og:description\" content=\"El proyecto Method for Strategic Design in the Food Packaging System, del acad\u00e9mico Oscar Huerta, ha sido aceptado para la conferencia Life Cycle Management 2021: Building a Sustainable Future Based on Innovation and Digitalization, la cual tendr\u00e1 lugar desde el 5 hasta el 8 de septiembre en Stuttgart, Alemania.\" \/>\n<meta property=\"og:url\" content=\"https:\/\/fadeu.urantiacos.cl\/en\/2021\/06\/03\/proyecto-del-academico-oscar-huerta-sera-presentado-en-la-conferencia-life-cycle-management-2021\/\" \/>\n<meta property=\"og:site_name\" content=\"Facultad de Arquitectura, Dise\u00f1o y Estudios Urbanos\" \/>\n<meta property=\"article:published_time\" content=\"2021-06-04T01:59:00+00:00\" \/>\n<meta property=\"article:modified_time\" content=\"2023-09-08T02:01:33+00:00\" \/>\n<meta property=\"og:image\" content=\"https:\/\/fadeu.urantiacos.cl\/wp-content\/uploads\/2023\/09\/web_Retrato_Oscar_Huerta_BW_lo-res.jpg\" \/>\n\t<meta property=\"og:image:width\" content=\"350\" \/>\n\t<meta property=\"og:image:height\" content=\"250\" \/>\n\t<meta property=\"og:image:type\" content=\"image\/jpeg\" \/>\n<meta name=\"author\" content=\"manadmin\" \/>\n<meta name=\"twitter:card\" content=\"summary_large_image\" \/>\n<meta name=\"twitter:label1\" content=\"Written by\" \/>\n\t<meta name=\"twitter:data1\" content=\"manadmin\" \/>\n\t<meta name=\"twitter:label2\" content=\"Est. reading time\" \/>\n\t<meta name=\"twitter:data2\" content=\"2 minutes\" \/>\n<script type=\"application\/ld+json\" class=\"yoast-schema-graph\">{\"@context\":\"https:\/\/schema.org\",\"@graph\":[{\"@type\":\"Article\",\"@id\":\"https:\/\/fadeu.urantiacos.cl\/en\/2021\/06\/03\/proyecto-del-academico-oscar-huerta-sera-presentado-en-la-conferencia-life-cycle-management-2021\/#article\",\"isPartOf\":{\"@id\":\"https:\/\/fadeu.urantiacos.cl\/en\/2021\/06\/03\/proyecto-del-academico-oscar-huerta-sera-presentado-en-la-conferencia-life-cycle-management-2021\/\"},\"author\":{\"name\":\"manadmin\",\"@id\":\"https:\/\/fadeu.urantiacos.cl\/en\/#\/schema\/person\/d203e2e84b1c40275eac77b3061a19a2\"},\"headline\":\"Proyecto del acad\u00e9mico \u00d3scar Huerta ser\u00e1 presentado en la Conferencia Life Cycle Management 2021\",\"datePublished\":\"2021-06-04T01:59:00+00:00\",\"dateModified\":\"2023-09-08T02:01:33+00:00\",\"mainEntityOfPage\":{\"@id\":\"https:\/\/fadeu.urantiacos.cl\/en\/2021\/06\/03\/proyecto-del-academico-oscar-huerta-sera-presentado-en-la-conferencia-life-cycle-management-2021\/\"},\"wordCount\":366,\"commentCount\":0,\"image\":{\"@id\":\"https:\/\/fadeu.urantiacos.cl\/en\/2021\/06\/03\/proyecto-del-academico-oscar-huerta-sera-presentado-en-la-conferencia-life-cycle-management-2021\/#primaryimage\"},\"thumbnailUrl\":\"https:\/\/fadeu.urantiacos.cl\/wp-content\/uploads\/2023\/09\/web_Retrato_Oscar_Huerta_BW_lo-res.jpg\",\"articleSection\":[\"Sin categorizar\"],\"inLanguage\":\"en-US\",\"potentialAction\":[{\"@type\":\"CommentAction\",\"name\":\"Comment\",\"target\":[\"https:\/\/fadeu.urantiacos.cl\/en\/2021\/06\/03\/proyecto-del-academico-oscar-huerta-sera-presentado-en-la-conferencia-life-cycle-management-2021\/#respond\"]}]},{\"@type\":\"WebPage\",\"@id\":\"https:\/\/fadeu.urantiacos.cl\/en\/2021\/06\/03\/proyecto-del-academico-oscar-huerta-sera-presentado-en-la-conferencia-life-cycle-management-2021\/\",\"url\":\"https:\/\/fadeu.urantiacos.cl\/en\/2021\/06\/03\/proyecto-del-academico-oscar-huerta-sera-presentado-en-la-conferencia-life-cycle-management-2021\/\",\"name\":\"Proyecto del acad\u00e9mico \u00d3scar Huerta ser\u00e1 presentado en la Conferencia Life Cycle Management 2021 - Facultad de Arquitectura, Dise\u00f1o y Estudios Urbanos\",\"isPartOf\":{\"@id\":\"https:\/\/fadeu.urantiacos.cl\/en\/#website\"},\"primaryImageOfPage\":{\"@id\":\"https:\/\/fadeu.urantiacos.cl\/en\/2021\/06\/03\/proyecto-del-academico-oscar-huerta-sera-presentado-en-la-conferencia-life-cycle-management-2021\/#primaryimage\"},\"image\":{\"@id\":\"https:\/\/fadeu.urantiacos.cl\/en\/2021\/06\/03\/proyecto-del-academico-oscar-huerta-sera-presentado-en-la-conferencia-life-cycle-management-2021\/#primaryimage\"},\"thumbnailUrl\":\"https:\/\/fadeu.urantiacos.cl\/wp-content\/uploads\/2023\/09\/web_Retrato_Oscar_Huerta_BW_lo-res.jpg\",\"datePublished\":\"2021-06-04T01:59:00+00:00\",\"dateModified\":\"2023-09-08T02:01:33+00:00\",\"author\":{\"@id\":\"https:\/\/fadeu.urantiacos.cl\/en\/#\/schema\/person\/d203e2e84b1c40275eac77b3061a19a2\"},\"description\":\"El proyecto Method for Strategic Design in the Food Packaging System, del acad\u00e9mico Oscar Huerta, ha sido aceptado para la conferencia Life Cycle Management 2021: Building a Sustainable Future Based on Innovation and Digitalization, la cual tendr\u00e1 lugar desde el 5 hasta el 8 de septiembre en Stuttgart, Alemania.\",\"breadcrumb\":{\"@id\":\"https:\/\/fadeu.urantiacos.cl\/en\/2021\/06\/03\/proyecto-del-academico-oscar-huerta-sera-presentado-en-la-conferencia-life-cycle-management-2021\/#breadcrumb\"},\"inLanguage\":\"en-US\",\"potentialAction\":[{\"@type\":\"ReadAction\",\"target\":[\"https:\/\/fadeu.urantiacos.cl\/en\/2021\/06\/03\/proyecto-del-academico-oscar-huerta-sera-presentado-en-la-conferencia-life-cycle-management-2021\/\"]}]},{\"@type\":\"ImageObject\",\"inLanguage\":\"en-US\",\"@id\":\"https:\/\/fadeu.urantiacos.cl\/en\/2021\/06\/03\/proyecto-del-academico-oscar-huerta-sera-presentado-en-la-conferencia-life-cycle-management-2021\/#primaryimage\",\"url\":\"https:\/\/fadeu.urantiacos.cl\/wp-content\/uploads\/2023\/09\/web_Retrato_Oscar_Huerta_BW_lo-res.jpg\",\"contentUrl\":\"https:\/\/fadeu.urantiacos.cl\/wp-content\/uploads\/2023\/09\/web_Retrato_Oscar_Huerta_BW_lo-res.jpg\",\"width\":350,\"height\":250},{\"@type\":\"BreadcrumbList\",\"@id\":\"https:\/\/fadeu.urantiacos.cl\/en\/2021\/06\/03\/proyecto-del-academico-oscar-huerta-sera-presentado-en-la-conferencia-life-cycle-management-2021\/#breadcrumb\",\"itemListElement\":[{\"@type\":\"ListItem\",\"position\":1,\"name\":\"Portada\",\"item\":\"https:\/\/fadeu.urantiacos.cl\/en\/\"},{\"@type\":\"ListItem\",\"position\":2,\"name\":\"Proyecto del acad\u00e9mico \u00d3scar Huerta ser\u00e1 presentado en la Conferencia Life Cycle Management 2021\"}]},{\"@type\":\"WebSite\",\"@id\":\"https:\/\/fadeu.urantiacos.cl\/en\/#website\",\"url\":\"https:\/\/fadeu.urantiacos.cl\/en\/\",\"name\":\"Facultad de Arquitectura, Dise\u00f1o y Estudios Urbanos\",\"description\":\"Campus Lo Contador\",\"potentialAction\":[{\"@type\":\"SearchAction\",\"target\":{\"@type\":\"EntryPoint\",\"urlTemplate\":\"https:\/\/fadeu.urantiacos.cl\/en\/?s={search_term_string}\"},\"query-input\":{\"@type\":\"PropertyValueSpecification\",\"valueRequired\":true,\"valueName\":\"search_term_string\"}}],\"inLanguage\":\"en-US\"},{\"@type\":\"Person\",\"@id\":\"https:\/\/fadeu.urantiacos.cl\/en\/#\/schema\/person\/d203e2e84b1c40275eac77b3061a19a2\",\"name\":\"manadmin\",\"image\":{\"@type\":\"ImageObject\",\"inLanguage\":\"en-US\",\"@id\":\"https:\/\/fadeu.urantiacos.cl\/en\/#\/schema\/person\/image\/\",\"url\":\"https:\/\/secure.gravatar.com\/avatar\/4b1d8e3303b4a9d8968ac578947d8bc80d9aea359f388cdd4aac15cadc0e8447?s=96&d=mm&r=g\",\"contentUrl\":\"https:\/\/secure.gravatar.com\/avatar\/4b1d8e3303b4a9d8968ac578947d8bc80d9aea359f388cdd4aac15cadc0e8447?s=96&d=mm&r=g\",\"caption\":\"manadmin\"},\"sameAs\":[\"https:\/\/fadeu.urantiacos.cl\"]}]}<\/script>\n<!-- \/ Yoast SEO plugin. -->","yoast_head_json":{"title":"Proyecto del acad\u00e9mico \u00d3scar Huerta ser\u00e1 presentado en la Conferencia Life Cycle Management 2021 - Facultad de Arquitectura, Dise\u00f1o y Estudios Urbanos","description":"El proyecto Method for Strategic Design in the Food Packaging System, del acad\u00e9mico Oscar Huerta, ha sido aceptado para la conferencia Life Cycle Management 2021: Building a Sustainable Future Based on Innovation and Digitalization, la cual tendr\u00e1 lugar desde el 5 hasta el 8 de septiembre en Stuttgart, Alemania.","robots":{"index":"index","follow":"follow","max-snippet":"max-snippet:-1","max-image-preview":"max-image-preview:large","max-video-preview":"max-video-preview:-1"},"canonical":"https:\/\/fadeu.urantiacos.cl\/en\/2021\/06\/03\/proyecto-del-academico-oscar-huerta-sera-presentado-en-la-conferencia-life-cycle-management-2021\/","og_locale":"en_US","og_type":"article","og_title":"Proyecto del acad\u00e9mico \u00d3scar Huerta ser\u00e1 presentado en la Conferencia Life Cycle Management 2021 - Facultad de Arquitectura, Dise\u00f1o y Estudios Urbanos","og_description":"El proyecto Method for Strategic Design in the Food Packaging System, del acad\u00e9mico Oscar Huerta, ha sido aceptado para la conferencia Life Cycle Management 2021: Building a Sustainable Future Based on Innovation and Digitalization, la cual tendr\u00e1 lugar desde el 5 hasta el 8 de septiembre en Stuttgart, Alemania.","og_url":"https:\/\/fadeu.urantiacos.cl\/en\/2021\/06\/03\/proyecto-del-academico-oscar-huerta-sera-presentado-en-la-conferencia-life-cycle-management-2021\/","og_site_name":"Facultad de Arquitectura, Dise\u00f1o y Estudios Urbanos","article_published_time":"2021-06-04T01:59:00+00:00","article_modified_time":"2023-09-08T02:01:33+00:00","og_image":[{"width":350,"height":250,"url":"https:\/\/fadeu.urantiacos.cl\/wp-content\/uploads\/2023\/09\/web_Retrato_Oscar_Huerta_BW_lo-res.jpg","type":"image\/jpeg"}],"author":"manadmin","twitter_card":"summary_large_image","twitter_misc":{"Written by":"manadmin","Est. reading time":"2 minutes"},"schema":{"@context":"https:\/\/schema.org","@graph":[{"@type":"Article","@id":"https:\/\/fadeu.urantiacos.cl\/en\/2021\/06\/03\/proyecto-del-academico-oscar-huerta-sera-presentado-en-la-conferencia-life-cycle-management-2021\/#article","isPartOf":{"@id":"https:\/\/fadeu.urantiacos.cl\/en\/2021\/06\/03\/proyecto-del-academico-oscar-huerta-sera-presentado-en-la-conferencia-life-cycle-management-2021\/"},"author":{"name":"manadmin","@id":"https:\/\/fadeu.urantiacos.cl\/en\/#\/schema\/person\/d203e2e84b1c40275eac77b3061a19a2"},"headline":"Proyecto del acad\u00e9mico \u00d3scar Huerta ser\u00e1 presentado en la Conferencia Life Cycle Management 2021","datePublished":"2021-06-04T01:59:00+00:00","dateModified":"2023-09-08T02:01:33+00:00","mainEntityOfPage":{"@id":"https:\/\/fadeu.urantiacos.cl\/en\/2021\/06\/03\/proyecto-del-academico-oscar-huerta-sera-presentado-en-la-conferencia-life-cycle-management-2021\/"},"wordCount":366,"commentCount":0,"image":{"@id":"https:\/\/fadeu.urantiacos.cl\/en\/2021\/06\/03\/proyecto-del-academico-oscar-huerta-sera-presentado-en-la-conferencia-life-cycle-management-2021\/#primaryimage"},"thumbnailUrl":"https:\/\/fadeu.urantiacos.cl\/wp-content\/uploads\/2023\/09\/web_Retrato_Oscar_Huerta_BW_lo-res.jpg","articleSection":["Sin categorizar"],"inLanguage":"en-US","potentialAction":[{"@type":"CommentAction","name":"Comment","target":["https:\/\/fadeu.urantiacos.cl\/en\/2021\/06\/03\/proyecto-del-academico-oscar-huerta-sera-presentado-en-la-conferencia-life-cycle-management-2021\/#respond"]}]},{"@type":"WebPage","@id":"https:\/\/fadeu.urantiacos.cl\/en\/2021\/06\/03\/proyecto-del-academico-oscar-huerta-sera-presentado-en-la-conferencia-life-cycle-management-2021\/","url":"https:\/\/fadeu.urantiacos.cl\/en\/2021\/06\/03\/proyecto-del-academico-oscar-huerta-sera-presentado-en-la-conferencia-life-cycle-management-2021\/","name":"Proyecto del acad\u00e9mico \u00d3scar Huerta ser\u00e1 presentado en la Conferencia Life Cycle Management 2021 - Facultad de Arquitectura, Dise\u00f1o y Estudios Urbanos","isPartOf":{"@id":"https:\/\/fadeu.urantiacos.cl\/en\/#website"},"primaryImageOfPage":{"@id":"https:\/\/fadeu.urantiacos.cl\/en\/2021\/06\/03\/proyecto-del-academico-oscar-huerta-sera-presentado-en-la-conferencia-life-cycle-management-2021\/#primaryimage"},"image":{"@id":"https:\/\/fadeu.urantiacos.cl\/en\/2021\/06\/03\/proyecto-del-academico-oscar-huerta-sera-presentado-en-la-conferencia-life-cycle-management-2021\/#primaryimage"},"thumbnailUrl":"https:\/\/fadeu.urantiacos.cl\/wp-content\/uploads\/2023\/09\/web_Retrato_Oscar_Huerta_BW_lo-res.jpg","datePublished":"2021-06-04T01:59:00+00:00","dateModified":"2023-09-08T02:01:33+00:00","author":{"@id":"https:\/\/fadeu.urantiacos.cl\/en\/#\/schema\/person\/d203e2e84b1c40275eac77b3061a19a2"},"description":"El proyecto Method for Strategic Design in the Food Packaging System, del acad\u00e9mico Oscar Huerta, ha sido aceptado para la conferencia Life Cycle Management 2021: Building a Sustainable Future Based on Innovation and Digitalization, la cual tendr\u00e1 lugar desde el 5 hasta el 8 de septiembre en Stuttgart, Alemania.","breadcrumb":{"@id":"https:\/\/fadeu.urantiacos.cl\/en\/2021\/06\/03\/proyecto-del-academico-oscar-huerta-sera-presentado-en-la-conferencia-life-cycle-management-2021\/#breadcrumb"},"inLanguage":"en-US","potentialAction":[{"@type":"ReadAction","target":["https:\/\/fadeu.urantiacos.cl\/en\/2021\/06\/03\/proyecto-del-academico-oscar-huerta-sera-presentado-en-la-conferencia-life-cycle-management-2021\/"]}]},{"@type":"ImageObject","inLanguage":"en-US","@id":"https:\/\/fadeu.urantiacos.cl\/en\/2021\/06\/03\/proyecto-del-academico-oscar-huerta-sera-presentado-en-la-conferencia-life-cycle-management-2021\/#primaryimage","url":"https:\/\/fadeu.urantiacos.cl\/wp-content\/uploads\/2023\/09\/web_Retrato_Oscar_Huerta_BW_lo-res.jpg","contentUrl":"https:\/\/fadeu.urantiacos.cl\/wp-content\/uploads\/2023\/09\/web_Retrato_Oscar_Huerta_BW_lo-res.jpg","width":350,"height":250},{"@type":"BreadcrumbList","@id":"https:\/\/fadeu.urantiacos.cl\/en\/2021\/06\/03\/proyecto-del-academico-oscar-huerta-sera-presentado-en-la-conferencia-life-cycle-management-2021\/#breadcrumb","itemListElement":[{"@type":"ListItem","position":1,"name":"Portada","item":"https:\/\/fadeu.urantiacos.cl\/en\/"},{"@type":"ListItem","position":2,"name":"Proyecto del acad\u00e9mico \u00d3scar Huerta ser\u00e1 presentado en la Conferencia Life Cycle Management 2021"}]},{"@type":"WebSite","@id":"https:\/\/fadeu.urantiacos.cl\/en\/#website","url":"https:\/\/fadeu.urantiacos.cl\/en\/","name":"Facultad de Arquitectura, Dise\u00f1o y Estudios Urbanos","description":"Campus Lo Contador","potentialAction":[{"@type":"SearchAction","target":{"@type":"EntryPoint","urlTemplate":"https:\/\/fadeu.urantiacos.cl\/en\/?s={search_term_string}"},"query-input":{"@type":"PropertyValueSpecification","valueRequired":true,"valueName":"search_term_string"}}],"inLanguage":"en-US"},{"@type":"Person","@id":"https:\/\/fadeu.urantiacos.cl\/en\/#\/schema\/person\/d203e2e84b1c40275eac77b3061a19a2","name":"manadmin","image":{"@type":"ImageObject","inLanguage":"en-US","@id":"https:\/\/fadeu.urantiacos.cl\/en\/#\/schema\/person\/image\/","url":"https:\/\/secure.gravatar.com\/avatar\/4b1d8e3303b4a9d8968ac578947d8bc80d9aea359f388cdd4aac15cadc0e8447?s=96&d=mm&r=g","contentUrl":"https:\/\/secure.gravatar.com\/avatar\/4b1d8e3303b4a9d8968ac578947d8bc80d9aea359f388cdd4aac15cadc0e8447?s=96&d=mm&r=g","caption":"manadmin"},"sameAs":["https:\/\/fadeu.urantiacos.cl"]}]}},"_links":{"self":[{"href":"https:\/\/fadeu.urantiacos.cl\/en\/wp-json\/wp\/v2\/posts\/6881","targetHints":{"allow":["GET"]}}],"collection":[{"href":"https:\/\/fadeu.urantiacos.cl\/en\/wp-json\/wp\/v2\/posts"}],"about":[{"href":"https:\/\/fadeu.urantiacos.cl\/en\/wp-json\/wp\/v2\/types\/post"}],"author":[{"embeddable":true,"href":"https:\/\/fadeu.urantiacos.cl\/en\/wp-json\/wp\/v2\/users\/1"}],"replies":[{"embeddable":true,"href":"https:\/\/fadeu.urantiacos.cl\/en\/wp-json\/wp\/v2\/comments?post=6881"}],"version-history":[{"count":1,"href":"https:\/\/fadeu.urantiacos.cl\/en\/wp-json\/wp\/v2\/posts\/6881\/revisions"}],"predecessor-version":[{"id":6884,"href":"https:\/\/fadeu.urantiacos.cl\/en\/wp-json\/wp\/v2\/posts\/6881\/revisions\/6884"}],"wp:featuredmedia":[{"embeddable":true,"href":"https:\/\/fadeu.urantiacos.cl\/en\/wp-json\/wp\/v2\/media\/6883"}],"wp:attachment":[{"href":"https:\/\/fadeu.urantiacos.cl\/en\/wp-json\/wp\/v2\/media?parent=6881"}],"wp:term":[{"taxonomy":"category","embeddable":true,"href":"https:\/\/fadeu.urantiacos.cl\/en\/wp-json\/wp\/v2\/categories?post=6881"},{"taxonomy":"post_tag","embeddable":true,"href":"https:\/\/fadeu.urantiacos.cl\/en\/wp-json\/wp\/v2\/tags?post=6881"}],"curies":[{"name":"wp","href":"https:\/\/api.w.org\/{rel}","templated":true}]}}