{"id":6861,"date":"2021-06-07T22:43:00","date_gmt":"2021-06-08T01:43:00","guid":{"rendered":"https:\/\/fadeu.urantiacos.cl\/?p=6861"},"modified":"2023-09-07T22:45:05","modified_gmt":"2023-09-08T01:45:05","slug":"postgrados-ieut-proceso-de-admision-para-el-segundo-semestre-se-encuentra-abierto-hasta-el-13-de-julio","status":"publish","type":"post","link":"https:\/\/fadeu.urantiacos.cl\/en\/2021\/06\/07\/postgrados-ieut-proceso-de-admision-para-el-segundo-semestre-se-encuentra-abierto-hasta-el-13-de-julio\/","title":{"rendered":"Postgrados IEUT: Proceso de admisi\u00f3n para el segundo semestre se encuentra abierto hasta el 13 de julio"},"content":{"rendered":"\n<figure class=\"wp-block-image size-full\"><img decoding=\"async\" width=\"350\" height=\"250\" src=\"https:\/\/fadeu.urantiacos.cl\/wp-content\/uploads\/2023\/09\/wEB_ED___IEUT_PUC_IRA05.jpg\" alt=\"\" class=\"wp-image-6862\" srcset=\"https:\/\/fadeu.urantiacos.cl\/wp-content\/uploads\/2023\/09\/wEB_ED___IEUT_PUC_IRA05.jpg 350w, https:\/\/fadeu.urantiacos.cl\/wp-content\/uploads\/2023\/09\/wEB_ED___IEUT_PUC_IRA05-300x214.jpg 300w\" sizes=\"(max-width: 350px) 100vw, 350px\" \/><\/figure>\n\n\n\n<p>El Mag\u00edster en Desarrollo Urbano y el Mag\u00edster en Asentamientos Humanos y Medio Ambiente son programas de car\u00e1cter acad\u00e9mico, presencial y diurno, y tienen una carga acad\u00e9mica de 35 horas semanales de trabajo (considerando las horas de clases y el trabajo personal que exige cada curso). Las clases se programan dentro de un horario que comprende los d\u00edas mi\u00e9rcoles desde las 15:30 hasta las 21:20 horas, y los d\u00edas jueves y viernes entre las 8:30 y las 21:30 horas.<\/p>\n\n\n\n<p>El Curriculum de los programas tiene una totalidad de 140 cr\u00e9ditos, pensados a realizarse en cuatro semestres (dos a\u00f1os). La actividad de graduaci\u00f3n es una tesis acad\u00e9mica, la cual inicia en el tercer semestre del programa y se defiende al finalizar el cuarto.<\/p>\n\n\n\n<p>Una de las riquezas de ambos programas es la vigencia de sus acad\u00e9micos, investigadores activos y especializados en las principales problem\u00e1ticas urbanas y territoriales contempor\u00e1neas; lo que permite contar con cursos en permanentemente actualizaci\u00f3n. Otra caracter\u00edstica que distingue a ambos programas de Mag\u00edster es su car\u00e1cter internacional e interdisciplinario, y la diversidad de sus estudiantes -tanto en disciplina de origen como de nacionalidad-, lo que enriquece la discusi\u00f3n y ampl\u00eda la mirada sobre los \u00e1mbitos y problemas de la ciudad y el territorio.<\/p>\n\n\n\n<p><strong>Mag\u00edster en Desarrollo Urbano<\/strong><\/p>\n\n\n\n<p>El Mag\u00edster en Desarrollo Urbano (MDU) estudia los procesos espaciales, socioculturales, econ\u00f3micos y pol\u00edticos que configuran la ciudad contempor\u00e1nea en sus diferentes escalas, para abordar los desaf\u00edos de la planificaci\u00f3n y de la gobernanza, vinculados al desarrollo urbano y del territorio.<\/p>\n\n\n\n<p>Tiene por objetivo formar especialistas con conocimientos actualizados en planificaci\u00f3n y estudios de la ciudad desde un enfoque integral, con una perspectiva \u00e9tica, capaces de identificar cr\u00edticamente los conflictos y oportunidades en escenarios urbanos y abordarlos a trav\u00e9s de planes, programas y proyectos.<\/p>\n\n\n\n<p>A su vez, potencia habilidades en investigaci\u00f3n y entrega las herramientas adecuadas para mejorar la calidad de vida del medio urbano, poniendo especial \u00e9nfasis en planificaci\u00f3n urbana, gesti\u00f3n y gobernanza; sustentabilidad; patrimonio y transformaciones sociales; econom\u00eda urbana, desarrollo inmobiliario y movilidad.<\/p>\n\n\n\n<p><strong>Mag\u00edster en Asentamientos Humanos y Medio Ambiente<\/strong><\/p>\n\n\n\n<p>El Mag\u00edster en Asentamientos Humanos y Medio Ambiente (MHM) estudia los procesos de ocupaci\u00f3n y transformaci\u00f3n del territorio en sus diferentes escalas, con \u00e9nfasis en las din\u00e1micas ambientales y sociales, para abordar los desaf\u00edos contempor\u00e1neos de la sustentabilidad.<\/p>\n\n\n\n<p>El objetivo del programa es formar especialistas con conocimientos actualizados para el estudio de los asentamientos humanos desde un enfoque integral y \u00e9tico, capaces de identificar cr\u00edticamente los factores ambientales que inciden en el desarrollo de los territorios y las comunidades que los habitan.<\/p>\n\n\n\n<p>A su vez, potencia las habilidades de investigaci\u00f3n y entrega las herramientas necesarias para elaborar y evaluar propuestas de intervenci\u00f3n en distintas escalas, poniendo especial \u00e9nfasis en planificaci\u00f3n, en sustentabilidad urbano-regional; gesti\u00f3n y gobernanza; patrimonio y transformaciones sociales; instrumentos de gesti\u00f3n y evaluaci\u00f3n; econom\u00eda urbana, desarrollo inmobiliario y movilidad.<\/p>\n\n\n\n<p><a href=\"https:\/\/estudiosurbanos.uc.cl\/postulantes\/informacion-de-interes\/\" target=\"_blank\" rel=\"noreferrer noopener\">PINCHA AQU\u00cd PARA CONOCER TODA LA INFORMACI\u00d3N NECESARIA PARA TU POSTULACI\u00d3N.<\/a><\/p>\n\n\n\n<p><a href=\"https:\/\/estudiosurbanos.uc.cl\/programas\/magister\/\" target=\"_blank\" rel=\"noreferrer noopener\">PINCHA AQU\u00cd PARA CONOCER M\u00c1S DE CADA UNO DE LOS PROGRAMAS.<\/a><\/p>\n","protected":false},"excerpt":{"rendered":"<p>El proceso de admisi\u00f3n para los programas de Postgrado del Instituto de Estudios Urbanos y Territoriales de la UC, de cara al segundo semestre, se encuentra abierto hasta el 13 de julio, seg\u00fan se ha informado desde la Subdirecci\u00f3n de Postgrado de la respectiva unidad acad\u00e9mica, que dirige la profesora Caroline Stamm.<\/p>\n","protected":false},"author":1,"featured_media":6862,"comment_status":"open","ping_status":"open","sticky":false,"template":"","format":"standard","meta":{"_acf_changed":false,"footnotes":""},"categories":[1],"tags":[],"class_list":["post-6861","post","type-post","status-publish","format-standard","has-post-thumbnail","hentry","category-sin-categorizar"],"acf":[],"yoast_head":"<!-- This site is optimized with the Yoast SEO plugin v27.1.1 - https:\/\/yoast.com\/product\/yoast-seo-wordpress\/ -->\n<title>Postgrados IEUT: Proceso de admisi\u00f3n para el segundo semestre se encuentra abierto hasta el 13 de julio - Facultad de Arquitectura, Dise\u00f1o y Estudios Urbanos<\/title>\n<meta name=\"description\" content=\"El proceso de admisi\u00f3n para los programas de Postgrado del Instituto de Estudios Urbanos y Territoriales de la UC, de cara al segundo semestre, se encuentra abierto hasta el 13 de julio, seg\u00fan se ha informado desde la Subdirecci\u00f3n de Postgrado de la respectiva unidad acad\u00e9mica, que dirige la profesora Caroline Stamm.\" \/>\n<meta name=\"robots\" content=\"index, follow, max-snippet:-1, max-image-preview:large, max-video-preview:-1\" \/>\n<link rel=\"canonical\" href=\"https:\/\/fadeu.urantiacos.cl\/en\/2021\/06\/07\/postgrados-ieut-proceso-de-admision-para-el-segundo-semestre-se-encuentra-abierto-hasta-el-13-de-julio\/\" \/>\n<meta property=\"og:locale\" content=\"en_US\" \/>\n<meta property=\"og:type\" content=\"article\" \/>\n<meta property=\"og:title\" content=\"Postgrados IEUT: Proceso de admisi\u00f3n para el segundo semestre se encuentra abierto hasta el 13 de julio - Facultad de Arquitectura, Dise\u00f1o y Estudios Urbanos\" \/>\n<meta property=\"og:description\" content=\"El proceso de admisi\u00f3n para los programas de Postgrado del Instituto de Estudios Urbanos y Territoriales de la UC, de cara al segundo semestre, se encuentra abierto hasta el 13 de julio, seg\u00fan se ha informado desde la Subdirecci\u00f3n de Postgrado de la respectiva unidad acad\u00e9mica, que dirige la profesora Caroline Stamm.\" \/>\n<meta property=\"og:url\" content=\"https:\/\/fadeu.urantiacos.cl\/en\/2021\/06\/07\/postgrados-ieut-proceso-de-admision-para-el-segundo-semestre-se-encuentra-abierto-hasta-el-13-de-julio\/\" \/>\n<meta property=\"og:site_name\" content=\"Facultad de Arquitectura, Dise\u00f1o y Estudios Urbanos\" \/>\n<meta property=\"article:published_time\" content=\"2021-06-08T01:43:00+00:00\" \/>\n<meta property=\"article:modified_time\" content=\"2023-09-08T01:45:05+00:00\" \/>\n<meta property=\"og:image\" content=\"https:\/\/fadeu.urantiacos.cl\/wp-content\/uploads\/2023\/09\/wEB_ED___IEUT_PUC_IRA05.jpg\" \/>\n\t<meta property=\"og:image:width\" content=\"350\" \/>\n\t<meta property=\"og:image:height\" content=\"250\" \/>\n\t<meta property=\"og:image:type\" content=\"image\/jpeg\" \/>\n<meta name=\"author\" content=\"manadmin\" \/>\n<meta name=\"twitter:card\" content=\"summary_large_image\" \/>\n<meta name=\"twitter:label1\" content=\"Written by\" \/>\n\t<meta name=\"twitter:data1\" content=\"manadmin\" \/>\n\t<meta name=\"twitter:label2\" content=\"Est. reading time\" \/>\n\t<meta name=\"twitter:data2\" content=\"3 minutes\" \/>\n<script type=\"application\/ld+json\" class=\"yoast-schema-graph\">{\"@context\":\"https:\/\/schema.org\",\"@graph\":[{\"@type\":\"Article\",\"@id\":\"https:\/\/fadeu.urantiacos.cl\/en\/2021\/06\/07\/postgrados-ieut-proceso-de-admision-para-el-segundo-semestre-se-encuentra-abierto-hasta-el-13-de-julio\/#article\",\"isPartOf\":{\"@id\":\"https:\/\/fadeu.urantiacos.cl\/en\/2021\/06\/07\/postgrados-ieut-proceso-de-admision-para-el-segundo-semestre-se-encuentra-abierto-hasta-el-13-de-julio\/\"},\"author\":{\"name\":\"manadmin\",\"@id\":\"https:\/\/fadeu.urantiacos.cl\/en\/#\/schema\/person\/d203e2e84b1c40275eac77b3061a19a2\"},\"headline\":\"Postgrados IEUT: Proceso de admisi\u00f3n para el segundo semestre se encuentra abierto hasta el 13 de julio\",\"datePublished\":\"2021-06-08T01:43:00+00:00\",\"dateModified\":\"2023-09-08T01:45:05+00:00\",\"mainEntityOfPage\":{\"@id\":\"https:\/\/fadeu.urantiacos.cl\/en\/2021\/06\/07\/postgrados-ieut-proceso-de-admision-para-el-segundo-semestre-se-encuentra-abierto-hasta-el-13-de-julio\/\"},\"wordCount\":558,\"commentCount\":0,\"image\":{\"@id\":\"https:\/\/fadeu.urantiacos.cl\/en\/2021\/06\/07\/postgrados-ieut-proceso-de-admision-para-el-segundo-semestre-se-encuentra-abierto-hasta-el-13-de-julio\/#primaryimage\"},\"thumbnailUrl\":\"https:\/\/fadeu.urantiacos.cl\/wp-content\/uploads\/2023\/09\/wEB_ED___IEUT_PUC_IRA05.jpg\",\"articleSection\":[\"Sin categorizar\"],\"inLanguage\":\"en-US\",\"potentialAction\":[{\"@type\":\"CommentAction\",\"name\":\"Comment\",\"target\":[\"https:\/\/fadeu.urantiacos.cl\/en\/2021\/06\/07\/postgrados-ieut-proceso-de-admision-para-el-segundo-semestre-se-encuentra-abierto-hasta-el-13-de-julio\/#respond\"]}]},{\"@type\":\"WebPage\",\"@id\":\"https:\/\/fadeu.urantiacos.cl\/en\/2021\/06\/07\/postgrados-ieut-proceso-de-admision-para-el-segundo-semestre-se-encuentra-abierto-hasta-el-13-de-julio\/\",\"url\":\"https:\/\/fadeu.urantiacos.cl\/en\/2021\/06\/07\/postgrados-ieut-proceso-de-admision-para-el-segundo-semestre-se-encuentra-abierto-hasta-el-13-de-julio\/\",\"name\":\"Postgrados IEUT: Proceso de admisi\u00f3n para el segundo semestre se encuentra abierto hasta el 13 de julio - Facultad de Arquitectura, Dise\u00f1o y Estudios Urbanos\",\"isPartOf\":{\"@id\":\"https:\/\/fadeu.urantiacos.cl\/en\/#website\"},\"primaryImageOfPage\":{\"@id\":\"https:\/\/fadeu.urantiacos.cl\/en\/2021\/06\/07\/postgrados-ieut-proceso-de-admision-para-el-segundo-semestre-se-encuentra-abierto-hasta-el-13-de-julio\/#primaryimage\"},\"image\":{\"@id\":\"https:\/\/fadeu.urantiacos.cl\/en\/2021\/06\/07\/postgrados-ieut-proceso-de-admision-para-el-segundo-semestre-se-encuentra-abierto-hasta-el-13-de-julio\/#primaryimage\"},\"thumbnailUrl\":\"https:\/\/fadeu.urantiacos.cl\/wp-content\/uploads\/2023\/09\/wEB_ED___IEUT_PUC_IRA05.jpg\",\"datePublished\":\"2021-06-08T01:43:00+00:00\",\"dateModified\":\"2023-09-08T01:45:05+00:00\",\"author\":{\"@id\":\"https:\/\/fadeu.urantiacos.cl\/en\/#\/schema\/person\/d203e2e84b1c40275eac77b3061a19a2\"},\"description\":\"El proceso de admisi\u00f3n para los programas de Postgrado del Instituto de Estudios Urbanos y Territoriales de la UC, de cara al segundo semestre, se encuentra abierto hasta el 13 de julio, seg\u00fan se ha informado desde la Subdirecci\u00f3n de Postgrado de la respectiva unidad acad\u00e9mica, que dirige la profesora Caroline Stamm.\",\"breadcrumb\":{\"@id\":\"https:\/\/fadeu.urantiacos.cl\/en\/2021\/06\/07\/postgrados-ieut-proceso-de-admision-para-el-segundo-semestre-se-encuentra-abierto-hasta-el-13-de-julio\/#breadcrumb\"},\"inLanguage\":\"en-US\",\"potentialAction\":[{\"@type\":\"ReadAction\",\"target\":[\"https:\/\/fadeu.urantiacos.cl\/en\/2021\/06\/07\/postgrados-ieut-proceso-de-admision-para-el-segundo-semestre-se-encuentra-abierto-hasta-el-13-de-julio\/\"]}]},{\"@type\":\"ImageObject\",\"inLanguage\":\"en-US\",\"@id\":\"https:\/\/fadeu.urantiacos.cl\/en\/2021\/06\/07\/postgrados-ieut-proceso-de-admision-para-el-segundo-semestre-se-encuentra-abierto-hasta-el-13-de-julio\/#primaryimage\",\"url\":\"https:\/\/fadeu.urantiacos.cl\/wp-content\/uploads\/2023\/09\/wEB_ED___IEUT_PUC_IRA05.jpg\",\"contentUrl\":\"https:\/\/fadeu.urantiacos.cl\/wp-content\/uploads\/2023\/09\/wEB_ED___IEUT_PUC_IRA05.jpg\",\"width\":350,\"height\":250},{\"@type\":\"BreadcrumbList\",\"@id\":\"https:\/\/fadeu.urantiacos.cl\/en\/2021\/06\/07\/postgrados-ieut-proceso-de-admision-para-el-segundo-semestre-se-encuentra-abierto-hasta-el-13-de-julio\/#breadcrumb\",\"itemListElement\":[{\"@type\":\"ListItem\",\"position\":1,\"name\":\"Portada\",\"item\":\"https:\/\/fadeu.urantiacos.cl\/en\/\"},{\"@type\":\"ListItem\",\"position\":2,\"name\":\"Postgrados IEUT: Proceso de admisi\u00f3n para el segundo semestre se encuentra abierto hasta el 13 de julio\"}]},{\"@type\":\"WebSite\",\"@id\":\"https:\/\/fadeu.urantiacos.cl\/en\/#website\",\"url\":\"https:\/\/fadeu.urantiacos.cl\/en\/\",\"name\":\"Facultad de Arquitectura, Dise\u00f1o y Estudios Urbanos\",\"description\":\"Campus Lo Contador\",\"potentialAction\":[{\"@type\":\"SearchAction\",\"target\":{\"@type\":\"EntryPoint\",\"urlTemplate\":\"https:\/\/fadeu.urantiacos.cl\/en\/?s={search_term_string}\"},\"query-input\":{\"@type\":\"PropertyValueSpecification\",\"valueRequired\":true,\"valueName\":\"search_term_string\"}}],\"inLanguage\":\"en-US\"},{\"@type\":\"Person\",\"@id\":\"https:\/\/fadeu.urantiacos.cl\/en\/#\/schema\/person\/d203e2e84b1c40275eac77b3061a19a2\",\"name\":\"manadmin\",\"image\":{\"@type\":\"ImageObject\",\"inLanguage\":\"en-US\",\"@id\":\"https:\/\/fadeu.urantiacos.cl\/en\/#\/schema\/person\/image\/\",\"url\":\"https:\/\/secure.gravatar.com\/avatar\/4b1d8e3303b4a9d8968ac578947d8bc80d9aea359f388cdd4aac15cadc0e8447?s=96&d=mm&r=g\",\"contentUrl\":\"https:\/\/secure.gravatar.com\/avatar\/4b1d8e3303b4a9d8968ac578947d8bc80d9aea359f388cdd4aac15cadc0e8447?s=96&d=mm&r=g\",\"caption\":\"manadmin\"},\"sameAs\":[\"https:\/\/fadeu.urantiacos.cl\"]}]}<\/script>\n<!-- \/ Yoast SEO plugin. -->","yoast_head_json":{"title":"Postgrados IEUT: Proceso de admisi\u00f3n para el segundo semestre se encuentra abierto hasta el 13 de julio - Facultad de Arquitectura, Dise\u00f1o y Estudios Urbanos","description":"El proceso de admisi\u00f3n para los programas de Postgrado del Instituto de Estudios Urbanos y Territoriales de la UC, de cara al segundo semestre, se encuentra abierto hasta el 13 de julio, seg\u00fan se ha informado desde la Subdirecci\u00f3n de Postgrado de la respectiva unidad acad\u00e9mica, que dirige la profesora Caroline Stamm.","robots":{"index":"index","follow":"follow","max-snippet":"max-snippet:-1","max-image-preview":"max-image-preview:large","max-video-preview":"max-video-preview:-1"},"canonical":"https:\/\/fadeu.urantiacos.cl\/en\/2021\/06\/07\/postgrados-ieut-proceso-de-admision-para-el-segundo-semestre-se-encuentra-abierto-hasta-el-13-de-julio\/","og_locale":"en_US","og_type":"article","og_title":"Postgrados IEUT: Proceso de admisi\u00f3n para el segundo semestre se encuentra abierto hasta el 13 de julio - Facultad de Arquitectura, Dise\u00f1o y Estudios Urbanos","og_description":"El proceso de admisi\u00f3n para los programas de Postgrado del Instituto de Estudios Urbanos y Territoriales de la UC, de cara al segundo semestre, se encuentra abierto hasta el 13 de julio, seg\u00fan se ha informado desde la Subdirecci\u00f3n de Postgrado de la respectiva unidad acad\u00e9mica, que dirige la profesora Caroline Stamm.","og_url":"https:\/\/fadeu.urantiacos.cl\/en\/2021\/06\/07\/postgrados-ieut-proceso-de-admision-para-el-segundo-semestre-se-encuentra-abierto-hasta-el-13-de-julio\/","og_site_name":"Facultad de Arquitectura, Dise\u00f1o y Estudios Urbanos","article_published_time":"2021-06-08T01:43:00+00:00","article_modified_time":"2023-09-08T01:45:05+00:00","og_image":[{"width":350,"height":250,"url":"https:\/\/fadeu.urantiacos.cl\/wp-content\/uploads\/2023\/09\/wEB_ED___IEUT_PUC_IRA05.jpg","type":"image\/jpeg"}],"author":"manadmin","twitter_card":"summary_large_image","twitter_misc":{"Written by":"manadmin","Est. reading time":"3 minutes"},"schema":{"@context":"https:\/\/schema.org","@graph":[{"@type":"Article","@id":"https:\/\/fadeu.urantiacos.cl\/en\/2021\/06\/07\/postgrados-ieut-proceso-de-admision-para-el-segundo-semestre-se-encuentra-abierto-hasta-el-13-de-julio\/#article","isPartOf":{"@id":"https:\/\/fadeu.urantiacos.cl\/en\/2021\/06\/07\/postgrados-ieut-proceso-de-admision-para-el-segundo-semestre-se-encuentra-abierto-hasta-el-13-de-julio\/"},"author":{"name":"manadmin","@id":"https:\/\/fadeu.urantiacos.cl\/en\/#\/schema\/person\/d203e2e84b1c40275eac77b3061a19a2"},"headline":"Postgrados IEUT: Proceso de admisi\u00f3n para el segundo semestre se encuentra abierto hasta el 13 de julio","datePublished":"2021-06-08T01:43:00+00:00","dateModified":"2023-09-08T01:45:05+00:00","mainEntityOfPage":{"@id":"https:\/\/fadeu.urantiacos.cl\/en\/2021\/06\/07\/postgrados-ieut-proceso-de-admision-para-el-segundo-semestre-se-encuentra-abierto-hasta-el-13-de-julio\/"},"wordCount":558,"commentCount":0,"image":{"@id":"https:\/\/fadeu.urantiacos.cl\/en\/2021\/06\/07\/postgrados-ieut-proceso-de-admision-para-el-segundo-semestre-se-encuentra-abierto-hasta-el-13-de-julio\/#primaryimage"},"thumbnailUrl":"https:\/\/fadeu.urantiacos.cl\/wp-content\/uploads\/2023\/09\/wEB_ED___IEUT_PUC_IRA05.jpg","articleSection":["Sin categorizar"],"inLanguage":"en-US","potentialAction":[{"@type":"CommentAction","name":"Comment","target":["https:\/\/fadeu.urantiacos.cl\/en\/2021\/06\/07\/postgrados-ieut-proceso-de-admision-para-el-segundo-semestre-se-encuentra-abierto-hasta-el-13-de-julio\/#respond"]}]},{"@type":"WebPage","@id":"https:\/\/fadeu.urantiacos.cl\/en\/2021\/06\/07\/postgrados-ieut-proceso-de-admision-para-el-segundo-semestre-se-encuentra-abierto-hasta-el-13-de-julio\/","url":"https:\/\/fadeu.urantiacos.cl\/en\/2021\/06\/07\/postgrados-ieut-proceso-de-admision-para-el-segundo-semestre-se-encuentra-abierto-hasta-el-13-de-julio\/","name":"Postgrados IEUT: Proceso de admisi\u00f3n para el segundo semestre se encuentra abierto hasta el 13 de julio - Facultad de Arquitectura, Dise\u00f1o y Estudios Urbanos","isPartOf":{"@id":"https:\/\/fadeu.urantiacos.cl\/en\/#website"},"primaryImageOfPage":{"@id":"https:\/\/fadeu.urantiacos.cl\/en\/2021\/06\/07\/postgrados-ieut-proceso-de-admision-para-el-segundo-semestre-se-encuentra-abierto-hasta-el-13-de-julio\/#primaryimage"},"image":{"@id":"https:\/\/fadeu.urantiacos.cl\/en\/2021\/06\/07\/postgrados-ieut-proceso-de-admision-para-el-segundo-semestre-se-encuentra-abierto-hasta-el-13-de-julio\/#primaryimage"},"thumbnailUrl":"https:\/\/fadeu.urantiacos.cl\/wp-content\/uploads\/2023\/09\/wEB_ED___IEUT_PUC_IRA05.jpg","datePublished":"2021-06-08T01:43:00+00:00","dateModified":"2023-09-08T01:45:05+00:00","author":{"@id":"https:\/\/fadeu.urantiacos.cl\/en\/#\/schema\/person\/d203e2e84b1c40275eac77b3061a19a2"},"description":"El proceso de admisi\u00f3n para los programas de Postgrado del Instituto de Estudios Urbanos y Territoriales de la UC, de cara al segundo semestre, se encuentra abierto hasta el 13 de julio, seg\u00fan se ha informado desde la Subdirecci\u00f3n de Postgrado de la respectiva unidad acad\u00e9mica, que dirige la profesora Caroline Stamm.","breadcrumb":{"@id":"https:\/\/fadeu.urantiacos.cl\/en\/2021\/06\/07\/postgrados-ieut-proceso-de-admision-para-el-segundo-semestre-se-encuentra-abierto-hasta-el-13-de-julio\/#breadcrumb"},"inLanguage":"en-US","potentialAction":[{"@type":"ReadAction","target":["https:\/\/fadeu.urantiacos.cl\/en\/2021\/06\/07\/postgrados-ieut-proceso-de-admision-para-el-segundo-semestre-se-encuentra-abierto-hasta-el-13-de-julio\/"]}]},{"@type":"ImageObject","inLanguage":"en-US","@id":"https:\/\/fadeu.urantiacos.cl\/en\/2021\/06\/07\/postgrados-ieut-proceso-de-admision-para-el-segundo-semestre-se-encuentra-abierto-hasta-el-13-de-julio\/#primaryimage","url":"https:\/\/fadeu.urantiacos.cl\/wp-content\/uploads\/2023\/09\/wEB_ED___IEUT_PUC_IRA05.jpg","contentUrl":"https:\/\/fadeu.urantiacos.cl\/wp-content\/uploads\/2023\/09\/wEB_ED___IEUT_PUC_IRA05.jpg","width":350,"height":250},{"@type":"BreadcrumbList","@id":"https:\/\/fadeu.urantiacos.cl\/en\/2021\/06\/07\/postgrados-ieut-proceso-de-admision-para-el-segundo-semestre-se-encuentra-abierto-hasta-el-13-de-julio\/#breadcrumb","itemListElement":[{"@type":"ListItem","position":1,"name":"Portada","item":"https:\/\/fadeu.urantiacos.cl\/en\/"},{"@type":"ListItem","position":2,"name":"Postgrados IEUT: Proceso de admisi\u00f3n para el segundo semestre se encuentra abierto hasta el 13 de julio"}]},{"@type":"WebSite","@id":"https:\/\/fadeu.urantiacos.cl\/en\/#website","url":"https:\/\/fadeu.urantiacos.cl\/en\/","name":"Facultad de Arquitectura, Dise\u00f1o y Estudios Urbanos","description":"Campus Lo Contador","potentialAction":[{"@type":"SearchAction","target":{"@type":"EntryPoint","urlTemplate":"https:\/\/fadeu.urantiacos.cl\/en\/?s={search_term_string}"},"query-input":{"@type":"PropertyValueSpecification","valueRequired":true,"valueName":"search_term_string"}}],"inLanguage":"en-US"},{"@type":"Person","@id":"https:\/\/fadeu.urantiacos.cl\/en\/#\/schema\/person\/d203e2e84b1c40275eac77b3061a19a2","name":"manadmin","image":{"@type":"ImageObject","inLanguage":"en-US","@id":"https:\/\/fadeu.urantiacos.cl\/en\/#\/schema\/person\/image\/","url":"https:\/\/secure.gravatar.com\/avatar\/4b1d8e3303b4a9d8968ac578947d8bc80d9aea359f388cdd4aac15cadc0e8447?s=96&d=mm&r=g","contentUrl":"https:\/\/secure.gravatar.com\/avatar\/4b1d8e3303b4a9d8968ac578947d8bc80d9aea359f388cdd4aac15cadc0e8447?s=96&d=mm&r=g","caption":"manadmin"},"sameAs":["https:\/\/fadeu.urantiacos.cl"]}]}},"_links":{"self":[{"href":"https:\/\/fadeu.urantiacos.cl\/en\/wp-json\/wp\/v2\/posts\/6861","targetHints":{"allow":["GET"]}}],"collection":[{"href":"https:\/\/fadeu.urantiacos.cl\/en\/wp-json\/wp\/v2\/posts"}],"about":[{"href":"https:\/\/fadeu.urantiacos.cl\/en\/wp-json\/wp\/v2\/types\/post"}],"author":[{"embeddable":true,"href":"https:\/\/fadeu.urantiacos.cl\/en\/wp-json\/wp\/v2\/users\/1"}],"replies":[{"embeddable":true,"href":"https:\/\/fadeu.urantiacos.cl\/en\/wp-json\/wp\/v2\/comments?post=6861"}],"version-history":[{"count":1,"href":"https:\/\/fadeu.urantiacos.cl\/en\/wp-json\/wp\/v2\/posts\/6861\/revisions"}],"predecessor-version":[{"id":6863,"href":"https:\/\/fadeu.urantiacos.cl\/en\/wp-json\/wp\/v2\/posts\/6861\/revisions\/6863"}],"wp:featuredmedia":[{"embeddable":true,"href":"https:\/\/fadeu.urantiacos.cl\/en\/wp-json\/wp\/v2\/media\/6862"}],"wp:attachment":[{"href":"https:\/\/fadeu.urantiacos.cl\/en\/wp-json\/wp\/v2\/media?parent=6861"}],"wp:term":[{"taxonomy":"category","embeddable":true,"href":"https:\/\/fadeu.urantiacos.cl\/en\/wp-json\/wp\/v2\/categories?post=6861"},{"taxonomy":"post_tag","embeddable":true,"href":"https:\/\/fadeu.urantiacos.cl\/en\/wp-json\/wp\/v2\/tags?post=6861"}],"curies":[{"name":"wp","href":"https:\/\/api.w.org\/{rel}","templated":true}]}}