{"id":6858,"date":"2021-06-07T22:41:00","date_gmt":"2021-06-08T01:41:00","guid":{"rendered":"https:\/\/fadeu.urantiacos.cl\/?p=6858"},"modified":"2023-09-07T22:43:28","modified_gmt":"2023-09-08T01:43:28","slug":"honorable-consejo-superior-uc-otorga-la-categoria-de-profesor-titular-al-decano-mario-ubilla","status":"publish","type":"post","link":"https:\/\/fadeu.urantiacos.cl\/en\/2021\/06\/07\/honorable-consejo-superior-uc-otorga-la-categoria-de-profesor-titular-al-decano-mario-ubilla\/","title":{"rendered":"Honorable Consejo Superior UC otorga la categor\u00eda de Profesor Titular al Decano Mario Ubilla"},"content":{"rendered":"\n<figure class=\"wp-block-image size-full\"><img decoding=\"async\" width=\"350\" height=\"250\" src=\"https:\/\/fadeu.urantiacos.cl\/wp-content\/uploads\/2023\/09\/mario_ubilla_junio.jpeg\" alt=\"\" class=\"wp-image-6859\" srcset=\"https:\/\/fadeu.urantiacos.cl\/wp-content\/uploads\/2023\/09\/mario_ubilla_junio.jpeg 350w, https:\/\/fadeu.urantiacos.cl\/wp-content\/uploads\/2023\/09\/mario_ubilla_junio-300x214.jpeg 300w\" sizes=\"(max-width: 350px) 100vw, 350px\" \/><\/figure>\n\n\n\n<p>El nombramiento se produjo d\u00edas atr\u00e1s, tras la presentaci\u00f3n del Secretario Acad\u00e9mico FADEU, Felipe Encinas, quien tuvo a su cargo la labor de presentar ante el organismo el texto que resume el trabajo acad\u00e9mico, profesional y de gesti\u00f3n que ha marcado el paso del profesor Ubilla al interior de la Facultad.<\/p>\n\n\n\n<p>\u201cMe siento muy honrado y emocionado por esta titularidad entregada en el Consejo, y por ello agradezco primero a mi equipo, que ha apoyado esta gesti\u00f3n\u201d, afirm\u00f3 el Decano Ubilla, agregando que \u201ceste es un reconocimiento que traspaso al esfuerzo que todos los equipos de la Decanatura realizan d\u00eda a d\u00eda, y celebro este acontecimiento desde los fundamentos de estos 15 a\u00f1os de gesti\u00f3n, desde la experiencia en la docencia y emocionado por este paso, que se lo debo a todos quienes han ido parte de los equipos de trabajo de los que me ha tocado ser parte\u201d, afirm\u00f3 el Decano Ubilla al enterarse del nombramiento.<\/p>\n\n\n\n<p><strong>\u201cA mi modo\u201d<\/strong><\/p>\n\n\n\n<p>Fue el Secretario Acad\u00e9mico FADEU, Felipe Encinas,&nbsp; el encargado de hacer la presentaci\u00f3n oficial de la titularidad del profesor Ubilla en el Honorable Consejo Superior.<\/p>\n\n\n\n<p>\u201cVengo a mi modo: Con esas 4 palabras \u00b4dichas con firmeza y convicci\u00f3n\u00b4 el profesor Mario Ubilla comenzaba uno de sus m\u00e1s recordados discursos ante una comunidad acad\u00e9mica que repletaba el auditorio principal de nuestro campus y que ten\u00eda la dif\u00edcil decisi\u00f3n de renovar la confianza en \u00e9l, Decano en ejercicio, por un segundo per\u00edodo. Y no s\u00f3lo fue un segundo, sino un tercero, con lo que hac\u00eda historia en t\u00e9rminos de continuidad y permanencia en el cargo, adem\u00e1s de sellar una comuni\u00f3n profunda con su Facultad, incluso en el sentido m\u00e1s sacramental del t\u00e9rmino\u201d, abri\u00f3 diciendo Encinas en la presentaci\u00f3n.<\/p>\n\n\n\n<p>El \u201cmodo Ubilla\u201d es po\u00e9tico, advirti\u00f3 Encinas, porque elogia la palabra para generar un lenguaje simb\u00f3lico, culto, pleno de met\u00e1foras, que construye realidades. \u201cEste es uno de los grandes valores que nuestra comunidad reconoce en \u00e9l, como uno de los sellos de su gesti\u00f3n, algo que lo distingue y caracteriza. Esto es algo que me gustar\u00eda subrayar, en su palabra po\u00e9tica hay siempre un reconocimiento de valores profundos y una genuina\u201d, afirm\u00f3, junto con relevar su \u201ccapacidad de asombro, desde el paisaje inmediato y lejano en nuestra casa, el campus Lo Contador, hasta de la creatividad y el trabajo de nuestros estudiantes, situ\u00e1ndolo en un rol destacado como formador de personas. Esto se puede observar tambi\u00e9n en la obtenci\u00f3n del premio al mejor profesor de la Facultad y a ininterrumpidas evaluaciones acad\u00e9micas de la m\u00e1s alta calidad\u201d.<\/p>\n\n\n\n<p>Al cierre de su presentaci\u00f3n, Encinas destac\u00f3 una caracter\u00edstica propia del \u201cmodo Ubilla\u201d, cual es el servicio. \u201cServicio a la Universidad, a trav\u00e9s de una exitosa carrera de 15 a\u00f1os dedicados a la gesti\u00f3n acad\u00e9mica, como director de la Escuela de Dise\u00f1o y luego -hasta el d\u00eda de hoy- Decano de la Facultad de Arquitectura, Dise\u00f1o y Estudios Urbanos. Desde all\u00ed, el profesor Ubilla ha encarnado profundamente la interdisciplinaridad, central para el proyecto Universidad de los \u00faltimos a\u00f1os, foment\u00e1ndola sin cesar a trav\u00e9s de cursos, congresos y diversas actividades de extensi\u00f3n. Este compromiso institucional ha permeado tambi\u00e9n hacia la propia comunidad universitaria, al campo expandido en torno a los temas de arquitectura, dise\u00f1o, ciudad y a la sociedad misma, toda vez que materializa en el d\u00eda a d\u00eda la misi\u00f3n de la Universidad y se siente part\u00edcipe de una instituci\u00f3n que se preocupa y cuida de nuestro pa\u00eds\u201d, dijo.<\/p>\n\n\n\n<p><strong>Arquitecto y Dise\u00f1ador<\/strong><\/p>\n\n\n\n<p>Mario Ubilla es Arquitecto de la Pontificia Universidad Cat\u00f3lica de Chile y Dise\u00f1ador de la Universidad Cat\u00f3lica de Valpara\u00edso. Ha trabajado en el \u00e1mbito profesional, docencia e investigaci\u00f3n. En la actualidad es Decano de la Facultad de Arquitectura, Dise\u00f1o y Estudios Urbanos.<\/p>\n\n\n\n<p>Entre 2009 y 2012 se desempe\u00f1\u00f3 como director de la Escuela de Dise\u00f1o de la Pontificia Universidad Cat\u00f3lica de Chile, rol que ya hab\u00eda ejercido como Director Adjunto desde 2006. Bajo su direcci\u00f3n dicha Escuela se acredit\u00f3 por 7 a\u00f1os, abri\u00f3 el Magister de Dise\u00f1o Avanzado (MADA), public\u00f3 la Revista Dise\u00f1a y se construy\u00f3 el nuevo edificio de Dise\u00f1o y del Instituto de Estudios Urbanos, entre otros logros.<\/p>\n\n\n\n<p>Su l\u00ednea de investigaci\u00f3n es el dise\u00f1o de componentes prefabricados en Madera y la industrializaci\u00f3n de Sistemas Constructivos en dicho material.<\/p>\n\n\n\n<p>Ha desarrollado una destacada docencia, obteniendo en el a\u00f1o 2007 el premio Mejor Profesor Facultad de Arquitectura, Dise\u00f1o y Estudios Urbanos, otorgado por FEUC-Consejo Superior y CORP-CAPITAL. Ha ejercido como profesor de Taller en Dise\u00f1o y Arquitectura, profesor de Titulaci\u00f3n y de los cursos de Edificaci\u00f3n y Tecnolog\u00edas en las Escuelas de Dise\u00f1o y Arquitectura, a lo que se suma su rol como docente en el Magister de Dise\u00f1o Avanzado (MADA), entre otros.<\/p>\n\n\n\n<p>Fue co-presidente de la Bienal de Dise\u00f1o 2013, cargo que tambi\u00e9n ejerci\u00f3 en 2010.<\/p>\n\n\n\n<p>Es Miembro del Directorio del Centro de Innovaci\u00f3n y Desarrollo de la Madera CIDM UC&amp;CORMA, Centro de investigaci\u00f3n I+D con sede en la FADEU, que incorpora a las empresas m\u00e1s importantes del rubro forestal maderero y a las Escuelas de Ingenier\u00eda, Construcci\u00f3n, Arquitectura y Dise\u00f1o de la UC.<\/p>\n\n\n\n<p>En investigaci\u00f3n ha destacado por su vocaci\u00f3n multidisciplinar, participado en numerosos Proyecto de Investigaci\u00f3n I+D, varios de los cuales han derivado en patentamientos.<\/p>\n\n\n\n<p><strong>Entre los proyectos de Investigaci\u00f3n en los que ha participado destacan:<\/strong><\/p>\n\n\n\n<p>FONDEF DO6I1034; \u201cTechos y Pisos Ventilados\u201d Fomento del uso de la MADERA. Proyecto de Investigaci\u00f3n I+D, Investigador y Dise\u00f1ador de Prototipo de Vivienda en Madera. Sistema constructivo en base a complejos de Muros, Pisos y Techos prefabricados. 2007-2011. Se dise\u00f1\u00f3 la vivienda de Techumbre, Entrepiso y Muro Ventilado Envolvente BROTEC-Santiago. Como parte de los productos de investigaci\u00f3n aplicada I+D del FONDEF. Se realizaron utilizando la Tecnolog\u00eda FONDEF los Proyectos: Casas Villarrica e Icalma. Con patentamiento del Muro L\u00edmite.<\/p>\n\n\n\n<p>FONDEF DO7I1046; MASIP, Medicina UC, Escuelas de Enfermer\u00eda y Dise\u00f1o UC. Investigador Principal y Dise\u00f1ador de Mobiliario, Investigaci\u00f3n: \u201cModalidad de Atenci\u00f3n Integral del Parto. MASIP\u201d 2008-2011. Como parte de los productos derivados del proyecto FONDEF, se dise\u00f1aron los espacios y mobiliario del Centro MASIP en el Hospital S\u00f3tero del R\u00edo. Con patentamiento de Mobiliario.<\/p>\n\n\n\n<p>FONDEF DO3I 1020; \u201cMuro Envolvente Ventilado.\u201d Fomento del uso de la MADERA. Proyecto de Investigaci\u00f3n I+D, Investigador y Dise\u00f1ador de Prototipo de Vivienda en Madera. Sistema constructivo en base a complejos de Muros Envolventes prefabricados. 2004-2008. Se dise\u00f1\u00f3 la vivienda de Muro Ventilado Envolvente Lampa-Santiago. Como parte de los productos de investigaci\u00f3n aplicada I+D del FONDEF, testeada en tres zonas Clim\u00e1ticas Geogr\u00e1ficas de Chile.<\/p>\n\n\n\n<p>Se realizaron utilizando la Tecnolog\u00eda FONDEF los Proyectos: Sala Cuna \u201cRucalaf\u201d Villarrica y Sala Cuna \u201cLos Rulitos\u201d Mar\u00eda Pinto. Con patentamiento del Muro Ventilado.<\/p>\n\n\n\n<p>Proyectos FOSIS: \u201cEspacios Cotidianos de Ni\u00f1os y Ni\u00f1as.\u201d 2005-2006. Dise\u00f1o de objetos testeados en ambientes propicios a la investigaci\u00f3n y responsable del Manual de Recomendaciones. Equipo Multidisciplinario compuesto por Dise\u00f1adores, Arquitectos, Soci\u00f3logos, Asistentes sociales y Enfermeras.<\/p>\n\n\n\n<p>\u201cDise\u00f1o para el Parto Humanizado.\u201d 2005-2006. Dise\u00f1o de objetos de uso para Parto Vertical y coordinador de equipo de trabajos, FOSIS, Medicina, Enfermer\u00eda, Dise\u00f1o.<\/p>\n\n\n\n<p>Co editor del libro \u201cDise\u00f1o, Construcci\u00f3n y Montaje del Muro Envolvente\u201d. Libro que resume el Proyecto de Investigaci\u00f3n I+D, que trata sobre el Sistema constructivo en base a complejos de Muros Envolventes prefabricados. 2007-2008. Publicado y a la venta, como Manual de Buenas Pr\u00e1cticas Constructivas y como instrumento de Certificaci\u00f3n de procesos constructivos que utilicen el Muro Ventilado. (MANUAL DE DISE\u00d1O: CONSTRUCCI\u00d3N, MONTAJE Y APLICACI\u00d3N DEL MURO ENVOLVENTE. Alexander Fritz y Mario Ubilla (editores). Pontificia Universidad Cat\u00f3lica de Chile y Corma. 2007).<\/p>\n\n\n\n<p>En el ejercicio del Dise\u00f1o entre 1993 y 2002 fue director y socio de su propia Oficina de Dise\u00f1o, Productos, Interiorismo, Montaje y Construcci\u00f3n, donde desarroll\u00f3 numerosos proyectos para empresas e instituciones del mundo p\u00fablico y privado.<\/p>\n","protected":false},"excerpt":{"rendered":"<p>El Honorable Consejo Superior de la Pontificia Universidad Cat\u00f3lica de Chile, por unanimidad, aprob\u00f3 el nombramiento, en la categor\u00eda de Profesor Titular, del profesor y Decano de la Facultad de Arquitectura, Dise\u00f1o y Estudios Urbanos, Mario Ubilla Sanz.<\/p>\n","protected":false},"author":1,"featured_media":6859,"comment_status":"open","ping_status":"open","sticky":false,"template":"","format":"standard","meta":{"_acf_changed":false,"footnotes":""},"categories":[1],"tags":[],"class_list":["post-6858","post","type-post","status-publish","format-standard","has-post-thumbnail","hentry","category-sin-categorizar"],"acf":[],"yoast_head":"<!-- This site is optimized with the Yoast SEO plugin v27.1.1 - https:\/\/yoast.com\/product\/yoast-seo-wordpress\/ -->\n<title>Honorable Consejo Superior UC otorga la categor\u00eda de Profesor Titular al Decano Mario Ubilla - Facultad de Arquitectura, Dise\u00f1o y Estudios Urbanos<\/title>\n<meta name=\"description\" content=\"El Honorable Consejo Superior de la Pontificia Universidad Cat\u00f3lica de Chile, por unanimidad, aprob\u00f3 el nombramiento, en la categor\u00eda de Profesor Titular, del profesor y Decano de la Facultad de Arquitectura, Dise\u00f1o y Estudios Urbanos, Mario Ubilla Sanz.\" \/>\n<meta name=\"robots\" content=\"index, follow, max-snippet:-1, max-image-preview:large, max-video-preview:-1\" \/>\n<link rel=\"canonical\" href=\"https:\/\/fadeu.urantiacos.cl\/en\/2021\/06\/07\/honorable-consejo-superior-uc-otorga-la-categoria-de-profesor-titular-al-decano-mario-ubilla\/\" \/>\n<meta property=\"og:locale\" content=\"en_US\" \/>\n<meta property=\"og:type\" content=\"article\" \/>\n<meta property=\"og:title\" content=\"Honorable Consejo Superior UC otorga la categor\u00eda de Profesor Titular al Decano Mario Ubilla - Facultad de Arquitectura, Dise\u00f1o y Estudios Urbanos\" \/>\n<meta property=\"og:description\" content=\"El Honorable Consejo Superior de la Pontificia Universidad Cat\u00f3lica de Chile, por unanimidad, aprob\u00f3 el nombramiento, en la categor\u00eda de Profesor Titular, del profesor y Decano de la Facultad de Arquitectura, Dise\u00f1o y Estudios Urbanos, Mario Ubilla Sanz.\" \/>\n<meta property=\"og:url\" content=\"https:\/\/fadeu.urantiacos.cl\/en\/2021\/06\/07\/honorable-consejo-superior-uc-otorga-la-categoria-de-profesor-titular-al-decano-mario-ubilla\/\" \/>\n<meta property=\"og:site_name\" content=\"Facultad de Arquitectura, Dise\u00f1o y Estudios Urbanos\" \/>\n<meta property=\"article:published_time\" content=\"2021-06-08T01:41:00+00:00\" \/>\n<meta property=\"article:modified_time\" content=\"2023-09-08T01:43:28+00:00\" \/>\n<meta property=\"og:image\" content=\"https:\/\/fadeu.urantiacos.cl\/wp-content\/uploads\/2023\/09\/mario_ubilla_junio.jpeg\" \/>\n\t<meta property=\"og:image:width\" content=\"350\" \/>\n\t<meta property=\"og:image:height\" content=\"250\" \/>\n\t<meta property=\"og:image:type\" content=\"image\/jpeg\" \/>\n<meta name=\"author\" content=\"manadmin\" \/>\n<meta name=\"twitter:card\" content=\"summary_large_image\" \/>\n<meta name=\"twitter:label1\" content=\"Written by\" \/>\n\t<meta name=\"twitter:data1\" content=\"manadmin\" \/>\n\t<meta name=\"twitter:label2\" content=\"Est. reading time\" \/>\n\t<meta name=\"twitter:data2\" content=\"7 minutes\" \/>\n<script type=\"application\/ld+json\" class=\"yoast-schema-graph\">{\"@context\":\"https:\/\/schema.org\",\"@graph\":[{\"@type\":\"Article\",\"@id\":\"https:\/\/fadeu.urantiacos.cl\/en\/2021\/06\/07\/honorable-consejo-superior-uc-otorga-la-categoria-de-profesor-titular-al-decano-mario-ubilla\/#article\",\"isPartOf\":{\"@id\":\"https:\/\/fadeu.urantiacos.cl\/en\/2021\/06\/07\/honorable-consejo-superior-uc-otorga-la-categoria-de-profesor-titular-al-decano-mario-ubilla\/\"},\"author\":{\"name\":\"manadmin\",\"@id\":\"https:\/\/fadeu.urantiacos.cl\/en\/#\/schema\/person\/d203e2e84b1c40275eac77b3061a19a2\"},\"headline\":\"Honorable Consejo Superior UC otorga la categor\u00eda de Profesor Titular al Decano Mario Ubilla\",\"datePublished\":\"2021-06-08T01:41:00+00:00\",\"dateModified\":\"2023-09-08T01:43:28+00:00\",\"mainEntityOfPage\":{\"@id\":\"https:\/\/fadeu.urantiacos.cl\/en\/2021\/06\/07\/honorable-consejo-superior-uc-otorga-la-categoria-de-profesor-titular-al-decano-mario-ubilla\/\"},\"wordCount\":1430,\"commentCount\":0,\"image\":{\"@id\":\"https:\/\/fadeu.urantiacos.cl\/en\/2021\/06\/07\/honorable-consejo-superior-uc-otorga-la-categoria-de-profesor-titular-al-decano-mario-ubilla\/#primaryimage\"},\"thumbnailUrl\":\"https:\/\/fadeu.urantiacos.cl\/wp-content\/uploads\/2023\/09\/mario_ubilla_junio.jpeg\",\"articleSection\":[\"Sin categorizar\"],\"inLanguage\":\"en-US\",\"potentialAction\":[{\"@type\":\"CommentAction\",\"name\":\"Comment\",\"target\":[\"https:\/\/fadeu.urantiacos.cl\/en\/2021\/06\/07\/honorable-consejo-superior-uc-otorga-la-categoria-de-profesor-titular-al-decano-mario-ubilla\/#respond\"]}]},{\"@type\":\"WebPage\",\"@id\":\"https:\/\/fadeu.urantiacos.cl\/en\/2021\/06\/07\/honorable-consejo-superior-uc-otorga-la-categoria-de-profesor-titular-al-decano-mario-ubilla\/\",\"url\":\"https:\/\/fadeu.urantiacos.cl\/en\/2021\/06\/07\/honorable-consejo-superior-uc-otorga-la-categoria-de-profesor-titular-al-decano-mario-ubilla\/\",\"name\":\"Honorable Consejo Superior UC otorga la categor\u00eda de Profesor Titular al Decano Mario Ubilla - Facultad de Arquitectura, Dise\u00f1o y Estudios Urbanos\",\"isPartOf\":{\"@id\":\"https:\/\/fadeu.urantiacos.cl\/en\/#website\"},\"primaryImageOfPage\":{\"@id\":\"https:\/\/fadeu.urantiacos.cl\/en\/2021\/06\/07\/honorable-consejo-superior-uc-otorga-la-categoria-de-profesor-titular-al-decano-mario-ubilla\/#primaryimage\"},\"image\":{\"@id\":\"https:\/\/fadeu.urantiacos.cl\/en\/2021\/06\/07\/honorable-consejo-superior-uc-otorga-la-categoria-de-profesor-titular-al-decano-mario-ubilla\/#primaryimage\"},\"thumbnailUrl\":\"https:\/\/fadeu.urantiacos.cl\/wp-content\/uploads\/2023\/09\/mario_ubilla_junio.jpeg\",\"datePublished\":\"2021-06-08T01:41:00+00:00\",\"dateModified\":\"2023-09-08T01:43:28+00:00\",\"author\":{\"@id\":\"https:\/\/fadeu.urantiacos.cl\/en\/#\/schema\/person\/d203e2e84b1c40275eac77b3061a19a2\"},\"description\":\"El Honorable Consejo Superior de la Pontificia Universidad Cat\u00f3lica de Chile, por unanimidad, aprob\u00f3 el nombramiento, en la categor\u00eda de Profesor Titular, del profesor y Decano de la Facultad de Arquitectura, Dise\u00f1o y Estudios Urbanos, Mario Ubilla Sanz.\",\"breadcrumb\":{\"@id\":\"https:\/\/fadeu.urantiacos.cl\/en\/2021\/06\/07\/honorable-consejo-superior-uc-otorga-la-categoria-de-profesor-titular-al-decano-mario-ubilla\/#breadcrumb\"},\"inLanguage\":\"en-US\",\"potentialAction\":[{\"@type\":\"ReadAction\",\"target\":[\"https:\/\/fadeu.urantiacos.cl\/en\/2021\/06\/07\/honorable-consejo-superior-uc-otorga-la-categoria-de-profesor-titular-al-decano-mario-ubilla\/\"]}]},{\"@type\":\"ImageObject\",\"inLanguage\":\"en-US\",\"@id\":\"https:\/\/fadeu.urantiacos.cl\/en\/2021\/06\/07\/honorable-consejo-superior-uc-otorga-la-categoria-de-profesor-titular-al-decano-mario-ubilla\/#primaryimage\",\"url\":\"https:\/\/fadeu.urantiacos.cl\/wp-content\/uploads\/2023\/09\/mario_ubilla_junio.jpeg\",\"contentUrl\":\"https:\/\/fadeu.urantiacos.cl\/wp-content\/uploads\/2023\/09\/mario_ubilla_junio.jpeg\",\"width\":350,\"height\":250},{\"@type\":\"BreadcrumbList\",\"@id\":\"https:\/\/fadeu.urantiacos.cl\/en\/2021\/06\/07\/honorable-consejo-superior-uc-otorga-la-categoria-de-profesor-titular-al-decano-mario-ubilla\/#breadcrumb\",\"itemListElement\":[{\"@type\":\"ListItem\",\"position\":1,\"name\":\"Portada\",\"item\":\"https:\/\/fadeu.urantiacos.cl\/en\/\"},{\"@type\":\"ListItem\",\"position\":2,\"name\":\"Honorable Consejo Superior UC otorga la categor\u00eda de Profesor Titular al Decano Mario Ubilla\"}]},{\"@type\":\"WebSite\",\"@id\":\"https:\/\/fadeu.urantiacos.cl\/en\/#website\",\"url\":\"https:\/\/fadeu.urantiacos.cl\/en\/\",\"name\":\"Facultad de Arquitectura, Dise\u00f1o y Estudios Urbanos\",\"description\":\"Campus Lo Contador\",\"potentialAction\":[{\"@type\":\"SearchAction\",\"target\":{\"@type\":\"EntryPoint\",\"urlTemplate\":\"https:\/\/fadeu.urantiacos.cl\/en\/?s={search_term_string}\"},\"query-input\":{\"@type\":\"PropertyValueSpecification\",\"valueRequired\":true,\"valueName\":\"search_term_string\"}}],\"inLanguage\":\"en-US\"},{\"@type\":\"Person\",\"@id\":\"https:\/\/fadeu.urantiacos.cl\/en\/#\/schema\/person\/d203e2e84b1c40275eac77b3061a19a2\",\"name\":\"manadmin\",\"image\":{\"@type\":\"ImageObject\",\"inLanguage\":\"en-US\",\"@id\":\"https:\/\/fadeu.urantiacos.cl\/en\/#\/schema\/person\/image\/\",\"url\":\"https:\/\/secure.gravatar.com\/avatar\/4b1d8e3303b4a9d8968ac578947d8bc80d9aea359f388cdd4aac15cadc0e8447?s=96&d=mm&r=g\",\"contentUrl\":\"https:\/\/secure.gravatar.com\/avatar\/4b1d8e3303b4a9d8968ac578947d8bc80d9aea359f388cdd4aac15cadc0e8447?s=96&d=mm&r=g\",\"caption\":\"manadmin\"},\"sameAs\":[\"https:\/\/fadeu.urantiacos.cl\"]}]}<\/script>\n<!-- \/ Yoast SEO plugin. -->","yoast_head_json":{"title":"Honorable Consejo Superior UC otorga la categor\u00eda de Profesor Titular al Decano Mario Ubilla - Facultad de Arquitectura, Dise\u00f1o y Estudios Urbanos","description":"El Honorable Consejo Superior de la Pontificia Universidad Cat\u00f3lica de Chile, por unanimidad, aprob\u00f3 el nombramiento, en la categor\u00eda de Profesor Titular, del profesor y Decano de la Facultad de Arquitectura, Dise\u00f1o y Estudios Urbanos, Mario Ubilla Sanz.","robots":{"index":"index","follow":"follow","max-snippet":"max-snippet:-1","max-image-preview":"max-image-preview:large","max-video-preview":"max-video-preview:-1"},"canonical":"https:\/\/fadeu.urantiacos.cl\/en\/2021\/06\/07\/honorable-consejo-superior-uc-otorga-la-categoria-de-profesor-titular-al-decano-mario-ubilla\/","og_locale":"en_US","og_type":"article","og_title":"Honorable Consejo Superior UC otorga la categor\u00eda de Profesor Titular al Decano Mario Ubilla - Facultad de Arquitectura, Dise\u00f1o y Estudios Urbanos","og_description":"El Honorable Consejo Superior de la Pontificia Universidad Cat\u00f3lica de Chile, por unanimidad, aprob\u00f3 el nombramiento, en la categor\u00eda de Profesor Titular, del profesor y Decano de la Facultad de Arquitectura, Dise\u00f1o y Estudios Urbanos, Mario Ubilla Sanz.","og_url":"https:\/\/fadeu.urantiacos.cl\/en\/2021\/06\/07\/honorable-consejo-superior-uc-otorga-la-categoria-de-profesor-titular-al-decano-mario-ubilla\/","og_site_name":"Facultad de Arquitectura, Dise\u00f1o y Estudios Urbanos","article_published_time":"2021-06-08T01:41:00+00:00","article_modified_time":"2023-09-08T01:43:28+00:00","og_image":[{"width":350,"height":250,"url":"https:\/\/fadeu.urantiacos.cl\/wp-content\/uploads\/2023\/09\/mario_ubilla_junio.jpeg","type":"image\/jpeg"}],"author":"manadmin","twitter_card":"summary_large_image","twitter_misc":{"Written by":"manadmin","Est. reading time":"7 minutes"},"schema":{"@context":"https:\/\/schema.org","@graph":[{"@type":"Article","@id":"https:\/\/fadeu.urantiacos.cl\/en\/2021\/06\/07\/honorable-consejo-superior-uc-otorga-la-categoria-de-profesor-titular-al-decano-mario-ubilla\/#article","isPartOf":{"@id":"https:\/\/fadeu.urantiacos.cl\/en\/2021\/06\/07\/honorable-consejo-superior-uc-otorga-la-categoria-de-profesor-titular-al-decano-mario-ubilla\/"},"author":{"name":"manadmin","@id":"https:\/\/fadeu.urantiacos.cl\/en\/#\/schema\/person\/d203e2e84b1c40275eac77b3061a19a2"},"headline":"Honorable Consejo Superior UC otorga la categor\u00eda de Profesor Titular al Decano Mario Ubilla","datePublished":"2021-06-08T01:41:00+00:00","dateModified":"2023-09-08T01:43:28+00:00","mainEntityOfPage":{"@id":"https:\/\/fadeu.urantiacos.cl\/en\/2021\/06\/07\/honorable-consejo-superior-uc-otorga-la-categoria-de-profesor-titular-al-decano-mario-ubilla\/"},"wordCount":1430,"commentCount":0,"image":{"@id":"https:\/\/fadeu.urantiacos.cl\/en\/2021\/06\/07\/honorable-consejo-superior-uc-otorga-la-categoria-de-profesor-titular-al-decano-mario-ubilla\/#primaryimage"},"thumbnailUrl":"https:\/\/fadeu.urantiacos.cl\/wp-content\/uploads\/2023\/09\/mario_ubilla_junio.jpeg","articleSection":["Sin categorizar"],"inLanguage":"en-US","potentialAction":[{"@type":"CommentAction","name":"Comment","target":["https:\/\/fadeu.urantiacos.cl\/en\/2021\/06\/07\/honorable-consejo-superior-uc-otorga-la-categoria-de-profesor-titular-al-decano-mario-ubilla\/#respond"]}]},{"@type":"WebPage","@id":"https:\/\/fadeu.urantiacos.cl\/en\/2021\/06\/07\/honorable-consejo-superior-uc-otorga-la-categoria-de-profesor-titular-al-decano-mario-ubilla\/","url":"https:\/\/fadeu.urantiacos.cl\/en\/2021\/06\/07\/honorable-consejo-superior-uc-otorga-la-categoria-de-profesor-titular-al-decano-mario-ubilla\/","name":"Honorable Consejo Superior UC otorga la categor\u00eda de Profesor Titular al Decano Mario Ubilla - Facultad de Arquitectura, Dise\u00f1o y Estudios Urbanos","isPartOf":{"@id":"https:\/\/fadeu.urantiacos.cl\/en\/#website"},"primaryImageOfPage":{"@id":"https:\/\/fadeu.urantiacos.cl\/en\/2021\/06\/07\/honorable-consejo-superior-uc-otorga-la-categoria-de-profesor-titular-al-decano-mario-ubilla\/#primaryimage"},"image":{"@id":"https:\/\/fadeu.urantiacos.cl\/en\/2021\/06\/07\/honorable-consejo-superior-uc-otorga-la-categoria-de-profesor-titular-al-decano-mario-ubilla\/#primaryimage"},"thumbnailUrl":"https:\/\/fadeu.urantiacos.cl\/wp-content\/uploads\/2023\/09\/mario_ubilla_junio.jpeg","datePublished":"2021-06-08T01:41:00+00:00","dateModified":"2023-09-08T01:43:28+00:00","author":{"@id":"https:\/\/fadeu.urantiacos.cl\/en\/#\/schema\/person\/d203e2e84b1c40275eac77b3061a19a2"},"description":"El Honorable Consejo Superior de la Pontificia Universidad Cat\u00f3lica de Chile, por unanimidad, aprob\u00f3 el nombramiento, en la categor\u00eda de Profesor Titular, del profesor y Decano de la Facultad de Arquitectura, Dise\u00f1o y Estudios Urbanos, Mario Ubilla Sanz.","breadcrumb":{"@id":"https:\/\/fadeu.urantiacos.cl\/en\/2021\/06\/07\/honorable-consejo-superior-uc-otorga-la-categoria-de-profesor-titular-al-decano-mario-ubilla\/#breadcrumb"},"inLanguage":"en-US","potentialAction":[{"@type":"ReadAction","target":["https:\/\/fadeu.urantiacos.cl\/en\/2021\/06\/07\/honorable-consejo-superior-uc-otorga-la-categoria-de-profesor-titular-al-decano-mario-ubilla\/"]}]},{"@type":"ImageObject","inLanguage":"en-US","@id":"https:\/\/fadeu.urantiacos.cl\/en\/2021\/06\/07\/honorable-consejo-superior-uc-otorga-la-categoria-de-profesor-titular-al-decano-mario-ubilla\/#primaryimage","url":"https:\/\/fadeu.urantiacos.cl\/wp-content\/uploads\/2023\/09\/mario_ubilla_junio.jpeg","contentUrl":"https:\/\/fadeu.urantiacos.cl\/wp-content\/uploads\/2023\/09\/mario_ubilla_junio.jpeg","width":350,"height":250},{"@type":"BreadcrumbList","@id":"https:\/\/fadeu.urantiacos.cl\/en\/2021\/06\/07\/honorable-consejo-superior-uc-otorga-la-categoria-de-profesor-titular-al-decano-mario-ubilla\/#breadcrumb","itemListElement":[{"@type":"ListItem","position":1,"name":"Portada","item":"https:\/\/fadeu.urantiacos.cl\/en\/"},{"@type":"ListItem","position":2,"name":"Honorable Consejo Superior UC otorga la categor\u00eda de Profesor Titular al Decano Mario Ubilla"}]},{"@type":"WebSite","@id":"https:\/\/fadeu.urantiacos.cl\/en\/#website","url":"https:\/\/fadeu.urantiacos.cl\/en\/","name":"Facultad de Arquitectura, Dise\u00f1o y Estudios Urbanos","description":"Campus Lo Contador","potentialAction":[{"@type":"SearchAction","target":{"@type":"EntryPoint","urlTemplate":"https:\/\/fadeu.urantiacos.cl\/en\/?s={search_term_string}"},"query-input":{"@type":"PropertyValueSpecification","valueRequired":true,"valueName":"search_term_string"}}],"inLanguage":"en-US"},{"@type":"Person","@id":"https:\/\/fadeu.urantiacos.cl\/en\/#\/schema\/person\/d203e2e84b1c40275eac77b3061a19a2","name":"manadmin","image":{"@type":"ImageObject","inLanguage":"en-US","@id":"https:\/\/fadeu.urantiacos.cl\/en\/#\/schema\/person\/image\/","url":"https:\/\/secure.gravatar.com\/avatar\/4b1d8e3303b4a9d8968ac578947d8bc80d9aea359f388cdd4aac15cadc0e8447?s=96&d=mm&r=g","contentUrl":"https:\/\/secure.gravatar.com\/avatar\/4b1d8e3303b4a9d8968ac578947d8bc80d9aea359f388cdd4aac15cadc0e8447?s=96&d=mm&r=g","caption":"manadmin"},"sameAs":["https:\/\/fadeu.urantiacos.cl"]}]}},"_links":{"self":[{"href":"https:\/\/fadeu.urantiacos.cl\/en\/wp-json\/wp\/v2\/posts\/6858","targetHints":{"allow":["GET"]}}],"collection":[{"href":"https:\/\/fadeu.urantiacos.cl\/en\/wp-json\/wp\/v2\/posts"}],"about":[{"href":"https:\/\/fadeu.urantiacos.cl\/en\/wp-json\/wp\/v2\/types\/post"}],"author":[{"embeddable":true,"href":"https:\/\/fadeu.urantiacos.cl\/en\/wp-json\/wp\/v2\/users\/1"}],"replies":[{"embeddable":true,"href":"https:\/\/fadeu.urantiacos.cl\/en\/wp-json\/wp\/v2\/comments?post=6858"}],"version-history":[{"count":1,"href":"https:\/\/fadeu.urantiacos.cl\/en\/wp-json\/wp\/v2\/posts\/6858\/revisions"}],"predecessor-version":[{"id":6860,"href":"https:\/\/fadeu.urantiacos.cl\/en\/wp-json\/wp\/v2\/posts\/6858\/revisions\/6860"}],"wp:featuredmedia":[{"embeddable":true,"href":"https:\/\/fadeu.urantiacos.cl\/en\/wp-json\/wp\/v2\/media\/6859"}],"wp:attachment":[{"href":"https:\/\/fadeu.urantiacos.cl\/en\/wp-json\/wp\/v2\/media?parent=6858"}],"wp:term":[{"taxonomy":"category","embeddable":true,"href":"https:\/\/fadeu.urantiacos.cl\/en\/wp-json\/wp\/v2\/categories?post=6858"},{"taxonomy":"post_tag","embeddable":true,"href":"https:\/\/fadeu.urantiacos.cl\/en\/wp-json\/wp\/v2\/tags?post=6858"}],"curies":[{"name":"wp","href":"https:\/\/api.w.org\/{rel}","templated":true}]}}