{"id":6855,"date":"2021-06-07T22:39:00","date_gmt":"2021-06-08T01:39:00","guid":{"rendered":"https:\/\/fadeu.urantiacos.cl\/?p=6855"},"modified":"2023-09-07T22:41:45","modified_gmt":"2023-09-08T01:41:45","slug":"encuesta-realidad-de-mujeres-fadeu-plantea-mejoras-en-las-dinamicas-laborales-en-lo-contador","status":"publish","type":"post","link":"https:\/\/fadeu.urantiacos.cl\/en\/2021\/06\/07\/encuesta-realidad-de-mujeres-fadeu-plantea-mejoras-en-las-dinamicas-laborales-en-lo-contador\/","title":{"rendered":"Encuesta \u201crealidad de mujeres FADEU\u201d plantea mejoras en las din\u00e1micas laborales en Lo Contador"},"content":{"rendered":"\n<figure class=\"wp-block-image size-full\"><img decoding=\"async\" width=\"350\" height=\"250\" src=\"https:\/\/fadeu.urantiacos.cl\/wp-content\/uploads\/2023\/09\/web_GRUPAL_MUJERES-1909.jpg\" alt=\"\" class=\"wp-image-6856\" srcset=\"https:\/\/fadeu.urantiacos.cl\/wp-content\/uploads\/2023\/09\/web_GRUPAL_MUJERES-1909.jpg 350w, https:\/\/fadeu.urantiacos.cl\/wp-content\/uploads\/2023\/09\/web_GRUPAL_MUJERES-1909-300x214.jpg 300w\" sizes=\"(max-width: 350px) 100vw, 350px\" \/><\/figure>\n\n\n\n<p>Seg\u00fan inform\u00f3 la profesora Garc\u00eda, estos resultados servir\u00e1n para implementar algunas medidas en la programaci\u00f3n acad\u00e9mica del segundo semestre, as\u00ed como incorporar sus sugerencias a los formatos de trabajo futuros.<\/p>\n\n\n\n<p>La encuesta arroj\u00f3 resultados importantes, en t\u00e9rminos de las dificultades que las mujeres de la comunidad FADEU tienen que sopesar a la hora de enfrentar su trabajo acad\u00e9mico, profesional o administrativo, la importancia de la salud f\u00edsica y mental, y las diferencias existentes en el trabajo remoto para los distintos estamentos.<\/p>\n\n\n\n<p><strong>Resultados<\/strong><\/p>\n\n\n\n<p>En relaci\u00f3n al estado de salud, un 15% de las encuestadas declara haber contra\u00eddo COVID-19 enfermedad o que tuvo que cuidar a alg\u00fan enfermo cercano. Asimismo, un 22% de las mujeres considera que tiene factores de riesgo para contraer la enfermedad y un 12% manifest\u00f3 sufrir alguna enfermedad cr\u00f3nica.<\/p>\n\n\n\n<p>Por otra parte, el trabajo remoto y la compatibilidad con las din\u00e1micas familiares es uno de los factores m\u00e1s complejos se\u00f1alados, un 68,8 % de las mujeres manifest\u00f3 que debe supervisar a sus hijos con la actividad escolar y\/o hacerse cargo de adultos mayores. Considerando, adem\u00e1s, que un 65 % de las acad\u00e9micas encuestadas declar\u00f3 asumir casi en su totalidad labores dom\u00e9sticas, situaci\u00f3n que en el caso de administrativas y profesionales sube a un 75%.<\/p>\n\n\n\n<p>Otro elemento cr\u00edtico tiene que ver con la mayor carga de trabajo y la delimitaci\u00f3n de horarios entre lo domestico y lo laboral , adem\u00e1s de la falta de pausas efectivas en la actividad docente debido a la mayor demanda de los estudiantes y\/o coordinaci\u00f3n de equipos docente so investigaci\u00f3n.<\/p>\n\n\n\n<p>El Comit\u00e9 Ejecutivo recibi\u00f3 con mucho inter\u00e9s los resultados de la encuesta, y comprometi\u00f3 esfuerzos para incorporar los aspectos a la gesti\u00f3n del segundo semestre, con miras a buscar mejoras en el clima laboral y considerar aspectos relevantes a la hora de programar el trabajo diario en la Facultad y sus distintas unidades acad\u00e9micas.<\/p>\n","protected":false},"excerpt":{"rendered":"<p>La directora de la recientemente creada unidad de Equidad de G\u00e9nero de Lo Contador, profesora Pilar Garc\u00eda, present\u00f3 ante el Comit\u00e9 Ejecutivo de la Facultad los resultados de la encuesta \u201cRealidad de Mujeres FADEU\u201d, cuyo objetivo fue un diagn\u00f3stico r\u00e1pido sobre las complejidades que acad\u00e9micas, profesionales y administrativas han enfrentado durante la pandemia,  instancia que convoc\u00f3 a alrededor de 130 mujeres (con un 62% de respuestas).<\/p>\n","protected":false},"author":1,"featured_media":6856,"comment_status":"open","ping_status":"open","sticky":false,"template":"","format":"standard","meta":{"_acf_changed":false,"footnotes":""},"categories":[1],"tags":[],"class_list":["post-6855","post","type-post","status-publish","format-standard","has-post-thumbnail","hentry","category-sin-categorizar"],"acf":[],"yoast_head":"<!-- This site is optimized with the Yoast SEO plugin v27.1.1 - https:\/\/yoast.com\/product\/yoast-seo-wordpress\/ -->\n<title>Encuesta \u201crealidad de mujeres FADEU\u201d plantea mejoras en las din\u00e1micas laborales en Lo Contador - Facultad de Arquitectura, Dise\u00f1o y Estudios Urbanos<\/title>\n<meta name=\"description\" content=\"La directora de la recientemente creada unidad de Equidad de G\u00e9nero de Lo Contador, profesora Pilar Garc\u00eda, present\u00f3 ante el Comit\u00e9 Ejecutivo de la Facultad los resultados de la encuesta \u201cRealidad de Mujeres FADEU\u201d, cuyo objetivo fue un diagn\u00f3stico r\u00e1pido sobre las complejidades que acad\u00e9micas, profesionales y administrativas han enfrentado durante la pandemia, instancia que convoc\u00f3 a alrededor de 130 mujeres (con un 62% de respuestas).\" \/>\n<meta name=\"robots\" content=\"index, follow, max-snippet:-1, max-image-preview:large, max-video-preview:-1\" \/>\n<link rel=\"canonical\" href=\"https:\/\/fadeu.urantiacos.cl\/en\/2021\/06\/07\/encuesta-realidad-de-mujeres-fadeu-plantea-mejoras-en-las-dinamicas-laborales-en-lo-contador\/\" \/>\n<meta property=\"og:locale\" content=\"en_US\" \/>\n<meta property=\"og:type\" content=\"article\" \/>\n<meta property=\"og:title\" content=\"Encuesta \u201crealidad de mujeres FADEU\u201d plantea mejoras en las din\u00e1micas laborales en Lo Contador - Facultad de Arquitectura, Dise\u00f1o y Estudios Urbanos\" \/>\n<meta property=\"og:description\" content=\"La directora de la recientemente creada unidad de Equidad de G\u00e9nero de Lo Contador, profesora Pilar Garc\u00eda, present\u00f3 ante el Comit\u00e9 Ejecutivo de la Facultad los resultados de la encuesta \u201cRealidad de Mujeres FADEU\u201d, cuyo objetivo fue un diagn\u00f3stico r\u00e1pido sobre las complejidades que acad\u00e9micas, profesionales y administrativas han enfrentado durante la pandemia, instancia que convoc\u00f3 a alrededor de 130 mujeres (con un 62% de respuestas).\" \/>\n<meta property=\"og:url\" content=\"https:\/\/fadeu.urantiacos.cl\/en\/2021\/06\/07\/encuesta-realidad-de-mujeres-fadeu-plantea-mejoras-en-las-dinamicas-laborales-en-lo-contador\/\" \/>\n<meta property=\"og:site_name\" content=\"Facultad de Arquitectura, Dise\u00f1o y Estudios Urbanos\" \/>\n<meta property=\"article:published_time\" content=\"2021-06-08T01:39:00+00:00\" \/>\n<meta property=\"article:modified_time\" content=\"2023-09-08T01:41:45+00:00\" \/>\n<meta property=\"og:image\" content=\"https:\/\/fadeu.urantiacos.cl\/wp-content\/uploads\/2023\/09\/web_GRUPAL_MUJERES-1909.jpg\" \/>\n\t<meta property=\"og:image:width\" content=\"350\" \/>\n\t<meta property=\"og:image:height\" content=\"250\" \/>\n\t<meta property=\"og:image:type\" content=\"image\/jpeg\" \/>\n<meta name=\"author\" content=\"manadmin\" \/>\n<meta name=\"twitter:card\" content=\"summary_large_image\" \/>\n<meta name=\"twitter:label1\" content=\"Written by\" \/>\n\t<meta name=\"twitter:data1\" content=\"manadmin\" \/>\n\t<meta name=\"twitter:label2\" content=\"Est. reading time\" \/>\n\t<meta name=\"twitter:data2\" content=\"2 minutes\" \/>\n<script type=\"application\/ld+json\" class=\"yoast-schema-graph\">{\"@context\":\"https:\/\/schema.org\",\"@graph\":[{\"@type\":\"Article\",\"@id\":\"https:\/\/fadeu.urantiacos.cl\/en\/2021\/06\/07\/encuesta-realidad-de-mujeres-fadeu-plantea-mejoras-en-las-dinamicas-laborales-en-lo-contador\/#article\",\"isPartOf\":{\"@id\":\"https:\/\/fadeu.urantiacos.cl\/en\/2021\/06\/07\/encuesta-realidad-de-mujeres-fadeu-plantea-mejoras-en-las-dinamicas-laborales-en-lo-contador\/\"},\"author\":{\"name\":\"manadmin\",\"@id\":\"https:\/\/fadeu.urantiacos.cl\/en\/#\/schema\/person\/d203e2e84b1c40275eac77b3061a19a2\"},\"headline\":\"Encuesta \u201crealidad de mujeres FADEU\u201d plantea mejoras en las din\u00e1micas laborales en Lo Contador\",\"datePublished\":\"2021-06-08T01:39:00+00:00\",\"dateModified\":\"2023-09-08T01:41:45+00:00\",\"mainEntityOfPage\":{\"@id\":\"https:\/\/fadeu.urantiacos.cl\/en\/2021\/06\/07\/encuesta-realidad-de-mujeres-fadeu-plantea-mejoras-en-las-dinamicas-laborales-en-lo-contador\/\"},\"wordCount\":345,\"commentCount\":0,\"image\":{\"@id\":\"https:\/\/fadeu.urantiacos.cl\/en\/2021\/06\/07\/encuesta-realidad-de-mujeres-fadeu-plantea-mejoras-en-las-dinamicas-laborales-en-lo-contador\/#primaryimage\"},\"thumbnailUrl\":\"https:\/\/fadeu.urantiacos.cl\/wp-content\/uploads\/2023\/09\/web_GRUPAL_MUJERES-1909.jpg\",\"articleSection\":[\"Sin categorizar\"],\"inLanguage\":\"en-US\",\"potentialAction\":[{\"@type\":\"CommentAction\",\"name\":\"Comment\",\"target\":[\"https:\/\/fadeu.urantiacos.cl\/en\/2021\/06\/07\/encuesta-realidad-de-mujeres-fadeu-plantea-mejoras-en-las-dinamicas-laborales-en-lo-contador\/#respond\"]}]},{\"@type\":\"WebPage\",\"@id\":\"https:\/\/fadeu.urantiacos.cl\/en\/2021\/06\/07\/encuesta-realidad-de-mujeres-fadeu-plantea-mejoras-en-las-dinamicas-laborales-en-lo-contador\/\",\"url\":\"https:\/\/fadeu.urantiacos.cl\/en\/2021\/06\/07\/encuesta-realidad-de-mujeres-fadeu-plantea-mejoras-en-las-dinamicas-laborales-en-lo-contador\/\",\"name\":\"Encuesta \u201crealidad de mujeres FADEU\u201d plantea mejoras en las din\u00e1micas laborales en Lo Contador - Facultad de Arquitectura, Dise\u00f1o y Estudios Urbanos\",\"isPartOf\":{\"@id\":\"https:\/\/fadeu.urantiacos.cl\/en\/#website\"},\"primaryImageOfPage\":{\"@id\":\"https:\/\/fadeu.urantiacos.cl\/en\/2021\/06\/07\/encuesta-realidad-de-mujeres-fadeu-plantea-mejoras-en-las-dinamicas-laborales-en-lo-contador\/#primaryimage\"},\"image\":{\"@id\":\"https:\/\/fadeu.urantiacos.cl\/en\/2021\/06\/07\/encuesta-realidad-de-mujeres-fadeu-plantea-mejoras-en-las-dinamicas-laborales-en-lo-contador\/#primaryimage\"},\"thumbnailUrl\":\"https:\/\/fadeu.urantiacos.cl\/wp-content\/uploads\/2023\/09\/web_GRUPAL_MUJERES-1909.jpg\",\"datePublished\":\"2021-06-08T01:39:00+00:00\",\"dateModified\":\"2023-09-08T01:41:45+00:00\",\"author\":{\"@id\":\"https:\/\/fadeu.urantiacos.cl\/en\/#\/schema\/person\/d203e2e84b1c40275eac77b3061a19a2\"},\"description\":\"La directora de la recientemente creada unidad de Equidad de G\u00e9nero de Lo Contador, profesora Pilar Garc\u00eda, present\u00f3 ante el Comit\u00e9 Ejecutivo de la Facultad los resultados de la encuesta \u201cRealidad de Mujeres FADEU\u201d, cuyo objetivo fue un diagn\u00f3stico r\u00e1pido sobre las complejidades que acad\u00e9micas, profesionales y administrativas han enfrentado durante la pandemia, instancia que convoc\u00f3 a alrededor de 130 mujeres (con un 62% de respuestas).\",\"breadcrumb\":{\"@id\":\"https:\/\/fadeu.urantiacos.cl\/en\/2021\/06\/07\/encuesta-realidad-de-mujeres-fadeu-plantea-mejoras-en-las-dinamicas-laborales-en-lo-contador\/#breadcrumb\"},\"inLanguage\":\"en-US\",\"potentialAction\":[{\"@type\":\"ReadAction\",\"target\":[\"https:\/\/fadeu.urantiacos.cl\/en\/2021\/06\/07\/encuesta-realidad-de-mujeres-fadeu-plantea-mejoras-en-las-dinamicas-laborales-en-lo-contador\/\"]}]},{\"@type\":\"ImageObject\",\"inLanguage\":\"en-US\",\"@id\":\"https:\/\/fadeu.urantiacos.cl\/en\/2021\/06\/07\/encuesta-realidad-de-mujeres-fadeu-plantea-mejoras-en-las-dinamicas-laborales-en-lo-contador\/#primaryimage\",\"url\":\"https:\/\/fadeu.urantiacos.cl\/wp-content\/uploads\/2023\/09\/web_GRUPAL_MUJERES-1909.jpg\",\"contentUrl\":\"https:\/\/fadeu.urantiacos.cl\/wp-content\/uploads\/2023\/09\/web_GRUPAL_MUJERES-1909.jpg\",\"width\":350,\"height\":250},{\"@type\":\"BreadcrumbList\",\"@id\":\"https:\/\/fadeu.urantiacos.cl\/en\/2021\/06\/07\/encuesta-realidad-de-mujeres-fadeu-plantea-mejoras-en-las-dinamicas-laborales-en-lo-contador\/#breadcrumb\",\"itemListElement\":[{\"@type\":\"ListItem\",\"position\":1,\"name\":\"Portada\",\"item\":\"https:\/\/fadeu.urantiacos.cl\/en\/\"},{\"@type\":\"ListItem\",\"position\":2,\"name\":\"Encuesta \u201crealidad de mujeres FADEU\u201d plantea mejoras en las din\u00e1micas laborales en Lo Contador\"}]},{\"@type\":\"WebSite\",\"@id\":\"https:\/\/fadeu.urantiacos.cl\/en\/#website\",\"url\":\"https:\/\/fadeu.urantiacos.cl\/en\/\",\"name\":\"Facultad de Arquitectura, Dise\u00f1o y Estudios Urbanos\",\"description\":\"Campus Lo Contador\",\"potentialAction\":[{\"@type\":\"SearchAction\",\"target\":{\"@type\":\"EntryPoint\",\"urlTemplate\":\"https:\/\/fadeu.urantiacos.cl\/en\/?s={search_term_string}\"},\"query-input\":{\"@type\":\"PropertyValueSpecification\",\"valueRequired\":true,\"valueName\":\"search_term_string\"}}],\"inLanguage\":\"en-US\"},{\"@type\":\"Person\",\"@id\":\"https:\/\/fadeu.urantiacos.cl\/en\/#\/schema\/person\/d203e2e84b1c40275eac77b3061a19a2\",\"name\":\"manadmin\",\"image\":{\"@type\":\"ImageObject\",\"inLanguage\":\"en-US\",\"@id\":\"https:\/\/fadeu.urantiacos.cl\/en\/#\/schema\/person\/image\/\",\"url\":\"https:\/\/secure.gravatar.com\/avatar\/4b1d8e3303b4a9d8968ac578947d8bc80d9aea359f388cdd4aac15cadc0e8447?s=96&d=mm&r=g\",\"contentUrl\":\"https:\/\/secure.gravatar.com\/avatar\/4b1d8e3303b4a9d8968ac578947d8bc80d9aea359f388cdd4aac15cadc0e8447?s=96&d=mm&r=g\",\"caption\":\"manadmin\"},\"sameAs\":[\"https:\/\/fadeu.urantiacos.cl\"]}]}<\/script>\n<!-- \/ Yoast SEO plugin. -->","yoast_head_json":{"title":"Encuesta \u201crealidad de mujeres FADEU\u201d plantea mejoras en las din\u00e1micas laborales en Lo Contador - Facultad de Arquitectura, Dise\u00f1o y Estudios Urbanos","description":"La directora de la recientemente creada unidad de Equidad de G\u00e9nero de Lo Contador, profesora Pilar Garc\u00eda, present\u00f3 ante el Comit\u00e9 Ejecutivo de la Facultad los resultados de la encuesta \u201cRealidad de Mujeres FADEU\u201d, cuyo objetivo fue un diagn\u00f3stico r\u00e1pido sobre las complejidades que acad\u00e9micas, profesionales y administrativas han enfrentado durante la pandemia, instancia que convoc\u00f3 a alrededor de 130 mujeres (con un 62% de respuestas).","robots":{"index":"index","follow":"follow","max-snippet":"max-snippet:-1","max-image-preview":"max-image-preview:large","max-video-preview":"max-video-preview:-1"},"canonical":"https:\/\/fadeu.urantiacos.cl\/en\/2021\/06\/07\/encuesta-realidad-de-mujeres-fadeu-plantea-mejoras-en-las-dinamicas-laborales-en-lo-contador\/","og_locale":"en_US","og_type":"article","og_title":"Encuesta \u201crealidad de mujeres FADEU\u201d plantea mejoras en las din\u00e1micas laborales en Lo Contador - Facultad de Arquitectura, Dise\u00f1o y Estudios Urbanos","og_description":"La directora de la recientemente creada unidad de Equidad de G\u00e9nero de Lo Contador, profesora Pilar Garc\u00eda, present\u00f3 ante el Comit\u00e9 Ejecutivo de la Facultad los resultados de la encuesta \u201cRealidad de Mujeres FADEU\u201d, cuyo objetivo fue un diagn\u00f3stico r\u00e1pido sobre las complejidades que acad\u00e9micas, profesionales y administrativas han enfrentado durante la pandemia, instancia que convoc\u00f3 a alrededor de 130 mujeres (con un 62% de respuestas).","og_url":"https:\/\/fadeu.urantiacos.cl\/en\/2021\/06\/07\/encuesta-realidad-de-mujeres-fadeu-plantea-mejoras-en-las-dinamicas-laborales-en-lo-contador\/","og_site_name":"Facultad de Arquitectura, Dise\u00f1o y Estudios Urbanos","article_published_time":"2021-06-08T01:39:00+00:00","article_modified_time":"2023-09-08T01:41:45+00:00","og_image":[{"width":350,"height":250,"url":"https:\/\/fadeu.urantiacos.cl\/wp-content\/uploads\/2023\/09\/web_GRUPAL_MUJERES-1909.jpg","type":"image\/jpeg"}],"author":"manadmin","twitter_card":"summary_large_image","twitter_misc":{"Written by":"manadmin","Est. reading time":"2 minutes"},"schema":{"@context":"https:\/\/schema.org","@graph":[{"@type":"Article","@id":"https:\/\/fadeu.urantiacos.cl\/en\/2021\/06\/07\/encuesta-realidad-de-mujeres-fadeu-plantea-mejoras-en-las-dinamicas-laborales-en-lo-contador\/#article","isPartOf":{"@id":"https:\/\/fadeu.urantiacos.cl\/en\/2021\/06\/07\/encuesta-realidad-de-mujeres-fadeu-plantea-mejoras-en-las-dinamicas-laborales-en-lo-contador\/"},"author":{"name":"manadmin","@id":"https:\/\/fadeu.urantiacos.cl\/en\/#\/schema\/person\/d203e2e84b1c40275eac77b3061a19a2"},"headline":"Encuesta \u201crealidad de mujeres FADEU\u201d plantea mejoras en las din\u00e1micas laborales en Lo Contador","datePublished":"2021-06-08T01:39:00+00:00","dateModified":"2023-09-08T01:41:45+00:00","mainEntityOfPage":{"@id":"https:\/\/fadeu.urantiacos.cl\/en\/2021\/06\/07\/encuesta-realidad-de-mujeres-fadeu-plantea-mejoras-en-las-dinamicas-laborales-en-lo-contador\/"},"wordCount":345,"commentCount":0,"image":{"@id":"https:\/\/fadeu.urantiacos.cl\/en\/2021\/06\/07\/encuesta-realidad-de-mujeres-fadeu-plantea-mejoras-en-las-dinamicas-laborales-en-lo-contador\/#primaryimage"},"thumbnailUrl":"https:\/\/fadeu.urantiacos.cl\/wp-content\/uploads\/2023\/09\/web_GRUPAL_MUJERES-1909.jpg","articleSection":["Sin categorizar"],"inLanguage":"en-US","potentialAction":[{"@type":"CommentAction","name":"Comment","target":["https:\/\/fadeu.urantiacos.cl\/en\/2021\/06\/07\/encuesta-realidad-de-mujeres-fadeu-plantea-mejoras-en-las-dinamicas-laborales-en-lo-contador\/#respond"]}]},{"@type":"WebPage","@id":"https:\/\/fadeu.urantiacos.cl\/en\/2021\/06\/07\/encuesta-realidad-de-mujeres-fadeu-plantea-mejoras-en-las-dinamicas-laborales-en-lo-contador\/","url":"https:\/\/fadeu.urantiacos.cl\/en\/2021\/06\/07\/encuesta-realidad-de-mujeres-fadeu-plantea-mejoras-en-las-dinamicas-laborales-en-lo-contador\/","name":"Encuesta \u201crealidad de mujeres FADEU\u201d plantea mejoras en las din\u00e1micas laborales en Lo Contador - Facultad de Arquitectura, Dise\u00f1o y Estudios Urbanos","isPartOf":{"@id":"https:\/\/fadeu.urantiacos.cl\/en\/#website"},"primaryImageOfPage":{"@id":"https:\/\/fadeu.urantiacos.cl\/en\/2021\/06\/07\/encuesta-realidad-de-mujeres-fadeu-plantea-mejoras-en-las-dinamicas-laborales-en-lo-contador\/#primaryimage"},"image":{"@id":"https:\/\/fadeu.urantiacos.cl\/en\/2021\/06\/07\/encuesta-realidad-de-mujeres-fadeu-plantea-mejoras-en-las-dinamicas-laborales-en-lo-contador\/#primaryimage"},"thumbnailUrl":"https:\/\/fadeu.urantiacos.cl\/wp-content\/uploads\/2023\/09\/web_GRUPAL_MUJERES-1909.jpg","datePublished":"2021-06-08T01:39:00+00:00","dateModified":"2023-09-08T01:41:45+00:00","author":{"@id":"https:\/\/fadeu.urantiacos.cl\/en\/#\/schema\/person\/d203e2e84b1c40275eac77b3061a19a2"},"description":"La directora de la recientemente creada unidad de Equidad de G\u00e9nero de Lo Contador, profesora Pilar Garc\u00eda, present\u00f3 ante el Comit\u00e9 Ejecutivo de la Facultad los resultados de la encuesta \u201cRealidad de Mujeres FADEU\u201d, cuyo objetivo fue un diagn\u00f3stico r\u00e1pido sobre las complejidades que acad\u00e9micas, profesionales y administrativas han enfrentado durante la pandemia, instancia que convoc\u00f3 a alrededor de 130 mujeres (con un 62% de respuestas).","breadcrumb":{"@id":"https:\/\/fadeu.urantiacos.cl\/en\/2021\/06\/07\/encuesta-realidad-de-mujeres-fadeu-plantea-mejoras-en-las-dinamicas-laborales-en-lo-contador\/#breadcrumb"},"inLanguage":"en-US","potentialAction":[{"@type":"ReadAction","target":["https:\/\/fadeu.urantiacos.cl\/en\/2021\/06\/07\/encuesta-realidad-de-mujeres-fadeu-plantea-mejoras-en-las-dinamicas-laborales-en-lo-contador\/"]}]},{"@type":"ImageObject","inLanguage":"en-US","@id":"https:\/\/fadeu.urantiacos.cl\/en\/2021\/06\/07\/encuesta-realidad-de-mujeres-fadeu-plantea-mejoras-en-las-dinamicas-laborales-en-lo-contador\/#primaryimage","url":"https:\/\/fadeu.urantiacos.cl\/wp-content\/uploads\/2023\/09\/web_GRUPAL_MUJERES-1909.jpg","contentUrl":"https:\/\/fadeu.urantiacos.cl\/wp-content\/uploads\/2023\/09\/web_GRUPAL_MUJERES-1909.jpg","width":350,"height":250},{"@type":"BreadcrumbList","@id":"https:\/\/fadeu.urantiacos.cl\/en\/2021\/06\/07\/encuesta-realidad-de-mujeres-fadeu-plantea-mejoras-en-las-dinamicas-laborales-en-lo-contador\/#breadcrumb","itemListElement":[{"@type":"ListItem","position":1,"name":"Portada","item":"https:\/\/fadeu.urantiacos.cl\/en\/"},{"@type":"ListItem","position":2,"name":"Encuesta \u201crealidad de mujeres FADEU\u201d plantea mejoras en las din\u00e1micas laborales en Lo Contador"}]},{"@type":"WebSite","@id":"https:\/\/fadeu.urantiacos.cl\/en\/#website","url":"https:\/\/fadeu.urantiacos.cl\/en\/","name":"Facultad de Arquitectura, Dise\u00f1o y Estudios Urbanos","description":"Campus Lo Contador","potentialAction":[{"@type":"SearchAction","target":{"@type":"EntryPoint","urlTemplate":"https:\/\/fadeu.urantiacos.cl\/en\/?s={search_term_string}"},"query-input":{"@type":"PropertyValueSpecification","valueRequired":true,"valueName":"search_term_string"}}],"inLanguage":"en-US"},{"@type":"Person","@id":"https:\/\/fadeu.urantiacos.cl\/en\/#\/schema\/person\/d203e2e84b1c40275eac77b3061a19a2","name":"manadmin","image":{"@type":"ImageObject","inLanguage":"en-US","@id":"https:\/\/fadeu.urantiacos.cl\/en\/#\/schema\/person\/image\/","url":"https:\/\/secure.gravatar.com\/avatar\/4b1d8e3303b4a9d8968ac578947d8bc80d9aea359f388cdd4aac15cadc0e8447?s=96&d=mm&r=g","contentUrl":"https:\/\/secure.gravatar.com\/avatar\/4b1d8e3303b4a9d8968ac578947d8bc80d9aea359f388cdd4aac15cadc0e8447?s=96&d=mm&r=g","caption":"manadmin"},"sameAs":["https:\/\/fadeu.urantiacos.cl"]}]}},"_links":{"self":[{"href":"https:\/\/fadeu.urantiacos.cl\/en\/wp-json\/wp\/v2\/posts\/6855","targetHints":{"allow":["GET"]}}],"collection":[{"href":"https:\/\/fadeu.urantiacos.cl\/en\/wp-json\/wp\/v2\/posts"}],"about":[{"href":"https:\/\/fadeu.urantiacos.cl\/en\/wp-json\/wp\/v2\/types\/post"}],"author":[{"embeddable":true,"href":"https:\/\/fadeu.urantiacos.cl\/en\/wp-json\/wp\/v2\/users\/1"}],"replies":[{"embeddable":true,"href":"https:\/\/fadeu.urantiacos.cl\/en\/wp-json\/wp\/v2\/comments?post=6855"}],"version-history":[{"count":1,"href":"https:\/\/fadeu.urantiacos.cl\/en\/wp-json\/wp\/v2\/posts\/6855\/revisions"}],"predecessor-version":[{"id":6857,"href":"https:\/\/fadeu.urantiacos.cl\/en\/wp-json\/wp\/v2\/posts\/6855\/revisions\/6857"}],"wp:featuredmedia":[{"embeddable":true,"href":"https:\/\/fadeu.urantiacos.cl\/en\/wp-json\/wp\/v2\/media\/6856"}],"wp:attachment":[{"href":"https:\/\/fadeu.urantiacos.cl\/en\/wp-json\/wp\/v2\/media?parent=6855"}],"wp:term":[{"taxonomy":"category","embeddable":true,"href":"https:\/\/fadeu.urantiacos.cl\/en\/wp-json\/wp\/v2\/categories?post=6855"},{"taxonomy":"post_tag","embeddable":true,"href":"https:\/\/fadeu.urantiacos.cl\/en\/wp-json\/wp\/v2\/tags?post=6855"}],"curies":[{"name":"wp","href":"https:\/\/api.w.org\/{rel}","templated":true}]}}