{"id":6827,"date":"2021-06-13T22:19:00","date_gmt":"2021-06-14T01:19:00","guid":{"rendered":"https:\/\/fadeu.urantiacos.cl\/?p=6827"},"modified":"2023-09-07T22:26:20","modified_gmt":"2023-09-08T01:26:20","slug":"arquitecto-uc-entre-los-jovenes-premiados-del-concurso-hut-yakisugi-de-woodarch","status":"publish","type":"post","link":"https:\/\/fadeu.urantiacos.cl\/en\/2021\/06\/13\/arquitecto-uc-entre-los-jovenes-premiados-del-concurso-hut-yakisugi-de-woodarch\/","title":{"rendered":"Arquitecto UC entre los j\u00f3venes premiados del concurso HUT Yakisugi de Woodarch"},"content":{"rendered":"\n<figure class=\"wp-block-image size-full\"><img decoding=\"async\" width=\"350\" height=\"250\" src=\"https:\/\/fadeu.urantiacos.cl\/wp-content\/uploads\/2023\/09\/web_arq_concurso_junio2021.jpg\" alt=\"\" class=\"wp-image-6828\" srcset=\"https:\/\/fadeu.urantiacos.cl\/wp-content\/uploads\/2023\/09\/web_arq_concurso_junio2021.jpg 350w, https:\/\/fadeu.urantiacos.cl\/wp-content\/uploads\/2023\/09\/web_arq_concurso_junio2021-300x214.jpg 300w\" sizes=\"(max-width: 350px) 100vw, 350px\" \/><\/figure>\n\n\n\n<p>La selecci\u00f3n final del jurado, en las categor\u00edas estudiantes de arquitectura y arquitectos sub 40, fue presentada el viernes 28 de mayo en una ceremonia cerrada y online por la contingencia sanitaria. El jurado del certamen, dirigido por el profesor ARQ UC Cristi\u00e1n Izquierdo, tuvo un panel compuesto por los arquitectos Cristi\u00e1n Undurraga, Guillermo Acu\u00f1a, Gabriela Garc\u00eda del Cort\u00e1zar, Ver\u00f3nica Arcos, y las profesoras ARQ UC Cecilia Puga y Alejandra Celed\u00f3n, jefa del MARQ.<\/p>\n\n\n\n<p>Sobre &#8220;Progresi\u00f3n cotidiana&#8221;_<br>El proyecto propuso como lugar para el refugio la isla Navarino, mirando al canal del Beagle, a 25 km de la ciudad de Puerto Williams. La propuesta se basa y transforma la tipolog\u00eda de casa &#8220;A\u201d, un modelo universal de habitaci\u00f3n b\u00e1sica que ha sido utilizado en todo mundo y que en Chile tuvo una particular proliferaci\u00f3n como sistema para la construcci\u00f3n de segundas viviendas. Su econom\u00eda de material y f\u00e1cil construcci\u00f3n, junto a la idea, simple pero eficaz, de convertir la cubierta en muro, la transformaron en una tipolog\u00eda extremadamente eficiente. En este caso, la madera Yakisugi es muro y techo, un manto inclinado que cubre la estructura y la protege de la lluvia, la nieve y el viento de la zona.<\/p>\n\n\n\n<p>Sobre el concurso_<br>Hut Yakisugi Woodarch 2021 fue organizado por la empresa Woodarch, quienes invitaron al profesor ARQ UC Cristi\u00e1n Izquierdo para dirigir el certamen y as\u00ed promover el uso de la madera. El concurso, orientado a estudiantes y arquitectos j\u00f3venes, ped\u00eda el dise\u00f1o de un habit\u00e1culo m\u00ednimo para dos personas \u2014que no superara los 50 m2\u2014, para emplazar en alg\u00fan paisaje del pa\u00eds utilizando la t\u00e9cnica japonesa \u201cYakisugi\u201d en madera.<\/p>\n\n\n\n<p>Ver la ceremonia de premiaci\u00f3n en el siguiente\u00a0<a rel=\"noreferrer noopener\" href=\"https:\/\/www.youtube.com\/watch?v=lm2YsEAzdYc&amp;t=2391s&amp;ab_channel=WoodArchChile\" target=\"_blank\">link<\/a>\u00a0<br>Ver la nota de la categor\u00eda estudiantes con primer lugar ARQ UC en el siguiente\u00a0<a rel=\"noreferrer noopener\" href=\"http:\/\/arquitectura.uc.cl\/proyectos\/noticias\/6195-estudiantes-arq-uc-obtienen-el-primer-lugar-en-el-concurso-hut-yakisugi-de-woodarch.html\" target=\"_blank\">link<\/a>\u00a0<br>Ver m\u00e1s sobre el concurso y los proyectos destacados en el siguiente\u00a0<a rel=\"noreferrer noopener\" href=\"https:\/\/www.yakisugi.cl\/\" target=\"_blank\">link<\/a>\u00a0<\/p>\n\n\n\n<figure class=\"wp-block-image size-full\"><img decoding=\"async\" width=\"1024\" height=\"683\" src=\"https:\/\/fadeu.urantiacos.cl\/wp-content\/uploads\/2023\/09\/B.jpg\" alt=\"\" class=\"wp-image-6829\" srcset=\"https:\/\/fadeu.urantiacos.cl\/wp-content\/uploads\/2023\/09\/B.jpg 1024w, https:\/\/fadeu.urantiacos.cl\/wp-content\/uploads\/2023\/09\/B-300x200.jpg 300w, https:\/\/fadeu.urantiacos.cl\/wp-content\/uploads\/2023\/09\/B-768x512.jpg 768w\" sizes=\"(max-width: 1024px) 100vw, 1024px\" \/><\/figure>\n\n\n\n<figure class=\"wp-block-image size-full\"><img decoding=\"async\" width=\"1024\" height=\"683\" src=\"https:\/\/fadeu.urantiacos.cl\/wp-content\/uploads\/2023\/09\/E.jpg\" alt=\"\" class=\"wp-image-6830\" srcset=\"https:\/\/fadeu.urantiacos.cl\/wp-content\/uploads\/2023\/09\/E.jpg 1024w, https:\/\/fadeu.urantiacos.cl\/wp-content\/uploads\/2023\/09\/E-300x200.jpg 300w, https:\/\/fadeu.urantiacos.cl\/wp-content\/uploads\/2023\/09\/E-768x512.jpg 768w\" sizes=\"(max-width: 1024px) 100vw, 1024px\" \/><\/figure>\n\n\n\n<figure class=\"wp-block-image size-full\"><img decoding=\"async\" width=\"1024\" height=\"683\" src=\"https:\/\/fadeu.urantiacos.cl\/wp-content\/uploads\/2023\/09\/D.jpg\" alt=\"\" class=\"wp-image-6831\" srcset=\"https:\/\/fadeu.urantiacos.cl\/wp-content\/uploads\/2023\/09\/D.jpg 1024w, https:\/\/fadeu.urantiacos.cl\/wp-content\/uploads\/2023\/09\/D-300x200.jpg 300w, https:\/\/fadeu.urantiacos.cl\/wp-content\/uploads\/2023\/09\/D-768x512.jpg 768w\" sizes=\"(max-width: 1024px) 100vw, 1024px\" \/><\/figure>\n\n\n\n<figure class=\"wp-block-image size-full\"><img decoding=\"async\" width=\"1024\" height=\"683\" src=\"https:\/\/fadeu.urantiacos.cl\/wp-content\/uploads\/2023\/09\/C.jpg\" alt=\"\" class=\"wp-image-6832\" srcset=\"https:\/\/fadeu.urantiacos.cl\/wp-content\/uploads\/2023\/09\/C.jpg 1024w, https:\/\/fadeu.urantiacos.cl\/wp-content\/uploads\/2023\/09\/C-300x200.jpg 300w, https:\/\/fadeu.urantiacos.cl\/wp-content\/uploads\/2023\/09\/C-768x512.jpg 768w\" sizes=\"(max-width: 1024px) 100vw, 1024px\" \/><\/figure>\n\n\n\n<figure class=\"wp-block-image size-full\"><img decoding=\"async\" width=\"1024\" height=\"683\" src=\"https:\/\/fadeu.urantiacos.cl\/wp-content\/uploads\/2023\/09\/A.jpg\" alt=\"\" class=\"wp-image-6833\" srcset=\"https:\/\/fadeu.urantiacos.cl\/wp-content\/uploads\/2023\/09\/A.jpg 1024w, https:\/\/fadeu.urantiacos.cl\/wp-content\/uploads\/2023\/09\/A-300x200.jpg 300w, https:\/\/fadeu.urantiacos.cl\/wp-content\/uploads\/2023\/09\/A-768x512.jpg 768w\" sizes=\"(max-width: 1024px) 100vw, 1024px\" \/><\/figure>\n\n\n\n<p>Noticias<\/p>\n\n\n\n<p>Contacto:&nbsp;<a href=\"mailto:redesarq@uc.cl\">redesarq@uc.cl<\/a>&nbsp;| +56 2 2354 7747<br>www.arquitectura.uc.cl<\/p>\n","protected":false},"excerpt":{"rendered":"<p>Felipe Contreras \u2014arquitecto y Mag\u00edster en Arquitectura UC\u2014, obtuvo el tercer lugar en la categor\u00eda sub 40 con el proyecto \u201cProgresi\u00f3n cotidiana. Un cuadrado y dos tri\u00e1ngulos\u201d. Por otro lado, el equipo que obtuvo el primer lugar, liderado por el arquitecto UCh Pablo Rojas, cont\u00f3 con la colaboraci\u00f3n de la estudiante ARQ UC Catalina Tello.<\/p>\n","protected":false},"author":1,"featured_media":6828,"comment_status":"open","ping_status":"open","sticky":false,"template":"","format":"standard","meta":{"_acf_changed":false,"footnotes":""},"categories":[1],"tags":[],"class_list":["post-6827","post","type-post","status-publish","format-standard","has-post-thumbnail","hentry","category-sin-categorizar"],"acf":[],"yoast_head":"<!-- This site is optimized with the Yoast SEO plugin v27.1.1 - https:\/\/yoast.com\/product\/yoast-seo-wordpress\/ -->\n<title>Arquitecto UC entre los j\u00f3venes premiados del concurso HUT Yakisugi de Woodarch - Facultad de Arquitectura, Dise\u00f1o y Estudios Urbanos<\/title>\n<meta name=\"description\" content=\"Felipe Contreras \u2014arquitecto y Mag\u00edster en Arquitectura UC\u2014, obtuvo el tercer lugar en la categor\u00eda sub 40 con el proyecto \u201cProgresi\u00f3n cotidiana. Un cuadrado y dos tri\u00e1ngulos\u201d. Por otro lado, el equipo que obtuvo el primer lugar, liderado por el arquitecto UCh Pablo Rojas, cont\u00f3 con la colaboraci\u00f3n de la estudiante ARQ UC Catalina Tello.\" \/>\n<meta name=\"robots\" content=\"index, follow, max-snippet:-1, max-image-preview:large, max-video-preview:-1\" \/>\n<link rel=\"canonical\" href=\"https:\/\/fadeu.urantiacos.cl\/en\/2021\/06\/13\/arquitecto-uc-entre-los-jovenes-premiados-del-concurso-hut-yakisugi-de-woodarch\/\" \/>\n<meta property=\"og:locale\" content=\"en_US\" \/>\n<meta property=\"og:type\" content=\"article\" \/>\n<meta property=\"og:title\" content=\"Arquitecto UC entre los j\u00f3venes premiados del concurso HUT Yakisugi de Woodarch - Facultad de Arquitectura, Dise\u00f1o y Estudios Urbanos\" \/>\n<meta property=\"og:description\" content=\"Felipe Contreras \u2014arquitecto y Mag\u00edster en Arquitectura UC\u2014, obtuvo el tercer lugar en la categor\u00eda sub 40 con el proyecto \u201cProgresi\u00f3n cotidiana. Un cuadrado y dos tri\u00e1ngulos\u201d. Por otro lado, el equipo que obtuvo el primer lugar, liderado por el arquitecto UCh Pablo Rojas, cont\u00f3 con la colaboraci\u00f3n de la estudiante ARQ UC Catalina Tello.\" \/>\n<meta property=\"og:url\" content=\"https:\/\/fadeu.urantiacos.cl\/en\/2021\/06\/13\/arquitecto-uc-entre-los-jovenes-premiados-del-concurso-hut-yakisugi-de-woodarch\/\" \/>\n<meta property=\"og:site_name\" content=\"Facultad de Arquitectura, Dise\u00f1o y Estudios Urbanos\" \/>\n<meta property=\"article:published_time\" content=\"2021-06-14T01:19:00+00:00\" \/>\n<meta property=\"article:modified_time\" content=\"2023-09-08T01:26:20+00:00\" \/>\n<meta property=\"og:image\" content=\"https:\/\/fadeu.urantiacos.cl\/wp-content\/uploads\/2023\/09\/web_arq_concurso_junio2021.jpg\" \/>\n\t<meta property=\"og:image:width\" content=\"350\" \/>\n\t<meta property=\"og:image:height\" content=\"250\" \/>\n\t<meta property=\"og:image:type\" content=\"image\/jpeg\" \/>\n<meta name=\"author\" content=\"manadmin\" \/>\n<meta name=\"twitter:card\" content=\"summary_large_image\" \/>\n<meta name=\"twitter:label1\" content=\"Written by\" \/>\n\t<meta name=\"twitter:data1\" content=\"manadmin\" \/>\n\t<meta name=\"twitter:label2\" content=\"Est. reading time\" \/>\n\t<meta name=\"twitter:data2\" content=\"2 minutes\" \/>\n<script type=\"application\/ld+json\" class=\"yoast-schema-graph\">{\"@context\":\"https:\/\/schema.org\",\"@graph\":[{\"@type\":\"Article\",\"@id\":\"https:\/\/fadeu.urantiacos.cl\/en\/2021\/06\/13\/arquitecto-uc-entre-los-jovenes-premiados-del-concurso-hut-yakisugi-de-woodarch\/#article\",\"isPartOf\":{\"@id\":\"https:\/\/fadeu.urantiacos.cl\/en\/2021\/06\/13\/arquitecto-uc-entre-los-jovenes-premiados-del-concurso-hut-yakisugi-de-woodarch\/\"},\"author\":{\"name\":\"manadmin\",\"@id\":\"https:\/\/fadeu.urantiacos.cl\/en\/#\/schema\/person\/d203e2e84b1c40275eac77b3061a19a2\"},\"headline\":\"Arquitecto UC entre los j\u00f3venes premiados del concurso HUT Yakisugi de Woodarch\",\"datePublished\":\"2021-06-14T01:19:00+00:00\",\"dateModified\":\"2023-09-08T01:26:20+00:00\",\"mainEntityOfPage\":{\"@id\":\"https:\/\/fadeu.urantiacos.cl\/en\/2021\/06\/13\/arquitecto-uc-entre-los-jovenes-premiados-del-concurso-hut-yakisugi-de-woodarch\/\"},\"wordCount\":359,\"commentCount\":0,\"image\":{\"@id\":\"https:\/\/fadeu.urantiacos.cl\/en\/2021\/06\/13\/arquitecto-uc-entre-los-jovenes-premiados-del-concurso-hut-yakisugi-de-woodarch\/#primaryimage\"},\"thumbnailUrl\":\"https:\/\/fadeu.urantiacos.cl\/wp-content\/uploads\/2023\/09\/web_arq_concurso_junio2021.jpg\",\"articleSection\":[\"Sin categorizar\"],\"inLanguage\":\"en-US\",\"potentialAction\":[{\"@type\":\"CommentAction\",\"name\":\"Comment\",\"target\":[\"https:\/\/fadeu.urantiacos.cl\/en\/2021\/06\/13\/arquitecto-uc-entre-los-jovenes-premiados-del-concurso-hut-yakisugi-de-woodarch\/#respond\"]}]},{\"@type\":\"WebPage\",\"@id\":\"https:\/\/fadeu.urantiacos.cl\/en\/2021\/06\/13\/arquitecto-uc-entre-los-jovenes-premiados-del-concurso-hut-yakisugi-de-woodarch\/\",\"url\":\"https:\/\/fadeu.urantiacos.cl\/en\/2021\/06\/13\/arquitecto-uc-entre-los-jovenes-premiados-del-concurso-hut-yakisugi-de-woodarch\/\",\"name\":\"Arquitecto UC entre los j\u00f3venes premiados del concurso HUT Yakisugi de Woodarch - Facultad de Arquitectura, Dise\u00f1o y Estudios Urbanos\",\"isPartOf\":{\"@id\":\"https:\/\/fadeu.urantiacos.cl\/en\/#website\"},\"primaryImageOfPage\":{\"@id\":\"https:\/\/fadeu.urantiacos.cl\/en\/2021\/06\/13\/arquitecto-uc-entre-los-jovenes-premiados-del-concurso-hut-yakisugi-de-woodarch\/#primaryimage\"},\"image\":{\"@id\":\"https:\/\/fadeu.urantiacos.cl\/en\/2021\/06\/13\/arquitecto-uc-entre-los-jovenes-premiados-del-concurso-hut-yakisugi-de-woodarch\/#primaryimage\"},\"thumbnailUrl\":\"https:\/\/fadeu.urantiacos.cl\/wp-content\/uploads\/2023\/09\/web_arq_concurso_junio2021.jpg\",\"datePublished\":\"2021-06-14T01:19:00+00:00\",\"dateModified\":\"2023-09-08T01:26:20+00:00\",\"author\":{\"@id\":\"https:\/\/fadeu.urantiacos.cl\/en\/#\/schema\/person\/d203e2e84b1c40275eac77b3061a19a2\"},\"description\":\"Felipe Contreras \u2014arquitecto y Mag\u00edster en Arquitectura UC\u2014, obtuvo el tercer lugar en la categor\u00eda sub 40 con el proyecto \u201cProgresi\u00f3n cotidiana. Un cuadrado y dos tri\u00e1ngulos\u201d. Por otro lado, el equipo que obtuvo el primer lugar, liderado por el arquitecto UCh Pablo Rojas, cont\u00f3 con la colaboraci\u00f3n de la estudiante ARQ UC Catalina Tello.\",\"breadcrumb\":{\"@id\":\"https:\/\/fadeu.urantiacos.cl\/en\/2021\/06\/13\/arquitecto-uc-entre-los-jovenes-premiados-del-concurso-hut-yakisugi-de-woodarch\/#breadcrumb\"},\"inLanguage\":\"en-US\",\"potentialAction\":[{\"@type\":\"ReadAction\",\"target\":[\"https:\/\/fadeu.urantiacos.cl\/en\/2021\/06\/13\/arquitecto-uc-entre-los-jovenes-premiados-del-concurso-hut-yakisugi-de-woodarch\/\"]}]},{\"@type\":\"ImageObject\",\"inLanguage\":\"en-US\",\"@id\":\"https:\/\/fadeu.urantiacos.cl\/en\/2021\/06\/13\/arquitecto-uc-entre-los-jovenes-premiados-del-concurso-hut-yakisugi-de-woodarch\/#primaryimage\",\"url\":\"https:\/\/fadeu.urantiacos.cl\/wp-content\/uploads\/2023\/09\/web_arq_concurso_junio2021.jpg\",\"contentUrl\":\"https:\/\/fadeu.urantiacos.cl\/wp-content\/uploads\/2023\/09\/web_arq_concurso_junio2021.jpg\",\"width\":350,\"height\":250},{\"@type\":\"BreadcrumbList\",\"@id\":\"https:\/\/fadeu.urantiacos.cl\/en\/2021\/06\/13\/arquitecto-uc-entre-los-jovenes-premiados-del-concurso-hut-yakisugi-de-woodarch\/#breadcrumb\",\"itemListElement\":[{\"@type\":\"ListItem\",\"position\":1,\"name\":\"Portada\",\"item\":\"https:\/\/fadeu.urantiacos.cl\/en\/\"},{\"@type\":\"ListItem\",\"position\":2,\"name\":\"Arquitecto UC entre los j\u00f3venes premiados del concurso HUT Yakisugi de Woodarch\"}]},{\"@type\":\"WebSite\",\"@id\":\"https:\/\/fadeu.urantiacos.cl\/en\/#website\",\"url\":\"https:\/\/fadeu.urantiacos.cl\/en\/\",\"name\":\"Facultad de Arquitectura, Dise\u00f1o y Estudios Urbanos\",\"description\":\"Campus Lo Contador\",\"potentialAction\":[{\"@type\":\"SearchAction\",\"target\":{\"@type\":\"EntryPoint\",\"urlTemplate\":\"https:\/\/fadeu.urantiacos.cl\/en\/?s={search_term_string}\"},\"query-input\":{\"@type\":\"PropertyValueSpecification\",\"valueRequired\":true,\"valueName\":\"search_term_string\"}}],\"inLanguage\":\"en-US\"},{\"@type\":\"Person\",\"@id\":\"https:\/\/fadeu.urantiacos.cl\/en\/#\/schema\/person\/d203e2e84b1c40275eac77b3061a19a2\",\"name\":\"manadmin\",\"image\":{\"@type\":\"ImageObject\",\"inLanguage\":\"en-US\",\"@id\":\"https:\/\/fadeu.urantiacos.cl\/en\/#\/schema\/person\/image\/\",\"url\":\"https:\/\/secure.gravatar.com\/avatar\/4b1d8e3303b4a9d8968ac578947d8bc80d9aea359f388cdd4aac15cadc0e8447?s=96&d=mm&r=g\",\"contentUrl\":\"https:\/\/secure.gravatar.com\/avatar\/4b1d8e3303b4a9d8968ac578947d8bc80d9aea359f388cdd4aac15cadc0e8447?s=96&d=mm&r=g\",\"caption\":\"manadmin\"},\"sameAs\":[\"https:\/\/fadeu.urantiacos.cl\"]}]}<\/script>\n<!-- \/ Yoast SEO plugin. -->","yoast_head_json":{"title":"Arquitecto UC entre los j\u00f3venes premiados del concurso HUT Yakisugi de Woodarch - Facultad de Arquitectura, Dise\u00f1o y Estudios Urbanos","description":"Felipe Contreras \u2014arquitecto y Mag\u00edster en Arquitectura UC\u2014, obtuvo el tercer lugar en la categor\u00eda sub 40 con el proyecto \u201cProgresi\u00f3n cotidiana. Un cuadrado y dos tri\u00e1ngulos\u201d. Por otro lado, el equipo que obtuvo el primer lugar, liderado por el arquitecto UCh Pablo Rojas, cont\u00f3 con la colaboraci\u00f3n de la estudiante ARQ UC Catalina Tello.","robots":{"index":"index","follow":"follow","max-snippet":"max-snippet:-1","max-image-preview":"max-image-preview:large","max-video-preview":"max-video-preview:-1"},"canonical":"https:\/\/fadeu.urantiacos.cl\/en\/2021\/06\/13\/arquitecto-uc-entre-los-jovenes-premiados-del-concurso-hut-yakisugi-de-woodarch\/","og_locale":"en_US","og_type":"article","og_title":"Arquitecto UC entre los j\u00f3venes premiados del concurso HUT Yakisugi de Woodarch - Facultad de Arquitectura, Dise\u00f1o y Estudios Urbanos","og_description":"Felipe Contreras \u2014arquitecto y Mag\u00edster en Arquitectura UC\u2014, obtuvo el tercer lugar en la categor\u00eda sub 40 con el proyecto \u201cProgresi\u00f3n cotidiana. Un cuadrado y dos tri\u00e1ngulos\u201d. Por otro lado, el equipo que obtuvo el primer lugar, liderado por el arquitecto UCh Pablo Rojas, cont\u00f3 con la colaboraci\u00f3n de la estudiante ARQ UC Catalina Tello.","og_url":"https:\/\/fadeu.urantiacos.cl\/en\/2021\/06\/13\/arquitecto-uc-entre-los-jovenes-premiados-del-concurso-hut-yakisugi-de-woodarch\/","og_site_name":"Facultad de Arquitectura, Dise\u00f1o y Estudios Urbanos","article_published_time":"2021-06-14T01:19:00+00:00","article_modified_time":"2023-09-08T01:26:20+00:00","og_image":[{"width":350,"height":250,"url":"https:\/\/fadeu.urantiacos.cl\/wp-content\/uploads\/2023\/09\/web_arq_concurso_junio2021.jpg","type":"image\/jpeg"}],"author":"manadmin","twitter_card":"summary_large_image","twitter_misc":{"Written by":"manadmin","Est. reading time":"2 minutes"},"schema":{"@context":"https:\/\/schema.org","@graph":[{"@type":"Article","@id":"https:\/\/fadeu.urantiacos.cl\/en\/2021\/06\/13\/arquitecto-uc-entre-los-jovenes-premiados-del-concurso-hut-yakisugi-de-woodarch\/#article","isPartOf":{"@id":"https:\/\/fadeu.urantiacos.cl\/en\/2021\/06\/13\/arquitecto-uc-entre-los-jovenes-premiados-del-concurso-hut-yakisugi-de-woodarch\/"},"author":{"name":"manadmin","@id":"https:\/\/fadeu.urantiacos.cl\/en\/#\/schema\/person\/d203e2e84b1c40275eac77b3061a19a2"},"headline":"Arquitecto UC entre los j\u00f3venes premiados del concurso HUT Yakisugi de Woodarch","datePublished":"2021-06-14T01:19:00+00:00","dateModified":"2023-09-08T01:26:20+00:00","mainEntityOfPage":{"@id":"https:\/\/fadeu.urantiacos.cl\/en\/2021\/06\/13\/arquitecto-uc-entre-los-jovenes-premiados-del-concurso-hut-yakisugi-de-woodarch\/"},"wordCount":359,"commentCount":0,"image":{"@id":"https:\/\/fadeu.urantiacos.cl\/en\/2021\/06\/13\/arquitecto-uc-entre-los-jovenes-premiados-del-concurso-hut-yakisugi-de-woodarch\/#primaryimage"},"thumbnailUrl":"https:\/\/fadeu.urantiacos.cl\/wp-content\/uploads\/2023\/09\/web_arq_concurso_junio2021.jpg","articleSection":["Sin categorizar"],"inLanguage":"en-US","potentialAction":[{"@type":"CommentAction","name":"Comment","target":["https:\/\/fadeu.urantiacos.cl\/en\/2021\/06\/13\/arquitecto-uc-entre-los-jovenes-premiados-del-concurso-hut-yakisugi-de-woodarch\/#respond"]}]},{"@type":"WebPage","@id":"https:\/\/fadeu.urantiacos.cl\/en\/2021\/06\/13\/arquitecto-uc-entre-los-jovenes-premiados-del-concurso-hut-yakisugi-de-woodarch\/","url":"https:\/\/fadeu.urantiacos.cl\/en\/2021\/06\/13\/arquitecto-uc-entre-los-jovenes-premiados-del-concurso-hut-yakisugi-de-woodarch\/","name":"Arquitecto UC entre los j\u00f3venes premiados del concurso HUT Yakisugi de Woodarch - Facultad de Arquitectura, Dise\u00f1o y Estudios Urbanos","isPartOf":{"@id":"https:\/\/fadeu.urantiacos.cl\/en\/#website"},"primaryImageOfPage":{"@id":"https:\/\/fadeu.urantiacos.cl\/en\/2021\/06\/13\/arquitecto-uc-entre-los-jovenes-premiados-del-concurso-hut-yakisugi-de-woodarch\/#primaryimage"},"image":{"@id":"https:\/\/fadeu.urantiacos.cl\/en\/2021\/06\/13\/arquitecto-uc-entre-los-jovenes-premiados-del-concurso-hut-yakisugi-de-woodarch\/#primaryimage"},"thumbnailUrl":"https:\/\/fadeu.urantiacos.cl\/wp-content\/uploads\/2023\/09\/web_arq_concurso_junio2021.jpg","datePublished":"2021-06-14T01:19:00+00:00","dateModified":"2023-09-08T01:26:20+00:00","author":{"@id":"https:\/\/fadeu.urantiacos.cl\/en\/#\/schema\/person\/d203e2e84b1c40275eac77b3061a19a2"},"description":"Felipe Contreras \u2014arquitecto y Mag\u00edster en Arquitectura UC\u2014, obtuvo el tercer lugar en la categor\u00eda sub 40 con el proyecto \u201cProgresi\u00f3n cotidiana. Un cuadrado y dos tri\u00e1ngulos\u201d. Por otro lado, el equipo que obtuvo el primer lugar, liderado por el arquitecto UCh Pablo Rojas, cont\u00f3 con la colaboraci\u00f3n de la estudiante ARQ UC Catalina Tello.","breadcrumb":{"@id":"https:\/\/fadeu.urantiacos.cl\/en\/2021\/06\/13\/arquitecto-uc-entre-los-jovenes-premiados-del-concurso-hut-yakisugi-de-woodarch\/#breadcrumb"},"inLanguage":"en-US","potentialAction":[{"@type":"ReadAction","target":["https:\/\/fadeu.urantiacos.cl\/en\/2021\/06\/13\/arquitecto-uc-entre-los-jovenes-premiados-del-concurso-hut-yakisugi-de-woodarch\/"]}]},{"@type":"ImageObject","inLanguage":"en-US","@id":"https:\/\/fadeu.urantiacos.cl\/en\/2021\/06\/13\/arquitecto-uc-entre-los-jovenes-premiados-del-concurso-hut-yakisugi-de-woodarch\/#primaryimage","url":"https:\/\/fadeu.urantiacos.cl\/wp-content\/uploads\/2023\/09\/web_arq_concurso_junio2021.jpg","contentUrl":"https:\/\/fadeu.urantiacos.cl\/wp-content\/uploads\/2023\/09\/web_arq_concurso_junio2021.jpg","width":350,"height":250},{"@type":"BreadcrumbList","@id":"https:\/\/fadeu.urantiacos.cl\/en\/2021\/06\/13\/arquitecto-uc-entre-los-jovenes-premiados-del-concurso-hut-yakisugi-de-woodarch\/#breadcrumb","itemListElement":[{"@type":"ListItem","position":1,"name":"Portada","item":"https:\/\/fadeu.urantiacos.cl\/en\/"},{"@type":"ListItem","position":2,"name":"Arquitecto UC entre los j\u00f3venes premiados del concurso HUT Yakisugi de Woodarch"}]},{"@type":"WebSite","@id":"https:\/\/fadeu.urantiacos.cl\/en\/#website","url":"https:\/\/fadeu.urantiacos.cl\/en\/","name":"Facultad de Arquitectura, Dise\u00f1o y Estudios Urbanos","description":"Campus Lo Contador","potentialAction":[{"@type":"SearchAction","target":{"@type":"EntryPoint","urlTemplate":"https:\/\/fadeu.urantiacos.cl\/en\/?s={search_term_string}"},"query-input":{"@type":"PropertyValueSpecification","valueRequired":true,"valueName":"search_term_string"}}],"inLanguage":"en-US"},{"@type":"Person","@id":"https:\/\/fadeu.urantiacos.cl\/en\/#\/schema\/person\/d203e2e84b1c40275eac77b3061a19a2","name":"manadmin","image":{"@type":"ImageObject","inLanguage":"en-US","@id":"https:\/\/fadeu.urantiacos.cl\/en\/#\/schema\/person\/image\/","url":"https:\/\/secure.gravatar.com\/avatar\/4b1d8e3303b4a9d8968ac578947d8bc80d9aea359f388cdd4aac15cadc0e8447?s=96&d=mm&r=g","contentUrl":"https:\/\/secure.gravatar.com\/avatar\/4b1d8e3303b4a9d8968ac578947d8bc80d9aea359f388cdd4aac15cadc0e8447?s=96&d=mm&r=g","caption":"manadmin"},"sameAs":["https:\/\/fadeu.urantiacos.cl"]}]}},"_links":{"self":[{"href":"https:\/\/fadeu.urantiacos.cl\/en\/wp-json\/wp\/v2\/posts\/6827","targetHints":{"allow":["GET"]}}],"collection":[{"href":"https:\/\/fadeu.urantiacos.cl\/en\/wp-json\/wp\/v2\/posts"}],"about":[{"href":"https:\/\/fadeu.urantiacos.cl\/en\/wp-json\/wp\/v2\/types\/post"}],"author":[{"embeddable":true,"href":"https:\/\/fadeu.urantiacos.cl\/en\/wp-json\/wp\/v2\/users\/1"}],"replies":[{"embeddable":true,"href":"https:\/\/fadeu.urantiacos.cl\/en\/wp-json\/wp\/v2\/comments?post=6827"}],"version-history":[{"count":1,"href":"https:\/\/fadeu.urantiacos.cl\/en\/wp-json\/wp\/v2\/posts\/6827\/revisions"}],"predecessor-version":[{"id":6834,"href":"https:\/\/fadeu.urantiacos.cl\/en\/wp-json\/wp\/v2\/posts\/6827\/revisions\/6834"}],"wp:featuredmedia":[{"embeddable":true,"href":"https:\/\/fadeu.urantiacos.cl\/en\/wp-json\/wp\/v2\/media\/6828"}],"wp:attachment":[{"href":"https:\/\/fadeu.urantiacos.cl\/en\/wp-json\/wp\/v2\/media?parent=6827"}],"wp:term":[{"taxonomy":"category","embeddable":true,"href":"https:\/\/fadeu.urantiacos.cl\/en\/wp-json\/wp\/v2\/categories?post=6827"},{"taxonomy":"post_tag","embeddable":true,"href":"https:\/\/fadeu.urantiacos.cl\/en\/wp-json\/wp\/v2\/tags?post=6827"}],"curies":[{"name":"wp","href":"https:\/\/api.w.org\/{rel}","templated":true}]}}