{"id":6797,"date":"2021-06-20T22:01:00","date_gmt":"2021-06-21T01:01:00","guid":{"rendered":"https:\/\/fadeu.urantiacos.cl\/?p=6797"},"modified":"2023-10-23T15:27:46","modified_gmt":"2023-10-23T18:27:46","slug":"francisco-diaz-es-finalista-en-la-bienal-espanola-de-arquitectura-y-urbanismo-2021-beau","status":"publish","type":"post","link":"https:\/\/fadeu.urantiacos.cl\/en\/2021\/06\/20\/francisco-diaz-es-finalista-en-la-bienal-espanola-de-arquitectura-y-urbanismo-2021-beau\/","title":{"rendered":"Francisco D\u00edaz es finalista en la Bienal Espa\u00f1ola de Arquitectura y Urbanismo 2021 (BEAU)"},"content":{"rendered":"\n<figure class=\"wp-block-image size-full\"><img decoding=\"async\" width=\"350\" height=\"250\" src=\"https:\/\/fadeu.urantiacos.cl\/wp-content\/uploads\/2023\/09\/patologia_FD.png\" alt=\"\" class=\"wp-image-6798\" srcset=\"https:\/\/fadeu.urantiacos.cl\/wp-content\/uploads\/2023\/09\/patologia_FD.png 350w, https:\/\/fadeu.urantiacos.cl\/wp-content\/uploads\/2023\/09\/patologia_FD-300x214.png 300w\" sizes=\"(max-width: 350px) 100vw, 350px\" \/><\/figure>\n\n\n\n<p>La d\u00e9cimoquinta Bienal Espa\u00f1ola de Arquitectura y Urbanismo (BEAU) anunci\u00f3 los finalistas de sus convocatorias para las muestras &#8220;Panorama de obras e investigaci\u00f3n&#8221;, &#8220;Proyecto fin de carrera&#8221;, y &#8220;Fotograf\u00eda&#8221;. En el caso de las secci\u00f3n en torno a la investigaci\u00f3n disciplinar, participaron 467 propuestas divididas en tres categor\u00edas: \u201cProducto\u201d con 11 finalistas; \u201cArt\u00edculos de investigaci\u00f3n\u201d con 26 finalistas; y \u201cPublicaciones\u201d con 45 finalistas.<\/p>\n\n\n\n<p>El trabajo del profesor ARQ UC Francisco D\u00edaz, publicado con Uqbar editores en Chile y dpr-barcelona en Espa\u00f1a, fue uno de los seleccionados por el jurado, entre los que tambi\u00e9n est\u00e1n:&nbsp;Mies y la gata niebla: Ensayos sobre arquitectura y cosmopol\u00edtica&nbsp;(Puente Editores, 2019) de Andr\u00e9s Jaque; el n\u00famero monogr\u00e1fico de la revista&nbsp;Fisuras&nbsp;dedicado al trabajo de investigaci\u00f3n de Federico Soriano y&nbsp;Dolores Palacios; Ch\u00e1chara y otras historias de arquitectura&nbsp;(Caniche, 2019) de Mois\u00e9s Puente; y&nbsp;Epics in the Everyday&nbsp;(Park Books, 2019) de Jes\u00fas Vassallo, por nombrar algunos.<\/p>\n\n\n\n<p>La XV edici\u00f3n de la BEAU, que tiene como tema un debate contingente \u2014&#8221;Espa\u00f1a vac\u00eda, Espa\u00f1a llena. Estrategias de conciliaci\u00f3n&#8221;\u2014 pretende ofrecer un panorama amplio de respuestas y se celebrar\u00e1 en dos sedes: en el Pabell\u00f3n de Barcelona entre el 28 de junio y el 16 de septiembre y en el Museo de Arte Contempor\u00e1neo Espa\u00f1ol en Valladolid entre el 2 de julio y el 6 de octubre.<\/p>\n\n\n\n<p>A partir de las arquitecturas, estrategias urbanas, propuestas territoriales e investigaciones presentadas, la XV BEAU \u2014que tiene por t\u00edtulo &#8220;Espa\u00f1a vac\u00eda, Espa\u00f1a llena. Estrategias de conciliaci\u00f3n&#8221;\u2014 se propone como un espacio de reflexi\u00f3n en torno a las capacidades de conciliaci\u00f3n de la disciplina respecto de esas dos realidades \u2014la din\u00e1mica y poblada que se contrapone a la m\u00e1s invariable y deshabitada\u2014, ofreciendo as\u00ed &#8220;un panorama de respuestas amplias a cuestiones muy concretas&#8221;.<\/p>\n\n\n\n<p>Por otro lado, el jurado de la secci\u00f3n &#8220;Investigaci\u00f3n&#8221; \u2014compuesto por \u00d3scar Ares, Anna Bach y Eugeni Bach (curadores, XV BEAU), I\u00f1aqui Carnicero (director, Agenda Urbana y Arquitectura), Marta Vall-Llossera (vicepresidente, Consejo Superior de Colegios de Arquitectos de Espa\u00f1a) y los arquitectos espa\u00f1oles Carolina Garc\u00eda-Est\u00e9vez y Santiago de Molina\u2014, anunciar\u00e1 a los ganadores de cada categor\u00eda el d\u00eda 2 de julio de 2021.<\/p>\n\n\n\n<p>Sobre&nbsp;Patolog\u00edas contempor\u00e1neas_<br>A partir de una serie de psicopatolog\u00edas (entendidas como lentes a trav\u00e9s de las cuales observar un fen\u00f3meno), el libro es un intento de analizar cr\u00edticamente diversas facetas de la arquitectura actual eludiendo sus cerrojos ret\u00f3ricos. Al definir un estado hipot\u00e9tico en que la arquitectura se tiende en el div\u00e1n \u2014como si estuviera aquejada por ciertas perturbaciones psicol\u00f3gicas\u2014 no se busca hacer el diagn\u00f3stico de una disciplina enferma, sino m\u00e1s bien forzar condiciones m\u00f3rbidas en las que sea posible apreciar aquellas anomal\u00edas o problemas invisibles en su estado de normalidad.<\/p>\n\n\n\n<p>La investigaci\u00f3n que recoge&nbsp;Patolog\u00edas contempor\u00e1neas: Ensayos de arquitectura tras la crisis de 2008&nbsp;se inici\u00f3 con la reformulaci\u00f3n que realiz\u00f3 el profesor ARQ UC Francisco D\u00edaz al dictar el curso &#8220;Problemas de Arquitectura Contempor\u00e1nea&#8221; del Mag\u00edster en Arquitectura UC entre 2017 y 2019, debates, discusiones e ideas que sigui\u00f3 desarrollando hasta plasmarlas en esta publicaci\u00f3n.<\/p>\n\n\n\n<p><br>Ver el libro en dpr barcelona en el siguiente\u00a0<a href=\"http:\/\/www.dpr-barcelona.com\/index.php?\/projects\/patologias\/\" target=\"_blank\" rel=\"noreferrer noopener\">link<\/a>\u00a0<br>Ver el libro en Uqbar en el siguiente\u00a0<a href=\"https:\/\/www.uqbareditores.cl\/patologias-contemporaneas-pvp\" target=\"_blank\" rel=\"noreferrer noopener\">link<\/a>\u00a0<a href=\"https:\/\/www.uqbareditores.cl\/patologias-contemporaneas-pvp\"><\/a><\/p>\n\n\n\n<p>Noticias<\/p>\n\n\n\n<p>Contacto:&nbsp;<a href=\"mailto:redesarq@uc.cl\">redesarq@uc.cl<\/a>&nbsp;| +56 2 2354 7747<br>www.arquitectura.uc.cl<\/p>\n","protected":false},"excerpt":{"rendered":"<p>Con Patolog\u00edas contempor\u00e1neas: Ensayos de arquitectura tras la crisis de 2008 (Uqbar y dpr-barcelona, 2019), el profesor ARQ UC es uno de los finalistas en la categor\u00eda \u201cPublicaciones\u201d de la muestra &#8220;Investigaci\u00f3n&#8221; en la XV Bienal Espa\u00f1ola de Arquitectura y Urbanismo (BEAU).<\/p>\n","protected":false},"author":1,"featured_media":6798,"comment_status":"open","ping_status":"open","sticky":false,"template":"","format":"standard","meta":{"_acf_changed":false,"footnotes":""},"categories":[1],"tags":[],"class_list":["post-6797","post","type-post","status-publish","format-standard","has-post-thumbnail","hentry","category-sin-categorizar"],"acf":[],"yoast_head":"<!-- This site is optimized with the Yoast SEO plugin v27.1.1 - https:\/\/yoast.com\/product\/yoast-seo-wordpress\/ -->\n<title>Francisco D\u00edaz es finalista en la Bienal Espa\u00f1ola de Arquitectura y Urbanismo 2021 (BEAU) - Facultad de Arquitectura, Dise\u00f1o y Estudios Urbanos<\/title>\n<meta name=\"description\" content=\"Con Patolog\u00edas contempor\u00e1neas: Ensayos de arquitectura tras la crisis de 2008 (Uqbar y dpr-barcelona, 2019), el profesor ARQ UC es uno de los finalistas en la categor\u00eda \u201cPublicaciones\u201d de la muestra &quot;Investigaci\u00f3n&quot; en la XV Bienal Espa\u00f1ola de Arquitectura y Urbanismo (BEAU).\" \/>\n<meta name=\"robots\" content=\"index, follow, max-snippet:-1, max-image-preview:large, max-video-preview:-1\" \/>\n<link rel=\"canonical\" href=\"https:\/\/fadeu.urantiacos.cl\/en\/2021\/06\/20\/francisco-diaz-es-finalista-en-la-bienal-espanola-de-arquitectura-y-urbanismo-2021-beau\/\" \/>\n<meta property=\"og:locale\" content=\"en_US\" \/>\n<meta property=\"og:type\" content=\"article\" \/>\n<meta property=\"og:title\" content=\"Francisco D\u00edaz es finalista en la Bienal Espa\u00f1ola de Arquitectura y Urbanismo 2021 (BEAU) - Facultad de Arquitectura, Dise\u00f1o y Estudios Urbanos\" \/>\n<meta property=\"og:description\" content=\"Con Patolog\u00edas contempor\u00e1neas: Ensayos de arquitectura tras la crisis de 2008 (Uqbar y dpr-barcelona, 2019), el profesor ARQ UC es uno de los finalistas en la categor\u00eda \u201cPublicaciones\u201d de la muestra &quot;Investigaci\u00f3n&quot; en la XV Bienal Espa\u00f1ola de Arquitectura y Urbanismo (BEAU).\" \/>\n<meta property=\"og:url\" content=\"https:\/\/fadeu.urantiacos.cl\/en\/2021\/06\/20\/francisco-diaz-es-finalista-en-la-bienal-espanola-de-arquitectura-y-urbanismo-2021-beau\/\" \/>\n<meta property=\"og:site_name\" content=\"Facultad de Arquitectura, Dise\u00f1o y Estudios Urbanos\" \/>\n<meta property=\"article:published_time\" content=\"2021-06-21T01:01:00+00:00\" \/>\n<meta property=\"article:modified_time\" content=\"2023-10-23T18:27:46+00:00\" \/>\n<meta property=\"og:image\" content=\"https:\/\/fadeu.urantiacos.cl\/wp-content\/uploads\/2023\/09\/patologia_FD.png\" \/>\n\t<meta property=\"og:image:width\" content=\"350\" \/>\n\t<meta property=\"og:image:height\" content=\"250\" \/>\n\t<meta property=\"og:image:type\" content=\"image\/png\" \/>\n<meta name=\"author\" content=\"manadmin\" \/>\n<meta name=\"twitter:card\" content=\"summary_large_image\" \/>\n<meta name=\"twitter:label1\" content=\"Written by\" \/>\n\t<meta name=\"twitter:data1\" content=\"manadmin\" \/>\n\t<meta name=\"twitter:label2\" content=\"Est. reading time\" \/>\n\t<meta name=\"twitter:data2\" content=\"3 minutes\" \/>\n<script type=\"application\/ld+json\" class=\"yoast-schema-graph\">{\"@context\":\"https:\/\/schema.org\",\"@graph\":[{\"@type\":\"Article\",\"@id\":\"https:\/\/fadeu.urantiacos.cl\/en\/2021\/06\/20\/francisco-diaz-es-finalista-en-la-bienal-espanola-de-arquitectura-y-urbanismo-2021-beau\/#article\",\"isPartOf\":{\"@id\":\"https:\/\/fadeu.urantiacos.cl\/en\/2021\/06\/20\/francisco-diaz-es-finalista-en-la-bienal-espanola-de-arquitectura-y-urbanismo-2021-beau\/\"},\"author\":{\"name\":\"manadmin\",\"@id\":\"https:\/\/fadeu.urantiacos.cl\/en\/#\/schema\/person\/d203e2e84b1c40275eac77b3061a19a2\"},\"headline\":\"Francisco D\u00edaz es finalista en la Bienal Espa\u00f1ola de Arquitectura y Urbanismo 2021 (BEAU)\",\"datePublished\":\"2021-06-21T01:01:00+00:00\",\"dateModified\":\"2023-10-23T18:27:46+00:00\",\"mainEntityOfPage\":{\"@id\":\"https:\/\/fadeu.urantiacos.cl\/en\/2021\/06\/20\/francisco-diaz-es-finalista-en-la-bienal-espanola-de-arquitectura-y-urbanismo-2021-beau\/\"},\"wordCount\":614,\"commentCount\":0,\"image\":{\"@id\":\"https:\/\/fadeu.urantiacos.cl\/en\/2021\/06\/20\/francisco-diaz-es-finalista-en-la-bienal-espanola-de-arquitectura-y-urbanismo-2021-beau\/#primaryimage\"},\"thumbnailUrl\":\"https:\/\/fadeu.urantiacos.cl\/wp-content\/uploads\/2023\/09\/patologia_FD.png\",\"articleSection\":[\"Sin categorizar\"],\"inLanguage\":\"en-US\",\"potentialAction\":[{\"@type\":\"CommentAction\",\"name\":\"Comment\",\"target\":[\"https:\/\/fadeu.urantiacos.cl\/en\/2021\/06\/20\/francisco-diaz-es-finalista-en-la-bienal-espanola-de-arquitectura-y-urbanismo-2021-beau\/#respond\"]}]},{\"@type\":\"WebPage\",\"@id\":\"https:\/\/fadeu.urantiacos.cl\/en\/2021\/06\/20\/francisco-diaz-es-finalista-en-la-bienal-espanola-de-arquitectura-y-urbanismo-2021-beau\/\",\"url\":\"https:\/\/fadeu.urantiacos.cl\/en\/2021\/06\/20\/francisco-diaz-es-finalista-en-la-bienal-espanola-de-arquitectura-y-urbanismo-2021-beau\/\",\"name\":\"Francisco D\u00edaz es finalista en la Bienal Espa\u00f1ola de Arquitectura y Urbanismo 2021 (BEAU) - Facultad de Arquitectura, Dise\u00f1o y Estudios Urbanos\",\"isPartOf\":{\"@id\":\"https:\/\/fadeu.urantiacos.cl\/en\/#website\"},\"primaryImageOfPage\":{\"@id\":\"https:\/\/fadeu.urantiacos.cl\/en\/2021\/06\/20\/francisco-diaz-es-finalista-en-la-bienal-espanola-de-arquitectura-y-urbanismo-2021-beau\/#primaryimage\"},\"image\":{\"@id\":\"https:\/\/fadeu.urantiacos.cl\/en\/2021\/06\/20\/francisco-diaz-es-finalista-en-la-bienal-espanola-de-arquitectura-y-urbanismo-2021-beau\/#primaryimage\"},\"thumbnailUrl\":\"https:\/\/fadeu.urantiacos.cl\/wp-content\/uploads\/2023\/09\/patologia_FD.png\",\"datePublished\":\"2021-06-21T01:01:00+00:00\",\"dateModified\":\"2023-10-23T18:27:46+00:00\",\"author\":{\"@id\":\"https:\/\/fadeu.urantiacos.cl\/en\/#\/schema\/person\/d203e2e84b1c40275eac77b3061a19a2\"},\"description\":\"Con Patolog\u00edas contempor\u00e1neas: Ensayos de arquitectura tras la crisis de 2008 (Uqbar y dpr-barcelona, 2019), el profesor ARQ UC es uno de los finalistas en la categor\u00eda \u201cPublicaciones\u201d de la muestra \\\"Investigaci\u00f3n\\\" en la XV Bienal Espa\u00f1ola de Arquitectura y Urbanismo (BEAU).\",\"breadcrumb\":{\"@id\":\"https:\/\/fadeu.urantiacos.cl\/en\/2021\/06\/20\/francisco-diaz-es-finalista-en-la-bienal-espanola-de-arquitectura-y-urbanismo-2021-beau\/#breadcrumb\"},\"inLanguage\":\"en-US\",\"potentialAction\":[{\"@type\":\"ReadAction\",\"target\":[\"https:\/\/fadeu.urantiacos.cl\/en\/2021\/06\/20\/francisco-diaz-es-finalista-en-la-bienal-espanola-de-arquitectura-y-urbanismo-2021-beau\/\"]}]},{\"@type\":\"ImageObject\",\"inLanguage\":\"en-US\",\"@id\":\"https:\/\/fadeu.urantiacos.cl\/en\/2021\/06\/20\/francisco-diaz-es-finalista-en-la-bienal-espanola-de-arquitectura-y-urbanismo-2021-beau\/#primaryimage\",\"url\":\"https:\/\/fadeu.urantiacos.cl\/wp-content\/uploads\/2023\/09\/patologia_FD.png\",\"contentUrl\":\"https:\/\/fadeu.urantiacos.cl\/wp-content\/uploads\/2023\/09\/patologia_FD.png\",\"width\":350,\"height\":250},{\"@type\":\"BreadcrumbList\",\"@id\":\"https:\/\/fadeu.urantiacos.cl\/en\/2021\/06\/20\/francisco-diaz-es-finalista-en-la-bienal-espanola-de-arquitectura-y-urbanismo-2021-beau\/#breadcrumb\",\"itemListElement\":[{\"@type\":\"ListItem\",\"position\":1,\"name\":\"Portada\",\"item\":\"https:\/\/fadeu.urantiacos.cl\/en\/\"},{\"@type\":\"ListItem\",\"position\":2,\"name\":\"Francisco D\u00edaz es finalista en la Bienal Espa\u00f1ola de Arquitectura y Urbanismo 2021 (BEAU)\"}]},{\"@type\":\"WebSite\",\"@id\":\"https:\/\/fadeu.urantiacos.cl\/en\/#website\",\"url\":\"https:\/\/fadeu.urantiacos.cl\/en\/\",\"name\":\"Facultad de Arquitectura, Dise\u00f1o y Estudios Urbanos\",\"description\":\"Campus Lo Contador\",\"potentialAction\":[{\"@type\":\"SearchAction\",\"target\":{\"@type\":\"EntryPoint\",\"urlTemplate\":\"https:\/\/fadeu.urantiacos.cl\/en\/?s={search_term_string}\"},\"query-input\":{\"@type\":\"PropertyValueSpecification\",\"valueRequired\":true,\"valueName\":\"search_term_string\"}}],\"inLanguage\":\"en-US\"},{\"@type\":\"Person\",\"@id\":\"https:\/\/fadeu.urantiacos.cl\/en\/#\/schema\/person\/d203e2e84b1c40275eac77b3061a19a2\",\"name\":\"manadmin\",\"image\":{\"@type\":\"ImageObject\",\"inLanguage\":\"en-US\",\"@id\":\"https:\/\/fadeu.urantiacos.cl\/en\/#\/schema\/person\/image\/\",\"url\":\"https:\/\/secure.gravatar.com\/avatar\/4b1d8e3303b4a9d8968ac578947d8bc80d9aea359f388cdd4aac15cadc0e8447?s=96&d=mm&r=g\",\"contentUrl\":\"https:\/\/secure.gravatar.com\/avatar\/4b1d8e3303b4a9d8968ac578947d8bc80d9aea359f388cdd4aac15cadc0e8447?s=96&d=mm&r=g\",\"caption\":\"manadmin\"},\"sameAs\":[\"https:\/\/fadeu.urantiacos.cl\"]}]}<\/script>\n<!-- \/ Yoast SEO plugin. -->","yoast_head_json":{"title":"Francisco D\u00edaz es finalista en la Bienal Espa\u00f1ola de Arquitectura y Urbanismo 2021 (BEAU) - Facultad de Arquitectura, Dise\u00f1o y Estudios Urbanos","description":"Con Patolog\u00edas contempor\u00e1neas: Ensayos de arquitectura tras la crisis de 2008 (Uqbar y dpr-barcelona, 2019), el profesor ARQ UC es uno de los finalistas en la categor\u00eda \u201cPublicaciones\u201d de la muestra \"Investigaci\u00f3n\" en la XV Bienal Espa\u00f1ola de Arquitectura y Urbanismo (BEAU).","robots":{"index":"index","follow":"follow","max-snippet":"max-snippet:-1","max-image-preview":"max-image-preview:large","max-video-preview":"max-video-preview:-1"},"canonical":"https:\/\/fadeu.urantiacos.cl\/en\/2021\/06\/20\/francisco-diaz-es-finalista-en-la-bienal-espanola-de-arquitectura-y-urbanismo-2021-beau\/","og_locale":"en_US","og_type":"article","og_title":"Francisco D\u00edaz es finalista en la Bienal Espa\u00f1ola de Arquitectura y Urbanismo 2021 (BEAU) - Facultad de Arquitectura, Dise\u00f1o y Estudios Urbanos","og_description":"Con Patolog\u00edas contempor\u00e1neas: Ensayos de arquitectura tras la crisis de 2008 (Uqbar y dpr-barcelona, 2019), el profesor ARQ UC es uno de los finalistas en la categor\u00eda \u201cPublicaciones\u201d de la muestra \"Investigaci\u00f3n\" en la XV Bienal Espa\u00f1ola de Arquitectura y Urbanismo (BEAU).","og_url":"https:\/\/fadeu.urantiacos.cl\/en\/2021\/06\/20\/francisco-diaz-es-finalista-en-la-bienal-espanola-de-arquitectura-y-urbanismo-2021-beau\/","og_site_name":"Facultad de Arquitectura, Dise\u00f1o y Estudios Urbanos","article_published_time":"2021-06-21T01:01:00+00:00","article_modified_time":"2023-10-23T18:27:46+00:00","og_image":[{"width":350,"height":250,"url":"https:\/\/fadeu.urantiacos.cl\/wp-content\/uploads\/2023\/09\/patologia_FD.png","type":"image\/png"}],"author":"manadmin","twitter_card":"summary_large_image","twitter_misc":{"Written by":"manadmin","Est. reading time":"3 minutes"},"schema":{"@context":"https:\/\/schema.org","@graph":[{"@type":"Article","@id":"https:\/\/fadeu.urantiacos.cl\/en\/2021\/06\/20\/francisco-diaz-es-finalista-en-la-bienal-espanola-de-arquitectura-y-urbanismo-2021-beau\/#article","isPartOf":{"@id":"https:\/\/fadeu.urantiacos.cl\/en\/2021\/06\/20\/francisco-diaz-es-finalista-en-la-bienal-espanola-de-arquitectura-y-urbanismo-2021-beau\/"},"author":{"name":"manadmin","@id":"https:\/\/fadeu.urantiacos.cl\/en\/#\/schema\/person\/d203e2e84b1c40275eac77b3061a19a2"},"headline":"Francisco D\u00edaz es finalista en la Bienal Espa\u00f1ola de Arquitectura y Urbanismo 2021 (BEAU)","datePublished":"2021-06-21T01:01:00+00:00","dateModified":"2023-10-23T18:27:46+00:00","mainEntityOfPage":{"@id":"https:\/\/fadeu.urantiacos.cl\/en\/2021\/06\/20\/francisco-diaz-es-finalista-en-la-bienal-espanola-de-arquitectura-y-urbanismo-2021-beau\/"},"wordCount":614,"commentCount":0,"image":{"@id":"https:\/\/fadeu.urantiacos.cl\/en\/2021\/06\/20\/francisco-diaz-es-finalista-en-la-bienal-espanola-de-arquitectura-y-urbanismo-2021-beau\/#primaryimage"},"thumbnailUrl":"https:\/\/fadeu.urantiacos.cl\/wp-content\/uploads\/2023\/09\/patologia_FD.png","articleSection":["Sin categorizar"],"inLanguage":"en-US","potentialAction":[{"@type":"CommentAction","name":"Comment","target":["https:\/\/fadeu.urantiacos.cl\/en\/2021\/06\/20\/francisco-diaz-es-finalista-en-la-bienal-espanola-de-arquitectura-y-urbanismo-2021-beau\/#respond"]}]},{"@type":"WebPage","@id":"https:\/\/fadeu.urantiacos.cl\/en\/2021\/06\/20\/francisco-diaz-es-finalista-en-la-bienal-espanola-de-arquitectura-y-urbanismo-2021-beau\/","url":"https:\/\/fadeu.urantiacos.cl\/en\/2021\/06\/20\/francisco-diaz-es-finalista-en-la-bienal-espanola-de-arquitectura-y-urbanismo-2021-beau\/","name":"Francisco D\u00edaz es finalista en la Bienal Espa\u00f1ola de Arquitectura y Urbanismo 2021 (BEAU) - Facultad de Arquitectura, Dise\u00f1o y Estudios Urbanos","isPartOf":{"@id":"https:\/\/fadeu.urantiacos.cl\/en\/#website"},"primaryImageOfPage":{"@id":"https:\/\/fadeu.urantiacos.cl\/en\/2021\/06\/20\/francisco-diaz-es-finalista-en-la-bienal-espanola-de-arquitectura-y-urbanismo-2021-beau\/#primaryimage"},"image":{"@id":"https:\/\/fadeu.urantiacos.cl\/en\/2021\/06\/20\/francisco-diaz-es-finalista-en-la-bienal-espanola-de-arquitectura-y-urbanismo-2021-beau\/#primaryimage"},"thumbnailUrl":"https:\/\/fadeu.urantiacos.cl\/wp-content\/uploads\/2023\/09\/patologia_FD.png","datePublished":"2021-06-21T01:01:00+00:00","dateModified":"2023-10-23T18:27:46+00:00","author":{"@id":"https:\/\/fadeu.urantiacos.cl\/en\/#\/schema\/person\/d203e2e84b1c40275eac77b3061a19a2"},"description":"Con Patolog\u00edas contempor\u00e1neas: Ensayos de arquitectura tras la crisis de 2008 (Uqbar y dpr-barcelona, 2019), el profesor ARQ UC es uno de los finalistas en la categor\u00eda \u201cPublicaciones\u201d de la muestra \"Investigaci\u00f3n\" en la XV Bienal Espa\u00f1ola de Arquitectura y Urbanismo (BEAU).","breadcrumb":{"@id":"https:\/\/fadeu.urantiacos.cl\/en\/2021\/06\/20\/francisco-diaz-es-finalista-en-la-bienal-espanola-de-arquitectura-y-urbanismo-2021-beau\/#breadcrumb"},"inLanguage":"en-US","potentialAction":[{"@type":"ReadAction","target":["https:\/\/fadeu.urantiacos.cl\/en\/2021\/06\/20\/francisco-diaz-es-finalista-en-la-bienal-espanola-de-arquitectura-y-urbanismo-2021-beau\/"]}]},{"@type":"ImageObject","inLanguage":"en-US","@id":"https:\/\/fadeu.urantiacos.cl\/en\/2021\/06\/20\/francisco-diaz-es-finalista-en-la-bienal-espanola-de-arquitectura-y-urbanismo-2021-beau\/#primaryimage","url":"https:\/\/fadeu.urantiacos.cl\/wp-content\/uploads\/2023\/09\/patologia_FD.png","contentUrl":"https:\/\/fadeu.urantiacos.cl\/wp-content\/uploads\/2023\/09\/patologia_FD.png","width":350,"height":250},{"@type":"BreadcrumbList","@id":"https:\/\/fadeu.urantiacos.cl\/en\/2021\/06\/20\/francisco-diaz-es-finalista-en-la-bienal-espanola-de-arquitectura-y-urbanismo-2021-beau\/#breadcrumb","itemListElement":[{"@type":"ListItem","position":1,"name":"Portada","item":"https:\/\/fadeu.urantiacos.cl\/en\/"},{"@type":"ListItem","position":2,"name":"Francisco D\u00edaz es finalista en la Bienal Espa\u00f1ola de Arquitectura y Urbanismo 2021 (BEAU)"}]},{"@type":"WebSite","@id":"https:\/\/fadeu.urantiacos.cl\/en\/#website","url":"https:\/\/fadeu.urantiacos.cl\/en\/","name":"Facultad de Arquitectura, Dise\u00f1o y Estudios Urbanos","description":"Campus Lo Contador","potentialAction":[{"@type":"SearchAction","target":{"@type":"EntryPoint","urlTemplate":"https:\/\/fadeu.urantiacos.cl\/en\/?s={search_term_string}"},"query-input":{"@type":"PropertyValueSpecification","valueRequired":true,"valueName":"search_term_string"}}],"inLanguage":"en-US"},{"@type":"Person","@id":"https:\/\/fadeu.urantiacos.cl\/en\/#\/schema\/person\/d203e2e84b1c40275eac77b3061a19a2","name":"manadmin","image":{"@type":"ImageObject","inLanguage":"en-US","@id":"https:\/\/fadeu.urantiacos.cl\/en\/#\/schema\/person\/image\/","url":"https:\/\/secure.gravatar.com\/avatar\/4b1d8e3303b4a9d8968ac578947d8bc80d9aea359f388cdd4aac15cadc0e8447?s=96&d=mm&r=g","contentUrl":"https:\/\/secure.gravatar.com\/avatar\/4b1d8e3303b4a9d8968ac578947d8bc80d9aea359f388cdd4aac15cadc0e8447?s=96&d=mm&r=g","caption":"manadmin"},"sameAs":["https:\/\/fadeu.urantiacos.cl"]}]}},"_links":{"self":[{"href":"https:\/\/fadeu.urantiacos.cl\/en\/wp-json\/wp\/v2\/posts\/6797","targetHints":{"allow":["GET"]}}],"collection":[{"href":"https:\/\/fadeu.urantiacos.cl\/en\/wp-json\/wp\/v2\/posts"}],"about":[{"href":"https:\/\/fadeu.urantiacos.cl\/en\/wp-json\/wp\/v2\/types\/post"}],"author":[{"embeddable":true,"href":"https:\/\/fadeu.urantiacos.cl\/en\/wp-json\/wp\/v2\/users\/1"}],"replies":[{"embeddable":true,"href":"https:\/\/fadeu.urantiacos.cl\/en\/wp-json\/wp\/v2\/comments?post=6797"}],"version-history":[{"count":2,"href":"https:\/\/fadeu.urantiacos.cl\/en\/wp-json\/wp\/v2\/posts\/6797\/revisions"}],"predecessor-version":[{"id":17519,"href":"https:\/\/fadeu.urantiacos.cl\/en\/wp-json\/wp\/v2\/posts\/6797\/revisions\/17519"}],"wp:featuredmedia":[{"embeddable":true,"href":"https:\/\/fadeu.urantiacos.cl\/en\/wp-json\/wp\/v2\/media\/6798"}],"wp:attachment":[{"href":"https:\/\/fadeu.urantiacos.cl\/en\/wp-json\/wp\/v2\/media?parent=6797"}],"wp:term":[{"taxonomy":"category","embeddable":true,"href":"https:\/\/fadeu.urantiacos.cl\/en\/wp-json\/wp\/v2\/categories?post=6797"},{"taxonomy":"post_tag","embeddable":true,"href":"https:\/\/fadeu.urantiacos.cl\/en\/wp-json\/wp\/v2\/tags?post=6797"}],"curies":[{"name":"wp","href":"https:\/\/api.w.org\/{rel}","templated":true}]}}