{"id":6794,"date":"2021-06-20T21:59:00","date_gmt":"2021-06-21T00:59:00","guid":{"rendered":"https:\/\/fadeu.urantiacos.cl\/?p=6794"},"modified":"2023-09-07T22:01:26","modified_gmt":"2023-09-08T01:01:26","slug":"profesores-arq-uc-participan-en-conferencia-de-la-european-architecture-history-network","status":"publish","type":"post","link":"https:\/\/fadeu.urantiacos.cl\/en\/2021\/06\/20\/profesores-arq-uc-participan-en-conferencia-de-la-european-architecture-history-network\/","title":{"rendered":"Profesores ARQ UC participan en conferencia de la European Architecture History Network"},"content":{"rendered":"\n<figure class=\"wp-block-image size-full\"><img decoding=\"async\" width=\"350\" height=\"250\" src=\"https:\/\/fadeu.urantiacos.cl\/wp-content\/uploads\/2023\/09\/Edinburgh_College_of_Art_web.jpg\" alt=\"\" class=\"wp-image-6795\" srcset=\"https:\/\/fadeu.urantiacos.cl\/wp-content\/uploads\/2023\/09\/Edinburgh_College_of_Art_web.jpg 350w, https:\/\/fadeu.urantiacos.cl\/wp-content\/uploads\/2023\/09\/Edinburgh_College_of_Art_web-300x214.jpg 300w\" sizes=\"(max-width: 350px) 100vw, 350px\" \/><\/figure>\n\n\n\n<p>Coordinada por el profesor ARQ UC Horacio Torrent en conjunto con Ana Esteban Maluenda de la Universidad Polit\u00e9cnica de Madrid, Anat Fabel de la Universidade de Campinas, y Ruth Verde Zein de la Universidad Presbiteriana Mackenzie, la reuni\u00f3n tem\u00e1tica tuvo por t\u00edtulo \u201cExchanges Europe-Latin America and Beyond: Debriefing Narratives Modes\u201d, abordando, entre otras cosas, las exhibiciones, cat\u00e1logos y libros en torno a la arquitectura moderna latinoamericana que han vuelto a poner a la regi\u00f3n en el debate internacional.<\/p>\n\n\n\n<p>En esa misma l\u00ednea, el profesor ARQ UC propuso y coordin\u00f3 la sesi\u00f3n a modo de seminario titulada \u201cRadical Exchanges Between Latin America and Europe in the Everlasting Sixties\u201d, invitando a acad\u00e9micos de Alemania, Espa\u00f1a, Portugal, Brasil y Chile a exponer trabajos relacionados a la escena arquitect\u00f3nica y los intercambios disciplinares de los sesentas y setentas, bajo la premisa de que &#8220;sabemos mucho sobre las interacciones transatl\u00e1nticas durante la &#8216;primera era de las m\u00e1quinas&#8217;; sin embargo, s\u00f3lo unos pocos enfoques monogr\u00e1ficos se refieren al campo f\u00e9rtil de estas articulaciones y experiencias tras la crisis de las concepciones tradicionales de la arquitectura&#8221;. Fue en esta actividad en la que particip\u00f3 el profesor ARQ UC y subdirector acad\u00e9mico Renato D&#8217;Alen\u00e7on, presentando junto al arquitecto alem\u00e1n Daniel Korwan, el trabajo &#8220;Failed Industrialization: Housing production knowledge export from the GDR to Chile 1971-73&#8221;.<\/p>\n\n\n\n<p>El evento, un instancia bienal del EAHN, fue organizado en esta ocasi\u00f3n por la Universidad de Edimburgo y se realiz\u00f3 de manera remota \u2014por la contingencia sanitaria mundial\u2014 los d\u00edas 2 y 5 de junio de 2021.<\/p>\n\n\n\n<p>M\u00e1s sobre la sexta conferencia internacional en el siguiente&nbsp;<a href=\"https:\/\/eahn2021.eca.ed.ac.uk\/wp-content\/uploads\/2021\/05\/EAHN2021_Programme_and_Abstracts_final.pdf?v=1\" target=\"_blank\" rel=\"noreferrer noopener\">link<\/a>&nbsp;<br>Visitar la web de la EAHN en el siguiente&nbsp;<a href=\"https:\/\/eahn.org\/\" target=\"_blank\" rel=\"noreferrer noopener\">link<\/a>&nbsp;<\/p>\n\n\n\n<p>Noticias<\/p>\n\n\n\n<p>Contacto:&nbsp;<a href=\"mailto:redesarq@uc.cl\">redesarq@uc.cl<\/a>&nbsp;| +56 2 2354 7747<br>www.arquitectura.uc.cl<\/p>\n","protected":false},"excerpt":{"rendered":"<p>Invitado a la sexta conferencia internacional del European Architectural History Network (EAHN), el profesor Horacio Torrent coordin\u00f3 una de las reuniones del grupo &#8220;Europe\/Latin America exchanges&#8221; y una sesi\u00f3n con presentaciones de papers, instancia en la que tambi\u00e9n particip\u00f3 con una investigaci\u00f3n el profesor y subdirector acad\u00e9mico Renato D&#8217;Alen\u00e7on.<\/p>\n","protected":false},"author":1,"featured_media":6795,"comment_status":"open","ping_status":"open","sticky":false,"template":"","format":"standard","meta":{"_acf_changed":false,"footnotes":""},"categories":[1],"tags":[],"class_list":["post-6794","post","type-post","status-publish","format-standard","has-post-thumbnail","hentry","category-sin-categorizar"],"acf":[],"yoast_head":"<!-- This site is optimized with the Yoast SEO plugin v27.1.1 - https:\/\/yoast.com\/product\/yoast-seo-wordpress\/ -->\n<title>Profesores ARQ UC participan en conferencia de la European Architecture History Network - Facultad de Arquitectura, Dise\u00f1o y Estudios Urbanos<\/title>\n<meta name=\"description\" content=\"Invitado a la sexta conferencia internacional del European Architectural History Network (EAHN), el profesor Horacio Torrent coordin\u00f3 una de las reuniones del grupo &quot;Europe\/Latin America exchanges&quot; y una sesi\u00f3n con presentaciones de papers, instancia en la que tambi\u00e9n particip\u00f3 con una investigaci\u00f3n el profesor y subdirector acad\u00e9mico Renato D&#039;Alen\u00e7on.\" \/>\n<meta name=\"robots\" content=\"index, follow, max-snippet:-1, max-image-preview:large, max-video-preview:-1\" \/>\n<link rel=\"canonical\" href=\"https:\/\/fadeu.urantiacos.cl\/en\/2021\/06\/20\/profesores-arq-uc-participan-en-conferencia-de-la-european-architecture-history-network\/\" \/>\n<meta property=\"og:locale\" content=\"en_US\" \/>\n<meta property=\"og:type\" content=\"article\" \/>\n<meta property=\"og:title\" content=\"Profesores ARQ UC participan en conferencia de la European Architecture History Network - Facultad de Arquitectura, Dise\u00f1o y Estudios Urbanos\" \/>\n<meta property=\"og:description\" content=\"Invitado a la sexta conferencia internacional del European Architectural History Network (EAHN), el profesor Horacio Torrent coordin\u00f3 una de las reuniones del grupo &quot;Europe\/Latin America exchanges&quot; y una sesi\u00f3n con presentaciones de papers, instancia en la que tambi\u00e9n particip\u00f3 con una investigaci\u00f3n el profesor y subdirector acad\u00e9mico Renato D&#039;Alen\u00e7on.\" \/>\n<meta property=\"og:url\" content=\"https:\/\/fadeu.urantiacos.cl\/en\/2021\/06\/20\/profesores-arq-uc-participan-en-conferencia-de-la-european-architecture-history-network\/\" \/>\n<meta property=\"og:site_name\" content=\"Facultad de Arquitectura, Dise\u00f1o y Estudios Urbanos\" \/>\n<meta property=\"article:published_time\" content=\"2021-06-21T00:59:00+00:00\" \/>\n<meta property=\"article:modified_time\" content=\"2023-09-08T01:01:26+00:00\" \/>\n<meta property=\"og:image\" content=\"https:\/\/fadeu.urantiacos.cl\/wp-content\/uploads\/2023\/09\/Edinburgh_College_of_Art_web.jpg\" \/>\n\t<meta property=\"og:image:width\" content=\"350\" \/>\n\t<meta property=\"og:image:height\" content=\"250\" \/>\n\t<meta property=\"og:image:type\" content=\"image\/jpeg\" \/>\n<meta name=\"author\" content=\"manadmin\" \/>\n<meta name=\"twitter:card\" content=\"summary_large_image\" \/>\n<meta name=\"twitter:label1\" content=\"Written by\" \/>\n\t<meta name=\"twitter:data1\" content=\"manadmin\" \/>\n\t<meta name=\"twitter:label2\" content=\"Est. reading time\" \/>\n\t<meta name=\"twitter:data2\" content=\"2 minutes\" \/>\n<script type=\"application\/ld+json\" class=\"yoast-schema-graph\">{\"@context\":\"https:\/\/schema.org\",\"@graph\":[{\"@type\":\"Article\",\"@id\":\"https:\/\/fadeu.urantiacos.cl\/en\/2021\/06\/20\/profesores-arq-uc-participan-en-conferencia-de-la-european-architecture-history-network\/#article\",\"isPartOf\":{\"@id\":\"https:\/\/fadeu.urantiacos.cl\/en\/2021\/06\/20\/profesores-arq-uc-participan-en-conferencia-de-la-european-architecture-history-network\/\"},\"author\":{\"name\":\"manadmin\",\"@id\":\"https:\/\/fadeu.urantiacos.cl\/en\/#\/schema\/person\/d203e2e84b1c40275eac77b3061a19a2\"},\"headline\":\"Profesores ARQ UC participan en conferencia de la European Architecture History Network\",\"datePublished\":\"2021-06-21T00:59:00+00:00\",\"dateModified\":\"2023-09-08T01:01:26+00:00\",\"mainEntityOfPage\":{\"@id\":\"https:\/\/fadeu.urantiacos.cl\/en\/2021\/06\/20\/profesores-arq-uc-participan-en-conferencia-de-la-european-architecture-history-network\/\"},\"wordCount\":320,\"commentCount\":0,\"image\":{\"@id\":\"https:\/\/fadeu.urantiacos.cl\/en\/2021\/06\/20\/profesores-arq-uc-participan-en-conferencia-de-la-european-architecture-history-network\/#primaryimage\"},\"thumbnailUrl\":\"https:\/\/fadeu.urantiacos.cl\/wp-content\/uploads\/2023\/09\/Edinburgh_College_of_Art_web.jpg\",\"articleSection\":[\"Sin categorizar\"],\"inLanguage\":\"en-US\",\"potentialAction\":[{\"@type\":\"CommentAction\",\"name\":\"Comment\",\"target\":[\"https:\/\/fadeu.urantiacos.cl\/en\/2021\/06\/20\/profesores-arq-uc-participan-en-conferencia-de-la-european-architecture-history-network\/#respond\"]}]},{\"@type\":\"WebPage\",\"@id\":\"https:\/\/fadeu.urantiacos.cl\/en\/2021\/06\/20\/profesores-arq-uc-participan-en-conferencia-de-la-european-architecture-history-network\/\",\"url\":\"https:\/\/fadeu.urantiacos.cl\/en\/2021\/06\/20\/profesores-arq-uc-participan-en-conferencia-de-la-european-architecture-history-network\/\",\"name\":\"Profesores ARQ UC participan en conferencia de la European Architecture History Network - Facultad de Arquitectura, Dise\u00f1o y Estudios Urbanos\",\"isPartOf\":{\"@id\":\"https:\/\/fadeu.urantiacos.cl\/en\/#website\"},\"primaryImageOfPage\":{\"@id\":\"https:\/\/fadeu.urantiacos.cl\/en\/2021\/06\/20\/profesores-arq-uc-participan-en-conferencia-de-la-european-architecture-history-network\/#primaryimage\"},\"image\":{\"@id\":\"https:\/\/fadeu.urantiacos.cl\/en\/2021\/06\/20\/profesores-arq-uc-participan-en-conferencia-de-la-european-architecture-history-network\/#primaryimage\"},\"thumbnailUrl\":\"https:\/\/fadeu.urantiacos.cl\/wp-content\/uploads\/2023\/09\/Edinburgh_College_of_Art_web.jpg\",\"datePublished\":\"2021-06-21T00:59:00+00:00\",\"dateModified\":\"2023-09-08T01:01:26+00:00\",\"author\":{\"@id\":\"https:\/\/fadeu.urantiacos.cl\/en\/#\/schema\/person\/d203e2e84b1c40275eac77b3061a19a2\"},\"description\":\"Invitado a la sexta conferencia internacional del European Architectural History Network (EAHN), el profesor Horacio Torrent coordin\u00f3 una de las reuniones del grupo \\\"Europe\/Latin America exchanges\\\" y una sesi\u00f3n con presentaciones de papers, instancia en la que tambi\u00e9n particip\u00f3 con una investigaci\u00f3n el profesor y subdirector acad\u00e9mico Renato D'Alen\u00e7on.\",\"breadcrumb\":{\"@id\":\"https:\/\/fadeu.urantiacos.cl\/en\/2021\/06\/20\/profesores-arq-uc-participan-en-conferencia-de-la-european-architecture-history-network\/#breadcrumb\"},\"inLanguage\":\"en-US\",\"potentialAction\":[{\"@type\":\"ReadAction\",\"target\":[\"https:\/\/fadeu.urantiacos.cl\/en\/2021\/06\/20\/profesores-arq-uc-participan-en-conferencia-de-la-european-architecture-history-network\/\"]}]},{\"@type\":\"ImageObject\",\"inLanguage\":\"en-US\",\"@id\":\"https:\/\/fadeu.urantiacos.cl\/en\/2021\/06\/20\/profesores-arq-uc-participan-en-conferencia-de-la-european-architecture-history-network\/#primaryimage\",\"url\":\"https:\/\/fadeu.urantiacos.cl\/wp-content\/uploads\/2023\/09\/Edinburgh_College_of_Art_web.jpg\",\"contentUrl\":\"https:\/\/fadeu.urantiacos.cl\/wp-content\/uploads\/2023\/09\/Edinburgh_College_of_Art_web.jpg\",\"width\":350,\"height\":250},{\"@type\":\"BreadcrumbList\",\"@id\":\"https:\/\/fadeu.urantiacos.cl\/en\/2021\/06\/20\/profesores-arq-uc-participan-en-conferencia-de-la-european-architecture-history-network\/#breadcrumb\",\"itemListElement\":[{\"@type\":\"ListItem\",\"position\":1,\"name\":\"Portada\",\"item\":\"https:\/\/fadeu.urantiacos.cl\/en\/\"},{\"@type\":\"ListItem\",\"position\":2,\"name\":\"Profesores ARQ UC participan en conferencia de la European Architecture History Network\"}]},{\"@type\":\"WebSite\",\"@id\":\"https:\/\/fadeu.urantiacos.cl\/en\/#website\",\"url\":\"https:\/\/fadeu.urantiacos.cl\/en\/\",\"name\":\"Facultad de Arquitectura, Dise\u00f1o y Estudios Urbanos\",\"description\":\"Campus Lo Contador\",\"potentialAction\":[{\"@type\":\"SearchAction\",\"target\":{\"@type\":\"EntryPoint\",\"urlTemplate\":\"https:\/\/fadeu.urantiacos.cl\/en\/?s={search_term_string}\"},\"query-input\":{\"@type\":\"PropertyValueSpecification\",\"valueRequired\":true,\"valueName\":\"search_term_string\"}}],\"inLanguage\":\"en-US\"},{\"@type\":\"Person\",\"@id\":\"https:\/\/fadeu.urantiacos.cl\/en\/#\/schema\/person\/d203e2e84b1c40275eac77b3061a19a2\",\"name\":\"manadmin\",\"image\":{\"@type\":\"ImageObject\",\"inLanguage\":\"en-US\",\"@id\":\"https:\/\/fadeu.urantiacos.cl\/en\/#\/schema\/person\/image\/\",\"url\":\"https:\/\/secure.gravatar.com\/avatar\/4b1d8e3303b4a9d8968ac578947d8bc80d9aea359f388cdd4aac15cadc0e8447?s=96&d=mm&r=g\",\"contentUrl\":\"https:\/\/secure.gravatar.com\/avatar\/4b1d8e3303b4a9d8968ac578947d8bc80d9aea359f388cdd4aac15cadc0e8447?s=96&d=mm&r=g\",\"caption\":\"manadmin\"},\"sameAs\":[\"https:\/\/fadeu.urantiacos.cl\"]}]}<\/script>\n<!-- \/ Yoast SEO plugin. -->","yoast_head_json":{"title":"Profesores ARQ UC participan en conferencia de la European Architecture History Network - Facultad de Arquitectura, Dise\u00f1o y Estudios Urbanos","description":"Invitado a la sexta conferencia internacional del European Architectural History Network (EAHN), el profesor Horacio Torrent coordin\u00f3 una de las reuniones del grupo \"Europe\/Latin America exchanges\" y una sesi\u00f3n con presentaciones de papers, instancia en la que tambi\u00e9n particip\u00f3 con una investigaci\u00f3n el profesor y subdirector acad\u00e9mico Renato D'Alen\u00e7on.","robots":{"index":"index","follow":"follow","max-snippet":"max-snippet:-1","max-image-preview":"max-image-preview:large","max-video-preview":"max-video-preview:-1"},"canonical":"https:\/\/fadeu.urantiacos.cl\/en\/2021\/06\/20\/profesores-arq-uc-participan-en-conferencia-de-la-european-architecture-history-network\/","og_locale":"en_US","og_type":"article","og_title":"Profesores ARQ UC participan en conferencia de la European Architecture History Network - Facultad de Arquitectura, Dise\u00f1o y Estudios Urbanos","og_description":"Invitado a la sexta conferencia internacional del European Architectural History Network (EAHN), el profesor Horacio Torrent coordin\u00f3 una de las reuniones del grupo \"Europe\/Latin America exchanges\" y una sesi\u00f3n con presentaciones de papers, instancia en la que tambi\u00e9n particip\u00f3 con una investigaci\u00f3n el profesor y subdirector acad\u00e9mico Renato D'Alen\u00e7on.","og_url":"https:\/\/fadeu.urantiacos.cl\/en\/2021\/06\/20\/profesores-arq-uc-participan-en-conferencia-de-la-european-architecture-history-network\/","og_site_name":"Facultad de Arquitectura, Dise\u00f1o y Estudios Urbanos","article_published_time":"2021-06-21T00:59:00+00:00","article_modified_time":"2023-09-08T01:01:26+00:00","og_image":[{"width":350,"height":250,"url":"https:\/\/fadeu.urantiacos.cl\/wp-content\/uploads\/2023\/09\/Edinburgh_College_of_Art_web.jpg","type":"image\/jpeg"}],"author":"manadmin","twitter_card":"summary_large_image","twitter_misc":{"Written by":"manadmin","Est. reading time":"2 minutes"},"schema":{"@context":"https:\/\/schema.org","@graph":[{"@type":"Article","@id":"https:\/\/fadeu.urantiacos.cl\/en\/2021\/06\/20\/profesores-arq-uc-participan-en-conferencia-de-la-european-architecture-history-network\/#article","isPartOf":{"@id":"https:\/\/fadeu.urantiacos.cl\/en\/2021\/06\/20\/profesores-arq-uc-participan-en-conferencia-de-la-european-architecture-history-network\/"},"author":{"name":"manadmin","@id":"https:\/\/fadeu.urantiacos.cl\/en\/#\/schema\/person\/d203e2e84b1c40275eac77b3061a19a2"},"headline":"Profesores ARQ UC participan en conferencia de la European Architecture History Network","datePublished":"2021-06-21T00:59:00+00:00","dateModified":"2023-09-08T01:01:26+00:00","mainEntityOfPage":{"@id":"https:\/\/fadeu.urantiacos.cl\/en\/2021\/06\/20\/profesores-arq-uc-participan-en-conferencia-de-la-european-architecture-history-network\/"},"wordCount":320,"commentCount":0,"image":{"@id":"https:\/\/fadeu.urantiacos.cl\/en\/2021\/06\/20\/profesores-arq-uc-participan-en-conferencia-de-la-european-architecture-history-network\/#primaryimage"},"thumbnailUrl":"https:\/\/fadeu.urantiacos.cl\/wp-content\/uploads\/2023\/09\/Edinburgh_College_of_Art_web.jpg","articleSection":["Sin categorizar"],"inLanguage":"en-US","potentialAction":[{"@type":"CommentAction","name":"Comment","target":["https:\/\/fadeu.urantiacos.cl\/en\/2021\/06\/20\/profesores-arq-uc-participan-en-conferencia-de-la-european-architecture-history-network\/#respond"]}]},{"@type":"WebPage","@id":"https:\/\/fadeu.urantiacos.cl\/en\/2021\/06\/20\/profesores-arq-uc-participan-en-conferencia-de-la-european-architecture-history-network\/","url":"https:\/\/fadeu.urantiacos.cl\/en\/2021\/06\/20\/profesores-arq-uc-participan-en-conferencia-de-la-european-architecture-history-network\/","name":"Profesores ARQ UC participan en conferencia de la European Architecture History Network - Facultad de Arquitectura, Dise\u00f1o y Estudios Urbanos","isPartOf":{"@id":"https:\/\/fadeu.urantiacos.cl\/en\/#website"},"primaryImageOfPage":{"@id":"https:\/\/fadeu.urantiacos.cl\/en\/2021\/06\/20\/profesores-arq-uc-participan-en-conferencia-de-la-european-architecture-history-network\/#primaryimage"},"image":{"@id":"https:\/\/fadeu.urantiacos.cl\/en\/2021\/06\/20\/profesores-arq-uc-participan-en-conferencia-de-la-european-architecture-history-network\/#primaryimage"},"thumbnailUrl":"https:\/\/fadeu.urantiacos.cl\/wp-content\/uploads\/2023\/09\/Edinburgh_College_of_Art_web.jpg","datePublished":"2021-06-21T00:59:00+00:00","dateModified":"2023-09-08T01:01:26+00:00","author":{"@id":"https:\/\/fadeu.urantiacos.cl\/en\/#\/schema\/person\/d203e2e84b1c40275eac77b3061a19a2"},"description":"Invitado a la sexta conferencia internacional del European Architectural History Network (EAHN), el profesor Horacio Torrent coordin\u00f3 una de las reuniones del grupo \"Europe\/Latin America exchanges\" y una sesi\u00f3n con presentaciones de papers, instancia en la que tambi\u00e9n particip\u00f3 con una investigaci\u00f3n el profesor y subdirector acad\u00e9mico Renato D'Alen\u00e7on.","breadcrumb":{"@id":"https:\/\/fadeu.urantiacos.cl\/en\/2021\/06\/20\/profesores-arq-uc-participan-en-conferencia-de-la-european-architecture-history-network\/#breadcrumb"},"inLanguage":"en-US","potentialAction":[{"@type":"ReadAction","target":["https:\/\/fadeu.urantiacos.cl\/en\/2021\/06\/20\/profesores-arq-uc-participan-en-conferencia-de-la-european-architecture-history-network\/"]}]},{"@type":"ImageObject","inLanguage":"en-US","@id":"https:\/\/fadeu.urantiacos.cl\/en\/2021\/06\/20\/profesores-arq-uc-participan-en-conferencia-de-la-european-architecture-history-network\/#primaryimage","url":"https:\/\/fadeu.urantiacos.cl\/wp-content\/uploads\/2023\/09\/Edinburgh_College_of_Art_web.jpg","contentUrl":"https:\/\/fadeu.urantiacos.cl\/wp-content\/uploads\/2023\/09\/Edinburgh_College_of_Art_web.jpg","width":350,"height":250},{"@type":"BreadcrumbList","@id":"https:\/\/fadeu.urantiacos.cl\/en\/2021\/06\/20\/profesores-arq-uc-participan-en-conferencia-de-la-european-architecture-history-network\/#breadcrumb","itemListElement":[{"@type":"ListItem","position":1,"name":"Portada","item":"https:\/\/fadeu.urantiacos.cl\/en\/"},{"@type":"ListItem","position":2,"name":"Profesores ARQ UC participan en conferencia de la European Architecture History Network"}]},{"@type":"WebSite","@id":"https:\/\/fadeu.urantiacos.cl\/en\/#website","url":"https:\/\/fadeu.urantiacos.cl\/en\/","name":"Facultad de Arquitectura, Dise\u00f1o y Estudios Urbanos","description":"Campus Lo Contador","potentialAction":[{"@type":"SearchAction","target":{"@type":"EntryPoint","urlTemplate":"https:\/\/fadeu.urantiacos.cl\/en\/?s={search_term_string}"},"query-input":{"@type":"PropertyValueSpecification","valueRequired":true,"valueName":"search_term_string"}}],"inLanguage":"en-US"},{"@type":"Person","@id":"https:\/\/fadeu.urantiacos.cl\/en\/#\/schema\/person\/d203e2e84b1c40275eac77b3061a19a2","name":"manadmin","image":{"@type":"ImageObject","inLanguage":"en-US","@id":"https:\/\/fadeu.urantiacos.cl\/en\/#\/schema\/person\/image\/","url":"https:\/\/secure.gravatar.com\/avatar\/4b1d8e3303b4a9d8968ac578947d8bc80d9aea359f388cdd4aac15cadc0e8447?s=96&d=mm&r=g","contentUrl":"https:\/\/secure.gravatar.com\/avatar\/4b1d8e3303b4a9d8968ac578947d8bc80d9aea359f388cdd4aac15cadc0e8447?s=96&d=mm&r=g","caption":"manadmin"},"sameAs":["https:\/\/fadeu.urantiacos.cl"]}]}},"_links":{"self":[{"href":"https:\/\/fadeu.urantiacos.cl\/en\/wp-json\/wp\/v2\/posts\/6794","targetHints":{"allow":["GET"]}}],"collection":[{"href":"https:\/\/fadeu.urantiacos.cl\/en\/wp-json\/wp\/v2\/posts"}],"about":[{"href":"https:\/\/fadeu.urantiacos.cl\/en\/wp-json\/wp\/v2\/types\/post"}],"author":[{"embeddable":true,"href":"https:\/\/fadeu.urantiacos.cl\/en\/wp-json\/wp\/v2\/users\/1"}],"replies":[{"embeddable":true,"href":"https:\/\/fadeu.urantiacos.cl\/en\/wp-json\/wp\/v2\/comments?post=6794"}],"version-history":[{"count":1,"href":"https:\/\/fadeu.urantiacos.cl\/en\/wp-json\/wp\/v2\/posts\/6794\/revisions"}],"predecessor-version":[{"id":6796,"href":"https:\/\/fadeu.urantiacos.cl\/en\/wp-json\/wp\/v2\/posts\/6794\/revisions\/6796"}],"wp:featuredmedia":[{"embeddable":true,"href":"https:\/\/fadeu.urantiacos.cl\/en\/wp-json\/wp\/v2\/media\/6795"}],"wp:attachment":[{"href":"https:\/\/fadeu.urantiacos.cl\/en\/wp-json\/wp\/v2\/media?parent=6794"}],"wp:term":[{"taxonomy":"category","embeddable":true,"href":"https:\/\/fadeu.urantiacos.cl\/en\/wp-json\/wp\/v2\/categories?post=6794"},{"taxonomy":"post_tag","embeddable":true,"href":"https:\/\/fadeu.urantiacos.cl\/en\/wp-json\/wp\/v2\/tags?post=6794"}],"curies":[{"name":"wp","href":"https:\/\/api.w.org\/{rel}","templated":true}]}}