{"id":6790,"date":"2021-06-20T21:54:00","date_gmt":"2021-06-21T00:54:00","guid":{"rendered":"https:\/\/fadeu.urantiacos.cl\/?p=6790"},"modified":"2023-09-07T21:59:41","modified_gmt":"2023-09-08T00:59:41","slug":"rodrigo-perez-de-arce-publica-ensayo-en-libro-de-la-bienal-de-venecia-2021","status":"publish","type":"post","link":"https:\/\/fadeu.urantiacos.cl\/en\/2021\/06\/20\/rodrigo-perez-de-arce-publica-ensayo-en-libro-de-la-bienal-de-venecia-2021\/","title":{"rendered":"Rodrigo P\u00e9rez de Arce publica ensayo en libro de la Bienal de Venecia 2021"},"content":{"rendered":"\n<figure class=\"wp-block-image size-full\"><img decoding=\"async\" width=\"350\" height=\"250\" src=\"https:\/\/fadeu.urantiacos.cl\/wp-content\/uploads\/2023\/09\/IMG_2740_web.jpg\" alt=\"\" class=\"wp-image-6791\" srcset=\"https:\/\/fadeu.urantiacos.cl\/wp-content\/uploads\/2023\/09\/IMG_2740_web.jpg 350w, https:\/\/fadeu.urantiacos.cl\/wp-content\/uploads\/2023\/09\/IMG_2740_web-300x214.jpg 300w\" sizes=\"(max-width: 350px) 100vw, 350px\" \/><\/figure>\n\n\n\n<p>Junto con el cat\u00e1logo de la muestra y la gu\u00eda que la acompa\u00f1a, el equipo curatorial de la XVII Bienal de Arquitectura de Venecia produjo dos publicaciones que tienen como objetivo profundizar la tem\u00e1tica central planteada para esta edici\u00f3n 2021. Estos dos vol\u00famenes son:&nbsp;Cohabitats&nbsp;(La Biennale di Venezia, 2021), que agrupa ensayos y material gr\u00e1fico desde &#8220;el lente de una ubicaci\u00f3n geogr\u00e1fica espec\u00edfica&#8221;; y&nbsp;Expansions&nbsp;(La Biennale di Venezia, 2021), editado por Hashim Sarkis \u2014curador de la bienal\u2014 y Ala Tannir, que re\u00fane m\u00e1s de ochenta textos en torno a la pregunta &#8220;How do we live together?&#8221; (\u00bfC\u00f3mo vivimos juntos?), producidos por acad\u00e9micos y profesionales de todo el mundo.<\/p>\n\n\n\n<p>La lista de colaboradores de&nbsp;Expansions&nbsp;incluye a Jean-Louis Cohen, Mirko Zardini, Beatriz Colomina, Mark Wigley, Cynthia Davidson, Felicity D. Scott y Aaron Betsky, s\u00f3lo por nombrar algunos, entre los que est\u00e1 el profesor ARQ UC Rodrigo P\u00e9rez de Arce, el \u00fanico acad\u00e9mico chileno en la publicaci\u00f3n.<\/p>\n\n\n\n<p>M\u00e1s sobre&nbsp;Expansions_<br>El volumen \u2014que ya est\u00e1 disponible a trav\u00e9s de la web de la bienal\u2014 re\u00fane una colecci\u00f3n de m\u00e1s de ochenta ensayos breves que, respondiendo a la pregunta de la bienal, revelan temas actuales de inter\u00e9s para las diferentes comunidades de arquitectura y dise\u00f1o en el mundo. Las problem\u00e1ticas en la publicaci\u00f3n van desde la historia de las pr\u00e1cticas espaciales modernas en el siglo XX y los problemas ambientales hasta cuestiones en torno a la justicia econ\u00f3mica y social y las disputas relacionadas con la v\u00eda digital y an\u00e1loga.<\/p>\n\n\n\n<p>Ver el libro en la web de la bienal en el siguiente&nbsp;<a href=\"https:\/\/store.labiennale.org\/en\/prodotto\/expansions\/\" target=\"_blank\" rel=\"noreferrer noopener\">link<\/a>&nbsp;<\/p>\n\n\n\n<figure class=\"wp-block-image size-full\"><img decoding=\"async\" width=\"1024\" height=\"768\" src=\"https:\/\/fadeu.urantiacos.cl\/wp-content\/uploads\/2023\/09\/IMG_2740-1.jpg\" alt=\"\" class=\"wp-image-6792\" srcset=\"https:\/\/fadeu.urantiacos.cl\/wp-content\/uploads\/2023\/09\/IMG_2740-1.jpg 1024w, https:\/\/fadeu.urantiacos.cl\/wp-content\/uploads\/2023\/09\/IMG_2740-1-300x225.jpg 300w, https:\/\/fadeu.urantiacos.cl\/wp-content\/uploads\/2023\/09\/IMG_2740-1-768x576.jpg 768w\" sizes=\"(max-width: 1024px) 100vw, 1024px\" \/><\/figure>\n\n\n\n<p>Fotograf\u00eda del libro, cortes\u00eda del equipo de la&nbsp;XVII Bienal de Arquitectura de Venecia.<\/p>\n\n\n\n<p>Noticias<\/p>\n\n\n\n<p>Contacto:&nbsp;<a href=\"mailto:redesarq@uc.cl\">redesarq@uc.cl<\/a>&nbsp;| +56 2 2354 7747<br>www.arquitectura.uc.cl<\/p>\n","protected":false},"excerpt":{"rendered":"<p>\u201cEpicenter\u201d, el texto del profesor ARQ UC, fue incluido en el volumen Expansions, una de las dos publicaciones oficiales de la XVII Bienal de Arquitectura de Venecia que explora el tema central de la edici\u00f3n 2021: &#8220;How do we live together?&#8221;.<\/p>\n","protected":false},"author":1,"featured_media":6791,"comment_status":"open","ping_status":"open","sticky":false,"template":"","format":"standard","meta":{"_acf_changed":false,"footnotes":""},"categories":[1],"tags":[],"class_list":["post-6790","post","type-post","status-publish","format-standard","has-post-thumbnail","hentry","category-sin-categorizar"],"acf":[],"yoast_head":"<!-- This site is optimized with the Yoast SEO plugin v27.1.1 - https:\/\/yoast.com\/product\/yoast-seo-wordpress\/ -->\n<title>Rodrigo P\u00e9rez de Arce publica ensayo en libro de la Bienal de Venecia 2021 - Facultad de Arquitectura, Dise\u00f1o y Estudios Urbanos<\/title>\n<meta name=\"description\" content=\"\u201cEpicenter\u201d, el texto del profesor ARQ UC, fue incluido en el volumen Expansions, una de las dos publicaciones oficiales de la XVII Bienal de Arquitectura de Venecia que explora el tema central de la edici\u00f3n 2021: &quot;How do we live together?&quot;.\" \/>\n<meta name=\"robots\" content=\"index, follow, max-snippet:-1, max-image-preview:large, max-video-preview:-1\" \/>\n<link rel=\"canonical\" href=\"https:\/\/fadeu.urantiacos.cl\/en\/2021\/06\/20\/rodrigo-perez-de-arce-publica-ensayo-en-libro-de-la-bienal-de-venecia-2021\/\" \/>\n<meta property=\"og:locale\" content=\"en_US\" \/>\n<meta property=\"og:type\" content=\"article\" \/>\n<meta property=\"og:title\" content=\"Rodrigo P\u00e9rez de Arce publica ensayo en libro de la Bienal de Venecia 2021 - Facultad de Arquitectura, Dise\u00f1o y Estudios Urbanos\" \/>\n<meta property=\"og:description\" content=\"\u201cEpicenter\u201d, el texto del profesor ARQ UC, fue incluido en el volumen Expansions, una de las dos publicaciones oficiales de la XVII Bienal de Arquitectura de Venecia que explora el tema central de la edici\u00f3n 2021: &quot;How do we live together?&quot;.\" \/>\n<meta property=\"og:url\" content=\"https:\/\/fadeu.urantiacos.cl\/en\/2021\/06\/20\/rodrigo-perez-de-arce-publica-ensayo-en-libro-de-la-bienal-de-venecia-2021\/\" \/>\n<meta property=\"og:site_name\" content=\"Facultad de Arquitectura, Dise\u00f1o y Estudios Urbanos\" \/>\n<meta property=\"article:published_time\" content=\"2021-06-21T00:54:00+00:00\" \/>\n<meta property=\"article:modified_time\" content=\"2023-09-08T00:59:41+00:00\" \/>\n<meta property=\"og:image\" content=\"https:\/\/fadeu.urantiacos.cl\/wp-content\/uploads\/2023\/09\/IMG_2740_web.jpg\" \/>\n\t<meta property=\"og:image:width\" content=\"350\" \/>\n\t<meta property=\"og:image:height\" content=\"250\" \/>\n\t<meta property=\"og:image:type\" content=\"image\/jpeg\" \/>\n<meta name=\"author\" content=\"manadmin\" \/>\n<meta name=\"twitter:card\" content=\"summary_large_image\" \/>\n<meta name=\"twitter:label1\" content=\"Written by\" \/>\n\t<meta name=\"twitter:data1\" content=\"manadmin\" \/>\n\t<meta name=\"twitter:label2\" content=\"Est. reading time\" \/>\n\t<meta name=\"twitter:data2\" content=\"2 minutes\" \/>\n<script type=\"application\/ld+json\" class=\"yoast-schema-graph\">{\"@context\":\"https:\/\/schema.org\",\"@graph\":[{\"@type\":\"Article\",\"@id\":\"https:\/\/fadeu.urantiacos.cl\/en\/2021\/06\/20\/rodrigo-perez-de-arce-publica-ensayo-en-libro-de-la-bienal-de-venecia-2021\/#article\",\"isPartOf\":{\"@id\":\"https:\/\/fadeu.urantiacos.cl\/en\/2021\/06\/20\/rodrigo-perez-de-arce-publica-ensayo-en-libro-de-la-bienal-de-venecia-2021\/\"},\"author\":{\"name\":\"manadmin\",\"@id\":\"https:\/\/fadeu.urantiacos.cl\/en\/#\/schema\/person\/d203e2e84b1c40275eac77b3061a19a2\"},\"headline\":\"Rodrigo P\u00e9rez de Arce publica ensayo en libro de la Bienal de Venecia 2021\",\"datePublished\":\"2021-06-21T00:54:00+00:00\",\"dateModified\":\"2023-09-08T00:59:41+00:00\",\"mainEntityOfPage\":{\"@id\":\"https:\/\/fadeu.urantiacos.cl\/en\/2021\/06\/20\/rodrigo-perez-de-arce-publica-ensayo-en-libro-de-la-bienal-de-venecia-2021\/\"},\"wordCount\":341,\"commentCount\":0,\"image\":{\"@id\":\"https:\/\/fadeu.urantiacos.cl\/en\/2021\/06\/20\/rodrigo-perez-de-arce-publica-ensayo-en-libro-de-la-bienal-de-venecia-2021\/#primaryimage\"},\"thumbnailUrl\":\"https:\/\/fadeu.urantiacos.cl\/wp-content\/uploads\/2023\/09\/IMG_2740_web.jpg\",\"articleSection\":[\"Sin categorizar\"],\"inLanguage\":\"en-US\",\"potentialAction\":[{\"@type\":\"CommentAction\",\"name\":\"Comment\",\"target\":[\"https:\/\/fadeu.urantiacos.cl\/en\/2021\/06\/20\/rodrigo-perez-de-arce-publica-ensayo-en-libro-de-la-bienal-de-venecia-2021\/#respond\"]}]},{\"@type\":\"WebPage\",\"@id\":\"https:\/\/fadeu.urantiacos.cl\/en\/2021\/06\/20\/rodrigo-perez-de-arce-publica-ensayo-en-libro-de-la-bienal-de-venecia-2021\/\",\"url\":\"https:\/\/fadeu.urantiacos.cl\/en\/2021\/06\/20\/rodrigo-perez-de-arce-publica-ensayo-en-libro-de-la-bienal-de-venecia-2021\/\",\"name\":\"Rodrigo P\u00e9rez de Arce publica ensayo en libro de la Bienal de Venecia 2021 - Facultad de Arquitectura, Dise\u00f1o y Estudios Urbanos\",\"isPartOf\":{\"@id\":\"https:\/\/fadeu.urantiacos.cl\/en\/#website\"},\"primaryImageOfPage\":{\"@id\":\"https:\/\/fadeu.urantiacos.cl\/en\/2021\/06\/20\/rodrigo-perez-de-arce-publica-ensayo-en-libro-de-la-bienal-de-venecia-2021\/#primaryimage\"},\"image\":{\"@id\":\"https:\/\/fadeu.urantiacos.cl\/en\/2021\/06\/20\/rodrigo-perez-de-arce-publica-ensayo-en-libro-de-la-bienal-de-venecia-2021\/#primaryimage\"},\"thumbnailUrl\":\"https:\/\/fadeu.urantiacos.cl\/wp-content\/uploads\/2023\/09\/IMG_2740_web.jpg\",\"datePublished\":\"2021-06-21T00:54:00+00:00\",\"dateModified\":\"2023-09-08T00:59:41+00:00\",\"author\":{\"@id\":\"https:\/\/fadeu.urantiacos.cl\/en\/#\/schema\/person\/d203e2e84b1c40275eac77b3061a19a2\"},\"description\":\"\u201cEpicenter\u201d, el texto del profesor ARQ UC, fue incluido en el volumen Expansions, una de las dos publicaciones oficiales de la XVII Bienal de Arquitectura de Venecia que explora el tema central de la edici\u00f3n 2021: \\\"How do we live together?\\\".\",\"breadcrumb\":{\"@id\":\"https:\/\/fadeu.urantiacos.cl\/en\/2021\/06\/20\/rodrigo-perez-de-arce-publica-ensayo-en-libro-de-la-bienal-de-venecia-2021\/#breadcrumb\"},\"inLanguage\":\"en-US\",\"potentialAction\":[{\"@type\":\"ReadAction\",\"target\":[\"https:\/\/fadeu.urantiacos.cl\/en\/2021\/06\/20\/rodrigo-perez-de-arce-publica-ensayo-en-libro-de-la-bienal-de-venecia-2021\/\"]}]},{\"@type\":\"ImageObject\",\"inLanguage\":\"en-US\",\"@id\":\"https:\/\/fadeu.urantiacos.cl\/en\/2021\/06\/20\/rodrigo-perez-de-arce-publica-ensayo-en-libro-de-la-bienal-de-venecia-2021\/#primaryimage\",\"url\":\"https:\/\/fadeu.urantiacos.cl\/wp-content\/uploads\/2023\/09\/IMG_2740_web.jpg\",\"contentUrl\":\"https:\/\/fadeu.urantiacos.cl\/wp-content\/uploads\/2023\/09\/IMG_2740_web.jpg\",\"width\":350,\"height\":250},{\"@type\":\"BreadcrumbList\",\"@id\":\"https:\/\/fadeu.urantiacos.cl\/en\/2021\/06\/20\/rodrigo-perez-de-arce-publica-ensayo-en-libro-de-la-bienal-de-venecia-2021\/#breadcrumb\",\"itemListElement\":[{\"@type\":\"ListItem\",\"position\":1,\"name\":\"Portada\",\"item\":\"https:\/\/fadeu.urantiacos.cl\/en\/\"},{\"@type\":\"ListItem\",\"position\":2,\"name\":\"Rodrigo P\u00e9rez de Arce publica ensayo en libro de la Bienal de Venecia 2021\"}]},{\"@type\":\"WebSite\",\"@id\":\"https:\/\/fadeu.urantiacos.cl\/en\/#website\",\"url\":\"https:\/\/fadeu.urantiacos.cl\/en\/\",\"name\":\"Facultad de Arquitectura, Dise\u00f1o y Estudios Urbanos\",\"description\":\"Campus Lo Contador\",\"potentialAction\":[{\"@type\":\"SearchAction\",\"target\":{\"@type\":\"EntryPoint\",\"urlTemplate\":\"https:\/\/fadeu.urantiacos.cl\/en\/?s={search_term_string}\"},\"query-input\":{\"@type\":\"PropertyValueSpecification\",\"valueRequired\":true,\"valueName\":\"search_term_string\"}}],\"inLanguage\":\"en-US\"},{\"@type\":\"Person\",\"@id\":\"https:\/\/fadeu.urantiacos.cl\/en\/#\/schema\/person\/d203e2e84b1c40275eac77b3061a19a2\",\"name\":\"manadmin\",\"image\":{\"@type\":\"ImageObject\",\"inLanguage\":\"en-US\",\"@id\":\"https:\/\/fadeu.urantiacos.cl\/en\/#\/schema\/person\/image\/\",\"url\":\"https:\/\/secure.gravatar.com\/avatar\/4b1d8e3303b4a9d8968ac578947d8bc80d9aea359f388cdd4aac15cadc0e8447?s=96&d=mm&r=g\",\"contentUrl\":\"https:\/\/secure.gravatar.com\/avatar\/4b1d8e3303b4a9d8968ac578947d8bc80d9aea359f388cdd4aac15cadc0e8447?s=96&d=mm&r=g\",\"caption\":\"manadmin\"},\"sameAs\":[\"https:\/\/fadeu.urantiacos.cl\"]}]}<\/script>\n<!-- \/ Yoast SEO plugin. -->","yoast_head_json":{"title":"Rodrigo P\u00e9rez de Arce publica ensayo en libro de la Bienal de Venecia 2021 - Facultad de Arquitectura, Dise\u00f1o y Estudios Urbanos","description":"\u201cEpicenter\u201d, el texto del profesor ARQ UC, fue incluido en el volumen Expansions, una de las dos publicaciones oficiales de la XVII Bienal de Arquitectura de Venecia que explora el tema central de la edici\u00f3n 2021: \"How do we live together?\".","robots":{"index":"index","follow":"follow","max-snippet":"max-snippet:-1","max-image-preview":"max-image-preview:large","max-video-preview":"max-video-preview:-1"},"canonical":"https:\/\/fadeu.urantiacos.cl\/en\/2021\/06\/20\/rodrigo-perez-de-arce-publica-ensayo-en-libro-de-la-bienal-de-venecia-2021\/","og_locale":"en_US","og_type":"article","og_title":"Rodrigo P\u00e9rez de Arce publica ensayo en libro de la Bienal de Venecia 2021 - Facultad de Arquitectura, Dise\u00f1o y Estudios Urbanos","og_description":"\u201cEpicenter\u201d, el texto del profesor ARQ UC, fue incluido en el volumen Expansions, una de las dos publicaciones oficiales de la XVII Bienal de Arquitectura de Venecia que explora el tema central de la edici\u00f3n 2021: \"How do we live together?\".","og_url":"https:\/\/fadeu.urantiacos.cl\/en\/2021\/06\/20\/rodrigo-perez-de-arce-publica-ensayo-en-libro-de-la-bienal-de-venecia-2021\/","og_site_name":"Facultad de Arquitectura, Dise\u00f1o y Estudios Urbanos","article_published_time":"2021-06-21T00:54:00+00:00","article_modified_time":"2023-09-08T00:59:41+00:00","og_image":[{"width":350,"height":250,"url":"https:\/\/fadeu.urantiacos.cl\/wp-content\/uploads\/2023\/09\/IMG_2740_web.jpg","type":"image\/jpeg"}],"author":"manadmin","twitter_card":"summary_large_image","twitter_misc":{"Written by":"manadmin","Est. reading time":"2 minutes"},"schema":{"@context":"https:\/\/schema.org","@graph":[{"@type":"Article","@id":"https:\/\/fadeu.urantiacos.cl\/en\/2021\/06\/20\/rodrigo-perez-de-arce-publica-ensayo-en-libro-de-la-bienal-de-venecia-2021\/#article","isPartOf":{"@id":"https:\/\/fadeu.urantiacos.cl\/en\/2021\/06\/20\/rodrigo-perez-de-arce-publica-ensayo-en-libro-de-la-bienal-de-venecia-2021\/"},"author":{"name":"manadmin","@id":"https:\/\/fadeu.urantiacos.cl\/en\/#\/schema\/person\/d203e2e84b1c40275eac77b3061a19a2"},"headline":"Rodrigo P\u00e9rez de Arce publica ensayo en libro de la Bienal de Venecia 2021","datePublished":"2021-06-21T00:54:00+00:00","dateModified":"2023-09-08T00:59:41+00:00","mainEntityOfPage":{"@id":"https:\/\/fadeu.urantiacos.cl\/en\/2021\/06\/20\/rodrigo-perez-de-arce-publica-ensayo-en-libro-de-la-bienal-de-venecia-2021\/"},"wordCount":341,"commentCount":0,"image":{"@id":"https:\/\/fadeu.urantiacos.cl\/en\/2021\/06\/20\/rodrigo-perez-de-arce-publica-ensayo-en-libro-de-la-bienal-de-venecia-2021\/#primaryimage"},"thumbnailUrl":"https:\/\/fadeu.urantiacos.cl\/wp-content\/uploads\/2023\/09\/IMG_2740_web.jpg","articleSection":["Sin categorizar"],"inLanguage":"en-US","potentialAction":[{"@type":"CommentAction","name":"Comment","target":["https:\/\/fadeu.urantiacos.cl\/en\/2021\/06\/20\/rodrigo-perez-de-arce-publica-ensayo-en-libro-de-la-bienal-de-venecia-2021\/#respond"]}]},{"@type":"WebPage","@id":"https:\/\/fadeu.urantiacos.cl\/en\/2021\/06\/20\/rodrigo-perez-de-arce-publica-ensayo-en-libro-de-la-bienal-de-venecia-2021\/","url":"https:\/\/fadeu.urantiacos.cl\/en\/2021\/06\/20\/rodrigo-perez-de-arce-publica-ensayo-en-libro-de-la-bienal-de-venecia-2021\/","name":"Rodrigo P\u00e9rez de Arce publica ensayo en libro de la Bienal de Venecia 2021 - Facultad de Arquitectura, Dise\u00f1o y Estudios Urbanos","isPartOf":{"@id":"https:\/\/fadeu.urantiacos.cl\/en\/#website"},"primaryImageOfPage":{"@id":"https:\/\/fadeu.urantiacos.cl\/en\/2021\/06\/20\/rodrigo-perez-de-arce-publica-ensayo-en-libro-de-la-bienal-de-venecia-2021\/#primaryimage"},"image":{"@id":"https:\/\/fadeu.urantiacos.cl\/en\/2021\/06\/20\/rodrigo-perez-de-arce-publica-ensayo-en-libro-de-la-bienal-de-venecia-2021\/#primaryimage"},"thumbnailUrl":"https:\/\/fadeu.urantiacos.cl\/wp-content\/uploads\/2023\/09\/IMG_2740_web.jpg","datePublished":"2021-06-21T00:54:00+00:00","dateModified":"2023-09-08T00:59:41+00:00","author":{"@id":"https:\/\/fadeu.urantiacos.cl\/en\/#\/schema\/person\/d203e2e84b1c40275eac77b3061a19a2"},"description":"\u201cEpicenter\u201d, el texto del profesor ARQ UC, fue incluido en el volumen Expansions, una de las dos publicaciones oficiales de la XVII Bienal de Arquitectura de Venecia que explora el tema central de la edici\u00f3n 2021: \"How do we live together?\".","breadcrumb":{"@id":"https:\/\/fadeu.urantiacos.cl\/en\/2021\/06\/20\/rodrigo-perez-de-arce-publica-ensayo-en-libro-de-la-bienal-de-venecia-2021\/#breadcrumb"},"inLanguage":"en-US","potentialAction":[{"@type":"ReadAction","target":["https:\/\/fadeu.urantiacos.cl\/en\/2021\/06\/20\/rodrigo-perez-de-arce-publica-ensayo-en-libro-de-la-bienal-de-venecia-2021\/"]}]},{"@type":"ImageObject","inLanguage":"en-US","@id":"https:\/\/fadeu.urantiacos.cl\/en\/2021\/06\/20\/rodrigo-perez-de-arce-publica-ensayo-en-libro-de-la-bienal-de-venecia-2021\/#primaryimage","url":"https:\/\/fadeu.urantiacos.cl\/wp-content\/uploads\/2023\/09\/IMG_2740_web.jpg","contentUrl":"https:\/\/fadeu.urantiacos.cl\/wp-content\/uploads\/2023\/09\/IMG_2740_web.jpg","width":350,"height":250},{"@type":"BreadcrumbList","@id":"https:\/\/fadeu.urantiacos.cl\/en\/2021\/06\/20\/rodrigo-perez-de-arce-publica-ensayo-en-libro-de-la-bienal-de-venecia-2021\/#breadcrumb","itemListElement":[{"@type":"ListItem","position":1,"name":"Portada","item":"https:\/\/fadeu.urantiacos.cl\/en\/"},{"@type":"ListItem","position":2,"name":"Rodrigo P\u00e9rez de Arce publica ensayo en libro de la Bienal de Venecia 2021"}]},{"@type":"WebSite","@id":"https:\/\/fadeu.urantiacos.cl\/en\/#website","url":"https:\/\/fadeu.urantiacos.cl\/en\/","name":"Facultad de Arquitectura, Dise\u00f1o y Estudios Urbanos","description":"Campus Lo Contador","potentialAction":[{"@type":"SearchAction","target":{"@type":"EntryPoint","urlTemplate":"https:\/\/fadeu.urantiacos.cl\/en\/?s={search_term_string}"},"query-input":{"@type":"PropertyValueSpecification","valueRequired":true,"valueName":"search_term_string"}}],"inLanguage":"en-US"},{"@type":"Person","@id":"https:\/\/fadeu.urantiacos.cl\/en\/#\/schema\/person\/d203e2e84b1c40275eac77b3061a19a2","name":"manadmin","image":{"@type":"ImageObject","inLanguage":"en-US","@id":"https:\/\/fadeu.urantiacos.cl\/en\/#\/schema\/person\/image\/","url":"https:\/\/secure.gravatar.com\/avatar\/4b1d8e3303b4a9d8968ac578947d8bc80d9aea359f388cdd4aac15cadc0e8447?s=96&d=mm&r=g","contentUrl":"https:\/\/secure.gravatar.com\/avatar\/4b1d8e3303b4a9d8968ac578947d8bc80d9aea359f388cdd4aac15cadc0e8447?s=96&d=mm&r=g","caption":"manadmin"},"sameAs":["https:\/\/fadeu.urantiacos.cl"]}]}},"_links":{"self":[{"href":"https:\/\/fadeu.urantiacos.cl\/en\/wp-json\/wp\/v2\/posts\/6790","targetHints":{"allow":["GET"]}}],"collection":[{"href":"https:\/\/fadeu.urantiacos.cl\/en\/wp-json\/wp\/v2\/posts"}],"about":[{"href":"https:\/\/fadeu.urantiacos.cl\/en\/wp-json\/wp\/v2\/types\/post"}],"author":[{"embeddable":true,"href":"https:\/\/fadeu.urantiacos.cl\/en\/wp-json\/wp\/v2\/users\/1"}],"replies":[{"embeddable":true,"href":"https:\/\/fadeu.urantiacos.cl\/en\/wp-json\/wp\/v2\/comments?post=6790"}],"version-history":[{"count":1,"href":"https:\/\/fadeu.urantiacos.cl\/en\/wp-json\/wp\/v2\/posts\/6790\/revisions"}],"predecessor-version":[{"id":6793,"href":"https:\/\/fadeu.urantiacos.cl\/en\/wp-json\/wp\/v2\/posts\/6790\/revisions\/6793"}],"wp:featuredmedia":[{"embeddable":true,"href":"https:\/\/fadeu.urantiacos.cl\/en\/wp-json\/wp\/v2\/media\/6791"}],"wp:attachment":[{"href":"https:\/\/fadeu.urantiacos.cl\/en\/wp-json\/wp\/v2\/media?parent=6790"}],"wp:term":[{"taxonomy":"category","embeddable":true,"href":"https:\/\/fadeu.urantiacos.cl\/en\/wp-json\/wp\/v2\/categories?post=6790"},{"taxonomy":"post_tag","embeddable":true,"href":"https:\/\/fadeu.urantiacos.cl\/en\/wp-json\/wp\/v2\/tags?post=6790"}],"curies":[{"name":"wp","href":"https:\/\/api.w.org\/{rel}","templated":true}]}}