{"id":6772,"date":"2021-06-25T21:41:00","date_gmt":"2021-06-26T00:41:00","guid":{"rendered":"https:\/\/fadeu.urantiacos.cl\/?p=6772"},"modified":"2023-09-07T21:47:07","modified_gmt":"2023-09-08T00:47:07","slug":"pabellon-chileno-en-la-bienal-de-diseno-de-londres-obtiene-medalla-de-oro","status":"publish","type":"post","link":"https:\/\/fadeu.urantiacos.cl\/en\/2021\/06\/25\/pabellon-chileno-en-la-bienal-de-diseno-de-londres-obtiene-medalla-de-oro\/","title":{"rendered":"Pabell\u00f3n Chileno en la Bienal de Dise\u00f1o de Londres obtiene Medalla de Oro"},"content":{"rendered":"\n<figure class=\"wp-block-image size-full\"><img decoding=\"async\" width=\"350\" height=\"250\" src=\"https:\/\/fadeu.urantiacos.cl\/wp-content\/uploads\/2023\/09\/chile-pavilion_web-1.jpg\" alt=\"\" class=\"wp-image-6773\" srcset=\"https:\/\/fadeu.urantiacos.cl\/wp-content\/uploads\/2023\/09\/chile-pavilion_web-1.jpg 350w, https:\/\/fadeu.urantiacos.cl\/wp-content\/uploads\/2023\/09\/chile-pavilion_web-1-300x214.jpg 300w\" sizes=\"(max-width: 350px) 100vw, 350px\" \/><\/figure>\n\n\n\n<p>\u201cLos ganadores de las medallas de la Bienal de Dise\u00f1o de Londres 2021 demuestran claramente lo brillante que puede ser el dise\u00f1o al contar historias complejas que se comunican directamente con los corazones y las mentes. Este a\u00f1o descubrimos m\u00e1s que nunca que los temas que realmente preocupan a las personas (visitantes y expositores) son temas compartidos, lo que brinda una fuerza adicional y una oportunidad para mostrar c\u00f3mo el dise\u00f1o realmente puede marcar la diferencia\u201c, coment\u00f3 John Sorrell, presidente de la Bienal de Dise\u00f1o de Londres.El centro tem\u00e1tico del pabell\u00f3n gir\u00f3 en torno a la realidad tect\u00f3nica del pa\u00eds, al rol de los Andes y sus piedras, tanto en la cultura ancestral, vida actual, pero tambi\u00e9n la resonancia del territorio chileno en el acelerado desarrollo de las tecnolog\u00edas globales.&nbsp;\u201cPara esto decidimos remover las piedras de la cadena global de materias primas y hacerlas resonar. Golpear las piedras para producir sonidos es una actividad muy simple, pero tiene una enorme profundidad pol\u00edtica y cultural\u201d, comentan desde el equipo curatorial. \u201cChile es un pa\u00eds de rocas que resuenan, y para el equipo detr\u00e1s del Pabell\u00f3n, este es el punto de partida para un discurso descolonizador del dise\u00f1o en el sur, agregan.<\/p>\n\n\n\n<p><strong>Sobre el Pabell\u00f3n<\/strong><br>Emplazado en uno de los espacios de Somerset House habilitados para la Bienal, el pabell\u00f3n chileno da cuenta a trav\u00e9s de una serie de infograf\u00edas te\u00f1idas de azul la historia tect\u00f3nica de los Andes. Una acci\u00f3n que conecta lo geol\u00f3gico con lo geogr\u00e1fico, lo futur\u00edstico con lo ancestral, lo local con lo global. En el centro, los lit\u00f3fonos (o piedras sonoras) que provienen de diversas canteras de Chile, y que los visitantes pueden golpear produciendo sonidos. En uno de los muros, los visitantes pueden interactuar con la instalaci\u00f3n audiovisual, la que capta, mediante un software especialmente dise\u00f1ado, las frecuencias de las piedras al ser golpeadas y genera gr\u00e1ficas que representan los sonidos de los lit\u00f3fonos resonando en el lugar.<\/p>\n\n\n\n<figure class=\"wp-block-video\"><video controls src=\"http:\/\/fadeu.urantiacos.cl\/images\/noticias\/2021\/Junio\/chile-pavilion-c.mp4\"><\/video><\/figure>\n\n\n\n<p>En la propuesta tambi\u00e9n particip\u00f3 un equipo multidisciplinario compuesto por Macarena Irarr\u00e1zaval, quien dise\u00f1\u00f3 las piedras litof\u00f3nicas. La propuesta gr\u00e1fica estuvo a cargo de la dise\u00f1adora Valentina Aliaga y la propuesta de dise\u00f1o industrial a cargo de la oficina de dise\u00f1adores UC, Sistema Simple Estudio; el dise\u00f1o de la instalaci\u00f3n interactiva por Design System International, entre otros.<\/p>\n\n\n\n<p>\u201cEl Pabell\u00f3n trata de materializar una reflexi\u00f3n&nbsp;sobre las posibilidades del dise\u00f1o para redefinir nuestras formas de relacionarnos con el planeta, proponiendo un futuro en mayor resonancia y correspondencia con el medioambiente. El llamado del Pabell\u00f3n es a tomar distancia del dise\u00f1o antropoc\u00e9ntrico (centrado en el usuario y el consumo) para visualizar un dise\u00f1o centrado en el planeta, que consideramos como condici\u00f3n para la generaci\u00f3n de mundos m\u00e1s sustentables e inclusivos\u201d, explican los curadores.<\/p>\n\n\n\n<p>El pabell\u00f3n chileno cont\u00f3 con el apoyo del Ministerio de las Culturas, las Artes y el Patrimonio, en conjunto con ProChile y la Direcci\u00f3n de Asuntos Culturales del Ministerio de Relaciones Exteriores (DIRAC) y con la colaboraci\u00f3n de la Embajada de Chile en Reino Unido, y con el apoyo del British Council y la Anglo Chilean Society.<\/p>\n\n\n\n<figure class=\"wp-block-image size-full\"><img decoding=\"async\" width=\"744\" height=\"992\" src=\"https:\/\/fadeu.urantiacos.cl\/wp-content\/uploads\/2023\/09\/chile-pavilion-744x992-1.jpeg\" alt=\"\" class=\"wp-image-6774\" srcset=\"https:\/\/fadeu.urantiacos.cl\/wp-content\/uploads\/2023\/09\/chile-pavilion-744x992-1.jpeg 744w, https:\/\/fadeu.urantiacos.cl\/wp-content\/uploads\/2023\/09\/chile-pavilion-744x992-1-225x300.jpeg 225w\" sizes=\"(max-width: 744px) 100vw, 744px\" \/><\/figure>\n\n\n\n<figure class=\"wp-block-image size-full\"><img decoding=\"async\" width=\"992\" height=\"661\" src=\"https:\/\/fadeu.urantiacos.cl\/wp-content\/uploads\/2023\/09\/chile-pavillion-d-992x661-1.jpeg\" alt=\"\" class=\"wp-image-6775\" srcset=\"https:\/\/fadeu.urantiacos.cl\/wp-content\/uploads\/2023\/09\/chile-pavillion-d-992x661-1.jpeg 992w, https:\/\/fadeu.urantiacos.cl\/wp-content\/uploads\/2023\/09\/chile-pavillion-d-992x661-1-300x200.jpeg 300w, https:\/\/fadeu.urantiacos.cl\/wp-content\/uploads\/2023\/09\/chile-pavillion-d-992x661-1-768x512.jpeg 768w\" sizes=\"(max-width: 992px) 100vw, 992px\" \/><\/figure>\n\n\n\n<figure class=\"wp-block-image size-full\"><img decoding=\"async\" width=\"992\" height=\"661\" src=\"https:\/\/fadeu.urantiacos.cl\/wp-content\/uploads\/2023\/09\/chile-pavillion-e-992x661-1.jpeg\" alt=\"\" class=\"wp-image-6776\" srcset=\"https:\/\/fadeu.urantiacos.cl\/wp-content\/uploads\/2023\/09\/chile-pavillion-e-992x661-1.jpeg 992w, https:\/\/fadeu.urantiacos.cl\/wp-content\/uploads\/2023\/09\/chile-pavillion-e-992x661-1-300x200.jpeg 300w, https:\/\/fadeu.urantiacos.cl\/wp-content\/uploads\/2023\/09\/chile-pavillion-e-992x661-1-768x512.jpeg 768w\" sizes=\"(max-width: 992px) 100vw, 992px\" \/><\/figure>\n","protected":false},"excerpt":{"rendered":"<p>El pabell\u00f3n chileno Resonancias Tect\u00f3nicas, curado por Carola Ureta, Marcos Chilet, Mart\u00edn Tironi y Pablo Hermansen, docentes y dise\u00f1adores de Dise\u00f1o UC, se adjudic\u00f3 la medalla de oro en la Bienal de Dise\u00f1o de Londres 2021. La propuesta, fue reconocida entre 29 pabellones del mundo, por ser la m\u00e1s destacada en cuanto a contribuci\u00f3n e impacto.<\/p>\n","protected":false},"author":1,"featured_media":6773,"comment_status":"open","ping_status":"open","sticky":false,"template":"","format":"standard","meta":{"_acf_changed":false,"footnotes":""},"categories":[1],"tags":[],"class_list":["post-6772","post","type-post","status-publish","format-standard","has-post-thumbnail","hentry","category-sin-categorizar"],"acf":[],"yoast_head":"<!-- This site is optimized with the Yoast SEO plugin v27.1.1 - https:\/\/yoast.com\/product\/yoast-seo-wordpress\/ -->\n<title>Pabell\u00f3n Chileno en la Bienal de Dise\u00f1o de Londres obtiene Medalla de Oro - Facultad de Arquitectura, Dise\u00f1o y Estudios Urbanos<\/title>\n<meta name=\"description\" content=\"El pabell\u00f3n chileno Resonancias Tect\u00f3nicas, curado por Carola Ureta, Marcos Chilet, Mart\u00edn Tironi y Pablo Hermansen, docentes y dise\u00f1adores de Dise\u00f1o UC, se adjudic\u00f3 la medalla de oro en la Bienal de Dise\u00f1o de Londres 2021. La propuesta, fue reconocida entre 29 pabellones del mundo, por ser la m\u00e1s destacada en cuanto a contribuci\u00f3n e impacto.\" \/>\n<meta name=\"robots\" content=\"index, follow, max-snippet:-1, max-image-preview:large, max-video-preview:-1\" \/>\n<link rel=\"canonical\" href=\"https:\/\/fadeu.urantiacos.cl\/en\/2021\/06\/25\/pabellon-chileno-en-la-bienal-de-diseno-de-londres-obtiene-medalla-de-oro\/\" \/>\n<meta property=\"og:locale\" content=\"en_US\" \/>\n<meta property=\"og:type\" content=\"article\" \/>\n<meta property=\"og:title\" content=\"Pabell\u00f3n Chileno en la Bienal de Dise\u00f1o de Londres obtiene Medalla de Oro - Facultad de Arquitectura, Dise\u00f1o y Estudios Urbanos\" \/>\n<meta property=\"og:description\" content=\"El pabell\u00f3n chileno Resonancias Tect\u00f3nicas, curado por Carola Ureta, Marcos Chilet, Mart\u00edn Tironi y Pablo Hermansen, docentes y dise\u00f1adores de Dise\u00f1o UC, se adjudic\u00f3 la medalla de oro en la Bienal de Dise\u00f1o de Londres 2021. La propuesta, fue reconocida entre 29 pabellones del mundo, por ser la m\u00e1s destacada en cuanto a contribuci\u00f3n e impacto.\" \/>\n<meta property=\"og:url\" content=\"https:\/\/fadeu.urantiacos.cl\/en\/2021\/06\/25\/pabellon-chileno-en-la-bienal-de-diseno-de-londres-obtiene-medalla-de-oro\/\" \/>\n<meta property=\"og:site_name\" content=\"Facultad de Arquitectura, Dise\u00f1o y Estudios Urbanos\" \/>\n<meta property=\"article:published_time\" content=\"2021-06-26T00:41:00+00:00\" \/>\n<meta property=\"article:modified_time\" content=\"2023-09-08T00:47:07+00:00\" \/>\n<meta property=\"og:image\" content=\"https:\/\/fadeu.urantiacos.cl\/wp-content\/uploads\/2023\/09\/chile-pavilion_web-1.jpg\" \/>\n\t<meta property=\"og:image:width\" content=\"350\" \/>\n\t<meta property=\"og:image:height\" content=\"250\" \/>\n\t<meta property=\"og:image:type\" content=\"image\/jpeg\" \/>\n<meta name=\"author\" content=\"manadmin\" \/>\n<meta name=\"twitter:card\" content=\"summary_large_image\" \/>\n<meta name=\"twitter:label1\" content=\"Written by\" \/>\n\t<meta name=\"twitter:data1\" content=\"manadmin\" \/>\n\t<meta name=\"twitter:label2\" content=\"Est. reading time\" \/>\n\t<meta name=\"twitter:data2\" content=\"3 minutes\" \/>\n<script type=\"application\/ld+json\" class=\"yoast-schema-graph\">{\"@context\":\"https:\/\/schema.org\",\"@graph\":[{\"@type\":\"Article\",\"@id\":\"https:\/\/fadeu.urantiacos.cl\/en\/2021\/06\/25\/pabellon-chileno-en-la-bienal-de-diseno-de-londres-obtiene-medalla-de-oro\/#article\",\"isPartOf\":{\"@id\":\"https:\/\/fadeu.urantiacos.cl\/en\/2021\/06\/25\/pabellon-chileno-en-la-bienal-de-diseno-de-londres-obtiene-medalla-de-oro\/\"},\"author\":{\"name\":\"manadmin\",\"@id\":\"https:\/\/fadeu.urantiacos.cl\/en\/#\/schema\/person\/d203e2e84b1c40275eac77b3061a19a2\"},\"headline\":\"Pabell\u00f3n Chileno en la Bienal de Dise\u00f1o de Londres obtiene Medalla de Oro\",\"datePublished\":\"2021-06-26T00:41:00+00:00\",\"dateModified\":\"2023-09-08T00:47:07+00:00\",\"mainEntityOfPage\":{\"@id\":\"https:\/\/fadeu.urantiacos.cl\/en\/2021\/06\/25\/pabellon-chileno-en-la-bienal-de-diseno-de-londres-obtiene-medalla-de-oro\/\"},\"wordCount\":583,\"commentCount\":0,\"image\":{\"@id\":\"https:\/\/fadeu.urantiacos.cl\/en\/2021\/06\/25\/pabellon-chileno-en-la-bienal-de-diseno-de-londres-obtiene-medalla-de-oro\/#primaryimage\"},\"thumbnailUrl\":\"https:\/\/fadeu.urantiacos.cl\/wp-content\/uploads\/2023\/09\/chile-pavilion_web-1.jpg\",\"articleSection\":[\"Sin categorizar\"],\"inLanguage\":\"en-US\",\"potentialAction\":[{\"@type\":\"CommentAction\",\"name\":\"Comment\",\"target\":[\"https:\/\/fadeu.urantiacos.cl\/en\/2021\/06\/25\/pabellon-chileno-en-la-bienal-de-diseno-de-londres-obtiene-medalla-de-oro\/#respond\"]}]},{\"@type\":\"WebPage\",\"@id\":\"https:\/\/fadeu.urantiacos.cl\/en\/2021\/06\/25\/pabellon-chileno-en-la-bienal-de-diseno-de-londres-obtiene-medalla-de-oro\/\",\"url\":\"https:\/\/fadeu.urantiacos.cl\/en\/2021\/06\/25\/pabellon-chileno-en-la-bienal-de-diseno-de-londres-obtiene-medalla-de-oro\/\",\"name\":\"Pabell\u00f3n Chileno en la Bienal de Dise\u00f1o de Londres obtiene Medalla de Oro - Facultad de Arquitectura, Dise\u00f1o y Estudios Urbanos\",\"isPartOf\":{\"@id\":\"https:\/\/fadeu.urantiacos.cl\/en\/#website\"},\"primaryImageOfPage\":{\"@id\":\"https:\/\/fadeu.urantiacos.cl\/en\/2021\/06\/25\/pabellon-chileno-en-la-bienal-de-diseno-de-londres-obtiene-medalla-de-oro\/#primaryimage\"},\"image\":{\"@id\":\"https:\/\/fadeu.urantiacos.cl\/en\/2021\/06\/25\/pabellon-chileno-en-la-bienal-de-diseno-de-londres-obtiene-medalla-de-oro\/#primaryimage\"},\"thumbnailUrl\":\"https:\/\/fadeu.urantiacos.cl\/wp-content\/uploads\/2023\/09\/chile-pavilion_web-1.jpg\",\"datePublished\":\"2021-06-26T00:41:00+00:00\",\"dateModified\":\"2023-09-08T00:47:07+00:00\",\"author\":{\"@id\":\"https:\/\/fadeu.urantiacos.cl\/en\/#\/schema\/person\/d203e2e84b1c40275eac77b3061a19a2\"},\"description\":\"El pabell\u00f3n chileno Resonancias Tect\u00f3nicas, curado por Carola Ureta, Marcos Chilet, Mart\u00edn Tironi y Pablo Hermansen, docentes y dise\u00f1adores de Dise\u00f1o UC, se adjudic\u00f3 la medalla de oro en la Bienal de Dise\u00f1o de Londres 2021. La propuesta, fue reconocida entre 29 pabellones del mundo, por ser la m\u00e1s destacada en cuanto a contribuci\u00f3n e impacto.\",\"breadcrumb\":{\"@id\":\"https:\/\/fadeu.urantiacos.cl\/en\/2021\/06\/25\/pabellon-chileno-en-la-bienal-de-diseno-de-londres-obtiene-medalla-de-oro\/#breadcrumb\"},\"inLanguage\":\"en-US\",\"potentialAction\":[{\"@type\":\"ReadAction\",\"target\":[\"https:\/\/fadeu.urantiacos.cl\/en\/2021\/06\/25\/pabellon-chileno-en-la-bienal-de-diseno-de-londres-obtiene-medalla-de-oro\/\"]}]},{\"@type\":\"ImageObject\",\"inLanguage\":\"en-US\",\"@id\":\"https:\/\/fadeu.urantiacos.cl\/en\/2021\/06\/25\/pabellon-chileno-en-la-bienal-de-diseno-de-londres-obtiene-medalla-de-oro\/#primaryimage\",\"url\":\"https:\/\/fadeu.urantiacos.cl\/wp-content\/uploads\/2023\/09\/chile-pavilion_web-1.jpg\",\"contentUrl\":\"https:\/\/fadeu.urantiacos.cl\/wp-content\/uploads\/2023\/09\/chile-pavilion_web-1.jpg\",\"width\":350,\"height\":250},{\"@type\":\"BreadcrumbList\",\"@id\":\"https:\/\/fadeu.urantiacos.cl\/en\/2021\/06\/25\/pabellon-chileno-en-la-bienal-de-diseno-de-londres-obtiene-medalla-de-oro\/#breadcrumb\",\"itemListElement\":[{\"@type\":\"ListItem\",\"position\":1,\"name\":\"Portada\",\"item\":\"https:\/\/fadeu.urantiacos.cl\/en\/\"},{\"@type\":\"ListItem\",\"position\":2,\"name\":\"Pabell\u00f3n Chileno en la Bienal de Dise\u00f1o de Londres obtiene Medalla de Oro\"}]},{\"@type\":\"WebSite\",\"@id\":\"https:\/\/fadeu.urantiacos.cl\/en\/#website\",\"url\":\"https:\/\/fadeu.urantiacos.cl\/en\/\",\"name\":\"Facultad de Arquitectura, Dise\u00f1o y Estudios Urbanos\",\"description\":\"Campus Lo Contador\",\"potentialAction\":[{\"@type\":\"SearchAction\",\"target\":{\"@type\":\"EntryPoint\",\"urlTemplate\":\"https:\/\/fadeu.urantiacos.cl\/en\/?s={search_term_string}\"},\"query-input\":{\"@type\":\"PropertyValueSpecification\",\"valueRequired\":true,\"valueName\":\"search_term_string\"}}],\"inLanguage\":\"en-US\"},{\"@type\":\"Person\",\"@id\":\"https:\/\/fadeu.urantiacos.cl\/en\/#\/schema\/person\/d203e2e84b1c40275eac77b3061a19a2\",\"name\":\"manadmin\",\"image\":{\"@type\":\"ImageObject\",\"inLanguage\":\"en-US\",\"@id\":\"https:\/\/fadeu.urantiacos.cl\/en\/#\/schema\/person\/image\/\",\"url\":\"https:\/\/secure.gravatar.com\/avatar\/4b1d8e3303b4a9d8968ac578947d8bc80d9aea359f388cdd4aac15cadc0e8447?s=96&d=mm&r=g\",\"contentUrl\":\"https:\/\/secure.gravatar.com\/avatar\/4b1d8e3303b4a9d8968ac578947d8bc80d9aea359f388cdd4aac15cadc0e8447?s=96&d=mm&r=g\",\"caption\":\"manadmin\"},\"sameAs\":[\"https:\/\/fadeu.urantiacos.cl\"]}]}<\/script>\n<!-- \/ Yoast SEO plugin. -->","yoast_head_json":{"title":"Pabell\u00f3n Chileno en la Bienal de Dise\u00f1o de Londres obtiene Medalla de Oro - Facultad de Arquitectura, Dise\u00f1o y Estudios Urbanos","description":"El pabell\u00f3n chileno Resonancias Tect\u00f3nicas, curado por Carola Ureta, Marcos Chilet, Mart\u00edn Tironi y Pablo Hermansen, docentes y dise\u00f1adores de Dise\u00f1o UC, se adjudic\u00f3 la medalla de oro en la Bienal de Dise\u00f1o de Londres 2021. La propuesta, fue reconocida entre 29 pabellones del mundo, por ser la m\u00e1s destacada en cuanto a contribuci\u00f3n e impacto.","robots":{"index":"index","follow":"follow","max-snippet":"max-snippet:-1","max-image-preview":"max-image-preview:large","max-video-preview":"max-video-preview:-1"},"canonical":"https:\/\/fadeu.urantiacos.cl\/en\/2021\/06\/25\/pabellon-chileno-en-la-bienal-de-diseno-de-londres-obtiene-medalla-de-oro\/","og_locale":"en_US","og_type":"article","og_title":"Pabell\u00f3n Chileno en la Bienal de Dise\u00f1o de Londres obtiene Medalla de Oro - Facultad de Arquitectura, Dise\u00f1o y Estudios Urbanos","og_description":"El pabell\u00f3n chileno Resonancias Tect\u00f3nicas, curado por Carola Ureta, Marcos Chilet, Mart\u00edn Tironi y Pablo Hermansen, docentes y dise\u00f1adores de Dise\u00f1o UC, se adjudic\u00f3 la medalla de oro en la Bienal de Dise\u00f1o de Londres 2021. La propuesta, fue reconocida entre 29 pabellones del mundo, por ser la m\u00e1s destacada en cuanto a contribuci\u00f3n e impacto.","og_url":"https:\/\/fadeu.urantiacos.cl\/en\/2021\/06\/25\/pabellon-chileno-en-la-bienal-de-diseno-de-londres-obtiene-medalla-de-oro\/","og_site_name":"Facultad de Arquitectura, Dise\u00f1o y Estudios Urbanos","article_published_time":"2021-06-26T00:41:00+00:00","article_modified_time":"2023-09-08T00:47:07+00:00","og_image":[{"width":350,"height":250,"url":"https:\/\/fadeu.urantiacos.cl\/wp-content\/uploads\/2023\/09\/chile-pavilion_web-1.jpg","type":"image\/jpeg"}],"author":"manadmin","twitter_card":"summary_large_image","twitter_misc":{"Written by":"manadmin","Est. reading time":"3 minutes"},"schema":{"@context":"https:\/\/schema.org","@graph":[{"@type":"Article","@id":"https:\/\/fadeu.urantiacos.cl\/en\/2021\/06\/25\/pabellon-chileno-en-la-bienal-de-diseno-de-londres-obtiene-medalla-de-oro\/#article","isPartOf":{"@id":"https:\/\/fadeu.urantiacos.cl\/en\/2021\/06\/25\/pabellon-chileno-en-la-bienal-de-diseno-de-londres-obtiene-medalla-de-oro\/"},"author":{"name":"manadmin","@id":"https:\/\/fadeu.urantiacos.cl\/en\/#\/schema\/person\/d203e2e84b1c40275eac77b3061a19a2"},"headline":"Pabell\u00f3n Chileno en la Bienal de Dise\u00f1o de Londres obtiene Medalla de Oro","datePublished":"2021-06-26T00:41:00+00:00","dateModified":"2023-09-08T00:47:07+00:00","mainEntityOfPage":{"@id":"https:\/\/fadeu.urantiacos.cl\/en\/2021\/06\/25\/pabellon-chileno-en-la-bienal-de-diseno-de-londres-obtiene-medalla-de-oro\/"},"wordCount":583,"commentCount":0,"image":{"@id":"https:\/\/fadeu.urantiacos.cl\/en\/2021\/06\/25\/pabellon-chileno-en-la-bienal-de-diseno-de-londres-obtiene-medalla-de-oro\/#primaryimage"},"thumbnailUrl":"https:\/\/fadeu.urantiacos.cl\/wp-content\/uploads\/2023\/09\/chile-pavilion_web-1.jpg","articleSection":["Sin categorizar"],"inLanguage":"en-US","potentialAction":[{"@type":"CommentAction","name":"Comment","target":["https:\/\/fadeu.urantiacos.cl\/en\/2021\/06\/25\/pabellon-chileno-en-la-bienal-de-diseno-de-londres-obtiene-medalla-de-oro\/#respond"]}]},{"@type":"WebPage","@id":"https:\/\/fadeu.urantiacos.cl\/en\/2021\/06\/25\/pabellon-chileno-en-la-bienal-de-diseno-de-londres-obtiene-medalla-de-oro\/","url":"https:\/\/fadeu.urantiacos.cl\/en\/2021\/06\/25\/pabellon-chileno-en-la-bienal-de-diseno-de-londres-obtiene-medalla-de-oro\/","name":"Pabell\u00f3n Chileno en la Bienal de Dise\u00f1o de Londres obtiene Medalla de Oro - Facultad de Arquitectura, Dise\u00f1o y Estudios Urbanos","isPartOf":{"@id":"https:\/\/fadeu.urantiacos.cl\/en\/#website"},"primaryImageOfPage":{"@id":"https:\/\/fadeu.urantiacos.cl\/en\/2021\/06\/25\/pabellon-chileno-en-la-bienal-de-diseno-de-londres-obtiene-medalla-de-oro\/#primaryimage"},"image":{"@id":"https:\/\/fadeu.urantiacos.cl\/en\/2021\/06\/25\/pabellon-chileno-en-la-bienal-de-diseno-de-londres-obtiene-medalla-de-oro\/#primaryimage"},"thumbnailUrl":"https:\/\/fadeu.urantiacos.cl\/wp-content\/uploads\/2023\/09\/chile-pavilion_web-1.jpg","datePublished":"2021-06-26T00:41:00+00:00","dateModified":"2023-09-08T00:47:07+00:00","author":{"@id":"https:\/\/fadeu.urantiacos.cl\/en\/#\/schema\/person\/d203e2e84b1c40275eac77b3061a19a2"},"description":"El pabell\u00f3n chileno Resonancias Tect\u00f3nicas, curado por Carola Ureta, Marcos Chilet, Mart\u00edn Tironi y Pablo Hermansen, docentes y dise\u00f1adores de Dise\u00f1o UC, se adjudic\u00f3 la medalla de oro en la Bienal de Dise\u00f1o de Londres 2021. La propuesta, fue reconocida entre 29 pabellones del mundo, por ser la m\u00e1s destacada en cuanto a contribuci\u00f3n e impacto.","breadcrumb":{"@id":"https:\/\/fadeu.urantiacos.cl\/en\/2021\/06\/25\/pabellon-chileno-en-la-bienal-de-diseno-de-londres-obtiene-medalla-de-oro\/#breadcrumb"},"inLanguage":"en-US","potentialAction":[{"@type":"ReadAction","target":["https:\/\/fadeu.urantiacos.cl\/en\/2021\/06\/25\/pabellon-chileno-en-la-bienal-de-diseno-de-londres-obtiene-medalla-de-oro\/"]}]},{"@type":"ImageObject","inLanguage":"en-US","@id":"https:\/\/fadeu.urantiacos.cl\/en\/2021\/06\/25\/pabellon-chileno-en-la-bienal-de-diseno-de-londres-obtiene-medalla-de-oro\/#primaryimage","url":"https:\/\/fadeu.urantiacos.cl\/wp-content\/uploads\/2023\/09\/chile-pavilion_web-1.jpg","contentUrl":"https:\/\/fadeu.urantiacos.cl\/wp-content\/uploads\/2023\/09\/chile-pavilion_web-1.jpg","width":350,"height":250},{"@type":"BreadcrumbList","@id":"https:\/\/fadeu.urantiacos.cl\/en\/2021\/06\/25\/pabellon-chileno-en-la-bienal-de-diseno-de-londres-obtiene-medalla-de-oro\/#breadcrumb","itemListElement":[{"@type":"ListItem","position":1,"name":"Portada","item":"https:\/\/fadeu.urantiacos.cl\/en\/"},{"@type":"ListItem","position":2,"name":"Pabell\u00f3n Chileno en la Bienal de Dise\u00f1o de Londres obtiene Medalla de Oro"}]},{"@type":"WebSite","@id":"https:\/\/fadeu.urantiacos.cl\/en\/#website","url":"https:\/\/fadeu.urantiacos.cl\/en\/","name":"Facultad de Arquitectura, Dise\u00f1o y Estudios Urbanos","description":"Campus Lo Contador","potentialAction":[{"@type":"SearchAction","target":{"@type":"EntryPoint","urlTemplate":"https:\/\/fadeu.urantiacos.cl\/en\/?s={search_term_string}"},"query-input":{"@type":"PropertyValueSpecification","valueRequired":true,"valueName":"search_term_string"}}],"inLanguage":"en-US"},{"@type":"Person","@id":"https:\/\/fadeu.urantiacos.cl\/en\/#\/schema\/person\/d203e2e84b1c40275eac77b3061a19a2","name":"manadmin","image":{"@type":"ImageObject","inLanguage":"en-US","@id":"https:\/\/fadeu.urantiacos.cl\/en\/#\/schema\/person\/image\/","url":"https:\/\/secure.gravatar.com\/avatar\/4b1d8e3303b4a9d8968ac578947d8bc80d9aea359f388cdd4aac15cadc0e8447?s=96&d=mm&r=g","contentUrl":"https:\/\/secure.gravatar.com\/avatar\/4b1d8e3303b4a9d8968ac578947d8bc80d9aea359f388cdd4aac15cadc0e8447?s=96&d=mm&r=g","caption":"manadmin"},"sameAs":["https:\/\/fadeu.urantiacos.cl"]}]}},"_links":{"self":[{"href":"https:\/\/fadeu.urantiacos.cl\/en\/wp-json\/wp\/v2\/posts\/6772","targetHints":{"allow":["GET"]}}],"collection":[{"href":"https:\/\/fadeu.urantiacos.cl\/en\/wp-json\/wp\/v2\/posts"}],"about":[{"href":"https:\/\/fadeu.urantiacos.cl\/en\/wp-json\/wp\/v2\/types\/post"}],"author":[{"embeddable":true,"href":"https:\/\/fadeu.urantiacos.cl\/en\/wp-json\/wp\/v2\/users\/1"}],"replies":[{"embeddable":true,"href":"https:\/\/fadeu.urantiacos.cl\/en\/wp-json\/wp\/v2\/comments?post=6772"}],"version-history":[{"count":1,"href":"https:\/\/fadeu.urantiacos.cl\/en\/wp-json\/wp\/v2\/posts\/6772\/revisions"}],"predecessor-version":[{"id":6777,"href":"https:\/\/fadeu.urantiacos.cl\/en\/wp-json\/wp\/v2\/posts\/6772\/revisions\/6777"}],"wp:featuredmedia":[{"embeddable":true,"href":"https:\/\/fadeu.urantiacos.cl\/en\/wp-json\/wp\/v2\/media\/6773"}],"wp:attachment":[{"href":"https:\/\/fadeu.urantiacos.cl\/en\/wp-json\/wp\/v2\/media?parent=6772"}],"wp:term":[{"taxonomy":"category","embeddable":true,"href":"https:\/\/fadeu.urantiacos.cl\/en\/wp-json\/wp\/v2\/categories?post=6772"},{"taxonomy":"post_tag","embeddable":true,"href":"https:\/\/fadeu.urantiacos.cl\/en\/wp-json\/wp\/v2\/tags?post=6772"}],"curies":[{"name":"wp","href":"https:\/\/api.w.org\/{rel}","templated":true}]}}