{"id":6759,"date":"2021-06-27T21:34:00","date_gmt":"2021-06-28T00:34:00","guid":{"rendered":"https:\/\/fadeu.urantiacos.cl\/?p=6759"},"modified":"2023-09-07T21:36:50","modified_gmt":"2023-09-08T00:36:50","slug":"jose-rosas-participo-en-acto-conmemorativo-de-la-universidad-central-de-venezuela","status":"publish","type":"post","link":"https:\/\/fadeu.urantiacos.cl\/en\/2021\/06\/27\/jose-rosas-participo-en-acto-conmemorativo-de-la-universidad-central-de-venezuela\/","title":{"rendered":"Jos\u00e9 Rosas particip\u00f3 en acto conmemorativo de la Universidad Central de Venezuela"},"content":{"rendered":"\n<figure class=\"wp-block-image size-full\"><img decoding=\"async\" width=\"350\" height=\"250\" src=\"https:\/\/fadeu.urantiacos.cl\/wp-content\/uploads\/2023\/09\/charla_pepe_univ_venezuela.png\" alt=\"\" class=\"wp-image-6761\" srcset=\"https:\/\/fadeu.urantiacos.cl\/wp-content\/uploads\/2023\/09\/charla_pepe_univ_venezuela.png 350w, https:\/\/fadeu.urantiacos.cl\/wp-content\/uploads\/2023\/09\/charla_pepe_univ_venezuela-300x214.png 300w\" sizes=\"(max-width: 350px) 100vw, 350px\" \/><\/figure>\n\n\n\n<p>El programa del ciclo se titul\u00f3 \u201cHacia los 50 a\u00f1os de la Unidad Docente Nueve\u201d e hizo una revisi\u00f3n de lo que ha significado la trayectoria del taller de proyectos desde sus or\u00edgenes hasta hoy. En ese contexto, el profesor ARQ UC Jos\u00e9 Rosas present\u00f3 la ponencia \u201cSobre las distancias. Para subir al cielo se necesita una escalera larga y otra cortita\u201d, instancia en la que reflexion\u00f3 sobre las escalas y el valor de la multiescalaridad, indagando en la relaci\u00f3n entre arquitectura y urbanismo, que ser\u00eda, para \u00e9l \u201cla perspectiva en la cual habr\u00eda que colocar los trabajos del futuro\u201d, viendo la arquitectura como \u201cun detalle en el territorio\u201d, como parte de un contexto.<\/p>\n\n\n\n<p>Sobre \u201cViernes de eventos\u201d_<br>Promovida por la comunidad de la Unidad Docente Nueve de la Facultad de Arquitectura de la Universidad Central de Venezuela y con m\u00e1s de 17 a\u00f1os de antig\u00fcedad, la iniciativa tiene como fin ofrecer un ambiente para el desarrollo de actividades culturales en favor de una formaci\u00f3n integral de los estudiantes, adem\u00e1s de constituir desde la academia, un espacio de encuentro para el debate p\u00fablico sobre temas de inter\u00e9s vinculados a la arquitectura.<\/p>\n\n\n\n<figure class=\"wp-block-embed is-type-video is-provider-youtube wp-block-embed-youtube wp-embed-aspect-16-9 wp-has-aspect-ratio\"><div class=\"wp-block-embed__wrapper\">\n<iframe loading=\"lazy\" title=\"VDE \/\/ Jos\u00e9 Rosas Vera: Sobre las distancias \/\/ 2021-I\" width=\"500\" height=\"281\" src=\"https:\/\/www.youtube.com\/embed\/Jrlygby9ECI?feature=oembed\" frameborder=\"0\" allow=\"accelerometer; autoplay; clipboard-write; encrypted-media; gyroscope; picture-in-picture; web-share\" referrerpolicy=\"strict-origin-when-cross-origin\" allowfullscreen><\/iframe>\n<\/div><\/figure>\n","protected":false},"excerpt":{"rendered":"<p>El profesor ARQ UC y jefe del Doctorado en Arquitectura y Estudios Urbanos UC fue invitado a dar una charla en los &#8220;Viernes de eventos&#8221; de la Facultad de Arquitectura y Urbanismo de la Universidad Central de Venezuela (UCV); esto en el marco de la celebraci\u00f3n de los 50 a\u00f1os de la Unidad Docente Nueve, en la que Rosas ha participado desde 1993.<\/p>\n","protected":false},"author":1,"featured_media":6761,"comment_status":"open","ping_status":"open","sticky":false,"template":"","format":"standard","meta":{"_acf_changed":false,"footnotes":""},"categories":[1],"tags":[],"class_list":["post-6759","post","type-post","status-publish","format-standard","has-post-thumbnail","hentry","category-sin-categorizar"],"acf":[],"yoast_head":"<!-- This site is optimized with the Yoast SEO plugin v27.1.1 - https:\/\/yoast.com\/product\/yoast-seo-wordpress\/ -->\n<title>Jos\u00e9 Rosas particip\u00f3 en acto conmemorativo de la Universidad Central de Venezuela - Facultad de Arquitectura, Dise\u00f1o y Estudios Urbanos<\/title>\n<meta name=\"description\" content=\"El profesor ARQ UC y jefe del Doctorado en Arquitectura y Estudios Urbanos UC fue invitado a dar una charla en los &quot;Viernes de eventos&quot; de la Facultad de Arquitectura y Urbanismo de la Universidad Central de Venezuela (UCV); esto en el marco de la celebraci\u00f3n de los 50 a\u00f1os de la Unidad Docente Nueve, en la que Rosas ha participado desde 1993.\" \/>\n<meta name=\"robots\" content=\"index, follow, max-snippet:-1, max-image-preview:large, max-video-preview:-1\" \/>\n<link rel=\"canonical\" href=\"https:\/\/fadeu.urantiacos.cl\/en\/2021\/06\/27\/jose-rosas-participo-en-acto-conmemorativo-de-la-universidad-central-de-venezuela\/\" \/>\n<meta property=\"og:locale\" content=\"en_US\" \/>\n<meta property=\"og:type\" content=\"article\" \/>\n<meta property=\"og:title\" content=\"Jos\u00e9 Rosas particip\u00f3 en acto conmemorativo de la Universidad Central de Venezuela - Facultad de Arquitectura, Dise\u00f1o y Estudios Urbanos\" \/>\n<meta property=\"og:description\" content=\"El profesor ARQ UC y jefe del Doctorado en Arquitectura y Estudios Urbanos UC fue invitado a dar una charla en los &quot;Viernes de eventos&quot; de la Facultad de Arquitectura y Urbanismo de la Universidad Central de Venezuela (UCV); esto en el marco de la celebraci\u00f3n de los 50 a\u00f1os de la Unidad Docente Nueve, en la que Rosas ha participado desde 1993.\" \/>\n<meta property=\"og:url\" content=\"https:\/\/fadeu.urantiacos.cl\/en\/2021\/06\/27\/jose-rosas-participo-en-acto-conmemorativo-de-la-universidad-central-de-venezuela\/\" \/>\n<meta property=\"og:site_name\" content=\"Facultad de Arquitectura, Dise\u00f1o y Estudios Urbanos\" \/>\n<meta property=\"article:published_time\" content=\"2021-06-28T00:34:00+00:00\" \/>\n<meta property=\"article:modified_time\" content=\"2023-09-08T00:36:50+00:00\" \/>\n<meta property=\"og:image\" content=\"https:\/\/fadeu.urantiacos.cl\/wp-content\/uploads\/2023\/09\/charla_pepe_univ_venezuela.png\" \/>\n\t<meta property=\"og:image:width\" content=\"350\" \/>\n\t<meta property=\"og:image:height\" content=\"250\" \/>\n\t<meta property=\"og:image:type\" content=\"image\/png\" \/>\n<meta name=\"author\" content=\"manadmin\" \/>\n<meta name=\"twitter:card\" content=\"summary_large_image\" \/>\n<meta name=\"twitter:label1\" content=\"Written by\" \/>\n\t<meta name=\"twitter:data1\" content=\"manadmin\" \/>\n\t<meta name=\"twitter:label2\" content=\"Est. reading time\" \/>\n\t<meta name=\"twitter:data2\" content=\"1 minute\" \/>\n<script type=\"application\/ld+json\" class=\"yoast-schema-graph\">{\"@context\":\"https:\/\/schema.org\",\"@graph\":[{\"@type\":\"Article\",\"@id\":\"https:\/\/fadeu.urantiacos.cl\/en\/2021\/06\/27\/jose-rosas-participo-en-acto-conmemorativo-de-la-universidad-central-de-venezuela\/#article\",\"isPartOf\":{\"@id\":\"https:\/\/fadeu.urantiacos.cl\/en\/2021\/06\/27\/jose-rosas-participo-en-acto-conmemorativo-de-la-universidad-central-de-venezuela\/\"},\"author\":{\"name\":\"manadmin\",\"@id\":\"https:\/\/fadeu.urantiacos.cl\/en\/#\/schema\/person\/d203e2e84b1c40275eac77b3061a19a2\"},\"headline\":\"Jos\u00e9 Rosas particip\u00f3 en acto conmemorativo de la Universidad Central de Venezuela\",\"datePublished\":\"2021-06-28T00:34:00+00:00\",\"dateModified\":\"2023-09-08T00:36:50+00:00\",\"mainEntityOfPage\":{\"@id\":\"https:\/\/fadeu.urantiacos.cl\/en\/2021\/06\/27\/jose-rosas-participo-en-acto-conmemorativo-de-la-universidad-central-de-venezuela\/\"},\"wordCount\":219,\"commentCount\":0,\"image\":{\"@id\":\"https:\/\/fadeu.urantiacos.cl\/en\/2021\/06\/27\/jose-rosas-participo-en-acto-conmemorativo-de-la-universidad-central-de-venezuela\/#primaryimage\"},\"thumbnailUrl\":\"https:\/\/fadeu.urantiacos.cl\/wp-content\/uploads\/2023\/09\/charla_pepe_univ_venezuela.png\",\"articleSection\":[\"Sin categorizar\"],\"inLanguage\":\"en-US\",\"potentialAction\":[{\"@type\":\"CommentAction\",\"name\":\"Comment\",\"target\":[\"https:\/\/fadeu.urantiacos.cl\/en\/2021\/06\/27\/jose-rosas-participo-en-acto-conmemorativo-de-la-universidad-central-de-venezuela\/#respond\"]}]},{\"@type\":\"WebPage\",\"@id\":\"https:\/\/fadeu.urantiacos.cl\/en\/2021\/06\/27\/jose-rosas-participo-en-acto-conmemorativo-de-la-universidad-central-de-venezuela\/\",\"url\":\"https:\/\/fadeu.urantiacos.cl\/en\/2021\/06\/27\/jose-rosas-participo-en-acto-conmemorativo-de-la-universidad-central-de-venezuela\/\",\"name\":\"Jos\u00e9 Rosas particip\u00f3 en acto conmemorativo de la Universidad Central de Venezuela - Facultad de Arquitectura, Dise\u00f1o y Estudios Urbanos\",\"isPartOf\":{\"@id\":\"https:\/\/fadeu.urantiacos.cl\/en\/#website\"},\"primaryImageOfPage\":{\"@id\":\"https:\/\/fadeu.urantiacos.cl\/en\/2021\/06\/27\/jose-rosas-participo-en-acto-conmemorativo-de-la-universidad-central-de-venezuela\/#primaryimage\"},\"image\":{\"@id\":\"https:\/\/fadeu.urantiacos.cl\/en\/2021\/06\/27\/jose-rosas-participo-en-acto-conmemorativo-de-la-universidad-central-de-venezuela\/#primaryimage\"},\"thumbnailUrl\":\"https:\/\/fadeu.urantiacos.cl\/wp-content\/uploads\/2023\/09\/charla_pepe_univ_venezuela.png\",\"datePublished\":\"2021-06-28T00:34:00+00:00\",\"dateModified\":\"2023-09-08T00:36:50+00:00\",\"author\":{\"@id\":\"https:\/\/fadeu.urantiacos.cl\/en\/#\/schema\/person\/d203e2e84b1c40275eac77b3061a19a2\"},\"description\":\"El profesor ARQ UC y jefe del Doctorado en Arquitectura y Estudios Urbanos UC fue invitado a dar una charla en los \\\"Viernes de eventos\\\" de la Facultad de Arquitectura y Urbanismo de la Universidad Central de Venezuela (UCV); esto en el marco de la celebraci\u00f3n de los 50 a\u00f1os de la Unidad Docente Nueve, en la que Rosas ha participado desde 1993.\",\"breadcrumb\":{\"@id\":\"https:\/\/fadeu.urantiacos.cl\/en\/2021\/06\/27\/jose-rosas-participo-en-acto-conmemorativo-de-la-universidad-central-de-venezuela\/#breadcrumb\"},\"inLanguage\":\"en-US\",\"potentialAction\":[{\"@type\":\"ReadAction\",\"target\":[\"https:\/\/fadeu.urantiacos.cl\/en\/2021\/06\/27\/jose-rosas-participo-en-acto-conmemorativo-de-la-universidad-central-de-venezuela\/\"]}]},{\"@type\":\"ImageObject\",\"inLanguage\":\"en-US\",\"@id\":\"https:\/\/fadeu.urantiacos.cl\/en\/2021\/06\/27\/jose-rosas-participo-en-acto-conmemorativo-de-la-universidad-central-de-venezuela\/#primaryimage\",\"url\":\"https:\/\/fadeu.urantiacos.cl\/wp-content\/uploads\/2023\/09\/charla_pepe_univ_venezuela.png\",\"contentUrl\":\"https:\/\/fadeu.urantiacos.cl\/wp-content\/uploads\/2023\/09\/charla_pepe_univ_venezuela.png\",\"width\":350,\"height\":250},{\"@type\":\"BreadcrumbList\",\"@id\":\"https:\/\/fadeu.urantiacos.cl\/en\/2021\/06\/27\/jose-rosas-participo-en-acto-conmemorativo-de-la-universidad-central-de-venezuela\/#breadcrumb\",\"itemListElement\":[{\"@type\":\"ListItem\",\"position\":1,\"name\":\"Portada\",\"item\":\"https:\/\/fadeu.urantiacos.cl\/en\/\"},{\"@type\":\"ListItem\",\"position\":2,\"name\":\"Jos\u00e9 Rosas particip\u00f3 en acto conmemorativo de la Universidad Central de Venezuela\"}]},{\"@type\":\"WebSite\",\"@id\":\"https:\/\/fadeu.urantiacos.cl\/en\/#website\",\"url\":\"https:\/\/fadeu.urantiacos.cl\/en\/\",\"name\":\"Facultad de Arquitectura, Dise\u00f1o y Estudios Urbanos\",\"description\":\"Campus Lo Contador\",\"potentialAction\":[{\"@type\":\"SearchAction\",\"target\":{\"@type\":\"EntryPoint\",\"urlTemplate\":\"https:\/\/fadeu.urantiacos.cl\/en\/?s={search_term_string}\"},\"query-input\":{\"@type\":\"PropertyValueSpecification\",\"valueRequired\":true,\"valueName\":\"search_term_string\"}}],\"inLanguage\":\"en-US\"},{\"@type\":\"Person\",\"@id\":\"https:\/\/fadeu.urantiacos.cl\/en\/#\/schema\/person\/d203e2e84b1c40275eac77b3061a19a2\",\"name\":\"manadmin\",\"image\":{\"@type\":\"ImageObject\",\"inLanguage\":\"en-US\",\"@id\":\"https:\/\/fadeu.urantiacos.cl\/en\/#\/schema\/person\/image\/\",\"url\":\"https:\/\/secure.gravatar.com\/avatar\/4b1d8e3303b4a9d8968ac578947d8bc80d9aea359f388cdd4aac15cadc0e8447?s=96&d=mm&r=g\",\"contentUrl\":\"https:\/\/secure.gravatar.com\/avatar\/4b1d8e3303b4a9d8968ac578947d8bc80d9aea359f388cdd4aac15cadc0e8447?s=96&d=mm&r=g\",\"caption\":\"manadmin\"},\"sameAs\":[\"https:\/\/fadeu.urantiacos.cl\"]}]}<\/script>\n<!-- \/ Yoast SEO plugin. -->","yoast_head_json":{"title":"Jos\u00e9 Rosas particip\u00f3 en acto conmemorativo de la Universidad Central de Venezuela - Facultad de Arquitectura, Dise\u00f1o y Estudios Urbanos","description":"El profesor ARQ UC y jefe del Doctorado en Arquitectura y Estudios Urbanos UC fue invitado a dar una charla en los \"Viernes de eventos\" de la Facultad de Arquitectura y Urbanismo de la Universidad Central de Venezuela (UCV); esto en el marco de la celebraci\u00f3n de los 50 a\u00f1os de la Unidad Docente Nueve, en la que Rosas ha participado desde 1993.","robots":{"index":"index","follow":"follow","max-snippet":"max-snippet:-1","max-image-preview":"max-image-preview:large","max-video-preview":"max-video-preview:-1"},"canonical":"https:\/\/fadeu.urantiacos.cl\/en\/2021\/06\/27\/jose-rosas-participo-en-acto-conmemorativo-de-la-universidad-central-de-venezuela\/","og_locale":"en_US","og_type":"article","og_title":"Jos\u00e9 Rosas particip\u00f3 en acto conmemorativo de la Universidad Central de Venezuela - Facultad de Arquitectura, Dise\u00f1o y Estudios Urbanos","og_description":"El profesor ARQ UC y jefe del Doctorado en Arquitectura y Estudios Urbanos UC fue invitado a dar una charla en los \"Viernes de eventos\" de la Facultad de Arquitectura y Urbanismo de la Universidad Central de Venezuela (UCV); esto en el marco de la celebraci\u00f3n de los 50 a\u00f1os de la Unidad Docente Nueve, en la que Rosas ha participado desde 1993.","og_url":"https:\/\/fadeu.urantiacos.cl\/en\/2021\/06\/27\/jose-rosas-participo-en-acto-conmemorativo-de-la-universidad-central-de-venezuela\/","og_site_name":"Facultad de Arquitectura, Dise\u00f1o y Estudios Urbanos","article_published_time":"2021-06-28T00:34:00+00:00","article_modified_time":"2023-09-08T00:36:50+00:00","og_image":[{"width":350,"height":250,"url":"https:\/\/fadeu.urantiacos.cl\/wp-content\/uploads\/2023\/09\/charla_pepe_univ_venezuela.png","type":"image\/png"}],"author":"manadmin","twitter_card":"summary_large_image","twitter_misc":{"Written by":"manadmin","Est. reading time":"1 minute"},"schema":{"@context":"https:\/\/schema.org","@graph":[{"@type":"Article","@id":"https:\/\/fadeu.urantiacos.cl\/en\/2021\/06\/27\/jose-rosas-participo-en-acto-conmemorativo-de-la-universidad-central-de-venezuela\/#article","isPartOf":{"@id":"https:\/\/fadeu.urantiacos.cl\/en\/2021\/06\/27\/jose-rosas-participo-en-acto-conmemorativo-de-la-universidad-central-de-venezuela\/"},"author":{"name":"manadmin","@id":"https:\/\/fadeu.urantiacos.cl\/en\/#\/schema\/person\/d203e2e84b1c40275eac77b3061a19a2"},"headline":"Jos\u00e9 Rosas particip\u00f3 en acto conmemorativo de la Universidad Central de Venezuela","datePublished":"2021-06-28T00:34:00+00:00","dateModified":"2023-09-08T00:36:50+00:00","mainEntityOfPage":{"@id":"https:\/\/fadeu.urantiacos.cl\/en\/2021\/06\/27\/jose-rosas-participo-en-acto-conmemorativo-de-la-universidad-central-de-venezuela\/"},"wordCount":219,"commentCount":0,"image":{"@id":"https:\/\/fadeu.urantiacos.cl\/en\/2021\/06\/27\/jose-rosas-participo-en-acto-conmemorativo-de-la-universidad-central-de-venezuela\/#primaryimage"},"thumbnailUrl":"https:\/\/fadeu.urantiacos.cl\/wp-content\/uploads\/2023\/09\/charla_pepe_univ_venezuela.png","articleSection":["Sin categorizar"],"inLanguage":"en-US","potentialAction":[{"@type":"CommentAction","name":"Comment","target":["https:\/\/fadeu.urantiacos.cl\/en\/2021\/06\/27\/jose-rosas-participo-en-acto-conmemorativo-de-la-universidad-central-de-venezuela\/#respond"]}]},{"@type":"WebPage","@id":"https:\/\/fadeu.urantiacos.cl\/en\/2021\/06\/27\/jose-rosas-participo-en-acto-conmemorativo-de-la-universidad-central-de-venezuela\/","url":"https:\/\/fadeu.urantiacos.cl\/en\/2021\/06\/27\/jose-rosas-participo-en-acto-conmemorativo-de-la-universidad-central-de-venezuela\/","name":"Jos\u00e9 Rosas particip\u00f3 en acto conmemorativo de la Universidad Central de Venezuela - Facultad de Arquitectura, Dise\u00f1o y Estudios Urbanos","isPartOf":{"@id":"https:\/\/fadeu.urantiacos.cl\/en\/#website"},"primaryImageOfPage":{"@id":"https:\/\/fadeu.urantiacos.cl\/en\/2021\/06\/27\/jose-rosas-participo-en-acto-conmemorativo-de-la-universidad-central-de-venezuela\/#primaryimage"},"image":{"@id":"https:\/\/fadeu.urantiacos.cl\/en\/2021\/06\/27\/jose-rosas-participo-en-acto-conmemorativo-de-la-universidad-central-de-venezuela\/#primaryimage"},"thumbnailUrl":"https:\/\/fadeu.urantiacos.cl\/wp-content\/uploads\/2023\/09\/charla_pepe_univ_venezuela.png","datePublished":"2021-06-28T00:34:00+00:00","dateModified":"2023-09-08T00:36:50+00:00","author":{"@id":"https:\/\/fadeu.urantiacos.cl\/en\/#\/schema\/person\/d203e2e84b1c40275eac77b3061a19a2"},"description":"El profesor ARQ UC y jefe del Doctorado en Arquitectura y Estudios Urbanos UC fue invitado a dar una charla en los \"Viernes de eventos\" de la Facultad de Arquitectura y Urbanismo de la Universidad Central de Venezuela (UCV); esto en el marco de la celebraci\u00f3n de los 50 a\u00f1os de la Unidad Docente Nueve, en la que Rosas ha participado desde 1993.","breadcrumb":{"@id":"https:\/\/fadeu.urantiacos.cl\/en\/2021\/06\/27\/jose-rosas-participo-en-acto-conmemorativo-de-la-universidad-central-de-venezuela\/#breadcrumb"},"inLanguage":"en-US","potentialAction":[{"@type":"ReadAction","target":["https:\/\/fadeu.urantiacos.cl\/en\/2021\/06\/27\/jose-rosas-participo-en-acto-conmemorativo-de-la-universidad-central-de-venezuela\/"]}]},{"@type":"ImageObject","inLanguage":"en-US","@id":"https:\/\/fadeu.urantiacos.cl\/en\/2021\/06\/27\/jose-rosas-participo-en-acto-conmemorativo-de-la-universidad-central-de-venezuela\/#primaryimage","url":"https:\/\/fadeu.urantiacos.cl\/wp-content\/uploads\/2023\/09\/charla_pepe_univ_venezuela.png","contentUrl":"https:\/\/fadeu.urantiacos.cl\/wp-content\/uploads\/2023\/09\/charla_pepe_univ_venezuela.png","width":350,"height":250},{"@type":"BreadcrumbList","@id":"https:\/\/fadeu.urantiacos.cl\/en\/2021\/06\/27\/jose-rosas-participo-en-acto-conmemorativo-de-la-universidad-central-de-venezuela\/#breadcrumb","itemListElement":[{"@type":"ListItem","position":1,"name":"Portada","item":"https:\/\/fadeu.urantiacos.cl\/en\/"},{"@type":"ListItem","position":2,"name":"Jos\u00e9 Rosas particip\u00f3 en acto conmemorativo de la Universidad Central de Venezuela"}]},{"@type":"WebSite","@id":"https:\/\/fadeu.urantiacos.cl\/en\/#website","url":"https:\/\/fadeu.urantiacos.cl\/en\/","name":"Facultad de Arquitectura, Dise\u00f1o y Estudios Urbanos","description":"Campus Lo Contador","potentialAction":[{"@type":"SearchAction","target":{"@type":"EntryPoint","urlTemplate":"https:\/\/fadeu.urantiacos.cl\/en\/?s={search_term_string}"},"query-input":{"@type":"PropertyValueSpecification","valueRequired":true,"valueName":"search_term_string"}}],"inLanguage":"en-US"},{"@type":"Person","@id":"https:\/\/fadeu.urantiacos.cl\/en\/#\/schema\/person\/d203e2e84b1c40275eac77b3061a19a2","name":"manadmin","image":{"@type":"ImageObject","inLanguage":"en-US","@id":"https:\/\/fadeu.urantiacos.cl\/en\/#\/schema\/person\/image\/","url":"https:\/\/secure.gravatar.com\/avatar\/4b1d8e3303b4a9d8968ac578947d8bc80d9aea359f388cdd4aac15cadc0e8447?s=96&d=mm&r=g","contentUrl":"https:\/\/secure.gravatar.com\/avatar\/4b1d8e3303b4a9d8968ac578947d8bc80d9aea359f388cdd4aac15cadc0e8447?s=96&d=mm&r=g","caption":"manadmin"},"sameAs":["https:\/\/fadeu.urantiacos.cl"]}]}},"_links":{"self":[{"href":"https:\/\/fadeu.urantiacos.cl\/en\/wp-json\/wp\/v2\/posts\/6759","targetHints":{"allow":["GET"]}}],"collection":[{"href":"https:\/\/fadeu.urantiacos.cl\/en\/wp-json\/wp\/v2\/posts"}],"about":[{"href":"https:\/\/fadeu.urantiacos.cl\/en\/wp-json\/wp\/v2\/types\/post"}],"author":[{"embeddable":true,"href":"https:\/\/fadeu.urantiacos.cl\/en\/wp-json\/wp\/v2\/users\/1"}],"replies":[{"embeddable":true,"href":"https:\/\/fadeu.urantiacos.cl\/en\/wp-json\/wp\/v2\/comments?post=6759"}],"version-history":[{"count":1,"href":"https:\/\/fadeu.urantiacos.cl\/en\/wp-json\/wp\/v2\/posts\/6759\/revisions"}],"predecessor-version":[{"id":6762,"href":"https:\/\/fadeu.urantiacos.cl\/en\/wp-json\/wp\/v2\/posts\/6759\/revisions\/6762"}],"wp:featuredmedia":[{"embeddable":true,"href":"https:\/\/fadeu.urantiacos.cl\/en\/wp-json\/wp\/v2\/media\/6761"}],"wp:attachment":[{"href":"https:\/\/fadeu.urantiacos.cl\/en\/wp-json\/wp\/v2\/media?parent=6759"}],"wp:term":[{"taxonomy":"category","embeddable":true,"href":"https:\/\/fadeu.urantiacos.cl\/en\/wp-json\/wp\/v2\/categories?post=6759"},{"taxonomy":"post_tag","embeddable":true,"href":"https:\/\/fadeu.urantiacos.cl\/en\/wp-json\/wp\/v2\/tags?post=6759"}],"curies":[{"name":"wp","href":"https:\/\/api.w.org\/{rel}","templated":true}]}}